{"id":698,"date":"2013-09-13T00:02:21","date_gmt":"2013-09-12T21:02:21","guid":{"rendered":"http:\/\/www.rukajarvensuunnanhistoriayhdistys.fi\/rukajarvikeskus\/?p=698"},"modified":"2013-09-26T20:48:37","modified_gmt":"2013-09-26T17:48:37","slug":"tuoreet-terveiset-joen-kenttavartiosta","status":"publish","type":"post","link":"http:\/\/www.rukajarvensuunnanhistoriayhdistys.fi\/rukajarvikeskus\/matkakertomukset\/tuoreet-terveiset-joen-kenttavartiosta\/","title":{"rendered":"Tuoreet terveiset Joen kentt\u00e4vartiosta"},"content":{"rendered":"<div class=\"fcbkbttn_buttons_block\" id=\"fcbkbttn_left\"><div class=\"fcbkbttn_like \"><fb:like href=\"http:\/\/www.rukajarvensuunnanhistoriayhdistys.fi\/rukajarvikeskus\/matkakertomukset\/tuoreet-terveiset-joen-kenttavartiosta\/\" action=\"like\" colorscheme=\"light\" layout=\"button_count\"  size=\"small\"><\/fb:like><\/div><\/div><h2>Matka Joen kentt\u00e4vartioon 13.9.2013<\/h2>\n<p>Retki Joen kentt\u00e4vartioon haluttiin tehd\u00e4 juuri tarkalleen 70 vuotta siit\u00e4, kun t\u00e4ll\u00e4 paikalla olivat p\u00e4\u00e4ttyneet ankarat 8 tuntia kest\u00e4neet taistelut. Suomalainen 6.\/JR 10 27 &#8211;\u00a0 28-miehinen joukkue vastaan vihollisen pataljoona, jonka lis\u00e4ksi vihollisella oli tukikohdan ymp\u00e4rist\u00f6ss\u00e4 arviolta yhteens\u00e4 jopa yli\u00a01.000 miest\u00e4. Ylivoimainen teht\u00e4v\u00e4, mutta siit\u00e4kin selvittiin.<\/p>\n<figure id=\"attachment_724\" aria-describedby=\"caption-attachment-724\" style=\"width: 644px\" class=\"wp-caption alignnone\"><a href=\"http:\/\/www.rukajarvensuunnanhistoriayhdistys.fi\/rukajarvikeskus\/wp-content\/uploads\/2013\/09\/DSCN0938-Joki-kv.jpg\"><img loading=\"lazy\" decoding=\"async\" class=\"size-large wp-image-724\" alt=\"Kuvassa vasemmalta oikealle, Reijo Kortelainen, V\u00e4in\u00f6 V\u00e4\u00e4n\u00e4nen, Ellen Korhonen, Veli Korhonen, Juha Karhinen, Viljo Ovaskainen, Uuno Oinonen, Hannu Laamanen, Pentti Oinonen, Markku Simanainen, Veikko Juntunen, Risto Pulkkinen ja Raimo Oinonen.\" src=\"http:\/\/www.rukajarvensuunnanhistoriayhdistys.fi\/rukajarvikeskus\/wp-content\/uploads\/2013\/09\/DSCN0938-Joki-kv-1024x768.jpg\" width=\"644\" height=\"483\" srcset=\"http:\/\/www.rukajarvensuunnanhistoriayhdistys.fi\/rukajarvikeskus\/wp-content\/uploads\/2013\/09\/DSCN0938-Joki-kv-1024x768.jpg 1024w, http:\/\/www.rukajarvensuunnanhistoriayhdistys.fi\/rukajarvikeskus\/wp-content\/uploads\/2013\/09\/DSCN0938-Joki-kv-300x225.jpg 300w\" sizes=\"auto, (max-width: 644px) 100vw, 644px\" \/><\/a><figcaption id=\"caption-attachment-724\" class=\"wp-caption-text\">Kuvassa vasemmalta oikealle, Reijo Kortelainen, V\u00e4in\u00f6 V\u00e4\u00e4n\u00e4nen, Ellen Korhonen, Veli Korhonen, Juha Karhinen, Viljo Ovaskainen, Uuno Oinonen, Hannu Laamanen, Pentti Oinonen, Markku Simanainen, Veikko Juntunen, Risto Pulkkinen ja Raimo Oinonen.<\/figcaption><\/figure>\n<p>13.9.2013 klo 09:47 Lieksan Rajakillan ryhm\u00e4 kentt\u00e4vartio Joessa, jokseenkin tasan 70-vuotta my\u00f6hemmin, kun ven\u00e4l\u00e4iset alkoivat vet\u00e4ytym\u00e4\u00e4n kentt\u00e4vartion piirityksest\u00e4 noin klo 10 aikoihin 13.9.1943.<\/p>\n<figure id=\"attachment_699\" aria-describedby=\"caption-attachment-699\" style=\"width: 644px\" class=\"wp-caption alignnone\"><a href=\"http:\/\/www.rukajarvensuunnanhistoriayhdistys.fi\/rukajarvikeskus\/wp-content\/uploads\/2013\/09\/DSC00956-Joen-tukikohta1.jpg\"><img loading=\"lazy\" decoding=\"async\" class=\"size-large wp-image-699\" alt=\"Matkalaiset palaamassa veden ymp\u00e4r\u00f6im\u00e4st\u00e4 KV-joesta.\" src=\"http:\/\/www.rukajarvensuunnanhistoriayhdistys.fi\/rukajarvikeskus\/wp-content\/uploads\/2013\/09\/DSC00956-Joen-tukikohta1-1024x681.jpg\" width=\"644\" height=\"428\" srcset=\"http:\/\/www.rukajarvensuunnanhistoriayhdistys.fi\/rukajarvikeskus\/wp-content\/uploads\/2013\/09\/DSC00956-Joen-tukikohta1-1024x681.jpg 1024w, http:\/\/www.rukajarvensuunnanhistoriayhdistys.fi\/rukajarvikeskus\/wp-content\/uploads\/2013\/09\/DSC00956-Joen-tukikohta1-300x199.jpg 300w\" sizes=\"auto, (max-width: 644px) 100vw, 644px\" \/><\/a><figcaption id=\"caption-attachment-699\" class=\"wp-caption-text\">Joen kentt\u00e4vartio luoteen suunnasta. Matkalaiset palaamassa veden ymp\u00e4r\u00f6im\u00e4st\u00e4 kentt\u00e4vartiosta.<\/figcaption><\/figure>\n<p>Historiayhdistyksen Joen taisteluista kokoama materiaali on kokonaisuudessaan valokuvineen n\u00e4ht\u00e4viss\u00e4 Rukaj\u00e4rvikeskuksessa.<\/p>\n","protected":false},"excerpt":{"rendered":"<p>Matka Joen kentt\u00e4vartioon 13.9.2013 Retki Joen kentt\u00e4vartioon haluttiin tehd\u00e4 juuri tarkalleen 70 vuotta siit\u00e4, kun t\u00e4ll\u00e4 paikalla olivat p\u00e4\u00e4ttyneet ankarat 8 tuntia kest\u00e4neet taistelut. Suomalainen 6.\/JR 10 27 &#8211;\u00a0 28-miehinen <a class=\"more-link\" href=\"http:\/\/www.rukajarvensuunnanhistoriayhdistys.fi\/rukajarvikeskus\/matkakertomukset\/tuoreet-terveiset-joen-kenttavartiosta\/\">Lue lis\u00e4\u00e4&#8230;<span class=\"screen-reader-text\">Tuoreet terveiset Joen kentt\u00e4vartiosta<\/span><span class=\"meta-nav\">\u2192<\/span><\/a><\/p>\n","protected":false},"author":4,"featured_media":0,"comment_status":"closed","ping_status":"open","sticky":false,"template":"","format":"standard","meta":{"ngg_post_thumbnail":0,"_jetpack_newsletter_access":"","_jetpack_dont_email_post_to_subs":false,"_jetpack_newsletter_tier_id":0,"_jetpack_memberships_contains_paywalled_content":false,"_jetpack_memberships_contains_paid_content":false,"footnotes":""},"categories":[25],"tags":[],"class_list":["post-698","post","type-post","status-publish","format-standard","hentry","category-matkakertomukset"],"jetpack_featured_media_url":"","jetpack_sharing_enabled":true,"jetpack_shortlink":"https:\/\/wp.me\/p72N2f-bg","_links":{"self":[{"href":"http:\/\/www.rukajarvensuunnanhistoriayhdistys.fi\/rukajarvikeskus\/wp-json\/wp\/v2\/posts\/698","targetHints":{"allow":["GET"]}}],"collection":[{"href":"http:\/\/www.rukajarvensuunnanhistoriayhdistys.fi\/rukajarvikeskus\/wp-json\/wp\/v2\/posts"}],"about":[{"href":"http:\/\/www.rukajarvensuunnanhistoriayhdistys.fi\/rukajarvikeskus\/wp-json\/wp\/v2\/types\/post"}],"author":[{"embeddable":true,"href":"http:\/\/www.rukajarvensuunnanhistoriayhdistys.fi\/rukajarvikeskus\/wp-json\/wp\/v2\/users\/4"}],"replies":[{"embeddable":true,"href":"http:\/\/www.rukajarvensuunnanhistoriayhdistys.fi\/rukajarvikeskus\/wp-json\/wp\/v2\/comments?post=698"}],"version-history":[{"count":6,"href":"http:\/\/www.rukajarvensuunnanhistoriayhdistys.fi\/rukajarvikeskus\/wp-json\/wp\/v2\/posts\/698\/revisions"}],"predecessor-version":[{"id":725,"href":"http:\/\/www.rukajarvensuunnanhistoriayhdistys.fi\/rukajarvikeskus\/wp-json\/wp\/v2\/posts\/698\/revisions\/725"}],"wp:attachment":[{"href":"http:\/\/www.rukajarvensuunnanhistoriayhdistys.fi\/rukajarvikeskus\/wp-json\/wp\/v2\/media?parent=698"}],"wp:term":[{"taxonomy":"category","embeddable":true,"href":"http:\/\/www.rukajarvensuunnanhistoriayhdistys.fi\/rukajarvikeskus\/wp-json\/wp\/v2\/categories?post=698"},{"taxonomy":"post_tag","embeddable":true,"href":"http:\/\/www.rukajarvensuunnanhistoriayhdistys.fi\/rukajarvikeskus\/wp-json\/wp\/v2\/tags?post=698"}],"curies":[{"name":"wp","href":"https:\/\/api.w.org\/{rel}","templated":true}]}}