{"id":8791,"date":"2020-02-23T18:10:46","date_gmt":"2020-02-23T15:10:46","guid":{"rendered":"http:\/\/www.rukajarvensuunnanhistoriayhdistys.fi\/rukajarvikeskus\/?p=8791"},"modified":"2020-02-23T18:10:54","modified_gmt":"2020-02-23T15:10:54","slug":"kutsu-yhdistyksen-vuosikokoukseen-ja-perttulin-jotos-seminaariin","status":"publish","type":"post","link":"http:\/\/www.rukajarvensuunnanhistoriayhdistys.fi\/rukajarvikeskus\/ajankohtaista\/kutsu-yhdistyksen-vuosikokoukseen-ja-perttulin-jotos-seminaariin\/","title":{"rendered":"KUTSU YHDISTYKSEN VUOSIKOKOUKSEEN JA PERTTULIN JOTOS SEMINAARIIN"},"content":{"rendered":"<div class=\"fcbkbttn_buttons_block\" id=\"fcbkbttn_left\"><div class=\"fcbkbttn_like \"><fb:like href=\"http:\/\/www.rukajarvensuunnanhistoriayhdistys.fi\/rukajarvikeskus\/ajankohtaista\/kutsu-yhdistyksen-vuosikokoukseen-ja-perttulin-jotos-seminaariin\/\" action=\"like\" colorscheme=\"light\" layout=\"button_count\"  size=\"small\"><\/fb:like><\/div><\/div>\n<p>J\u00e4lleen on aika kokoontua vuosittain\npidett\u00e4v\u00e4\u00e4n <strong>Perttulin Jotos <\/strong>seminaariin.\nSeminaari pidet\u00e4\u00e4n <strong>14.3.2019 klo 12.00 &#8211;\n14.00.<\/strong> Paikkana Iisalmen Rukaj\u00e4rvi-keskus os. Savonkatu 24, 74100 Iisalmi. P\u00e4\u00e4sylippu\n10 euroa sis\u00e4lt\u00e4\u00e4 kahvitarjoilun. <\/p>\n\n\n\n<p>Perttulin Jotos seminaarin alussa on\nmahdollisuus perinneruokailuun. Tarjolla on Rukaj\u00e4rvi-keittolounas klo 11.00\n-12.00.&nbsp; Rukaj\u00e4rvi-keittolounaan hinta on\n15\u20ac\/hl\u00f6. &nbsp;Ennakkoilmoittautuminen\nruokailuun 11.3.2019 menness\u00e4 Hotelli Iisalmen Seurahuoneelle, puh 044 \u2013 0207701\ntai s\u00e4hk\u00f6posti <a href=\"mailto:seurahuone@haapaniemenmatkailu.fi\">seurahuone@haapaniemenmatkailu.fi<\/a>.\nErityisruokavaliot huomioidaan erillisannoksin, joten pyyd\u00e4mme ilmoittamaan mahdolliset\nerityisruokavaliot ennakkoon. <\/p>\n\n\n\n<p>Ohjelmassa on <\/p>\n\n\n\n<ul class=\"wp-block-list\"><li>Seminaarin avaus, Seppo R\u00e4ih\u00e4 RSHY ry:n\npuheenjohtaja<\/li><li>Veteraanin Tauno Tikkasen (s. 10.3.1916 \u2013\n9.2.2020) muistohetki <\/li><li>Tenho Tikkasen esitelm\u00e4 P. Perttulista<\/li><li>Jouko Pennasen esitelm\u00e4 Iisalmi talvisodassa <\/li><li>Jaakko Hynysen kommenttipuheenvuoro<\/li><\/ul>\n\n\n\n<p>Kahvitarjoilu<\/p>\n\n\n\n<p><strong>Yhdistyksen\nvuosikokous<\/strong> on seminaarin j\u00e4lkeen alkaen <strong>klo 14.00.<\/strong> <\/p>\n\n\n\n<p>Vuosikokouksen esityslista:<\/p>\n\n\n\n<ol class=\"wp-block-list\"><li>Kokouksen avaus<\/li><li>Todetaan kokouksen osanottajat, laillisuus ja\np\u00e4\u00e4t\u00f6svaltaisuus<\/li><li>Valitaan kokoukselle puheenjohtaja ja sihteeri<\/li><li>Valitaan kaksi p\u00f6yt\u00e4kirjan tarkastajaa ja kaksi\nvaltakirjojen tarkastajaa, jotka samalla toimivat \u00e4\u00e4ntenlaskijoina<\/li><li>Tarkastetaan valtakirjat ja todetaan \u00e4\u00e4nim\u00e4\u00e4r\u00e4t\nja \u00e4\u00e4nioikeus<\/li><li>Esitet\u00e4\u00e4n p\u00e4\u00e4ttyneen toimintakauden kertomus,\ntilit ja tilintarkastajien lausunto sek\u00e4 vahvistetaan tilinp\u00e4\u00e4t\u00f6s<\/li><li>P\u00e4\u00e4tet\u00e4\u00e4n vastuuvapauden my\u00f6nt\u00e4misest\u00e4\nhallitukselle ja muille tilivelvollisille tai p\u00e4\u00e4tet\u00e4\u00e4n toimenpiteist\u00e4, joihin\np\u00e4\u00e4ttyneen toimintakauden hallinto ja siit\u00e4 tehty tilintarkastajain lausunto\nantavat aihetta.<\/li><li>P\u00e4\u00e4tet\u00e4\u00e4n meneill\u00e4\u00e4n olevalle toimintakaudelle\neri j\u00e4senryhmien j\u00e4senmaksujen suuruuksista ja maksutavasta<\/li><li>Vahvistetaan meneill\u00e4\u00e4n olevan toimintakauden\ntoimintasuunnitelma ja talousarvioehdotus.<\/li><li>Valitaan puheenjohtaja sek\u00e4 muut j\u00e4senet\nerovuoroisten tilalle<\/li><li>Valitaan kokousp\u00e4\u00e4t\u00f6ksen mukaisesti yksi tai\nkaksi toiminnantarkastaja ja yksi tai kaksi varatoiminnantarkastajaa.<\/li><li>K\u00e4sitell\u00e4\u00e4n muut kokoukselle esitetyt asiat<\/li><li>Ty\u00f6valiokunnan asettamisesta j\u00e4senm\u00e4\u00e4rineen ja\nvalitaan sille kokoonkutsuja<\/li><li>Kokouksen p\u00e4\u00e4tt\u00e4minen<\/li><\/ol>\n\n\n\n<p>Yhdistyksen hallitus<\/p>\n\n\n\n<p>Tervetuloa<\/p>\n","protected":false},"excerpt":{"rendered":"<p>J\u00e4lleen on aika kokoontua vuosittain pidett\u00e4v\u00e4\u00e4n Perttulin Jotos seminaariin. Seminaari pidet\u00e4\u00e4n 14.3.2019 klo 12.00 &#8211; 14.00. Paikkana Iisalmen Rukaj\u00e4rvi-keskus os. Savonkatu 24, 74100 Iisalmi. P\u00e4\u00e4sylippu 10 euroa sis\u00e4lt\u00e4\u00e4 kahvitarjoilun. Perttulin <a class=\"more-link\" href=\"http:\/\/www.rukajarvensuunnanhistoriayhdistys.fi\/rukajarvikeskus\/ajankohtaista\/kutsu-yhdistyksen-vuosikokoukseen-ja-perttulin-jotos-seminaariin\/\">Lue lis\u00e4\u00e4&#8230;<span class=\"screen-reader-text\">KUTSU YHDISTYKSEN VUOSIKOKOUKSEEN JA PERTTULIN JOTOS SEMINAARIIN<\/span><span class=\"meta-nav\">\u2192<\/span><\/a><\/p>\n","protected":false},"author":4,"featured_media":0,"comment_status":"closed","ping_status":"open","sticky":false,"template":"","format":"standard","meta":{"ngg_post_thumbnail":0,"_jetpack_newsletter_access":"","_jetpack_dont_email_post_to_subs":false,"_jetpack_newsletter_tier_id":0,"_jetpack_memberships_contains_paywalled_content":false,"_jetpack_memberships_contains_paid_content":false,"footnotes":""},"categories":[26],"tags":[],"class_list":["post-8791","post","type-post","status-publish","format-standard","hentry","category-ajankohtaista"],"jetpack_featured_media_url":"","jetpack_sharing_enabled":true,"jetpack_shortlink":"https:\/\/wp.me\/p72N2f-2hN","_links":{"self":[{"href":"http:\/\/www.rukajarvensuunnanhistoriayhdistys.fi\/rukajarvikeskus\/wp-json\/wp\/v2\/posts\/8791","targetHints":{"allow":["GET"]}}],"collection":[{"href":"http:\/\/www.rukajarvensuunnanhistoriayhdistys.fi\/rukajarvikeskus\/wp-json\/wp\/v2\/posts"}],"about":[{"href":"http:\/\/www.rukajarvensuunnanhistoriayhdistys.fi\/rukajarvikeskus\/wp-json\/wp\/v2\/types\/post"}],"author":[{"embeddable":true,"href":"http:\/\/www.rukajarvensuunnanhistoriayhdistys.fi\/rukajarvikeskus\/wp-json\/wp\/v2\/users\/4"}],"replies":[{"embeddable":true,"href":"http:\/\/www.rukajarvensuunnanhistoriayhdistys.fi\/rukajarvikeskus\/wp-json\/wp\/v2\/comments?post=8791"}],"version-history":[{"count":1,"href":"http:\/\/www.rukajarvensuunnanhistoriayhdistys.fi\/rukajarvikeskus\/wp-json\/wp\/v2\/posts\/8791\/revisions"}],"predecessor-version":[{"id":8792,"href":"http:\/\/www.rukajarvensuunnanhistoriayhdistys.fi\/rukajarvikeskus\/wp-json\/wp\/v2\/posts\/8791\/revisions\/8792"}],"wp:attachment":[{"href":"http:\/\/www.rukajarvensuunnanhistoriayhdistys.fi\/rukajarvikeskus\/wp-json\/wp\/v2\/media?parent=8791"}],"wp:term":[{"taxonomy":"category","embeddable":true,"href":"http:\/\/www.rukajarvensuunnanhistoriayhdistys.fi\/rukajarvikeskus\/wp-json\/wp\/v2\/categories?post=8791"},{"taxonomy":"post_tag","embeddable":true,"href":"http:\/\/www.rukajarvensuunnanhistoriayhdistys.fi\/rukajarvikeskus\/wp-json\/wp\/v2\/tags?post=8791"}],"curies":[{"name":"wp","href":"https:\/\/api.w.org\/{rel}","templated":true}]}}