{"id":9551,"date":"2020-03-26T21:25:31","date_gmt":"2020-03-26T18:25:31","guid":{"rendered":"http:\/\/www.rukajarvensuunnanhistoriayhdistys.fi\/rukajarvikeskus\/?p=9551"},"modified":"2020-03-26T21:25:35","modified_gmt":"2020-03-26T18:25:35","slug":"iisalmen-rukajarvi-keskus-on-suljettu-koronakaranteenin-ajaksi","status":"publish","type":"post","link":"http:\/\/www.rukajarvensuunnanhistoriayhdistys.fi\/rukajarvikeskus\/ajankohtaista\/iisalmen-rukajarvi-keskus-on-suljettu-koronakaranteenin-ajaksi\/","title":{"rendered":"Iisalmen Rukaj\u00e4rvi-keskus on suljettu koronakaranteenin ajaksi."},"content":{"rendered":"<div class=\"fcbkbttn_buttons_block\" id=\"fcbkbttn_left\"><div class=\"fcbkbttn_like \"><fb:like href=\"http:\/\/www.rukajarvensuunnanhistoriayhdistys.fi\/rukajarvikeskus\/ajankohtaista\/iisalmen-rukajarvi-keskus-on-suljettu-koronakaranteenin-ajaksi\/\" action=\"like\" colorscheme=\"light\" layout=\"button_count\"  size=\"small\"><\/fb:like><\/div><\/div>\n<p>Rukaj\u00e4rven suunnan historiayhdistys ry on p\u00e4\u00e4tt\u00e4nyt sulkea Iisalmen Rukaj\u00e4rvi-keskuksen koronakaranteenin ajaksi. P\u00e4\u00e4t\u00f6s on tehty yhdess\u00e4 Hotelli Seurahuoneen kanssa.<\/p>\n\n\n\n<figure class=\"wp-block-image size-large\"><img loading=\"lazy\" decoding=\"async\" width=\"1024\" height=\"681\" src=\"http:\/\/www.rukajarvensuunnanhistoriayhdistys.fi\/rukajarvikeskus\/wp-content\/uploads\/2014\/03\/DSC07851-1024x681.jpg\" alt=\"\" class=\"wp-image-1169\" srcset=\"http:\/\/www.rukajarvensuunnanhistoriayhdistys.fi\/rukajarvikeskus\/wp-content\/uploads\/2014\/03\/DSC07851-1024x681.jpg 1024w, http:\/\/www.rukajarvensuunnanhistoriayhdistys.fi\/rukajarvikeskus\/wp-content\/uploads\/2014\/03\/DSC07851-300x199.jpg 300w\" sizes=\"auto, (max-width: 1024px) 100vw, 1024px\" \/><figcaption>Rukaj\u00e4rvi keskuksen Iisalmen toimipisteen kadunpuoleinen julkisivu.<\/figcaption><\/figure>\n\n\n\n<p>Keskuksen avaamisesta kerrotaan heti kun viranomaiset ovat\npurkaneet koronakaranteenin ja kokoontumisrajoitukset.<\/p>\n\n\n\n<p>Hotelli Iisalmen Seurahuone on edelleen avoinna ja sen\ntoiminnasta saatte lis\u00e4tietoa, puh. puh.\n+358 44 020 7701 sek\u00e4 nettisivulta: <a href=\"https:\/\/www.iisalmenseurahuone.fi\/\">https:\/\/www.iisalmenseurahuone.fi\/<\/a><\/p>\n","protected":false},"excerpt":{"rendered":"<p>Rukaj\u00e4rven suunnan historiayhdistys ry on p\u00e4\u00e4tt\u00e4nyt sulkea Iisalmen Rukaj\u00e4rvi-keskuksen koronakaranteenin ajaksi. P\u00e4\u00e4t\u00f6s on tehty yhdess\u00e4 Hotelli Seurahuoneen kanssa. Keskuksen avaamisesta kerrotaan heti kun viranomaiset ovat purkaneet koronakaranteenin ja kokoontumisrajoitukset. Hotelli <a class=\"more-link\" href=\"http:\/\/www.rukajarvensuunnanhistoriayhdistys.fi\/rukajarvikeskus\/ajankohtaista\/iisalmen-rukajarvi-keskus-on-suljettu-koronakaranteenin-ajaksi\/\">Lue lis\u00e4\u00e4&#8230;<span class=\"screen-reader-text\">Iisalmen Rukaj\u00e4rvi-keskus on suljettu koronakaranteenin ajaksi.<\/span><span class=\"meta-nav\">\u2192<\/span><\/a><\/p>\n","protected":false},"author":4,"featured_media":0,"comment_status":"closed","ping_status":"open","sticky":false,"template":"","format":"standard","meta":{"ngg_post_thumbnail":0,"_jetpack_newsletter_access":"","_jetpack_dont_email_post_to_subs":false,"_jetpack_newsletter_tier_id":0,"_jetpack_memberships_contains_paywalled_content":false,"_jetpack_memberships_contains_paid_content":false,"footnotes":""},"categories":[26,32],"tags":[],"class_list":["post-9551","post","type-post","status-publish","format-standard","hentry","category-ajankohtaista","category-historiayhdistys"],"jetpack_featured_media_url":"","jetpack_sharing_enabled":true,"jetpack_shortlink":"https:\/\/wp.me\/p72N2f-2u3","_links":{"self":[{"href":"http:\/\/www.rukajarvensuunnanhistoriayhdistys.fi\/rukajarvikeskus\/wp-json\/wp\/v2\/posts\/9551","targetHints":{"allow":["GET"]}}],"collection":[{"href":"http:\/\/www.rukajarvensuunnanhistoriayhdistys.fi\/rukajarvikeskus\/wp-json\/wp\/v2\/posts"}],"about":[{"href":"http:\/\/www.rukajarvensuunnanhistoriayhdistys.fi\/rukajarvikeskus\/wp-json\/wp\/v2\/types\/post"}],"author":[{"embeddable":true,"href":"http:\/\/www.rukajarvensuunnanhistoriayhdistys.fi\/rukajarvikeskus\/wp-json\/wp\/v2\/users\/4"}],"replies":[{"embeddable":true,"href":"http:\/\/www.rukajarvensuunnanhistoriayhdistys.fi\/rukajarvikeskus\/wp-json\/wp\/v2\/comments?post=9551"}],"version-history":[{"count":1,"href":"http:\/\/www.rukajarvensuunnanhistoriayhdistys.fi\/rukajarvikeskus\/wp-json\/wp\/v2\/posts\/9551\/revisions"}],"predecessor-version":[{"id":9552,"href":"http:\/\/www.rukajarvensuunnanhistoriayhdistys.fi\/rukajarvikeskus\/wp-json\/wp\/v2\/posts\/9551\/revisions\/9552"}],"wp:attachment":[{"href":"http:\/\/www.rukajarvensuunnanhistoriayhdistys.fi\/rukajarvikeskus\/wp-json\/wp\/v2\/media?parent=9551"}],"wp:term":[{"taxonomy":"category","embeddable":true,"href":"http:\/\/www.rukajarvensuunnanhistoriayhdistys.fi\/rukajarvikeskus\/wp-json\/wp\/v2\/categories?post=9551"},{"taxonomy":"post_tag","embeddable":true,"href":"http:\/\/www.rukajarvensuunnanhistoriayhdistys.fi\/rukajarvikeskus\/wp-json\/wp\/v2\/tags?post=9551"}],"curies":[{"name":"wp","href":"https:\/\/api.w.org\/{rel}","templated":true}]}}