{"id":10478,"date":"2016-03-15T01:14:33","date_gmt":"2016-03-14T23:14:33","guid":{"rendered":"http:\/\/www.rukajarvensuunnanhistoriayhdistys.fi\/historiayhdistys\/?p=10478"},"modified":"2023-11-14T20:13:19","modified_gmt":"2023-11-14T18:13:19","slug":"puheenjohtaja-tenho-tikkanen-paivansankarille-esimerkin-voima-pentti-perttulin-vahvuus","status":"publish","type":"post","link":"https:\/\/www.rukajarvensuunnanhistoriayhdistys.fi\/historiayhdistys\/puheenjohtaja-tenho-tikkanen-paivansankarille-esimerkin-voima-pentti-perttulin-vahvuus\/","title":{"rendered":"Puheenjohtaja Tenho Tikkanen p\u00e4iv\u00e4nsankarille: &#8221;Esimerkin voima on ollut Pentti Perttulin vahvuus&#8221;"},"content":{"rendered":"<div class=\"fcbkbttn_buttons_block\" id=\"fcbkbttn_left\"><div class=\"fcbkbttn_like \"><fb:like href=\"https:\/\/www.rukajarvensuunnanhistoriayhdistys.fi\/historiayhdistys\/puheenjohtaja-tenho-tikkanen-paivansankarille-esimerkin-voima-pentti-perttulin-vahvuus\/\" action=\"like\" colorscheme=\"light\" layout=\"button_count\"  size=\"small\"><\/fb:like><\/div><\/div><p>Ote Puheenjohtaja Tenho Tikkasen puheesta Pentti Perttulin 100-vuotisjuhlatilaisuudessa:<\/p>\n<figure id=\"attachment_10479\" aria-describedby=\"caption-attachment-10479\" style=\"width: 2597px\" class=\"wp-caption alignnone\"><a href=\"http:\/\/www.rukajarvensuunnanhistoriayhdistys.fi\/historiayhdistys\/wp-content\/uploads\/2016\/03\/A-POP-100-vuotta-Pentti-Perttuli-13-3-2016.jpg\" rel=\"attachment wp-att-10479\"><img loading=\"lazy\" decoding=\"async\" class=\"wp-image-10479 size-full\" src=\"http:\/\/www.rukajarvensuunnanhistoriayhdistys.fi\/historiayhdistys\/wp-content\/uploads\/2016\/03\/A-POP-100-vuotta-Pentti-Perttuli-13-3-2016.jpg\" alt=\"Pentti Perttuli 100 vuotta 13.3.2016.\" width=\"2597\" height=\"3210\" data-id=\"10479\" srcset=\"https:\/\/www.rukajarvensuunnanhistoriayhdistys.fi\/historiayhdistys\/wp-content\/uploads\/2016\/03\/A-POP-100-vuotta-Pentti-Perttuli-13-3-2016.jpg 2597w, https:\/\/www.rukajarvensuunnanhistoriayhdistys.fi\/historiayhdistys\/wp-content\/uploads\/2016\/03\/A-POP-100-vuotta-Pentti-Perttuli-13-3-2016-243x300.jpg 243w, https:\/\/www.rukajarvensuunnanhistoriayhdistys.fi\/historiayhdistys\/wp-content\/uploads\/2016\/03\/A-POP-100-vuotta-Pentti-Perttuli-13-3-2016-768x949.jpg 768w, https:\/\/www.rukajarvensuunnanhistoriayhdistys.fi\/historiayhdistys\/wp-content\/uploads\/2016\/03\/A-POP-100-vuotta-Pentti-Perttuli-13-3-2016-828x1024.jpg 828w\" sizes=\"auto, (max-width: 2597px) 100vw, 2597px\" \/><\/a><figcaption id=\"caption-attachment-10479\" class=\"wp-caption-text\">Pentti Perttuli 100 vuotta 13.3.2016.<\/figcaption><\/figure>\n<p>Arvoisa p\u00e4iv\u00e4nsankari &#8211; hyv\u00e4t yst\u00e4v\u00e4t.<\/p>\n<p>Meill\u00e4 on ilo saapua tervehtim\u00e4\u00e4n ja onnittelemaan Rukaj\u00e4rven veteraani Pentti Perttulia h\u00e4nen 100-vuotisp\u00e4iv\u00e4n\u00e4\u00e4n.<\/p>\n<p>N\u00e4ihin elettyihin vuosiin sis\u00e4ltyy monenlaista. Monta itse koettua sotaa ja erityist\u00e4 tapahtumaa sek\u00e4 mullistavaa teknist\u00e4 kehityst\u00e4.<\/p>\n<ol>\n<li>1916 Pentti Perttuli syntyi Suomen suuriruhtinaskunnassa.<\/li>\n<li>1917 Suomi itsen\u00e4istyi<\/li>\n<li>1918 Suomessa k\u00e4ytiin vapaus- ja sis\u00e4llissota<\/li>\n<li>1930-luvun alussa koettiin pula-aika ja k\u00e4ytiin voimakasta yhteiskunnallista keskustelua mm. Lapuan liikkeen ymp\u00e4rill\u00e4<\/li>\n<li>1939 &#8211; 1945 k\u00e4ytiin\u00a0toinen maailmansota ja n\u00e4in\u00e4 vuosina keksittiin tietokone<\/li>\n<li>1952 viimeinen sotakorvausjuna ylitti maamme rajan<\/li>\n<li>1955 n\u00e4htiin maassamme ensimm\u00e4inen tv-l\u00e4hetys<\/li>\n<li>1960-luvulla suoritettiin ensimm\u00e4iset avaruuslennot<\/li>\n<li>1970-luvulla viimeisetkin siirtomaat itsen\u00e4istyiv\u00e4t Afrikassa ja t\u00e4t\u00e4 perinnety\u00f6t\u00e4 ajatellen t\u00e4rke\u00e4 C-kasetti keksittiin ja\u00a0Suomessa pidettiin ETYK-kokous<\/li>\n<li>1980-luvulla Pentti Perttuli j\u00e4i el\u00e4kkeelle ja\u00a0h\u00e4net valitaan Rukaj\u00e4rven suunnan historiikkitoimikuntaan. Berliinin muuri murtui. Kylm\u00e4 sota p\u00e4\u00e4ttyi<\/li>\n<li>1990-luvulla historiikkitoimikunta sai ty\u00f6ns\u00e4 valmiiksi.\u00a0 Antti Tuurin Rukaj\u00e4rven suunnan teokset ilmestyiv\u00e4t ja vuosikymmenen lopulla valmistui Rukaj\u00e4rven tie-elokuva<\/li>\n<li>2000-luvulla perustettiin Rukaj\u00e4rven perinneyhdistyksi\u00e4. Ensimm\u00e4isen\u00e4 Rukaj\u00e4rven suunnan (14. Divisioonan) perinneyhdistys 2004, jonka\u00a0nimenmuutoksessa 2005 Rukaj\u00e4rven suunta oli poistettu ilman Perttulin lupaa. Se ei tyydytt\u00e4nyt Pentti Perttulia, vaan perinnety\u00f6t\u00e4 tuli jatkaa nimenomaan Rukaj\u00e4rven suunnan nimen alla.<\/li>\n<\/ol>\n<p>N\u00e4in syntyi Rukaj\u00e4rven suunnan historiayhdistys, joka\u00a0perustettiin 19.9.2009 v\u00e4rikk\u00e4itten vaiheitten j\u00e4lkeen Marskin Majalla Lopella. Yhdistyksen perustavan kokouksen kutsun allekirjoitti Pentti Perttuli. Perustamisensa j\u00e4lkeen yhteinen yhdistyksemme on jatkanut Nurmeksessa valitun Rukaj\u00e4rven suunnan historiikkitoimikunnan perinneaineiston ker\u00e4ysty\u00f6t\u00e4. Olemme nimenneet Rukaj\u00e4rven tien Pentti Perttulin vuoden 2004 aloitteen mukaisesti.\u00a0Olemme perustaneet kaksi Rukaj\u00e4rvi-keskusta, ensin Lieksaan v. 2013 ja seuraavaksi Iisalmeen 13.3. 2014 Pentti Perttulin 98-vuotisp\u00e4iv\u00e4n\u00e4.<\/p>\n<p>Yhdistyksen julkaisutoiminta on mittava. Jokaisena toimintavuotena olemme julkaisseet v\u00e4hint\u00e4\u00e4n yhden teoksen.<\/p>\n<p>Esimerkin voima on ollut Pentti Perttulin vahvuus esimiehen\u00e4 niin sodassa kuin sodanj\u00e4lkeisiss\u00e4 vaativissa teht\u00e4viss\u00e4. Perttulin motto: &#8221;Vihollisen selustaan tekem\u00e4mme partiomatkan j\u00e4lkeen ei voinut katsoa miehi\u00e4 silmiin, ellei esimies asettanut itse\u00e4\u00e4n vuorollaan vaaranpaikkaan, kulkenut etummaisena.&#8221; N\u00e4in saavutettiin tavoitteet ja hyv\u00e4\u00e4 tulosta.<\/p>\n<p>Kuulemme nyt otteen Pentti Perttulin 12.3.1990 sanelusta, mik\u00e4 l\u00f6ytyy kirjoitettuna my\u00f6s t\u00e4m\u00e4n nyt luovutettavan kirjan sivuilta (<a href=\"https:\/\/youtu.be\/KsEPRyhyRdA\"><strong>T\u00c4\u00c4LT\u00c4<\/strong><\/a>).<\/p>\n<p>N\u00e4iden sanojen my\u00f6t\u00e4 toivotamme mit\u00e4 parhainta onnea 100-vuotiaalle yhdistyksemme perustajaj\u00e4senelle ja samalla luovutamme teoksen numeroidun ensimm\u00e4isen kappaleen.<\/p>\n<figure id=\"attachment_10484\" aria-describedby=\"caption-attachment-10484\" style=\"width: 4864px\" class=\"wp-caption aligncenter\"><a href=\"http:\/\/www.rukajarvensuunnanhistoriayhdistys.fi\/historiayhdistys\/wp-content\/uploads\/2016\/03\/A-POP-100-vuotta-Pentti-Perttuli-13-3-2016-POP-TT.jpg\" rel=\"attachment wp-att-10484\"><img loading=\"lazy\" decoding=\"async\" class=\"wp-image-10484 size-full\" src=\"http:\/\/www.rukajarvensuunnanhistoriayhdistys.fi\/historiayhdistys\/wp-content\/uploads\/2016\/03\/A-POP-100-vuotta-Pentti-Perttuli-13-3-2016-POP-TT.jpg\" alt=\"Raappanan ritari, Pentti Perttuli Rukaj\u00e4rven suunnan taisteluissa kirjan numeroitu ensimm\u00e4inen kappale luovutettiin 100-vuotiaalle yhdistyksen perustajaj\u00e4senelle.\" width=\"4864\" height=\"2736\" data-id=\"10484\" srcset=\"https:\/\/www.rukajarvensuunnanhistoriayhdistys.fi\/historiayhdistys\/wp-content\/uploads\/2016\/03\/A-POP-100-vuotta-Pentti-Perttuli-13-3-2016-POP-TT.jpg 4864w, https:\/\/www.rukajarvensuunnanhistoriayhdistys.fi\/historiayhdistys\/wp-content\/uploads\/2016\/03\/A-POP-100-vuotta-Pentti-Perttuli-13-3-2016-POP-TT-300x169.jpg 300w, https:\/\/www.rukajarvensuunnanhistoriayhdistys.fi\/historiayhdistys\/wp-content\/uploads\/2016\/03\/A-POP-100-vuotta-Pentti-Perttuli-13-3-2016-POP-TT-768x432.jpg 768w, https:\/\/www.rukajarvensuunnanhistoriayhdistys.fi\/historiayhdistys\/wp-content\/uploads\/2016\/03\/A-POP-100-vuotta-Pentti-Perttuli-13-3-2016-POP-TT-1024x576.jpg 1024w\" sizes=\"auto, (max-width: 4864px) 100vw, 4864px\" \/><\/a><figcaption id=\"caption-attachment-10484\" class=\"wp-caption-text\">Raappanan ritari, Pentti Perttuli Rukaj\u00e4rven suunnan taisteluissa kirjan numeroitu ensimm\u00e4inen kappale luovutettiin 100-vuotiaalle yhdistyksen perustajaj\u00e4senelle.\u00a0 Ote esipuheesta: &#8221;Rukaj\u00e4rven suunnan historiayhdistys ry toivottaa t\u00e4m\u00e4n Raappanan ritari -teoksen my\u00f6t\u00e4 onnea perustajaj\u00e4senelleen Pentti Perttulille. Teoksen nimivalinnassa olemme ottaneet huomioon Perttulin sotilaalliset ansiot rintamalla. Kirjan nimi kuvaa Pentti Perttulia ihmisen\u00e4 samoin kuin h\u00e4nen muut huomioivaa ritarillista k\u00e4yt\u00f6st\u00e4\u00e4n.&#8221;<\/figcaption><\/figure>\n<figure id=\"attachment_10480\" aria-describedby=\"caption-attachment-10480\" style=\"width: 4353px\" class=\"wp-caption aligncenter\"><a href=\"http:\/\/www.rukajarvensuunnanhistoriayhdistys.fi\/historiayhdistys\/wp-content\/uploads\/2016\/03\/A-POP-100-vuotta-Pentti-Perttuli-13-3-2016-hallitus.jpg\" rel=\"attachment wp-att-10480\"><img loading=\"lazy\" decoding=\"async\" class=\"wp-image-10480 size-full\" src=\"http:\/\/www.rukajarvensuunnanhistoriayhdistys.fi\/historiayhdistys\/wp-content\/uploads\/2016\/03\/A-POP-100-vuotta-Pentti-Perttuli-13-3-2016-hallitus.jpg\" alt=\"Rukaj\u00e4rven suunnan historiayhdistys ry:n hallitus, onnitteli perustajaj\u00e4sent\u00e4\u00e4n ja luovutti h\u00e4nelle 100-vuotisp\u00e4iv\u00e4n kunniaksi julkaistun kirjan Raappanan ritari, Pentti Perttuli Rukaj\u00e4rven suunnan taisteluissa. Pentti Perttuli ja Olavi Tiittanen, takana Jari K\u00e4rkk\u00e4inen, Tenho Tikkanen, Antero Huttunen, Tauno Oksanen, Seppo Ryh\u00e4nen ja Aila Elo.\" width=\"4353\" height=\"3080\" data-id=\"10480\" srcset=\"https:\/\/www.rukajarvensuunnanhistoriayhdistys.fi\/historiayhdistys\/wp-content\/uploads\/2016\/03\/A-POP-100-vuotta-Pentti-Perttuli-13-3-2016-hallitus.jpg 4353w, https:\/\/www.rukajarvensuunnanhistoriayhdistys.fi\/historiayhdistys\/wp-content\/uploads\/2016\/03\/A-POP-100-vuotta-Pentti-Perttuli-13-3-2016-hallitus-300x212.jpg 300w, https:\/\/www.rukajarvensuunnanhistoriayhdistys.fi\/historiayhdistys\/wp-content\/uploads\/2016\/03\/A-POP-100-vuotta-Pentti-Perttuli-13-3-2016-hallitus-768x543.jpg 768w, https:\/\/www.rukajarvensuunnanhistoriayhdistys.fi\/historiayhdistys\/wp-content\/uploads\/2016\/03\/A-POP-100-vuotta-Pentti-Perttuli-13-3-2016-hallitus-1024x725.jpg 1024w\" sizes=\"auto, (max-width: 4353px) 100vw, 4353px\" \/><\/a><figcaption id=\"caption-attachment-10480\" class=\"wp-caption-text\">Rukaj\u00e4rven suunnan historiayhdistys ry:n hallitus onnitteli perustajaj\u00e4sent\u00e4\u00e4n ja luovutti h\u00e4nelle 100-vuotisp\u00e4iv\u00e4n kunniaksi julkaistun kirjan Raappanan ritari, Pentti Perttuli Rukaj\u00e4rven suunnan taisteluissa. Kuvassa veteraaniveljet Pentti Perttuli ja Olavi Tiittanen, takana Jari K\u00e4rkk\u00e4inen, Tenho Tikkanen, Antero Huttunen, Tauno Oksanen, Seppo R\u00e4ih\u00e4 ja Aila Elo.<\/figcaption><\/figure>\n<figure id=\"attachment_10483\" aria-describedby=\"caption-attachment-10483\" style=\"width: 5472px\" class=\"wp-caption aligncenter\"><a href=\"http:\/\/www.rukajarvensuunnanhistoriayhdistys.fi\/historiayhdistys\/wp-content\/uploads\/2016\/03\/A-POP-100-vuotta-Pentti-Perttuli-13-3-2016-Perttuli-Ahtiainen.jpg\" rel=\"attachment wp-att-10483\"><img loading=\"lazy\" decoding=\"async\" class=\"wp-image-10483 size-full\" src=\"http:\/\/www.rukajarvensuunnanhistoriayhdistys.fi\/historiayhdistys\/wp-content\/uploads\/2016\/03\/A-POP-100-vuotta-Pentti-Perttuli-13-3-2016-Perttuli-Ahtiainen.jpg\" alt=\"Suomen Marsalkka Mannerheimin mets\u00e4stysmaja ry:n tervehdyksen luovutti perinnetoimikunnan puheenjohtaja Matti Ahtiainen. P\u00f6yd\u00e4ll\u00e4 raameihin kehystettyn\u00e4 Tasavallan presidentti Sauli Niinist\u00f6n onnittelus\u00e4hke.\" width=\"5472\" height=\"3080\" data-id=\"10483\" srcset=\"https:\/\/www.rukajarvensuunnanhistoriayhdistys.fi\/historiayhdistys\/wp-content\/uploads\/2016\/03\/A-POP-100-vuotta-Pentti-Perttuli-13-3-2016-Perttuli-Ahtiainen.jpg 5472w, https:\/\/www.rukajarvensuunnanhistoriayhdistys.fi\/historiayhdistys\/wp-content\/uploads\/2016\/03\/A-POP-100-vuotta-Pentti-Perttuli-13-3-2016-Perttuli-Ahtiainen-300x169.jpg 300w, https:\/\/www.rukajarvensuunnanhistoriayhdistys.fi\/historiayhdistys\/wp-content\/uploads\/2016\/03\/A-POP-100-vuotta-Pentti-Perttuli-13-3-2016-Perttuli-Ahtiainen-768x432.jpg 768w, https:\/\/www.rukajarvensuunnanhistoriayhdistys.fi\/historiayhdistys\/wp-content\/uploads\/2016\/03\/A-POP-100-vuotta-Pentti-Perttuli-13-3-2016-Perttuli-Ahtiainen-1024x576.jpg 1024w\" sizes=\"auto, (max-width: 5472px) 100vw, 5472px\" \/><\/a><figcaption id=\"caption-attachment-10483\" class=\"wp-caption-text\">Suomen Marsalkka Mannerheimin Mets\u00e4stysmaja ry:n\u00a0onnittelut toi\u00a0perinnetoimikunnan puheenjohtaja Matti Ahtiainen. P\u00f6yd\u00e4ll\u00e4 raameihin kehystettyn\u00e4 Tasavallan presidentti Sauli Niinist\u00f6n onnittelus\u00e4hke.<\/figcaption><\/figure>\n<figure id=\"attachment_10481\" aria-describedby=\"caption-attachment-10481\" style=\"width: 3467px\" class=\"wp-caption aligncenter\"><a href=\"http:\/\/www.rukajarvensuunnanhistoriayhdistys.fi\/historiayhdistys\/wp-content\/uploads\/2016\/03\/A-POP-100-vuotta-Pentti-Perttuli-13-3-2016-Palkongas-Eela.jpg\" rel=\"attachment wp-att-10481\"><img loading=\"lazy\" decoding=\"async\" class=\"wp-image-10481 size-full\" src=\"http:\/\/www.rukajarvensuunnanhistoriayhdistys.fi\/historiayhdistys\/wp-content\/uploads\/2016\/03\/A-POP-100-vuotta-Pentti-Perttuli-13-3-2016-Palkongas-Eela.jpg\" alt=\"Neuvokset, Simo Palokangas, Pentti Perttuli ja Esko Eela.\" width=\"3467\" height=\"2455\" data-id=\"10481\" srcset=\"https:\/\/www.rukajarvensuunnanhistoriayhdistys.fi\/historiayhdistys\/wp-content\/uploads\/2016\/03\/A-POP-100-vuotta-Pentti-Perttuli-13-3-2016-Palkongas-Eela.jpg 3467w, https:\/\/www.rukajarvensuunnanhistoriayhdistys.fi\/historiayhdistys\/wp-content\/uploads\/2016\/03\/A-POP-100-vuotta-Pentti-Perttuli-13-3-2016-Palkongas-Eela-300x212.jpg 300w, https:\/\/www.rukajarvensuunnanhistoriayhdistys.fi\/historiayhdistys\/wp-content\/uploads\/2016\/03\/A-POP-100-vuotta-Pentti-Perttuli-13-3-2016-Palkongas-Eela-768x544.jpg 768w, https:\/\/www.rukajarvensuunnanhistoriayhdistys.fi\/historiayhdistys\/wp-content\/uploads\/2016\/03\/A-POP-100-vuotta-Pentti-Perttuli-13-3-2016-Palkongas-Eela-1024x725.jpg 1024w\" sizes=\"auto, (max-width: 3467px) 100vw, 3467px\" \/><\/a><figcaption id=\"caption-attachment-10481\" class=\"wp-caption-text\">L\u00e4heiset neuvokset, Simo Palokangas, Pentti Perttuli ja Esko Eela.<\/figcaption><\/figure>\n<figure id=\"attachment_10485\" aria-describedby=\"caption-attachment-10485\" style=\"width: 4864px\" class=\"wp-caption aligncenter\"><a href=\"http:\/\/www.rukajarvensuunnanhistoriayhdistys.fi\/historiayhdistys\/wp-content\/uploads\/2016\/03\/A-POP-100-vuotta-Pentti-Perttuli-13-3-2016-Rukaj\u00e4rven-tie.jpg\" rel=\"attachment wp-att-10485\"><img loading=\"lazy\" decoding=\"async\" class=\"wp-image-10485 size-full\" src=\"http:\/\/www.rukajarvensuunnanhistoriayhdistys.fi\/historiayhdistys\/wp-content\/uploads\/2016\/03\/A-POP-100-vuotta-Pentti-Perttuli-13-3-2016-Rukaj\u00e4rven-tie.jpg\" alt=\"Pentti Perttulin l\u00e4heiset yhteisty\u00f6kumppanit historiikkitoiminkunnan ajoista l\u00e4htien, Heikki A. Reenp\u00e4\u00e4, Antti Tuuri ja Marko R\u00f6hr.\" width=\"4864\" height=\"2736\" data-id=\"10485\" srcset=\"https:\/\/www.rukajarvensuunnanhistoriayhdistys.fi\/historiayhdistys\/wp-content\/uploads\/2016\/03\/A-POP-100-vuotta-Pentti-Perttuli-13-3-2016-Rukaj\u00e4rven-tie.jpg 4864w, https:\/\/www.rukajarvensuunnanhistoriayhdistys.fi\/historiayhdistys\/wp-content\/uploads\/2016\/03\/A-POP-100-vuotta-Pentti-Perttuli-13-3-2016-Rukaj\u00e4rven-tie-300x169.jpg 300w, https:\/\/www.rukajarvensuunnanhistoriayhdistys.fi\/historiayhdistys\/wp-content\/uploads\/2016\/03\/A-POP-100-vuotta-Pentti-Perttuli-13-3-2016-Rukaj\u00e4rven-tie-768x432.jpg 768w, https:\/\/www.rukajarvensuunnanhistoriayhdistys.fi\/historiayhdistys\/wp-content\/uploads\/2016\/03\/A-POP-100-vuotta-Pentti-Perttuli-13-3-2016-Rukaj\u00e4rven-tie-1024x576.jpg 1024w\" sizes=\"auto, (max-width: 4864px) 100vw, 4864px\" \/><\/a><figcaption id=\"caption-attachment-10485\" class=\"wp-caption-text\">Suomen Marsalkka Mannerheimin Mets\u00e4stysmajan perinnetoimikunnan puheenjohtaja Matti Ahtiainen onnittelee. Kuvassa Olavi Tiittanen sek\u00e4 \u00a0Pentti Perttulin l\u00e4heiset yhteisty\u00f6kumppanit historiikkitoiminkunnan ajoista l\u00e4htien, Heikki A. Reenp\u00e4\u00e4, Antti Tuuri ja Marko R\u00f6hr.<\/figcaption><\/figure>\n<figure id=\"attachment_10486\" aria-describedby=\"caption-attachment-10486\" style=\"width: 5472px\" class=\"wp-caption aligncenter\"><a href=\"http:\/\/www.rukajarvensuunnanhistoriayhdistys.fi\/historiayhdistys\/wp-content\/uploads\/2016\/03\/A-POP-100-vuotta-Pentti-Perttuli-13-3-2016-Tuuri-Perttuli.jpg\" rel=\"attachment wp-att-10486\"><img loading=\"lazy\" decoding=\"async\" class=\"wp-image-10486 size-full\" src=\"http:\/\/www.rukajarvensuunnanhistoriayhdistys.fi\/historiayhdistys\/wp-content\/uploads\/2016\/03\/A-POP-100-vuotta-Pentti-Perttuli-13-3-2016-Tuuri-Perttuli.jpg\" alt=\"Yst\u00e4vykset Pentti Perttuli ja Antti Tuuri.\" width=\"5472\" height=\"3080\" data-id=\"10486\" srcset=\"https:\/\/www.rukajarvensuunnanhistoriayhdistys.fi\/historiayhdistys\/wp-content\/uploads\/2016\/03\/A-POP-100-vuotta-Pentti-Perttuli-13-3-2016-Tuuri-Perttuli.jpg 5472w, https:\/\/www.rukajarvensuunnanhistoriayhdistys.fi\/historiayhdistys\/wp-content\/uploads\/2016\/03\/A-POP-100-vuotta-Pentti-Perttuli-13-3-2016-Tuuri-Perttuli-300x169.jpg 300w, https:\/\/www.rukajarvensuunnanhistoriayhdistys.fi\/historiayhdistys\/wp-content\/uploads\/2016\/03\/A-POP-100-vuotta-Pentti-Perttuli-13-3-2016-Tuuri-Perttuli-768x432.jpg 768w, https:\/\/www.rukajarvensuunnanhistoriayhdistys.fi\/historiayhdistys\/wp-content\/uploads\/2016\/03\/A-POP-100-vuotta-Pentti-Perttuli-13-3-2016-Tuuri-Perttuli-1024x576.jpg 1024w\" sizes=\"auto, (max-width: 5472px) 100vw, 5472px\" \/><\/a><figcaption id=\"caption-attachment-10486\" class=\"wp-caption-text\">Yst\u00e4vykset Pentti Perttuli ja Antti Tuuri.<\/figcaption><\/figure>\n<figure id=\"attachment_10494\" aria-describedby=\"caption-attachment-10494\" style=\"width: 1920px\" class=\"wp-caption aligncenter\"><a href=\"http:\/\/www.rukajarvensuunnanhistoriayhdistys.fi\/historiayhdistys\/wp-content\/uploads\/2016\/03\/D-POP-100-vuotta-Pentti-Perttuli-13-3-2016-Perttuli-Aila.jpg\" rel=\"attachment wp-att-10494\"><img loading=\"lazy\" decoding=\"async\" class=\"wp-image-10494 size-full\" src=\"http:\/\/www.rukajarvensuunnanhistoriayhdistys.fi\/historiayhdistys\/wp-content\/uploads\/2016\/03\/D-POP-100-vuotta-Pentti-Perttuli-13-3-2016-Perttuli-Aila.jpg\" alt=\"Aila Elo onPentti Perttulin aseveljen tyt\u00e4r, joka toimii nykyisin yhdistyksemme sihteerin teht\u00e4viss\u00e4.\" width=\"1920\" height=\"1080\" data-id=\"10494\" srcset=\"https:\/\/www.rukajarvensuunnanhistoriayhdistys.fi\/historiayhdistys\/wp-content\/uploads\/2016\/03\/D-POP-100-vuotta-Pentti-Perttuli-13-3-2016-Perttuli-Aila.jpg 1920w, https:\/\/www.rukajarvensuunnanhistoriayhdistys.fi\/historiayhdistys\/wp-content\/uploads\/2016\/03\/D-POP-100-vuotta-Pentti-Perttuli-13-3-2016-Perttuli-Aila-300x169.jpg 300w, https:\/\/www.rukajarvensuunnanhistoriayhdistys.fi\/historiayhdistys\/wp-content\/uploads\/2016\/03\/D-POP-100-vuotta-Pentti-Perttuli-13-3-2016-Perttuli-Aila-768x432.jpg 768w, https:\/\/www.rukajarvensuunnanhistoriayhdistys.fi\/historiayhdistys\/wp-content\/uploads\/2016\/03\/D-POP-100-vuotta-Pentti-Perttuli-13-3-2016-Perttuli-Aila-1024x576.jpg 1024w\" sizes=\"auto, (max-width: 1920px) 100vw, 1920px\" \/><\/a><figcaption id=\"caption-attachment-10494\" class=\"wp-caption-text\">Aila Elo on Pentti Perttulin aseveljen, III\/KTR 18:n komentajan Erkki Hartikaisen\u00a0tyt\u00e4r ja toimii yhdistyksemme sihteerin\u00e4.<\/figcaption><\/figure>\n<figure id=\"attachment_10493\" aria-describedby=\"caption-attachment-10493\" style=\"width: 3072px\" class=\"wp-caption aligncenter\"><a href=\"http:\/\/www.rukajarvensuunnanhistoriayhdistys.fi\/historiayhdistys\/wp-content\/uploads\/2016\/03\/POP-100-Ryhm\u00e4-pienink\u00e4.jpg\" rel=\"attachment wp-att-10493\"><img loading=\"lazy\" decoding=\"async\" class=\"wp-image-10493 size-full\" src=\"http:\/\/www.rukajarvensuunnanhistoriayhdistys.fi\/historiayhdistys\/wp-content\/uploads\/2016\/03\/POP-100-Ryhm\u00e4-pienink\u00e4.jpg\" alt=\"Ryhm\u00e4 Piening\u00e4n onnittelut, kuvakooste, jossa yhtyv\u00e4t Pentti Perttulin ja ryhm\u00e4n yhteiset ladut Muurmannin radalle ja Piening\u00e4n saloille. Taulun luovutti rajakapteeni Tauno Oksanen.\" width=\"3072\" height=\"1728\" data-id=\"10493\" srcset=\"https:\/\/www.rukajarvensuunnanhistoriayhdistys.fi\/historiayhdistys\/wp-content\/uploads\/2016\/03\/POP-100-Ryhm\u00e4-pienink\u00e4.jpg 3072w, https:\/\/www.rukajarvensuunnanhistoriayhdistys.fi\/historiayhdistys\/wp-content\/uploads\/2016\/03\/POP-100-Ryhm\u00e4-pienink\u00e4-300x169.jpg 300w, https:\/\/www.rukajarvensuunnanhistoriayhdistys.fi\/historiayhdistys\/wp-content\/uploads\/2016\/03\/POP-100-Ryhm\u00e4-pienink\u00e4-768x432.jpg 768w, https:\/\/www.rukajarvensuunnanhistoriayhdistys.fi\/historiayhdistys\/wp-content\/uploads\/2016\/03\/POP-100-Ryhm\u00e4-pienink\u00e4-1024x576.jpg 1024w\" sizes=\"auto, (max-width: 3072px) 100vw, 3072px\" \/><\/a><figcaption id=\"caption-attachment-10493\" class=\"wp-caption-text\">Ryhm\u00e4 Piening\u00e4n onnittelut, kuvakooste, jossa yhtyv\u00e4t Pentti Perttulin ja ryhm\u00e4n yhteiset ladut Muurmannin radalle ja Piening\u00e4n saloille.\u00a0Lahjan luovutti rajakapteeni Tauno Oksanen.<\/figcaption><\/figure>\n<figure id=\"attachment_10487\" aria-describedby=\"caption-attachment-10487\" style=\"width: 3072px\" class=\"wp-caption aligncenter\"><a href=\"http:\/\/www.rukajarvensuunnanhistoriayhdistys.fi\/historiayhdistys\/wp-content\/uploads\/2016\/03\/B-POP-100-Perttuli-Antero-Huttunen.jpg\" rel=\"attachment wp-att-10487\"><img loading=\"lazy\" decoding=\"async\" class=\"wp-image-10487 size-full\" src=\"http:\/\/www.rukajarvensuunnanhistoriayhdistys.fi\/historiayhdistys\/wp-content\/uploads\/2016\/03\/B-POP-100-Perttuli-Antero-Huttunen.jpg\" alt=\"Pentti ja Antero, mies kameran takaa. Antero on tallentanut yhdistyksemme toiminnan ajan kaikki merkitt\u00e4v\u00e4t tapahtumat ja seminaaripuheet. Antero on Viljo Huttusen poika. Viljo toimi RajaJP 6:n viestiupseerina ja oli sodanj\u00e4lkeisen veteraanien perinnety\u00f6n l\u00e4heisin yhteisty\u00f6kumppani.\" width=\"3072\" height=\"1728\" data-id=\"10487\" srcset=\"https:\/\/www.rukajarvensuunnanhistoriayhdistys.fi\/historiayhdistys\/wp-content\/uploads\/2016\/03\/B-POP-100-Perttuli-Antero-Huttunen.jpg 3072w, https:\/\/www.rukajarvensuunnanhistoriayhdistys.fi\/historiayhdistys\/wp-content\/uploads\/2016\/03\/B-POP-100-Perttuli-Antero-Huttunen-300x169.jpg 300w, https:\/\/www.rukajarvensuunnanhistoriayhdistys.fi\/historiayhdistys\/wp-content\/uploads\/2016\/03\/B-POP-100-Perttuli-Antero-Huttunen-768x432.jpg 768w, https:\/\/www.rukajarvensuunnanhistoriayhdistys.fi\/historiayhdistys\/wp-content\/uploads\/2016\/03\/B-POP-100-Perttuli-Antero-Huttunen-1024x576.jpg 1024w\" sizes=\"auto, (max-width: 3072px) 100vw, 3072px\" \/><\/a><figcaption id=\"caption-attachment-10487\" class=\"wp-caption-text\">Pentti ja Antero, miehet\u00a0kameran takaa. Pentti on ottanut tuhansia kuvia rintamalla ja Antero on tallentanut yhdistyksemme toiminnan ajan kaikki merkitt\u00e4v\u00e4t tapahtumat ja seminaaripuheet. Antero on Viljo Huttusen poika. Viljo toimi Kev.Os 2:n ja\u00a0RajaJP 6:n viestiupseerina. H\u00e4n\u00a0oli sodanj\u00e4lkeisen veteraanien perinnety\u00f6n Pentin l\u00e4heisin yhteisty\u00f6kumppani.<\/figcaption><\/figure>\n","protected":false},"excerpt":{"rendered":"<p>Ote Puheenjohtaja Tenho Tikkasen puheesta Pentti Perttulin 100-vuotisjuhlatilaisuudessa: Arvoisa p\u00e4iv\u00e4nsankari &#8211; hyv\u00e4t yst\u00e4v\u00e4t. Meill\u00e4 on ilo saapua tervehtim\u00e4\u00e4n ja onnittelemaan Rukaj\u00e4rven veteraani Pentti Perttulia h\u00e4nen 100-vuotisp\u00e4iv\u00e4n\u00e4\u00e4n. N\u00e4ihin elettyihin vuosiin sis\u00e4ltyy <a class=\"more-link\" href=\"https:\/\/www.rukajarvensuunnanhistoriayhdistys.fi\/historiayhdistys\/puheenjohtaja-tenho-tikkanen-paivansankarille-esimerkin-voima-pentti-perttulin-vahvuus\/\">Teksti jatkuu&#8230;<span class=\"screen-reader-text\">Puheenjohtaja Tenho Tikkanen p\u00e4iv\u00e4nsankarille: &#8221;Esimerkin voima on ollut Pentti Perttulin vahvuus&#8221;<\/span><span class=\"meta-nav\">\u2192<\/span><\/a><\/p>\n","protected":false},"author":3,"featured_media":10479,"comment_status":"closed","ping_status":"open","sticky":false,"template":"","format":"standard","meta":{"footnotes":""},"categories":[22],"tags":[],"class_list":["post-10478","post","type-post","status-publish","format-standard","has-post-thumbnail","hentry","category-ajankohtaista"],"yoast_head":"<!-- This site is optimized with the Yoast SEO plugin v27.4 - https:\/\/yoast.com\/product\/yoast-seo-wordpress\/ -->\n<title>Puheenjohtaja Tenho Tikkanen p\u00e4iv\u00e4nsankarille: &quot;Esimerkin voima on ollut Pentti Perttulin vahvuus&quot; - Rukaj\u00e4rven suunnan historiayhdistys<\/title>\n<meta name=\"robots\" content=\"index, follow, max-snippet:-1, max-image-preview:large, max-video-preview:-1\" \/>\n<link rel=\"canonical\" href=\"http:\/\/www.rukajarvensuunnanhistoriayhdistys.fi\/historiayhdistys\/puheenjohtaja-tenho-tikkanen-paivansankarille-esimerkin-voima-pentti-perttulin-vahvuus\/\" \/>\n<meta property=\"og:locale\" content=\"fi_FI\" \/>\n<meta property=\"og:type\" content=\"article\" \/>\n<meta property=\"og:title\" content=\"Puheenjohtaja Tenho Tikkanen p\u00e4iv\u00e4nsankarille: &quot;Esimerkin voima on ollut Pentti Perttulin vahvuus&quot; - Rukaj\u00e4rven suunnan historiayhdistys\" \/>\n<meta property=\"og:description\" content=\"Ote Puheenjohtaja Tenho Tikkasen puheesta Pentti Perttulin 100-vuotisjuhlatilaisuudessa: Arvoisa p\u00e4iv\u00e4nsankari &#8211; hyv\u00e4t yst\u00e4v\u00e4t. Meill\u00e4 on ilo saapua tervehtim\u00e4\u00e4n ja onnittelemaan Rukaj\u00e4rven veteraani Pentti Perttulia h\u00e4nen 100-vuotisp\u00e4iv\u00e4n\u00e4\u00e4n. N\u00e4ihin elettyihin vuosiin sis\u00e4ltyy Teksti jatkuu...Puheenjohtaja Tenho Tikkanen p\u00e4iv\u00e4nsankarille: &#8221;Esimerkin voima on ollut Pentti Perttulin vahvuus&#8221;\u2192\" \/>\n<meta property=\"og:url\" content=\"http:\/\/www.rukajarvensuunnanhistoriayhdistys.fi\/historiayhdistys\/puheenjohtaja-tenho-tikkanen-paivansankarille-esimerkin-voima-pentti-perttulin-vahvuus\/\" \/>\n<meta property=\"og:site_name\" content=\"Rukaj\u00e4rven suunnan historiayhdistys\" \/>\n<meta property=\"article:published_time\" content=\"2016-03-14T23:14:33+00:00\" \/>\n<meta property=\"article:modified_time\" content=\"2023-11-14T18:13:19+00:00\" \/>\n<meta property=\"og:image\" content=\"http:\/\/www.rukajarvensuunnanhistoriayhdistys.fi\/historiayhdistys\/wp-content\/uploads\/2016\/03\/A-POP-100-vuotta-Pentti-Perttuli-13-3-2016-828x1024.jpg\" \/>\n\t<meta property=\"og:image:width\" content=\"828\" \/>\n\t<meta property=\"og:image:height\" content=\"1024\" \/>\n\t<meta property=\"og:image:type\" content=\"image\/jpeg\" \/>\n<meta name=\"author\" content=\"RSHY\" \/>\n<meta name=\"twitter:label1\" content=\"Kirjoittanut\" \/>\n\t<meta name=\"twitter:data1\" content=\"RSHY\" \/>\n\t<meta name=\"twitter:label2\" content=\"Arvioitu lukuaika\" \/>\n\t<meta name=\"twitter:data2\" content=\"6 minuuttia\" \/>\n<script type=\"application\/ld+json\" class=\"yoast-schema-graph\">{\"@context\":\"https:\\\/\\\/schema.org\",\"@graph\":[{\"@type\":\"Article\",\"@id\":\"http:\\\/\\\/www.rukajarvensuunnanhistoriayhdistys.fi\\\/historiayhdistys\\\/puheenjohtaja-tenho-tikkanen-paivansankarille-esimerkin-voima-pentti-perttulin-vahvuus\\\/#article\",\"isPartOf\":{\"@id\":\"http:\\\/\\\/www.rukajarvensuunnanhistoriayhdistys.fi\\\/historiayhdistys\\\/puheenjohtaja-tenho-tikkanen-paivansankarille-esimerkin-voima-pentti-perttulin-vahvuus\\\/\"},\"author\":{\"name\":\"RSHY\",\"@id\":\"https:\\\/\\\/www.rukajarvensuunnanhistoriayhdistys.fi\\\/historiayhdistys\\\/#\\\/schema\\\/person\\\/19de7db68bf72dfd2b5d7f6dfbf8454d\"},\"headline\":\"Puheenjohtaja Tenho Tikkanen p\u00e4iv\u00e4nsankarille: &#8221;Esimerkin voima on ollut Pentti Perttulin vahvuus&#8221;\",\"datePublished\":\"2016-03-14T23:14:33+00:00\",\"dateModified\":\"2023-11-14T18:13:19+00:00\",\"mainEntityOfPage\":{\"@id\":\"http:\\\/\\\/www.rukajarvensuunnanhistoriayhdistys.fi\\\/historiayhdistys\\\/puheenjohtaja-tenho-tikkanen-paivansankarille-esimerkin-voima-pentti-perttulin-vahvuus\\\/\"},\"wordCount\":761,\"publisher\":{\"@id\":\"https:\\\/\\\/www.rukajarvensuunnanhistoriayhdistys.fi\\\/historiayhdistys\\\/#organization\"},\"image\":{\"@id\":\"http:\\\/\\\/www.rukajarvensuunnanhistoriayhdistys.fi\\\/historiayhdistys\\\/puheenjohtaja-tenho-tikkanen-paivansankarille-esimerkin-voima-pentti-perttulin-vahvuus\\\/#primaryimage\"},\"thumbnailUrl\":\"https:\\\/\\\/www.rukajarvensuunnanhistoriayhdistys.fi\\\/historiayhdistys\\\/wp-content\\\/uploads\\\/2016\\\/03\\\/A-POP-100-vuotta-Pentti-Perttuli-13-3-2016.jpg\",\"articleSection\":[\"Ajankohtaista\"],\"inLanguage\":\"fi\"},{\"@type\":\"WebPage\",\"@id\":\"http:\\\/\\\/www.rukajarvensuunnanhistoriayhdistys.fi\\\/historiayhdistys\\\/puheenjohtaja-tenho-tikkanen-paivansankarille-esimerkin-voima-pentti-perttulin-vahvuus\\\/\",\"url\":\"http:\\\/\\\/www.rukajarvensuunnanhistoriayhdistys.fi\\\/historiayhdistys\\\/puheenjohtaja-tenho-tikkanen-paivansankarille-esimerkin-voima-pentti-perttulin-vahvuus\\\/\",\"name\":\"Puheenjohtaja Tenho Tikkanen p\u00e4iv\u00e4nsankarille: \\\"Esimerkin voima on ollut Pentti Perttulin vahvuus\\\" - Rukaj\u00e4rven suunnan historiayhdistys\",\"isPartOf\":{\"@id\":\"https:\\\/\\\/www.rukajarvensuunnanhistoriayhdistys.fi\\\/historiayhdistys\\\/#website\"},\"primaryImageOfPage\":{\"@id\":\"http:\\\/\\\/www.rukajarvensuunnanhistoriayhdistys.fi\\\/historiayhdistys\\\/puheenjohtaja-tenho-tikkanen-paivansankarille-esimerkin-voima-pentti-perttulin-vahvuus\\\/#primaryimage\"},\"image\":{\"@id\":\"http:\\\/\\\/www.rukajarvensuunnanhistoriayhdistys.fi\\\/historiayhdistys\\\/puheenjohtaja-tenho-tikkanen-paivansankarille-esimerkin-voima-pentti-perttulin-vahvuus\\\/#primaryimage\"},\"thumbnailUrl\":\"https:\\\/\\\/www.rukajarvensuunnanhistoriayhdistys.fi\\\/historiayhdistys\\\/wp-content\\\/uploads\\\/2016\\\/03\\\/A-POP-100-vuotta-Pentti-Perttuli-13-3-2016.jpg\",\"datePublished\":\"2016-03-14T23:14:33+00:00\",\"dateModified\":\"2023-11-14T18:13:19+00:00\",\"breadcrumb\":{\"@id\":\"http:\\\/\\\/www.rukajarvensuunnanhistoriayhdistys.fi\\\/historiayhdistys\\\/puheenjohtaja-tenho-tikkanen-paivansankarille-esimerkin-voima-pentti-perttulin-vahvuus\\\/#breadcrumb\"},\"inLanguage\":\"fi\",\"potentialAction\":[{\"@type\":\"ReadAction\",\"target\":[\"http:\\\/\\\/www.rukajarvensuunnanhistoriayhdistys.fi\\\/historiayhdistys\\\/puheenjohtaja-tenho-tikkanen-paivansankarille-esimerkin-voima-pentti-perttulin-vahvuus\\\/\"]}]},{\"@type\":\"ImageObject\",\"inLanguage\":\"fi\",\"@id\":\"http:\\\/\\\/www.rukajarvensuunnanhistoriayhdistys.fi\\\/historiayhdistys\\\/puheenjohtaja-tenho-tikkanen-paivansankarille-esimerkin-voima-pentti-perttulin-vahvuus\\\/#primaryimage\",\"url\":\"https:\\\/\\\/www.rukajarvensuunnanhistoriayhdistys.fi\\\/historiayhdistys\\\/wp-content\\\/uploads\\\/2016\\\/03\\\/A-POP-100-vuotta-Pentti-Perttuli-13-3-2016.jpg\",\"contentUrl\":\"https:\\\/\\\/www.rukajarvensuunnanhistoriayhdistys.fi\\\/historiayhdistys\\\/wp-content\\\/uploads\\\/2016\\\/03\\\/A-POP-100-vuotta-Pentti-Perttuli-13-3-2016.jpg\",\"width\":2597,\"height\":3210,\"caption\":\"Pentti Perttuli 100 vuotta 13.3.2016.\"},{\"@type\":\"BreadcrumbList\",\"@id\":\"http:\\\/\\\/www.rukajarvensuunnanhistoriayhdistys.fi\\\/historiayhdistys\\\/puheenjohtaja-tenho-tikkanen-paivansankarille-esimerkin-voima-pentti-perttulin-vahvuus\\\/#breadcrumb\",\"itemListElement\":[{\"@type\":\"ListItem\",\"position\":1,\"name\":\"Etusivu\",\"item\":\"https:\\\/\\\/www.rukajarvensuunnanhistoriayhdistys.fi\\\/historiayhdistys\\\/\"},{\"@type\":\"ListItem\",\"position\":2,\"name\":\"Puheenjohtaja Tenho Tikkanen p\u00e4iv\u00e4nsankarille: &#8221;Esimerkin voima on ollut Pentti Perttulin vahvuus&#8221;\"}]},{\"@type\":\"WebSite\",\"@id\":\"https:\\\/\\\/www.rukajarvensuunnanhistoriayhdistys.fi\\\/historiayhdistys\\\/#website\",\"url\":\"https:\\\/\\\/www.rukajarvensuunnanhistoriayhdistys.fi\\\/historiayhdistys\\\/\",\"name\":\"Rukaj\u00e4rven suunnan historiayhdistys\",\"description\":\"Rukaj\u00e4rven suunnan historiayhdistyksen verkkosivut.\",\"publisher\":{\"@id\":\"https:\\\/\\\/www.rukajarvensuunnanhistoriayhdistys.fi\\\/historiayhdistys\\\/#organization\"},\"potentialAction\":[{\"@type\":\"SearchAction\",\"target\":{\"@type\":\"EntryPoint\",\"urlTemplate\":\"https:\\\/\\\/www.rukajarvensuunnanhistoriayhdistys.fi\\\/historiayhdistys\\\/?s={search_term_string}\"},\"query-input\":{\"@type\":\"PropertyValueSpecification\",\"valueRequired\":true,\"valueName\":\"search_term_string\"}}],\"inLanguage\":\"fi\"},{\"@type\":\"Organization\",\"@id\":\"https:\\\/\\\/www.rukajarvensuunnanhistoriayhdistys.fi\\\/historiayhdistys\\\/#organization\",\"name\":\"Rukaj\u00e4rven suunnan historiayhdistys\",\"url\":\"https:\\\/\\\/www.rukajarvensuunnanhistoriayhdistys.fi\\\/historiayhdistys\\\/\",\"logo\":{\"@type\":\"ImageObject\",\"inLanguage\":\"fi\",\"@id\":\"https:\\\/\\\/www.rukajarvensuunnanhistoriayhdistys.fi\\\/historiayhdistys\\\/#\\\/schema\\\/logo\\\/image\\\/\",\"url\":\"https:\\\/\\\/www.rukajarvensuunnanhistoriayhdistys.fi\\\/historiayhdistys\\\/wp-content\\\/uploads\\\/2013\\\/12\\\/Otsake_3.jpg\",\"contentUrl\":\"https:\\\/\\\/www.rukajarvensuunnanhistoriayhdistys.fi\\\/historiayhdistys\\\/wp-content\\\/uploads\\\/2013\\\/12\\\/Otsake_3.jpg\",\"width\":1000,\"height\":442,\"caption\":\"Rukaj\u00e4rven suunnan historiayhdistys\"},\"image\":{\"@id\":\"https:\\\/\\\/www.rukajarvensuunnanhistoriayhdistys.fi\\\/historiayhdistys\\\/#\\\/schema\\\/logo\\\/image\\\/\"}},{\"@type\":\"Person\",\"@id\":\"https:\\\/\\\/www.rukajarvensuunnanhistoriayhdistys.fi\\\/historiayhdistys\\\/#\\\/schema\\\/person\\\/19de7db68bf72dfd2b5d7f6dfbf8454d\",\"name\":\"RSHY\",\"image\":{\"@type\":\"ImageObject\",\"inLanguage\":\"fi\",\"@id\":\"https:\\\/\\\/secure.gravatar.com\\\/avatar\\\/598d59263a69cc8de65fcb4f9db78d6f58c098cb0e0ba22d73377441af9fa04c?s=96&d=blank&r=g\",\"url\":\"https:\\\/\\\/secure.gravatar.com\\\/avatar\\\/598d59263a69cc8de65fcb4f9db78d6f58c098cb0e0ba22d73377441af9fa04c?s=96&d=blank&r=g\",\"contentUrl\":\"https:\\\/\\\/secure.gravatar.com\\\/avatar\\\/598d59263a69cc8de65fcb4f9db78d6f58c098cb0e0ba22d73377441af9fa04c?s=96&d=blank&r=g\",\"caption\":\"RSHY\"},\"url\":\"https:\\\/\\\/www.rukajarvensuunnanhistoriayhdistys.fi\\\/historiayhdistys\\\/author\\\/rshy\\\/\"}]}<\/script>\n<!-- \/ Yoast SEO plugin. -->","yoast_head_json":{"title":"Puheenjohtaja Tenho Tikkanen p\u00e4iv\u00e4nsankarille: \"Esimerkin voima on ollut Pentti Perttulin vahvuus\" - Rukaj\u00e4rven suunnan historiayhdistys","robots":{"index":"index","follow":"follow","max-snippet":"max-snippet:-1","max-image-preview":"max-image-preview:large","max-video-preview":"max-video-preview:-1"},"canonical":"http:\/\/www.rukajarvensuunnanhistoriayhdistys.fi\/historiayhdistys\/puheenjohtaja-tenho-tikkanen-paivansankarille-esimerkin-voima-pentti-perttulin-vahvuus\/","og_locale":"fi_FI","og_type":"article","og_title":"Puheenjohtaja Tenho Tikkanen p\u00e4iv\u00e4nsankarille: \"Esimerkin voima on ollut Pentti Perttulin vahvuus\" - Rukaj\u00e4rven suunnan historiayhdistys","og_description":"Ote Puheenjohtaja Tenho Tikkasen puheesta Pentti Perttulin 100-vuotisjuhlatilaisuudessa: Arvoisa p\u00e4iv\u00e4nsankari &#8211; hyv\u00e4t yst\u00e4v\u00e4t. Meill\u00e4 on ilo saapua tervehtim\u00e4\u00e4n ja onnittelemaan Rukaj\u00e4rven veteraani Pentti Perttulia h\u00e4nen 100-vuotisp\u00e4iv\u00e4n\u00e4\u00e4n. N\u00e4ihin elettyihin vuosiin sis\u00e4ltyy Teksti jatkuu...Puheenjohtaja Tenho Tikkanen p\u00e4iv\u00e4nsankarille: &#8221;Esimerkin voima on ollut Pentti Perttulin vahvuus&#8221;\u2192","og_url":"http:\/\/www.rukajarvensuunnanhistoriayhdistys.fi\/historiayhdistys\/puheenjohtaja-tenho-tikkanen-paivansankarille-esimerkin-voima-pentti-perttulin-vahvuus\/","og_site_name":"Rukaj\u00e4rven suunnan historiayhdistys","article_published_time":"2016-03-14T23:14:33+00:00","article_modified_time":"2023-11-14T18:13:19+00:00","og_image":[{"width":828,"height":1024,"url":"http:\/\/www.rukajarvensuunnanhistoriayhdistys.fi\/historiayhdistys\/wp-content\/uploads\/2016\/03\/A-POP-100-vuotta-Pentti-Perttuli-13-3-2016-828x1024.jpg","type":"image\/jpeg"}],"author":"RSHY","twitter_misc":{"Kirjoittanut":"RSHY","Arvioitu lukuaika":"6 minuuttia"},"schema":{"@context":"https:\/\/schema.org","@graph":[{"@type":"Article","@id":"http:\/\/www.rukajarvensuunnanhistoriayhdistys.fi\/historiayhdistys\/puheenjohtaja-tenho-tikkanen-paivansankarille-esimerkin-voima-pentti-perttulin-vahvuus\/#article","isPartOf":{"@id":"http:\/\/www.rukajarvensuunnanhistoriayhdistys.fi\/historiayhdistys\/puheenjohtaja-tenho-tikkanen-paivansankarille-esimerkin-voima-pentti-perttulin-vahvuus\/"},"author":{"name":"RSHY","@id":"https:\/\/www.rukajarvensuunnanhistoriayhdistys.fi\/historiayhdistys\/#\/schema\/person\/19de7db68bf72dfd2b5d7f6dfbf8454d"},"headline":"Puheenjohtaja Tenho Tikkanen p\u00e4iv\u00e4nsankarille: &#8221;Esimerkin voima on ollut Pentti Perttulin vahvuus&#8221;","datePublished":"2016-03-14T23:14:33+00:00","dateModified":"2023-11-14T18:13:19+00:00","mainEntityOfPage":{"@id":"http:\/\/www.rukajarvensuunnanhistoriayhdistys.fi\/historiayhdistys\/puheenjohtaja-tenho-tikkanen-paivansankarille-esimerkin-voima-pentti-perttulin-vahvuus\/"},"wordCount":761,"publisher":{"@id":"https:\/\/www.rukajarvensuunnanhistoriayhdistys.fi\/historiayhdistys\/#organization"},"image":{"@id":"http:\/\/www.rukajarvensuunnanhistoriayhdistys.fi\/historiayhdistys\/puheenjohtaja-tenho-tikkanen-paivansankarille-esimerkin-voima-pentti-perttulin-vahvuus\/#primaryimage"},"thumbnailUrl":"https:\/\/www.rukajarvensuunnanhistoriayhdistys.fi\/historiayhdistys\/wp-content\/uploads\/2016\/03\/A-POP-100-vuotta-Pentti-Perttuli-13-3-2016.jpg","articleSection":["Ajankohtaista"],"inLanguage":"fi"},{"@type":"WebPage","@id":"http:\/\/www.rukajarvensuunnanhistoriayhdistys.fi\/historiayhdistys\/puheenjohtaja-tenho-tikkanen-paivansankarille-esimerkin-voima-pentti-perttulin-vahvuus\/","url":"http:\/\/www.rukajarvensuunnanhistoriayhdistys.fi\/historiayhdistys\/puheenjohtaja-tenho-tikkanen-paivansankarille-esimerkin-voima-pentti-perttulin-vahvuus\/","name":"Puheenjohtaja Tenho Tikkanen p\u00e4iv\u00e4nsankarille: \"Esimerkin voima on ollut Pentti Perttulin vahvuus\" - Rukaj\u00e4rven suunnan historiayhdistys","isPartOf":{"@id":"https:\/\/www.rukajarvensuunnanhistoriayhdistys.fi\/historiayhdistys\/#website"},"primaryImageOfPage":{"@id":"http:\/\/www.rukajarvensuunnanhistoriayhdistys.fi\/historiayhdistys\/puheenjohtaja-tenho-tikkanen-paivansankarille-esimerkin-voima-pentti-perttulin-vahvuus\/#primaryimage"},"image":{"@id":"http:\/\/www.rukajarvensuunnanhistoriayhdistys.fi\/historiayhdistys\/puheenjohtaja-tenho-tikkanen-paivansankarille-esimerkin-voima-pentti-perttulin-vahvuus\/#primaryimage"},"thumbnailUrl":"https:\/\/www.rukajarvensuunnanhistoriayhdistys.fi\/historiayhdistys\/wp-content\/uploads\/2016\/03\/A-POP-100-vuotta-Pentti-Perttuli-13-3-2016.jpg","datePublished":"2016-03-14T23:14:33+00:00","dateModified":"2023-11-14T18:13:19+00:00","breadcrumb":{"@id":"http:\/\/www.rukajarvensuunnanhistoriayhdistys.fi\/historiayhdistys\/puheenjohtaja-tenho-tikkanen-paivansankarille-esimerkin-voima-pentti-perttulin-vahvuus\/#breadcrumb"},"inLanguage":"fi","potentialAction":[{"@type":"ReadAction","target":["http:\/\/www.rukajarvensuunnanhistoriayhdistys.fi\/historiayhdistys\/puheenjohtaja-tenho-tikkanen-paivansankarille-esimerkin-voima-pentti-perttulin-vahvuus\/"]}]},{"@type":"ImageObject","inLanguage":"fi","@id":"http:\/\/www.rukajarvensuunnanhistoriayhdistys.fi\/historiayhdistys\/puheenjohtaja-tenho-tikkanen-paivansankarille-esimerkin-voima-pentti-perttulin-vahvuus\/#primaryimage","url":"https:\/\/www.rukajarvensuunnanhistoriayhdistys.fi\/historiayhdistys\/wp-content\/uploads\/2016\/03\/A-POP-100-vuotta-Pentti-Perttuli-13-3-2016.jpg","contentUrl":"https:\/\/www.rukajarvensuunnanhistoriayhdistys.fi\/historiayhdistys\/wp-content\/uploads\/2016\/03\/A-POP-100-vuotta-Pentti-Perttuli-13-3-2016.jpg","width":2597,"height":3210,"caption":"Pentti Perttuli 100 vuotta 13.3.2016."},{"@type":"BreadcrumbList","@id":"http:\/\/www.rukajarvensuunnanhistoriayhdistys.fi\/historiayhdistys\/puheenjohtaja-tenho-tikkanen-paivansankarille-esimerkin-voima-pentti-perttulin-vahvuus\/#breadcrumb","itemListElement":[{"@type":"ListItem","position":1,"name":"Etusivu","item":"https:\/\/www.rukajarvensuunnanhistoriayhdistys.fi\/historiayhdistys\/"},{"@type":"ListItem","position":2,"name":"Puheenjohtaja Tenho Tikkanen p\u00e4iv\u00e4nsankarille: &#8221;Esimerkin voima on ollut Pentti Perttulin vahvuus&#8221;"}]},{"@type":"WebSite","@id":"https:\/\/www.rukajarvensuunnanhistoriayhdistys.fi\/historiayhdistys\/#website","url":"https:\/\/www.rukajarvensuunnanhistoriayhdistys.fi\/historiayhdistys\/","name":"Rukaj\u00e4rven suunnan historiayhdistys","description":"Rukaj\u00e4rven suunnan historiayhdistyksen verkkosivut.","publisher":{"@id":"https:\/\/www.rukajarvensuunnanhistoriayhdistys.fi\/historiayhdistys\/#organization"},"potentialAction":[{"@type":"SearchAction","target":{"@type":"EntryPoint","urlTemplate":"https:\/\/www.rukajarvensuunnanhistoriayhdistys.fi\/historiayhdistys\/?s={search_term_string}"},"query-input":{"@type":"PropertyValueSpecification","valueRequired":true,"valueName":"search_term_string"}}],"inLanguage":"fi"},{"@type":"Organization","@id":"https:\/\/www.rukajarvensuunnanhistoriayhdistys.fi\/historiayhdistys\/#organization","name":"Rukaj\u00e4rven suunnan historiayhdistys","url":"https:\/\/www.rukajarvensuunnanhistoriayhdistys.fi\/historiayhdistys\/","logo":{"@type":"ImageObject","inLanguage":"fi","@id":"https:\/\/www.rukajarvensuunnanhistoriayhdistys.fi\/historiayhdistys\/#\/schema\/logo\/image\/","url":"https:\/\/www.rukajarvensuunnanhistoriayhdistys.fi\/historiayhdistys\/wp-content\/uploads\/2013\/12\/Otsake_3.jpg","contentUrl":"https:\/\/www.rukajarvensuunnanhistoriayhdistys.fi\/historiayhdistys\/wp-content\/uploads\/2013\/12\/Otsake_3.jpg","width":1000,"height":442,"caption":"Rukaj\u00e4rven suunnan historiayhdistys"},"image":{"@id":"https:\/\/www.rukajarvensuunnanhistoriayhdistys.fi\/historiayhdistys\/#\/schema\/logo\/image\/"}},{"@type":"Person","@id":"https:\/\/www.rukajarvensuunnanhistoriayhdistys.fi\/historiayhdistys\/#\/schema\/person\/19de7db68bf72dfd2b5d7f6dfbf8454d","name":"RSHY","image":{"@type":"ImageObject","inLanguage":"fi","@id":"https:\/\/secure.gravatar.com\/avatar\/598d59263a69cc8de65fcb4f9db78d6f58c098cb0e0ba22d73377441af9fa04c?s=96&d=blank&r=g","url":"https:\/\/secure.gravatar.com\/avatar\/598d59263a69cc8de65fcb4f9db78d6f58c098cb0e0ba22d73377441af9fa04c?s=96&d=blank&r=g","contentUrl":"https:\/\/secure.gravatar.com\/avatar\/598d59263a69cc8de65fcb4f9db78d6f58c098cb0e0ba22d73377441af9fa04c?s=96&d=blank&r=g","caption":"RSHY"},"url":"https:\/\/www.rukajarvensuunnanhistoriayhdistys.fi\/historiayhdistys\/author\/rshy\/"}]}},"_links":{"self":[{"href":"https:\/\/www.rukajarvensuunnanhistoriayhdistys.fi\/historiayhdistys\/wp-json\/wp\/v2\/posts\/10478","targetHints":{"allow":["GET"]}}],"collection":[{"href":"https:\/\/www.rukajarvensuunnanhistoriayhdistys.fi\/historiayhdistys\/wp-json\/wp\/v2\/posts"}],"about":[{"href":"https:\/\/www.rukajarvensuunnanhistoriayhdistys.fi\/historiayhdistys\/wp-json\/wp\/v2\/types\/post"}],"author":[{"embeddable":true,"href":"https:\/\/www.rukajarvensuunnanhistoriayhdistys.fi\/historiayhdistys\/wp-json\/wp\/v2\/users\/3"}],"replies":[{"embeddable":true,"href":"https:\/\/www.rukajarvensuunnanhistoriayhdistys.fi\/historiayhdistys\/wp-json\/wp\/v2\/comments?post=10478"}],"version-history":[{"count":12,"href":"https:\/\/www.rukajarvensuunnanhistoriayhdistys.fi\/historiayhdistys\/wp-json\/wp\/v2\/posts\/10478\/revisions"}],"predecessor-version":[{"id":15288,"href":"https:\/\/www.rukajarvensuunnanhistoriayhdistys.fi\/historiayhdistys\/wp-json\/wp\/v2\/posts\/10478\/revisions\/15288"}],"wp:featuredmedia":[{"embeddable":true,"href":"https:\/\/www.rukajarvensuunnanhistoriayhdistys.fi\/historiayhdistys\/wp-json\/wp\/v2\/media\/10479"}],"wp:attachment":[{"href":"https:\/\/www.rukajarvensuunnanhistoriayhdistys.fi\/historiayhdistys\/wp-json\/wp\/v2\/media?parent=10478"}],"wp:term":[{"taxonomy":"category","embeddable":true,"href":"https:\/\/www.rukajarvensuunnanhistoriayhdistys.fi\/historiayhdistys\/wp-json\/wp\/v2\/categories?post=10478"},{"taxonomy":"post_tag","embeddable":true,"href":"https:\/\/www.rukajarvensuunnanhistoriayhdistys.fi\/historiayhdistys\/wp-json\/wp\/v2\/tags?post=10478"}],"curies":[{"name":"wp","href":"https:\/\/api.w.org\/{rel}","templated":true}]}}