{"id":10503,"date":"2016-03-20T22:18:38","date_gmt":"2016-03-20T20:18:38","guid":{"rendered":"http:\/\/www.rukajarvensuunnanhistoriayhdistys.fi\/historiayhdistys\/?p=10503"},"modified":"2016-03-20T22:21:25","modified_gmt":"2016-03-20T20:21:25","slug":"ilmari-jokelainen-poissa-23-9-1923-19-3-2016","status":"publish","type":"post","link":"https:\/\/www.rukajarvensuunnanhistoriayhdistys.fi\/historiayhdistys\/ilmari-jokelainen-poissa-23-9-1923-19-3-2016\/","title":{"rendered":"Ilmari Jokelainen on poissa (23.9.1923-19.3.2016)"},"content":{"rendered":"<div class=\"fcbkbttn_buttons_block\" id=\"fcbkbttn_left\"><div class=\"fcbkbttn_like \"><fb:like href=\"https:\/\/www.rukajarvensuunnanhistoriayhdistys.fi\/historiayhdistys\/ilmari-jokelainen-poissa-23-9-1923-19-3-2016\/\" action=\"like\" colorscheme=\"light\" layout=\"button_count\"  size=\"small\"><\/fb:like><\/div><\/div><p>Yhdistyksemme j\u00e4sen, Rukaj\u00e4rven veteraani Ilmari Jokelainen, menehtyi 19.3.2016 Kajaanin keskussairaalassa.<\/p>\n<p>Ilmari Jokelainen osallistui Rukaj\u00e4rvell\u00e4 Jatkosodan viimeiseksi j\u00e4\u00e4neeseen taisteluun Suomen ja neuvostoarmeijan v\u00e4lill\u00e4 (9.\/JR 10). N\u00e4iss\u00e4 raskaissa taisteluissa h\u00e4nen komppanianp\u00e4\u00e4llikk\u00f6ns\u00e4 Seppo H\u00e4nninen kaatui 16.8.1944 Ilmari Jokelaisen vierelle. Jokelainen haavoittui vaikeasti vihollisen kranaatista. Aivan ihmeen kaupalla h\u00e4nen l\u00e4hettikaverinsa Maunu Kankaanp\u00e4\u00e4 sai vedetty\u00e4 puolitajuttoman aseveljens\u00e4 suojaan.<\/p>\n<p>Ilmari Jokelainen asui Ristij\u00e4rvell\u00e4 maatilallaan viimevuosiin saakka. H\u00e4n muutti puolisonsa kanssa edellisen\u00e4 vuonna Kuhmon Kalevalan kuntoutuskotiin.<\/p>\n<figure id=\"attachment_10504\" aria-describedby=\"caption-attachment-10504\" style=\"width: 4864px\" class=\"wp-caption aligncenter\"><a href=\"http:\/\/www.rukajarvensuunnanhistoriayhdistys.fi\/historiayhdistys\/wp-content\/uploads\/2016\/03\/S2780119-Jokelainen.jpg\" rel=\"attachment wp-att-10504\"><img loading=\"lazy\" decoding=\"async\" class=\"wp-image-10504 size-full\" src=\"http:\/\/www.rukajarvensuunnanhistoriayhdistys.fi\/historiayhdistys\/wp-content\/uploads\/2016\/03\/S2780119-Jokelainen.jpg\" alt=\"Veteraanit 90-vuotisjuhlapaikan Ristij\u00e4rven Pirtin rappusilla, Ilmari Jokelainen, Olavi Tiittanen, Maunu Kankaanp\u00e4\u00e4 ja Tauno Tikkanen.\" width=\"4864\" height=\"2736\" data-id=\"10504\" srcset=\"https:\/\/www.rukajarvensuunnanhistoriayhdistys.fi\/historiayhdistys\/wp-content\/uploads\/2016\/03\/S2780119-Jokelainen.jpg 4864w, https:\/\/www.rukajarvensuunnanhistoriayhdistys.fi\/historiayhdistys\/wp-content\/uploads\/2016\/03\/S2780119-Jokelainen-300x169.jpg 300w, https:\/\/www.rukajarvensuunnanhistoriayhdistys.fi\/historiayhdistys\/wp-content\/uploads\/2016\/03\/S2780119-Jokelainen-768x432.jpg 768w, https:\/\/www.rukajarvensuunnanhistoriayhdistys.fi\/historiayhdistys\/wp-content\/uploads\/2016\/03\/S2780119-Jokelainen-1024x576.jpg 1024w\" sizes=\"auto, (max-width: 4864px) 100vw, 4864px\" \/><\/a><figcaption id=\"caption-attachment-10504\" class=\"wp-caption-text\">Veteraanit Jokelainen ja Kankaanp\u00e4\u00e4 ovat tavanneet toisiaan usein. Ristij\u00e4rvelle saman komppanian aseveljet matkustivat Ilmari Jokelaisen 90-vuotisp\u00e4iville suuremmalla joukolla. Veteraanit 90-vuotisjuhlapaikan Ristij\u00e4rven Pirtin rappusilla, Ilmari Jokelainen, Olavi Tiittanen, Maunu Kankaanp\u00e4\u00e4 ja Tauno Tikkanen.<\/figcaption><\/figure>\n<p>Ilmari Jokelaisen muistokirjoitus julkaistaan my\u00f6hemmin. Esit\u00e4mme Ilmari Jokelaisen omaisille surunvalittelumme.<\/p>\n<p>Tenho Tikkanen, puheenjohtaja<\/p>\n<p>PS: Oheisena yhdistyksemme nettisivuilla 20.9.2013 julkaistu juttu Ilmari Jokelaisen 90-vuotisp\u00e4iv\u00e4juhlasta (<a href=\"http:\/\/www.rukajarvensuunnanhistoriayhdistys.fi\/rukajarvikeskus\/ajankohtaista\/jatkosodan-viimeista-taistelua-muisteltiin-ristijarvella-20-9-2013\/\">T\u00c4\u00c4LT\u00c4<\/a>).<\/p>\n","protected":false},"excerpt":{"rendered":"<p>Yhdistyksemme j\u00e4sen, Rukaj\u00e4rven veteraani Ilmari Jokelainen, menehtyi 19.3.2016 Kajaanin keskussairaalassa. Ilmari Jokelainen osallistui Rukaj\u00e4rvell\u00e4 Jatkosodan viimeiseksi j\u00e4\u00e4neeseen taisteluun Suomen ja neuvostoarmeijan v\u00e4lill\u00e4 (9.\/JR 10). N\u00e4iss\u00e4 raskaissa taisteluissa h\u00e4nen komppanianp\u00e4\u00e4llikk\u00f6ns\u00e4 Seppo <a class=\"more-link\" href=\"https:\/\/www.rukajarvensuunnanhistoriayhdistys.fi\/historiayhdistys\/ilmari-jokelainen-poissa-23-9-1923-19-3-2016\/\">Teksti jatkuu&#8230;<span class=\"screen-reader-text\">Ilmari Jokelainen on poissa (23.9.1923-19.3.2016)<\/span><span class=\"meta-nav\">\u2192<\/span><\/a><\/p>\n","protected":false},"author":3,"featured_media":10504,"comment_status":"closed","ping_status":"open","sticky":false,"template":"","format":"standard","meta":{"footnotes":""},"categories":[22],"tags":[],"class_list":["post-10503","post","type-post","status-publish","format-standard","has-post-thumbnail","hentry","category-ajankohtaista"],"yoast_head":"<!-- This site is optimized with the Yoast SEO plugin v27.4 - https:\/\/yoast.com\/product\/yoast-seo-wordpress\/ -->\n<title>Ilmari Jokelainen on poissa (23.9.1923-19.3.2016) - Rukaj\u00e4rven suunnan historiayhdistys<\/title>\n<meta name=\"robots\" content=\"index, follow, max-snippet:-1, max-image-preview:large, max-video-preview:-1\" \/>\n<link rel=\"canonical\" href=\"http:\/\/www.rukajarvensuunnanhistoriayhdistys.fi\/historiayhdistys\/ilmari-jokelainen-poissa-23-9-1923-19-3-2016\/\" \/>\n<meta property=\"og:locale\" content=\"fi_FI\" \/>\n<meta property=\"og:type\" content=\"article\" \/>\n<meta property=\"og:title\" content=\"Ilmari Jokelainen on poissa (23.9.1923-19.3.2016) - Rukaj\u00e4rven suunnan historiayhdistys\" \/>\n<meta property=\"og:description\" content=\"Yhdistyksemme j\u00e4sen, Rukaj\u00e4rven veteraani Ilmari Jokelainen, menehtyi 19.3.2016 Kajaanin keskussairaalassa. Ilmari Jokelainen osallistui Rukaj\u00e4rvell\u00e4 Jatkosodan viimeiseksi j\u00e4\u00e4neeseen taisteluun Suomen ja neuvostoarmeijan v\u00e4lill\u00e4 (9.\/JR 10). N\u00e4iss\u00e4 raskaissa taisteluissa h\u00e4nen komppanianp\u00e4\u00e4llikk\u00f6ns\u00e4 Seppo Teksti jatkuu...Ilmari Jokelainen on poissa (23.9.1923-19.3.2016)\u2192\" \/>\n<meta property=\"og:url\" content=\"http:\/\/www.rukajarvensuunnanhistoriayhdistys.fi\/historiayhdistys\/ilmari-jokelainen-poissa-23-9-1923-19-3-2016\/\" \/>\n<meta property=\"og:site_name\" content=\"Rukaj\u00e4rven suunnan historiayhdistys\" \/>\n<meta property=\"article:published_time\" content=\"2016-03-20T20:18:38+00:00\" \/>\n<meta property=\"article:modified_time\" content=\"2016-03-20T20:21:25+00:00\" \/>\n<meta property=\"og:image\" content=\"http:\/\/www.rukajarvensuunnanhistoriayhdistys.fi\/historiayhdistys\/wp-content\/uploads\/2016\/03\/S2780119-Jokelainen-1024x576.jpg\" \/>\n\t<meta property=\"og:image:width\" content=\"1024\" \/>\n\t<meta property=\"og:image:height\" content=\"576\" \/>\n\t<meta property=\"og:image:type\" content=\"image\/jpeg\" \/>\n<meta name=\"author\" content=\"RSHY\" \/>\n<meta name=\"twitter:label1\" content=\"Kirjoittanut\" \/>\n\t<meta name=\"twitter:data1\" content=\"RSHY\" \/>\n\t<meta name=\"twitter:label2\" content=\"Arvioitu lukuaika\" \/>\n\t<meta name=\"twitter:data2\" content=\"1 minuutti\" \/>\n<script type=\"application\/ld+json\" class=\"yoast-schema-graph\">{\"@context\":\"https:\\\/\\\/schema.org\",\"@graph\":[{\"@type\":\"Article\",\"@id\":\"http:\\\/\\\/www.rukajarvensuunnanhistoriayhdistys.fi\\\/historiayhdistys\\\/ilmari-jokelainen-poissa-23-9-1923-19-3-2016\\\/#article\",\"isPartOf\":{\"@id\":\"http:\\\/\\\/www.rukajarvensuunnanhistoriayhdistys.fi\\\/historiayhdistys\\\/ilmari-jokelainen-poissa-23-9-1923-19-3-2016\\\/\"},\"author\":{\"name\":\"RSHY\",\"@id\":\"https:\\\/\\\/www.rukajarvensuunnanhistoriayhdistys.fi\\\/historiayhdistys\\\/#\\\/schema\\\/person\\\/19de7db68bf72dfd2b5d7f6dfbf8454d\"},\"headline\":\"Ilmari Jokelainen on poissa (23.9.1923-19.3.2016)\",\"datePublished\":\"2016-03-20T20:18:38+00:00\",\"dateModified\":\"2016-03-20T20:21:25+00:00\",\"mainEntityOfPage\":{\"@id\":\"http:\\\/\\\/www.rukajarvensuunnanhistoriayhdistys.fi\\\/historiayhdistys\\\/ilmari-jokelainen-poissa-23-9-1923-19-3-2016\\\/\"},\"wordCount\":155,\"publisher\":{\"@id\":\"https:\\\/\\\/www.rukajarvensuunnanhistoriayhdistys.fi\\\/historiayhdistys\\\/#organization\"},\"image\":{\"@id\":\"http:\\\/\\\/www.rukajarvensuunnanhistoriayhdistys.fi\\\/historiayhdistys\\\/ilmari-jokelainen-poissa-23-9-1923-19-3-2016\\\/#primaryimage\"},\"thumbnailUrl\":\"https:\\\/\\\/www.rukajarvensuunnanhistoriayhdistys.fi\\\/historiayhdistys\\\/wp-content\\\/uploads\\\/2016\\\/03\\\/S2780119-Jokelainen.jpg\",\"articleSection\":[\"Ajankohtaista\"],\"inLanguage\":\"fi\"},{\"@type\":\"WebPage\",\"@id\":\"http:\\\/\\\/www.rukajarvensuunnanhistoriayhdistys.fi\\\/historiayhdistys\\\/ilmari-jokelainen-poissa-23-9-1923-19-3-2016\\\/\",\"url\":\"http:\\\/\\\/www.rukajarvensuunnanhistoriayhdistys.fi\\\/historiayhdistys\\\/ilmari-jokelainen-poissa-23-9-1923-19-3-2016\\\/\",\"name\":\"Ilmari Jokelainen on poissa (23.9.1923-19.3.2016) - Rukaj\u00e4rven suunnan historiayhdistys\",\"isPartOf\":{\"@id\":\"https:\\\/\\\/www.rukajarvensuunnanhistoriayhdistys.fi\\\/historiayhdistys\\\/#website\"},\"primaryImageOfPage\":{\"@id\":\"http:\\\/\\\/www.rukajarvensuunnanhistoriayhdistys.fi\\\/historiayhdistys\\\/ilmari-jokelainen-poissa-23-9-1923-19-3-2016\\\/#primaryimage\"},\"image\":{\"@id\":\"http:\\\/\\\/www.rukajarvensuunnanhistoriayhdistys.fi\\\/historiayhdistys\\\/ilmari-jokelainen-poissa-23-9-1923-19-3-2016\\\/#primaryimage\"},\"thumbnailUrl\":\"https:\\\/\\\/www.rukajarvensuunnanhistoriayhdistys.fi\\\/historiayhdistys\\\/wp-content\\\/uploads\\\/2016\\\/03\\\/S2780119-Jokelainen.jpg\",\"datePublished\":\"2016-03-20T20:18:38+00:00\",\"dateModified\":\"2016-03-20T20:21:25+00:00\",\"breadcrumb\":{\"@id\":\"http:\\\/\\\/www.rukajarvensuunnanhistoriayhdistys.fi\\\/historiayhdistys\\\/ilmari-jokelainen-poissa-23-9-1923-19-3-2016\\\/#breadcrumb\"},\"inLanguage\":\"fi\",\"potentialAction\":[{\"@type\":\"ReadAction\",\"target\":[\"http:\\\/\\\/www.rukajarvensuunnanhistoriayhdistys.fi\\\/historiayhdistys\\\/ilmari-jokelainen-poissa-23-9-1923-19-3-2016\\\/\"]}]},{\"@type\":\"ImageObject\",\"inLanguage\":\"fi\",\"@id\":\"http:\\\/\\\/www.rukajarvensuunnanhistoriayhdistys.fi\\\/historiayhdistys\\\/ilmari-jokelainen-poissa-23-9-1923-19-3-2016\\\/#primaryimage\",\"url\":\"https:\\\/\\\/www.rukajarvensuunnanhistoriayhdistys.fi\\\/historiayhdistys\\\/wp-content\\\/uploads\\\/2016\\\/03\\\/S2780119-Jokelainen.jpg\",\"contentUrl\":\"https:\\\/\\\/www.rukajarvensuunnanhistoriayhdistys.fi\\\/historiayhdistys\\\/wp-content\\\/uploads\\\/2016\\\/03\\\/S2780119-Jokelainen.jpg\",\"width\":4864,\"height\":2736,\"caption\":\"Veteraanit 90-vuotisjuhlapaikan Ristij\u00e4rven Pirtin rappusilla, Ilmari Jokelainen, Olavi Tiittanen, Maunu Kankaanp\u00e4\u00e4 ja Tauno Tikkanen.\"},{\"@type\":\"BreadcrumbList\",\"@id\":\"http:\\\/\\\/www.rukajarvensuunnanhistoriayhdistys.fi\\\/historiayhdistys\\\/ilmari-jokelainen-poissa-23-9-1923-19-3-2016\\\/#breadcrumb\",\"itemListElement\":[{\"@type\":\"ListItem\",\"position\":1,\"name\":\"Etusivu\",\"item\":\"https:\\\/\\\/www.rukajarvensuunnanhistoriayhdistys.fi\\\/historiayhdistys\\\/\"},{\"@type\":\"ListItem\",\"position\":2,\"name\":\"Ilmari Jokelainen on poissa (23.9.1923-19.3.2016)\"}]},{\"@type\":\"WebSite\",\"@id\":\"https:\\\/\\\/www.rukajarvensuunnanhistoriayhdistys.fi\\\/historiayhdistys\\\/#website\",\"url\":\"https:\\\/\\\/www.rukajarvensuunnanhistoriayhdistys.fi\\\/historiayhdistys\\\/\",\"name\":\"Rukaj\u00e4rven suunnan historiayhdistys\",\"description\":\"Rukaj\u00e4rven suunnan historiayhdistyksen verkkosivut.\",\"publisher\":{\"@id\":\"https:\\\/\\\/www.rukajarvensuunnanhistoriayhdistys.fi\\\/historiayhdistys\\\/#organization\"},\"potentialAction\":[{\"@type\":\"SearchAction\",\"target\":{\"@type\":\"EntryPoint\",\"urlTemplate\":\"https:\\\/\\\/www.rukajarvensuunnanhistoriayhdistys.fi\\\/historiayhdistys\\\/?s={search_term_string}\"},\"query-input\":{\"@type\":\"PropertyValueSpecification\",\"valueRequired\":true,\"valueName\":\"search_term_string\"}}],\"inLanguage\":\"fi\"},{\"@type\":\"Organization\",\"@id\":\"https:\\\/\\\/www.rukajarvensuunnanhistoriayhdistys.fi\\\/historiayhdistys\\\/#organization\",\"name\":\"Rukaj\u00e4rven suunnan historiayhdistys\",\"url\":\"https:\\\/\\\/www.rukajarvensuunnanhistoriayhdistys.fi\\\/historiayhdistys\\\/\",\"logo\":{\"@type\":\"ImageObject\",\"inLanguage\":\"fi\",\"@id\":\"https:\\\/\\\/www.rukajarvensuunnanhistoriayhdistys.fi\\\/historiayhdistys\\\/#\\\/schema\\\/logo\\\/image\\\/\",\"url\":\"https:\\\/\\\/www.rukajarvensuunnanhistoriayhdistys.fi\\\/historiayhdistys\\\/wp-content\\\/uploads\\\/2013\\\/12\\\/Otsake_3.jpg\",\"contentUrl\":\"https:\\\/\\\/www.rukajarvensuunnanhistoriayhdistys.fi\\\/historiayhdistys\\\/wp-content\\\/uploads\\\/2013\\\/12\\\/Otsake_3.jpg\",\"width\":1000,\"height\":442,\"caption\":\"Rukaj\u00e4rven suunnan historiayhdistys\"},\"image\":{\"@id\":\"https:\\\/\\\/www.rukajarvensuunnanhistoriayhdistys.fi\\\/historiayhdistys\\\/#\\\/schema\\\/logo\\\/image\\\/\"}},{\"@type\":\"Person\",\"@id\":\"https:\\\/\\\/www.rukajarvensuunnanhistoriayhdistys.fi\\\/historiayhdistys\\\/#\\\/schema\\\/person\\\/19de7db68bf72dfd2b5d7f6dfbf8454d\",\"name\":\"RSHY\",\"image\":{\"@type\":\"ImageObject\",\"inLanguage\":\"fi\",\"@id\":\"https:\\\/\\\/secure.gravatar.com\\\/avatar\\\/598d59263a69cc8de65fcb4f9db78d6f58c098cb0e0ba22d73377441af9fa04c?s=96&d=blank&r=g\",\"url\":\"https:\\\/\\\/secure.gravatar.com\\\/avatar\\\/598d59263a69cc8de65fcb4f9db78d6f58c098cb0e0ba22d73377441af9fa04c?s=96&d=blank&r=g\",\"contentUrl\":\"https:\\\/\\\/secure.gravatar.com\\\/avatar\\\/598d59263a69cc8de65fcb4f9db78d6f58c098cb0e0ba22d73377441af9fa04c?s=96&d=blank&r=g\",\"caption\":\"RSHY\"},\"url\":\"https:\\\/\\\/www.rukajarvensuunnanhistoriayhdistys.fi\\\/historiayhdistys\\\/author\\\/rshy\\\/\"}]}<\/script>\n<!-- \/ Yoast SEO plugin. -->","yoast_head_json":{"title":"Ilmari Jokelainen on poissa (23.9.1923-19.3.2016) - Rukaj\u00e4rven suunnan historiayhdistys","robots":{"index":"index","follow":"follow","max-snippet":"max-snippet:-1","max-image-preview":"max-image-preview:large","max-video-preview":"max-video-preview:-1"},"canonical":"http:\/\/www.rukajarvensuunnanhistoriayhdistys.fi\/historiayhdistys\/ilmari-jokelainen-poissa-23-9-1923-19-3-2016\/","og_locale":"fi_FI","og_type":"article","og_title":"Ilmari Jokelainen on poissa (23.9.1923-19.3.2016) - Rukaj\u00e4rven suunnan historiayhdistys","og_description":"Yhdistyksemme j\u00e4sen, Rukaj\u00e4rven veteraani Ilmari Jokelainen, menehtyi 19.3.2016 Kajaanin keskussairaalassa. Ilmari Jokelainen osallistui Rukaj\u00e4rvell\u00e4 Jatkosodan viimeiseksi j\u00e4\u00e4neeseen taisteluun Suomen ja neuvostoarmeijan v\u00e4lill\u00e4 (9.\/JR 10). N\u00e4iss\u00e4 raskaissa taisteluissa h\u00e4nen komppanianp\u00e4\u00e4llikk\u00f6ns\u00e4 Seppo Teksti jatkuu...Ilmari Jokelainen on poissa (23.9.1923-19.3.2016)\u2192","og_url":"http:\/\/www.rukajarvensuunnanhistoriayhdistys.fi\/historiayhdistys\/ilmari-jokelainen-poissa-23-9-1923-19-3-2016\/","og_site_name":"Rukaj\u00e4rven suunnan historiayhdistys","article_published_time":"2016-03-20T20:18:38+00:00","article_modified_time":"2016-03-20T20:21:25+00:00","og_image":[{"width":1024,"height":576,"url":"http:\/\/www.rukajarvensuunnanhistoriayhdistys.fi\/historiayhdistys\/wp-content\/uploads\/2016\/03\/S2780119-Jokelainen-1024x576.jpg","type":"image\/jpeg"}],"author":"RSHY","twitter_misc":{"Kirjoittanut":"RSHY","Arvioitu lukuaika":"1 minuutti"},"schema":{"@context":"https:\/\/schema.org","@graph":[{"@type":"Article","@id":"http:\/\/www.rukajarvensuunnanhistoriayhdistys.fi\/historiayhdistys\/ilmari-jokelainen-poissa-23-9-1923-19-3-2016\/#article","isPartOf":{"@id":"http:\/\/www.rukajarvensuunnanhistoriayhdistys.fi\/historiayhdistys\/ilmari-jokelainen-poissa-23-9-1923-19-3-2016\/"},"author":{"name":"RSHY","@id":"https:\/\/www.rukajarvensuunnanhistoriayhdistys.fi\/historiayhdistys\/#\/schema\/person\/19de7db68bf72dfd2b5d7f6dfbf8454d"},"headline":"Ilmari Jokelainen on poissa (23.9.1923-19.3.2016)","datePublished":"2016-03-20T20:18:38+00:00","dateModified":"2016-03-20T20:21:25+00:00","mainEntityOfPage":{"@id":"http:\/\/www.rukajarvensuunnanhistoriayhdistys.fi\/historiayhdistys\/ilmari-jokelainen-poissa-23-9-1923-19-3-2016\/"},"wordCount":155,"publisher":{"@id":"https:\/\/www.rukajarvensuunnanhistoriayhdistys.fi\/historiayhdistys\/#organization"},"image":{"@id":"http:\/\/www.rukajarvensuunnanhistoriayhdistys.fi\/historiayhdistys\/ilmari-jokelainen-poissa-23-9-1923-19-3-2016\/#primaryimage"},"thumbnailUrl":"https:\/\/www.rukajarvensuunnanhistoriayhdistys.fi\/historiayhdistys\/wp-content\/uploads\/2016\/03\/S2780119-Jokelainen.jpg","articleSection":["Ajankohtaista"],"inLanguage":"fi"},{"@type":"WebPage","@id":"http:\/\/www.rukajarvensuunnanhistoriayhdistys.fi\/historiayhdistys\/ilmari-jokelainen-poissa-23-9-1923-19-3-2016\/","url":"http:\/\/www.rukajarvensuunnanhistoriayhdistys.fi\/historiayhdistys\/ilmari-jokelainen-poissa-23-9-1923-19-3-2016\/","name":"Ilmari Jokelainen on poissa (23.9.1923-19.3.2016) - Rukaj\u00e4rven suunnan historiayhdistys","isPartOf":{"@id":"https:\/\/www.rukajarvensuunnanhistoriayhdistys.fi\/historiayhdistys\/#website"},"primaryImageOfPage":{"@id":"http:\/\/www.rukajarvensuunnanhistoriayhdistys.fi\/historiayhdistys\/ilmari-jokelainen-poissa-23-9-1923-19-3-2016\/#primaryimage"},"image":{"@id":"http:\/\/www.rukajarvensuunnanhistoriayhdistys.fi\/historiayhdistys\/ilmari-jokelainen-poissa-23-9-1923-19-3-2016\/#primaryimage"},"thumbnailUrl":"https:\/\/www.rukajarvensuunnanhistoriayhdistys.fi\/historiayhdistys\/wp-content\/uploads\/2016\/03\/S2780119-Jokelainen.jpg","datePublished":"2016-03-20T20:18:38+00:00","dateModified":"2016-03-20T20:21:25+00:00","breadcrumb":{"@id":"http:\/\/www.rukajarvensuunnanhistoriayhdistys.fi\/historiayhdistys\/ilmari-jokelainen-poissa-23-9-1923-19-3-2016\/#breadcrumb"},"inLanguage":"fi","potentialAction":[{"@type":"ReadAction","target":["http:\/\/www.rukajarvensuunnanhistoriayhdistys.fi\/historiayhdistys\/ilmari-jokelainen-poissa-23-9-1923-19-3-2016\/"]}]},{"@type":"ImageObject","inLanguage":"fi","@id":"http:\/\/www.rukajarvensuunnanhistoriayhdistys.fi\/historiayhdistys\/ilmari-jokelainen-poissa-23-9-1923-19-3-2016\/#primaryimage","url":"https:\/\/www.rukajarvensuunnanhistoriayhdistys.fi\/historiayhdistys\/wp-content\/uploads\/2016\/03\/S2780119-Jokelainen.jpg","contentUrl":"https:\/\/www.rukajarvensuunnanhistoriayhdistys.fi\/historiayhdistys\/wp-content\/uploads\/2016\/03\/S2780119-Jokelainen.jpg","width":4864,"height":2736,"caption":"Veteraanit 90-vuotisjuhlapaikan Ristij\u00e4rven Pirtin rappusilla, Ilmari Jokelainen, Olavi Tiittanen, Maunu Kankaanp\u00e4\u00e4 ja Tauno Tikkanen."},{"@type":"BreadcrumbList","@id":"http:\/\/www.rukajarvensuunnanhistoriayhdistys.fi\/historiayhdistys\/ilmari-jokelainen-poissa-23-9-1923-19-3-2016\/#breadcrumb","itemListElement":[{"@type":"ListItem","position":1,"name":"Etusivu","item":"https:\/\/www.rukajarvensuunnanhistoriayhdistys.fi\/historiayhdistys\/"},{"@type":"ListItem","position":2,"name":"Ilmari Jokelainen on poissa (23.9.1923-19.3.2016)"}]},{"@type":"WebSite","@id":"https:\/\/www.rukajarvensuunnanhistoriayhdistys.fi\/historiayhdistys\/#website","url":"https:\/\/www.rukajarvensuunnanhistoriayhdistys.fi\/historiayhdistys\/","name":"Rukaj\u00e4rven suunnan historiayhdistys","description":"Rukaj\u00e4rven suunnan historiayhdistyksen verkkosivut.","publisher":{"@id":"https:\/\/www.rukajarvensuunnanhistoriayhdistys.fi\/historiayhdistys\/#organization"},"potentialAction":[{"@type":"SearchAction","target":{"@type":"EntryPoint","urlTemplate":"https:\/\/www.rukajarvensuunnanhistoriayhdistys.fi\/historiayhdistys\/?s={search_term_string}"},"query-input":{"@type":"PropertyValueSpecification","valueRequired":true,"valueName":"search_term_string"}}],"inLanguage":"fi"},{"@type":"Organization","@id":"https:\/\/www.rukajarvensuunnanhistoriayhdistys.fi\/historiayhdistys\/#organization","name":"Rukaj\u00e4rven suunnan historiayhdistys","url":"https:\/\/www.rukajarvensuunnanhistoriayhdistys.fi\/historiayhdistys\/","logo":{"@type":"ImageObject","inLanguage":"fi","@id":"https:\/\/www.rukajarvensuunnanhistoriayhdistys.fi\/historiayhdistys\/#\/schema\/logo\/image\/","url":"https:\/\/www.rukajarvensuunnanhistoriayhdistys.fi\/historiayhdistys\/wp-content\/uploads\/2013\/12\/Otsake_3.jpg","contentUrl":"https:\/\/www.rukajarvensuunnanhistoriayhdistys.fi\/historiayhdistys\/wp-content\/uploads\/2013\/12\/Otsake_3.jpg","width":1000,"height":442,"caption":"Rukaj\u00e4rven suunnan historiayhdistys"},"image":{"@id":"https:\/\/www.rukajarvensuunnanhistoriayhdistys.fi\/historiayhdistys\/#\/schema\/logo\/image\/"}},{"@type":"Person","@id":"https:\/\/www.rukajarvensuunnanhistoriayhdistys.fi\/historiayhdistys\/#\/schema\/person\/19de7db68bf72dfd2b5d7f6dfbf8454d","name":"RSHY","image":{"@type":"ImageObject","inLanguage":"fi","@id":"https:\/\/secure.gravatar.com\/avatar\/598d59263a69cc8de65fcb4f9db78d6f58c098cb0e0ba22d73377441af9fa04c?s=96&d=blank&r=g","url":"https:\/\/secure.gravatar.com\/avatar\/598d59263a69cc8de65fcb4f9db78d6f58c098cb0e0ba22d73377441af9fa04c?s=96&d=blank&r=g","contentUrl":"https:\/\/secure.gravatar.com\/avatar\/598d59263a69cc8de65fcb4f9db78d6f58c098cb0e0ba22d73377441af9fa04c?s=96&d=blank&r=g","caption":"RSHY"},"url":"https:\/\/www.rukajarvensuunnanhistoriayhdistys.fi\/historiayhdistys\/author\/rshy\/"}]}},"_links":{"self":[{"href":"https:\/\/www.rukajarvensuunnanhistoriayhdistys.fi\/historiayhdistys\/wp-json\/wp\/v2\/posts\/10503","targetHints":{"allow":["GET"]}}],"collection":[{"href":"https:\/\/www.rukajarvensuunnanhistoriayhdistys.fi\/historiayhdistys\/wp-json\/wp\/v2\/posts"}],"about":[{"href":"https:\/\/www.rukajarvensuunnanhistoriayhdistys.fi\/historiayhdistys\/wp-json\/wp\/v2\/types\/post"}],"author":[{"embeddable":true,"href":"https:\/\/www.rukajarvensuunnanhistoriayhdistys.fi\/historiayhdistys\/wp-json\/wp\/v2\/users\/3"}],"replies":[{"embeddable":true,"href":"https:\/\/www.rukajarvensuunnanhistoriayhdistys.fi\/historiayhdistys\/wp-json\/wp\/v2\/comments?post=10503"}],"version-history":[{"count":2,"href":"https:\/\/www.rukajarvensuunnanhistoriayhdistys.fi\/historiayhdistys\/wp-json\/wp\/v2\/posts\/10503\/revisions"}],"predecessor-version":[{"id":10506,"href":"https:\/\/www.rukajarvensuunnanhistoriayhdistys.fi\/historiayhdistys\/wp-json\/wp\/v2\/posts\/10503\/revisions\/10506"}],"wp:featuredmedia":[{"embeddable":true,"href":"https:\/\/www.rukajarvensuunnanhistoriayhdistys.fi\/historiayhdistys\/wp-json\/wp\/v2\/media\/10504"}],"wp:attachment":[{"href":"https:\/\/www.rukajarvensuunnanhistoriayhdistys.fi\/historiayhdistys\/wp-json\/wp\/v2\/media?parent=10503"}],"wp:term":[{"taxonomy":"category","embeddable":true,"href":"https:\/\/www.rukajarvensuunnanhistoriayhdistys.fi\/historiayhdistys\/wp-json\/wp\/v2\/categories?post=10503"},{"taxonomy":"post_tag","embeddable":true,"href":"https:\/\/www.rukajarvensuunnanhistoriayhdistys.fi\/historiayhdistys\/wp-json\/wp\/v2\/tags?post=10503"}],"curies":[{"name":"wp","href":"https:\/\/api.w.org\/{rel}","templated":true}]}}