{"id":10510,"date":"2016-03-26T08:54:06","date_gmt":"2016-03-26T06:54:06","guid":{"rendered":"http:\/\/www.rukajarvensuunnanhistoriayhdistys.fi\/historiayhdistys\/?p=10510"},"modified":"2016-03-26T08:54:06","modified_gmt":"2016-03-26T06:54:06","slug":"ilmari-jokelaisen-muistolle","status":"publish","type":"post","link":"https:\/\/www.rukajarvensuunnanhistoriayhdistys.fi\/historiayhdistys\/ilmari-jokelaisen-muistolle\/","title":{"rendered":"Ilmari Jokelaisen muistolle"},"content":{"rendered":"<div class=\"fcbkbttn_buttons_block\" id=\"fcbkbttn_left\"><div class=\"fcbkbttn_like \"><fb:like href=\"https:\/\/www.rukajarvensuunnanhistoriayhdistys.fi\/historiayhdistys\/ilmari-jokelaisen-muistolle\/\" action=\"like\" colorscheme=\"light\" layout=\"button_count\"  size=\"small\"><\/fb:like><\/div><\/div><p>Sain eilen 20.3. tiedon, ett\u00e4 sotaveteraani Ilmari Jokelainen on nukkunut pois. H\u00e4n oli syntynyt Paltamossa 23.9.1923 ja oli kuollessaan 92 vuotias. Vain muutama p\u00e4iv\u00e4 sitten soitin h\u00e4nelle ja kerroin terveiset t\u00e4m\u00e4n kuun 10 p\u00e4iv\u00e4n\u00e4 100 vuotta t\u00e4ytt\u00e4neelt\u00e4 sotaveteraani Tauno Tikkaselta, jonka ikimuistiini j\u00e4\u00e4v\u00e4ss\u00e4 juhlassa sain olla mukana. Viime kev\u00e4\u00e4n\u00e4 Ilmarin kanssa viel\u00e4 suunnittelimme,\u00a0 ett\u00e4 osallistuisimme juhlaan yhdess\u00e4. N\u00e4in ei kuitenkaan voinut tapahtua.<\/p>\n<figure id=\"attachment_10512\" aria-describedby=\"caption-attachment-10512\" style=\"width: 3456px\" class=\"wp-caption aligncenter\"><a href=\"http:\/\/www.rukajarvensuunnanhistoriayhdistys.fi\/historiayhdistys\/wp-content\/uploads\/2016\/03\/B-051-Ilmari-Jokelainen-90-vuotta.jpg\" rel=\"attachment wp-att-10512\"><img loading=\"lazy\" decoding=\"async\" class=\"wp-image-10512 size-full\" src=\"http:\/\/www.rukajarvensuunnanhistoriayhdistys.fi\/historiayhdistys\/wp-content\/uploads\/2016\/03\/B-051-Ilmari-Jokelainen-90-vuotta.jpg\" alt=\"Ilmari Jokelainen \" width=\"3456\" height=\"5184\" data-id=\"10512\" srcset=\"https:\/\/www.rukajarvensuunnanhistoriayhdistys.fi\/historiayhdistys\/wp-content\/uploads\/2016\/03\/B-051-Ilmari-Jokelainen-90-vuotta.jpg 3456w, https:\/\/www.rukajarvensuunnanhistoriayhdistys.fi\/historiayhdistys\/wp-content\/uploads\/2016\/03\/B-051-Ilmari-Jokelainen-90-vuotta-200x300.jpg 200w, https:\/\/www.rukajarvensuunnanhistoriayhdistys.fi\/historiayhdistys\/wp-content\/uploads\/2016\/03\/B-051-Ilmari-Jokelainen-90-vuotta-768x1152.jpg 768w, https:\/\/www.rukajarvensuunnanhistoriayhdistys.fi\/historiayhdistys\/wp-content\/uploads\/2016\/03\/B-051-Ilmari-Jokelainen-90-vuotta-683x1024.jpg 683w\" sizes=\"auto, (max-width: 3456px) 100vw, 3456px\" \/><\/a><figcaption id=\"caption-attachment-10512\" class=\"wp-caption-text\">Ilmari Jokelainen<\/figcaption><\/figure>\n<p>Ilmarin kanssa tulimme l\u00e4heisiksi toisillemme kes\u00e4n 1944 Tsirkka-Kemijoen hy\u00e4kk\u00e4ystaisteluissa. Olimme kumpikin tunnetun komppanianp\u00e4\u00e4llikk\u00f6 luutn. Seppo H\u00e4nnnisen taistelul\u00e4hettej\u00e4. Siin\u00e4 Jatkosodassa, Suomen ja Neuvostojoukkojen v\u00e4lill\u00e4 viimeksi j\u00e4\u00e4neess\u00e4 16.8.44 tehdyss\u00e4 hy\u00f6kk\u00e4yksess\u00e4 ven\u00e4l\u00e4isten huoltotien katkaisemiseksi H\u00e4nninen kaatui ja j\u00e4i taistelukent\u00e4lle. Pian t\u00e4m\u00e4n j\u00e4lkeen Ilmari huusi minulle, ett\u00e4 h\u00e4neen sattui pahasti. Ry\u00f6min h\u00e4nen luokseen ja totesin tilanteen. Kranaatin sirpale oli viilt\u00e4nyt h\u00e4nen oikean k\u00e4tens\u00e4 melkein poikki. Silt\u00e4 se n\u00e4ytti. Pienempi\u00e4 sirpaleen viiltoja oli muuallakin, p\u00e4\u00e4ss\u00e4kin.<\/p>\n<p>Ankarasta tulituksesta huolimatta H\u00e4nnisen johtama hy\u00f6kk\u00e4ys eteni n. 7o metrin et\u00e4isyydelle ven\u00e4l\u00e4isten tukikohdasta. Sen totesimme v. 2011 paikan p\u00e4\u00e4ll\u00e4 k\u00e4ydess\u00e4mme.<\/p>\n<p>H\u00e4nnisen kaaduttua hy\u00f6kk\u00e4ys tyrehtyi. Kuulemani mukaan joku joukkueen johtaja on ottanut komennon ja antanut per\u00e4\u00e4ntymisk\u00e4skyn. Sit\u00e4 en kuullut, mutta ei se meid\u00e4n tilannetta olisi muuksi muuttanut. Enh\u00e4n voinut Ilmaria sinne j\u00e4tt\u00e4\u00e4.<\/p>\n<p>Samassa hy\u00f6kk\u00e4yksess\u00e4 mukana ollut puolijoukkuetta johtanut kersantti Tauno Tikkanen, joka meist\u00e4 oli n. 50 metrin p\u00e4\u00e4ss\u00e4 oikealla, on kertonut n\u00e4hneens\u00e4 meist\u00e4 vain reput ja olettanut Ilmarin ja minunkin kaatuneen.<\/p>\n<p>Siit\u00e4 alkoi Ilmarin ja minun ep\u00e4toivoiselta tuntunut matka tavoitteena l\u00f6yt\u00e4\u00e4 omat joukot. Matkan teko oli hankalaa melkein poikkileikkautuneen k\u00e4den kanssa. Onneksemme tiellemme sattui v\u00e4h\u00e4inen notkelma. Sen suojassa kyljell\u00e4ni maaten sidoin repussani olleella sideharsolla k\u00e4den ja otin pari oksan palaa tueksi. En tied\u00e4 miten kauan viivyimme ja miten sit\u00e4 matkaa oikein teimme. Eniten siin\u00e4 tilanteessa pelk\u00e4sin, ett\u00e4 Ilmari menett\u00e4\u00e4 tajuntansa. Mutta niin vain l\u00f6ysimme omiemme luo. Silloin Ilmarikin menetti tajuntansa. T\u00e4ysin uupunut olin itsekin. Ei se vangiksikaan j\u00e4\u00e4minen ollut kuulemma kaukana, vaikka emme me siit\u00e4 itse mit\u00e4\u00e4n tiet\u00e4neet.<\/p>\n<p>Ilmarin monivaiheinen matka sotasairaalaan olisi sekin kertomisen arvoinen. Tajuihinsakin h\u00e4n tuli kerran ainakin sill\u00e4 tavalla kun vett\u00e4 loiskahti h\u00e4nen kasvoilleen. Matkaa kun tehtiin sielt\u00e4 korvesta monella tavalla, my\u00f6s venekyydill\u00e4.<\/p>\n<p><a href=\"http:\/\/www.rukajarvensuunnanhistoriayhdistys.fi\/historiayhdistys\/wp-content\/uploads\/2016\/03\/A-127-Ilmari-Jokelainen-90-vuotta.jpg\" rel=\"attachment wp-att-10511\"><img loading=\"lazy\" decoding=\"async\" class=\"aligncenter wp-image-10511 size-full\" src=\"http:\/\/www.rukajarvensuunnanhistoriayhdistys.fi\/historiayhdistys\/wp-content\/uploads\/2016\/03\/A-127-Ilmari-Jokelainen-90-vuotta.jpg\" alt=\"A-127-Ilmari-Jokelainen 90-vuotta\" width=\"3456\" height=\"5184\" data-id=\"10511\" srcset=\"https:\/\/www.rukajarvensuunnanhistoriayhdistys.fi\/historiayhdistys\/wp-content\/uploads\/2016\/03\/A-127-Ilmari-Jokelainen-90-vuotta.jpg 3456w, https:\/\/www.rukajarvensuunnanhistoriayhdistys.fi\/historiayhdistys\/wp-content\/uploads\/2016\/03\/A-127-Ilmari-Jokelainen-90-vuotta-200x300.jpg 200w, https:\/\/www.rukajarvensuunnanhistoriayhdistys.fi\/historiayhdistys\/wp-content\/uploads\/2016\/03\/A-127-Ilmari-Jokelainen-90-vuotta-768x1152.jpg 768w, https:\/\/www.rukajarvensuunnanhistoriayhdistys.fi\/historiayhdistys\/wp-content\/uploads\/2016\/03\/A-127-Ilmari-Jokelainen-90-vuotta-683x1024.jpg 683w\" sizes=\"auto, (max-width: 3456px) 100vw, 3456px\" \/><\/a><\/p>\n<p>Niin se vain k\u00e4vi, ettei tullut koskaan puhuttua mik\u00e4 kummankin kotipaikka on. Lueskelin joskus 1990- luvun loppupuolella Rukaj\u00e4rven suunnan taisteluista kirjoitettuja kirjoja.\u00a0 Mm. kirjailija Onni Palaste oli haastatellut Ilmaria. Ja niin min\u00e4 sain kirjailijalta tiet\u00e4\u00e4, ett\u00e4 Ilmari on elossa ja asuu Ristij\u00e4rvell\u00e4. Sain h\u00e4nelt\u00e4 my\u00f6s Ilmarin puhelinnumeron. Siit\u00e4 paikasta soitin h\u00e4nelle. Siell\u00e4 vastasi Ilmari, jonka ensimm\u00e4iset sanat olivat, ett\u00e4 usein olen ajatellut miss\u00e4h\u00e4n Sin\u00e4 olet ja oletko viel\u00e4 hengiss\u00e4. Se oli vuosi 1999. Siin\u00e4 samalla sovimme, ett\u00e4 l\u00e4hdemme vaimoni kanssa Sinua ja vaimoasi tapaamaan.<\/p>\n<p>Kun Ristij\u00e4rvell\u00e4 Tolosenjoentielt\u00e4 k\u00e4\u00e4nnyimme heid\u00e4n kauniiseen pihapiiriins\u00e4 oli siin\u00e4 vastassa jo Ilmari, jonka kanssa 55 vuotta ja 10 p\u00e4iv\u00e4\u00e4 sitten teimme tuota kertomaani matkaa melko ep\u00e4toivoisessa tilanteessa. Sanomattakin on selv\u00e4\u00e4, ett\u00e4 tapaaminen oli molemmin puolin l\u00e4mmin ja vaikuttava.<\/p>\n<p>Katselin sit\u00e4 k\u00e4tt\u00e4. Ilmari ei ollut antanut sit\u00e4 amputoida. Se oli 8 cm lyhyempi. K\u00e4si toimi jotenkin ja verenkierto. Mies oli kuitenkin pysyv\u00e4sti 60 %:n sotainvalidi. Sodan j\u00e4lkeen s\u00e4\u00e4detyn rintamamiehi\u00e4 koskevan lain nojalla Ilmarikin sai Kymi Oy:n maista 40 ha:n suuruisen maa-alueen, jota ei saanut ilmaiseksi eik\u00e4 se ollut milt\u00e4\u00e4n osin viljelykelpoista. Lis\u00e4ksi luovutukseen sis\u00e4ltyi tiukat ehdot miss\u00e4 ajassa m\u00e4\u00e4r\u00e4tyt ty\u00f6t ja rakennukset piti valmistua. Ilmari raivasi tuosta alueesta 10 ha viljelyskelpoiseksi, josta varsinkin 4 ha:n osuus on ollut eritt\u00e4in ty\u00f6l\u00e4st\u00e4. P\u00e4\u00e4rakennuksen paikkakin oli raivattava.<\/p>\n<p>Ilmari raivasi ja kaivoi ojat lapiolla. Niin, ett\u00e4 veri tihkui joskus tuosta haavoittuneesta k\u00e4dest\u00e4. H\u00e4n, jos kukaan on my\u00f6s ty\u00f6n sankari.<\/p>\n<p>Mutta kaiken tuon edell\u00e4 kerrotun lis\u00e4ksi Ilmari oli k\u00e4sist\u00e4\u00e4n taitava. Kun k\u00e4vin h\u00e4nen verstaassaan oli siell\u00e4 monenlaisia puusta tehtyj\u00e4 k\u00e4sit\u00f6it\u00e4. Muistoksi h\u00e4n antoi minullekin yhden sellaisen.<\/p>\n<p>Ensitapaamisen j\u00e4lkeen olemme pit\u00e4neet yhteytt\u00e4 ja soitelleet toisillemme. My\u00f6s tavanomaiset Joulu- ja merkkip\u00e4iv\u00e4t on\u00a0 yritetty muistaa.\u00a0 Kun Ilmari t\u00e4ytti 23.9. 2013\u00a0 90 vuotta k\u00e4vin h\u00e4nt\u00e4 onnittelemassa Ristij\u00e4rvell\u00e4 samasta komppaniasta\u00a0 olleiden veteraanien Tauno Tikkasen ja Olavi Tiittasen kanssa.<\/p>\n<p>Muistaakseni Ilmari ja Rauha seurustelivat jo sota-aikana. Kenties saattoivat olla kihloissakin. He saivat toisensa. Perustivat perheen, onnellisen. Saivat 4 lasta, kolme poikaa ja tyt\u00f6n. Onnellisia olemme olleet molemmin puolin siit\u00e4, ett\u00e4 pelastuimme.<\/p>\n<p><a href=\"http:\/\/www.rukajarvensuunnanhistoriayhdistys.fi\/historiayhdistys\/wp-content\/uploads\/2016\/03\/C-1-043-Ilmari-Jokelainen-90-vuotta.jpg\" rel=\"attachment wp-att-10513\"><img loading=\"lazy\" decoding=\"async\" class=\"aligncenter wp-image-10513 size-full\" src=\"http:\/\/www.rukajarvensuunnanhistoriayhdistys.fi\/historiayhdistys\/wp-content\/uploads\/2016\/03\/C-1-043-Ilmari-Jokelainen-90-vuotta.jpg\" alt=\"C-1-043-Ilmari-Jokelainen 90-vuotta\" width=\"2420\" height=\"3444\" data-id=\"10513\" srcset=\"https:\/\/www.rukajarvensuunnanhistoriayhdistys.fi\/historiayhdistys\/wp-content\/uploads\/2016\/03\/C-1-043-Ilmari-Jokelainen-90-vuotta.jpg 2420w, https:\/\/www.rukajarvensuunnanhistoriayhdistys.fi\/historiayhdistys\/wp-content\/uploads\/2016\/03\/C-1-043-Ilmari-Jokelainen-90-vuotta-211x300.jpg 211w, https:\/\/www.rukajarvensuunnanhistoriayhdistys.fi\/historiayhdistys\/wp-content\/uploads\/2016\/03\/C-1-043-Ilmari-Jokelainen-90-vuotta-768x1093.jpg 768w, https:\/\/www.rukajarvensuunnanhistoriayhdistys.fi\/historiayhdistys\/wp-content\/uploads\/2016\/03\/C-1-043-Ilmari-Jokelainen-90-vuotta-720x1024.jpg 720w\" sizes=\"auto, (max-width: 2420px) 100vw, 2420px\" \/><\/a><\/p>\n<p>T\u00e4m\u00e4n kirjoituksen kautta haluan kunnioittaa hyv\u00e4n yst\u00e4v\u00e4ni muistoa, yst\u00e4v\u00e4n, joka nyt on poistunut keskuudestamme. En j\u00e4t\u00e4 Sinua muistoistani koskaan. Samalla haluan v\u00e4litt\u00e4\u00e4 t\u00e4m\u00e4n kautta\u00a0 Rauhalle ja lapsille ja heid\u00e4n perheilleen syv\u00e4n osanottoni Ilmarin poismenon johdosta.<\/p>\n<p>Maunu Kankaanp\u00e4\u00e4<\/p>\n","protected":false},"excerpt":{"rendered":"<p>Sain eilen 20.3. tiedon, ett\u00e4 sotaveteraani Ilmari Jokelainen on nukkunut pois. H\u00e4n oli syntynyt Paltamossa 23.9.1923 ja oli kuollessaan 92 vuotias. Vain muutama p\u00e4iv\u00e4 sitten soitin h\u00e4nelle ja kerroin terveiset <a class=\"more-link\" href=\"https:\/\/www.rukajarvensuunnanhistoriayhdistys.fi\/historiayhdistys\/ilmari-jokelaisen-muistolle\/\">Teksti jatkuu&#8230;<span class=\"screen-reader-text\">Ilmari Jokelaisen muistolle<\/span><span class=\"meta-nav\">\u2192<\/span><\/a><\/p>\n","protected":false},"author":3,"featured_media":0,"comment_status":"closed","ping_status":"open","sticky":false,"template":"","format":"standard","meta":{"footnotes":""},"categories":[22],"tags":[],"class_list":["post-10510","post","type-post","status-publish","format-standard","hentry","category-ajankohtaista"],"yoast_head":"<!-- This site is optimized with the Yoast SEO plugin v27.4 - https:\/\/yoast.com\/product\/yoast-seo-wordpress\/ -->\n<title>Ilmari Jokelaisen muistolle - Rukaj\u00e4rven suunnan historiayhdistys<\/title>\n<meta name=\"robots\" content=\"index, follow, max-snippet:-1, max-image-preview:large, max-video-preview:-1\" \/>\n<link rel=\"canonical\" href=\"https:\/\/www.rukajarvensuunnanhistoriayhdistys.fi\/historiayhdistys\/ilmari-jokelaisen-muistolle\/\" \/>\n<meta property=\"og:locale\" content=\"fi_FI\" \/>\n<meta property=\"og:type\" content=\"article\" \/>\n<meta property=\"og:title\" content=\"Ilmari Jokelaisen muistolle - Rukaj\u00e4rven suunnan historiayhdistys\" \/>\n<meta property=\"og:description\" content=\"Sain eilen 20.3. tiedon, ett\u00e4 sotaveteraani Ilmari Jokelainen on nukkunut pois. H\u00e4n oli syntynyt Paltamossa 23.9.1923 ja oli kuollessaan 92 vuotias. Vain muutama p\u00e4iv\u00e4 sitten soitin h\u00e4nelle ja kerroin terveiset Teksti jatkuu...Ilmari Jokelaisen muistolle\u2192\" \/>\n<meta property=\"og:url\" content=\"https:\/\/www.rukajarvensuunnanhistoriayhdistys.fi\/historiayhdistys\/ilmari-jokelaisen-muistolle\/\" \/>\n<meta property=\"og:site_name\" content=\"Rukaj\u00e4rven suunnan historiayhdistys\" \/>\n<meta property=\"article:published_time\" content=\"2016-03-26T06:54:06+00:00\" \/>\n<meta property=\"og:image\" content=\"http:\/\/www.rukajarvensuunnanhistoriayhdistys.fi\/historiayhdistys\/wp-content\/uploads\/2016\/03\/B-051-Ilmari-Jokelainen-90-vuotta.jpg\" \/>\n<meta name=\"author\" content=\"RSHY\" \/>\n<meta name=\"twitter:label1\" content=\"Kirjoittanut\" \/>\n\t<meta name=\"twitter:data1\" content=\"RSHY\" \/>\n\t<meta name=\"twitter:label2\" content=\"Arvioitu lukuaika\" \/>\n\t<meta name=\"twitter:data2\" content=\"4 minuuttia\" \/>\n<script type=\"application\/ld+json\" class=\"yoast-schema-graph\">{\"@context\":\"https:\\\/\\\/schema.org\",\"@graph\":[{\"@type\":\"Article\",\"@id\":\"https:\\\/\\\/www.rukajarvensuunnanhistoriayhdistys.fi\\\/historiayhdistys\\\/ilmari-jokelaisen-muistolle\\\/#article\",\"isPartOf\":{\"@id\":\"https:\\\/\\\/www.rukajarvensuunnanhistoriayhdistys.fi\\\/historiayhdistys\\\/ilmari-jokelaisen-muistolle\\\/\"},\"author\":{\"name\":\"RSHY\",\"@id\":\"https:\\\/\\\/www.rukajarvensuunnanhistoriayhdistys.fi\\\/historiayhdistys\\\/#\\\/schema\\\/person\\\/19de7db68bf72dfd2b5d7f6dfbf8454d\"},\"headline\":\"Ilmari Jokelaisen muistolle\",\"datePublished\":\"2016-03-26T06:54:06+00:00\",\"mainEntityOfPage\":{\"@id\":\"https:\\\/\\\/www.rukajarvensuunnanhistoriayhdistys.fi\\\/historiayhdistys\\\/ilmari-jokelaisen-muistolle\\\/\"},\"wordCount\":826,\"publisher\":{\"@id\":\"https:\\\/\\\/www.rukajarvensuunnanhistoriayhdistys.fi\\\/historiayhdistys\\\/#organization\"},\"image\":{\"@id\":\"https:\\\/\\\/www.rukajarvensuunnanhistoriayhdistys.fi\\\/historiayhdistys\\\/ilmari-jokelaisen-muistolle\\\/#primaryimage\"},\"thumbnailUrl\":\"http:\\\/\\\/www.rukajarvensuunnanhistoriayhdistys.fi\\\/historiayhdistys\\\/wp-content\\\/uploads\\\/2016\\\/03\\\/B-051-Ilmari-Jokelainen-90-vuotta.jpg\",\"articleSection\":[\"Ajankohtaista\"],\"inLanguage\":\"fi\"},{\"@type\":\"WebPage\",\"@id\":\"https:\\\/\\\/www.rukajarvensuunnanhistoriayhdistys.fi\\\/historiayhdistys\\\/ilmari-jokelaisen-muistolle\\\/\",\"url\":\"https:\\\/\\\/www.rukajarvensuunnanhistoriayhdistys.fi\\\/historiayhdistys\\\/ilmari-jokelaisen-muistolle\\\/\",\"name\":\"Ilmari Jokelaisen muistolle - Rukaj\u00e4rven suunnan historiayhdistys\",\"isPartOf\":{\"@id\":\"https:\\\/\\\/www.rukajarvensuunnanhistoriayhdistys.fi\\\/historiayhdistys\\\/#website\"},\"primaryImageOfPage\":{\"@id\":\"https:\\\/\\\/www.rukajarvensuunnanhistoriayhdistys.fi\\\/historiayhdistys\\\/ilmari-jokelaisen-muistolle\\\/#primaryimage\"},\"image\":{\"@id\":\"https:\\\/\\\/www.rukajarvensuunnanhistoriayhdistys.fi\\\/historiayhdistys\\\/ilmari-jokelaisen-muistolle\\\/#primaryimage\"},\"thumbnailUrl\":\"http:\\\/\\\/www.rukajarvensuunnanhistoriayhdistys.fi\\\/historiayhdistys\\\/wp-content\\\/uploads\\\/2016\\\/03\\\/B-051-Ilmari-Jokelainen-90-vuotta.jpg\",\"datePublished\":\"2016-03-26T06:54:06+00:00\",\"breadcrumb\":{\"@id\":\"https:\\\/\\\/www.rukajarvensuunnanhistoriayhdistys.fi\\\/historiayhdistys\\\/ilmari-jokelaisen-muistolle\\\/#breadcrumb\"},\"inLanguage\":\"fi\",\"potentialAction\":[{\"@type\":\"ReadAction\",\"target\":[\"https:\\\/\\\/www.rukajarvensuunnanhistoriayhdistys.fi\\\/historiayhdistys\\\/ilmari-jokelaisen-muistolle\\\/\"]}]},{\"@type\":\"ImageObject\",\"inLanguage\":\"fi\",\"@id\":\"https:\\\/\\\/www.rukajarvensuunnanhistoriayhdistys.fi\\\/historiayhdistys\\\/ilmari-jokelaisen-muistolle\\\/#primaryimage\",\"url\":\"https:\\\/\\\/www.rukajarvensuunnanhistoriayhdistys.fi\\\/historiayhdistys\\\/wp-content\\\/uploads\\\/2016\\\/03\\\/B-051-Ilmari-Jokelainen-90-vuotta.jpg\",\"contentUrl\":\"https:\\\/\\\/www.rukajarvensuunnanhistoriayhdistys.fi\\\/historiayhdistys\\\/wp-content\\\/uploads\\\/2016\\\/03\\\/B-051-Ilmari-Jokelainen-90-vuotta.jpg\",\"width\":3456,\"height\":5184,\"caption\":\"Ilmari Jokelainen\"},{\"@type\":\"BreadcrumbList\",\"@id\":\"https:\\\/\\\/www.rukajarvensuunnanhistoriayhdistys.fi\\\/historiayhdistys\\\/ilmari-jokelaisen-muistolle\\\/#breadcrumb\",\"itemListElement\":[{\"@type\":\"ListItem\",\"position\":1,\"name\":\"Etusivu\",\"item\":\"https:\\\/\\\/www.rukajarvensuunnanhistoriayhdistys.fi\\\/historiayhdistys\\\/\"},{\"@type\":\"ListItem\",\"position\":2,\"name\":\"Ilmari Jokelaisen muistolle\"}]},{\"@type\":\"WebSite\",\"@id\":\"https:\\\/\\\/www.rukajarvensuunnanhistoriayhdistys.fi\\\/historiayhdistys\\\/#website\",\"url\":\"https:\\\/\\\/www.rukajarvensuunnanhistoriayhdistys.fi\\\/historiayhdistys\\\/\",\"name\":\"Rukaj\u00e4rven suunnan historiayhdistys\",\"description\":\"Rukaj\u00e4rven suunnan historiayhdistyksen verkkosivut.\",\"publisher\":{\"@id\":\"https:\\\/\\\/www.rukajarvensuunnanhistoriayhdistys.fi\\\/historiayhdistys\\\/#organization\"},\"potentialAction\":[{\"@type\":\"SearchAction\",\"target\":{\"@type\":\"EntryPoint\",\"urlTemplate\":\"https:\\\/\\\/www.rukajarvensuunnanhistoriayhdistys.fi\\\/historiayhdistys\\\/?s={search_term_string}\"},\"query-input\":{\"@type\":\"PropertyValueSpecification\",\"valueRequired\":true,\"valueName\":\"search_term_string\"}}],\"inLanguage\":\"fi\"},{\"@type\":\"Organization\",\"@id\":\"https:\\\/\\\/www.rukajarvensuunnanhistoriayhdistys.fi\\\/historiayhdistys\\\/#organization\",\"name\":\"Rukaj\u00e4rven suunnan historiayhdistys\",\"url\":\"https:\\\/\\\/www.rukajarvensuunnanhistoriayhdistys.fi\\\/historiayhdistys\\\/\",\"logo\":{\"@type\":\"ImageObject\",\"inLanguage\":\"fi\",\"@id\":\"https:\\\/\\\/www.rukajarvensuunnanhistoriayhdistys.fi\\\/historiayhdistys\\\/#\\\/schema\\\/logo\\\/image\\\/\",\"url\":\"https:\\\/\\\/www.rukajarvensuunnanhistoriayhdistys.fi\\\/historiayhdistys\\\/wp-content\\\/uploads\\\/2013\\\/12\\\/Otsake_3.jpg\",\"contentUrl\":\"https:\\\/\\\/www.rukajarvensuunnanhistoriayhdistys.fi\\\/historiayhdistys\\\/wp-content\\\/uploads\\\/2013\\\/12\\\/Otsake_3.jpg\",\"width\":1000,\"height\":442,\"caption\":\"Rukaj\u00e4rven suunnan historiayhdistys\"},\"image\":{\"@id\":\"https:\\\/\\\/www.rukajarvensuunnanhistoriayhdistys.fi\\\/historiayhdistys\\\/#\\\/schema\\\/logo\\\/image\\\/\"}},{\"@type\":\"Person\",\"@id\":\"https:\\\/\\\/www.rukajarvensuunnanhistoriayhdistys.fi\\\/historiayhdistys\\\/#\\\/schema\\\/person\\\/19de7db68bf72dfd2b5d7f6dfbf8454d\",\"name\":\"RSHY\",\"image\":{\"@type\":\"ImageObject\",\"inLanguage\":\"fi\",\"@id\":\"https:\\\/\\\/secure.gravatar.com\\\/avatar\\\/598d59263a69cc8de65fcb4f9db78d6f58c098cb0e0ba22d73377441af9fa04c?s=96&d=blank&r=g\",\"url\":\"https:\\\/\\\/secure.gravatar.com\\\/avatar\\\/598d59263a69cc8de65fcb4f9db78d6f58c098cb0e0ba22d73377441af9fa04c?s=96&d=blank&r=g\",\"contentUrl\":\"https:\\\/\\\/secure.gravatar.com\\\/avatar\\\/598d59263a69cc8de65fcb4f9db78d6f58c098cb0e0ba22d73377441af9fa04c?s=96&d=blank&r=g\",\"caption\":\"RSHY\"},\"url\":\"https:\\\/\\\/www.rukajarvensuunnanhistoriayhdistys.fi\\\/historiayhdistys\\\/author\\\/rshy\\\/\"}]}<\/script>\n<!-- \/ Yoast SEO plugin. -->","yoast_head_json":{"title":"Ilmari Jokelaisen muistolle - Rukaj\u00e4rven suunnan historiayhdistys","robots":{"index":"index","follow":"follow","max-snippet":"max-snippet:-1","max-image-preview":"max-image-preview:large","max-video-preview":"max-video-preview:-1"},"canonical":"https:\/\/www.rukajarvensuunnanhistoriayhdistys.fi\/historiayhdistys\/ilmari-jokelaisen-muistolle\/","og_locale":"fi_FI","og_type":"article","og_title":"Ilmari Jokelaisen muistolle - Rukaj\u00e4rven suunnan historiayhdistys","og_description":"Sain eilen 20.3. tiedon, ett\u00e4 sotaveteraani Ilmari Jokelainen on nukkunut pois. H\u00e4n oli syntynyt Paltamossa 23.9.1923 ja oli kuollessaan 92 vuotias. Vain muutama p\u00e4iv\u00e4 sitten soitin h\u00e4nelle ja kerroin terveiset Teksti jatkuu...Ilmari Jokelaisen muistolle\u2192","og_url":"https:\/\/www.rukajarvensuunnanhistoriayhdistys.fi\/historiayhdistys\/ilmari-jokelaisen-muistolle\/","og_site_name":"Rukaj\u00e4rven suunnan historiayhdistys","article_published_time":"2016-03-26T06:54:06+00:00","og_image":[{"url":"http:\/\/www.rukajarvensuunnanhistoriayhdistys.fi\/historiayhdistys\/wp-content\/uploads\/2016\/03\/B-051-Ilmari-Jokelainen-90-vuotta.jpg","type":"","width":"","height":""}],"author":"RSHY","twitter_misc":{"Kirjoittanut":"RSHY","Arvioitu lukuaika":"4 minuuttia"},"schema":{"@context":"https:\/\/schema.org","@graph":[{"@type":"Article","@id":"https:\/\/www.rukajarvensuunnanhistoriayhdistys.fi\/historiayhdistys\/ilmari-jokelaisen-muistolle\/#article","isPartOf":{"@id":"https:\/\/www.rukajarvensuunnanhistoriayhdistys.fi\/historiayhdistys\/ilmari-jokelaisen-muistolle\/"},"author":{"name":"RSHY","@id":"https:\/\/www.rukajarvensuunnanhistoriayhdistys.fi\/historiayhdistys\/#\/schema\/person\/19de7db68bf72dfd2b5d7f6dfbf8454d"},"headline":"Ilmari Jokelaisen muistolle","datePublished":"2016-03-26T06:54:06+00:00","mainEntityOfPage":{"@id":"https:\/\/www.rukajarvensuunnanhistoriayhdistys.fi\/historiayhdistys\/ilmari-jokelaisen-muistolle\/"},"wordCount":826,"publisher":{"@id":"https:\/\/www.rukajarvensuunnanhistoriayhdistys.fi\/historiayhdistys\/#organization"},"image":{"@id":"https:\/\/www.rukajarvensuunnanhistoriayhdistys.fi\/historiayhdistys\/ilmari-jokelaisen-muistolle\/#primaryimage"},"thumbnailUrl":"http:\/\/www.rukajarvensuunnanhistoriayhdistys.fi\/historiayhdistys\/wp-content\/uploads\/2016\/03\/B-051-Ilmari-Jokelainen-90-vuotta.jpg","articleSection":["Ajankohtaista"],"inLanguage":"fi"},{"@type":"WebPage","@id":"https:\/\/www.rukajarvensuunnanhistoriayhdistys.fi\/historiayhdistys\/ilmari-jokelaisen-muistolle\/","url":"https:\/\/www.rukajarvensuunnanhistoriayhdistys.fi\/historiayhdistys\/ilmari-jokelaisen-muistolle\/","name":"Ilmari Jokelaisen muistolle - Rukaj\u00e4rven suunnan historiayhdistys","isPartOf":{"@id":"https:\/\/www.rukajarvensuunnanhistoriayhdistys.fi\/historiayhdistys\/#website"},"primaryImageOfPage":{"@id":"https:\/\/www.rukajarvensuunnanhistoriayhdistys.fi\/historiayhdistys\/ilmari-jokelaisen-muistolle\/#primaryimage"},"image":{"@id":"https:\/\/www.rukajarvensuunnanhistoriayhdistys.fi\/historiayhdistys\/ilmari-jokelaisen-muistolle\/#primaryimage"},"thumbnailUrl":"http:\/\/www.rukajarvensuunnanhistoriayhdistys.fi\/historiayhdistys\/wp-content\/uploads\/2016\/03\/B-051-Ilmari-Jokelainen-90-vuotta.jpg","datePublished":"2016-03-26T06:54:06+00:00","breadcrumb":{"@id":"https:\/\/www.rukajarvensuunnanhistoriayhdistys.fi\/historiayhdistys\/ilmari-jokelaisen-muistolle\/#breadcrumb"},"inLanguage":"fi","potentialAction":[{"@type":"ReadAction","target":["https:\/\/www.rukajarvensuunnanhistoriayhdistys.fi\/historiayhdistys\/ilmari-jokelaisen-muistolle\/"]}]},{"@type":"ImageObject","inLanguage":"fi","@id":"https:\/\/www.rukajarvensuunnanhistoriayhdistys.fi\/historiayhdistys\/ilmari-jokelaisen-muistolle\/#primaryimage","url":"https:\/\/www.rukajarvensuunnanhistoriayhdistys.fi\/historiayhdistys\/wp-content\/uploads\/2016\/03\/B-051-Ilmari-Jokelainen-90-vuotta.jpg","contentUrl":"https:\/\/www.rukajarvensuunnanhistoriayhdistys.fi\/historiayhdistys\/wp-content\/uploads\/2016\/03\/B-051-Ilmari-Jokelainen-90-vuotta.jpg","width":3456,"height":5184,"caption":"Ilmari Jokelainen"},{"@type":"BreadcrumbList","@id":"https:\/\/www.rukajarvensuunnanhistoriayhdistys.fi\/historiayhdistys\/ilmari-jokelaisen-muistolle\/#breadcrumb","itemListElement":[{"@type":"ListItem","position":1,"name":"Etusivu","item":"https:\/\/www.rukajarvensuunnanhistoriayhdistys.fi\/historiayhdistys\/"},{"@type":"ListItem","position":2,"name":"Ilmari Jokelaisen muistolle"}]},{"@type":"WebSite","@id":"https:\/\/www.rukajarvensuunnanhistoriayhdistys.fi\/historiayhdistys\/#website","url":"https:\/\/www.rukajarvensuunnanhistoriayhdistys.fi\/historiayhdistys\/","name":"Rukaj\u00e4rven suunnan historiayhdistys","description":"Rukaj\u00e4rven suunnan historiayhdistyksen verkkosivut.","publisher":{"@id":"https:\/\/www.rukajarvensuunnanhistoriayhdistys.fi\/historiayhdistys\/#organization"},"potentialAction":[{"@type":"SearchAction","target":{"@type":"EntryPoint","urlTemplate":"https:\/\/www.rukajarvensuunnanhistoriayhdistys.fi\/historiayhdistys\/?s={search_term_string}"},"query-input":{"@type":"PropertyValueSpecification","valueRequired":true,"valueName":"search_term_string"}}],"inLanguage":"fi"},{"@type":"Organization","@id":"https:\/\/www.rukajarvensuunnanhistoriayhdistys.fi\/historiayhdistys\/#organization","name":"Rukaj\u00e4rven suunnan historiayhdistys","url":"https:\/\/www.rukajarvensuunnanhistoriayhdistys.fi\/historiayhdistys\/","logo":{"@type":"ImageObject","inLanguage":"fi","@id":"https:\/\/www.rukajarvensuunnanhistoriayhdistys.fi\/historiayhdistys\/#\/schema\/logo\/image\/","url":"https:\/\/www.rukajarvensuunnanhistoriayhdistys.fi\/historiayhdistys\/wp-content\/uploads\/2013\/12\/Otsake_3.jpg","contentUrl":"https:\/\/www.rukajarvensuunnanhistoriayhdistys.fi\/historiayhdistys\/wp-content\/uploads\/2013\/12\/Otsake_3.jpg","width":1000,"height":442,"caption":"Rukaj\u00e4rven suunnan historiayhdistys"},"image":{"@id":"https:\/\/www.rukajarvensuunnanhistoriayhdistys.fi\/historiayhdistys\/#\/schema\/logo\/image\/"}},{"@type":"Person","@id":"https:\/\/www.rukajarvensuunnanhistoriayhdistys.fi\/historiayhdistys\/#\/schema\/person\/19de7db68bf72dfd2b5d7f6dfbf8454d","name":"RSHY","image":{"@type":"ImageObject","inLanguage":"fi","@id":"https:\/\/secure.gravatar.com\/avatar\/598d59263a69cc8de65fcb4f9db78d6f58c098cb0e0ba22d73377441af9fa04c?s=96&d=blank&r=g","url":"https:\/\/secure.gravatar.com\/avatar\/598d59263a69cc8de65fcb4f9db78d6f58c098cb0e0ba22d73377441af9fa04c?s=96&d=blank&r=g","contentUrl":"https:\/\/secure.gravatar.com\/avatar\/598d59263a69cc8de65fcb4f9db78d6f58c098cb0e0ba22d73377441af9fa04c?s=96&d=blank&r=g","caption":"RSHY"},"url":"https:\/\/www.rukajarvensuunnanhistoriayhdistys.fi\/historiayhdistys\/author\/rshy\/"}]}},"_links":{"self":[{"href":"https:\/\/www.rukajarvensuunnanhistoriayhdistys.fi\/historiayhdistys\/wp-json\/wp\/v2\/posts\/10510","targetHints":{"allow":["GET"]}}],"collection":[{"href":"https:\/\/www.rukajarvensuunnanhistoriayhdistys.fi\/historiayhdistys\/wp-json\/wp\/v2\/posts"}],"about":[{"href":"https:\/\/www.rukajarvensuunnanhistoriayhdistys.fi\/historiayhdistys\/wp-json\/wp\/v2\/types\/post"}],"author":[{"embeddable":true,"href":"https:\/\/www.rukajarvensuunnanhistoriayhdistys.fi\/historiayhdistys\/wp-json\/wp\/v2\/users\/3"}],"replies":[{"embeddable":true,"href":"https:\/\/www.rukajarvensuunnanhistoriayhdistys.fi\/historiayhdistys\/wp-json\/wp\/v2\/comments?post=10510"}],"version-history":[{"count":1,"href":"https:\/\/www.rukajarvensuunnanhistoriayhdistys.fi\/historiayhdistys\/wp-json\/wp\/v2\/posts\/10510\/revisions"}],"predecessor-version":[{"id":10514,"href":"https:\/\/www.rukajarvensuunnanhistoriayhdistys.fi\/historiayhdistys\/wp-json\/wp\/v2\/posts\/10510\/revisions\/10514"}],"wp:attachment":[{"href":"https:\/\/www.rukajarvensuunnanhistoriayhdistys.fi\/historiayhdistys\/wp-json\/wp\/v2\/media?parent=10510"}],"wp:term":[{"taxonomy":"category","embeddable":true,"href":"https:\/\/www.rukajarvensuunnanhistoriayhdistys.fi\/historiayhdistys\/wp-json\/wp\/v2\/categories?post=10510"},{"taxonomy":"post_tag","embeddable":true,"href":"https:\/\/www.rukajarvensuunnanhistoriayhdistys.fi\/historiayhdistys\/wp-json\/wp\/v2\/tags?post=10510"}],"curies":[{"name":"wp","href":"https:\/\/api.w.org\/{rel}","templated":true}]}}