{"id":10516,"date":"2016-03-30T12:20:13","date_gmt":"2016-03-30T09:20:13","guid":{"rendered":"http:\/\/www.rukajarvensuunnanhistoriayhdistys.fi\/historiayhdistys\/?p=10516"},"modified":"2016-03-30T12:20:13","modified_gmt":"2016-03-30T09:20:13","slug":"kahden-kirjan-esittely-iisalmen-rukajarvi-keskuksessa-lauantaina-2-4-2016-alkaen-klo-13-00","status":"publish","type":"post","link":"https:\/\/www.rukajarvensuunnanhistoriayhdistys.fi\/historiayhdistys\/kahden-kirjan-esittely-iisalmen-rukajarvi-keskuksessa-lauantaina-2-4-2016-alkaen-klo-13-00\/","title":{"rendered":"Kahden kirjan esittely Iisalmen Rukaj\u00e4rvi-keskuksessa lauantaina  2.4.2016 alkaen klo 13.00"},"content":{"rendered":"<div class=\"fcbkbttn_buttons_block\" id=\"fcbkbttn_left\"><div class=\"fcbkbttn_like \"><fb:like href=\"https:\/\/www.rukajarvensuunnanhistoriayhdistys.fi\/historiayhdistys\/kahden-kirjan-esittely-iisalmen-rukajarvi-keskuksessa-lauantaina-2-4-2016-alkaen-klo-13-00\/\" action=\"like\" colorscheme=\"light\" layout=\"button_count\"  size=\"small\"><\/fb:like><\/div><\/div><p><span style=\"color: #000000; font-family: Calibri;\">Iisalmen Rukaj\u00e4rvi-keskuksessa lauantaina\u00a0 2.4.2016 <span style=\"font-family: Calibri;\">alkaen<\/span> klo 13.00 <\/span><\/p>\n<p><span style=\"color: #000000; font-family: Calibri;\">Kahden kirjan esittely, Pentti Perttulin Raappanan ritari sek\u00e4 Olavi K\u00e4rkk\u00e4isen El\u00e4m\u00e4n tikapuut.<\/span><\/p>\n<p><span style=\"color: #000000; font-family: Calibri;\">Raappanan ritari teos on Pentti Perttulin omael\u00e4m\u00e4kerrallinen Jatkosodan vaikuttava dokumentti, josta tilaisuudessa hiukan laajempi esittely.<\/span><\/p>\n<p><a href=\"http:\/\/www.rukajarvensuunnanhistoriayhdistys.fi\/historiayhdistys\/wp-content\/uploads\/2016\/03\/Raappanan-Ritari_kansitaitto_6.jpg\" rel=\"attachment wp-att-10472\"><img loading=\"lazy\" decoding=\"async\" class=\"aligncenter wp-image-10472 size-full\" src=\"http:\/\/www.rukajarvensuunnanhistoriayhdistys.fi\/historiayhdistys\/wp-content\/uploads\/2016\/03\/Raappanan-Ritari_kansitaitto_6.jpg\" alt=\"Raappanan Ritari_kansitaitto_6\" width=\"7721\" height=\"4816\" data-id=\"10472\" srcset=\"https:\/\/www.rukajarvensuunnanhistoriayhdistys.fi\/historiayhdistys\/wp-content\/uploads\/2016\/03\/Raappanan-Ritari_kansitaitto_6.jpg 7721w, https:\/\/www.rukajarvensuunnanhistoriayhdistys.fi\/historiayhdistys\/wp-content\/uploads\/2016\/03\/Raappanan-Ritari_kansitaitto_6-300x187.jpg 300w, https:\/\/www.rukajarvensuunnanhistoriayhdistys.fi\/historiayhdistys\/wp-content\/uploads\/2016\/03\/Raappanan-Ritari_kansitaitto_6-768x479.jpg 768w, https:\/\/www.rukajarvensuunnanhistoriayhdistys.fi\/historiayhdistys\/wp-content\/uploads\/2016\/03\/Raappanan-Ritari_kansitaitto_6-1024x639.jpg 1024w\" sizes=\"auto, (max-width: 7721px) 100vw, 7721px\" \/><\/a><\/p>\n<p><span style=\"color: #000000; font-family: Calibri;\">Paikalla oleville Rukaj\u00e4rven veteraaneille kirja luovutetaan ilmaiseksi.<\/span><\/p>\n<p><span style=\"color: #000000; font-family: Calibri;\">Olavi K\u00e4rkk\u00e4inen esittelee itse El\u00e4m\u00e4n tikapuut -teoksensa. Olavin kirjan tuotto k\u00e4ytet\u00e4\u00e4n sy\u00f6p\u00e4\u00e4 sairastavien hyv\u00e4ksi. <\/span><\/p>\n<p><a href=\"http:\/\/www.rukajarvensuunnanhistoriayhdistys.fi\/historiayhdistys\/wp-content\/uploads\/2016\/03\/El\u00e4m\u00e4n-Tikapuut-1.jpg\" rel=\"attachment wp-att-10518\"><img loading=\"lazy\" decoding=\"async\" class=\"aligncenter wp-image-10518 size-full\" src=\"http:\/\/www.rukajarvensuunnanhistoriayhdistys.fi\/historiayhdistys\/wp-content\/uploads\/2016\/03\/El\u00e4m\u00e4n-Tikapuut-1.jpg\" alt=\"El\u00e4m\u00e4n Tikapuut-1\" width=\"1740\" height=\"2500\" data-id=\"10518\" srcset=\"https:\/\/www.rukajarvensuunnanhistoriayhdistys.fi\/historiayhdistys\/wp-content\/uploads\/2016\/03\/El\u00e4m\u00e4n-Tikapuut-1.jpg 1740w, https:\/\/www.rukajarvensuunnanhistoriayhdistys.fi\/historiayhdistys\/wp-content\/uploads\/2016\/03\/El\u00e4m\u00e4n-Tikapuut-1-209x300.jpg 209w, https:\/\/www.rukajarvensuunnanhistoriayhdistys.fi\/historiayhdistys\/wp-content\/uploads\/2016\/03\/El\u00e4m\u00e4n-Tikapuut-1-768x1103.jpg 768w, https:\/\/www.rukajarvensuunnanhistoriayhdistys.fi\/historiayhdistys\/wp-content\/uploads\/2016\/03\/El\u00e4m\u00e4n-Tikapuut-1-713x1024.jpg 713w\" sizes=\"auto, (max-width: 1740px) 100vw, 1740px\" \/><\/a><\/p>\n<p><a href=\"http:\/\/www.rukajarvensuunnanhistoriayhdistys.fi\/historiayhdistys\/wp-content\/uploads\/2016\/03\/El\u00e4m\u00e4n-Tikapuut-2.jpg\" rel=\"attachment wp-att-10517\"><img loading=\"lazy\" decoding=\"async\" class=\"aligncenter wp-image-10517 size-full\" src=\"http:\/\/www.rukajarvensuunnanhistoriayhdistys.fi\/historiayhdistys\/wp-content\/uploads\/2016\/03\/El\u00e4m\u00e4n-Tikapuut-2.jpg\" alt=\"El\u00e4m\u00e4n Tikapuut-2\" width=\"1760\" height=\"2508\" data-id=\"10517\" srcset=\"https:\/\/www.rukajarvensuunnanhistoriayhdistys.fi\/historiayhdistys\/wp-content\/uploads\/2016\/03\/El\u00e4m\u00e4n-Tikapuut-2.jpg 1760w, https:\/\/www.rukajarvensuunnanhistoriayhdistys.fi\/historiayhdistys\/wp-content\/uploads\/2016\/03\/El\u00e4m\u00e4n-Tikapuut-2-211x300.jpg 211w, https:\/\/www.rukajarvensuunnanhistoriayhdistys.fi\/historiayhdistys\/wp-content\/uploads\/2016\/03\/El\u00e4m\u00e4n-Tikapuut-2-768x1094.jpg 768w, https:\/\/www.rukajarvensuunnanhistoriayhdistys.fi\/historiayhdistys\/wp-content\/uploads\/2016\/03\/El\u00e4m\u00e4n-Tikapuut-2-719x1024.jpg 719w\" sizes=\"auto, (max-width: 1760px) 100vw, 1760px\" \/><\/a><\/p>\n<p><strong><span style=\"color: #000000; font-family: Calibri;\">Kirjat ovat tilaisuudessa saatavissa erityishintaan.<\/span><\/strong><\/p>\n<p><strong><span style=\"color: #000000; font-family: Calibri;\">Tervetuloa. Iisalmen Rukaj\u00e4rvi-keskukseen lauantaina 2.4.2016 klo 13.00.<\/span><\/strong><\/p>\n<p>&nbsp;<\/p>\n","protected":false},"excerpt":{"rendered":"<p>Iisalmen Rukaj\u00e4rvi-keskuksessa lauantaina\u00a0 2.4.2016 alkaen klo 13.00 Kahden kirjan esittely, Pentti Perttulin Raappanan ritari sek\u00e4 Olavi K\u00e4rkk\u00e4isen El\u00e4m\u00e4n tikapuut. Raappanan ritari teos on Pentti Perttulin omael\u00e4m\u00e4kerrallinen Jatkosodan vaikuttava dokumentti, josta <a class=\"more-link\" href=\"https:\/\/www.rukajarvensuunnanhistoriayhdistys.fi\/historiayhdistys\/kahden-kirjan-esittely-iisalmen-rukajarvi-keskuksessa-lauantaina-2-4-2016-alkaen-klo-13-00\/\">Teksti jatkuu&#8230;<span class=\"screen-reader-text\">Kahden kirjan esittely Iisalmen Rukaj\u00e4rvi-keskuksessa lauantaina  2.4.2016 alkaen klo 13.00<\/span><span class=\"meta-nav\">\u2192<\/span><\/a><\/p>\n","protected":false},"author":3,"featured_media":0,"comment_status":"closed","ping_status":"open","sticky":false,"template":"","format":"standard","meta":{"footnotes":""},"categories":[22],"tags":[],"class_list":["post-10516","post","type-post","status-publish","format-standard","hentry","category-ajankohtaista"],"yoast_head":"<!-- This site is optimized with the Yoast SEO plugin v27.4 - https:\/\/yoast.com\/product\/yoast-seo-wordpress\/ -->\n<title>Kahden kirjan esittely Iisalmen Rukaj\u00e4rvi-keskuksessa lauantaina 2.4.2016 alkaen klo 13.00 - Rukaj\u00e4rven suunnan historiayhdistys<\/title>\n<meta name=\"robots\" content=\"index, follow, max-snippet:-1, max-image-preview:large, max-video-preview:-1\" \/>\n<link rel=\"canonical\" href=\"http:\/\/www.rukajarvensuunnanhistoriayhdistys.fi\/historiayhdistys\/kahden-kirjan-esittely-iisalmen-rukajarvi-keskuksessa-lauantaina-2-4-2016-alkaen-klo-13-00\/\" \/>\n<meta property=\"og:locale\" content=\"fi_FI\" \/>\n<meta property=\"og:type\" content=\"article\" \/>\n<meta property=\"og:title\" content=\"Kahden kirjan esittely Iisalmen Rukaj\u00e4rvi-keskuksessa lauantaina 2.4.2016 alkaen klo 13.00 - Rukaj\u00e4rven suunnan historiayhdistys\" \/>\n<meta property=\"og:description\" content=\"Iisalmen Rukaj\u00e4rvi-keskuksessa lauantaina\u00a0 2.4.2016 alkaen klo 13.00 Kahden kirjan esittely, Pentti Perttulin Raappanan ritari sek\u00e4 Olavi K\u00e4rkk\u00e4isen El\u00e4m\u00e4n tikapuut. Raappanan ritari teos on Pentti Perttulin omael\u00e4m\u00e4kerrallinen Jatkosodan vaikuttava dokumentti, josta Teksti jatkuu...Kahden kirjan esittely Iisalmen Rukaj\u00e4rvi-keskuksessa lauantaina 2.4.2016 alkaen klo 13.00\u2192\" \/>\n<meta property=\"og:url\" content=\"http:\/\/www.rukajarvensuunnanhistoriayhdistys.fi\/historiayhdistys\/kahden-kirjan-esittely-iisalmen-rukajarvi-keskuksessa-lauantaina-2-4-2016-alkaen-klo-13-00\/\" \/>\n<meta property=\"og:site_name\" content=\"Rukaj\u00e4rven suunnan historiayhdistys\" \/>\n<meta property=\"article:published_time\" content=\"2016-03-30T09:20:13+00:00\" \/>\n<meta property=\"og:image\" content=\"http:\/\/www.rukajarvensuunnanhistoriayhdistys.fi\/historiayhdistys\/wp-content\/uploads\/2016\/03\/Raappanan-Ritari_kansitaitto_6.jpg\" \/>\n<meta name=\"author\" content=\"RSHY\" \/>\n<meta name=\"twitter:label1\" content=\"Kirjoittanut\" \/>\n\t<meta name=\"twitter:data1\" content=\"RSHY\" \/>\n<script type=\"application\/ld+json\" class=\"yoast-schema-graph\">{\"@context\":\"https:\\\/\\\/schema.org\",\"@graph\":[{\"@type\":\"Article\",\"@id\":\"http:\\\/\\\/www.rukajarvensuunnanhistoriayhdistys.fi\\\/historiayhdistys\\\/kahden-kirjan-esittely-iisalmen-rukajarvi-keskuksessa-lauantaina-2-4-2016-alkaen-klo-13-00\\\/#article\",\"isPartOf\":{\"@id\":\"http:\\\/\\\/www.rukajarvensuunnanhistoriayhdistys.fi\\\/historiayhdistys\\\/kahden-kirjan-esittely-iisalmen-rukajarvi-keskuksessa-lauantaina-2-4-2016-alkaen-klo-13-00\\\/\"},\"author\":{\"name\":\"RSHY\",\"@id\":\"https:\\\/\\\/www.rukajarvensuunnanhistoriayhdistys.fi\\\/historiayhdistys\\\/#\\\/schema\\\/person\\\/19de7db68bf72dfd2b5d7f6dfbf8454d\"},\"headline\":\"Kahden kirjan esittely Iisalmen Rukaj\u00e4rvi-keskuksessa lauantaina 2.4.2016 alkaen klo 13.00\",\"datePublished\":\"2016-03-30T09:20:13+00:00\",\"mainEntityOfPage\":{\"@id\":\"http:\\\/\\\/www.rukajarvensuunnanhistoriayhdistys.fi\\\/historiayhdistys\\\/kahden-kirjan-esittely-iisalmen-rukajarvi-keskuksessa-lauantaina-2-4-2016-alkaen-klo-13-00\\\/\"},\"wordCount\":90,\"publisher\":{\"@id\":\"https:\\\/\\\/www.rukajarvensuunnanhistoriayhdistys.fi\\\/historiayhdistys\\\/#organization\"},\"image\":{\"@id\":\"http:\\\/\\\/www.rukajarvensuunnanhistoriayhdistys.fi\\\/historiayhdistys\\\/kahden-kirjan-esittely-iisalmen-rukajarvi-keskuksessa-lauantaina-2-4-2016-alkaen-klo-13-00\\\/#primaryimage\"},\"thumbnailUrl\":\"http:\\\/\\\/www.rukajarvensuunnanhistoriayhdistys.fi\\\/historiayhdistys\\\/wp-content\\\/uploads\\\/2016\\\/03\\\/Raappanan-Ritari_kansitaitto_6.jpg\",\"articleSection\":[\"Ajankohtaista\"],\"inLanguage\":\"fi\"},{\"@type\":\"WebPage\",\"@id\":\"http:\\\/\\\/www.rukajarvensuunnanhistoriayhdistys.fi\\\/historiayhdistys\\\/kahden-kirjan-esittely-iisalmen-rukajarvi-keskuksessa-lauantaina-2-4-2016-alkaen-klo-13-00\\\/\",\"url\":\"http:\\\/\\\/www.rukajarvensuunnanhistoriayhdistys.fi\\\/historiayhdistys\\\/kahden-kirjan-esittely-iisalmen-rukajarvi-keskuksessa-lauantaina-2-4-2016-alkaen-klo-13-00\\\/\",\"name\":\"Kahden kirjan esittely Iisalmen Rukaj\u00e4rvi-keskuksessa lauantaina 2.4.2016 alkaen klo 13.00 - Rukaj\u00e4rven suunnan historiayhdistys\",\"isPartOf\":{\"@id\":\"https:\\\/\\\/www.rukajarvensuunnanhistoriayhdistys.fi\\\/historiayhdistys\\\/#website\"},\"primaryImageOfPage\":{\"@id\":\"http:\\\/\\\/www.rukajarvensuunnanhistoriayhdistys.fi\\\/historiayhdistys\\\/kahden-kirjan-esittely-iisalmen-rukajarvi-keskuksessa-lauantaina-2-4-2016-alkaen-klo-13-00\\\/#primaryimage\"},\"image\":{\"@id\":\"http:\\\/\\\/www.rukajarvensuunnanhistoriayhdistys.fi\\\/historiayhdistys\\\/kahden-kirjan-esittely-iisalmen-rukajarvi-keskuksessa-lauantaina-2-4-2016-alkaen-klo-13-00\\\/#primaryimage\"},\"thumbnailUrl\":\"http:\\\/\\\/www.rukajarvensuunnanhistoriayhdistys.fi\\\/historiayhdistys\\\/wp-content\\\/uploads\\\/2016\\\/03\\\/Raappanan-Ritari_kansitaitto_6.jpg\",\"datePublished\":\"2016-03-30T09:20:13+00:00\",\"breadcrumb\":{\"@id\":\"http:\\\/\\\/www.rukajarvensuunnanhistoriayhdistys.fi\\\/historiayhdistys\\\/kahden-kirjan-esittely-iisalmen-rukajarvi-keskuksessa-lauantaina-2-4-2016-alkaen-klo-13-00\\\/#breadcrumb\"},\"inLanguage\":\"fi\",\"potentialAction\":[{\"@type\":\"ReadAction\",\"target\":[\"http:\\\/\\\/www.rukajarvensuunnanhistoriayhdistys.fi\\\/historiayhdistys\\\/kahden-kirjan-esittely-iisalmen-rukajarvi-keskuksessa-lauantaina-2-4-2016-alkaen-klo-13-00\\\/\"]}]},{\"@type\":\"ImageObject\",\"inLanguage\":\"fi\",\"@id\":\"http:\\\/\\\/www.rukajarvensuunnanhistoriayhdistys.fi\\\/historiayhdistys\\\/kahden-kirjan-esittely-iisalmen-rukajarvi-keskuksessa-lauantaina-2-4-2016-alkaen-klo-13-00\\\/#primaryimage\",\"url\":\"https:\\\/\\\/www.rukajarvensuunnanhistoriayhdistys.fi\\\/historiayhdistys\\\/wp-content\\\/uploads\\\/2016\\\/03\\\/Raappanan-Ritari_kansitaitto_6.jpg\",\"contentUrl\":\"https:\\\/\\\/www.rukajarvensuunnanhistoriayhdistys.fi\\\/historiayhdistys\\\/wp-content\\\/uploads\\\/2016\\\/03\\\/Raappanan-Ritari_kansitaitto_6.jpg\",\"width\":7721,\"height\":4816},{\"@type\":\"BreadcrumbList\",\"@id\":\"http:\\\/\\\/www.rukajarvensuunnanhistoriayhdistys.fi\\\/historiayhdistys\\\/kahden-kirjan-esittely-iisalmen-rukajarvi-keskuksessa-lauantaina-2-4-2016-alkaen-klo-13-00\\\/#breadcrumb\",\"itemListElement\":[{\"@type\":\"ListItem\",\"position\":1,\"name\":\"Etusivu\",\"item\":\"https:\\\/\\\/www.rukajarvensuunnanhistoriayhdistys.fi\\\/historiayhdistys\\\/\"},{\"@type\":\"ListItem\",\"position\":2,\"name\":\"Kahden kirjan esittely Iisalmen Rukaj\u00e4rvi-keskuksessa lauantaina 2.4.2016 alkaen klo 13.00\"}]},{\"@type\":\"WebSite\",\"@id\":\"https:\\\/\\\/www.rukajarvensuunnanhistoriayhdistys.fi\\\/historiayhdistys\\\/#website\",\"url\":\"https:\\\/\\\/www.rukajarvensuunnanhistoriayhdistys.fi\\\/historiayhdistys\\\/\",\"name\":\"Rukaj\u00e4rven suunnan historiayhdistys\",\"description\":\"Rukaj\u00e4rven suunnan historiayhdistyksen verkkosivut.\",\"publisher\":{\"@id\":\"https:\\\/\\\/www.rukajarvensuunnanhistoriayhdistys.fi\\\/historiayhdistys\\\/#organization\"},\"potentialAction\":[{\"@type\":\"SearchAction\",\"target\":{\"@type\":\"EntryPoint\",\"urlTemplate\":\"https:\\\/\\\/www.rukajarvensuunnanhistoriayhdistys.fi\\\/historiayhdistys\\\/?s={search_term_string}\"},\"query-input\":{\"@type\":\"PropertyValueSpecification\",\"valueRequired\":true,\"valueName\":\"search_term_string\"}}],\"inLanguage\":\"fi\"},{\"@type\":\"Organization\",\"@id\":\"https:\\\/\\\/www.rukajarvensuunnanhistoriayhdistys.fi\\\/historiayhdistys\\\/#organization\",\"name\":\"Rukaj\u00e4rven suunnan historiayhdistys\",\"url\":\"https:\\\/\\\/www.rukajarvensuunnanhistoriayhdistys.fi\\\/historiayhdistys\\\/\",\"logo\":{\"@type\":\"ImageObject\",\"inLanguage\":\"fi\",\"@id\":\"https:\\\/\\\/www.rukajarvensuunnanhistoriayhdistys.fi\\\/historiayhdistys\\\/#\\\/schema\\\/logo\\\/image\\\/\",\"url\":\"https:\\\/\\\/www.rukajarvensuunnanhistoriayhdistys.fi\\\/historiayhdistys\\\/wp-content\\\/uploads\\\/2013\\\/12\\\/Otsake_3.jpg\",\"contentUrl\":\"https:\\\/\\\/www.rukajarvensuunnanhistoriayhdistys.fi\\\/historiayhdistys\\\/wp-content\\\/uploads\\\/2013\\\/12\\\/Otsake_3.jpg\",\"width\":1000,\"height\":442,\"caption\":\"Rukaj\u00e4rven suunnan historiayhdistys\"},\"image\":{\"@id\":\"https:\\\/\\\/www.rukajarvensuunnanhistoriayhdistys.fi\\\/historiayhdistys\\\/#\\\/schema\\\/logo\\\/image\\\/\"}},{\"@type\":\"Person\",\"@id\":\"https:\\\/\\\/www.rukajarvensuunnanhistoriayhdistys.fi\\\/historiayhdistys\\\/#\\\/schema\\\/person\\\/19de7db68bf72dfd2b5d7f6dfbf8454d\",\"name\":\"RSHY\",\"image\":{\"@type\":\"ImageObject\",\"inLanguage\":\"fi\",\"@id\":\"https:\\\/\\\/secure.gravatar.com\\\/avatar\\\/598d59263a69cc8de65fcb4f9db78d6f58c098cb0e0ba22d73377441af9fa04c?s=96&d=blank&r=g\",\"url\":\"https:\\\/\\\/secure.gravatar.com\\\/avatar\\\/598d59263a69cc8de65fcb4f9db78d6f58c098cb0e0ba22d73377441af9fa04c?s=96&d=blank&r=g\",\"contentUrl\":\"https:\\\/\\\/secure.gravatar.com\\\/avatar\\\/598d59263a69cc8de65fcb4f9db78d6f58c098cb0e0ba22d73377441af9fa04c?s=96&d=blank&r=g\",\"caption\":\"RSHY\"},\"url\":\"https:\\\/\\\/www.rukajarvensuunnanhistoriayhdistys.fi\\\/historiayhdistys\\\/author\\\/rshy\\\/\"}]}<\/script>\n<!-- \/ Yoast SEO plugin. -->","yoast_head_json":{"title":"Kahden kirjan esittely Iisalmen Rukaj\u00e4rvi-keskuksessa lauantaina 2.4.2016 alkaen klo 13.00 - Rukaj\u00e4rven suunnan historiayhdistys","robots":{"index":"index","follow":"follow","max-snippet":"max-snippet:-1","max-image-preview":"max-image-preview:large","max-video-preview":"max-video-preview:-1"},"canonical":"http:\/\/www.rukajarvensuunnanhistoriayhdistys.fi\/historiayhdistys\/kahden-kirjan-esittely-iisalmen-rukajarvi-keskuksessa-lauantaina-2-4-2016-alkaen-klo-13-00\/","og_locale":"fi_FI","og_type":"article","og_title":"Kahden kirjan esittely Iisalmen Rukaj\u00e4rvi-keskuksessa lauantaina 2.4.2016 alkaen klo 13.00 - Rukaj\u00e4rven suunnan historiayhdistys","og_description":"Iisalmen Rukaj\u00e4rvi-keskuksessa lauantaina\u00a0 2.4.2016 alkaen klo 13.00 Kahden kirjan esittely, Pentti Perttulin Raappanan ritari sek\u00e4 Olavi K\u00e4rkk\u00e4isen El\u00e4m\u00e4n tikapuut. Raappanan ritari teos on Pentti Perttulin omael\u00e4m\u00e4kerrallinen Jatkosodan vaikuttava dokumentti, josta Teksti jatkuu...Kahden kirjan esittely Iisalmen Rukaj\u00e4rvi-keskuksessa lauantaina 2.4.2016 alkaen klo 13.00\u2192","og_url":"http:\/\/www.rukajarvensuunnanhistoriayhdistys.fi\/historiayhdistys\/kahden-kirjan-esittely-iisalmen-rukajarvi-keskuksessa-lauantaina-2-4-2016-alkaen-klo-13-00\/","og_site_name":"Rukaj\u00e4rven suunnan historiayhdistys","article_published_time":"2016-03-30T09:20:13+00:00","og_image":[{"url":"http:\/\/www.rukajarvensuunnanhistoriayhdistys.fi\/historiayhdistys\/wp-content\/uploads\/2016\/03\/Raappanan-Ritari_kansitaitto_6.jpg","type":"","width":"","height":""}],"author":"RSHY","twitter_misc":{"Kirjoittanut":"RSHY"},"schema":{"@context":"https:\/\/schema.org","@graph":[{"@type":"Article","@id":"http:\/\/www.rukajarvensuunnanhistoriayhdistys.fi\/historiayhdistys\/kahden-kirjan-esittely-iisalmen-rukajarvi-keskuksessa-lauantaina-2-4-2016-alkaen-klo-13-00\/#article","isPartOf":{"@id":"http:\/\/www.rukajarvensuunnanhistoriayhdistys.fi\/historiayhdistys\/kahden-kirjan-esittely-iisalmen-rukajarvi-keskuksessa-lauantaina-2-4-2016-alkaen-klo-13-00\/"},"author":{"name":"RSHY","@id":"https:\/\/www.rukajarvensuunnanhistoriayhdistys.fi\/historiayhdistys\/#\/schema\/person\/19de7db68bf72dfd2b5d7f6dfbf8454d"},"headline":"Kahden kirjan esittely Iisalmen Rukaj\u00e4rvi-keskuksessa lauantaina 2.4.2016 alkaen klo 13.00","datePublished":"2016-03-30T09:20:13+00:00","mainEntityOfPage":{"@id":"http:\/\/www.rukajarvensuunnanhistoriayhdistys.fi\/historiayhdistys\/kahden-kirjan-esittely-iisalmen-rukajarvi-keskuksessa-lauantaina-2-4-2016-alkaen-klo-13-00\/"},"wordCount":90,"publisher":{"@id":"https:\/\/www.rukajarvensuunnanhistoriayhdistys.fi\/historiayhdistys\/#organization"},"image":{"@id":"http:\/\/www.rukajarvensuunnanhistoriayhdistys.fi\/historiayhdistys\/kahden-kirjan-esittely-iisalmen-rukajarvi-keskuksessa-lauantaina-2-4-2016-alkaen-klo-13-00\/#primaryimage"},"thumbnailUrl":"http:\/\/www.rukajarvensuunnanhistoriayhdistys.fi\/historiayhdistys\/wp-content\/uploads\/2016\/03\/Raappanan-Ritari_kansitaitto_6.jpg","articleSection":["Ajankohtaista"],"inLanguage":"fi"},{"@type":"WebPage","@id":"http:\/\/www.rukajarvensuunnanhistoriayhdistys.fi\/historiayhdistys\/kahden-kirjan-esittely-iisalmen-rukajarvi-keskuksessa-lauantaina-2-4-2016-alkaen-klo-13-00\/","url":"http:\/\/www.rukajarvensuunnanhistoriayhdistys.fi\/historiayhdistys\/kahden-kirjan-esittely-iisalmen-rukajarvi-keskuksessa-lauantaina-2-4-2016-alkaen-klo-13-00\/","name":"Kahden kirjan esittely Iisalmen Rukaj\u00e4rvi-keskuksessa lauantaina 2.4.2016 alkaen klo 13.00 - Rukaj\u00e4rven suunnan historiayhdistys","isPartOf":{"@id":"https:\/\/www.rukajarvensuunnanhistoriayhdistys.fi\/historiayhdistys\/#website"},"primaryImageOfPage":{"@id":"http:\/\/www.rukajarvensuunnanhistoriayhdistys.fi\/historiayhdistys\/kahden-kirjan-esittely-iisalmen-rukajarvi-keskuksessa-lauantaina-2-4-2016-alkaen-klo-13-00\/#primaryimage"},"image":{"@id":"http:\/\/www.rukajarvensuunnanhistoriayhdistys.fi\/historiayhdistys\/kahden-kirjan-esittely-iisalmen-rukajarvi-keskuksessa-lauantaina-2-4-2016-alkaen-klo-13-00\/#primaryimage"},"thumbnailUrl":"http:\/\/www.rukajarvensuunnanhistoriayhdistys.fi\/historiayhdistys\/wp-content\/uploads\/2016\/03\/Raappanan-Ritari_kansitaitto_6.jpg","datePublished":"2016-03-30T09:20:13+00:00","breadcrumb":{"@id":"http:\/\/www.rukajarvensuunnanhistoriayhdistys.fi\/historiayhdistys\/kahden-kirjan-esittely-iisalmen-rukajarvi-keskuksessa-lauantaina-2-4-2016-alkaen-klo-13-00\/#breadcrumb"},"inLanguage":"fi","potentialAction":[{"@type":"ReadAction","target":["http:\/\/www.rukajarvensuunnanhistoriayhdistys.fi\/historiayhdistys\/kahden-kirjan-esittely-iisalmen-rukajarvi-keskuksessa-lauantaina-2-4-2016-alkaen-klo-13-00\/"]}]},{"@type":"ImageObject","inLanguage":"fi","@id":"http:\/\/www.rukajarvensuunnanhistoriayhdistys.fi\/historiayhdistys\/kahden-kirjan-esittely-iisalmen-rukajarvi-keskuksessa-lauantaina-2-4-2016-alkaen-klo-13-00\/#primaryimage","url":"https:\/\/www.rukajarvensuunnanhistoriayhdistys.fi\/historiayhdistys\/wp-content\/uploads\/2016\/03\/Raappanan-Ritari_kansitaitto_6.jpg","contentUrl":"https:\/\/www.rukajarvensuunnanhistoriayhdistys.fi\/historiayhdistys\/wp-content\/uploads\/2016\/03\/Raappanan-Ritari_kansitaitto_6.jpg","width":7721,"height":4816},{"@type":"BreadcrumbList","@id":"http:\/\/www.rukajarvensuunnanhistoriayhdistys.fi\/historiayhdistys\/kahden-kirjan-esittely-iisalmen-rukajarvi-keskuksessa-lauantaina-2-4-2016-alkaen-klo-13-00\/#breadcrumb","itemListElement":[{"@type":"ListItem","position":1,"name":"Etusivu","item":"https:\/\/www.rukajarvensuunnanhistoriayhdistys.fi\/historiayhdistys\/"},{"@type":"ListItem","position":2,"name":"Kahden kirjan esittely Iisalmen Rukaj\u00e4rvi-keskuksessa lauantaina 2.4.2016 alkaen klo 13.00"}]},{"@type":"WebSite","@id":"https:\/\/www.rukajarvensuunnanhistoriayhdistys.fi\/historiayhdistys\/#website","url":"https:\/\/www.rukajarvensuunnanhistoriayhdistys.fi\/historiayhdistys\/","name":"Rukaj\u00e4rven suunnan historiayhdistys","description":"Rukaj\u00e4rven suunnan historiayhdistyksen verkkosivut.","publisher":{"@id":"https:\/\/www.rukajarvensuunnanhistoriayhdistys.fi\/historiayhdistys\/#organization"},"potentialAction":[{"@type":"SearchAction","target":{"@type":"EntryPoint","urlTemplate":"https:\/\/www.rukajarvensuunnanhistoriayhdistys.fi\/historiayhdistys\/?s={search_term_string}"},"query-input":{"@type":"PropertyValueSpecification","valueRequired":true,"valueName":"search_term_string"}}],"inLanguage":"fi"},{"@type":"Organization","@id":"https:\/\/www.rukajarvensuunnanhistoriayhdistys.fi\/historiayhdistys\/#organization","name":"Rukaj\u00e4rven suunnan historiayhdistys","url":"https:\/\/www.rukajarvensuunnanhistoriayhdistys.fi\/historiayhdistys\/","logo":{"@type":"ImageObject","inLanguage":"fi","@id":"https:\/\/www.rukajarvensuunnanhistoriayhdistys.fi\/historiayhdistys\/#\/schema\/logo\/image\/","url":"https:\/\/www.rukajarvensuunnanhistoriayhdistys.fi\/historiayhdistys\/wp-content\/uploads\/2013\/12\/Otsake_3.jpg","contentUrl":"https:\/\/www.rukajarvensuunnanhistoriayhdistys.fi\/historiayhdistys\/wp-content\/uploads\/2013\/12\/Otsake_3.jpg","width":1000,"height":442,"caption":"Rukaj\u00e4rven suunnan historiayhdistys"},"image":{"@id":"https:\/\/www.rukajarvensuunnanhistoriayhdistys.fi\/historiayhdistys\/#\/schema\/logo\/image\/"}},{"@type":"Person","@id":"https:\/\/www.rukajarvensuunnanhistoriayhdistys.fi\/historiayhdistys\/#\/schema\/person\/19de7db68bf72dfd2b5d7f6dfbf8454d","name":"RSHY","image":{"@type":"ImageObject","inLanguage":"fi","@id":"https:\/\/secure.gravatar.com\/avatar\/598d59263a69cc8de65fcb4f9db78d6f58c098cb0e0ba22d73377441af9fa04c?s=96&d=blank&r=g","url":"https:\/\/secure.gravatar.com\/avatar\/598d59263a69cc8de65fcb4f9db78d6f58c098cb0e0ba22d73377441af9fa04c?s=96&d=blank&r=g","contentUrl":"https:\/\/secure.gravatar.com\/avatar\/598d59263a69cc8de65fcb4f9db78d6f58c098cb0e0ba22d73377441af9fa04c?s=96&d=blank&r=g","caption":"RSHY"},"url":"https:\/\/www.rukajarvensuunnanhistoriayhdistys.fi\/historiayhdistys\/author\/rshy\/"}]}},"_links":{"self":[{"href":"https:\/\/www.rukajarvensuunnanhistoriayhdistys.fi\/historiayhdistys\/wp-json\/wp\/v2\/posts\/10516","targetHints":{"allow":["GET"]}}],"collection":[{"href":"https:\/\/www.rukajarvensuunnanhistoriayhdistys.fi\/historiayhdistys\/wp-json\/wp\/v2\/posts"}],"about":[{"href":"https:\/\/www.rukajarvensuunnanhistoriayhdistys.fi\/historiayhdistys\/wp-json\/wp\/v2\/types\/post"}],"author":[{"embeddable":true,"href":"https:\/\/www.rukajarvensuunnanhistoriayhdistys.fi\/historiayhdistys\/wp-json\/wp\/v2\/users\/3"}],"replies":[{"embeddable":true,"href":"https:\/\/www.rukajarvensuunnanhistoriayhdistys.fi\/historiayhdistys\/wp-json\/wp\/v2\/comments?post=10516"}],"version-history":[{"count":1,"href":"https:\/\/www.rukajarvensuunnanhistoriayhdistys.fi\/historiayhdistys\/wp-json\/wp\/v2\/posts\/10516\/revisions"}],"predecessor-version":[{"id":10519,"href":"https:\/\/www.rukajarvensuunnanhistoriayhdistys.fi\/historiayhdistys\/wp-json\/wp\/v2\/posts\/10516\/revisions\/10519"}],"wp:attachment":[{"href":"https:\/\/www.rukajarvensuunnanhistoriayhdistys.fi\/historiayhdistys\/wp-json\/wp\/v2\/media?parent=10516"}],"wp:term":[{"taxonomy":"category","embeddable":true,"href":"https:\/\/www.rukajarvensuunnanhistoriayhdistys.fi\/historiayhdistys\/wp-json\/wp\/v2\/categories?post=10516"},{"taxonomy":"post_tag","embeddable":true,"href":"https:\/\/www.rukajarvensuunnanhistoriayhdistys.fi\/historiayhdistys\/wp-json\/wp\/v2\/tags?post=10516"}],"curies":[{"name":"wp","href":"https:\/\/api.w.org\/{rel}","templated":true}]}}