{"id":11730,"date":"2017-08-27T10:45:43","date_gmt":"2017-08-27T07:45:43","guid":{"rendered":"http:\/\/www.rukajarvensuunnanhistoriayhdistys.fi\/historiayhdistys\/?p=11730"},"modified":"2017-08-27T19:58:15","modified_gmt":"2017-08-27T16:58:15","slug":"lieksan-rukajarvi-keskus-avoinna-viikonloppuna-1-3-9-2017-2","status":"publish","type":"post","link":"https:\/\/www.rukajarvensuunnanhistoriayhdistys.fi\/historiayhdistys\/lieksan-rukajarvi-keskus-avoinna-viikonloppuna-1-3-9-2017-2\/","title":{"rendered":"Lieksan Rukaj\u00e4rvi-keskus avoinna viikonloppuna 1.-3.9.2017"},"content":{"rendered":"<div class=\"fcbkbttn_buttons_block\" id=\"fcbkbttn_left\"><div class=\"fcbkbttn_like \"><fb:like href=\"https:\/\/www.rukajarvensuunnanhistoriayhdistys.fi\/historiayhdistys\/lieksan-rukajarvi-keskus-avoinna-viikonloppuna-1-3-9-2017-2\/\" action=\"like\" colorscheme=\"light\" layout=\"button_count\"  size=\"small\"><\/fb:like><\/div><\/div><p><strong>Perjantaina\u00a0 1.9.2017 avoinna klo 9.00 \u2013 23.00 <\/strong><\/p>\n<p>\u2013 klo 13.00 RSHY ry:n tietoj\u00e4rjestelmien Epookki.fi ja HeiJoe.com esittelyt<\/p>\n<p>Rukaj\u00e4rvi-keskuksen n\u00e4yttelyitten opastukset t\u00e4ysill\u00e4 tunneilla.<\/p>\n<p><strong>1.9.2017 klo 15.00 &#8211; 17.00 Toimi Lukkarinen: &#8221;M\u00e4ski Laiston suon taistelu ja Muurmannin partioretki&#8221;, nauhoitettu \u00a0v. 2008 ja elokuvan esittely. \u00a0Lis\u00e4ksi Veikko Lukkarisen haastattelu, jossa h\u00e4n kertoo Majewskin kaatumisesta, kuvattu v. 2006.<\/strong><\/p>\n<figure id=\"attachment_11722\" aria-describedby=\"caption-attachment-11722\" style=\"width: 4996px\" class=\"wp-caption aligncenter\"><a href=\"http:\/\/www.rukajarvensuunnanhistoriayhdistys.fi\/historiayhdistys\/lieksan-rukajarvi-keskus-avoinna-viikonloppuna-1-3-9-2017\/115308-majewski\/\" rel=\"attachment wp-att-11722\"><img loading=\"lazy\" decoding=\"async\" class=\"size-full wp-image-11722\" src=\"http:\/\/www.rukajarvensuunnanhistoriayhdistys.fi\/historiayhdistys\/wp-content\/uploads\/2017\/08\/115308-Majewski.jpg\" alt=\"\" width=\"4996\" height=\"3281\" data-id=\"11722\" srcset=\"https:\/\/www.rukajarvensuunnanhistoriayhdistys.fi\/historiayhdistys\/wp-content\/uploads\/2017\/08\/115308-Majewski.jpg 4996w, https:\/\/www.rukajarvensuunnanhistoriayhdistys.fi\/historiayhdistys\/wp-content\/uploads\/2017\/08\/115308-Majewski-300x197.jpg 300w, https:\/\/www.rukajarvensuunnanhistoriayhdistys.fi\/historiayhdistys\/wp-content\/uploads\/2017\/08\/115308-Majewski-768x504.jpg 768w, https:\/\/www.rukajarvensuunnanhistoriayhdistys.fi\/historiayhdistys\/wp-content\/uploads\/2017\/08\/115308-Majewski-1024x672.jpg 1024w\" sizes=\"auto, (max-width: 4996px) 100vw, 4996px\" \/><\/a><figcaption id=\"caption-attachment-11722\" class=\"wp-caption-text\">Taistelu on p\u00e4\u00e4ttynyt. Komentaja everstiluutnantti Majewski tarkastamassa taistelun j\u00e4lki\u00e4. (20-30 m t\u00e4st\u00e4 paikasta eteenp\u00e4in kaatui everstiluutnantti Majewski tarkka-ampujan luodista).<\/figcaption><\/figure>\n<p>****<\/p>\n<p><strong>Lauantaina 2.9.2017 avoinna klo 9.00 \u2013 23.00<\/strong><\/p>\n<p>Rukaj\u00e4rvi-keskuksen n\u00e4yttelyitten opastukset t\u00e4ysill\u00e4 tunneilla.<\/p>\n<p>Rukaj\u00e4rvi-keskuksen sotilasperinneradioasema on avoinna klo 10.00 \u2013 15.00. Paikalla radioaseman p\u00e4\u00e4llikk\u00f6 Kari H\u00e4mynen sek\u00e4 radistit Mauno Hirvonen ja Antti Tiilikainen. N\u00e4yttelyvierailla on tilaisuus kokeilla viestin\u00e4yttelyyn sijoitettua toimivaa sodanaikaista radiopuhelinta ja morsetusta.<\/p>\n<figure id=\"attachment_11552\" aria-describedby=\"caption-attachment-11552\" style=\"width: 3072px\" class=\"wp-caption aligncenter\"><a href=\"http:\/\/www.rukajarvensuunnanhistoriayhdistys.fi\/historiayhdistys\/lieksan-tapahtuman-riesana-ranta-ja-lumisade\/wp_20170601_10_23_38_pro\/\" rel=\"attachment wp-att-11552\"><img loading=\"lazy\" decoding=\"async\" class=\"size-full wp-image-11552\" src=\"http:\/\/www.rukajarvensuunnanhistoriayhdistys.fi\/historiayhdistys\/wp-content\/uploads\/2017\/06\/WP_20170601_10_23_38_Pro.jpg\" alt=\"\" width=\"3072\" height=\"1728\" data-id=\"11552\" srcset=\"https:\/\/www.rukajarvensuunnanhistoriayhdistys.fi\/historiayhdistys\/wp-content\/uploads\/2017\/06\/WP_20170601_10_23_38_Pro.jpg 3072w, https:\/\/www.rukajarvensuunnanhistoriayhdistys.fi\/historiayhdistys\/wp-content\/uploads\/2017\/06\/WP_20170601_10_23_38_Pro-300x169.jpg 300w, https:\/\/www.rukajarvensuunnanhistoriayhdistys.fi\/historiayhdistys\/wp-content\/uploads\/2017\/06\/WP_20170601_10_23_38_Pro-768x432.jpg 768w, https:\/\/www.rukajarvensuunnanhistoriayhdistys.fi\/historiayhdistys\/wp-content\/uploads\/2017\/06\/WP_20170601_10_23_38_Pro-1024x576.jpg 1024w\" sizes=\"auto, (max-width: 3072px) 100vw, 3072px\" \/><\/a><figcaption id=\"caption-attachment-11552\" class=\"wp-caption-text\">Radistit ty\u00f6ss\u00e4\u00e4n, Mauno Hirvonen ja Antti Tiilikainen.\u00a0Yhteydenotot ymp\u00e4ri Suomea onnistuivat ja ensimm\u00e4inen vastaus saatiin juuri Mikkelist\u00e4 p\u00e4\u00e4majakaupungista, aivan kuten sota-aikana. Kuva radioaseman avajaisista 1.6.2017.<\/figcaption><\/figure>\n<p>Rukaj\u00e4rven viestitoimintaa n\u00e4yttely on laajin Suomessa esill\u00e4 ollut viestin\u00e4yttely. Sen ovat koonneet Kaakkois-Suomen Viestikilta ry:n puheenjohtaja Tapio Teittinen ja hallituksen j\u00e4sen Martti Susitaival. N\u00e4yttelyss\u00e4 on esill\u00e4 kaikki Rukaj\u00e4rven suunnalla k\u00e4yt\u00f6ss\u00e4 ollut viestikalusto, toimiva sodanaikainen radioasema. N\u00e4yttelyyn on rakennettu my\u00f6s puhelinyhteys, jota n\u00e4yttelyvieraat voivat k\u00e4ytt\u00e4\u00e4. Tapio Teittinen ja Martti Susitaval kirjoittivat my\u00f6s kirjan Viestitoimintaa Rukaj\u00e4rvell\u00e4.<\/p>\n<p>****<\/p>\n<p><strong>2.9.2017 klo 21.15 \u2013 23.30 Lauantai-illan y\u00f6n\u00e4yt\u00f6ksen\u00e4 Rukaj\u00e4rven tie elokuva sek\u00e4 elokuvan esittely.<\/strong><\/p>\n<figure id=\"attachment_11721\" aria-describedby=\"caption-attachment-11721\" style=\"width: 550px\" class=\"wp-caption aligncenter\"><a href=\"http:\/\/www.rukajarvensuunnanhistoriayhdistys.fi\/historiayhdistys\/lieksan-rukajarvi-keskus-avoinna-viikonloppuna-1-3-9-2017\/rukajarven_tie\/\" rel=\"attachment wp-att-11721\"><img loading=\"lazy\" decoding=\"async\" class=\"size-full wp-image-11721\" src=\"http:\/\/www.rukajarvensuunnanhistoriayhdistys.fi\/historiayhdistys\/wp-content\/uploads\/2017\/08\/Rukaj\u00e4rven_tie.jpg\" alt=\"\" width=\"550\" height=\"800\" data-id=\"11721\" srcset=\"https:\/\/www.rukajarvensuunnanhistoriayhdistys.fi\/historiayhdistys\/wp-content\/uploads\/2017\/08\/Rukaj\u00e4rven_tie.jpg 550w, https:\/\/www.rukajarvensuunnanhistoriayhdistys.fi\/historiayhdistys\/wp-content\/uploads\/2017\/08\/Rukaj\u00e4rven_tie-206x300.jpg 206w\" sizes=\"auto, (max-width: 550px) 100vw, 550px\" \/><\/a><figcaption id=\"caption-attachment-11721\" class=\"wp-caption-text\">\u2014Rukaj\u00e4rven tie elokuvan ensi-ilta oli tammikuussa 1999. Elokuva ker\u00e4si elokuvateattereihin yli 420 000 katsojaa, mik\u00e4 teki siit\u00e4 1990-luvun katsotuimman kotimaisen elokuvan.<\/figcaption><\/figure>\n<figure id=\"attachment_11720\" aria-describedby=\"caption-attachment-11720\" style=\"width: 605px\" class=\"wp-caption aligncenter\"><a href=\"http:\/\/www.rukajarvensuunnanhistoriayhdistys.fi\/historiayhdistys\/lieksan-rukajarvi-keskus-avoinna-viikonloppuna-1-3-9-2017\/rukajarven_tie_0\/\" rel=\"attachment wp-att-11720\"><img loading=\"lazy\" decoding=\"async\" class=\"size-full wp-image-11720\" src=\"http:\/\/www.rukajarvensuunnanhistoriayhdistys.fi\/historiayhdistys\/wp-content\/uploads\/2017\/08\/rukajarven_tie_0.jpg\" alt=\"\" width=\"605\" height=\"341\" data-id=\"11720\" srcset=\"https:\/\/www.rukajarvensuunnanhistoriayhdistys.fi\/historiayhdistys\/wp-content\/uploads\/2017\/08\/rukajarven_tie_0.jpg 605w, https:\/\/www.rukajarvensuunnanhistoriayhdistys.fi\/historiayhdistys\/wp-content\/uploads\/2017\/08\/rukajarven_tie_0-300x169.jpg 300w\" sizes=\"auto, (max-width: 605px) 100vw, 605px\" \/><\/a><figcaption id=\"caption-attachment-11720\" class=\"wp-caption-text\">Elokuva perustuu p\u00e4\u00e4osin maanviljelysneuvos Pentti Perttulin kertomukseen sek\u00e4 Antti Tuurin ja Rukaj\u00e4rven suunnan historiikkitoimikunnan ker\u00e4\u00e4m\u00e4\u00e4n haastattelumateriaaliin. Pentti Perttuli johti Repolan Lieksaj\u00e4rven ymp\u00e4ri suuntautunutta partioretke\u00e4. Sen p\u00e4\u00e4osissa n\u00e4hd\u00e4\u00e4n Peter Franz\u00e9n luutnantti Eero Perkolana ja Irina Bj\u00f6rklund Perkolan rakastettuna lotta Kaarina Vainikaisena.<\/figcaption><\/figure>\n<p>*****<\/p>\n<p><strong>Sunnuntaina 3.9.2017 avoinna klo 9.00 \u2013 17.00<\/strong><\/p>\n<p>Rukaj\u00e4rvi-keskuksen n\u00e4yttelyitten opastukset t\u00e4ysill\u00e4 tunneilla.<\/p>\n<p><strong>Viikonlopun 1. \u2013 3.9.2017 aikana katsottavissa Lieksan Rukaj\u00e4rvi-keskuksessa mm. seuraavia veteraanien videohaastatteluja:<\/strong><\/p>\n<p><a href=\"http:\/\/www.rukajarvensuunnanhistoriayhdistys.fi\/historiayhdistys\/lieksan-rukajarvi-keskus-avoinna-viikonloppuna-1-3-9-2017\/elokuvia-1-9-2017\/\" rel=\"attachment wp-att-11719\"><img loading=\"lazy\" decoding=\"async\" class=\"aligncenter size-full wp-image-11719\" src=\"http:\/\/www.rukajarvensuunnanhistoriayhdistys.fi\/historiayhdistys\/wp-content\/uploads\/2017\/08\/Elokuvia-1-9-2017.jpg\" alt=\"\" width=\"1338\" height=\"738\" data-id=\"11719\" srcset=\"https:\/\/www.rukajarvensuunnanhistoriayhdistys.fi\/historiayhdistys\/wp-content\/uploads\/2017\/08\/Elokuvia-1-9-2017.jpg 1338w, https:\/\/www.rukajarvensuunnanhistoriayhdistys.fi\/historiayhdistys\/wp-content\/uploads\/2017\/08\/Elokuvia-1-9-2017-300x165.jpg 300w, https:\/\/www.rukajarvensuunnanhistoriayhdistys.fi\/historiayhdistys\/wp-content\/uploads\/2017\/08\/Elokuvia-1-9-2017-768x424.jpg 768w, https:\/\/www.rukajarvensuunnanhistoriayhdistys.fi\/historiayhdistys\/wp-content\/uploads\/2017\/08\/Elokuvia-1-9-2017-1024x565.jpg 1024w\" sizes=\"auto, (max-width: 1338px) 100vw, 1338px\" \/><\/a><\/p>\n<p>*****<\/p>\n<p><strong>Liput:<\/strong> N\u00e4yttelyyn voi ostaa viikonloppulipun 1.9. \u2013 3.9. ajalle, hinta 20 \u20ac. Lipun hintaan sis\u00e4ltyv\u00e4t elokuvien ja keskuksen n\u00e4yttelyitten katsominen esittelyineen. Lipun hinta on 8 \u20ac, ryhmille 6 \u20ac, veteraaneilta ei p\u00e4\u00e4symaksua.<\/p>\n<p>Rukaj\u00e4rvi-keskuksessa voi katsella mm. t\u00e4ss\u00e4 mainittuja omavalinteisia elokuvia jokaisena p\u00e4iv\u00e4n\u00e4. Haastattelujen pituudet vaihtelevat 15 min.- 1,5 tuntia. Lis\u00e4ksi katsottavissa useita multimediaesityksi\u00e4, sek\u00e4 mahdollisuus tutustua RSHY ry:n Epookki.fi ja HeiJoe.com tietoj\u00e4rjestelmiin.<\/p>\n<p>Keskuksessa toimivat viikonlopun oppaina Lieksan matkailuoppaista Ritva Malinen sek\u00e4 RSHY ry:n Aila Elo, \u00a0Kari Gr\u00e5sten ja Tenho Tikkanen.<\/p>\n<p><a href=\"http:\/\/www.rukajarvensuunnanhistoriayhdistys.fi\/historiayhdistys\/lieksan-rukajarvi-keskus-avoinna-viikonloppuna-1-3-9-2017\/rukajarvi-keskus-esite-3_page_2\/\" rel=\"attachment wp-att-11718\"><img loading=\"lazy\" decoding=\"async\" class=\"aligncenter size-full wp-image-11718\" src=\"http:\/\/www.rukajarvensuunnanhistoriayhdistys.fi\/historiayhdistys\/wp-content\/uploads\/2017\/08\/Rukaj\u00e4rvi-keskus-esite-3_Page_2.jpg\" alt=\"\" width=\"2014\" height=\"1133\" data-id=\"11718\" srcset=\"https:\/\/www.rukajarvensuunnanhistoriayhdistys.fi\/historiayhdistys\/wp-content\/uploads\/2017\/08\/Rukaj\u00e4rvi-keskus-esite-3_Page_2.jpg 2014w, https:\/\/www.rukajarvensuunnanhistoriayhdistys.fi\/historiayhdistys\/wp-content\/uploads\/2017\/08\/Rukaj\u00e4rvi-keskus-esite-3_Page_2-300x169.jpg 300w, https:\/\/www.rukajarvensuunnanhistoriayhdistys.fi\/historiayhdistys\/wp-content\/uploads\/2017\/08\/Rukaj\u00e4rvi-keskus-esite-3_Page_2-768x432.jpg 768w, https:\/\/www.rukajarvensuunnanhistoriayhdistys.fi\/historiayhdistys\/wp-content\/uploads\/2017\/08\/Rukaj\u00e4rvi-keskus-esite-3_Page_2-1024x576.jpg 1024w\" sizes=\"auto, (max-width: 2014px) 100vw, 2014px\" \/><\/a><\/p>\n<p><strong>TERVETULOA TUTUSTUMAAN RUKAJ\u00c4RVI-KESKUKSEN UUSITTUIHIN N\u00c4YTTELYIHIN<\/strong><\/p>\n","protected":false},"excerpt":{"rendered":"<p>Perjantaina\u00a0 1.9.2017 avoinna klo 9.00 \u2013 23.00 \u2013 klo 13.00 RSHY ry:n tietoj\u00e4rjestelmien Epookki.fi ja HeiJoe.com esittelyt Rukaj\u00e4rvi-keskuksen n\u00e4yttelyitten opastukset t\u00e4ysill\u00e4 tunneilla. 1.9.2017 klo 15.00 &#8211; 17.00 Toimi Lukkarinen: &#8221;M\u00e4ski <a class=\"more-link\" href=\"https:\/\/www.rukajarvensuunnanhistoriayhdistys.fi\/historiayhdistys\/lieksan-rukajarvi-keskus-avoinna-viikonloppuna-1-3-9-2017-2\/\">Teksti jatkuu&#8230;<span class=\"screen-reader-text\">Lieksan Rukaj\u00e4rvi-keskus avoinna viikonloppuna 1.-3.9.2017<\/span><span class=\"meta-nav\">\u2192<\/span><\/a><\/p>\n","protected":false},"author":3,"featured_media":0,"comment_status":"closed","ping_status":"open","sticky":false,"template":"","format":"standard","meta":{"footnotes":""},"categories":[22,34,17],"tags":[],"class_list":["post-11730","post","type-post","status-publish","format-standard","hentry","category-ajankohtaista","category-rukajarvi-keskus-lieksa","category-toiminta"],"yoast_head":"<!-- This site is optimized with the Yoast SEO plugin v27.4 - https:\/\/yoast.com\/product\/yoast-seo-wordpress\/ -->\n<title>Lieksan Rukaj\u00e4rvi-keskus avoinna viikonloppuna 1.-3.9.2017 - Rukaj\u00e4rven suunnan historiayhdistys<\/title>\n<meta name=\"robots\" content=\"index, follow, max-snippet:-1, max-image-preview:large, max-video-preview:-1\" \/>\n<link rel=\"canonical\" href=\"https:\/\/www.rukajarvensuunnanhistoriayhdistys.fi\/historiayhdistys\/lieksan-rukajarvi-keskus-avoinna-viikonloppuna-1-3-9-2017-2\/\" \/>\n<meta property=\"og:locale\" content=\"fi_FI\" \/>\n<meta property=\"og:type\" content=\"article\" \/>\n<meta property=\"og:title\" content=\"Lieksan Rukaj\u00e4rvi-keskus avoinna viikonloppuna 1.-3.9.2017 - Rukaj\u00e4rven suunnan historiayhdistys\" \/>\n<meta property=\"og:description\" content=\"Perjantaina\u00a0 1.9.2017 avoinna klo 9.00 \u2013 23.00 \u2013 klo 13.00 RSHY ry:n tietoj\u00e4rjestelmien Epookki.fi ja HeiJoe.com esittelyt Rukaj\u00e4rvi-keskuksen n\u00e4yttelyitten opastukset t\u00e4ysill\u00e4 tunneilla. 1.9.2017 klo 15.00 &#8211; 17.00 Toimi Lukkarinen: &#8221;M\u00e4ski Teksti jatkuu...Lieksan Rukaj\u00e4rvi-keskus avoinna viikonloppuna 1.-3.9.2017\u2192\" \/>\n<meta property=\"og:url\" content=\"https:\/\/www.rukajarvensuunnanhistoriayhdistys.fi\/historiayhdistys\/lieksan-rukajarvi-keskus-avoinna-viikonloppuna-1-3-9-2017-2\/\" \/>\n<meta property=\"og:site_name\" content=\"Rukaj\u00e4rven suunnan historiayhdistys\" \/>\n<meta property=\"article:published_time\" content=\"2017-08-27T07:45:43+00:00\" \/>\n<meta property=\"article:modified_time\" content=\"2017-08-27T16:58:15+00:00\" \/>\n<meta property=\"og:image\" content=\"http:\/\/www.rukajarvensuunnanhistoriayhdistys.fi\/historiayhdistys\/wp-content\/uploads\/2017\/08\/115308-Majewski.jpg\" \/>\n<meta name=\"author\" content=\"RSHY\" \/>\n<meta name=\"twitter:label1\" content=\"Kirjoittanut\" \/>\n\t<meta name=\"twitter:data1\" content=\"RSHY\" \/>\n\t<meta name=\"twitter:label2\" content=\"Arvioitu lukuaika\" \/>\n\t<meta name=\"twitter:data2\" content=\"2 minuuttia\" \/>\n<script type=\"application\/ld+json\" class=\"yoast-schema-graph\">{\"@context\":\"https:\\\/\\\/schema.org\",\"@graph\":[{\"@type\":\"Article\",\"@id\":\"https:\\\/\\\/www.rukajarvensuunnanhistoriayhdistys.fi\\\/historiayhdistys\\\/lieksan-rukajarvi-keskus-avoinna-viikonloppuna-1-3-9-2017-2\\\/#article\",\"isPartOf\":{\"@id\":\"https:\\\/\\\/www.rukajarvensuunnanhistoriayhdistys.fi\\\/historiayhdistys\\\/lieksan-rukajarvi-keskus-avoinna-viikonloppuna-1-3-9-2017-2\\\/\"},\"author\":{\"name\":\"RSHY\",\"@id\":\"http:\\\/\\\/www.rukajarvensuunnanhistoriayhdistys.fi\\\/historiayhdistys\\\/#\\\/schema\\\/person\\\/19de7db68bf72dfd2b5d7f6dfbf8454d\"},\"headline\":\"Lieksan Rukaj\u00e4rvi-keskus avoinna viikonloppuna 1.-3.9.2017\",\"datePublished\":\"2017-08-27T07:45:43+00:00\",\"dateModified\":\"2017-08-27T16:58:15+00:00\",\"mainEntityOfPage\":{\"@id\":\"https:\\\/\\\/www.rukajarvensuunnanhistoriayhdistys.fi\\\/historiayhdistys\\\/lieksan-rukajarvi-keskus-avoinna-viikonloppuna-1-3-9-2017-2\\\/\"},\"wordCount\":450,\"publisher\":{\"@id\":\"http:\\\/\\\/www.rukajarvensuunnanhistoriayhdistys.fi\\\/historiayhdistys\\\/#organization\"},\"image\":{\"@id\":\"https:\\\/\\\/www.rukajarvensuunnanhistoriayhdistys.fi\\\/historiayhdistys\\\/lieksan-rukajarvi-keskus-avoinna-viikonloppuna-1-3-9-2017-2\\\/#primaryimage\"},\"thumbnailUrl\":\"http:\\\/\\\/www.rukajarvensuunnanhistoriayhdistys.fi\\\/historiayhdistys\\\/wp-content\\\/uploads\\\/2017\\\/08\\\/115308-Majewski.jpg\",\"articleSection\":[\"Ajankohtaista\",\"Rukaj\u00e4rvi-keskus \u2013 Lieksa\",\"Toiminta\"],\"inLanguage\":\"fi\"},{\"@type\":\"WebPage\",\"@id\":\"https:\\\/\\\/www.rukajarvensuunnanhistoriayhdistys.fi\\\/historiayhdistys\\\/lieksan-rukajarvi-keskus-avoinna-viikonloppuna-1-3-9-2017-2\\\/\",\"url\":\"https:\\\/\\\/www.rukajarvensuunnanhistoriayhdistys.fi\\\/historiayhdistys\\\/lieksan-rukajarvi-keskus-avoinna-viikonloppuna-1-3-9-2017-2\\\/\",\"name\":\"Lieksan Rukaj\u00e4rvi-keskus avoinna viikonloppuna 1.-3.9.2017 - Rukaj\u00e4rven suunnan historiayhdistys\",\"isPartOf\":{\"@id\":\"http:\\\/\\\/www.rukajarvensuunnanhistoriayhdistys.fi\\\/historiayhdistys\\\/#website\"},\"primaryImageOfPage\":{\"@id\":\"https:\\\/\\\/www.rukajarvensuunnanhistoriayhdistys.fi\\\/historiayhdistys\\\/lieksan-rukajarvi-keskus-avoinna-viikonloppuna-1-3-9-2017-2\\\/#primaryimage\"},\"image\":{\"@id\":\"https:\\\/\\\/www.rukajarvensuunnanhistoriayhdistys.fi\\\/historiayhdistys\\\/lieksan-rukajarvi-keskus-avoinna-viikonloppuna-1-3-9-2017-2\\\/#primaryimage\"},\"thumbnailUrl\":\"http:\\\/\\\/www.rukajarvensuunnanhistoriayhdistys.fi\\\/historiayhdistys\\\/wp-content\\\/uploads\\\/2017\\\/08\\\/115308-Majewski.jpg\",\"datePublished\":\"2017-08-27T07:45:43+00:00\",\"dateModified\":\"2017-08-27T16:58:15+00:00\",\"breadcrumb\":{\"@id\":\"https:\\\/\\\/www.rukajarvensuunnanhistoriayhdistys.fi\\\/historiayhdistys\\\/lieksan-rukajarvi-keskus-avoinna-viikonloppuna-1-3-9-2017-2\\\/#breadcrumb\"},\"inLanguage\":\"fi\",\"potentialAction\":[{\"@type\":\"ReadAction\",\"target\":[\"https:\\\/\\\/www.rukajarvensuunnanhistoriayhdistys.fi\\\/historiayhdistys\\\/lieksan-rukajarvi-keskus-avoinna-viikonloppuna-1-3-9-2017-2\\\/\"]}]},{\"@type\":\"ImageObject\",\"inLanguage\":\"fi\",\"@id\":\"https:\\\/\\\/www.rukajarvensuunnanhistoriayhdistys.fi\\\/historiayhdistys\\\/lieksan-rukajarvi-keskus-avoinna-viikonloppuna-1-3-9-2017-2\\\/#primaryimage\",\"url\":\"https:\\\/\\\/www.rukajarvensuunnanhistoriayhdistys.fi\\\/historiayhdistys\\\/wp-content\\\/uploads\\\/2017\\\/08\\\/115308-Majewski.jpg\",\"contentUrl\":\"https:\\\/\\\/www.rukajarvensuunnanhistoriayhdistys.fi\\\/historiayhdistys\\\/wp-content\\\/uploads\\\/2017\\\/08\\\/115308-Majewski.jpg\",\"width\":4996,\"height\":3281,\"caption\":\"Taistelu on p\u00e4\u00e4ttynyt. Komentaja everstiluutnantti Majewski tarkastamassa taistelun j\u00e4lki\u00e4. (20-30 m t\u00e4st\u00e4 paikasta eteenp\u00e4in kaatui everstiluutnantti Majewski viereeni tarkka-ampujan luodista).\"},{\"@type\":\"BreadcrumbList\",\"@id\":\"https:\\\/\\\/www.rukajarvensuunnanhistoriayhdistys.fi\\\/historiayhdistys\\\/lieksan-rukajarvi-keskus-avoinna-viikonloppuna-1-3-9-2017-2\\\/#breadcrumb\",\"itemListElement\":[{\"@type\":\"ListItem\",\"position\":1,\"name\":\"Etusivu\",\"item\":\"http:\\\/\\\/www.rukajarvensuunnanhistoriayhdistys.fi\\\/historiayhdistys\\\/\"},{\"@type\":\"ListItem\",\"position\":2,\"name\":\"Lieksan Rukaj\u00e4rvi-keskus avoinna viikonloppuna 1.-3.9.2017\"}]},{\"@type\":\"WebSite\",\"@id\":\"http:\\\/\\\/www.rukajarvensuunnanhistoriayhdistys.fi\\\/historiayhdistys\\\/#website\",\"url\":\"http:\\\/\\\/www.rukajarvensuunnanhistoriayhdistys.fi\\\/historiayhdistys\\\/\",\"name\":\"Rukaj\u00e4rven suunnan historiayhdistys\",\"description\":\"Rukaj\u00e4rven suunnan historiayhdistyksen verkkosivut.\",\"publisher\":{\"@id\":\"http:\\\/\\\/www.rukajarvensuunnanhistoriayhdistys.fi\\\/historiayhdistys\\\/#organization\"},\"potentialAction\":[{\"@type\":\"SearchAction\",\"target\":{\"@type\":\"EntryPoint\",\"urlTemplate\":\"http:\\\/\\\/www.rukajarvensuunnanhistoriayhdistys.fi\\\/historiayhdistys\\\/?s={search_term_string}\"},\"query-input\":{\"@type\":\"PropertyValueSpecification\",\"valueRequired\":true,\"valueName\":\"search_term_string\"}}],\"inLanguage\":\"fi\"},{\"@type\":\"Organization\",\"@id\":\"http:\\\/\\\/www.rukajarvensuunnanhistoriayhdistys.fi\\\/historiayhdistys\\\/#organization\",\"name\":\"Rukaj\u00e4rven suunnan historiayhdistys\",\"url\":\"http:\\\/\\\/www.rukajarvensuunnanhistoriayhdistys.fi\\\/historiayhdistys\\\/\",\"logo\":{\"@type\":\"ImageObject\",\"inLanguage\":\"fi\",\"@id\":\"http:\\\/\\\/www.rukajarvensuunnanhistoriayhdistys.fi\\\/historiayhdistys\\\/#\\\/schema\\\/logo\\\/image\\\/\",\"url\":\"https:\\\/\\\/www.rukajarvensuunnanhistoriayhdistys.fi\\\/historiayhdistys\\\/wp-content\\\/uploads\\\/2013\\\/12\\\/Otsake_3.jpg\",\"contentUrl\":\"https:\\\/\\\/www.rukajarvensuunnanhistoriayhdistys.fi\\\/historiayhdistys\\\/wp-content\\\/uploads\\\/2013\\\/12\\\/Otsake_3.jpg\",\"width\":1000,\"height\":442,\"caption\":\"Rukaj\u00e4rven suunnan historiayhdistys\"},\"image\":{\"@id\":\"http:\\\/\\\/www.rukajarvensuunnanhistoriayhdistys.fi\\\/historiayhdistys\\\/#\\\/schema\\\/logo\\\/image\\\/\"}},{\"@type\":\"Person\",\"@id\":\"http:\\\/\\\/www.rukajarvensuunnanhistoriayhdistys.fi\\\/historiayhdistys\\\/#\\\/schema\\\/person\\\/19de7db68bf72dfd2b5d7f6dfbf8454d\",\"name\":\"RSHY\",\"image\":{\"@type\":\"ImageObject\",\"inLanguage\":\"fi\",\"@id\":\"https:\\\/\\\/secure.gravatar.com\\\/avatar\\\/598d59263a69cc8de65fcb4f9db78d6f58c098cb0e0ba22d73377441af9fa04c?s=96&d=blank&r=g\",\"url\":\"https:\\\/\\\/secure.gravatar.com\\\/avatar\\\/598d59263a69cc8de65fcb4f9db78d6f58c098cb0e0ba22d73377441af9fa04c?s=96&d=blank&r=g\",\"contentUrl\":\"https:\\\/\\\/secure.gravatar.com\\\/avatar\\\/598d59263a69cc8de65fcb4f9db78d6f58c098cb0e0ba22d73377441af9fa04c?s=96&d=blank&r=g\",\"caption\":\"RSHY\"},\"url\":\"https:\\\/\\\/www.rukajarvensuunnanhistoriayhdistys.fi\\\/historiayhdistys\\\/author\\\/rshy\\\/\"}]}<\/script>\n<!-- \/ Yoast SEO plugin. -->","yoast_head_json":{"title":"Lieksan Rukaj\u00e4rvi-keskus avoinna viikonloppuna 1.-3.9.2017 - Rukaj\u00e4rven suunnan historiayhdistys","robots":{"index":"index","follow":"follow","max-snippet":"max-snippet:-1","max-image-preview":"max-image-preview:large","max-video-preview":"max-video-preview:-1"},"canonical":"https:\/\/www.rukajarvensuunnanhistoriayhdistys.fi\/historiayhdistys\/lieksan-rukajarvi-keskus-avoinna-viikonloppuna-1-3-9-2017-2\/","og_locale":"fi_FI","og_type":"article","og_title":"Lieksan Rukaj\u00e4rvi-keskus avoinna viikonloppuna 1.-3.9.2017 - Rukaj\u00e4rven suunnan historiayhdistys","og_description":"Perjantaina\u00a0 1.9.2017 avoinna klo 9.00 \u2013 23.00 \u2013 klo 13.00 RSHY ry:n tietoj\u00e4rjestelmien Epookki.fi ja HeiJoe.com esittelyt Rukaj\u00e4rvi-keskuksen n\u00e4yttelyitten opastukset t\u00e4ysill\u00e4 tunneilla. 1.9.2017 klo 15.00 &#8211; 17.00 Toimi Lukkarinen: &#8221;M\u00e4ski Teksti jatkuu...Lieksan Rukaj\u00e4rvi-keskus avoinna viikonloppuna 1.-3.9.2017\u2192","og_url":"https:\/\/www.rukajarvensuunnanhistoriayhdistys.fi\/historiayhdistys\/lieksan-rukajarvi-keskus-avoinna-viikonloppuna-1-3-9-2017-2\/","og_site_name":"Rukaj\u00e4rven suunnan historiayhdistys","article_published_time":"2017-08-27T07:45:43+00:00","article_modified_time":"2017-08-27T16:58:15+00:00","og_image":[{"url":"http:\/\/www.rukajarvensuunnanhistoriayhdistys.fi\/historiayhdistys\/wp-content\/uploads\/2017\/08\/115308-Majewski.jpg","type":"","width":"","height":""}],"author":"RSHY","twitter_misc":{"Kirjoittanut":"RSHY","Arvioitu lukuaika":"2 minuuttia"},"schema":{"@context":"https:\/\/schema.org","@graph":[{"@type":"Article","@id":"https:\/\/www.rukajarvensuunnanhistoriayhdistys.fi\/historiayhdistys\/lieksan-rukajarvi-keskus-avoinna-viikonloppuna-1-3-9-2017-2\/#article","isPartOf":{"@id":"https:\/\/www.rukajarvensuunnanhistoriayhdistys.fi\/historiayhdistys\/lieksan-rukajarvi-keskus-avoinna-viikonloppuna-1-3-9-2017-2\/"},"author":{"name":"RSHY","@id":"http:\/\/www.rukajarvensuunnanhistoriayhdistys.fi\/historiayhdistys\/#\/schema\/person\/19de7db68bf72dfd2b5d7f6dfbf8454d"},"headline":"Lieksan Rukaj\u00e4rvi-keskus avoinna viikonloppuna 1.-3.9.2017","datePublished":"2017-08-27T07:45:43+00:00","dateModified":"2017-08-27T16:58:15+00:00","mainEntityOfPage":{"@id":"https:\/\/www.rukajarvensuunnanhistoriayhdistys.fi\/historiayhdistys\/lieksan-rukajarvi-keskus-avoinna-viikonloppuna-1-3-9-2017-2\/"},"wordCount":450,"publisher":{"@id":"http:\/\/www.rukajarvensuunnanhistoriayhdistys.fi\/historiayhdistys\/#organization"},"image":{"@id":"https:\/\/www.rukajarvensuunnanhistoriayhdistys.fi\/historiayhdistys\/lieksan-rukajarvi-keskus-avoinna-viikonloppuna-1-3-9-2017-2\/#primaryimage"},"thumbnailUrl":"http:\/\/www.rukajarvensuunnanhistoriayhdistys.fi\/historiayhdistys\/wp-content\/uploads\/2017\/08\/115308-Majewski.jpg","articleSection":["Ajankohtaista","Rukaj\u00e4rvi-keskus \u2013 Lieksa","Toiminta"],"inLanguage":"fi"},{"@type":"WebPage","@id":"https:\/\/www.rukajarvensuunnanhistoriayhdistys.fi\/historiayhdistys\/lieksan-rukajarvi-keskus-avoinna-viikonloppuna-1-3-9-2017-2\/","url":"https:\/\/www.rukajarvensuunnanhistoriayhdistys.fi\/historiayhdistys\/lieksan-rukajarvi-keskus-avoinna-viikonloppuna-1-3-9-2017-2\/","name":"Lieksan Rukaj\u00e4rvi-keskus avoinna viikonloppuna 1.-3.9.2017 - Rukaj\u00e4rven suunnan historiayhdistys","isPartOf":{"@id":"http:\/\/www.rukajarvensuunnanhistoriayhdistys.fi\/historiayhdistys\/#website"},"primaryImageOfPage":{"@id":"https:\/\/www.rukajarvensuunnanhistoriayhdistys.fi\/historiayhdistys\/lieksan-rukajarvi-keskus-avoinna-viikonloppuna-1-3-9-2017-2\/#primaryimage"},"image":{"@id":"https:\/\/www.rukajarvensuunnanhistoriayhdistys.fi\/historiayhdistys\/lieksan-rukajarvi-keskus-avoinna-viikonloppuna-1-3-9-2017-2\/#primaryimage"},"thumbnailUrl":"http:\/\/www.rukajarvensuunnanhistoriayhdistys.fi\/historiayhdistys\/wp-content\/uploads\/2017\/08\/115308-Majewski.jpg","datePublished":"2017-08-27T07:45:43+00:00","dateModified":"2017-08-27T16:58:15+00:00","breadcrumb":{"@id":"https:\/\/www.rukajarvensuunnanhistoriayhdistys.fi\/historiayhdistys\/lieksan-rukajarvi-keskus-avoinna-viikonloppuna-1-3-9-2017-2\/#breadcrumb"},"inLanguage":"fi","potentialAction":[{"@type":"ReadAction","target":["https:\/\/www.rukajarvensuunnanhistoriayhdistys.fi\/historiayhdistys\/lieksan-rukajarvi-keskus-avoinna-viikonloppuna-1-3-9-2017-2\/"]}]},{"@type":"ImageObject","inLanguage":"fi","@id":"https:\/\/www.rukajarvensuunnanhistoriayhdistys.fi\/historiayhdistys\/lieksan-rukajarvi-keskus-avoinna-viikonloppuna-1-3-9-2017-2\/#primaryimage","url":"https:\/\/www.rukajarvensuunnanhistoriayhdistys.fi\/historiayhdistys\/wp-content\/uploads\/2017\/08\/115308-Majewski.jpg","contentUrl":"https:\/\/www.rukajarvensuunnanhistoriayhdistys.fi\/historiayhdistys\/wp-content\/uploads\/2017\/08\/115308-Majewski.jpg","width":4996,"height":3281,"caption":"Taistelu on p\u00e4\u00e4ttynyt. Komentaja everstiluutnantti Majewski tarkastamassa taistelun j\u00e4lki\u00e4. (20-30 m t\u00e4st\u00e4 paikasta eteenp\u00e4in kaatui everstiluutnantti Majewski viereeni tarkka-ampujan luodista)."},{"@type":"BreadcrumbList","@id":"https:\/\/www.rukajarvensuunnanhistoriayhdistys.fi\/historiayhdistys\/lieksan-rukajarvi-keskus-avoinna-viikonloppuna-1-3-9-2017-2\/#breadcrumb","itemListElement":[{"@type":"ListItem","position":1,"name":"Etusivu","item":"http:\/\/www.rukajarvensuunnanhistoriayhdistys.fi\/historiayhdistys\/"},{"@type":"ListItem","position":2,"name":"Lieksan Rukaj\u00e4rvi-keskus avoinna viikonloppuna 1.-3.9.2017"}]},{"@type":"WebSite","@id":"http:\/\/www.rukajarvensuunnanhistoriayhdistys.fi\/historiayhdistys\/#website","url":"http:\/\/www.rukajarvensuunnanhistoriayhdistys.fi\/historiayhdistys\/","name":"Rukaj\u00e4rven suunnan historiayhdistys","description":"Rukaj\u00e4rven suunnan historiayhdistyksen verkkosivut.","publisher":{"@id":"http:\/\/www.rukajarvensuunnanhistoriayhdistys.fi\/historiayhdistys\/#organization"},"potentialAction":[{"@type":"SearchAction","target":{"@type":"EntryPoint","urlTemplate":"http:\/\/www.rukajarvensuunnanhistoriayhdistys.fi\/historiayhdistys\/?s={search_term_string}"},"query-input":{"@type":"PropertyValueSpecification","valueRequired":true,"valueName":"search_term_string"}}],"inLanguage":"fi"},{"@type":"Organization","@id":"http:\/\/www.rukajarvensuunnanhistoriayhdistys.fi\/historiayhdistys\/#organization","name":"Rukaj\u00e4rven suunnan historiayhdistys","url":"http:\/\/www.rukajarvensuunnanhistoriayhdistys.fi\/historiayhdistys\/","logo":{"@type":"ImageObject","inLanguage":"fi","@id":"http:\/\/www.rukajarvensuunnanhistoriayhdistys.fi\/historiayhdistys\/#\/schema\/logo\/image\/","url":"https:\/\/www.rukajarvensuunnanhistoriayhdistys.fi\/historiayhdistys\/wp-content\/uploads\/2013\/12\/Otsake_3.jpg","contentUrl":"https:\/\/www.rukajarvensuunnanhistoriayhdistys.fi\/historiayhdistys\/wp-content\/uploads\/2013\/12\/Otsake_3.jpg","width":1000,"height":442,"caption":"Rukaj\u00e4rven suunnan historiayhdistys"},"image":{"@id":"http:\/\/www.rukajarvensuunnanhistoriayhdistys.fi\/historiayhdistys\/#\/schema\/logo\/image\/"}},{"@type":"Person","@id":"http:\/\/www.rukajarvensuunnanhistoriayhdistys.fi\/historiayhdistys\/#\/schema\/person\/19de7db68bf72dfd2b5d7f6dfbf8454d","name":"RSHY","image":{"@type":"ImageObject","inLanguage":"fi","@id":"https:\/\/secure.gravatar.com\/avatar\/598d59263a69cc8de65fcb4f9db78d6f58c098cb0e0ba22d73377441af9fa04c?s=96&d=blank&r=g","url":"https:\/\/secure.gravatar.com\/avatar\/598d59263a69cc8de65fcb4f9db78d6f58c098cb0e0ba22d73377441af9fa04c?s=96&d=blank&r=g","contentUrl":"https:\/\/secure.gravatar.com\/avatar\/598d59263a69cc8de65fcb4f9db78d6f58c098cb0e0ba22d73377441af9fa04c?s=96&d=blank&r=g","caption":"RSHY"},"url":"https:\/\/www.rukajarvensuunnanhistoriayhdistys.fi\/historiayhdistys\/author\/rshy\/"}]}},"_links":{"self":[{"href":"https:\/\/www.rukajarvensuunnanhistoriayhdistys.fi\/historiayhdistys\/wp-json\/wp\/v2\/posts\/11730","targetHints":{"allow":["GET"]}}],"collection":[{"href":"https:\/\/www.rukajarvensuunnanhistoriayhdistys.fi\/historiayhdistys\/wp-json\/wp\/v2\/posts"}],"about":[{"href":"https:\/\/www.rukajarvensuunnanhistoriayhdistys.fi\/historiayhdistys\/wp-json\/wp\/v2\/types\/post"}],"author":[{"embeddable":true,"href":"https:\/\/www.rukajarvensuunnanhistoriayhdistys.fi\/historiayhdistys\/wp-json\/wp\/v2\/users\/3"}],"replies":[{"embeddable":true,"href":"https:\/\/www.rukajarvensuunnanhistoriayhdistys.fi\/historiayhdistys\/wp-json\/wp\/v2\/comments?post=11730"}],"version-history":[{"count":5,"href":"https:\/\/www.rukajarvensuunnanhistoriayhdistys.fi\/historiayhdistys\/wp-json\/wp\/v2\/posts\/11730\/revisions"}],"predecessor-version":[{"id":11735,"href":"https:\/\/www.rukajarvensuunnanhistoriayhdistys.fi\/historiayhdistys\/wp-json\/wp\/v2\/posts\/11730\/revisions\/11735"}],"wp:attachment":[{"href":"https:\/\/www.rukajarvensuunnanhistoriayhdistys.fi\/historiayhdistys\/wp-json\/wp\/v2\/media?parent=11730"}],"wp:term":[{"taxonomy":"category","embeddable":true,"href":"https:\/\/www.rukajarvensuunnanhistoriayhdistys.fi\/historiayhdistys\/wp-json\/wp\/v2\/categories?post=11730"},{"taxonomy":"post_tag","embeddable":true,"href":"https:\/\/www.rukajarvensuunnanhistoriayhdistys.fi\/historiayhdistys\/wp-json\/wp\/v2\/tags?post=11730"}],"curies":[{"name":"wp","href":"https:\/\/api.w.org\/{rel}","templated":true}]}}