{"id":11749,"date":"2017-09-13T23:17:13","date_gmt":"2017-09-13T20:17:13","guid":{"rendered":"http:\/\/www.rukajarvensuunnanhistoriayhdistys.fi\/historiayhdistys\/?p=11749"},"modified":"2017-09-14T00:17:52","modified_gmt":"2017-09-13T21:17:52","slug":"kenraaliluutnantti-ermei-kannisen-muistoseminaari-ja-paivallinen-marskin-poydassa-rukajarvella","status":"publish","type":"post","link":"https:\/\/www.rukajarvensuunnanhistoriayhdistys.fi\/historiayhdistys\/kenraaliluutnantti-ermei-kannisen-muistoseminaari-ja-paivallinen-marskin-poydassa-rukajarvella\/","title":{"rendered":"Kenraaliluutnantti Ermei Kannisen Muistoseminaari ja p\u00e4iv\u00e4llinen &#8221;Marskin p\u00f6yd\u00e4ss\u00e4 Rukaj\u00e4rvell\u00e4&#8221;"},"content":{"rendered":"<div class=\"fcbkbttn_buttons_block\" id=\"fcbkbttn_left\"><div class=\"fcbkbttn_like \"><fb:like href=\"https:\/\/www.rukajarvensuunnanhistoriayhdistys.fi\/historiayhdistys\/kenraaliluutnantti-ermei-kannisen-muistoseminaari-ja-paivallinen-marskin-poydassa-rukajarvella\/\" action=\"like\" colorscheme=\"light\" layout=\"button_count\"  size=\"small\"><\/fb:like><\/div><\/div><p><strong>Tervetuloa yhdess\u00e4 Helsingin Suomalaisen Klubin kanssa j\u00e4rjest\u00e4m\u00e4\u00e4mme Suomi 100-vuotistilaisuuteen:<\/strong><\/p>\n<p><a href=\"http:\/\/www.rukajarvensuunnanhistoriayhdistys.fi\/historiayhdistys\/event\/kenraaliluutnantti-ermei-kannisen-muistoseminaari\/a-rukaja%cc%88rvi-ohjelma\/\" rel=\"attachment wp-att-11755\"><img loading=\"lazy\" decoding=\"async\" class=\"aligncenter size-full wp-image-11755\" src=\"http:\/\/www.rukajarvensuunnanhistoriayhdistys.fi\/historiayhdistys\/wp-content\/uploads\/2017\/01\/A-Rukaja\u0308rvi-ohjelma.jpg\" alt=\"\" width=\"1240\" height=\"1754\" data-id=\"11755\" srcset=\"https:\/\/www.rukajarvensuunnanhistoriayhdistys.fi\/historiayhdistys\/wp-content\/uploads\/2017\/01\/A-Rukaja\u0308rvi-ohjelma.jpg 1240w, https:\/\/www.rukajarvensuunnanhistoriayhdistys.fi\/historiayhdistys\/wp-content\/uploads\/2017\/01\/A-Rukaja\u0308rvi-ohjelma-212x300.jpg 212w, https:\/\/www.rukajarvensuunnanhistoriayhdistys.fi\/historiayhdistys\/wp-content\/uploads\/2017\/01\/A-Rukaja\u0308rvi-ohjelma-768x1086.jpg 768w, https:\/\/www.rukajarvensuunnanhistoriayhdistys.fi\/historiayhdistys\/wp-content\/uploads\/2017\/01\/A-Rukaja\u0308rvi-ohjelma-724x1024.jpg 724w\" sizes=\"auto, (max-width: 1240px) 100vw, 1240px\" \/><\/a><\/p>\n<p><a href=\"http:\/\/www.rukajarvensuunnanhistoriayhdistys.fi\/historiayhdistys\/kenraaliluutnantti-ermei-kannisen-muistoseminaari-ja-paivallinen-marskin-poydassa-rukajarvella\/b-rukaja%cc%88rvi_po%cc%88yta%cc%88ohjelma\/\" rel=\"attachment wp-att-11751\"><img loading=\"lazy\" decoding=\"async\" class=\"aligncenter size-full wp-image-11751\" src=\"http:\/\/www.rukajarvensuunnanhistoriayhdistys.fi\/historiayhdistys\/wp-content\/uploads\/2017\/09\/B-rukaja\u0308rvi_po\u0308yta\u0308ohjelma.jpg\" alt=\"\" width=\"1754\" height=\"1240\" data-id=\"11751\" srcset=\"https:\/\/www.rukajarvensuunnanhistoriayhdistys.fi\/historiayhdistys\/wp-content\/uploads\/2017\/09\/B-rukaja\u0308rvi_po\u0308yta\u0308ohjelma.jpg 1754w, https:\/\/www.rukajarvensuunnanhistoriayhdistys.fi\/historiayhdistys\/wp-content\/uploads\/2017\/09\/B-rukaja\u0308rvi_po\u0308yta\u0308ohjelma-300x212.jpg 300w, https:\/\/www.rukajarvensuunnanhistoriayhdistys.fi\/historiayhdistys\/wp-content\/uploads\/2017\/09\/B-rukaja\u0308rvi_po\u0308yta\u0308ohjelma-768x543.jpg 768w, https:\/\/www.rukajarvensuunnanhistoriayhdistys.fi\/historiayhdistys\/wp-content\/uploads\/2017\/09\/B-rukaja\u0308rvi_po\u0308yta\u0308ohjelma-1024x724.jpg 1024w\" sizes=\"auto, (max-width: 1754px) 100vw, 1754px\" \/><\/a><\/p>\n<p><strong>Seminaariin sis\u00e4ltyv\u00e4st\u00e4 p\u00e4iv\u00e4llisest\u00e4 Klubin ravintola perii 73 \u20ac, mik\u00e4 tulee maksaa etuk\u00e4teen pankkitilillemme: FI28 5780 0720 3700 27.<\/strong><\/p>\n<p><strong>Ilmoittautuminen 25.9.2017 menness\u00e4 yhdistyksen sihteeri Aila Elolle sp. esa_aila@yahoo.com tai puh. 050-4915437<\/strong><\/p>\n<p><strong>Samalla pyydet\u00e4\u00e4n ilmoittamaan mahdollinen erikoisruokavalio.<\/strong><\/p>\n<p><strong>Tumma puku<\/strong><\/p>\n","protected":false},"excerpt":{"rendered":"<p>Tervetuloa yhdess\u00e4 Helsingin Suomalaisen Klubin kanssa j\u00e4rjest\u00e4m\u00e4\u00e4mme Suomi 100-vuotistilaisuuteen: Seminaariin sis\u00e4ltyv\u00e4st\u00e4 p\u00e4iv\u00e4llisest\u00e4 Klubin ravintola perii 73 \u20ac, mik\u00e4 tulee maksaa etuk\u00e4teen pankkitilillemme: FI28 5780 0720 3700 27. Ilmoittautuminen 25.9.2017 menness\u00e4 <a class=\"more-link\" href=\"https:\/\/www.rukajarvensuunnanhistoriayhdistys.fi\/historiayhdistys\/kenraaliluutnantti-ermei-kannisen-muistoseminaari-ja-paivallinen-marskin-poydassa-rukajarvella\/\">Teksti jatkuu&#8230;<span class=\"screen-reader-text\">Kenraaliluutnantti Ermei Kannisen Muistoseminaari ja p\u00e4iv\u00e4llinen &#8221;Marskin p\u00f6yd\u00e4ss\u00e4 Rukaj\u00e4rvell\u00e4&#8221;<\/span><span class=\"meta-nav\">\u2192<\/span><\/a><\/p>\n","protected":false},"author":3,"featured_media":0,"comment_status":"closed","ping_status":"open","sticky":false,"template":"","format":"standard","meta":{"footnotes":""},"categories":[22,44,21,17],"tags":[],"class_list":["post-11749","post","type-post","status-publish","format-standard","hentry","category-ajankohtaista","category-esitelma","category-rukajarvi-keskus","category-toiminta"],"yoast_head":"<!-- This site is optimized with the Yoast SEO plugin v27.4 - https:\/\/yoast.com\/product\/yoast-seo-wordpress\/ -->\n<title>Kenraaliluutnantti Ermei Kannisen Muistoseminaari ja p\u00e4iv\u00e4llinen &quot;Marskin p\u00f6yd\u00e4ss\u00e4 Rukaj\u00e4rvell\u00e4&quot; - Rukaj\u00e4rven suunnan historiayhdistys<\/title>\n<meta name=\"robots\" content=\"index, follow, max-snippet:-1, max-image-preview:large, max-video-preview:-1\" \/>\n<link rel=\"canonical\" href=\"http:\/\/www.rukajarvensuunnanhistoriayhdistys.fi\/historiayhdistys\/kenraaliluutnantti-ermei-kannisen-muistoseminaari-ja-paivallinen-marskin-poydassa-rukajarvella\/\" \/>\n<meta property=\"og:locale\" content=\"fi_FI\" \/>\n<meta property=\"og:type\" content=\"article\" \/>\n<meta property=\"og:title\" content=\"Kenraaliluutnantti Ermei Kannisen Muistoseminaari ja p\u00e4iv\u00e4llinen &quot;Marskin p\u00f6yd\u00e4ss\u00e4 Rukaj\u00e4rvell\u00e4&quot; - Rukaj\u00e4rven suunnan historiayhdistys\" \/>\n<meta property=\"og:description\" content=\"Tervetuloa yhdess\u00e4 Helsingin Suomalaisen Klubin kanssa j\u00e4rjest\u00e4m\u00e4\u00e4mme Suomi 100-vuotistilaisuuteen: Seminaariin sis\u00e4ltyv\u00e4st\u00e4 p\u00e4iv\u00e4llisest\u00e4 Klubin ravintola perii 73 \u20ac, mik\u00e4 tulee maksaa etuk\u00e4teen pankkitilillemme: FI28 5780 0720 3700 27. Ilmoittautuminen 25.9.2017 menness\u00e4 Teksti jatkuu...Kenraaliluutnantti Ermei Kannisen Muistoseminaari ja p\u00e4iv\u00e4llinen &#8221;Marskin p\u00f6yd\u00e4ss\u00e4 Rukaj\u00e4rvell\u00e4&#8221;\u2192\" \/>\n<meta property=\"og:url\" content=\"http:\/\/www.rukajarvensuunnanhistoriayhdistys.fi\/historiayhdistys\/kenraaliluutnantti-ermei-kannisen-muistoseminaari-ja-paivallinen-marskin-poydassa-rukajarvella\/\" \/>\n<meta property=\"og:site_name\" content=\"Rukaj\u00e4rven suunnan historiayhdistys\" \/>\n<meta property=\"article:published_time\" content=\"2017-09-13T20:17:13+00:00\" \/>\n<meta property=\"article:modified_time\" content=\"2017-09-13T21:17:52+00:00\" \/>\n<meta name=\"author\" content=\"RSHY\" \/>\n<meta name=\"twitter:label1\" content=\"Kirjoittanut\" \/>\n\t<meta name=\"twitter:data1\" content=\"RSHY\" \/>\n<script type=\"application\/ld+json\" class=\"yoast-schema-graph\">{\"@context\":\"https:\\\/\\\/schema.org\",\"@graph\":[{\"@type\":\"Article\",\"@id\":\"http:\\\/\\\/www.rukajarvensuunnanhistoriayhdistys.fi\\\/historiayhdistys\\\/kenraaliluutnantti-ermei-kannisen-muistoseminaari-ja-paivallinen-marskin-poydassa-rukajarvella\\\/#article\",\"isPartOf\":{\"@id\":\"http:\\\/\\\/www.rukajarvensuunnanhistoriayhdistys.fi\\\/historiayhdistys\\\/kenraaliluutnantti-ermei-kannisen-muistoseminaari-ja-paivallinen-marskin-poydassa-rukajarvella\\\/\"},\"author\":{\"name\":\"RSHY\",\"@id\":\"http:\\\/\\\/www.rukajarvensuunnanhistoriayhdistys.fi\\\/historiayhdistys\\\/#\\\/schema\\\/person\\\/19de7db68bf72dfd2b5d7f6dfbf8454d\"},\"headline\":\"Kenraaliluutnantti Ermei Kannisen Muistoseminaari ja p\u00e4iv\u00e4llinen &#8221;Marskin p\u00f6yd\u00e4ss\u00e4 Rukaj\u00e4rvell\u00e4&#8221;\",\"datePublished\":\"2017-09-13T20:17:13+00:00\",\"dateModified\":\"2017-09-13T21:17:52+00:00\",\"mainEntityOfPage\":{\"@id\":\"http:\\\/\\\/www.rukajarvensuunnanhistoriayhdistys.fi\\\/historiayhdistys\\\/kenraaliluutnantti-ermei-kannisen-muistoseminaari-ja-paivallinen-marskin-poydassa-rukajarvella\\\/\"},\"wordCount\":65,\"publisher\":{\"@id\":\"http:\\\/\\\/www.rukajarvensuunnanhistoriayhdistys.fi\\\/historiayhdistys\\\/#organization\"},\"articleSection\":[\"Ajankohtaista\",\"esitelm\u00e4\",\"Rukaj\u00e4rvi-keskus\",\"Toiminta\"],\"inLanguage\":\"fi\"},{\"@type\":\"WebPage\",\"@id\":\"http:\\\/\\\/www.rukajarvensuunnanhistoriayhdistys.fi\\\/historiayhdistys\\\/kenraaliluutnantti-ermei-kannisen-muistoseminaari-ja-paivallinen-marskin-poydassa-rukajarvella\\\/\",\"url\":\"http:\\\/\\\/www.rukajarvensuunnanhistoriayhdistys.fi\\\/historiayhdistys\\\/kenraaliluutnantti-ermei-kannisen-muistoseminaari-ja-paivallinen-marskin-poydassa-rukajarvella\\\/\",\"name\":\"Kenraaliluutnantti Ermei Kannisen Muistoseminaari ja p\u00e4iv\u00e4llinen \\\"Marskin p\u00f6yd\u00e4ss\u00e4 Rukaj\u00e4rvell\u00e4\\\" - Rukaj\u00e4rven suunnan historiayhdistys\",\"isPartOf\":{\"@id\":\"http:\\\/\\\/www.rukajarvensuunnanhistoriayhdistys.fi\\\/historiayhdistys\\\/#website\"},\"datePublished\":\"2017-09-13T20:17:13+00:00\",\"dateModified\":\"2017-09-13T21:17:52+00:00\",\"breadcrumb\":{\"@id\":\"http:\\\/\\\/www.rukajarvensuunnanhistoriayhdistys.fi\\\/historiayhdistys\\\/kenraaliluutnantti-ermei-kannisen-muistoseminaari-ja-paivallinen-marskin-poydassa-rukajarvella\\\/#breadcrumb\"},\"inLanguage\":\"fi\",\"potentialAction\":[{\"@type\":\"ReadAction\",\"target\":[\"http:\\\/\\\/www.rukajarvensuunnanhistoriayhdistys.fi\\\/historiayhdistys\\\/kenraaliluutnantti-ermei-kannisen-muistoseminaari-ja-paivallinen-marskin-poydassa-rukajarvella\\\/\"]}]},{\"@type\":\"BreadcrumbList\",\"@id\":\"http:\\\/\\\/www.rukajarvensuunnanhistoriayhdistys.fi\\\/historiayhdistys\\\/kenraaliluutnantti-ermei-kannisen-muistoseminaari-ja-paivallinen-marskin-poydassa-rukajarvella\\\/#breadcrumb\",\"itemListElement\":[{\"@type\":\"ListItem\",\"position\":1,\"name\":\"Etusivu\",\"item\":\"http:\\\/\\\/www.rukajarvensuunnanhistoriayhdistys.fi\\\/historiayhdistys\\\/\"},{\"@type\":\"ListItem\",\"position\":2,\"name\":\"Kenraaliluutnantti Ermei Kannisen Muistoseminaari ja p\u00e4iv\u00e4llinen &#8221;Marskin p\u00f6yd\u00e4ss\u00e4 Rukaj\u00e4rvell\u00e4&#8221;\"}]},{\"@type\":\"WebSite\",\"@id\":\"http:\\\/\\\/www.rukajarvensuunnanhistoriayhdistys.fi\\\/historiayhdistys\\\/#website\",\"url\":\"http:\\\/\\\/www.rukajarvensuunnanhistoriayhdistys.fi\\\/historiayhdistys\\\/\",\"name\":\"Rukaj\u00e4rven suunnan historiayhdistys\",\"description\":\"Rukaj\u00e4rven suunnan historiayhdistyksen verkkosivut.\",\"publisher\":{\"@id\":\"http:\\\/\\\/www.rukajarvensuunnanhistoriayhdistys.fi\\\/historiayhdistys\\\/#organization\"},\"potentialAction\":[{\"@type\":\"SearchAction\",\"target\":{\"@type\":\"EntryPoint\",\"urlTemplate\":\"http:\\\/\\\/www.rukajarvensuunnanhistoriayhdistys.fi\\\/historiayhdistys\\\/?s={search_term_string}\"},\"query-input\":{\"@type\":\"PropertyValueSpecification\",\"valueRequired\":true,\"valueName\":\"search_term_string\"}}],\"inLanguage\":\"fi\"},{\"@type\":\"Organization\",\"@id\":\"http:\\\/\\\/www.rukajarvensuunnanhistoriayhdistys.fi\\\/historiayhdistys\\\/#organization\",\"name\":\"Rukaj\u00e4rven suunnan historiayhdistys\",\"url\":\"http:\\\/\\\/www.rukajarvensuunnanhistoriayhdistys.fi\\\/historiayhdistys\\\/\",\"logo\":{\"@type\":\"ImageObject\",\"inLanguage\":\"fi\",\"@id\":\"http:\\\/\\\/www.rukajarvensuunnanhistoriayhdistys.fi\\\/historiayhdistys\\\/#\\\/schema\\\/logo\\\/image\\\/\",\"url\":\"https:\\\/\\\/www.rukajarvensuunnanhistoriayhdistys.fi\\\/historiayhdistys\\\/wp-content\\\/uploads\\\/2013\\\/12\\\/Otsake_3.jpg\",\"contentUrl\":\"https:\\\/\\\/www.rukajarvensuunnanhistoriayhdistys.fi\\\/historiayhdistys\\\/wp-content\\\/uploads\\\/2013\\\/12\\\/Otsake_3.jpg\",\"width\":1000,\"height\":442,\"caption\":\"Rukaj\u00e4rven suunnan historiayhdistys\"},\"image\":{\"@id\":\"http:\\\/\\\/www.rukajarvensuunnanhistoriayhdistys.fi\\\/historiayhdistys\\\/#\\\/schema\\\/logo\\\/image\\\/\"}},{\"@type\":\"Person\",\"@id\":\"http:\\\/\\\/www.rukajarvensuunnanhistoriayhdistys.fi\\\/historiayhdistys\\\/#\\\/schema\\\/person\\\/19de7db68bf72dfd2b5d7f6dfbf8454d\",\"name\":\"RSHY\",\"image\":{\"@type\":\"ImageObject\",\"inLanguage\":\"fi\",\"@id\":\"https:\\\/\\\/secure.gravatar.com\\\/avatar\\\/598d59263a69cc8de65fcb4f9db78d6f58c098cb0e0ba22d73377441af9fa04c?s=96&d=blank&r=g\",\"url\":\"https:\\\/\\\/secure.gravatar.com\\\/avatar\\\/598d59263a69cc8de65fcb4f9db78d6f58c098cb0e0ba22d73377441af9fa04c?s=96&d=blank&r=g\",\"contentUrl\":\"https:\\\/\\\/secure.gravatar.com\\\/avatar\\\/598d59263a69cc8de65fcb4f9db78d6f58c098cb0e0ba22d73377441af9fa04c?s=96&d=blank&r=g\",\"caption\":\"RSHY\"},\"url\":\"https:\\\/\\\/www.rukajarvensuunnanhistoriayhdistys.fi\\\/historiayhdistys\\\/author\\\/rshy\\\/\"}]}<\/script>\n<!-- \/ Yoast SEO plugin. -->","yoast_head_json":{"title":"Kenraaliluutnantti Ermei Kannisen Muistoseminaari ja p\u00e4iv\u00e4llinen \"Marskin p\u00f6yd\u00e4ss\u00e4 Rukaj\u00e4rvell\u00e4\" - Rukaj\u00e4rven suunnan historiayhdistys","robots":{"index":"index","follow":"follow","max-snippet":"max-snippet:-1","max-image-preview":"max-image-preview:large","max-video-preview":"max-video-preview:-1"},"canonical":"http:\/\/www.rukajarvensuunnanhistoriayhdistys.fi\/historiayhdistys\/kenraaliluutnantti-ermei-kannisen-muistoseminaari-ja-paivallinen-marskin-poydassa-rukajarvella\/","og_locale":"fi_FI","og_type":"article","og_title":"Kenraaliluutnantti Ermei Kannisen Muistoseminaari ja p\u00e4iv\u00e4llinen \"Marskin p\u00f6yd\u00e4ss\u00e4 Rukaj\u00e4rvell\u00e4\" - Rukaj\u00e4rven suunnan historiayhdistys","og_description":"Tervetuloa yhdess\u00e4 Helsingin Suomalaisen Klubin kanssa j\u00e4rjest\u00e4m\u00e4\u00e4mme Suomi 100-vuotistilaisuuteen: Seminaariin sis\u00e4ltyv\u00e4st\u00e4 p\u00e4iv\u00e4llisest\u00e4 Klubin ravintola perii 73 \u20ac, mik\u00e4 tulee maksaa etuk\u00e4teen pankkitilillemme: FI28 5780 0720 3700 27. Ilmoittautuminen 25.9.2017 menness\u00e4 Teksti jatkuu...Kenraaliluutnantti Ermei Kannisen Muistoseminaari ja p\u00e4iv\u00e4llinen &#8221;Marskin p\u00f6yd\u00e4ss\u00e4 Rukaj\u00e4rvell\u00e4&#8221;\u2192","og_url":"http:\/\/www.rukajarvensuunnanhistoriayhdistys.fi\/historiayhdistys\/kenraaliluutnantti-ermei-kannisen-muistoseminaari-ja-paivallinen-marskin-poydassa-rukajarvella\/","og_site_name":"Rukaj\u00e4rven suunnan historiayhdistys","article_published_time":"2017-09-13T20:17:13+00:00","article_modified_time":"2017-09-13T21:17:52+00:00","author":"RSHY","twitter_misc":{"Kirjoittanut":"RSHY"},"schema":{"@context":"https:\/\/schema.org","@graph":[{"@type":"Article","@id":"http:\/\/www.rukajarvensuunnanhistoriayhdistys.fi\/historiayhdistys\/kenraaliluutnantti-ermei-kannisen-muistoseminaari-ja-paivallinen-marskin-poydassa-rukajarvella\/#article","isPartOf":{"@id":"http:\/\/www.rukajarvensuunnanhistoriayhdistys.fi\/historiayhdistys\/kenraaliluutnantti-ermei-kannisen-muistoseminaari-ja-paivallinen-marskin-poydassa-rukajarvella\/"},"author":{"name":"RSHY","@id":"http:\/\/www.rukajarvensuunnanhistoriayhdistys.fi\/historiayhdistys\/#\/schema\/person\/19de7db68bf72dfd2b5d7f6dfbf8454d"},"headline":"Kenraaliluutnantti Ermei Kannisen Muistoseminaari ja p\u00e4iv\u00e4llinen &#8221;Marskin p\u00f6yd\u00e4ss\u00e4 Rukaj\u00e4rvell\u00e4&#8221;","datePublished":"2017-09-13T20:17:13+00:00","dateModified":"2017-09-13T21:17:52+00:00","mainEntityOfPage":{"@id":"http:\/\/www.rukajarvensuunnanhistoriayhdistys.fi\/historiayhdistys\/kenraaliluutnantti-ermei-kannisen-muistoseminaari-ja-paivallinen-marskin-poydassa-rukajarvella\/"},"wordCount":65,"publisher":{"@id":"http:\/\/www.rukajarvensuunnanhistoriayhdistys.fi\/historiayhdistys\/#organization"},"articleSection":["Ajankohtaista","esitelm\u00e4","Rukaj\u00e4rvi-keskus","Toiminta"],"inLanguage":"fi"},{"@type":"WebPage","@id":"http:\/\/www.rukajarvensuunnanhistoriayhdistys.fi\/historiayhdistys\/kenraaliluutnantti-ermei-kannisen-muistoseminaari-ja-paivallinen-marskin-poydassa-rukajarvella\/","url":"http:\/\/www.rukajarvensuunnanhistoriayhdistys.fi\/historiayhdistys\/kenraaliluutnantti-ermei-kannisen-muistoseminaari-ja-paivallinen-marskin-poydassa-rukajarvella\/","name":"Kenraaliluutnantti Ermei Kannisen Muistoseminaari ja p\u00e4iv\u00e4llinen \"Marskin p\u00f6yd\u00e4ss\u00e4 Rukaj\u00e4rvell\u00e4\" - Rukaj\u00e4rven suunnan historiayhdistys","isPartOf":{"@id":"http:\/\/www.rukajarvensuunnanhistoriayhdistys.fi\/historiayhdistys\/#website"},"datePublished":"2017-09-13T20:17:13+00:00","dateModified":"2017-09-13T21:17:52+00:00","breadcrumb":{"@id":"http:\/\/www.rukajarvensuunnanhistoriayhdistys.fi\/historiayhdistys\/kenraaliluutnantti-ermei-kannisen-muistoseminaari-ja-paivallinen-marskin-poydassa-rukajarvella\/#breadcrumb"},"inLanguage":"fi","potentialAction":[{"@type":"ReadAction","target":["http:\/\/www.rukajarvensuunnanhistoriayhdistys.fi\/historiayhdistys\/kenraaliluutnantti-ermei-kannisen-muistoseminaari-ja-paivallinen-marskin-poydassa-rukajarvella\/"]}]},{"@type":"BreadcrumbList","@id":"http:\/\/www.rukajarvensuunnanhistoriayhdistys.fi\/historiayhdistys\/kenraaliluutnantti-ermei-kannisen-muistoseminaari-ja-paivallinen-marskin-poydassa-rukajarvella\/#breadcrumb","itemListElement":[{"@type":"ListItem","position":1,"name":"Etusivu","item":"http:\/\/www.rukajarvensuunnanhistoriayhdistys.fi\/historiayhdistys\/"},{"@type":"ListItem","position":2,"name":"Kenraaliluutnantti Ermei Kannisen Muistoseminaari ja p\u00e4iv\u00e4llinen &#8221;Marskin p\u00f6yd\u00e4ss\u00e4 Rukaj\u00e4rvell\u00e4&#8221;"}]},{"@type":"WebSite","@id":"http:\/\/www.rukajarvensuunnanhistoriayhdistys.fi\/historiayhdistys\/#website","url":"http:\/\/www.rukajarvensuunnanhistoriayhdistys.fi\/historiayhdistys\/","name":"Rukaj\u00e4rven suunnan historiayhdistys","description":"Rukaj\u00e4rven suunnan historiayhdistyksen verkkosivut.","publisher":{"@id":"http:\/\/www.rukajarvensuunnanhistoriayhdistys.fi\/historiayhdistys\/#organization"},"potentialAction":[{"@type":"SearchAction","target":{"@type":"EntryPoint","urlTemplate":"http:\/\/www.rukajarvensuunnanhistoriayhdistys.fi\/historiayhdistys\/?s={search_term_string}"},"query-input":{"@type":"PropertyValueSpecification","valueRequired":true,"valueName":"search_term_string"}}],"inLanguage":"fi"},{"@type":"Organization","@id":"http:\/\/www.rukajarvensuunnanhistoriayhdistys.fi\/historiayhdistys\/#organization","name":"Rukaj\u00e4rven suunnan historiayhdistys","url":"http:\/\/www.rukajarvensuunnanhistoriayhdistys.fi\/historiayhdistys\/","logo":{"@type":"ImageObject","inLanguage":"fi","@id":"http:\/\/www.rukajarvensuunnanhistoriayhdistys.fi\/historiayhdistys\/#\/schema\/logo\/image\/","url":"https:\/\/www.rukajarvensuunnanhistoriayhdistys.fi\/historiayhdistys\/wp-content\/uploads\/2013\/12\/Otsake_3.jpg","contentUrl":"https:\/\/www.rukajarvensuunnanhistoriayhdistys.fi\/historiayhdistys\/wp-content\/uploads\/2013\/12\/Otsake_3.jpg","width":1000,"height":442,"caption":"Rukaj\u00e4rven suunnan historiayhdistys"},"image":{"@id":"http:\/\/www.rukajarvensuunnanhistoriayhdistys.fi\/historiayhdistys\/#\/schema\/logo\/image\/"}},{"@type":"Person","@id":"http:\/\/www.rukajarvensuunnanhistoriayhdistys.fi\/historiayhdistys\/#\/schema\/person\/19de7db68bf72dfd2b5d7f6dfbf8454d","name":"RSHY","image":{"@type":"ImageObject","inLanguage":"fi","@id":"https:\/\/secure.gravatar.com\/avatar\/598d59263a69cc8de65fcb4f9db78d6f58c098cb0e0ba22d73377441af9fa04c?s=96&d=blank&r=g","url":"https:\/\/secure.gravatar.com\/avatar\/598d59263a69cc8de65fcb4f9db78d6f58c098cb0e0ba22d73377441af9fa04c?s=96&d=blank&r=g","contentUrl":"https:\/\/secure.gravatar.com\/avatar\/598d59263a69cc8de65fcb4f9db78d6f58c098cb0e0ba22d73377441af9fa04c?s=96&d=blank&r=g","caption":"RSHY"},"url":"https:\/\/www.rukajarvensuunnanhistoriayhdistys.fi\/historiayhdistys\/author\/rshy\/"}]}},"_links":{"self":[{"href":"https:\/\/www.rukajarvensuunnanhistoriayhdistys.fi\/historiayhdistys\/wp-json\/wp\/v2\/posts\/11749","targetHints":{"allow":["GET"]}}],"collection":[{"href":"https:\/\/www.rukajarvensuunnanhistoriayhdistys.fi\/historiayhdistys\/wp-json\/wp\/v2\/posts"}],"about":[{"href":"https:\/\/www.rukajarvensuunnanhistoriayhdistys.fi\/historiayhdistys\/wp-json\/wp\/v2\/types\/post"}],"author":[{"embeddable":true,"href":"https:\/\/www.rukajarvensuunnanhistoriayhdistys.fi\/historiayhdistys\/wp-json\/wp\/v2\/users\/3"}],"replies":[{"embeddable":true,"href":"https:\/\/www.rukajarvensuunnanhistoriayhdistys.fi\/historiayhdistys\/wp-json\/wp\/v2\/comments?post=11749"}],"version-history":[{"count":7,"href":"https:\/\/www.rukajarvensuunnanhistoriayhdistys.fi\/historiayhdistys\/wp-json\/wp\/v2\/posts\/11749\/revisions"}],"predecessor-version":[{"id":11760,"href":"https:\/\/www.rukajarvensuunnanhistoriayhdistys.fi\/historiayhdistys\/wp-json\/wp\/v2\/posts\/11749\/revisions\/11760"}],"wp:attachment":[{"href":"https:\/\/www.rukajarvensuunnanhistoriayhdistys.fi\/historiayhdistys\/wp-json\/wp\/v2\/media?parent=11749"}],"wp:term":[{"taxonomy":"category","embeddable":true,"href":"https:\/\/www.rukajarvensuunnanhistoriayhdistys.fi\/historiayhdistys\/wp-json\/wp\/v2\/categories?post=11749"},{"taxonomy":"post_tag","embeddable":true,"href":"https:\/\/www.rukajarvensuunnanhistoriayhdistys.fi\/historiayhdistys\/wp-json\/wp\/v2\/tags?post=11749"}],"curies":[{"name":"wp","href":"https:\/\/api.w.org\/{rel}","templated":true}]}}