{"id":11903,"date":"2017-10-30T22:23:07","date_gmt":"2017-10-30T20:23:07","guid":{"rendered":"http:\/\/www.rukajarvensuunnanhistoriayhdistys.fi\/historiayhdistys\/?p=11903"},"modified":"2017-10-30T22:50:00","modified_gmt":"2017-10-30T20:50:00","slug":"heikki-kanninen-tervehdyssanat-ermei-kannisen-muistoseminaari-21-10-2017","status":"publish","type":"post","link":"https:\/\/www.rukajarvensuunnanhistoriayhdistys.fi\/historiayhdistys\/heikki-kanninen-tervehdyssanat-ermei-kannisen-muistoseminaari-21-10-2017\/","title":{"rendered":"Heikki Kanninen: Tervehdyssanat Ermei Kannisen muistoseminaari 21.10.2017"},"content":{"rendered":"<div class=\"fcbkbttn_buttons_block\" id=\"fcbkbttn_left\"><div class=\"fcbkbttn_like \"><fb:like href=\"https:\/\/www.rukajarvensuunnanhistoriayhdistys.fi\/historiayhdistys\/heikki-kanninen-tervehdyssanat-ermei-kannisen-muistoseminaari-21-10-2017\/\" action=\"like\" colorscheme=\"light\" layout=\"button_count\"  size=\"small\"><\/fb:like><\/div><\/div><div id=\"page\" class=\"hfeed site\">\n<div id=\"main\" class=\"clearfix\">\n<div id=\"primary\" class=\"content-area\">\n<div id=\"content\" role=\"main\">\n<article id=\"post-3235\" class=\"post-3235 post type-post status-publish format-standard hentry category-ajankohtaista category-esitelmat category-historiayhdistys\">\n<div class=\"entry-content\">\n<p>Ermei Kannisen muistoseminaari\u00a0 Helsingin Suomalaisella Klubilla<\/p>\n<\/div>\n<\/article>\n<\/div>\n<\/div>\n<\/div>\n<\/div>\n<p><a href=\"http:\/\/www.rukajarvensuunnanhistoriayhdistys.fi\/historiayhdistys\/heikki-kanninen-tervehdyssanat-ermei-kannisen-muistoseminaari-21-10-2017\/e_k_mse_-2017-10-21-994_preview\/\" rel=\"attachment wp-att-11904\"><img loading=\"lazy\" decoding=\"async\" class=\"aligncenter size-full wp-image-11904\" src=\"http:\/\/www.rukajarvensuunnanhistoriayhdistys.fi\/historiayhdistys\/wp-content\/uploads\/2017\/10\/E_K_MSe_-2017-10-21-994_preview.jpeg\" alt=\"\" width=\"828\" height=\"768\" data-id=\"11904\" srcset=\"https:\/\/www.rukajarvensuunnanhistoriayhdistys.fi\/historiayhdistys\/wp-content\/uploads\/2017\/10\/E_K_MSe_-2017-10-21-994_preview.jpeg 828w, https:\/\/www.rukajarvensuunnanhistoriayhdistys.fi\/historiayhdistys\/wp-content\/uploads\/2017\/10\/E_K_MSe_-2017-10-21-994_preview-300x278.jpeg 300w, https:\/\/www.rukajarvensuunnanhistoriayhdistys.fi\/historiayhdistys\/wp-content\/uploads\/2017\/10\/E_K_MSe_-2017-10-21-994_preview-768x712.jpeg 768w\" sizes=\"auto, (max-width: 828px) 100vw, 828px\" \/><strong>Heikki Kanninen tervehdyssanat<\/strong><\/a><\/p>\n<figure id=\"attachment_11893\" aria-describedby=\"caption-attachment-11893\" style=\"width: 1012px\" class=\"wp-caption aligncenter\"><a href=\"http:\/\/www.rukajarvensuunnanhistoriayhdistys.fi\/historiayhdistys\/?attachment_id=11893\" rel=\"attachment wp-att-11893\"><img loading=\"lazy\" decoding=\"async\" class=\"size-full wp-image-11893\" src=\"http:\/\/www.rukajarvensuunnanhistoriayhdistys.fi\/historiayhdistys\/wp-content\/uploads\/2017\/10\/E_K_MSe_-2017-10-21-1006_preview.jpeg\" alt=\"\" width=\"1012\" height=\"768\" data-id=\"11893\" srcset=\"https:\/\/www.rukajarvensuunnanhistoriayhdistys.fi\/historiayhdistys\/wp-content\/uploads\/2017\/10\/E_K_MSe_-2017-10-21-1006_preview.jpeg 1012w, https:\/\/www.rukajarvensuunnanhistoriayhdistys.fi\/historiayhdistys\/wp-content\/uploads\/2017\/10\/E_K_MSe_-2017-10-21-1006_preview-300x228.jpeg 300w, https:\/\/www.rukajarvensuunnanhistoriayhdistys.fi\/historiayhdistys\/wp-content\/uploads\/2017\/10\/E_K_MSe_-2017-10-21-1006_preview-768x583.jpeg 768w\" sizes=\"auto, (max-width: 1012px) 100vw, 1012px\" \/><\/a><figcaption id=\"caption-attachment-11893\" class=\"wp-caption-text\">Heikki Kanninen<\/figcaption><\/figure>\n<p>Arvoisat esitelm\u00f6itsij\u00e4t, kenraali Valtanen, presidentti Hallberg, professori Reenp\u00e4\u00e4 ja puheenjohtaja Tikkanen,<\/p>\n<p>Arvoisa Timo N\u00e4rhinsalo,<\/p>\n<p>Hyv\u00e4t tilaisuuden j\u00e4rjest\u00e4j\u00e4t, kutsuvieraat, kollegat, yst\u00e4v\u00e4t, naiset ja herrat.<\/p>\n<p>Kun is\u00e4ni l\u00e4hes tarkalleen 35 vuotta sitten j\u00e4i el\u00e4kkeelle P\u00e4\u00e4esikunnan p\u00e4\u00e4llik\u00f6n virasta, h\u00e4n totesi er\u00e4\u00e4ss\u00e4 lehtihaastattelussa, ett\u00e4 h\u00e4n tunsi viel\u00e4 olevansa hyviss\u00e4 voimissa ja olisi voinut jatkaa virassa. Seuraavat 33 vuotta osoittivatkin, ett\u00e4 h\u00e4n ei j\u00e4tt\u00e4nyt Puolustusvoimia. H\u00e4n ei tosin ollut en\u00e4\u00e4 virassa, mutta h\u00e4n oli yh\u00e4 palveluksessa. N\u00e4in se my\u00f6s l\u00e4hipiirist\u00e4 katsottuna n\u00e4ytti.<\/p>\n<p>Is\u00e4ll\u00e4ni oli herke\u00e4m\u00e4t\u00f6n kiinnostus ja vastuuntunto kaikesta, mik\u00e4 liittyi maanpuolustukseen \u2013 eik\u00e4 t\u00e4m\u00e4 suinkaan rajoittunut menneen muistelemiseen. Vain yksi muu asia pystyi jollain tavalla kilpailemaan t\u00e4st\u00e4 kiinnostuksesta \u2013 se oli autourheilu.<\/p>\n<p>Toinen asia, joka on j\u00e4\u00e4nyt mieleen tuosta lehtihaastattelusta 35 vuoden takaa, on se, ett\u00e4 vaikka is\u00e4ni j\u00e4i kaipaamaan ty\u00f6t\u00e4\u00e4n, h\u00e4n ei j\u00e4\u00e4nyt kaipaamaan univormun k\u00e4ytt\u00e4mist\u00e4. Mielenkiintoinen lausuma, joka on j\u00e4\u00e4nyt askarruttamaan minua. T\u00e4m\u00e4 muistuttaa minua siit\u00e4, ett\u00e4 kotona ei puhuttu sodista, aseista eik\u00e4 paraateista. Kotona puhuttiin enemm\u00e4nkin siit\u00e4, miten kriisej\u00e4 ja konflikteja voidaan est\u00e4\u00e4 ja ratkaista.<\/p>\n<p>Sotilaan pit\u00e4\u00e4 tietenkin varautua sotaan, olla valmis siihen. Mutta eik\u00f6 juuri sotilas tied\u00e4 parhaiten, ett\u00e4 tulee tehd\u00e4 kaikki mahdollinen, jotta sodan syttyminen estet\u00e4\u00e4n.<\/p>\n<p>Is\u00e4ni oli varmasti sotilas, joka \u00e4\u00e4ni kantoi, mutta t\u00e4m\u00e4 oli my\u00f6s diplomaatin \u00e4\u00e4ni.<\/p>\n<p>Kotini ei ole ehk\u00e4 ollut t\u00e4ysin vaikutukseton siihen, ett\u00e4 olen itse valinnut uran, jossa oikeuden keinoin ratkotaan ihmisten, yritysten, instituutioiden ja valtioiden riitoja.<\/p>\n<p>Mannerheimiin liittyv\u00e4t monet hankkeet olivat hyvin l\u00e4hell\u00e4 is\u00e4ni syd\u00e4nt\u00e4. Ne tuottivat h\u00e4nelle monenlaisia kokemuksia. Sopii hyvin, ett\u00e4 Mannerheim on t\u00e4n\u00e4\u00e4n t\u00e4\u00e4ll\u00e4 paikalla, niin kuin my\u00f6hemmin kuulemme ja n\u00e4emme.<\/p>\n<p>Etenkin viimeisin\u00e4 elinvuosinaan Rukaj\u00e4rven Suunnan Historiayhdistys ja Helsingin Suomalainen Klubi olivat t\u00e4rkeit\u00e4 is\u00e4lleni. H\u00e4n k\u00e4ytti paljon aikaa Rukaj\u00e4rven Suunnan Historiayhdistyksen toiminnan kehitt\u00e4miseen. Suomalainen Klubi oli puolestaan h\u00e4nelle t\u00e4rke\u00e4 sosiaalisena kontaktipaikkana.<\/p>\n<p>Haluan erityisesti kiitt\u00e4\u00e4 Tenho Tikkasta aloitteesta t\u00e4m\u00e4n seminaarin j\u00e4rjest\u00e4miseksi. Aila Elo Rukaj\u00e4rven Suunnan Historiayhdistyksest\u00e4 on huolehtinut lukuisista k\u00e4yt\u00e4nn\u00f6n teht\u00e4vist\u00e4, mist\u00e4 kiitos.<\/p>\n<p>Helsingin Suomalaisen Klubin puolesta Heikki Hult ja Aarno Cronvall ovat my\u00f6t\u00e4vaikuttaneet ratkaisevalla tavalla t\u00e4m\u00e4n tilaisuuden pit\u00e4miseen n\u00e4iss\u00e4 tiloissa.<\/p>\n<p>Eva-Christina M\u00e4kel\u00e4inen ja Sami Sihvo ovat monin tavoin tukeneet minua ja siskoani is\u00e4mme poismenon j\u00e4lkeen, mist\u00e4 haluamme syd\u00e4mellisesti kiitt\u00e4\u00e4 teit\u00e4.<\/p>\n<p>Eva-Christina M\u00e4kel\u00e4inen on valtaisella kokemuksellaan ja taidollaan huolehtinut siit\u00e4, ett\u00e4 protokollaa noudatetaan tarkkaan.<\/p>\n<p>Omasta ja siskoni puolesta kiit\u00e4n teit\u00e4 kaikkia siit\u00e4, ett\u00e4 olette tulleet paikalle, ja toivotan teille antoisaa lauantain iltap\u00e4iv\u00e4\u00e4.<\/p>\n","protected":false},"excerpt":{"rendered":"<p>Ermei Kannisen muistoseminaari\u00a0 Helsingin Suomalaisella Klubilla Heikki Kanninen tervehdyssanat Arvoisat esitelm\u00f6itsij\u00e4t, kenraali Valtanen, presidentti Hallberg, professori Reenp\u00e4\u00e4 ja puheenjohtaja Tikkanen, Arvoisa Timo N\u00e4rhinsalo, Hyv\u00e4t tilaisuuden j\u00e4rjest\u00e4j\u00e4t, kutsuvieraat, kollegat, yst\u00e4v\u00e4t, naiset <a class=\"more-link\" href=\"https:\/\/www.rukajarvensuunnanhistoriayhdistys.fi\/historiayhdistys\/heikki-kanninen-tervehdyssanat-ermei-kannisen-muistoseminaari-21-10-2017\/\">Teksti jatkuu&#8230;<span class=\"screen-reader-text\">Heikki Kanninen: Tervehdyssanat Ermei Kannisen muistoseminaari 21.10.2017<\/span><span class=\"meta-nav\">\u2192<\/span><\/a><\/p>\n","protected":false},"author":3,"featured_media":0,"comment_status":"closed","ping_status":"open","sticky":false,"template":"","format":"standard","meta":{"footnotes":""},"categories":[22,44,17],"tags":[],"class_list":["post-11903","post","type-post","status-publish","format-standard","hentry","category-ajankohtaista","category-esitelma","category-toiminta"],"yoast_head":"<!-- This site is optimized with the Yoast SEO plugin v27.4 - https:\/\/yoast.com\/product\/yoast-seo-wordpress\/ -->\n<title>Heikki Kanninen: Tervehdyssanat Ermei Kannisen muistoseminaari 21.10.2017 - Rukaj\u00e4rven suunnan historiayhdistys<\/title>\n<meta name=\"robots\" content=\"index, follow, max-snippet:-1, max-image-preview:large, max-video-preview:-1\" \/>\n<link rel=\"canonical\" href=\"https:\/\/www.rukajarvensuunnanhistoriayhdistys.fi\/historiayhdistys\/heikki-kanninen-tervehdyssanat-ermei-kannisen-muistoseminaari-21-10-2017\/\" \/>\n<meta property=\"og:locale\" content=\"fi_FI\" \/>\n<meta property=\"og:type\" content=\"article\" \/>\n<meta property=\"og:title\" content=\"Heikki Kanninen: Tervehdyssanat Ermei Kannisen muistoseminaari 21.10.2017 - Rukaj\u00e4rven suunnan historiayhdistys\" \/>\n<meta property=\"og:description\" content=\"Ermei Kannisen muistoseminaari\u00a0 Helsingin Suomalaisella Klubilla Heikki Kanninen tervehdyssanat Arvoisat esitelm\u00f6itsij\u00e4t, kenraali Valtanen, presidentti Hallberg, professori Reenp\u00e4\u00e4 ja puheenjohtaja Tikkanen, Arvoisa Timo N\u00e4rhinsalo, Hyv\u00e4t tilaisuuden j\u00e4rjest\u00e4j\u00e4t, kutsuvieraat, kollegat, yst\u00e4v\u00e4t, naiset Teksti jatkuu...Heikki Kanninen: Tervehdyssanat Ermei Kannisen muistoseminaari 21.10.2017\u2192\" \/>\n<meta property=\"og:url\" content=\"https:\/\/www.rukajarvensuunnanhistoriayhdistys.fi\/historiayhdistys\/heikki-kanninen-tervehdyssanat-ermei-kannisen-muistoseminaari-21-10-2017\/\" \/>\n<meta property=\"og:site_name\" content=\"Rukaj\u00e4rven suunnan historiayhdistys\" \/>\n<meta property=\"article:published_time\" content=\"2017-10-30T20:23:07+00:00\" \/>\n<meta property=\"article:modified_time\" content=\"2017-10-30T20:50:00+00:00\" \/>\n<meta property=\"og:image\" content=\"http:\/\/www.rukajarvensuunnanhistoriayhdistys.fi\/historiayhdistys\/wp-content\/uploads\/2017\/10\/E_K_MSe_-2017-10-21-994_preview.jpeg\" \/>\n<meta name=\"author\" content=\"RSHY\" \/>\n<meta name=\"twitter:label1\" content=\"Kirjoittanut\" \/>\n\t<meta name=\"twitter:data1\" content=\"RSHY\" \/>\n\t<meta name=\"twitter:label2\" content=\"Arvioitu lukuaika\" \/>\n\t<meta name=\"twitter:data2\" content=\"2 minuuttia\" \/>\n<script type=\"application\/ld+json\" class=\"yoast-schema-graph\">{\"@context\":\"https:\\\/\\\/schema.org\",\"@graph\":[{\"@type\":\"Article\",\"@id\":\"https:\\\/\\\/www.rukajarvensuunnanhistoriayhdistys.fi\\\/historiayhdistys\\\/heikki-kanninen-tervehdyssanat-ermei-kannisen-muistoseminaari-21-10-2017\\\/#article\",\"isPartOf\":{\"@id\":\"https:\\\/\\\/www.rukajarvensuunnanhistoriayhdistys.fi\\\/historiayhdistys\\\/heikki-kanninen-tervehdyssanat-ermei-kannisen-muistoseminaari-21-10-2017\\\/\"},\"author\":{\"name\":\"RSHY\",\"@id\":\"http:\\\/\\\/www.rukajarvensuunnanhistoriayhdistys.fi\\\/historiayhdistys\\\/#\\\/schema\\\/person\\\/19de7db68bf72dfd2b5d7f6dfbf8454d\"},\"headline\":\"Heikki Kanninen: Tervehdyssanat Ermei Kannisen muistoseminaari 21.10.2017\",\"datePublished\":\"2017-10-30T20:23:07+00:00\",\"dateModified\":\"2017-10-30T20:50:00+00:00\",\"mainEntityOfPage\":{\"@id\":\"https:\\\/\\\/www.rukajarvensuunnanhistoriayhdistys.fi\\\/historiayhdistys\\\/heikki-kanninen-tervehdyssanat-ermei-kannisen-muistoseminaari-21-10-2017\\\/\"},\"wordCount\":485,\"publisher\":{\"@id\":\"http:\\\/\\\/www.rukajarvensuunnanhistoriayhdistys.fi\\\/historiayhdistys\\\/#organization\"},\"image\":{\"@id\":\"https:\\\/\\\/www.rukajarvensuunnanhistoriayhdistys.fi\\\/historiayhdistys\\\/heikki-kanninen-tervehdyssanat-ermei-kannisen-muistoseminaari-21-10-2017\\\/#primaryimage\"},\"thumbnailUrl\":\"http:\\\/\\\/www.rukajarvensuunnanhistoriayhdistys.fi\\\/historiayhdistys\\\/wp-content\\\/uploads\\\/2017\\\/10\\\/E_K_MSe_-2017-10-21-994_preview.jpeg\",\"articleSection\":[\"Ajankohtaista\",\"esitelm\u00e4\",\"Toiminta\"],\"inLanguage\":\"fi\"},{\"@type\":\"WebPage\",\"@id\":\"https:\\\/\\\/www.rukajarvensuunnanhistoriayhdistys.fi\\\/historiayhdistys\\\/heikki-kanninen-tervehdyssanat-ermei-kannisen-muistoseminaari-21-10-2017\\\/\",\"url\":\"https:\\\/\\\/www.rukajarvensuunnanhistoriayhdistys.fi\\\/historiayhdistys\\\/heikki-kanninen-tervehdyssanat-ermei-kannisen-muistoseminaari-21-10-2017\\\/\",\"name\":\"Heikki Kanninen: Tervehdyssanat Ermei Kannisen muistoseminaari 21.10.2017 - Rukaj\u00e4rven suunnan historiayhdistys\",\"isPartOf\":{\"@id\":\"http:\\\/\\\/www.rukajarvensuunnanhistoriayhdistys.fi\\\/historiayhdistys\\\/#website\"},\"primaryImageOfPage\":{\"@id\":\"https:\\\/\\\/www.rukajarvensuunnanhistoriayhdistys.fi\\\/historiayhdistys\\\/heikki-kanninen-tervehdyssanat-ermei-kannisen-muistoseminaari-21-10-2017\\\/#primaryimage\"},\"image\":{\"@id\":\"https:\\\/\\\/www.rukajarvensuunnanhistoriayhdistys.fi\\\/historiayhdistys\\\/heikki-kanninen-tervehdyssanat-ermei-kannisen-muistoseminaari-21-10-2017\\\/#primaryimage\"},\"thumbnailUrl\":\"http:\\\/\\\/www.rukajarvensuunnanhistoriayhdistys.fi\\\/historiayhdistys\\\/wp-content\\\/uploads\\\/2017\\\/10\\\/E_K_MSe_-2017-10-21-994_preview.jpeg\",\"datePublished\":\"2017-10-30T20:23:07+00:00\",\"dateModified\":\"2017-10-30T20:50:00+00:00\",\"breadcrumb\":{\"@id\":\"https:\\\/\\\/www.rukajarvensuunnanhistoriayhdistys.fi\\\/historiayhdistys\\\/heikki-kanninen-tervehdyssanat-ermei-kannisen-muistoseminaari-21-10-2017\\\/#breadcrumb\"},\"inLanguage\":\"fi\",\"potentialAction\":[{\"@type\":\"ReadAction\",\"target\":[\"https:\\\/\\\/www.rukajarvensuunnanhistoriayhdistys.fi\\\/historiayhdistys\\\/heikki-kanninen-tervehdyssanat-ermei-kannisen-muistoseminaari-21-10-2017\\\/\"]}]},{\"@type\":\"ImageObject\",\"inLanguage\":\"fi\",\"@id\":\"https:\\\/\\\/www.rukajarvensuunnanhistoriayhdistys.fi\\\/historiayhdistys\\\/heikki-kanninen-tervehdyssanat-ermei-kannisen-muistoseminaari-21-10-2017\\\/#primaryimage\",\"url\":\"https:\\\/\\\/www.rukajarvensuunnanhistoriayhdistys.fi\\\/historiayhdistys\\\/wp-content\\\/uploads\\\/2017\\\/10\\\/E_K_MSe_-2017-10-21-994_preview.jpeg\",\"contentUrl\":\"https:\\\/\\\/www.rukajarvensuunnanhistoriayhdistys.fi\\\/historiayhdistys\\\/wp-content\\\/uploads\\\/2017\\\/10\\\/E_K_MSe_-2017-10-21-994_preview.jpeg\",\"width\":828,\"height\":768},{\"@type\":\"BreadcrumbList\",\"@id\":\"https:\\\/\\\/www.rukajarvensuunnanhistoriayhdistys.fi\\\/historiayhdistys\\\/heikki-kanninen-tervehdyssanat-ermei-kannisen-muistoseminaari-21-10-2017\\\/#breadcrumb\",\"itemListElement\":[{\"@type\":\"ListItem\",\"position\":1,\"name\":\"Etusivu\",\"item\":\"http:\\\/\\\/www.rukajarvensuunnanhistoriayhdistys.fi\\\/historiayhdistys\\\/\"},{\"@type\":\"ListItem\",\"position\":2,\"name\":\"Heikki Kanninen: Tervehdyssanat Ermei Kannisen muistoseminaari 21.10.2017\"}]},{\"@type\":\"WebSite\",\"@id\":\"http:\\\/\\\/www.rukajarvensuunnanhistoriayhdistys.fi\\\/historiayhdistys\\\/#website\",\"url\":\"http:\\\/\\\/www.rukajarvensuunnanhistoriayhdistys.fi\\\/historiayhdistys\\\/\",\"name\":\"Rukaj\u00e4rven suunnan historiayhdistys\",\"description\":\"Rukaj\u00e4rven suunnan historiayhdistyksen verkkosivut.\",\"publisher\":{\"@id\":\"http:\\\/\\\/www.rukajarvensuunnanhistoriayhdistys.fi\\\/historiayhdistys\\\/#organization\"},\"potentialAction\":[{\"@type\":\"SearchAction\",\"target\":{\"@type\":\"EntryPoint\",\"urlTemplate\":\"http:\\\/\\\/www.rukajarvensuunnanhistoriayhdistys.fi\\\/historiayhdistys\\\/?s={search_term_string}\"},\"query-input\":{\"@type\":\"PropertyValueSpecification\",\"valueRequired\":true,\"valueName\":\"search_term_string\"}}],\"inLanguage\":\"fi\"},{\"@type\":\"Organization\",\"@id\":\"http:\\\/\\\/www.rukajarvensuunnanhistoriayhdistys.fi\\\/historiayhdistys\\\/#organization\",\"name\":\"Rukaj\u00e4rven suunnan historiayhdistys\",\"url\":\"http:\\\/\\\/www.rukajarvensuunnanhistoriayhdistys.fi\\\/historiayhdistys\\\/\",\"logo\":{\"@type\":\"ImageObject\",\"inLanguage\":\"fi\",\"@id\":\"http:\\\/\\\/www.rukajarvensuunnanhistoriayhdistys.fi\\\/historiayhdistys\\\/#\\\/schema\\\/logo\\\/image\\\/\",\"url\":\"https:\\\/\\\/www.rukajarvensuunnanhistoriayhdistys.fi\\\/historiayhdistys\\\/wp-content\\\/uploads\\\/2013\\\/12\\\/Otsake_3.jpg\",\"contentUrl\":\"https:\\\/\\\/www.rukajarvensuunnanhistoriayhdistys.fi\\\/historiayhdistys\\\/wp-content\\\/uploads\\\/2013\\\/12\\\/Otsake_3.jpg\",\"width\":1000,\"height\":442,\"caption\":\"Rukaj\u00e4rven suunnan historiayhdistys\"},\"image\":{\"@id\":\"http:\\\/\\\/www.rukajarvensuunnanhistoriayhdistys.fi\\\/historiayhdistys\\\/#\\\/schema\\\/logo\\\/image\\\/\"}},{\"@type\":\"Person\",\"@id\":\"http:\\\/\\\/www.rukajarvensuunnanhistoriayhdistys.fi\\\/historiayhdistys\\\/#\\\/schema\\\/person\\\/19de7db68bf72dfd2b5d7f6dfbf8454d\",\"name\":\"RSHY\",\"image\":{\"@type\":\"ImageObject\",\"inLanguage\":\"fi\",\"@id\":\"https:\\\/\\\/secure.gravatar.com\\\/avatar\\\/598d59263a69cc8de65fcb4f9db78d6f58c098cb0e0ba22d73377441af9fa04c?s=96&d=blank&r=g\",\"url\":\"https:\\\/\\\/secure.gravatar.com\\\/avatar\\\/598d59263a69cc8de65fcb4f9db78d6f58c098cb0e0ba22d73377441af9fa04c?s=96&d=blank&r=g\",\"contentUrl\":\"https:\\\/\\\/secure.gravatar.com\\\/avatar\\\/598d59263a69cc8de65fcb4f9db78d6f58c098cb0e0ba22d73377441af9fa04c?s=96&d=blank&r=g\",\"caption\":\"RSHY\"},\"url\":\"https:\\\/\\\/www.rukajarvensuunnanhistoriayhdistys.fi\\\/historiayhdistys\\\/author\\\/rshy\\\/\"}]}<\/script>\n<!-- \/ Yoast SEO plugin. -->","yoast_head_json":{"title":"Heikki Kanninen: Tervehdyssanat Ermei Kannisen muistoseminaari 21.10.2017 - Rukaj\u00e4rven suunnan historiayhdistys","robots":{"index":"index","follow":"follow","max-snippet":"max-snippet:-1","max-image-preview":"max-image-preview:large","max-video-preview":"max-video-preview:-1"},"canonical":"https:\/\/www.rukajarvensuunnanhistoriayhdistys.fi\/historiayhdistys\/heikki-kanninen-tervehdyssanat-ermei-kannisen-muistoseminaari-21-10-2017\/","og_locale":"fi_FI","og_type":"article","og_title":"Heikki Kanninen: Tervehdyssanat Ermei Kannisen muistoseminaari 21.10.2017 - Rukaj\u00e4rven suunnan historiayhdistys","og_description":"Ermei Kannisen muistoseminaari\u00a0 Helsingin Suomalaisella Klubilla Heikki Kanninen tervehdyssanat Arvoisat esitelm\u00f6itsij\u00e4t, kenraali Valtanen, presidentti Hallberg, professori Reenp\u00e4\u00e4 ja puheenjohtaja Tikkanen, Arvoisa Timo N\u00e4rhinsalo, Hyv\u00e4t tilaisuuden j\u00e4rjest\u00e4j\u00e4t, kutsuvieraat, kollegat, yst\u00e4v\u00e4t, naiset Teksti jatkuu...Heikki Kanninen: Tervehdyssanat Ermei Kannisen muistoseminaari 21.10.2017\u2192","og_url":"https:\/\/www.rukajarvensuunnanhistoriayhdistys.fi\/historiayhdistys\/heikki-kanninen-tervehdyssanat-ermei-kannisen-muistoseminaari-21-10-2017\/","og_site_name":"Rukaj\u00e4rven suunnan historiayhdistys","article_published_time":"2017-10-30T20:23:07+00:00","article_modified_time":"2017-10-30T20:50:00+00:00","og_image":[{"url":"http:\/\/www.rukajarvensuunnanhistoriayhdistys.fi\/historiayhdistys\/wp-content\/uploads\/2017\/10\/E_K_MSe_-2017-10-21-994_preview.jpeg","type":"","width":"","height":""}],"author":"RSHY","twitter_misc":{"Kirjoittanut":"RSHY","Arvioitu lukuaika":"2 minuuttia"},"schema":{"@context":"https:\/\/schema.org","@graph":[{"@type":"Article","@id":"https:\/\/www.rukajarvensuunnanhistoriayhdistys.fi\/historiayhdistys\/heikki-kanninen-tervehdyssanat-ermei-kannisen-muistoseminaari-21-10-2017\/#article","isPartOf":{"@id":"https:\/\/www.rukajarvensuunnanhistoriayhdistys.fi\/historiayhdistys\/heikki-kanninen-tervehdyssanat-ermei-kannisen-muistoseminaari-21-10-2017\/"},"author":{"name":"RSHY","@id":"http:\/\/www.rukajarvensuunnanhistoriayhdistys.fi\/historiayhdistys\/#\/schema\/person\/19de7db68bf72dfd2b5d7f6dfbf8454d"},"headline":"Heikki Kanninen: Tervehdyssanat Ermei Kannisen muistoseminaari 21.10.2017","datePublished":"2017-10-30T20:23:07+00:00","dateModified":"2017-10-30T20:50:00+00:00","mainEntityOfPage":{"@id":"https:\/\/www.rukajarvensuunnanhistoriayhdistys.fi\/historiayhdistys\/heikki-kanninen-tervehdyssanat-ermei-kannisen-muistoseminaari-21-10-2017\/"},"wordCount":485,"publisher":{"@id":"http:\/\/www.rukajarvensuunnanhistoriayhdistys.fi\/historiayhdistys\/#organization"},"image":{"@id":"https:\/\/www.rukajarvensuunnanhistoriayhdistys.fi\/historiayhdistys\/heikki-kanninen-tervehdyssanat-ermei-kannisen-muistoseminaari-21-10-2017\/#primaryimage"},"thumbnailUrl":"http:\/\/www.rukajarvensuunnanhistoriayhdistys.fi\/historiayhdistys\/wp-content\/uploads\/2017\/10\/E_K_MSe_-2017-10-21-994_preview.jpeg","articleSection":["Ajankohtaista","esitelm\u00e4","Toiminta"],"inLanguage":"fi"},{"@type":"WebPage","@id":"https:\/\/www.rukajarvensuunnanhistoriayhdistys.fi\/historiayhdistys\/heikki-kanninen-tervehdyssanat-ermei-kannisen-muistoseminaari-21-10-2017\/","url":"https:\/\/www.rukajarvensuunnanhistoriayhdistys.fi\/historiayhdistys\/heikki-kanninen-tervehdyssanat-ermei-kannisen-muistoseminaari-21-10-2017\/","name":"Heikki Kanninen: Tervehdyssanat Ermei Kannisen muistoseminaari 21.10.2017 - Rukaj\u00e4rven suunnan historiayhdistys","isPartOf":{"@id":"http:\/\/www.rukajarvensuunnanhistoriayhdistys.fi\/historiayhdistys\/#website"},"primaryImageOfPage":{"@id":"https:\/\/www.rukajarvensuunnanhistoriayhdistys.fi\/historiayhdistys\/heikki-kanninen-tervehdyssanat-ermei-kannisen-muistoseminaari-21-10-2017\/#primaryimage"},"image":{"@id":"https:\/\/www.rukajarvensuunnanhistoriayhdistys.fi\/historiayhdistys\/heikki-kanninen-tervehdyssanat-ermei-kannisen-muistoseminaari-21-10-2017\/#primaryimage"},"thumbnailUrl":"http:\/\/www.rukajarvensuunnanhistoriayhdistys.fi\/historiayhdistys\/wp-content\/uploads\/2017\/10\/E_K_MSe_-2017-10-21-994_preview.jpeg","datePublished":"2017-10-30T20:23:07+00:00","dateModified":"2017-10-30T20:50:00+00:00","breadcrumb":{"@id":"https:\/\/www.rukajarvensuunnanhistoriayhdistys.fi\/historiayhdistys\/heikki-kanninen-tervehdyssanat-ermei-kannisen-muistoseminaari-21-10-2017\/#breadcrumb"},"inLanguage":"fi","potentialAction":[{"@type":"ReadAction","target":["https:\/\/www.rukajarvensuunnanhistoriayhdistys.fi\/historiayhdistys\/heikki-kanninen-tervehdyssanat-ermei-kannisen-muistoseminaari-21-10-2017\/"]}]},{"@type":"ImageObject","inLanguage":"fi","@id":"https:\/\/www.rukajarvensuunnanhistoriayhdistys.fi\/historiayhdistys\/heikki-kanninen-tervehdyssanat-ermei-kannisen-muistoseminaari-21-10-2017\/#primaryimage","url":"https:\/\/www.rukajarvensuunnanhistoriayhdistys.fi\/historiayhdistys\/wp-content\/uploads\/2017\/10\/E_K_MSe_-2017-10-21-994_preview.jpeg","contentUrl":"https:\/\/www.rukajarvensuunnanhistoriayhdistys.fi\/historiayhdistys\/wp-content\/uploads\/2017\/10\/E_K_MSe_-2017-10-21-994_preview.jpeg","width":828,"height":768},{"@type":"BreadcrumbList","@id":"https:\/\/www.rukajarvensuunnanhistoriayhdistys.fi\/historiayhdistys\/heikki-kanninen-tervehdyssanat-ermei-kannisen-muistoseminaari-21-10-2017\/#breadcrumb","itemListElement":[{"@type":"ListItem","position":1,"name":"Etusivu","item":"http:\/\/www.rukajarvensuunnanhistoriayhdistys.fi\/historiayhdistys\/"},{"@type":"ListItem","position":2,"name":"Heikki Kanninen: Tervehdyssanat Ermei Kannisen muistoseminaari 21.10.2017"}]},{"@type":"WebSite","@id":"http:\/\/www.rukajarvensuunnanhistoriayhdistys.fi\/historiayhdistys\/#website","url":"http:\/\/www.rukajarvensuunnanhistoriayhdistys.fi\/historiayhdistys\/","name":"Rukaj\u00e4rven suunnan historiayhdistys","description":"Rukaj\u00e4rven suunnan historiayhdistyksen verkkosivut.","publisher":{"@id":"http:\/\/www.rukajarvensuunnanhistoriayhdistys.fi\/historiayhdistys\/#organization"},"potentialAction":[{"@type":"SearchAction","target":{"@type":"EntryPoint","urlTemplate":"http:\/\/www.rukajarvensuunnanhistoriayhdistys.fi\/historiayhdistys\/?s={search_term_string}"},"query-input":{"@type":"PropertyValueSpecification","valueRequired":true,"valueName":"search_term_string"}}],"inLanguage":"fi"},{"@type":"Organization","@id":"http:\/\/www.rukajarvensuunnanhistoriayhdistys.fi\/historiayhdistys\/#organization","name":"Rukaj\u00e4rven suunnan historiayhdistys","url":"http:\/\/www.rukajarvensuunnanhistoriayhdistys.fi\/historiayhdistys\/","logo":{"@type":"ImageObject","inLanguage":"fi","@id":"http:\/\/www.rukajarvensuunnanhistoriayhdistys.fi\/historiayhdistys\/#\/schema\/logo\/image\/","url":"https:\/\/www.rukajarvensuunnanhistoriayhdistys.fi\/historiayhdistys\/wp-content\/uploads\/2013\/12\/Otsake_3.jpg","contentUrl":"https:\/\/www.rukajarvensuunnanhistoriayhdistys.fi\/historiayhdistys\/wp-content\/uploads\/2013\/12\/Otsake_3.jpg","width":1000,"height":442,"caption":"Rukaj\u00e4rven suunnan historiayhdistys"},"image":{"@id":"http:\/\/www.rukajarvensuunnanhistoriayhdistys.fi\/historiayhdistys\/#\/schema\/logo\/image\/"}},{"@type":"Person","@id":"http:\/\/www.rukajarvensuunnanhistoriayhdistys.fi\/historiayhdistys\/#\/schema\/person\/19de7db68bf72dfd2b5d7f6dfbf8454d","name":"RSHY","image":{"@type":"ImageObject","inLanguage":"fi","@id":"https:\/\/secure.gravatar.com\/avatar\/598d59263a69cc8de65fcb4f9db78d6f58c098cb0e0ba22d73377441af9fa04c?s=96&d=blank&r=g","url":"https:\/\/secure.gravatar.com\/avatar\/598d59263a69cc8de65fcb4f9db78d6f58c098cb0e0ba22d73377441af9fa04c?s=96&d=blank&r=g","contentUrl":"https:\/\/secure.gravatar.com\/avatar\/598d59263a69cc8de65fcb4f9db78d6f58c098cb0e0ba22d73377441af9fa04c?s=96&d=blank&r=g","caption":"RSHY"},"url":"https:\/\/www.rukajarvensuunnanhistoriayhdistys.fi\/historiayhdistys\/author\/rshy\/"}]}},"_links":{"self":[{"href":"https:\/\/www.rukajarvensuunnanhistoriayhdistys.fi\/historiayhdistys\/wp-json\/wp\/v2\/posts\/11903","targetHints":{"allow":["GET"]}}],"collection":[{"href":"https:\/\/www.rukajarvensuunnanhistoriayhdistys.fi\/historiayhdistys\/wp-json\/wp\/v2\/posts"}],"about":[{"href":"https:\/\/www.rukajarvensuunnanhistoriayhdistys.fi\/historiayhdistys\/wp-json\/wp\/v2\/types\/post"}],"author":[{"embeddable":true,"href":"https:\/\/www.rukajarvensuunnanhistoriayhdistys.fi\/historiayhdistys\/wp-json\/wp\/v2\/users\/3"}],"replies":[{"embeddable":true,"href":"https:\/\/www.rukajarvensuunnanhistoriayhdistys.fi\/historiayhdistys\/wp-json\/wp\/v2\/comments?post=11903"}],"version-history":[{"count":3,"href":"https:\/\/www.rukajarvensuunnanhistoriayhdistys.fi\/historiayhdistys\/wp-json\/wp\/v2\/posts\/11903\/revisions"}],"predecessor-version":[{"id":11907,"href":"https:\/\/www.rukajarvensuunnanhistoriayhdistys.fi\/historiayhdistys\/wp-json\/wp\/v2\/posts\/11903\/revisions\/11907"}],"wp:attachment":[{"href":"https:\/\/www.rukajarvensuunnanhistoriayhdistys.fi\/historiayhdistys\/wp-json\/wp\/v2\/media?parent=11903"}],"wp:term":[{"taxonomy":"category","embeddable":true,"href":"https:\/\/www.rukajarvensuunnanhistoriayhdistys.fi\/historiayhdistys\/wp-json\/wp\/v2\/categories?post=11903"},{"taxonomy":"post_tag","embeddable":true,"href":"https:\/\/www.rukajarvensuunnanhistoriayhdistys.fi\/historiayhdistys\/wp-json\/wp\/v2\/tags?post=11903"}],"curies":[{"name":"wp","href":"https:\/\/api.w.org\/{rel}","templated":true}]}}