{"id":11911,"date":"2017-10-30T23:51:05","date_gmt":"2017-10-30T21:51:05","guid":{"rendered":"http:\/\/www.rukajarvensuunnanhistoriayhdistys.fi\/historiayhdistys\/?p=11911"},"modified":"2017-10-31T00:17:36","modified_gmt":"2017-10-30T22:17:36","slug":"kuvia-kenraaliluutnantti-ermei-kannisen-muistoseminaarista","status":"publish","type":"post","link":"https:\/\/www.rukajarvensuunnanhistoriayhdistys.fi\/historiayhdistys\/kuvia-kenraaliluutnantti-ermei-kannisen-muistoseminaarista\/","title":{"rendered":"Kuvia Kenraaliluutnantti Ermei Kannisen muistoseminaarista"},"content":{"rendered":"<div class=\"fcbkbttn_buttons_block\" id=\"fcbkbttn_left\"><div class=\"fcbkbttn_like \"><fb:like href=\"https:\/\/www.rukajarvensuunnanhistoriayhdistys.fi\/historiayhdistys\/kuvia-kenraaliluutnantti-ermei-kannisen-muistoseminaarista\/\" action=\"like\" colorscheme=\"light\" layout=\"button_count\"  size=\"small\"><\/fb:like><\/div><\/div><p>Rukaj\u00e4rven suunnan historiayhdistyksen perustajaj\u00e4senen kenraaliluutnantti Ermei Kannisen muistoseminaari pidettiin Helsingin Suomalaisella Klubilla 21.10.2017.<br \/>\n<a href=\"http:\/\/www.rukajarvensuunnanhistoriayhdistys.fi\/historiayhdistys\/kuvia-kenraaliluutnantti-ermei-kannisen-muistoseminaarista\/ermeikanninen-seminaariohjelma\/\" rel=\"attachment wp-att-11912\"><img loading=\"lazy\" decoding=\"async\" class=\"aligncenter size-full wp-image-11912\" src=\"http:\/\/www.rukajarvensuunnanhistoriayhdistys.fi\/historiayhdistys\/wp-content\/uploads\/2017\/10\/ErmeiKanninen-Seminaariohjelma.jpg\" alt=\"\" width=\"1656\" height=\"2331\" data-id=\"11912\" srcset=\"https:\/\/www.rukajarvensuunnanhistoriayhdistys.fi\/historiayhdistys\/wp-content\/uploads\/2017\/10\/ErmeiKanninen-Seminaariohjelma.jpg 1656w, https:\/\/www.rukajarvensuunnanhistoriayhdistys.fi\/historiayhdistys\/wp-content\/uploads\/2017\/10\/ErmeiKanninen-Seminaariohjelma-213x300.jpg 213w, https:\/\/www.rukajarvensuunnanhistoriayhdistys.fi\/historiayhdistys\/wp-content\/uploads\/2017\/10\/ErmeiKanninen-Seminaariohjelma-768x1081.jpg 768w, https:\/\/www.rukajarvensuunnanhistoriayhdistys.fi\/historiayhdistys\/wp-content\/uploads\/2017\/10\/ErmeiKanninen-Seminaariohjelma-727x1024.jpg 727w\" sizes=\"auto, (max-width: 1656px) 100vw, 1656px\" \/><\/a><\/p>\n<p><strong>Seminaarip\u00e4iv\u00e4n aluksi k\u00e4ynti Ermei Kannisen haudalla<\/strong><\/p>\n<p>Laskiessamme\u00a0 (21.10.2017) Helsingin Hietaniemen ortodoksisella hautausmaalla Ermei Kannisen haudalle seppeleen, lainasimme komentaja E.J. Raappanan sotilailleen Repolassa pit\u00e4m\u00e4\u00e4 j\u00e4\u00e4hyv\u00e4ispuhetta ja kirjasimme seppeleen nauhalle komentajan velvoittavat sanat, mit\u00e4 Ermei Kanninen kirjaimellisesti noudatti: \u00a0\u201d<strong>Min\u00e4 uskallan toivoa, ett\u00e4 s\u00e4ilyt\u00e4tte saman kunniakkaan nimen, jonka joukkomme t\u00e4\u00e4ll\u00e4 ovat saavuttaneet. 20.9.1944 E. J. Raappana.\u201d <\/strong><\/p>\n<p>Kahdelle muulle nauhalle tuli teksti:\u00a0<strong>* Kunnioitetun Rukaj\u00e4rven suunnan historiayhdistyksen perustajaj\u00e4senen, kenraali Ermei Kannisen muistoa kunnioittaen. <\/strong><\/p>\n<p><strong>*Rukaj\u00e4rven suunnan veteraaniveljet, Rukaj\u00e4rven suunnan historiikkitoimikunta, Rukaj\u00e4rven suunnan historiayhdistys ry<\/strong>.<\/p>\n<p><a href=\"http:\/\/www.rukajarvensuunnanhistoriayhdistys.fi\/historiayhdistys\/kuvia-kenraaliluutnantti-ermei-kannisen-muistoseminaarista\/sony-dsc-109\/\" rel=\"attachment wp-att-11914\"><img loading=\"lazy\" decoding=\"async\" class=\"aligncenter size-full wp-image-11914\" src=\"http:\/\/www.rukajarvensuunnanhistoriayhdistys.fi\/historiayhdistys\/wp-content\/uploads\/2017\/10\/DSC04430.jpg\" alt=\"\" width=\"4592\" height=\"3056\" data-id=\"11914\" srcset=\"https:\/\/www.rukajarvensuunnanhistoriayhdistys.fi\/historiayhdistys\/wp-content\/uploads\/2017\/10\/DSC04430.jpg 4592w, https:\/\/www.rukajarvensuunnanhistoriayhdistys.fi\/historiayhdistys\/wp-content\/uploads\/2017\/10\/DSC04430-300x200.jpg 300w, https:\/\/www.rukajarvensuunnanhistoriayhdistys.fi\/historiayhdistys\/wp-content\/uploads\/2017\/10\/DSC04430-768x511.jpg 768w, https:\/\/www.rukajarvensuunnanhistoriayhdistys.fi\/historiayhdistys\/wp-content\/uploads\/2017\/10\/DSC04430-1024x681.jpg 1024w\" sizes=\"auto, (max-width: 4592px) 100vw, 4592px\" \/><\/a><\/p>\n<figure id=\"attachment_11913\" aria-describedby=\"caption-attachment-11913\" style=\"width: 4592px\" class=\"wp-caption aligncenter\"><a href=\"http:\/\/www.rukajarvensuunnanhistoriayhdistys.fi\/historiayhdistys\/kuvia-kenraaliluutnantti-ermei-kannisen-muistoseminaarista\/sony-dsc-108\/\" rel=\"attachment wp-att-11913\"><img loading=\"lazy\" decoding=\"async\" class=\"size-full wp-image-11913\" src=\"http:\/\/www.rukajarvensuunnanhistoriayhdistys.fi\/historiayhdistys\/wp-content\/uploads\/2017\/10\/DSC04432.jpg\" alt=\"\" width=\"4592\" height=\"3056\" data-id=\"11913\" srcset=\"https:\/\/www.rukajarvensuunnanhistoriayhdistys.fi\/historiayhdistys\/wp-content\/uploads\/2017\/10\/DSC04432.jpg 4592w, https:\/\/www.rukajarvensuunnanhistoriayhdistys.fi\/historiayhdistys\/wp-content\/uploads\/2017\/10\/DSC04432-300x200.jpg 300w, https:\/\/www.rukajarvensuunnanhistoriayhdistys.fi\/historiayhdistys\/wp-content\/uploads\/2017\/10\/DSC04432-768x511.jpg 768w, https:\/\/www.rukajarvensuunnanhistoriayhdistys.fi\/historiayhdistys\/wp-content\/uploads\/2017\/10\/DSC04432-1024x681.jpg 1024w\" sizes=\"auto, (max-width: 4592px) 100vw, 4592px\" \/><\/a><figcaption id=\"caption-attachment-11913\" class=\"wp-caption-text\">Tenho Tikkanen, Aila Elo, Leena ja Heikki Kanninen, Eva-Cristina M\u00e4kel\u00e4inen, Aulis Lintunen ja Sami Sihvo.<\/figcaption><\/figure>\n<p>Julkaisemme seuraavassa Isto Turpeisen ottamia seminaarikuvia.<\/p>\n<p><a href=\"http:\/\/www.rukajarvensuunnanhistoriayhdistys.fi\/historiayhdistys\/heikki-kanninen-tervehdyssanat-ermei-kannisen-muistoseminaari-21-10-2017\/e_k_mse_-2017-10-21-994_preview\/\" rel=\"attachment wp-att-11904\"><img loading=\"lazy\" decoding=\"async\" class=\"aligncenter size-full wp-image-11904\" src=\"http:\/\/www.rukajarvensuunnanhistoriayhdistys.fi\/historiayhdistys\/wp-content\/uploads\/2017\/10\/E_K_MSe_-2017-10-21-994_preview.jpeg\" alt=\"\" width=\"828\" height=\"768\" data-id=\"11904\" srcset=\"https:\/\/www.rukajarvensuunnanhistoriayhdistys.fi\/historiayhdistys\/wp-content\/uploads\/2017\/10\/E_K_MSe_-2017-10-21-994_preview.jpeg 828w, https:\/\/www.rukajarvensuunnanhistoriayhdistys.fi\/historiayhdistys\/wp-content\/uploads\/2017\/10\/E_K_MSe_-2017-10-21-994_preview-300x278.jpeg 300w, https:\/\/www.rukajarvensuunnanhistoriayhdistys.fi\/historiayhdistys\/wp-content\/uploads\/2017\/10\/E_K_MSe_-2017-10-21-994_preview-768x712.jpeg 768w\" sizes=\"auto, (max-width: 828px) 100vw, 828px\" \/><\/a><\/p>\n<figure id=\"attachment_11891\" aria-describedby=\"caption-attachment-11891\" style=\"width: 768px\" class=\"wp-caption aligncenter\"><a href=\"http:\/\/www.rukajarvensuunnanhistoriayhdistys.fi\/historiayhdistys\/?attachment_id=11891\" rel=\"attachment wp-att-11891\"><img loading=\"lazy\" decoding=\"async\" class=\"size-full wp-image-11891\" src=\"http:\/\/www.rukajarvensuunnanhistoriayhdistys.fi\/historiayhdistys\/wp-content\/uploads\/2017\/10\/E_K_MSe_-2017-10-21-998_preview.jpeg\" alt=\"\" width=\"768\" height=\"782\" data-id=\"11891\" srcset=\"https:\/\/www.rukajarvensuunnanhistoriayhdistys.fi\/historiayhdistys\/wp-content\/uploads\/2017\/10\/E_K_MSe_-2017-10-21-998_preview.jpeg 768w, https:\/\/www.rukajarvensuunnanhistoriayhdistys.fi\/historiayhdistys\/wp-content\/uploads\/2017\/10\/E_K_MSe_-2017-10-21-998_preview-295x300.jpeg 295w\" sizes=\"auto, (max-width: 768px) 100vw, 768px\" \/><\/a><figcaption id=\"caption-attachment-11891\" class=\"wp-caption-text\">Seminaarin juontajana toimi eversti Heikki Hult.<\/figcaption><\/figure>\n<figure id=\"attachment_11892\" aria-describedby=\"caption-attachment-11892\" style=\"width: 1024px\" class=\"wp-caption aligncenter\"><a href=\"http:\/\/www.rukajarvensuunnanhistoriayhdistys.fi\/historiayhdistys\/?attachment_id=11892\" rel=\"attachment wp-att-11892\"><img loading=\"lazy\" decoding=\"async\" class=\"size-full wp-image-11892\" src=\"http:\/\/www.rukajarvensuunnanhistoriayhdistys.fi\/historiayhdistys\/wp-content\/uploads\/2017\/10\/E_K_MSe_-2017-10-21-1000_preview.jpeg\" alt=\"\" width=\"1024\" height=\"678\" data-id=\"11892\" srcset=\"https:\/\/www.rukajarvensuunnanhistoriayhdistys.fi\/historiayhdistys\/wp-content\/uploads\/2017\/10\/E_K_MSe_-2017-10-21-1000_preview.jpeg 1024w, https:\/\/www.rukajarvensuunnanhistoriayhdistys.fi\/historiayhdistys\/wp-content\/uploads\/2017\/10\/E_K_MSe_-2017-10-21-1000_preview-300x199.jpeg 300w, https:\/\/www.rukajarvensuunnanhistoriayhdistys.fi\/historiayhdistys\/wp-content\/uploads\/2017\/10\/E_K_MSe_-2017-10-21-1000_preview-768x509.jpeg 768w\" sizes=\"auto, (max-width: 1024px) 100vw, 1024px\" \/><\/a><figcaption id=\"caption-attachment-11892\" class=\"wp-caption-text\">Tervetulotoivotuksen esitti Helsingin Suomalaisen Klubin puheenjohtaja Matti Viljanen.<\/figcaption><\/figure>\n<figure id=\"attachment_11893\" aria-describedby=\"caption-attachment-11893\" style=\"width: 1012px\" class=\"wp-caption aligncenter\"><a href=\"http:\/\/www.rukajarvensuunnanhistoriayhdistys.fi\/historiayhdistys\/?attachment_id=11893\" rel=\"attachment wp-att-11893\"><img loading=\"lazy\" decoding=\"async\" class=\"size-full wp-image-11893\" src=\"http:\/\/www.rukajarvensuunnanhistoriayhdistys.fi\/historiayhdistys\/wp-content\/uploads\/2017\/10\/E_K_MSe_-2017-10-21-1006_preview.jpeg\" alt=\"\" width=\"1012\" height=\"768\" data-id=\"11893\" srcset=\"https:\/\/www.rukajarvensuunnanhistoriayhdistys.fi\/historiayhdistys\/wp-content\/uploads\/2017\/10\/E_K_MSe_-2017-10-21-1006_preview.jpeg 1012w, https:\/\/www.rukajarvensuunnanhistoriayhdistys.fi\/historiayhdistys\/wp-content\/uploads\/2017\/10\/E_K_MSe_-2017-10-21-1006_preview-300x228.jpeg 300w, https:\/\/www.rukajarvensuunnanhistoriayhdistys.fi\/historiayhdistys\/wp-content\/uploads\/2017\/10\/E_K_MSe_-2017-10-21-1006_preview-768x583.jpeg 768w\" sizes=\"auto, (max-width: 1012px) 100vw, 1012px\" \/><\/a><figcaption id=\"caption-attachment-11893\" class=\"wp-caption-text\">Tervehdys Heikki Kanninen.<\/figcaption><\/figure>\n<figure id=\"attachment_11894\" aria-describedby=\"caption-attachment-11894\" style=\"width: 1024px\" class=\"wp-caption aligncenter\"><a href=\"http:\/\/www.rukajarvensuunnanhistoriayhdistys.fi\/historiayhdistys\/?attachment_id=11894\" rel=\"attachment wp-att-11894\"><img loading=\"lazy\" decoding=\"async\" class=\"size-full wp-image-11894\" src=\"http:\/\/www.rukajarvensuunnanhistoriayhdistys.fi\/historiayhdistys\/wp-content\/uploads\/2017\/10\/E_K_MSe_-2017-10-21-1007_preview.jpeg\" alt=\"\" width=\"1024\" height=\"714\" data-id=\"11894\" srcset=\"https:\/\/www.rukajarvensuunnanhistoriayhdistys.fi\/historiayhdistys\/wp-content\/uploads\/2017\/10\/E_K_MSe_-2017-10-21-1007_preview.jpeg 1024w, https:\/\/www.rukajarvensuunnanhistoriayhdistys.fi\/historiayhdistys\/wp-content\/uploads\/2017\/10\/E_K_MSe_-2017-10-21-1007_preview-300x209.jpeg 300w, https:\/\/www.rukajarvensuunnanhistoriayhdistys.fi\/historiayhdistys\/wp-content\/uploads\/2017\/10\/E_K_MSe_-2017-10-21-1007_preview-768x536.jpeg 768w\" sizes=\"auto, (max-width: 1024px) 100vw, 1024px\" \/><\/a><figcaption id=\"caption-attachment-11894\" class=\"wp-caption-text\">Seminaariesitelm\u00e4: &#8221;Ermei Kanninen ty\u00f6toverina ja sotilaana&#8221;, Puolustusvoimainen entinen komentaja kenraali Jaakko Valtanen.<\/figcaption><\/figure>\n<figure id=\"attachment_11895\" aria-describedby=\"caption-attachment-11895\" style=\"width: 1024px\" class=\"wp-caption aligncenter\"><a href=\"http:\/\/www.rukajarvensuunnanhistoriayhdistys.fi\/historiayhdistys\/?attachment_id=11895\" rel=\"attachment wp-att-11895\"><img loading=\"lazy\" decoding=\"async\" class=\"size-full wp-image-11895\" src=\"http:\/\/www.rukajarvensuunnanhistoriayhdistys.fi\/historiayhdistys\/wp-content\/uploads\/2017\/10\/E_K_MSe_-2017-10-21-1017_preview.jpeg\" alt=\"\" width=\"1024\" height=\"678\" data-id=\"11895\" srcset=\"https:\/\/www.rukajarvensuunnanhistoriayhdistys.fi\/historiayhdistys\/wp-content\/uploads\/2017\/10\/E_K_MSe_-2017-10-21-1017_preview.jpeg 1024w, https:\/\/www.rukajarvensuunnanhistoriayhdistys.fi\/historiayhdistys\/wp-content\/uploads\/2017\/10\/E_K_MSe_-2017-10-21-1017_preview-300x199.jpeg 300w, https:\/\/www.rukajarvensuunnanhistoriayhdistys.fi\/historiayhdistys\/wp-content\/uploads\/2017\/10\/E_K_MSe_-2017-10-21-1017_preview-768x509.jpeg 768w\" sizes=\"auto, (max-width: 1024px) 100vw, 1024px\" \/><\/a><figcaption id=\"caption-attachment-11895\" class=\"wp-caption-text\">Seminaariesitelm\u00e4: &#8221;Uhkakuvia ja vallan kriisej\u00e4 maailmalla&#8221;, Korkeimman hallinto-oikeuden entinen presidentti, oikeustieteen tohtori Pekka Hallberg.<\/figcaption><\/figure>\n<figure id=\"attachment_11896\" aria-describedby=\"caption-attachment-11896\" style=\"width: 1024px\" class=\"wp-caption aligncenter\"><a href=\"http:\/\/www.rukajarvensuunnanhistoriayhdistys.fi\/historiayhdistys\/?attachment_id=11896\" rel=\"attachment wp-att-11896\"><img loading=\"lazy\" decoding=\"async\" class=\"size-full wp-image-11896\" src=\"http:\/\/www.rukajarvensuunnanhistoriayhdistys.fi\/historiayhdistys\/wp-content\/uploads\/2017\/10\/E_K_MSe_-2017-10-21-1022_preview.jpeg\" alt=\"\" width=\"1024\" height=\"678\" data-id=\"11896\" srcset=\"https:\/\/www.rukajarvensuunnanhistoriayhdistys.fi\/historiayhdistys\/wp-content\/uploads\/2017\/10\/E_K_MSe_-2017-10-21-1022_preview.jpeg 1024w, https:\/\/www.rukajarvensuunnanhistoriayhdistys.fi\/historiayhdistys\/wp-content\/uploads\/2017\/10\/E_K_MSe_-2017-10-21-1022_preview-300x199.jpeg 300w, https:\/\/www.rukajarvensuunnanhistoriayhdistys.fi\/historiayhdistys\/wp-content\/uploads\/2017\/10\/E_K_MSe_-2017-10-21-1022_preview-768x509.jpeg 768w\" sizes=\"auto, (max-width: 1024px) 100vw, 1024px\" \/><\/a><figcaption id=\"caption-attachment-11896\" class=\"wp-caption-text\">Seminaariesitelm\u00e4: &#8221;Upseeriston nuorimmat ik\u00e4luokat sodissamme&#8221;, Otavan entinen toimitusjohtaja ja hallituksen puheenjohtaja, professori Heikki A. Reenp\u00e4\u00e4.<\/figcaption><\/figure>\n<figure id=\"attachment_11897\" aria-describedby=\"caption-attachment-11897\" style=\"width: 1024px\" class=\"wp-caption aligncenter\"><a href=\"http:\/\/www.rukajarvensuunnanhistoriayhdistys.fi\/historiayhdistys\/?attachment_id=11897\" rel=\"attachment wp-att-11897\"><img loading=\"lazy\" decoding=\"async\" class=\"size-full wp-image-11897\" src=\"http:\/\/www.rukajarvensuunnanhistoriayhdistys.fi\/historiayhdistys\/wp-content\/uploads\/2017\/10\/E_K_MSe_-2017-10-21-1025_preview.jpeg\" alt=\"\" width=\"1024\" height=\"741\" data-id=\"11897\" srcset=\"https:\/\/www.rukajarvensuunnanhistoriayhdistys.fi\/historiayhdistys\/wp-content\/uploads\/2017\/10\/E_K_MSe_-2017-10-21-1025_preview.jpeg 1024w, https:\/\/www.rukajarvensuunnanhistoriayhdistys.fi\/historiayhdistys\/wp-content\/uploads\/2017\/10\/E_K_MSe_-2017-10-21-1025_preview-300x217.jpeg 300w, https:\/\/www.rukajarvensuunnanhistoriayhdistys.fi\/historiayhdistys\/wp-content\/uploads\/2017\/10\/E_K_MSe_-2017-10-21-1025_preview-768x556.jpeg 768w\" sizes=\"auto, (max-width: 1024px) 100vw, 1024px\" \/><\/a><figcaption id=\"caption-attachment-11897\" class=\"wp-caption-text\">Seminaariesitelm\u00e4: &#8221;Ermei Kannisen osallistuminen Rukaj\u00e4rven suunnan sotahistoriaty\u00f6h\u00f6n&#8221;, RSHY ry:n puheenjohtaja Tenho Tikkanen.<\/figcaption><\/figure>\n<figure id=\"attachment_11898\" aria-describedby=\"caption-attachment-11898\" style=\"width: 960px\" class=\"wp-caption aligncenter\"><a href=\"http:\/\/www.rukajarvensuunnanhistoriayhdistys.fi\/historiayhdistys\/?attachment_id=11898\" rel=\"attachment wp-att-11898\"><img loading=\"lazy\" decoding=\"async\" class=\"size-full wp-image-11898\" src=\"http:\/\/www.rukajarvensuunnanhistoriayhdistys.fi\/historiayhdistys\/wp-content\/uploads\/2017\/10\/E_K_MSe_-2017-10-21-1029_preview.jpeg\" alt=\"\" width=\"960\" height=\"768\" data-id=\"11898\" srcset=\"https:\/\/www.rukajarvensuunnanhistoriayhdistys.fi\/historiayhdistys\/wp-content\/uploads\/2017\/10\/E_K_MSe_-2017-10-21-1029_preview.jpeg 960w, https:\/\/www.rukajarvensuunnanhistoriayhdistys.fi\/historiayhdistys\/wp-content\/uploads\/2017\/10\/E_K_MSe_-2017-10-21-1029_preview-300x240.jpeg 300w, https:\/\/www.rukajarvensuunnanhistoriayhdistys.fi\/historiayhdistys\/wp-content\/uploads\/2017\/10\/E_K_MSe_-2017-10-21-1029_preview-768x614.jpeg 768w\" sizes=\"auto, (max-width: 960px) 100vw, 960px\" \/><\/a><figcaption id=\"caption-attachment-11898\" class=\"wp-caption-text\">&#8221;Ylip\u00e4\u00e4llik\u00f6n p\u00e4iv\u00e4k\u00e4sky 31.12.1944&#8221; Teatteritaiteen maisteri Timo N\u00e4rhinsalo.<\/figcaption><\/figure>\n<figure id=\"attachment_11900\" aria-describedby=\"caption-attachment-11900\" style=\"width: 1024px\" class=\"wp-caption aligncenter\"><a href=\"http:\/\/www.rukajarvensuunnanhistoriayhdistys.fi\/historiayhdistys\/?attachment_id=11900\" rel=\"attachment wp-att-11900\"><img loading=\"lazy\" decoding=\"async\" class=\"size-full wp-image-11900\" src=\"http:\/\/www.rukajarvensuunnanhistoriayhdistys.fi\/historiayhdistys\/wp-content\/uploads\/2017\/10\/E_K_MSe_-2017-10-21-1070_preview.jpeg\" alt=\"\" width=\"1024\" height=\"682\" data-id=\"11900\" srcset=\"https:\/\/www.rukajarvensuunnanhistoriayhdistys.fi\/historiayhdistys\/wp-content\/uploads\/2017\/10\/E_K_MSe_-2017-10-21-1070_preview.jpeg 1024w, https:\/\/www.rukajarvensuunnanhistoriayhdistys.fi\/historiayhdistys\/wp-content\/uploads\/2017\/10\/E_K_MSe_-2017-10-21-1070_preview-300x200.jpeg 300w, https:\/\/www.rukajarvensuunnanhistoriayhdistys.fi\/historiayhdistys\/wp-content\/uploads\/2017\/10\/E_K_MSe_-2017-10-21-1070_preview-768x512.jpeg 768w\" sizes=\"auto, (max-width: 1024px) 100vw, 1024px\" \/><\/a><figcaption id=\"caption-attachment-11900\" class=\"wp-caption-text\">Musiikkiesitys: Tuula Saarensola ja Risto Lauriala.<\/figcaption><\/figure>\n<figure id=\"attachment_11899\" aria-describedby=\"caption-attachment-11899\" style=\"width: 928px\" class=\"wp-caption aligncenter\"><a href=\"http:\/\/www.rukajarvensuunnanhistoriayhdistys.fi\/historiayhdistys\/?attachment_id=11899\" rel=\"attachment wp-att-11899\"><img loading=\"lazy\" decoding=\"async\" class=\"size-full wp-image-11899\" src=\"http:\/\/www.rukajarvensuunnanhistoriayhdistys.fi\/historiayhdistys\/wp-content\/uploads\/2017\/10\/E_K_MSe_-2017-10-21-1064_preview.jpeg\" alt=\"\" width=\"928\" height=\"768\" data-id=\"11899\" srcset=\"https:\/\/www.rukajarvensuunnanhistoriayhdistys.fi\/historiayhdistys\/wp-content\/uploads\/2017\/10\/E_K_MSe_-2017-10-21-1064_preview.jpeg 928w, https:\/\/www.rukajarvensuunnanhistoriayhdistys.fi\/historiayhdistys\/wp-content\/uploads\/2017\/10\/E_K_MSe_-2017-10-21-1064_preview-300x248.jpeg 300w, https:\/\/www.rukajarvensuunnanhistoriayhdistys.fi\/historiayhdistys\/wp-content\/uploads\/2017\/10\/E_K_MSe_-2017-10-21-1064_preview-768x636.jpeg 768w\" sizes=\"auto, (max-width: 928px) 100vw, 928px\" \/><\/a><figcaption id=\"caption-attachment-11899\" class=\"wp-caption-text\">Seminaariin osallistui kymmenen veteraania ja yksi lotta, joista nelj\u00e4 toimi Rukaj\u00e4rven suunnalla, lotta Eeva-Liisa Kumpulainen, Maunu Kankaanp\u00e4\u00e4, sek\u00e4 kuvan Mauno Turunen ja Hannes Tuovinen.<\/figcaption><\/figure>\n<figure id=\"attachment_11901\" aria-describedby=\"caption-attachment-11901\" style=\"width: 1024px\" class=\"wp-caption aligncenter\"><a href=\"http:\/\/www.rukajarvensuunnanhistoriayhdistys.fi\/historiayhdistys\/?attachment_id=11901\" rel=\"attachment wp-att-11901\"><img loading=\"lazy\" decoding=\"async\" class=\"size-full wp-image-11901\" src=\"http:\/\/www.rukajarvensuunnanhistoriayhdistys.fi\/historiayhdistys\/wp-content\/uploads\/2017\/10\/E_K_MSe_-2017-10-21-1115_preview.jpeg\" alt=\"\" width=\"1024\" height=\"678\" data-id=\"11901\" srcset=\"https:\/\/www.rukajarvensuunnanhistoriayhdistys.fi\/historiayhdistys\/wp-content\/uploads\/2017\/10\/E_K_MSe_-2017-10-21-1115_preview.jpeg 1024w, https:\/\/www.rukajarvensuunnanhistoriayhdistys.fi\/historiayhdistys\/wp-content\/uploads\/2017\/10\/E_K_MSe_-2017-10-21-1115_preview-300x199.jpeg 300w, https:\/\/www.rukajarvensuunnanhistoriayhdistys.fi\/historiayhdistys\/wp-content\/uploads\/2017\/10\/E_K_MSe_-2017-10-21-1115_preview-768x509.jpeg 768w\" sizes=\"auto, (max-width: 1024px) 100vw, 1024px\" \/><\/a><figcaption id=\"caption-attachment-11901\" class=\"wp-caption-text\">Seminaariin ja &#8221;Marskin p\u00f6yd\u00e4ss\u00e4 Rukaj\u00e4rvell\u00e4&#8221; p\u00e4iv\u00e4llisille osallistui l\u00e4hes 100 henkil\u00f6\u00e4, joista 10 sodank\u00e4ynytt\u00e4 veteraania ja yksi lotta. Seminaari oli Suomi 100 vuotta juhlatilaisuus. Sen j\u00e4rjestiv\u00e4t Helsingin Suomalainen Klubi ja Rukaj\u00e4rven suunnan historiayhdistys yhteisty\u00f6ss\u00e4.<\/figcaption><\/figure>\n","protected":false},"excerpt":{"rendered":"<p>Rukaj\u00e4rven suunnan historiayhdistyksen perustajaj\u00e4senen kenraaliluutnantti Ermei Kannisen muistoseminaari pidettiin Helsingin Suomalaisella Klubilla 21.10.2017. Seminaarip\u00e4iv\u00e4n aluksi k\u00e4ynti Ermei Kannisen haudalla Laskiessamme\u00a0 (21.10.2017) Helsingin Hietaniemen ortodoksisella hautausmaalla Ermei Kannisen haudalle seppeleen, lainasimme <a class=\"more-link\" href=\"https:\/\/www.rukajarvensuunnanhistoriayhdistys.fi\/historiayhdistys\/kuvia-kenraaliluutnantti-ermei-kannisen-muistoseminaarista\/\">Teksti jatkuu&#8230;<span class=\"screen-reader-text\">Kuvia Kenraaliluutnantti Ermei Kannisen muistoseminaarista<\/span><span class=\"meta-nav\">\u2192<\/span><\/a><\/p>\n","protected":false},"author":3,"featured_media":0,"comment_status":"closed","ping_status":"open","sticky":false,"template":"","format":"standard","meta":{"footnotes":""},"categories":[22,44,17],"tags":[],"class_list":["post-11911","post","type-post","status-publish","format-standard","hentry","category-ajankohtaista","category-esitelma","category-toiminta"],"yoast_head":"<!-- This site is optimized with the Yoast SEO plugin v27.4 - https:\/\/yoast.com\/product\/yoast-seo-wordpress\/ -->\n<title>Kuvia Kenraaliluutnantti Ermei Kannisen muistoseminaarista - Rukaj\u00e4rven suunnan historiayhdistys<\/title>\n<meta name=\"robots\" content=\"index, follow, max-snippet:-1, max-image-preview:large, max-video-preview:-1\" \/>\n<link rel=\"canonical\" href=\"https:\/\/www.rukajarvensuunnanhistoriayhdistys.fi\/historiayhdistys\/kuvia-kenraaliluutnantti-ermei-kannisen-muistoseminaarista\/\" \/>\n<meta property=\"og:locale\" content=\"fi_FI\" \/>\n<meta property=\"og:type\" content=\"article\" \/>\n<meta property=\"og:title\" content=\"Kuvia Kenraaliluutnantti Ermei Kannisen muistoseminaarista - Rukaj\u00e4rven suunnan historiayhdistys\" \/>\n<meta property=\"og:description\" content=\"Rukaj\u00e4rven suunnan historiayhdistyksen perustajaj\u00e4senen kenraaliluutnantti Ermei Kannisen muistoseminaari pidettiin Helsingin Suomalaisella Klubilla 21.10.2017. Seminaarip\u00e4iv\u00e4n aluksi k\u00e4ynti Ermei Kannisen haudalla Laskiessamme\u00a0 (21.10.2017) Helsingin Hietaniemen ortodoksisella hautausmaalla Ermei Kannisen haudalle seppeleen, lainasimme Teksti jatkuu...Kuvia Kenraaliluutnantti Ermei Kannisen muistoseminaarista\u2192\" \/>\n<meta property=\"og:url\" content=\"https:\/\/www.rukajarvensuunnanhistoriayhdistys.fi\/historiayhdistys\/kuvia-kenraaliluutnantti-ermei-kannisen-muistoseminaarista\/\" \/>\n<meta property=\"og:site_name\" content=\"Rukaj\u00e4rven suunnan historiayhdistys\" \/>\n<meta property=\"article:published_time\" content=\"2017-10-30T21:51:05+00:00\" \/>\n<meta property=\"article:modified_time\" content=\"2017-10-30T22:17:36+00:00\" \/>\n<meta property=\"og:image\" content=\"http:\/\/www.rukajarvensuunnanhistoriayhdistys.fi\/historiayhdistys\/wp-content\/uploads\/2017\/10\/ErmeiKanninen-Seminaariohjelma.jpg\" \/>\n<meta name=\"author\" content=\"RSHY\" \/>\n<meta name=\"twitter:label1\" content=\"Kirjoittanut\" \/>\n\t<meta name=\"twitter:data1\" content=\"RSHY\" \/>\n\t<meta name=\"twitter:label2\" content=\"Arvioitu lukuaika\" \/>\n\t<meta name=\"twitter:data2\" content=\"2 minuuttia\" \/>\n<script type=\"application\/ld+json\" class=\"yoast-schema-graph\">{\"@context\":\"https:\\\/\\\/schema.org\",\"@graph\":[{\"@type\":\"Article\",\"@id\":\"https:\\\/\\\/www.rukajarvensuunnanhistoriayhdistys.fi\\\/historiayhdistys\\\/kuvia-kenraaliluutnantti-ermei-kannisen-muistoseminaarista\\\/#article\",\"isPartOf\":{\"@id\":\"https:\\\/\\\/www.rukajarvensuunnanhistoriayhdistys.fi\\\/historiayhdistys\\\/kuvia-kenraaliluutnantti-ermei-kannisen-muistoseminaarista\\\/\"},\"author\":{\"name\":\"RSHY\",\"@id\":\"http:\\\/\\\/www.rukajarvensuunnanhistoriayhdistys.fi\\\/historiayhdistys\\\/#\\\/schema\\\/person\\\/19de7db68bf72dfd2b5d7f6dfbf8454d\"},\"headline\":\"Kuvia Kenraaliluutnantti Ermei Kannisen muistoseminaarista\",\"datePublished\":\"2017-10-30T21:51:05+00:00\",\"dateModified\":\"2017-10-30T22:17:36+00:00\",\"mainEntityOfPage\":{\"@id\":\"https:\\\/\\\/www.rukajarvensuunnanhistoriayhdistys.fi\\\/historiayhdistys\\\/kuvia-kenraaliluutnantti-ermei-kannisen-muistoseminaarista\\\/\"},\"wordCount\":377,\"publisher\":{\"@id\":\"http:\\\/\\\/www.rukajarvensuunnanhistoriayhdistys.fi\\\/historiayhdistys\\\/#organization\"},\"image\":{\"@id\":\"https:\\\/\\\/www.rukajarvensuunnanhistoriayhdistys.fi\\\/historiayhdistys\\\/kuvia-kenraaliluutnantti-ermei-kannisen-muistoseminaarista\\\/#primaryimage\"},\"thumbnailUrl\":\"http:\\\/\\\/www.rukajarvensuunnanhistoriayhdistys.fi\\\/historiayhdistys\\\/wp-content\\\/uploads\\\/2017\\\/10\\\/ErmeiKanninen-Seminaariohjelma.jpg\",\"articleSection\":[\"Ajankohtaista\",\"esitelm\u00e4\",\"Toiminta\"],\"inLanguage\":\"fi\"},{\"@type\":\"WebPage\",\"@id\":\"https:\\\/\\\/www.rukajarvensuunnanhistoriayhdistys.fi\\\/historiayhdistys\\\/kuvia-kenraaliluutnantti-ermei-kannisen-muistoseminaarista\\\/\",\"url\":\"https:\\\/\\\/www.rukajarvensuunnanhistoriayhdistys.fi\\\/historiayhdistys\\\/kuvia-kenraaliluutnantti-ermei-kannisen-muistoseminaarista\\\/\",\"name\":\"Kuvia Kenraaliluutnantti Ermei Kannisen muistoseminaarista - Rukaj\u00e4rven suunnan historiayhdistys\",\"isPartOf\":{\"@id\":\"http:\\\/\\\/www.rukajarvensuunnanhistoriayhdistys.fi\\\/historiayhdistys\\\/#website\"},\"primaryImageOfPage\":{\"@id\":\"https:\\\/\\\/www.rukajarvensuunnanhistoriayhdistys.fi\\\/historiayhdistys\\\/kuvia-kenraaliluutnantti-ermei-kannisen-muistoseminaarista\\\/#primaryimage\"},\"image\":{\"@id\":\"https:\\\/\\\/www.rukajarvensuunnanhistoriayhdistys.fi\\\/historiayhdistys\\\/kuvia-kenraaliluutnantti-ermei-kannisen-muistoseminaarista\\\/#primaryimage\"},\"thumbnailUrl\":\"http:\\\/\\\/www.rukajarvensuunnanhistoriayhdistys.fi\\\/historiayhdistys\\\/wp-content\\\/uploads\\\/2017\\\/10\\\/ErmeiKanninen-Seminaariohjelma.jpg\",\"datePublished\":\"2017-10-30T21:51:05+00:00\",\"dateModified\":\"2017-10-30T22:17:36+00:00\",\"breadcrumb\":{\"@id\":\"https:\\\/\\\/www.rukajarvensuunnanhistoriayhdistys.fi\\\/historiayhdistys\\\/kuvia-kenraaliluutnantti-ermei-kannisen-muistoseminaarista\\\/#breadcrumb\"},\"inLanguage\":\"fi\",\"potentialAction\":[{\"@type\":\"ReadAction\",\"target\":[\"https:\\\/\\\/www.rukajarvensuunnanhistoriayhdistys.fi\\\/historiayhdistys\\\/kuvia-kenraaliluutnantti-ermei-kannisen-muistoseminaarista\\\/\"]}]},{\"@type\":\"ImageObject\",\"inLanguage\":\"fi\",\"@id\":\"https:\\\/\\\/www.rukajarvensuunnanhistoriayhdistys.fi\\\/historiayhdistys\\\/kuvia-kenraaliluutnantti-ermei-kannisen-muistoseminaarista\\\/#primaryimage\",\"url\":\"https:\\\/\\\/www.rukajarvensuunnanhistoriayhdistys.fi\\\/historiayhdistys\\\/wp-content\\\/uploads\\\/2017\\\/10\\\/ErmeiKanninen-Seminaariohjelma.jpg\",\"contentUrl\":\"https:\\\/\\\/www.rukajarvensuunnanhistoriayhdistys.fi\\\/historiayhdistys\\\/wp-content\\\/uploads\\\/2017\\\/10\\\/ErmeiKanninen-Seminaariohjelma.jpg\",\"width\":1656,\"height\":2331},{\"@type\":\"BreadcrumbList\",\"@id\":\"https:\\\/\\\/www.rukajarvensuunnanhistoriayhdistys.fi\\\/historiayhdistys\\\/kuvia-kenraaliluutnantti-ermei-kannisen-muistoseminaarista\\\/#breadcrumb\",\"itemListElement\":[{\"@type\":\"ListItem\",\"position\":1,\"name\":\"Etusivu\",\"item\":\"http:\\\/\\\/www.rukajarvensuunnanhistoriayhdistys.fi\\\/historiayhdistys\\\/\"},{\"@type\":\"ListItem\",\"position\":2,\"name\":\"Kuvia Kenraaliluutnantti Ermei Kannisen muistoseminaarista\"}]},{\"@type\":\"WebSite\",\"@id\":\"http:\\\/\\\/www.rukajarvensuunnanhistoriayhdistys.fi\\\/historiayhdistys\\\/#website\",\"url\":\"http:\\\/\\\/www.rukajarvensuunnanhistoriayhdistys.fi\\\/historiayhdistys\\\/\",\"name\":\"Rukaj\u00e4rven suunnan historiayhdistys\",\"description\":\"Rukaj\u00e4rven suunnan historiayhdistyksen verkkosivut.\",\"publisher\":{\"@id\":\"http:\\\/\\\/www.rukajarvensuunnanhistoriayhdistys.fi\\\/historiayhdistys\\\/#organization\"},\"potentialAction\":[{\"@type\":\"SearchAction\",\"target\":{\"@type\":\"EntryPoint\",\"urlTemplate\":\"http:\\\/\\\/www.rukajarvensuunnanhistoriayhdistys.fi\\\/historiayhdistys\\\/?s={search_term_string}\"},\"query-input\":{\"@type\":\"PropertyValueSpecification\",\"valueRequired\":true,\"valueName\":\"search_term_string\"}}],\"inLanguage\":\"fi\"},{\"@type\":\"Organization\",\"@id\":\"http:\\\/\\\/www.rukajarvensuunnanhistoriayhdistys.fi\\\/historiayhdistys\\\/#organization\",\"name\":\"Rukaj\u00e4rven suunnan historiayhdistys\",\"url\":\"http:\\\/\\\/www.rukajarvensuunnanhistoriayhdistys.fi\\\/historiayhdistys\\\/\",\"logo\":{\"@type\":\"ImageObject\",\"inLanguage\":\"fi\",\"@id\":\"http:\\\/\\\/www.rukajarvensuunnanhistoriayhdistys.fi\\\/historiayhdistys\\\/#\\\/schema\\\/logo\\\/image\\\/\",\"url\":\"https:\\\/\\\/www.rukajarvensuunnanhistoriayhdistys.fi\\\/historiayhdistys\\\/wp-content\\\/uploads\\\/2013\\\/12\\\/Otsake_3.jpg\",\"contentUrl\":\"https:\\\/\\\/www.rukajarvensuunnanhistoriayhdistys.fi\\\/historiayhdistys\\\/wp-content\\\/uploads\\\/2013\\\/12\\\/Otsake_3.jpg\",\"width\":1000,\"height\":442,\"caption\":\"Rukaj\u00e4rven suunnan historiayhdistys\"},\"image\":{\"@id\":\"http:\\\/\\\/www.rukajarvensuunnanhistoriayhdistys.fi\\\/historiayhdistys\\\/#\\\/schema\\\/logo\\\/image\\\/\"}},{\"@type\":\"Person\",\"@id\":\"http:\\\/\\\/www.rukajarvensuunnanhistoriayhdistys.fi\\\/historiayhdistys\\\/#\\\/schema\\\/person\\\/19de7db68bf72dfd2b5d7f6dfbf8454d\",\"name\":\"RSHY\",\"image\":{\"@type\":\"ImageObject\",\"inLanguage\":\"fi\",\"@id\":\"https:\\\/\\\/secure.gravatar.com\\\/avatar\\\/598d59263a69cc8de65fcb4f9db78d6f58c098cb0e0ba22d73377441af9fa04c?s=96&d=blank&r=g\",\"url\":\"https:\\\/\\\/secure.gravatar.com\\\/avatar\\\/598d59263a69cc8de65fcb4f9db78d6f58c098cb0e0ba22d73377441af9fa04c?s=96&d=blank&r=g\",\"contentUrl\":\"https:\\\/\\\/secure.gravatar.com\\\/avatar\\\/598d59263a69cc8de65fcb4f9db78d6f58c098cb0e0ba22d73377441af9fa04c?s=96&d=blank&r=g\",\"caption\":\"RSHY\"},\"url\":\"https:\\\/\\\/www.rukajarvensuunnanhistoriayhdistys.fi\\\/historiayhdistys\\\/author\\\/rshy\\\/\"}]}<\/script>\n<!-- \/ Yoast SEO plugin. -->","yoast_head_json":{"title":"Kuvia Kenraaliluutnantti Ermei Kannisen muistoseminaarista - Rukaj\u00e4rven suunnan historiayhdistys","robots":{"index":"index","follow":"follow","max-snippet":"max-snippet:-1","max-image-preview":"max-image-preview:large","max-video-preview":"max-video-preview:-1"},"canonical":"https:\/\/www.rukajarvensuunnanhistoriayhdistys.fi\/historiayhdistys\/kuvia-kenraaliluutnantti-ermei-kannisen-muistoseminaarista\/","og_locale":"fi_FI","og_type":"article","og_title":"Kuvia Kenraaliluutnantti Ermei Kannisen muistoseminaarista - Rukaj\u00e4rven suunnan historiayhdistys","og_description":"Rukaj\u00e4rven suunnan historiayhdistyksen perustajaj\u00e4senen kenraaliluutnantti Ermei Kannisen muistoseminaari pidettiin Helsingin Suomalaisella Klubilla 21.10.2017. Seminaarip\u00e4iv\u00e4n aluksi k\u00e4ynti Ermei Kannisen haudalla Laskiessamme\u00a0 (21.10.2017) Helsingin Hietaniemen ortodoksisella hautausmaalla Ermei Kannisen haudalle seppeleen, lainasimme Teksti jatkuu...Kuvia Kenraaliluutnantti Ermei Kannisen muistoseminaarista\u2192","og_url":"https:\/\/www.rukajarvensuunnanhistoriayhdistys.fi\/historiayhdistys\/kuvia-kenraaliluutnantti-ermei-kannisen-muistoseminaarista\/","og_site_name":"Rukaj\u00e4rven suunnan historiayhdistys","article_published_time":"2017-10-30T21:51:05+00:00","article_modified_time":"2017-10-30T22:17:36+00:00","og_image":[{"url":"http:\/\/www.rukajarvensuunnanhistoriayhdistys.fi\/historiayhdistys\/wp-content\/uploads\/2017\/10\/ErmeiKanninen-Seminaariohjelma.jpg","type":"","width":"","height":""}],"author":"RSHY","twitter_misc":{"Kirjoittanut":"RSHY","Arvioitu lukuaika":"2 minuuttia"},"schema":{"@context":"https:\/\/schema.org","@graph":[{"@type":"Article","@id":"https:\/\/www.rukajarvensuunnanhistoriayhdistys.fi\/historiayhdistys\/kuvia-kenraaliluutnantti-ermei-kannisen-muistoseminaarista\/#article","isPartOf":{"@id":"https:\/\/www.rukajarvensuunnanhistoriayhdistys.fi\/historiayhdistys\/kuvia-kenraaliluutnantti-ermei-kannisen-muistoseminaarista\/"},"author":{"name":"RSHY","@id":"http:\/\/www.rukajarvensuunnanhistoriayhdistys.fi\/historiayhdistys\/#\/schema\/person\/19de7db68bf72dfd2b5d7f6dfbf8454d"},"headline":"Kuvia Kenraaliluutnantti Ermei Kannisen muistoseminaarista","datePublished":"2017-10-30T21:51:05+00:00","dateModified":"2017-10-30T22:17:36+00:00","mainEntityOfPage":{"@id":"https:\/\/www.rukajarvensuunnanhistoriayhdistys.fi\/historiayhdistys\/kuvia-kenraaliluutnantti-ermei-kannisen-muistoseminaarista\/"},"wordCount":377,"publisher":{"@id":"http:\/\/www.rukajarvensuunnanhistoriayhdistys.fi\/historiayhdistys\/#organization"},"image":{"@id":"https:\/\/www.rukajarvensuunnanhistoriayhdistys.fi\/historiayhdistys\/kuvia-kenraaliluutnantti-ermei-kannisen-muistoseminaarista\/#primaryimage"},"thumbnailUrl":"http:\/\/www.rukajarvensuunnanhistoriayhdistys.fi\/historiayhdistys\/wp-content\/uploads\/2017\/10\/ErmeiKanninen-Seminaariohjelma.jpg","articleSection":["Ajankohtaista","esitelm\u00e4","Toiminta"],"inLanguage":"fi"},{"@type":"WebPage","@id":"https:\/\/www.rukajarvensuunnanhistoriayhdistys.fi\/historiayhdistys\/kuvia-kenraaliluutnantti-ermei-kannisen-muistoseminaarista\/","url":"https:\/\/www.rukajarvensuunnanhistoriayhdistys.fi\/historiayhdistys\/kuvia-kenraaliluutnantti-ermei-kannisen-muistoseminaarista\/","name":"Kuvia Kenraaliluutnantti Ermei Kannisen muistoseminaarista - Rukaj\u00e4rven suunnan historiayhdistys","isPartOf":{"@id":"http:\/\/www.rukajarvensuunnanhistoriayhdistys.fi\/historiayhdistys\/#website"},"primaryImageOfPage":{"@id":"https:\/\/www.rukajarvensuunnanhistoriayhdistys.fi\/historiayhdistys\/kuvia-kenraaliluutnantti-ermei-kannisen-muistoseminaarista\/#primaryimage"},"image":{"@id":"https:\/\/www.rukajarvensuunnanhistoriayhdistys.fi\/historiayhdistys\/kuvia-kenraaliluutnantti-ermei-kannisen-muistoseminaarista\/#primaryimage"},"thumbnailUrl":"http:\/\/www.rukajarvensuunnanhistoriayhdistys.fi\/historiayhdistys\/wp-content\/uploads\/2017\/10\/ErmeiKanninen-Seminaariohjelma.jpg","datePublished":"2017-10-30T21:51:05+00:00","dateModified":"2017-10-30T22:17:36+00:00","breadcrumb":{"@id":"https:\/\/www.rukajarvensuunnanhistoriayhdistys.fi\/historiayhdistys\/kuvia-kenraaliluutnantti-ermei-kannisen-muistoseminaarista\/#breadcrumb"},"inLanguage":"fi","potentialAction":[{"@type":"ReadAction","target":["https:\/\/www.rukajarvensuunnanhistoriayhdistys.fi\/historiayhdistys\/kuvia-kenraaliluutnantti-ermei-kannisen-muistoseminaarista\/"]}]},{"@type":"ImageObject","inLanguage":"fi","@id":"https:\/\/www.rukajarvensuunnanhistoriayhdistys.fi\/historiayhdistys\/kuvia-kenraaliluutnantti-ermei-kannisen-muistoseminaarista\/#primaryimage","url":"https:\/\/www.rukajarvensuunnanhistoriayhdistys.fi\/historiayhdistys\/wp-content\/uploads\/2017\/10\/ErmeiKanninen-Seminaariohjelma.jpg","contentUrl":"https:\/\/www.rukajarvensuunnanhistoriayhdistys.fi\/historiayhdistys\/wp-content\/uploads\/2017\/10\/ErmeiKanninen-Seminaariohjelma.jpg","width":1656,"height":2331},{"@type":"BreadcrumbList","@id":"https:\/\/www.rukajarvensuunnanhistoriayhdistys.fi\/historiayhdistys\/kuvia-kenraaliluutnantti-ermei-kannisen-muistoseminaarista\/#breadcrumb","itemListElement":[{"@type":"ListItem","position":1,"name":"Etusivu","item":"http:\/\/www.rukajarvensuunnanhistoriayhdistys.fi\/historiayhdistys\/"},{"@type":"ListItem","position":2,"name":"Kuvia Kenraaliluutnantti Ermei Kannisen muistoseminaarista"}]},{"@type":"WebSite","@id":"http:\/\/www.rukajarvensuunnanhistoriayhdistys.fi\/historiayhdistys\/#website","url":"http:\/\/www.rukajarvensuunnanhistoriayhdistys.fi\/historiayhdistys\/","name":"Rukaj\u00e4rven suunnan historiayhdistys","description":"Rukaj\u00e4rven suunnan historiayhdistyksen verkkosivut.","publisher":{"@id":"http:\/\/www.rukajarvensuunnanhistoriayhdistys.fi\/historiayhdistys\/#organization"},"potentialAction":[{"@type":"SearchAction","target":{"@type":"EntryPoint","urlTemplate":"http:\/\/www.rukajarvensuunnanhistoriayhdistys.fi\/historiayhdistys\/?s={search_term_string}"},"query-input":{"@type":"PropertyValueSpecification","valueRequired":true,"valueName":"search_term_string"}}],"inLanguage":"fi"},{"@type":"Organization","@id":"http:\/\/www.rukajarvensuunnanhistoriayhdistys.fi\/historiayhdistys\/#organization","name":"Rukaj\u00e4rven suunnan historiayhdistys","url":"http:\/\/www.rukajarvensuunnanhistoriayhdistys.fi\/historiayhdistys\/","logo":{"@type":"ImageObject","inLanguage":"fi","@id":"http:\/\/www.rukajarvensuunnanhistoriayhdistys.fi\/historiayhdistys\/#\/schema\/logo\/image\/","url":"https:\/\/www.rukajarvensuunnanhistoriayhdistys.fi\/historiayhdistys\/wp-content\/uploads\/2013\/12\/Otsake_3.jpg","contentUrl":"https:\/\/www.rukajarvensuunnanhistoriayhdistys.fi\/historiayhdistys\/wp-content\/uploads\/2013\/12\/Otsake_3.jpg","width":1000,"height":442,"caption":"Rukaj\u00e4rven suunnan historiayhdistys"},"image":{"@id":"http:\/\/www.rukajarvensuunnanhistoriayhdistys.fi\/historiayhdistys\/#\/schema\/logo\/image\/"}},{"@type":"Person","@id":"http:\/\/www.rukajarvensuunnanhistoriayhdistys.fi\/historiayhdistys\/#\/schema\/person\/19de7db68bf72dfd2b5d7f6dfbf8454d","name":"RSHY","image":{"@type":"ImageObject","inLanguage":"fi","@id":"https:\/\/secure.gravatar.com\/avatar\/598d59263a69cc8de65fcb4f9db78d6f58c098cb0e0ba22d73377441af9fa04c?s=96&d=blank&r=g","url":"https:\/\/secure.gravatar.com\/avatar\/598d59263a69cc8de65fcb4f9db78d6f58c098cb0e0ba22d73377441af9fa04c?s=96&d=blank&r=g","contentUrl":"https:\/\/secure.gravatar.com\/avatar\/598d59263a69cc8de65fcb4f9db78d6f58c098cb0e0ba22d73377441af9fa04c?s=96&d=blank&r=g","caption":"RSHY"},"url":"https:\/\/www.rukajarvensuunnanhistoriayhdistys.fi\/historiayhdistys\/author\/rshy\/"}]}},"_links":{"self":[{"href":"https:\/\/www.rukajarvensuunnanhistoriayhdistys.fi\/historiayhdistys\/wp-json\/wp\/v2\/posts\/11911","targetHints":{"allow":["GET"]}}],"collection":[{"href":"https:\/\/www.rukajarvensuunnanhistoriayhdistys.fi\/historiayhdistys\/wp-json\/wp\/v2\/posts"}],"about":[{"href":"https:\/\/www.rukajarvensuunnanhistoriayhdistys.fi\/historiayhdistys\/wp-json\/wp\/v2\/types\/post"}],"author":[{"embeddable":true,"href":"https:\/\/www.rukajarvensuunnanhistoriayhdistys.fi\/historiayhdistys\/wp-json\/wp\/v2\/users\/3"}],"replies":[{"embeddable":true,"href":"https:\/\/www.rukajarvensuunnanhistoriayhdistys.fi\/historiayhdistys\/wp-json\/wp\/v2\/comments?post=11911"}],"version-history":[{"count":5,"href":"https:\/\/www.rukajarvensuunnanhistoriayhdistys.fi\/historiayhdistys\/wp-json\/wp\/v2\/posts\/11911\/revisions"}],"predecessor-version":[{"id":11919,"href":"https:\/\/www.rukajarvensuunnanhistoriayhdistys.fi\/historiayhdistys\/wp-json\/wp\/v2\/posts\/11911\/revisions\/11919"}],"wp:attachment":[{"href":"https:\/\/www.rukajarvensuunnanhistoriayhdistys.fi\/historiayhdistys\/wp-json\/wp\/v2\/media?parent=11911"}],"wp:term":[{"taxonomy":"category","embeddable":true,"href":"https:\/\/www.rukajarvensuunnanhistoriayhdistys.fi\/historiayhdistys\/wp-json\/wp\/v2\/categories?post=11911"},{"taxonomy":"post_tag","embeddable":true,"href":"https:\/\/www.rukajarvensuunnanhistoriayhdistys.fi\/historiayhdistys\/wp-json\/wp\/v2\/tags?post=11911"}],"curies":[{"name":"wp","href":"https:\/\/api.w.org\/{rel}","templated":true}]}}