{"id":12589,"date":"2018-07-02T23:52:58","date_gmt":"2018-07-02T20:52:58","guid":{"rendered":"http:\/\/www.rukajarvensuunnanhistoriayhdistys.fi\/historiayhdistys\/?p=12589"},"modified":"2018-07-03T00:04:01","modified_gmt":"2018-07-02T21:04:01","slug":"olavi-tiittanen-on-poissa","status":"publish","type":"post","link":"https:\/\/www.rukajarvensuunnanhistoriayhdistys.fi\/historiayhdistys\/olavi-tiittanen-on-poissa\/","title":{"rendered":"Olavi Tiittanen on poissa"},"content":{"rendered":"<div class=\"fcbkbttn_buttons_block\" id=\"fcbkbttn_left\"><div class=\"fcbkbttn_like \"><fb:like href=\"https:\/\/www.rukajarvensuunnanhistoriayhdistys.fi\/historiayhdistys\/olavi-tiittanen-on-poissa\/\" action=\"like\" colorscheme=\"light\" layout=\"button_count\"  size=\"small\"><\/fb:like><\/div><\/div><p>Nekrologi<\/p>\n<p><strong>Olavi Tiittanen on poissa<\/strong><\/p>\n<figure id=\"attachment_12590\" aria-describedby=\"caption-attachment-12590\" style=\"width: 1280px\" class=\"wp-caption aligncenter\"><a href=\"http:\/\/www.rukajarvensuunnanhistoriayhdistys.fi\/historiayhdistys\/olavi-tiittanen-on-poissa\/dsc09021-tiittanen\/\" rel=\"attachment wp-att-12590\"><img loading=\"lazy\" decoding=\"async\" class=\"size-full wp-image-12590\" src=\"http:\/\/www.rukajarvensuunnanhistoriayhdistys.fi\/historiayhdistys\/wp-content\/uploads\/2018\/07\/DSC09021-Tiittanen.jpg\" alt=\"\" width=\"1280\" height=\"960\" data-id=\"12590\" srcset=\"https:\/\/www.rukajarvensuunnanhistoriayhdistys.fi\/historiayhdistys\/wp-content\/uploads\/2018\/07\/DSC09021-Tiittanen.jpg 1280w, https:\/\/www.rukajarvensuunnanhistoriayhdistys.fi\/historiayhdistys\/wp-content\/uploads\/2018\/07\/DSC09021-Tiittanen-300x225.jpg 300w, https:\/\/www.rukajarvensuunnanhistoriayhdistys.fi\/historiayhdistys\/wp-content\/uploads\/2018\/07\/DSC09021-Tiittanen-768x576.jpg 768w, https:\/\/www.rukajarvensuunnanhistoriayhdistys.fi\/historiayhdistys\/wp-content\/uploads\/2018\/07\/DSC09021-Tiittanen-1024x768.jpg 1024w\" sizes=\"auto, (max-width: 1280px) 100vw, 1280px\" \/><\/a><figcaption id=\"caption-attachment-12590\" class=\"wp-caption-text\">Olavi Tiittanen (17.12.1922 &#8211; 23.6.2018)<\/figcaption><\/figure>\n<p>Juhannusp\u00e4iv\u00e4n iltana Olavi Tiittanen sai viimeisen levon vakavan sairauden uuvuttamana. Olavin pitk\u00e4 ja vaiherikas el\u00e4m\u00e4 sammui Joensuussa hoitokodissa, johon h\u00e4n oli siirtynyt vain muutamaan kuukautta aikaisemmin. Olavi oli tunnettu ja n\u00e4kyv\u00e4 henkil\u00f6 niin Joensuun kulttuuritapahtumissa kuin Juuan kyl\u00e4n raitilla menossa tai tulossa jostain tilaisuudesta viel\u00e4 viime vuoden puolella.<\/p>\n<p>Olavi Tiittanen syntyi yhdeks\u00e4nlapsisen perheen esikoisena Suistamon Laitioisten kyl\u00e4ss\u00e4 17.12.1922. Lapsena koulunk\u00e4ynti j\u00e4i supistetun kansakoulun suorittamiseen, vaikka opettaja olikin suositellut \u00e4lykk\u00e4\u00e4n pojan panemista oppikouluun. Seuraavaksi Olavi k\u00e4vi mieskotiteollisuus-koulua muiden saman kyl\u00e4n poikien kanssa. Esikoisena h\u00e4n joutui osallistumaan vanhempiensa apuna maatilan t\u00f6ihin, joten k\u00e4yt\u00e4nn\u00f6n ty\u00f6nteko alkoi jo varhain paimenessa ja muissa nopsalle pojalle sopivissa t\u00f6iss\u00e4. Sotaan Olavi osallistui Rukaj\u00e4rven rintamalla ja haavoittui aivan jatkosodan lopulla jalkaan, mist\u00e4 h\u00e4n kuitenkin toipui hyv\u00e4\u00e4n kuntoon. Sodan j\u00e4lkeen Olavin vanhemmat ja sisarukset olivat saaneet asuinpaikan Vihannista Alpuan kyl\u00e4st\u00e4. Olavi oli aluksi sodan j\u00e4lkeisiss\u00e4 miinanraivaust\u00f6iss\u00e4 ja mietiskeli tulevaisuuttaan. H\u00e4n p\u00e4\u00e4tyi opiskelemaan Mikkeliin Suomen Nuoriso-opistoon Paukkulaan, mist\u00e4 h\u00e4n suoriutui hyvin. Opiskelu oli alkanut tuntua mielenkiintoiselta ja Olavi p\u00e4\u00e4sikin jatkamaan opintojaan Helsinkiin Yhteiskunnalliseen Korkeakouluun, jossa suoritti kunnallistutkinnon (nyky\u00e4\u00e4n sosionomi).<\/p>\n<p>Olavin ura eri kunnissa alkoi jo ennen korkeakouluopintoja harjoittelijana Hyrynsalmen kunnassa ja jatkui toimistoapulaisena. Opiskelun j\u00e4lkeen h\u00e4n p\u00e4\u00e4si sitten kunnansihteeriksi Hailuodon kuntaan 1954, mist\u00e4 siirtyi jo seuraavana vuonna Nurmeksen maalaiskunnan kunnansihteeriksi. Seuraava etappi olikin vuonna 1964 naapurikunnassa Juuassa kunnanjohtajan virka, jota h\u00e4n hoiti el\u00e4kkeelle siirtymiseen asti vuonna 1985. Juuassa h\u00e4nell\u00e4 olikin aluksi iso ty\u00f6maa edess\u00e4, kun monta asiaa oli niin kunnanjohtajan kuin muiden virkamiesten puuttuessa hoitamatta. Olavin johdolla alkoi sitten tapahtua monella rintamalla; saatiin lukio, kaavoitus modernisoitiin, elinkeinoel\u00e4m\u00e4 alkoi kehitty\u00e4 ja monta muuta asiaa saatiin ripe\u00e4sti kuntoon. Olavi ei ollut konttorissa istuva et\u00e4inen johtaja, vaan toimeen tarttuva esimerkillinen esimies, joka meni itse tapaamaan niin yritt\u00e4ji\u00e4 kuin ylimpi\u00e4 maakunnan ja valtakunnan virkamiehi\u00e4. Koska Olavi oli eritt\u00e4in lahjakas kirjoittaja, h\u00e4nen kirjoituskoneesta l\u00e4hti kirjelmi\u00e4 ja anomuksia moneen suuntaan.<\/p>\n<p>Jo Paukkulassa opiskellessa oli rinnalle l\u00f6ytynyt Nurmeksesta kotoisin oleva opiskelutoveri Irja Mustonen, jonka kanssa Olavi vihittiin 1951. Pariskunta sai kulkea pitk\u00e4n yhteisen taipaleen ja viett\u00e4\u00e4 jopa timanttih\u00e4it\u00e4\u00e4n 2011. Olavi j\u00e4i yksin asumaan Juukaan rakennettuun kotitaloon Irja-vaimon jouduttua palvelutaloon sairastuttuaan vakavasti ja viimein menehdytty\u00e4\u00e4n vuonna 2016. Perheeseen oli syntynyt kaksi lasta, Sinikka vuonna 1952 ja Ilkka 1956. Perhett\u00e4 kohtasi suuri suru Sinikan sairastuttua harvinaislaatuiseen epilepsiaan, jota h\u00e4n sairasti yli 30 vuotta aina kuolemaansa asti vuonna 1998. Ilkka opiskeli l\u00e4\u00e4k\u00e4riksi ja erikoistui silm\u00e4l\u00e4\u00e4k\u00e4riksi Kuopiossa.<\/p>\n<p>Jos Olavi sai paljon aikaiseksi ty\u00f6urallaan kunnallisel\u00e4m\u00e4ss\u00e4, h\u00e4n oli my\u00f6s hyvin aktiivinen monissa vapaa-ajan toimissa. Useissa yhdistyksiss\u00e4 Olavi toimi puheenjohtaja ja liikkeellepanevana voimana. L\u00e4hinn\u00e4 syd\u00e4nt\u00e4 oli veteraanien eteen teht\u00e4v\u00e4 ty\u00f6, mihin kuului Rukaj\u00e4rven veteraanien muiston s\u00e4ilytt\u00e4minen. Juuan musiikkiyhdistyksen toiminnassa Olavilla oli keskeinen rooli. Juuka-seura ja Lions-klubi samoin kuin paikalliset Martat kuuluivat Olavin aktiviteetteihin. Karjala s\u00e4ilyi muistoissa rakkaana kotipaikkana, johon Olavi teki useita matkoja perheen, sukulaisten tai muiden Karjalasta kiinnostuneiden kanssa aivan viime vuosiin asti. Nurmes s\u00e4ilyi l\u00e4heisen\u00e4 paikkakuntana monestakin syyst\u00e4. Siell\u00e4 oli Irja-vaimon koti ja sukulaiset, mutta my\u00f6s rakas Mets\u00e4pirtti Pielisen rannalla, jolla Olavi rakasti veneill\u00e4, joko itse rakentamilla tai my\u00f6hemmin veneilyliikkeist\u00e4 hankituilla purje-, soutu- ja moottoriveneill\u00e4. Osittain veneilyyn liittyen, mutta muutenkin Olavin mielenkiinto kohdistui my\u00f6s erityisesti ymp\u00e4r\u00f6iv\u00e4n luonnon valokuvaamiseen, jopa siin\u00e4 m\u00e4\u00e4rin, ett\u00e4 Juuan kotiin tehtiin oma pimi\u00f6 kuvien valmistamista varten.<\/p>\n<p>Olavia j\u00e4iv\u00e4t kaipaamaan Ilkka-pojan perhe lapsineen ja lapsenlapsineen, sukulaiset ja laaja yst\u00e4v\u00e4piiri.<\/p>\n<p>Laura Sinisalo, Ilkka Tiittanen<\/p>\n<p>Kirjoittajat ovat Olavin mini\u00e4 ja poika<\/p>\n<p><a href=\"http:\/\/www.rukajarvensuunnanhistoriayhdistys.fi\/historiayhdistys\/olavi-tiittanen-on-poissa\/tiittanen-olavi-karjalainen-1-7-2018\/\" rel=\"attachment wp-att-12592\"><img loading=\"lazy\" decoding=\"async\" class=\"aligncenter size-full wp-image-12592\" src=\"http:\/\/www.rukajarvensuunnanhistoriayhdistys.fi\/historiayhdistys\/wp-content\/uploads\/2018\/07\/Tiittanen-Olavi-Karjalainen-1-7-2018.jpg\" alt=\"\" width=\"486\" height=\"559\" data-id=\"12592\" srcset=\"https:\/\/www.rukajarvensuunnanhistoriayhdistys.fi\/historiayhdistys\/wp-content\/uploads\/2018\/07\/Tiittanen-Olavi-Karjalainen-1-7-2018.jpg 486w, https:\/\/www.rukajarvensuunnanhistoriayhdistys.fi\/historiayhdistys\/wp-content\/uploads\/2018\/07\/Tiittanen-Olavi-Karjalainen-1-7-2018-261x300.jpg 261w\" sizes=\"auto, (max-width: 486px) 100vw, 486px\" \/><\/a><\/p>\n<p>**********<\/p>\n<p><strong>Olavi Tiittanen yhdistyksemme hallituksen varapuheenjohtaja (2015-2016).<\/strong><\/p>\n<p>Olavi Tiittanen kuoli Joensuussa 23.6.2018 \u00a095-vuotiaana. H\u00e4n oli syntynyt 17.12.1922. Olavi Tiittanen \u00a0osallistui monella tavalla yhdistyksemme toimintaan. H\u00e4n avasi Iisalmen Rukaj\u00e4rvi-keskuksen 13.3.2014 ja 30.11.2014 vihki k\u00e4ytt\u00f6\u00f6n Jukolan Motti -pirtin. Olavi oli suosittu juhlapuhuja monissa j\u00e4rjest\u00e4miss\u00e4mme veteraanijuhlatilaisuuksissa mm. Lieksan Rukaj\u00e4rvi-keskuksen avajaisissa 1.7.2013 kuulimme h\u00e4nelt\u00e4 veteraanien puheenvuoron.<\/p>\n<figure id=\"attachment_12591\" aria-describedby=\"caption-attachment-12591\" style=\"width: 4864px\" class=\"wp-caption aligncenter\"><a href=\"http:\/\/www.rukajarvensuunnanhistoriayhdistys.fi\/historiayhdistys\/olavi-tiittanen-on-poissa\/tiittanen-olavi-1\/\" rel=\"attachment wp-att-12591\"><img loading=\"lazy\" decoding=\"async\" class=\"size-full wp-image-12591\" src=\"http:\/\/www.rukajarvensuunnanhistoriayhdistys.fi\/historiayhdistys\/wp-content\/uploads\/2018\/07\/Tiittanen-Olavi-1.jpg\" alt=\"\" width=\"4864\" height=\"2736\" data-id=\"12591\" srcset=\"https:\/\/www.rukajarvensuunnanhistoriayhdistys.fi\/historiayhdistys\/wp-content\/uploads\/2018\/07\/Tiittanen-Olavi-1.jpg 4864w, https:\/\/www.rukajarvensuunnanhistoriayhdistys.fi\/historiayhdistys\/wp-content\/uploads\/2018\/07\/Tiittanen-Olavi-1-300x169.jpg 300w, https:\/\/www.rukajarvensuunnanhistoriayhdistys.fi\/historiayhdistys\/wp-content\/uploads\/2018\/07\/Tiittanen-Olavi-1-768x432.jpg 768w, https:\/\/www.rukajarvensuunnanhistoriayhdistys.fi\/historiayhdistys\/wp-content\/uploads\/2018\/07\/Tiittanen-Olavi-1-1024x576.jpg 1024w\" sizes=\"auto, (max-width: 4864px) 100vw, 4864px\" \/><\/a><figcaption id=\"caption-attachment-12591\" class=\"wp-caption-text\">Olavi Tiittanen vihki k\u00e4ytt\u00f6\u00f6n Iisalmen Rukaj\u00e4rvi-keskuksen 13.3.2014.<\/figcaption><\/figure>\n<p>Yhdistyksemme hallituksessa h\u00e4n ty\u00f6skenteli varapuheenjohtajana vuodet 2015 ja 2016. H\u00e4n oli ratkaisevalla tavalla vaikuttamassa my\u00f6s Lieksan Rukaj\u00e4rvi-keskuksen kiinteist\u00f6n hankintaan v. 2015 kev\u00e4\u00e4ll\u00e4.<\/p>\n<p>Olavi Tiittanen palveli Rukaj\u00e4rvell\u00e4 9.\/JR 10:ss\u00e4. H\u00e4n haavoittui 4.8.1944 Tahkokosken taisteluissa.<\/p>\n<p>El\u00e4m\u00e4nty\u00f6ns\u00e4 h\u00e4n teki kunnallishallinnon palveluksessa ja el\u00e4kkeelle h\u00e4n siirtyi Juuan kunnanjohtajan teht\u00e4v\u00e4st\u00e4.<\/p>\n<p>J\u00e4\u00e4mme kaipaamaan sivistynytt\u00e4, huumorintajuista veteraaniyst\u00e4v\u00e4\u00e4.<\/p>\n<p>Rukaj\u00e4rven suunnan historiayhdistys ry<\/p>\n","protected":false},"excerpt":{"rendered":"<p>Nekrologi Olavi Tiittanen on poissa Juhannusp\u00e4iv\u00e4n iltana Olavi Tiittanen sai viimeisen levon vakavan sairauden uuvuttamana. Olavin pitk\u00e4 ja vaiherikas el\u00e4m\u00e4 sammui Joensuussa hoitokodissa, johon h\u00e4n oli siirtynyt vain muutamaan kuukautta <a class=\"more-link\" href=\"https:\/\/www.rukajarvensuunnanhistoriayhdistys.fi\/historiayhdistys\/olavi-tiittanen-on-poissa\/\">Teksti jatkuu&#8230;<span class=\"screen-reader-text\">Olavi Tiittanen on poissa<\/span><span class=\"meta-nav\">\u2192<\/span><\/a><\/p>\n","protected":false},"author":3,"featured_media":0,"comment_status":"closed","ping_status":"open","sticky":false,"template":"","format":"standard","meta":{"footnotes":""},"categories":[22,17],"tags":[],"class_list":["post-12589","post","type-post","status-publish","format-standard","hentry","category-ajankohtaista","category-toiminta"],"yoast_head":"<!-- This site is optimized with the Yoast SEO plugin v27.4 - https:\/\/yoast.com\/product\/yoast-seo-wordpress\/ -->\n<title>Olavi Tiittanen on poissa - Rukaj\u00e4rven suunnan historiayhdistys<\/title>\n<meta name=\"robots\" content=\"index, follow, max-snippet:-1, max-image-preview:large, max-video-preview:-1\" \/>\n<link rel=\"canonical\" href=\"https:\/\/www.rukajarvensuunnanhistoriayhdistys.fi\/historiayhdistys\/olavi-tiittanen-on-poissa\/\" \/>\n<meta property=\"og:locale\" content=\"fi_FI\" \/>\n<meta property=\"og:type\" content=\"article\" \/>\n<meta property=\"og:title\" content=\"Olavi Tiittanen on poissa - Rukaj\u00e4rven suunnan historiayhdistys\" \/>\n<meta property=\"og:description\" content=\"Nekrologi Olavi Tiittanen on poissa Juhannusp\u00e4iv\u00e4n iltana Olavi Tiittanen sai viimeisen levon vakavan sairauden uuvuttamana. Olavin pitk\u00e4 ja vaiherikas el\u00e4m\u00e4 sammui Joensuussa hoitokodissa, johon h\u00e4n oli siirtynyt vain muutamaan kuukautta Teksti jatkuu...Olavi Tiittanen on poissa\u2192\" \/>\n<meta property=\"og:url\" content=\"https:\/\/www.rukajarvensuunnanhistoriayhdistys.fi\/historiayhdistys\/olavi-tiittanen-on-poissa\/\" \/>\n<meta property=\"og:site_name\" content=\"Rukaj\u00e4rven suunnan historiayhdistys\" \/>\n<meta property=\"article:published_time\" content=\"2018-07-02T20:52:58+00:00\" \/>\n<meta property=\"article:modified_time\" content=\"2018-07-02T21:04:01+00:00\" \/>\n<meta property=\"og:image\" content=\"http:\/\/www.rukajarvensuunnanhistoriayhdistys.fi\/historiayhdistys\/wp-content\/uploads\/2018\/07\/DSC09021-Tiittanen.jpg\" \/>\n<meta name=\"author\" content=\"RSHY\" \/>\n<meta name=\"twitter:label1\" content=\"Kirjoittanut\" \/>\n\t<meta name=\"twitter:data1\" content=\"RSHY\" \/>\n\t<meta name=\"twitter:label2\" content=\"Arvioitu lukuaika\" \/>\n\t<meta name=\"twitter:data2\" content=\"4 minuuttia\" \/>\n<script type=\"application\/ld+json\" class=\"yoast-schema-graph\">{\"@context\":\"https:\\\/\\\/schema.org\",\"@graph\":[{\"@type\":\"Article\",\"@id\":\"https:\\\/\\\/www.rukajarvensuunnanhistoriayhdistys.fi\\\/historiayhdistys\\\/olavi-tiittanen-on-poissa\\\/#article\",\"isPartOf\":{\"@id\":\"https:\\\/\\\/www.rukajarvensuunnanhistoriayhdistys.fi\\\/historiayhdistys\\\/olavi-tiittanen-on-poissa\\\/\"},\"author\":{\"name\":\"RSHY\",\"@id\":\"http:\\\/\\\/www.rukajarvensuunnanhistoriayhdistys.fi\\\/historiayhdistys\\\/#\\\/schema\\\/person\\\/19de7db68bf72dfd2b5d7f6dfbf8454d\"},\"headline\":\"Olavi Tiittanen on poissa\",\"datePublished\":\"2018-07-02T20:52:58+00:00\",\"dateModified\":\"2018-07-02T21:04:01+00:00\",\"mainEntityOfPage\":{\"@id\":\"https:\\\/\\\/www.rukajarvensuunnanhistoriayhdistys.fi\\\/historiayhdistys\\\/olavi-tiittanen-on-poissa\\\/\"},\"wordCount\":764,\"publisher\":{\"@id\":\"http:\\\/\\\/www.rukajarvensuunnanhistoriayhdistys.fi\\\/historiayhdistys\\\/#organization\"},\"image\":{\"@id\":\"https:\\\/\\\/www.rukajarvensuunnanhistoriayhdistys.fi\\\/historiayhdistys\\\/olavi-tiittanen-on-poissa\\\/#primaryimage\"},\"thumbnailUrl\":\"http:\\\/\\\/www.rukajarvensuunnanhistoriayhdistys.fi\\\/historiayhdistys\\\/wp-content\\\/uploads\\\/2018\\\/07\\\/DSC09021-Tiittanen.jpg\",\"articleSection\":[\"Ajankohtaista\",\"Toiminta\"],\"inLanguage\":\"fi\"},{\"@type\":\"WebPage\",\"@id\":\"https:\\\/\\\/www.rukajarvensuunnanhistoriayhdistys.fi\\\/historiayhdistys\\\/olavi-tiittanen-on-poissa\\\/\",\"url\":\"https:\\\/\\\/www.rukajarvensuunnanhistoriayhdistys.fi\\\/historiayhdistys\\\/olavi-tiittanen-on-poissa\\\/\",\"name\":\"Olavi Tiittanen on poissa - Rukaj\u00e4rven suunnan historiayhdistys\",\"isPartOf\":{\"@id\":\"http:\\\/\\\/www.rukajarvensuunnanhistoriayhdistys.fi\\\/historiayhdistys\\\/#website\"},\"primaryImageOfPage\":{\"@id\":\"https:\\\/\\\/www.rukajarvensuunnanhistoriayhdistys.fi\\\/historiayhdistys\\\/olavi-tiittanen-on-poissa\\\/#primaryimage\"},\"image\":{\"@id\":\"https:\\\/\\\/www.rukajarvensuunnanhistoriayhdistys.fi\\\/historiayhdistys\\\/olavi-tiittanen-on-poissa\\\/#primaryimage\"},\"thumbnailUrl\":\"http:\\\/\\\/www.rukajarvensuunnanhistoriayhdistys.fi\\\/historiayhdistys\\\/wp-content\\\/uploads\\\/2018\\\/07\\\/DSC09021-Tiittanen.jpg\",\"datePublished\":\"2018-07-02T20:52:58+00:00\",\"dateModified\":\"2018-07-02T21:04:01+00:00\",\"breadcrumb\":{\"@id\":\"https:\\\/\\\/www.rukajarvensuunnanhistoriayhdistys.fi\\\/historiayhdistys\\\/olavi-tiittanen-on-poissa\\\/#breadcrumb\"},\"inLanguage\":\"fi\",\"potentialAction\":[{\"@type\":\"ReadAction\",\"target\":[\"https:\\\/\\\/www.rukajarvensuunnanhistoriayhdistys.fi\\\/historiayhdistys\\\/olavi-tiittanen-on-poissa\\\/\"]}]},{\"@type\":\"ImageObject\",\"inLanguage\":\"fi\",\"@id\":\"https:\\\/\\\/www.rukajarvensuunnanhistoriayhdistys.fi\\\/historiayhdistys\\\/olavi-tiittanen-on-poissa\\\/#primaryimage\",\"url\":\"https:\\\/\\\/www.rukajarvensuunnanhistoriayhdistys.fi\\\/historiayhdistys\\\/wp-content\\\/uploads\\\/2018\\\/07\\\/DSC09021-Tiittanen.jpg\",\"contentUrl\":\"https:\\\/\\\/www.rukajarvensuunnanhistoriayhdistys.fi\\\/historiayhdistys\\\/wp-content\\\/uploads\\\/2018\\\/07\\\/DSC09021-Tiittanen.jpg\",\"width\":1280,\"height\":960,\"caption\":\"Olavi Tiittanen (17.12.1922-23.6.2018)\"},{\"@type\":\"BreadcrumbList\",\"@id\":\"https:\\\/\\\/www.rukajarvensuunnanhistoriayhdistys.fi\\\/historiayhdistys\\\/olavi-tiittanen-on-poissa\\\/#breadcrumb\",\"itemListElement\":[{\"@type\":\"ListItem\",\"position\":1,\"name\":\"Etusivu\",\"item\":\"http:\\\/\\\/www.rukajarvensuunnanhistoriayhdistys.fi\\\/historiayhdistys\\\/\"},{\"@type\":\"ListItem\",\"position\":2,\"name\":\"Olavi Tiittanen on poissa\"}]},{\"@type\":\"WebSite\",\"@id\":\"http:\\\/\\\/www.rukajarvensuunnanhistoriayhdistys.fi\\\/historiayhdistys\\\/#website\",\"url\":\"http:\\\/\\\/www.rukajarvensuunnanhistoriayhdistys.fi\\\/historiayhdistys\\\/\",\"name\":\"Rukaj\u00e4rven suunnan historiayhdistys\",\"description\":\"Rukaj\u00e4rven suunnan historiayhdistyksen verkkosivut.\",\"publisher\":{\"@id\":\"http:\\\/\\\/www.rukajarvensuunnanhistoriayhdistys.fi\\\/historiayhdistys\\\/#organization\"},\"potentialAction\":[{\"@type\":\"SearchAction\",\"target\":{\"@type\":\"EntryPoint\",\"urlTemplate\":\"http:\\\/\\\/www.rukajarvensuunnanhistoriayhdistys.fi\\\/historiayhdistys\\\/?s={search_term_string}\"},\"query-input\":{\"@type\":\"PropertyValueSpecification\",\"valueRequired\":true,\"valueName\":\"search_term_string\"}}],\"inLanguage\":\"fi\"},{\"@type\":\"Organization\",\"@id\":\"http:\\\/\\\/www.rukajarvensuunnanhistoriayhdistys.fi\\\/historiayhdistys\\\/#organization\",\"name\":\"Rukaj\u00e4rven suunnan historiayhdistys\",\"url\":\"http:\\\/\\\/www.rukajarvensuunnanhistoriayhdistys.fi\\\/historiayhdistys\\\/\",\"logo\":{\"@type\":\"ImageObject\",\"inLanguage\":\"fi\",\"@id\":\"http:\\\/\\\/www.rukajarvensuunnanhistoriayhdistys.fi\\\/historiayhdistys\\\/#\\\/schema\\\/logo\\\/image\\\/\",\"url\":\"https:\\\/\\\/www.rukajarvensuunnanhistoriayhdistys.fi\\\/historiayhdistys\\\/wp-content\\\/uploads\\\/2013\\\/12\\\/Otsake_3.jpg\",\"contentUrl\":\"https:\\\/\\\/www.rukajarvensuunnanhistoriayhdistys.fi\\\/historiayhdistys\\\/wp-content\\\/uploads\\\/2013\\\/12\\\/Otsake_3.jpg\",\"width\":1000,\"height\":442,\"caption\":\"Rukaj\u00e4rven suunnan historiayhdistys\"},\"image\":{\"@id\":\"http:\\\/\\\/www.rukajarvensuunnanhistoriayhdistys.fi\\\/historiayhdistys\\\/#\\\/schema\\\/logo\\\/image\\\/\"}},{\"@type\":\"Person\",\"@id\":\"http:\\\/\\\/www.rukajarvensuunnanhistoriayhdistys.fi\\\/historiayhdistys\\\/#\\\/schema\\\/person\\\/19de7db68bf72dfd2b5d7f6dfbf8454d\",\"name\":\"RSHY\",\"image\":{\"@type\":\"ImageObject\",\"inLanguage\":\"fi\",\"@id\":\"https:\\\/\\\/secure.gravatar.com\\\/avatar\\\/598d59263a69cc8de65fcb4f9db78d6f58c098cb0e0ba22d73377441af9fa04c?s=96&d=blank&r=g\",\"url\":\"https:\\\/\\\/secure.gravatar.com\\\/avatar\\\/598d59263a69cc8de65fcb4f9db78d6f58c098cb0e0ba22d73377441af9fa04c?s=96&d=blank&r=g\",\"contentUrl\":\"https:\\\/\\\/secure.gravatar.com\\\/avatar\\\/598d59263a69cc8de65fcb4f9db78d6f58c098cb0e0ba22d73377441af9fa04c?s=96&d=blank&r=g\",\"caption\":\"RSHY\"},\"url\":\"https:\\\/\\\/www.rukajarvensuunnanhistoriayhdistys.fi\\\/historiayhdistys\\\/author\\\/rshy\\\/\"}]}<\/script>\n<!-- \/ Yoast SEO plugin. -->","yoast_head_json":{"title":"Olavi Tiittanen on poissa - Rukaj\u00e4rven suunnan historiayhdistys","robots":{"index":"index","follow":"follow","max-snippet":"max-snippet:-1","max-image-preview":"max-image-preview:large","max-video-preview":"max-video-preview:-1"},"canonical":"https:\/\/www.rukajarvensuunnanhistoriayhdistys.fi\/historiayhdistys\/olavi-tiittanen-on-poissa\/","og_locale":"fi_FI","og_type":"article","og_title":"Olavi Tiittanen on poissa - Rukaj\u00e4rven suunnan historiayhdistys","og_description":"Nekrologi Olavi Tiittanen on poissa Juhannusp\u00e4iv\u00e4n iltana Olavi Tiittanen sai viimeisen levon vakavan sairauden uuvuttamana. Olavin pitk\u00e4 ja vaiherikas el\u00e4m\u00e4 sammui Joensuussa hoitokodissa, johon h\u00e4n oli siirtynyt vain muutamaan kuukautta Teksti jatkuu...Olavi Tiittanen on poissa\u2192","og_url":"https:\/\/www.rukajarvensuunnanhistoriayhdistys.fi\/historiayhdistys\/olavi-tiittanen-on-poissa\/","og_site_name":"Rukaj\u00e4rven suunnan historiayhdistys","article_published_time":"2018-07-02T20:52:58+00:00","article_modified_time":"2018-07-02T21:04:01+00:00","og_image":[{"url":"http:\/\/www.rukajarvensuunnanhistoriayhdistys.fi\/historiayhdistys\/wp-content\/uploads\/2018\/07\/DSC09021-Tiittanen.jpg","type":"","width":"","height":""}],"author":"RSHY","twitter_misc":{"Kirjoittanut":"RSHY","Arvioitu lukuaika":"4 minuuttia"},"schema":{"@context":"https:\/\/schema.org","@graph":[{"@type":"Article","@id":"https:\/\/www.rukajarvensuunnanhistoriayhdistys.fi\/historiayhdistys\/olavi-tiittanen-on-poissa\/#article","isPartOf":{"@id":"https:\/\/www.rukajarvensuunnanhistoriayhdistys.fi\/historiayhdistys\/olavi-tiittanen-on-poissa\/"},"author":{"name":"RSHY","@id":"http:\/\/www.rukajarvensuunnanhistoriayhdistys.fi\/historiayhdistys\/#\/schema\/person\/19de7db68bf72dfd2b5d7f6dfbf8454d"},"headline":"Olavi Tiittanen on poissa","datePublished":"2018-07-02T20:52:58+00:00","dateModified":"2018-07-02T21:04:01+00:00","mainEntityOfPage":{"@id":"https:\/\/www.rukajarvensuunnanhistoriayhdistys.fi\/historiayhdistys\/olavi-tiittanen-on-poissa\/"},"wordCount":764,"publisher":{"@id":"http:\/\/www.rukajarvensuunnanhistoriayhdistys.fi\/historiayhdistys\/#organization"},"image":{"@id":"https:\/\/www.rukajarvensuunnanhistoriayhdistys.fi\/historiayhdistys\/olavi-tiittanen-on-poissa\/#primaryimage"},"thumbnailUrl":"http:\/\/www.rukajarvensuunnanhistoriayhdistys.fi\/historiayhdistys\/wp-content\/uploads\/2018\/07\/DSC09021-Tiittanen.jpg","articleSection":["Ajankohtaista","Toiminta"],"inLanguage":"fi"},{"@type":"WebPage","@id":"https:\/\/www.rukajarvensuunnanhistoriayhdistys.fi\/historiayhdistys\/olavi-tiittanen-on-poissa\/","url":"https:\/\/www.rukajarvensuunnanhistoriayhdistys.fi\/historiayhdistys\/olavi-tiittanen-on-poissa\/","name":"Olavi Tiittanen on poissa - Rukaj\u00e4rven suunnan historiayhdistys","isPartOf":{"@id":"http:\/\/www.rukajarvensuunnanhistoriayhdistys.fi\/historiayhdistys\/#website"},"primaryImageOfPage":{"@id":"https:\/\/www.rukajarvensuunnanhistoriayhdistys.fi\/historiayhdistys\/olavi-tiittanen-on-poissa\/#primaryimage"},"image":{"@id":"https:\/\/www.rukajarvensuunnanhistoriayhdistys.fi\/historiayhdistys\/olavi-tiittanen-on-poissa\/#primaryimage"},"thumbnailUrl":"http:\/\/www.rukajarvensuunnanhistoriayhdistys.fi\/historiayhdistys\/wp-content\/uploads\/2018\/07\/DSC09021-Tiittanen.jpg","datePublished":"2018-07-02T20:52:58+00:00","dateModified":"2018-07-02T21:04:01+00:00","breadcrumb":{"@id":"https:\/\/www.rukajarvensuunnanhistoriayhdistys.fi\/historiayhdistys\/olavi-tiittanen-on-poissa\/#breadcrumb"},"inLanguage":"fi","potentialAction":[{"@type":"ReadAction","target":["https:\/\/www.rukajarvensuunnanhistoriayhdistys.fi\/historiayhdistys\/olavi-tiittanen-on-poissa\/"]}]},{"@type":"ImageObject","inLanguage":"fi","@id":"https:\/\/www.rukajarvensuunnanhistoriayhdistys.fi\/historiayhdistys\/olavi-tiittanen-on-poissa\/#primaryimage","url":"https:\/\/www.rukajarvensuunnanhistoriayhdistys.fi\/historiayhdistys\/wp-content\/uploads\/2018\/07\/DSC09021-Tiittanen.jpg","contentUrl":"https:\/\/www.rukajarvensuunnanhistoriayhdistys.fi\/historiayhdistys\/wp-content\/uploads\/2018\/07\/DSC09021-Tiittanen.jpg","width":1280,"height":960,"caption":"Olavi Tiittanen (17.12.1922-23.6.2018)"},{"@type":"BreadcrumbList","@id":"https:\/\/www.rukajarvensuunnanhistoriayhdistys.fi\/historiayhdistys\/olavi-tiittanen-on-poissa\/#breadcrumb","itemListElement":[{"@type":"ListItem","position":1,"name":"Etusivu","item":"http:\/\/www.rukajarvensuunnanhistoriayhdistys.fi\/historiayhdistys\/"},{"@type":"ListItem","position":2,"name":"Olavi Tiittanen on poissa"}]},{"@type":"WebSite","@id":"http:\/\/www.rukajarvensuunnanhistoriayhdistys.fi\/historiayhdistys\/#website","url":"http:\/\/www.rukajarvensuunnanhistoriayhdistys.fi\/historiayhdistys\/","name":"Rukaj\u00e4rven suunnan historiayhdistys","description":"Rukaj\u00e4rven suunnan historiayhdistyksen verkkosivut.","publisher":{"@id":"http:\/\/www.rukajarvensuunnanhistoriayhdistys.fi\/historiayhdistys\/#organization"},"potentialAction":[{"@type":"SearchAction","target":{"@type":"EntryPoint","urlTemplate":"http:\/\/www.rukajarvensuunnanhistoriayhdistys.fi\/historiayhdistys\/?s={search_term_string}"},"query-input":{"@type":"PropertyValueSpecification","valueRequired":true,"valueName":"search_term_string"}}],"inLanguage":"fi"},{"@type":"Organization","@id":"http:\/\/www.rukajarvensuunnanhistoriayhdistys.fi\/historiayhdistys\/#organization","name":"Rukaj\u00e4rven suunnan historiayhdistys","url":"http:\/\/www.rukajarvensuunnanhistoriayhdistys.fi\/historiayhdistys\/","logo":{"@type":"ImageObject","inLanguage":"fi","@id":"http:\/\/www.rukajarvensuunnanhistoriayhdistys.fi\/historiayhdistys\/#\/schema\/logo\/image\/","url":"https:\/\/www.rukajarvensuunnanhistoriayhdistys.fi\/historiayhdistys\/wp-content\/uploads\/2013\/12\/Otsake_3.jpg","contentUrl":"https:\/\/www.rukajarvensuunnanhistoriayhdistys.fi\/historiayhdistys\/wp-content\/uploads\/2013\/12\/Otsake_3.jpg","width":1000,"height":442,"caption":"Rukaj\u00e4rven suunnan historiayhdistys"},"image":{"@id":"http:\/\/www.rukajarvensuunnanhistoriayhdistys.fi\/historiayhdistys\/#\/schema\/logo\/image\/"}},{"@type":"Person","@id":"http:\/\/www.rukajarvensuunnanhistoriayhdistys.fi\/historiayhdistys\/#\/schema\/person\/19de7db68bf72dfd2b5d7f6dfbf8454d","name":"RSHY","image":{"@type":"ImageObject","inLanguage":"fi","@id":"https:\/\/secure.gravatar.com\/avatar\/598d59263a69cc8de65fcb4f9db78d6f58c098cb0e0ba22d73377441af9fa04c?s=96&d=blank&r=g","url":"https:\/\/secure.gravatar.com\/avatar\/598d59263a69cc8de65fcb4f9db78d6f58c098cb0e0ba22d73377441af9fa04c?s=96&d=blank&r=g","contentUrl":"https:\/\/secure.gravatar.com\/avatar\/598d59263a69cc8de65fcb4f9db78d6f58c098cb0e0ba22d73377441af9fa04c?s=96&d=blank&r=g","caption":"RSHY"},"url":"https:\/\/www.rukajarvensuunnanhistoriayhdistys.fi\/historiayhdistys\/author\/rshy\/"}]}},"_links":{"self":[{"href":"https:\/\/www.rukajarvensuunnanhistoriayhdistys.fi\/historiayhdistys\/wp-json\/wp\/v2\/posts\/12589","targetHints":{"allow":["GET"]}}],"collection":[{"href":"https:\/\/www.rukajarvensuunnanhistoriayhdistys.fi\/historiayhdistys\/wp-json\/wp\/v2\/posts"}],"about":[{"href":"https:\/\/www.rukajarvensuunnanhistoriayhdistys.fi\/historiayhdistys\/wp-json\/wp\/v2\/types\/post"}],"author":[{"embeddable":true,"href":"https:\/\/www.rukajarvensuunnanhistoriayhdistys.fi\/historiayhdistys\/wp-json\/wp\/v2\/users\/3"}],"replies":[{"embeddable":true,"href":"https:\/\/www.rukajarvensuunnanhistoriayhdistys.fi\/historiayhdistys\/wp-json\/wp\/v2\/comments?post=12589"}],"version-history":[{"count":3,"href":"https:\/\/www.rukajarvensuunnanhistoriayhdistys.fi\/historiayhdistys\/wp-json\/wp\/v2\/posts\/12589\/revisions"}],"predecessor-version":[{"id":12595,"href":"https:\/\/www.rukajarvensuunnanhistoriayhdistys.fi\/historiayhdistys\/wp-json\/wp\/v2\/posts\/12589\/revisions\/12595"}],"wp:attachment":[{"href":"https:\/\/www.rukajarvensuunnanhistoriayhdistys.fi\/historiayhdistys\/wp-json\/wp\/v2\/media?parent=12589"}],"wp:term":[{"taxonomy":"category","embeddable":true,"href":"https:\/\/www.rukajarvensuunnanhistoriayhdistys.fi\/historiayhdistys\/wp-json\/wp\/v2\/categories?post=12589"},{"taxonomy":"post_tag","embeddable":true,"href":"https:\/\/www.rukajarvensuunnanhistoriayhdistys.fi\/historiayhdistys\/wp-json\/wp\/v2\/tags?post=12589"}],"curies":[{"name":"wp","href":"https:\/\/api.w.org\/{rel}","templated":true}]}}