{"id":13191,"date":"2019-05-03T17:06:48","date_gmt":"2019-05-03T14:06:48","guid":{"rendered":"http:\/\/www.rukajarvensuunnanhistoriayhdistys.fi\/historiayhdistys\/?p=13191"},"modified":"2019-05-03T17:38:46","modified_gmt":"2019-05-03T14:38:46","slug":"polttopuiden-tekotalkoot-jukolan-motin-pirtilla-siirtyy-viikolla","status":"publish","type":"post","link":"https:\/\/www.rukajarvensuunnanhistoriayhdistys.fi\/historiayhdistys\/polttopuiden-tekotalkoot-jukolan-motin-pirtilla-siirtyy-viikolla\/","title":{"rendered":"POLTTOPUIDEN TEKOTALKOOT JUKOLAN MOTIN -PIRTILL\u00c4 SIIRTYY VIIKOLLA la. 11.5.2019"},"content":{"rendered":"<div class=\"fcbkbttn_buttons_block\" id=\"fcbkbttn_left\"><div class=\"fcbkbttn_like \"><fb:like href=\"https:\/\/www.rukajarvensuunnanhistoriayhdistys.fi\/historiayhdistys\/polttopuiden-tekotalkoot-jukolan-motin-pirtilla-siirtyy-viikolla\/\" action=\"like\" colorscheme=\"light\" layout=\"button_count\"  size=\"small\"><\/fb:like><\/div><\/div>\n<p>J\u00e4rjest\u00e4mme yleiset POLTTOPUIDEN TEKOTALKOOT Lieksassa Rukaj\u00e4rven tiell\u00e4 JUKOLAN MOTIN -PIRTILL\u00c4 siityv\u00e4t rankan lumisateen vuoksi. Uusi aika La 11.05 2019 klo 9.00 alkaen.<\/p>\n\n\n\n<p>Os. Kivivaarantie, 81970 Jongunjoki (Kuhmontielt\u00e4 6,3 km)<\/p>\n\n\n\n<p>Mukaan moottorisahoja ja kirveit\u00e4 sek\u00e4 ty\u00f6haluiset rukkaset. <\/p>\n\n\n\n<p>Kahvia ja makkaraa on tarjolla.<\/p>\n\n\n\n<p>J\u00e4rjest\u00e4\u00e4: Jongunjoen Kyl\u00e4seura ry ja Rukaj\u00e4rven suunnan historiayhdistys\nry<\/p>\n\n\n\n<p>Tervetuloa!<\/p>\n\n\n\n<figure class=\"wp-block-image\"><img loading=\"lazy\" decoding=\"async\" width=\"1024\" height=\"683\" src=\"http:\/\/www.rukajarvensuunnanhistoriayhdistys.fi\/historiayhdistys\/wp-content\/uploads\/2018\/03\/A-1-Jukolan-Motti-pirtti-Liimatta_VL90688-2-1024x683.jpg\" alt=\"\" class=\"wp-image-12266\" srcset=\"https:\/\/www.rukajarvensuunnanhistoriayhdistys.fi\/historiayhdistys\/wp-content\/uploads\/2018\/03\/A-1-Jukolan-Motti-pirtti-Liimatta_VL90688-2-1024x683.jpg 1024w, https:\/\/www.rukajarvensuunnanhistoriayhdistys.fi\/historiayhdistys\/wp-content\/uploads\/2018\/03\/A-1-Jukolan-Motti-pirtti-Liimatta_VL90688-2-300x200.jpg 300w, https:\/\/www.rukajarvensuunnanhistoriayhdistys.fi\/historiayhdistys\/wp-content\/uploads\/2018\/03\/A-1-Jukolan-Motti-pirtti-Liimatta_VL90688-2-768x512.jpg 768w\" sizes=\"auto, (max-width: 1024px) 100vw, 1024px\" \/><figcaption>Jukolan Motti -pirtti 21.3.2018, kuva Tenho Liimatta.<\/figcaption><\/figure>\n\n\n\n<p>(TJT)<\/p>\n","protected":false},"excerpt":{"rendered":"<p>J\u00e4rjest\u00e4mme yleiset POLTTOPUIDEN TEKOTALKOOT Lieksassa Rukaj\u00e4rven tiell\u00e4 JUKOLAN MOTIN -PIRTILL\u00c4 siityv\u00e4t rankan lumisateen vuoksi. Uusi aika La 11.05 2019 klo 9.00 alkaen. Os. Kivivaarantie, 81970 Jongunjoki (Kuhmontielt\u00e4 6,3 km) Mukaan <a class=\"more-link\" href=\"https:\/\/www.rukajarvensuunnanhistoriayhdistys.fi\/historiayhdistys\/polttopuiden-tekotalkoot-jukolan-motin-pirtilla-siirtyy-viikolla\/\">Teksti jatkuu&#8230;<span class=\"screen-reader-text\">POLTTOPUIDEN TEKOTALKOOT JUKOLAN MOTIN -PIRTILL\u00c4 SIIRTYY VIIKOLLA la. 11.5.2019<\/span><span class=\"meta-nav\">\u2192<\/span><\/a><\/p>\n","protected":false},"author":3,"featured_media":0,"comment_status":"closed","ping_status":"open","sticky":false,"template":"","format":"standard","meta":{"footnotes":""},"categories":[22,17],"tags":[],"class_list":["post-13191","post","type-post","status-publish","format-standard","hentry","category-ajankohtaista","category-toiminta"],"yoast_head":"<!-- This site is optimized with the Yoast SEO plugin v27.4 - https:\/\/yoast.com\/product\/yoast-seo-wordpress\/ -->\n<title>POLTTOPUIDEN TEKOTALKOOT JUKOLAN MOTIN -PIRTILL\u00c4 SIIRTYY VIIKOLLA la. 11.5.2019 - Rukaj\u00e4rven suunnan historiayhdistys<\/title>\n<meta name=\"robots\" content=\"index, follow, max-snippet:-1, max-image-preview:large, max-video-preview:-1\" \/>\n<link rel=\"canonical\" href=\"https:\/\/www.rukajarvensuunnanhistoriayhdistys.fi\/historiayhdistys\/polttopuiden-tekotalkoot-jukolan-motin-pirtilla-siirtyy-viikolla\/\" \/>\n<meta property=\"og:locale\" content=\"fi_FI\" \/>\n<meta property=\"og:type\" content=\"article\" \/>\n<meta property=\"og:title\" content=\"POLTTOPUIDEN TEKOTALKOOT JUKOLAN MOTIN -PIRTILL\u00c4 SIIRTYY VIIKOLLA la. 11.5.2019 - Rukaj\u00e4rven suunnan historiayhdistys\" \/>\n<meta property=\"og:description\" content=\"J\u00e4rjest\u00e4mme yleiset POLTTOPUIDEN TEKOTALKOOT Lieksassa Rukaj\u00e4rven tiell\u00e4 JUKOLAN MOTIN -PIRTILL\u00c4 siityv\u00e4t rankan lumisateen vuoksi. Uusi aika La 11.05 2019 klo 9.00 alkaen. Os. Kivivaarantie, 81970 Jongunjoki (Kuhmontielt\u00e4 6,3 km) Mukaan Teksti jatkuu...POLTTOPUIDEN TEKOTALKOOT JUKOLAN MOTIN -PIRTILL\u00c4 SIIRTYY VIIKOLLA la. 11.5.2019\u2192\" \/>\n<meta property=\"og:url\" content=\"https:\/\/www.rukajarvensuunnanhistoriayhdistys.fi\/historiayhdistys\/polttopuiden-tekotalkoot-jukolan-motin-pirtilla-siirtyy-viikolla\/\" \/>\n<meta property=\"og:site_name\" content=\"Rukaj\u00e4rven suunnan historiayhdistys\" \/>\n<meta property=\"article:published_time\" content=\"2019-05-03T14:06:48+00:00\" \/>\n<meta property=\"article:modified_time\" content=\"2019-05-03T14:38:46+00:00\" \/>\n<meta property=\"og:image\" content=\"http:\/\/www.rukajarvensuunnanhistoriayhdistys.fi\/historiayhdistys\/wp-content\/uploads\/2018\/03\/A-1-Jukolan-Motti-pirtti-Liimatta_VL90688-2-1024x683.jpg\" \/>\n<meta name=\"author\" content=\"RSHY\" \/>\n<meta name=\"twitter:label1\" content=\"Kirjoittanut\" \/>\n\t<meta name=\"twitter:data1\" content=\"RSHY\" \/>\n<script type=\"application\/ld+json\" class=\"yoast-schema-graph\">{\"@context\":\"https:\\\/\\\/schema.org\",\"@graph\":[{\"@type\":\"Article\",\"@id\":\"https:\\\/\\\/www.rukajarvensuunnanhistoriayhdistys.fi\\\/historiayhdistys\\\/polttopuiden-tekotalkoot-jukolan-motin-pirtilla-siirtyy-viikolla\\\/#article\",\"isPartOf\":{\"@id\":\"https:\\\/\\\/www.rukajarvensuunnanhistoriayhdistys.fi\\\/historiayhdistys\\\/polttopuiden-tekotalkoot-jukolan-motin-pirtilla-siirtyy-viikolla\\\/\"},\"author\":{\"name\":\"RSHY\",\"@id\":\"http:\\\/\\\/www.rukajarvensuunnanhistoriayhdistys.fi\\\/historiayhdistys\\\/#\\\/schema\\\/person\\\/19de7db68bf72dfd2b5d7f6dfbf8454d\"},\"headline\":\"POLTTOPUIDEN TEKOTALKOOT JUKOLAN MOTIN -PIRTILL\u00c4 SIIRTYY VIIKOLLA la. 11.5.2019\",\"datePublished\":\"2019-05-03T14:06:48+00:00\",\"dateModified\":\"2019-05-03T14:38:46+00:00\",\"mainEntityOfPage\":{\"@id\":\"https:\\\/\\\/www.rukajarvensuunnanhistoriayhdistys.fi\\\/historiayhdistys\\\/polttopuiden-tekotalkoot-jukolan-motin-pirtilla-siirtyy-viikolla\\\/\"},\"wordCount\":69,\"publisher\":{\"@id\":\"http:\\\/\\\/www.rukajarvensuunnanhistoriayhdistys.fi\\\/historiayhdistys\\\/#organization\"},\"image\":{\"@id\":\"https:\\\/\\\/www.rukajarvensuunnanhistoriayhdistys.fi\\\/historiayhdistys\\\/polttopuiden-tekotalkoot-jukolan-motin-pirtilla-siirtyy-viikolla\\\/#primaryimage\"},\"thumbnailUrl\":\"http:\\\/\\\/www.rukajarvensuunnanhistoriayhdistys.fi\\\/historiayhdistys\\\/wp-content\\\/uploads\\\/2018\\\/03\\\/A-1-Jukolan-Motti-pirtti-Liimatta_VL90688-2-1024x683.jpg\",\"articleSection\":[\"Ajankohtaista\",\"Toiminta\"],\"inLanguage\":\"fi\"},{\"@type\":\"WebPage\",\"@id\":\"https:\\\/\\\/www.rukajarvensuunnanhistoriayhdistys.fi\\\/historiayhdistys\\\/polttopuiden-tekotalkoot-jukolan-motin-pirtilla-siirtyy-viikolla\\\/\",\"url\":\"https:\\\/\\\/www.rukajarvensuunnanhistoriayhdistys.fi\\\/historiayhdistys\\\/polttopuiden-tekotalkoot-jukolan-motin-pirtilla-siirtyy-viikolla\\\/\",\"name\":\"POLTTOPUIDEN TEKOTALKOOT JUKOLAN MOTIN -PIRTILL\u00c4 SIIRTYY VIIKOLLA la. 11.5.2019 - Rukaj\u00e4rven suunnan historiayhdistys\",\"isPartOf\":{\"@id\":\"http:\\\/\\\/www.rukajarvensuunnanhistoriayhdistys.fi\\\/historiayhdistys\\\/#website\"},\"primaryImageOfPage\":{\"@id\":\"https:\\\/\\\/www.rukajarvensuunnanhistoriayhdistys.fi\\\/historiayhdistys\\\/polttopuiden-tekotalkoot-jukolan-motin-pirtilla-siirtyy-viikolla\\\/#primaryimage\"},\"image\":{\"@id\":\"https:\\\/\\\/www.rukajarvensuunnanhistoriayhdistys.fi\\\/historiayhdistys\\\/polttopuiden-tekotalkoot-jukolan-motin-pirtilla-siirtyy-viikolla\\\/#primaryimage\"},\"thumbnailUrl\":\"http:\\\/\\\/www.rukajarvensuunnanhistoriayhdistys.fi\\\/historiayhdistys\\\/wp-content\\\/uploads\\\/2018\\\/03\\\/A-1-Jukolan-Motti-pirtti-Liimatta_VL90688-2-1024x683.jpg\",\"datePublished\":\"2019-05-03T14:06:48+00:00\",\"dateModified\":\"2019-05-03T14:38:46+00:00\",\"breadcrumb\":{\"@id\":\"https:\\\/\\\/www.rukajarvensuunnanhistoriayhdistys.fi\\\/historiayhdistys\\\/polttopuiden-tekotalkoot-jukolan-motin-pirtilla-siirtyy-viikolla\\\/#breadcrumb\"},\"inLanguage\":\"fi\",\"potentialAction\":[{\"@type\":\"ReadAction\",\"target\":[\"https:\\\/\\\/www.rukajarvensuunnanhistoriayhdistys.fi\\\/historiayhdistys\\\/polttopuiden-tekotalkoot-jukolan-motin-pirtilla-siirtyy-viikolla\\\/\"]}]},{\"@type\":\"ImageObject\",\"inLanguage\":\"fi\",\"@id\":\"https:\\\/\\\/www.rukajarvensuunnanhistoriayhdistys.fi\\\/historiayhdistys\\\/polttopuiden-tekotalkoot-jukolan-motin-pirtilla-siirtyy-viikolla\\\/#primaryimage\",\"url\":\"https:\\\/\\\/www.rukajarvensuunnanhistoriayhdistys.fi\\\/historiayhdistys\\\/wp-content\\\/uploads\\\/2018\\\/03\\\/A-1-Jukolan-Motti-pirtti-Liimatta_VL90688-2.jpg\",\"contentUrl\":\"https:\\\/\\\/www.rukajarvensuunnanhistoriayhdistys.fi\\\/historiayhdistys\\\/wp-content\\\/uploads\\\/2018\\\/03\\\/A-1-Jukolan-Motti-pirtti-Liimatta_VL90688-2.jpg\",\"width\":3840,\"height\":2560,\"caption\":\"Jukolan Motti -pirtti 21.3.2018, kuva Tenho Liimatta.\"},{\"@type\":\"BreadcrumbList\",\"@id\":\"https:\\\/\\\/www.rukajarvensuunnanhistoriayhdistys.fi\\\/historiayhdistys\\\/polttopuiden-tekotalkoot-jukolan-motin-pirtilla-siirtyy-viikolla\\\/#breadcrumb\",\"itemListElement\":[{\"@type\":\"ListItem\",\"position\":1,\"name\":\"Etusivu\",\"item\":\"http:\\\/\\\/www.rukajarvensuunnanhistoriayhdistys.fi\\\/historiayhdistys\\\/\"},{\"@type\":\"ListItem\",\"position\":2,\"name\":\"POLTTOPUIDEN TEKOTALKOOT JUKOLAN MOTIN -PIRTILL\u00c4 SIIRTYY VIIKOLLA la. 11.5.2019\"}]},{\"@type\":\"WebSite\",\"@id\":\"http:\\\/\\\/www.rukajarvensuunnanhistoriayhdistys.fi\\\/historiayhdistys\\\/#website\",\"url\":\"http:\\\/\\\/www.rukajarvensuunnanhistoriayhdistys.fi\\\/historiayhdistys\\\/\",\"name\":\"Rukaj\u00e4rven suunnan historiayhdistys\",\"description\":\"Rukaj\u00e4rven suunnan historiayhdistyksen verkkosivut.\",\"publisher\":{\"@id\":\"http:\\\/\\\/www.rukajarvensuunnanhistoriayhdistys.fi\\\/historiayhdistys\\\/#organization\"},\"potentialAction\":[{\"@type\":\"SearchAction\",\"target\":{\"@type\":\"EntryPoint\",\"urlTemplate\":\"http:\\\/\\\/www.rukajarvensuunnanhistoriayhdistys.fi\\\/historiayhdistys\\\/?s={search_term_string}\"},\"query-input\":{\"@type\":\"PropertyValueSpecification\",\"valueRequired\":true,\"valueName\":\"search_term_string\"}}],\"inLanguage\":\"fi\"},{\"@type\":\"Organization\",\"@id\":\"http:\\\/\\\/www.rukajarvensuunnanhistoriayhdistys.fi\\\/historiayhdistys\\\/#organization\",\"name\":\"Rukaj\u00e4rven suunnan historiayhdistys\",\"url\":\"http:\\\/\\\/www.rukajarvensuunnanhistoriayhdistys.fi\\\/historiayhdistys\\\/\",\"logo\":{\"@type\":\"ImageObject\",\"inLanguage\":\"fi\",\"@id\":\"http:\\\/\\\/www.rukajarvensuunnanhistoriayhdistys.fi\\\/historiayhdistys\\\/#\\\/schema\\\/logo\\\/image\\\/\",\"url\":\"https:\\\/\\\/www.rukajarvensuunnanhistoriayhdistys.fi\\\/historiayhdistys\\\/wp-content\\\/uploads\\\/2013\\\/12\\\/Otsake_3.jpg\",\"contentUrl\":\"https:\\\/\\\/www.rukajarvensuunnanhistoriayhdistys.fi\\\/historiayhdistys\\\/wp-content\\\/uploads\\\/2013\\\/12\\\/Otsake_3.jpg\",\"width\":1000,\"height\":442,\"caption\":\"Rukaj\u00e4rven suunnan historiayhdistys\"},\"image\":{\"@id\":\"http:\\\/\\\/www.rukajarvensuunnanhistoriayhdistys.fi\\\/historiayhdistys\\\/#\\\/schema\\\/logo\\\/image\\\/\"}},{\"@type\":\"Person\",\"@id\":\"http:\\\/\\\/www.rukajarvensuunnanhistoriayhdistys.fi\\\/historiayhdistys\\\/#\\\/schema\\\/person\\\/19de7db68bf72dfd2b5d7f6dfbf8454d\",\"name\":\"RSHY\",\"image\":{\"@type\":\"ImageObject\",\"inLanguage\":\"fi\",\"@id\":\"https:\\\/\\\/secure.gravatar.com\\\/avatar\\\/598d59263a69cc8de65fcb4f9db78d6f58c098cb0e0ba22d73377441af9fa04c?s=96&d=blank&r=g\",\"url\":\"https:\\\/\\\/secure.gravatar.com\\\/avatar\\\/598d59263a69cc8de65fcb4f9db78d6f58c098cb0e0ba22d73377441af9fa04c?s=96&d=blank&r=g\",\"contentUrl\":\"https:\\\/\\\/secure.gravatar.com\\\/avatar\\\/598d59263a69cc8de65fcb4f9db78d6f58c098cb0e0ba22d73377441af9fa04c?s=96&d=blank&r=g\",\"caption\":\"RSHY\"},\"url\":\"https:\\\/\\\/www.rukajarvensuunnanhistoriayhdistys.fi\\\/historiayhdistys\\\/author\\\/rshy\\\/\"}]}<\/script>\n<!-- \/ Yoast SEO plugin. -->","yoast_head_json":{"title":"POLTTOPUIDEN TEKOTALKOOT JUKOLAN MOTIN -PIRTILL\u00c4 SIIRTYY VIIKOLLA la. 11.5.2019 - Rukaj\u00e4rven suunnan historiayhdistys","robots":{"index":"index","follow":"follow","max-snippet":"max-snippet:-1","max-image-preview":"max-image-preview:large","max-video-preview":"max-video-preview:-1"},"canonical":"https:\/\/www.rukajarvensuunnanhistoriayhdistys.fi\/historiayhdistys\/polttopuiden-tekotalkoot-jukolan-motin-pirtilla-siirtyy-viikolla\/","og_locale":"fi_FI","og_type":"article","og_title":"POLTTOPUIDEN TEKOTALKOOT JUKOLAN MOTIN -PIRTILL\u00c4 SIIRTYY VIIKOLLA la. 11.5.2019 - Rukaj\u00e4rven suunnan historiayhdistys","og_description":"J\u00e4rjest\u00e4mme yleiset POLTTOPUIDEN TEKOTALKOOT Lieksassa Rukaj\u00e4rven tiell\u00e4 JUKOLAN MOTIN -PIRTILL\u00c4 siityv\u00e4t rankan lumisateen vuoksi. Uusi aika La 11.05 2019 klo 9.00 alkaen. Os. Kivivaarantie, 81970 Jongunjoki (Kuhmontielt\u00e4 6,3 km) Mukaan Teksti jatkuu...POLTTOPUIDEN TEKOTALKOOT JUKOLAN MOTIN -PIRTILL\u00c4 SIIRTYY VIIKOLLA la. 11.5.2019\u2192","og_url":"https:\/\/www.rukajarvensuunnanhistoriayhdistys.fi\/historiayhdistys\/polttopuiden-tekotalkoot-jukolan-motin-pirtilla-siirtyy-viikolla\/","og_site_name":"Rukaj\u00e4rven suunnan historiayhdistys","article_published_time":"2019-05-03T14:06:48+00:00","article_modified_time":"2019-05-03T14:38:46+00:00","og_image":[{"url":"http:\/\/www.rukajarvensuunnanhistoriayhdistys.fi\/historiayhdistys\/wp-content\/uploads\/2018\/03\/A-1-Jukolan-Motti-pirtti-Liimatta_VL90688-2-1024x683.jpg","type":"","width":"","height":""}],"author":"RSHY","twitter_misc":{"Kirjoittanut":"RSHY"},"schema":{"@context":"https:\/\/schema.org","@graph":[{"@type":"Article","@id":"https:\/\/www.rukajarvensuunnanhistoriayhdistys.fi\/historiayhdistys\/polttopuiden-tekotalkoot-jukolan-motin-pirtilla-siirtyy-viikolla\/#article","isPartOf":{"@id":"https:\/\/www.rukajarvensuunnanhistoriayhdistys.fi\/historiayhdistys\/polttopuiden-tekotalkoot-jukolan-motin-pirtilla-siirtyy-viikolla\/"},"author":{"name":"RSHY","@id":"http:\/\/www.rukajarvensuunnanhistoriayhdistys.fi\/historiayhdistys\/#\/schema\/person\/19de7db68bf72dfd2b5d7f6dfbf8454d"},"headline":"POLTTOPUIDEN TEKOTALKOOT JUKOLAN MOTIN -PIRTILL\u00c4 SIIRTYY VIIKOLLA la. 11.5.2019","datePublished":"2019-05-03T14:06:48+00:00","dateModified":"2019-05-03T14:38:46+00:00","mainEntityOfPage":{"@id":"https:\/\/www.rukajarvensuunnanhistoriayhdistys.fi\/historiayhdistys\/polttopuiden-tekotalkoot-jukolan-motin-pirtilla-siirtyy-viikolla\/"},"wordCount":69,"publisher":{"@id":"http:\/\/www.rukajarvensuunnanhistoriayhdistys.fi\/historiayhdistys\/#organization"},"image":{"@id":"https:\/\/www.rukajarvensuunnanhistoriayhdistys.fi\/historiayhdistys\/polttopuiden-tekotalkoot-jukolan-motin-pirtilla-siirtyy-viikolla\/#primaryimage"},"thumbnailUrl":"http:\/\/www.rukajarvensuunnanhistoriayhdistys.fi\/historiayhdistys\/wp-content\/uploads\/2018\/03\/A-1-Jukolan-Motti-pirtti-Liimatta_VL90688-2-1024x683.jpg","articleSection":["Ajankohtaista","Toiminta"],"inLanguage":"fi"},{"@type":"WebPage","@id":"https:\/\/www.rukajarvensuunnanhistoriayhdistys.fi\/historiayhdistys\/polttopuiden-tekotalkoot-jukolan-motin-pirtilla-siirtyy-viikolla\/","url":"https:\/\/www.rukajarvensuunnanhistoriayhdistys.fi\/historiayhdistys\/polttopuiden-tekotalkoot-jukolan-motin-pirtilla-siirtyy-viikolla\/","name":"POLTTOPUIDEN TEKOTALKOOT JUKOLAN MOTIN -PIRTILL\u00c4 SIIRTYY VIIKOLLA la. 11.5.2019 - Rukaj\u00e4rven suunnan historiayhdistys","isPartOf":{"@id":"http:\/\/www.rukajarvensuunnanhistoriayhdistys.fi\/historiayhdistys\/#website"},"primaryImageOfPage":{"@id":"https:\/\/www.rukajarvensuunnanhistoriayhdistys.fi\/historiayhdistys\/polttopuiden-tekotalkoot-jukolan-motin-pirtilla-siirtyy-viikolla\/#primaryimage"},"image":{"@id":"https:\/\/www.rukajarvensuunnanhistoriayhdistys.fi\/historiayhdistys\/polttopuiden-tekotalkoot-jukolan-motin-pirtilla-siirtyy-viikolla\/#primaryimage"},"thumbnailUrl":"http:\/\/www.rukajarvensuunnanhistoriayhdistys.fi\/historiayhdistys\/wp-content\/uploads\/2018\/03\/A-1-Jukolan-Motti-pirtti-Liimatta_VL90688-2-1024x683.jpg","datePublished":"2019-05-03T14:06:48+00:00","dateModified":"2019-05-03T14:38:46+00:00","breadcrumb":{"@id":"https:\/\/www.rukajarvensuunnanhistoriayhdistys.fi\/historiayhdistys\/polttopuiden-tekotalkoot-jukolan-motin-pirtilla-siirtyy-viikolla\/#breadcrumb"},"inLanguage":"fi","potentialAction":[{"@type":"ReadAction","target":["https:\/\/www.rukajarvensuunnanhistoriayhdistys.fi\/historiayhdistys\/polttopuiden-tekotalkoot-jukolan-motin-pirtilla-siirtyy-viikolla\/"]}]},{"@type":"ImageObject","inLanguage":"fi","@id":"https:\/\/www.rukajarvensuunnanhistoriayhdistys.fi\/historiayhdistys\/polttopuiden-tekotalkoot-jukolan-motin-pirtilla-siirtyy-viikolla\/#primaryimage","url":"https:\/\/www.rukajarvensuunnanhistoriayhdistys.fi\/historiayhdistys\/wp-content\/uploads\/2018\/03\/A-1-Jukolan-Motti-pirtti-Liimatta_VL90688-2.jpg","contentUrl":"https:\/\/www.rukajarvensuunnanhistoriayhdistys.fi\/historiayhdistys\/wp-content\/uploads\/2018\/03\/A-1-Jukolan-Motti-pirtti-Liimatta_VL90688-2.jpg","width":3840,"height":2560,"caption":"Jukolan Motti -pirtti 21.3.2018, kuva Tenho Liimatta."},{"@type":"BreadcrumbList","@id":"https:\/\/www.rukajarvensuunnanhistoriayhdistys.fi\/historiayhdistys\/polttopuiden-tekotalkoot-jukolan-motin-pirtilla-siirtyy-viikolla\/#breadcrumb","itemListElement":[{"@type":"ListItem","position":1,"name":"Etusivu","item":"http:\/\/www.rukajarvensuunnanhistoriayhdistys.fi\/historiayhdistys\/"},{"@type":"ListItem","position":2,"name":"POLTTOPUIDEN TEKOTALKOOT JUKOLAN MOTIN -PIRTILL\u00c4 SIIRTYY VIIKOLLA la. 11.5.2019"}]},{"@type":"WebSite","@id":"http:\/\/www.rukajarvensuunnanhistoriayhdistys.fi\/historiayhdistys\/#website","url":"http:\/\/www.rukajarvensuunnanhistoriayhdistys.fi\/historiayhdistys\/","name":"Rukaj\u00e4rven suunnan historiayhdistys","description":"Rukaj\u00e4rven suunnan historiayhdistyksen verkkosivut.","publisher":{"@id":"http:\/\/www.rukajarvensuunnanhistoriayhdistys.fi\/historiayhdistys\/#organization"},"potentialAction":[{"@type":"SearchAction","target":{"@type":"EntryPoint","urlTemplate":"http:\/\/www.rukajarvensuunnanhistoriayhdistys.fi\/historiayhdistys\/?s={search_term_string}"},"query-input":{"@type":"PropertyValueSpecification","valueRequired":true,"valueName":"search_term_string"}}],"inLanguage":"fi"},{"@type":"Organization","@id":"http:\/\/www.rukajarvensuunnanhistoriayhdistys.fi\/historiayhdistys\/#organization","name":"Rukaj\u00e4rven suunnan historiayhdistys","url":"http:\/\/www.rukajarvensuunnanhistoriayhdistys.fi\/historiayhdistys\/","logo":{"@type":"ImageObject","inLanguage":"fi","@id":"http:\/\/www.rukajarvensuunnanhistoriayhdistys.fi\/historiayhdistys\/#\/schema\/logo\/image\/","url":"https:\/\/www.rukajarvensuunnanhistoriayhdistys.fi\/historiayhdistys\/wp-content\/uploads\/2013\/12\/Otsake_3.jpg","contentUrl":"https:\/\/www.rukajarvensuunnanhistoriayhdistys.fi\/historiayhdistys\/wp-content\/uploads\/2013\/12\/Otsake_3.jpg","width":1000,"height":442,"caption":"Rukaj\u00e4rven suunnan historiayhdistys"},"image":{"@id":"http:\/\/www.rukajarvensuunnanhistoriayhdistys.fi\/historiayhdistys\/#\/schema\/logo\/image\/"}},{"@type":"Person","@id":"http:\/\/www.rukajarvensuunnanhistoriayhdistys.fi\/historiayhdistys\/#\/schema\/person\/19de7db68bf72dfd2b5d7f6dfbf8454d","name":"RSHY","image":{"@type":"ImageObject","inLanguage":"fi","@id":"https:\/\/secure.gravatar.com\/avatar\/598d59263a69cc8de65fcb4f9db78d6f58c098cb0e0ba22d73377441af9fa04c?s=96&d=blank&r=g","url":"https:\/\/secure.gravatar.com\/avatar\/598d59263a69cc8de65fcb4f9db78d6f58c098cb0e0ba22d73377441af9fa04c?s=96&d=blank&r=g","contentUrl":"https:\/\/secure.gravatar.com\/avatar\/598d59263a69cc8de65fcb4f9db78d6f58c098cb0e0ba22d73377441af9fa04c?s=96&d=blank&r=g","caption":"RSHY"},"url":"https:\/\/www.rukajarvensuunnanhistoriayhdistys.fi\/historiayhdistys\/author\/rshy\/"}]}},"_links":{"self":[{"href":"https:\/\/www.rukajarvensuunnanhistoriayhdistys.fi\/historiayhdistys\/wp-json\/wp\/v2\/posts\/13191","targetHints":{"allow":["GET"]}}],"collection":[{"href":"https:\/\/www.rukajarvensuunnanhistoriayhdistys.fi\/historiayhdistys\/wp-json\/wp\/v2\/posts"}],"about":[{"href":"https:\/\/www.rukajarvensuunnanhistoriayhdistys.fi\/historiayhdistys\/wp-json\/wp\/v2\/types\/post"}],"author":[{"embeddable":true,"href":"https:\/\/www.rukajarvensuunnanhistoriayhdistys.fi\/historiayhdistys\/wp-json\/wp\/v2\/users\/3"}],"replies":[{"embeddable":true,"href":"https:\/\/www.rukajarvensuunnanhistoriayhdistys.fi\/historiayhdistys\/wp-json\/wp\/v2\/comments?post=13191"}],"version-history":[{"count":2,"href":"https:\/\/www.rukajarvensuunnanhistoriayhdistys.fi\/historiayhdistys\/wp-json\/wp\/v2\/posts\/13191\/revisions"}],"predecessor-version":[{"id":13197,"href":"https:\/\/www.rukajarvensuunnanhistoriayhdistys.fi\/historiayhdistys\/wp-json\/wp\/v2\/posts\/13191\/revisions\/13197"}],"wp:attachment":[{"href":"https:\/\/www.rukajarvensuunnanhistoriayhdistys.fi\/historiayhdistys\/wp-json\/wp\/v2\/media?parent=13191"}],"wp:term":[{"taxonomy":"category","embeddable":true,"href":"https:\/\/www.rukajarvensuunnanhistoriayhdistys.fi\/historiayhdistys\/wp-json\/wp\/v2\/categories?post=13191"},{"taxonomy":"post_tag","embeddable":true,"href":"https:\/\/www.rukajarvensuunnanhistoriayhdistys.fi\/historiayhdistys\/wp-json\/wp\/v2\/tags?post=13191"}],"curies":[{"name":"wp","href":"https:\/\/api.w.org\/{rel}","templated":true}]}}