{"id":13199,"date":"2019-05-14T00:45:49","date_gmt":"2019-05-13T21:45:49","guid":{"rendered":"http:\/\/www.rukajarvensuunnanhistoriayhdistys.fi\/historiayhdistys\/?p=13199"},"modified":"2019-05-14T00:47:24","modified_gmt":"2019-05-13T21:47:24","slug":"veteraanit-tapasivat-muurmannin-partioretken-merkeissa","status":"publish","type":"post","link":"https:\/\/www.rukajarvensuunnanhistoriayhdistys.fi\/historiayhdistys\/veteraanit-tapasivat-muurmannin-partioretken-merkeissa\/","title":{"rendered":"Veteraanit tapasivat Muurmannin partioretken merkeiss\u00e4"},"content":{"rendered":"<div class=\"fcbkbttn_buttons_block\" id=\"fcbkbttn_left\"><div class=\"fcbkbttn_like \"><fb:like href=\"https:\/\/www.rukajarvensuunnanhistoriayhdistys.fi\/historiayhdistys\/veteraanit-tapasivat-muurmannin-partioretken-merkeissa\/\" action=\"like\" colorscheme=\"light\" layout=\"button_count\"  size=\"small\"><\/fb:like><\/div><\/div>\n<p>Muurmannin radan partioretkest\u00e4 on valmistumassa arvokas n. 150-sivuinen teos &#8221;Katkaiskaa Muurmannin rata&#8221;. Kirjan kustantaa Gummerus ja sit\u00e4 on saatavissa kirjakaupoista syksyll\u00e4 2019.<\/p>\n\n\n\n<figure class=\"wp-block-image\"><img loading=\"lazy\" decoding=\"async\" width=\"686\" height=\"1024\" src=\"http:\/\/www.rukajarvensuunnanhistoriayhdistys.fi\/historiayhdistys\/wp-content\/uploads\/2019\/05\/Katkaiskaa_Muurmannin_rata15175-2-686x1024.jpg\" alt=\"\" class=\"wp-image-13200\" srcset=\"https:\/\/www.rukajarvensuunnanhistoriayhdistys.fi\/historiayhdistys\/wp-content\/uploads\/2019\/05\/Katkaiskaa_Muurmannin_rata15175-2-686x1024.jpg 686w, https:\/\/www.rukajarvensuunnanhistoriayhdistys.fi\/historiayhdistys\/wp-content\/uploads\/2019\/05\/Katkaiskaa_Muurmannin_rata15175-2-201x300.jpg 201w, https:\/\/www.rukajarvensuunnanhistoriayhdistys.fi\/historiayhdistys\/wp-content\/uploads\/2019\/05\/Katkaiskaa_Muurmannin_rata15175-2-768x1146.jpg 768w, https:\/\/www.rukajarvensuunnanhistoriayhdistys.fi\/historiayhdistys\/wp-content\/uploads\/2019\/05\/Katkaiskaa_Muurmannin_rata15175-2.jpg 1787w\" sizes=\"auto, (max-width: 686px) 100vw, 686px\" \/><\/figure>\n\n\n\n<p>Sen on kirjoittanut tietokirjailija Simo Liikanen ja Raine\nNarva. Kirja perustuu Raine Narvan is\u00e4n tk-upseeri Toivo V. Narvan Muurmannin\npartioretkelt\u00e4 tekemiin aitoihin muistiinpanoihin ja retkelt\u00e4 ottamiin\nvalokuviin. <\/p>\n\n\n\n<p>Raine Narva on koonnut is\u00e4ns\u00e4 em. muistiinpanoista\nesitelm\u00e4n, jonka on voinut n\u00e4hd\u00e4 eripuolella maatamme pitk\u00e4lti yli 4000\nkuulijaa. Esitelm\u00e4 on yksi suosituimmista maamme sotahistoriaa k\u00e4sittelevist\u00e4\nesitelmist\u00e4. Raine Narva on onnistunut esitelm\u00e4\u00e4 kootessaan luomaan erinomaisen\naidon tunnelman is\u00e4ns\u00e4 tuoreeltaan heti retken j\u00e4lkeen tekemist\u00e4\nmuistiinpanoista. Lis\u00e4ksi h\u00e4n k\u00e4ytt\u00e4\u00e4 <\/p>\n\n\n\n<p>Kirjailija halusi tavata ennen kirjan julkaisemista Muurmannin partioretkelle osallistuvia veteraaneja. Tilaisuus j\u00e4rjestettiin Espoossa 10.5.2019 Tenho Tikkasen kotona. Muurmannin partioretken veteraaneista tilaisuuteen osallistui Ilmari Koppinen ja Tauno Tikkanen sek\u00e4 Mauno Turunen, joka JR 10:n l\u00e4\u00e4kint\u00e4miehen\u00e4 hoiti partioretkelt\u00e4 palaavien paleltumia. Tilaisuuteen osallistui my\u00f6s Rukaj\u00e4rven veteraani Aulis Lintunen.<\/p>\n\n\n\n<figure class=\"wp-block-image\"><img loading=\"lazy\" decoding=\"async\" width=\"1024\" height=\"681\" src=\"http:\/\/www.rukajarvensuunnanhistoriayhdistys.fi\/historiayhdistys\/wp-content\/uploads\/2019\/05\/DSC07352-Purokuja-1024x681.jpg\" alt=\"\" class=\"wp-image-13201\" srcset=\"https:\/\/www.rukajarvensuunnanhistoriayhdistys.fi\/historiayhdistys\/wp-content\/uploads\/2019\/05\/DSC07352-Purokuja-1024x681.jpg 1024w, https:\/\/www.rukajarvensuunnanhistoriayhdistys.fi\/historiayhdistys\/wp-content\/uploads\/2019\/05\/DSC07352-Purokuja-300x200.jpg 300w, https:\/\/www.rukajarvensuunnanhistoriayhdistys.fi\/historiayhdistys\/wp-content\/uploads\/2019\/05\/DSC07352-Purokuja-768x511.jpg 768w\" sizes=\"auto, (max-width: 1024px) 100vw, 1024px\" \/><figcaption> T\u00e4lt\u00e4 porukalta eiv\u00e4t tarinat lopu, kun he p\u00e4\u00e4sev\u00e4t saman p\u00f6yd\u00e4n \u00e4\u00e4relle, vain heikko kuulo hiukan kiusaa keskustelua.  Vasemmalta Tauno Tikkanen, Ilmari Koppinen, Raine Narva,  Simo Liikanen ja Aulis Lintunen.<\/figcaption><\/figure>\n\n\n\n<figure class=\"wp-block-image\"><img loading=\"lazy\" decoding=\"async\" width=\"1024\" height=\"681\" src=\"http:\/\/www.rukajarvensuunnanhistoriayhdistys.fi\/historiayhdistys\/wp-content\/uploads\/2019\/05\/DSC07359-Purokuja-1024x681.jpg\" alt=\"\" class=\"wp-image-13203\" srcset=\"https:\/\/www.rukajarvensuunnanhistoriayhdistys.fi\/historiayhdistys\/wp-content\/uploads\/2019\/05\/DSC07359-Purokuja-1024x681.jpg 1024w, https:\/\/www.rukajarvensuunnanhistoriayhdistys.fi\/historiayhdistys\/wp-content\/uploads\/2019\/05\/DSC07359-Purokuja-300x200.jpg 300w, https:\/\/www.rukajarvensuunnanhistoriayhdistys.fi\/historiayhdistys\/wp-content\/uploads\/2019\/05\/DSC07359-Purokuja-768x511.jpg 768w\" sizes=\"auto, (max-width: 1024px) 100vw, 1024px\" \/><figcaption>Kirjan kirjoittajat Raine Narva, Simo Liikanen ja veteraani Maunu Turunen.<\/figcaption><\/figure>\n\n\n\n<figure class=\"wp-block-image\"><img loading=\"lazy\" decoding=\"async\" width=\"1024\" height=\"681\" src=\"http:\/\/www.rukajarvensuunnanhistoriayhdistys.fi\/historiayhdistys\/wp-content\/uploads\/2019\/05\/DSC07366-Purokuja-1024x681.jpg\" alt=\"\" class=\"wp-image-13204\" srcset=\"https:\/\/www.rukajarvensuunnanhistoriayhdistys.fi\/historiayhdistys\/wp-content\/uploads\/2019\/05\/DSC07366-Purokuja-1024x681.jpg 1024w, https:\/\/www.rukajarvensuunnanhistoriayhdistys.fi\/historiayhdistys\/wp-content\/uploads\/2019\/05\/DSC07366-Purokuja-300x200.jpg 300w, https:\/\/www.rukajarvensuunnanhistoriayhdistys.fi\/historiayhdistys\/wp-content\/uploads\/2019\/05\/DSC07366-Purokuja-768x511.jpg 768w\" sizes=\"auto, (max-width: 1024px) 100vw, 1024px\" \/><figcaption>P\u00f6yd\u00e4n takana veteraanit Mauno Turunen, Aulis Lintunen, Ilmari Koppinen ja Tauno Tikkanen.<\/figcaption><\/figure>\n\n\n\n<p>Muurmannin partioretki on miesvahvuudeltaan Jatkosodan suurin. Sille osallistui 1924 miest\u00e4 ja 268 hevosta. Toivo V. Narva kirjoitti heti retken j\u00e4lkeen selvityksen mik\u00e4 toimitettiin v\u00e4litt\u00f6m\u00e4sti ylip\u00e4\u00e4llik\u00f6lle. <\/p>\n\n\n\n<p>Kirjan tarkempaan esittelyyn voi tutustua <strong><a href=\"https:\/\/www.gummerus.fi\/fi\/kirja\/9789512415175\/katkaiskaa-muurmannin-rata\/\">T\u00c4\u00c4LT\u00c4<\/a><\/strong>: (TJT).<\/p>\n","protected":false},"excerpt":{"rendered":"<p>Muurmannin radan partioretkest\u00e4 on valmistumassa arvokas n. 150-sivuinen teos &#8221;Katkaiskaa Muurmannin rata&#8221;. Kirjan kustantaa Gummerus ja sit\u00e4 on saatavissa kirjakaupoista syksyll\u00e4 2019. Sen on kirjoittanut tietokirjailija Simo Liikanen ja Raine <a class=\"more-link\" href=\"https:\/\/www.rukajarvensuunnanhistoriayhdistys.fi\/historiayhdistys\/veteraanit-tapasivat-muurmannin-partioretken-merkeissa\/\">Teksti jatkuu&#8230;<span class=\"screen-reader-text\">Veteraanit tapasivat Muurmannin partioretken merkeiss\u00e4<\/span><span class=\"meta-nav\">\u2192<\/span><\/a><\/p>\n","protected":false},"author":3,"featured_media":0,"comment_status":"closed","ping_status":"open","sticky":false,"template":"","format":"standard","meta":{"footnotes":""},"categories":[22,17,1],"tags":[],"class_list":["post-13199","post","type-post","status-publish","format-standard","hentry","category-ajankohtaista","category-toiminta","category-yleinen"],"yoast_head":"<!-- This site is optimized with the Yoast SEO plugin v27.4 - https:\/\/yoast.com\/product\/yoast-seo-wordpress\/ -->\n<title>Veteraanit tapasivat Muurmannin partioretken merkeiss\u00e4 - Rukaj\u00e4rven suunnan historiayhdistys<\/title>\n<meta name=\"robots\" content=\"index, follow, max-snippet:-1, max-image-preview:large, max-video-preview:-1\" \/>\n<link rel=\"canonical\" href=\"https:\/\/www.rukajarvensuunnanhistoriayhdistys.fi\/historiayhdistys\/veteraanit-tapasivat-muurmannin-partioretken-merkeissa\/\" \/>\n<meta property=\"og:locale\" content=\"fi_FI\" \/>\n<meta property=\"og:type\" content=\"article\" \/>\n<meta property=\"og:title\" content=\"Veteraanit tapasivat Muurmannin partioretken merkeiss\u00e4 - Rukaj\u00e4rven suunnan historiayhdistys\" \/>\n<meta property=\"og:description\" content=\"Muurmannin radan partioretkest\u00e4 on valmistumassa arvokas n. 150-sivuinen teos &#8221;Katkaiskaa Muurmannin rata&#8221;. Kirjan kustantaa Gummerus ja sit\u00e4 on saatavissa kirjakaupoista syksyll\u00e4 2019. Sen on kirjoittanut tietokirjailija Simo Liikanen ja Raine Teksti jatkuu...Veteraanit tapasivat Muurmannin partioretken merkeiss\u00e4\u2192\" \/>\n<meta property=\"og:url\" content=\"https:\/\/www.rukajarvensuunnanhistoriayhdistys.fi\/historiayhdistys\/veteraanit-tapasivat-muurmannin-partioretken-merkeissa\/\" \/>\n<meta property=\"og:site_name\" content=\"Rukaj\u00e4rven suunnan historiayhdistys\" \/>\n<meta property=\"article:published_time\" content=\"2019-05-13T21:45:49+00:00\" \/>\n<meta property=\"article:modified_time\" content=\"2019-05-13T21:47:24+00:00\" \/>\n<meta property=\"og:image\" content=\"http:\/\/www.rukajarvensuunnanhistoriayhdistys.fi\/historiayhdistys\/wp-content\/uploads\/2019\/05\/Katkaiskaa_Muurmannin_rata15175-2-686x1024.jpg\" \/>\n<meta name=\"author\" content=\"RSHY\" \/>\n<meta name=\"twitter:label1\" content=\"Kirjoittanut\" \/>\n\t<meta name=\"twitter:data1\" content=\"RSHY\" \/>\n\t<meta name=\"twitter:label2\" content=\"Arvioitu lukuaika\" \/>\n\t<meta name=\"twitter:data2\" content=\"1 minuutti\" \/>\n<script type=\"application\/ld+json\" class=\"yoast-schema-graph\">{\"@context\":\"https:\\\/\\\/schema.org\",\"@graph\":[{\"@type\":\"Article\",\"@id\":\"https:\\\/\\\/www.rukajarvensuunnanhistoriayhdistys.fi\\\/historiayhdistys\\\/veteraanit-tapasivat-muurmannin-partioretken-merkeissa\\\/#article\",\"isPartOf\":{\"@id\":\"https:\\\/\\\/www.rukajarvensuunnanhistoriayhdistys.fi\\\/historiayhdistys\\\/veteraanit-tapasivat-muurmannin-partioretken-merkeissa\\\/\"},\"author\":{\"name\":\"RSHY\",\"@id\":\"http:\\\/\\\/www.rukajarvensuunnanhistoriayhdistys.fi\\\/historiayhdistys\\\/#\\\/schema\\\/person\\\/19de7db68bf72dfd2b5d7f6dfbf8454d\"},\"headline\":\"Veteraanit tapasivat Muurmannin partioretken merkeiss\u00e4\",\"datePublished\":\"2019-05-13T21:45:49+00:00\",\"dateModified\":\"2019-05-13T21:47:24+00:00\",\"mainEntityOfPage\":{\"@id\":\"https:\\\/\\\/www.rukajarvensuunnanhistoriayhdistys.fi\\\/historiayhdistys\\\/veteraanit-tapasivat-muurmannin-partioretken-merkeissa\\\/\"},\"wordCount\":254,\"publisher\":{\"@id\":\"http:\\\/\\\/www.rukajarvensuunnanhistoriayhdistys.fi\\\/historiayhdistys\\\/#organization\"},\"image\":{\"@id\":\"https:\\\/\\\/www.rukajarvensuunnanhistoriayhdistys.fi\\\/historiayhdistys\\\/veteraanit-tapasivat-muurmannin-partioretken-merkeissa\\\/#primaryimage\"},\"thumbnailUrl\":\"http:\\\/\\\/www.rukajarvensuunnanhistoriayhdistys.fi\\\/historiayhdistys\\\/wp-content\\\/uploads\\\/2019\\\/05\\\/Katkaiskaa_Muurmannin_rata15175-2-686x1024.jpg\",\"articleSection\":[\"Ajankohtaista\",\"Toiminta\"],\"inLanguage\":\"fi\"},{\"@type\":\"WebPage\",\"@id\":\"https:\\\/\\\/www.rukajarvensuunnanhistoriayhdistys.fi\\\/historiayhdistys\\\/veteraanit-tapasivat-muurmannin-partioretken-merkeissa\\\/\",\"url\":\"https:\\\/\\\/www.rukajarvensuunnanhistoriayhdistys.fi\\\/historiayhdistys\\\/veteraanit-tapasivat-muurmannin-partioretken-merkeissa\\\/\",\"name\":\"Veteraanit tapasivat Muurmannin partioretken merkeiss\u00e4 - Rukaj\u00e4rven suunnan historiayhdistys\",\"isPartOf\":{\"@id\":\"http:\\\/\\\/www.rukajarvensuunnanhistoriayhdistys.fi\\\/historiayhdistys\\\/#website\"},\"primaryImageOfPage\":{\"@id\":\"https:\\\/\\\/www.rukajarvensuunnanhistoriayhdistys.fi\\\/historiayhdistys\\\/veteraanit-tapasivat-muurmannin-partioretken-merkeissa\\\/#primaryimage\"},\"image\":{\"@id\":\"https:\\\/\\\/www.rukajarvensuunnanhistoriayhdistys.fi\\\/historiayhdistys\\\/veteraanit-tapasivat-muurmannin-partioretken-merkeissa\\\/#primaryimage\"},\"thumbnailUrl\":\"http:\\\/\\\/www.rukajarvensuunnanhistoriayhdistys.fi\\\/historiayhdistys\\\/wp-content\\\/uploads\\\/2019\\\/05\\\/Katkaiskaa_Muurmannin_rata15175-2-686x1024.jpg\",\"datePublished\":\"2019-05-13T21:45:49+00:00\",\"dateModified\":\"2019-05-13T21:47:24+00:00\",\"breadcrumb\":{\"@id\":\"https:\\\/\\\/www.rukajarvensuunnanhistoriayhdistys.fi\\\/historiayhdistys\\\/veteraanit-tapasivat-muurmannin-partioretken-merkeissa\\\/#breadcrumb\"},\"inLanguage\":\"fi\",\"potentialAction\":[{\"@type\":\"ReadAction\",\"target\":[\"https:\\\/\\\/www.rukajarvensuunnanhistoriayhdistys.fi\\\/historiayhdistys\\\/veteraanit-tapasivat-muurmannin-partioretken-merkeissa\\\/\"]}]},{\"@type\":\"ImageObject\",\"inLanguage\":\"fi\",\"@id\":\"https:\\\/\\\/www.rukajarvensuunnanhistoriayhdistys.fi\\\/historiayhdistys\\\/veteraanit-tapasivat-muurmannin-partioretken-merkeissa\\\/#primaryimage\",\"url\":\"https:\\\/\\\/www.rukajarvensuunnanhistoriayhdistys.fi\\\/historiayhdistys\\\/wp-content\\\/uploads\\\/2019\\\/05\\\/Katkaiskaa_Muurmannin_rata15175-2.jpg\",\"contentUrl\":\"https:\\\/\\\/www.rukajarvensuunnanhistoriayhdistys.fi\\\/historiayhdistys\\\/wp-content\\\/uploads\\\/2019\\\/05\\\/Katkaiskaa_Muurmannin_rata15175-2.jpg\",\"width\":1787,\"height\":2667},{\"@type\":\"BreadcrumbList\",\"@id\":\"https:\\\/\\\/www.rukajarvensuunnanhistoriayhdistys.fi\\\/historiayhdistys\\\/veteraanit-tapasivat-muurmannin-partioretken-merkeissa\\\/#breadcrumb\",\"itemListElement\":[{\"@type\":\"ListItem\",\"position\":1,\"name\":\"Etusivu\",\"item\":\"http:\\\/\\\/www.rukajarvensuunnanhistoriayhdistys.fi\\\/historiayhdistys\\\/\"},{\"@type\":\"ListItem\",\"position\":2,\"name\":\"Veteraanit tapasivat Muurmannin partioretken merkeiss\u00e4\"}]},{\"@type\":\"WebSite\",\"@id\":\"http:\\\/\\\/www.rukajarvensuunnanhistoriayhdistys.fi\\\/historiayhdistys\\\/#website\",\"url\":\"http:\\\/\\\/www.rukajarvensuunnanhistoriayhdistys.fi\\\/historiayhdistys\\\/\",\"name\":\"Rukaj\u00e4rven suunnan historiayhdistys\",\"description\":\"Rukaj\u00e4rven suunnan historiayhdistyksen verkkosivut.\",\"publisher\":{\"@id\":\"http:\\\/\\\/www.rukajarvensuunnanhistoriayhdistys.fi\\\/historiayhdistys\\\/#organization\"},\"potentialAction\":[{\"@type\":\"SearchAction\",\"target\":{\"@type\":\"EntryPoint\",\"urlTemplate\":\"http:\\\/\\\/www.rukajarvensuunnanhistoriayhdistys.fi\\\/historiayhdistys\\\/?s={search_term_string}\"},\"query-input\":{\"@type\":\"PropertyValueSpecification\",\"valueRequired\":true,\"valueName\":\"search_term_string\"}}],\"inLanguage\":\"fi\"},{\"@type\":\"Organization\",\"@id\":\"http:\\\/\\\/www.rukajarvensuunnanhistoriayhdistys.fi\\\/historiayhdistys\\\/#organization\",\"name\":\"Rukaj\u00e4rven suunnan historiayhdistys\",\"url\":\"http:\\\/\\\/www.rukajarvensuunnanhistoriayhdistys.fi\\\/historiayhdistys\\\/\",\"logo\":{\"@type\":\"ImageObject\",\"inLanguage\":\"fi\",\"@id\":\"http:\\\/\\\/www.rukajarvensuunnanhistoriayhdistys.fi\\\/historiayhdistys\\\/#\\\/schema\\\/logo\\\/image\\\/\",\"url\":\"https:\\\/\\\/www.rukajarvensuunnanhistoriayhdistys.fi\\\/historiayhdistys\\\/wp-content\\\/uploads\\\/2013\\\/12\\\/Otsake_3.jpg\",\"contentUrl\":\"https:\\\/\\\/www.rukajarvensuunnanhistoriayhdistys.fi\\\/historiayhdistys\\\/wp-content\\\/uploads\\\/2013\\\/12\\\/Otsake_3.jpg\",\"width\":1000,\"height\":442,\"caption\":\"Rukaj\u00e4rven suunnan historiayhdistys\"},\"image\":{\"@id\":\"http:\\\/\\\/www.rukajarvensuunnanhistoriayhdistys.fi\\\/historiayhdistys\\\/#\\\/schema\\\/logo\\\/image\\\/\"}},{\"@type\":\"Person\",\"@id\":\"http:\\\/\\\/www.rukajarvensuunnanhistoriayhdistys.fi\\\/historiayhdistys\\\/#\\\/schema\\\/person\\\/19de7db68bf72dfd2b5d7f6dfbf8454d\",\"name\":\"RSHY\",\"image\":{\"@type\":\"ImageObject\",\"inLanguage\":\"fi\",\"@id\":\"https:\\\/\\\/secure.gravatar.com\\\/avatar\\\/598d59263a69cc8de65fcb4f9db78d6f58c098cb0e0ba22d73377441af9fa04c?s=96&d=blank&r=g\",\"url\":\"https:\\\/\\\/secure.gravatar.com\\\/avatar\\\/598d59263a69cc8de65fcb4f9db78d6f58c098cb0e0ba22d73377441af9fa04c?s=96&d=blank&r=g\",\"contentUrl\":\"https:\\\/\\\/secure.gravatar.com\\\/avatar\\\/598d59263a69cc8de65fcb4f9db78d6f58c098cb0e0ba22d73377441af9fa04c?s=96&d=blank&r=g\",\"caption\":\"RSHY\"},\"url\":\"https:\\\/\\\/www.rukajarvensuunnanhistoriayhdistys.fi\\\/historiayhdistys\\\/author\\\/rshy\\\/\"}]}<\/script>\n<!-- \/ Yoast SEO plugin. -->","yoast_head_json":{"title":"Veteraanit tapasivat Muurmannin partioretken merkeiss\u00e4 - Rukaj\u00e4rven suunnan historiayhdistys","robots":{"index":"index","follow":"follow","max-snippet":"max-snippet:-1","max-image-preview":"max-image-preview:large","max-video-preview":"max-video-preview:-1"},"canonical":"https:\/\/www.rukajarvensuunnanhistoriayhdistys.fi\/historiayhdistys\/veteraanit-tapasivat-muurmannin-partioretken-merkeissa\/","og_locale":"fi_FI","og_type":"article","og_title":"Veteraanit tapasivat Muurmannin partioretken merkeiss\u00e4 - Rukaj\u00e4rven suunnan historiayhdistys","og_description":"Muurmannin radan partioretkest\u00e4 on valmistumassa arvokas n. 150-sivuinen teos &#8221;Katkaiskaa Muurmannin rata&#8221;. Kirjan kustantaa Gummerus ja sit\u00e4 on saatavissa kirjakaupoista syksyll\u00e4 2019. Sen on kirjoittanut tietokirjailija Simo Liikanen ja Raine Teksti jatkuu...Veteraanit tapasivat Muurmannin partioretken merkeiss\u00e4\u2192","og_url":"https:\/\/www.rukajarvensuunnanhistoriayhdistys.fi\/historiayhdistys\/veteraanit-tapasivat-muurmannin-partioretken-merkeissa\/","og_site_name":"Rukaj\u00e4rven suunnan historiayhdistys","article_published_time":"2019-05-13T21:45:49+00:00","article_modified_time":"2019-05-13T21:47:24+00:00","og_image":[{"url":"http:\/\/www.rukajarvensuunnanhistoriayhdistys.fi\/historiayhdistys\/wp-content\/uploads\/2019\/05\/Katkaiskaa_Muurmannin_rata15175-2-686x1024.jpg","type":"","width":"","height":""}],"author":"RSHY","twitter_misc":{"Kirjoittanut":"RSHY","Arvioitu lukuaika":"1 minuutti"},"schema":{"@context":"https:\/\/schema.org","@graph":[{"@type":"Article","@id":"https:\/\/www.rukajarvensuunnanhistoriayhdistys.fi\/historiayhdistys\/veteraanit-tapasivat-muurmannin-partioretken-merkeissa\/#article","isPartOf":{"@id":"https:\/\/www.rukajarvensuunnanhistoriayhdistys.fi\/historiayhdistys\/veteraanit-tapasivat-muurmannin-partioretken-merkeissa\/"},"author":{"name":"RSHY","@id":"http:\/\/www.rukajarvensuunnanhistoriayhdistys.fi\/historiayhdistys\/#\/schema\/person\/19de7db68bf72dfd2b5d7f6dfbf8454d"},"headline":"Veteraanit tapasivat Muurmannin partioretken merkeiss\u00e4","datePublished":"2019-05-13T21:45:49+00:00","dateModified":"2019-05-13T21:47:24+00:00","mainEntityOfPage":{"@id":"https:\/\/www.rukajarvensuunnanhistoriayhdistys.fi\/historiayhdistys\/veteraanit-tapasivat-muurmannin-partioretken-merkeissa\/"},"wordCount":254,"publisher":{"@id":"http:\/\/www.rukajarvensuunnanhistoriayhdistys.fi\/historiayhdistys\/#organization"},"image":{"@id":"https:\/\/www.rukajarvensuunnanhistoriayhdistys.fi\/historiayhdistys\/veteraanit-tapasivat-muurmannin-partioretken-merkeissa\/#primaryimage"},"thumbnailUrl":"http:\/\/www.rukajarvensuunnanhistoriayhdistys.fi\/historiayhdistys\/wp-content\/uploads\/2019\/05\/Katkaiskaa_Muurmannin_rata15175-2-686x1024.jpg","articleSection":["Ajankohtaista","Toiminta"],"inLanguage":"fi"},{"@type":"WebPage","@id":"https:\/\/www.rukajarvensuunnanhistoriayhdistys.fi\/historiayhdistys\/veteraanit-tapasivat-muurmannin-partioretken-merkeissa\/","url":"https:\/\/www.rukajarvensuunnanhistoriayhdistys.fi\/historiayhdistys\/veteraanit-tapasivat-muurmannin-partioretken-merkeissa\/","name":"Veteraanit tapasivat Muurmannin partioretken merkeiss\u00e4 - Rukaj\u00e4rven suunnan historiayhdistys","isPartOf":{"@id":"http:\/\/www.rukajarvensuunnanhistoriayhdistys.fi\/historiayhdistys\/#website"},"primaryImageOfPage":{"@id":"https:\/\/www.rukajarvensuunnanhistoriayhdistys.fi\/historiayhdistys\/veteraanit-tapasivat-muurmannin-partioretken-merkeissa\/#primaryimage"},"image":{"@id":"https:\/\/www.rukajarvensuunnanhistoriayhdistys.fi\/historiayhdistys\/veteraanit-tapasivat-muurmannin-partioretken-merkeissa\/#primaryimage"},"thumbnailUrl":"http:\/\/www.rukajarvensuunnanhistoriayhdistys.fi\/historiayhdistys\/wp-content\/uploads\/2019\/05\/Katkaiskaa_Muurmannin_rata15175-2-686x1024.jpg","datePublished":"2019-05-13T21:45:49+00:00","dateModified":"2019-05-13T21:47:24+00:00","breadcrumb":{"@id":"https:\/\/www.rukajarvensuunnanhistoriayhdistys.fi\/historiayhdistys\/veteraanit-tapasivat-muurmannin-partioretken-merkeissa\/#breadcrumb"},"inLanguage":"fi","potentialAction":[{"@type":"ReadAction","target":["https:\/\/www.rukajarvensuunnanhistoriayhdistys.fi\/historiayhdistys\/veteraanit-tapasivat-muurmannin-partioretken-merkeissa\/"]}]},{"@type":"ImageObject","inLanguage":"fi","@id":"https:\/\/www.rukajarvensuunnanhistoriayhdistys.fi\/historiayhdistys\/veteraanit-tapasivat-muurmannin-partioretken-merkeissa\/#primaryimage","url":"https:\/\/www.rukajarvensuunnanhistoriayhdistys.fi\/historiayhdistys\/wp-content\/uploads\/2019\/05\/Katkaiskaa_Muurmannin_rata15175-2.jpg","contentUrl":"https:\/\/www.rukajarvensuunnanhistoriayhdistys.fi\/historiayhdistys\/wp-content\/uploads\/2019\/05\/Katkaiskaa_Muurmannin_rata15175-2.jpg","width":1787,"height":2667},{"@type":"BreadcrumbList","@id":"https:\/\/www.rukajarvensuunnanhistoriayhdistys.fi\/historiayhdistys\/veteraanit-tapasivat-muurmannin-partioretken-merkeissa\/#breadcrumb","itemListElement":[{"@type":"ListItem","position":1,"name":"Etusivu","item":"http:\/\/www.rukajarvensuunnanhistoriayhdistys.fi\/historiayhdistys\/"},{"@type":"ListItem","position":2,"name":"Veteraanit tapasivat Muurmannin partioretken merkeiss\u00e4"}]},{"@type":"WebSite","@id":"http:\/\/www.rukajarvensuunnanhistoriayhdistys.fi\/historiayhdistys\/#website","url":"http:\/\/www.rukajarvensuunnanhistoriayhdistys.fi\/historiayhdistys\/","name":"Rukaj\u00e4rven suunnan historiayhdistys","description":"Rukaj\u00e4rven suunnan historiayhdistyksen verkkosivut.","publisher":{"@id":"http:\/\/www.rukajarvensuunnanhistoriayhdistys.fi\/historiayhdistys\/#organization"},"potentialAction":[{"@type":"SearchAction","target":{"@type":"EntryPoint","urlTemplate":"http:\/\/www.rukajarvensuunnanhistoriayhdistys.fi\/historiayhdistys\/?s={search_term_string}"},"query-input":{"@type":"PropertyValueSpecification","valueRequired":true,"valueName":"search_term_string"}}],"inLanguage":"fi"},{"@type":"Organization","@id":"http:\/\/www.rukajarvensuunnanhistoriayhdistys.fi\/historiayhdistys\/#organization","name":"Rukaj\u00e4rven suunnan historiayhdistys","url":"http:\/\/www.rukajarvensuunnanhistoriayhdistys.fi\/historiayhdistys\/","logo":{"@type":"ImageObject","inLanguage":"fi","@id":"http:\/\/www.rukajarvensuunnanhistoriayhdistys.fi\/historiayhdistys\/#\/schema\/logo\/image\/","url":"https:\/\/www.rukajarvensuunnanhistoriayhdistys.fi\/historiayhdistys\/wp-content\/uploads\/2013\/12\/Otsake_3.jpg","contentUrl":"https:\/\/www.rukajarvensuunnanhistoriayhdistys.fi\/historiayhdistys\/wp-content\/uploads\/2013\/12\/Otsake_3.jpg","width":1000,"height":442,"caption":"Rukaj\u00e4rven suunnan historiayhdistys"},"image":{"@id":"http:\/\/www.rukajarvensuunnanhistoriayhdistys.fi\/historiayhdistys\/#\/schema\/logo\/image\/"}},{"@type":"Person","@id":"http:\/\/www.rukajarvensuunnanhistoriayhdistys.fi\/historiayhdistys\/#\/schema\/person\/19de7db68bf72dfd2b5d7f6dfbf8454d","name":"RSHY","image":{"@type":"ImageObject","inLanguage":"fi","@id":"https:\/\/secure.gravatar.com\/avatar\/598d59263a69cc8de65fcb4f9db78d6f58c098cb0e0ba22d73377441af9fa04c?s=96&d=blank&r=g","url":"https:\/\/secure.gravatar.com\/avatar\/598d59263a69cc8de65fcb4f9db78d6f58c098cb0e0ba22d73377441af9fa04c?s=96&d=blank&r=g","contentUrl":"https:\/\/secure.gravatar.com\/avatar\/598d59263a69cc8de65fcb4f9db78d6f58c098cb0e0ba22d73377441af9fa04c?s=96&d=blank&r=g","caption":"RSHY"},"url":"https:\/\/www.rukajarvensuunnanhistoriayhdistys.fi\/historiayhdistys\/author\/rshy\/"}]}},"_links":{"self":[{"href":"https:\/\/www.rukajarvensuunnanhistoriayhdistys.fi\/historiayhdistys\/wp-json\/wp\/v2\/posts\/13199","targetHints":{"allow":["GET"]}}],"collection":[{"href":"https:\/\/www.rukajarvensuunnanhistoriayhdistys.fi\/historiayhdistys\/wp-json\/wp\/v2\/posts"}],"about":[{"href":"https:\/\/www.rukajarvensuunnanhistoriayhdistys.fi\/historiayhdistys\/wp-json\/wp\/v2\/types\/post"}],"author":[{"embeddable":true,"href":"https:\/\/www.rukajarvensuunnanhistoriayhdistys.fi\/historiayhdistys\/wp-json\/wp\/v2\/users\/3"}],"replies":[{"embeddable":true,"href":"https:\/\/www.rukajarvensuunnanhistoriayhdistys.fi\/historiayhdistys\/wp-json\/wp\/v2\/comments?post=13199"}],"version-history":[{"count":1,"href":"https:\/\/www.rukajarvensuunnanhistoriayhdistys.fi\/historiayhdistys\/wp-json\/wp\/v2\/posts\/13199\/revisions"}],"predecessor-version":[{"id":13206,"href":"https:\/\/www.rukajarvensuunnanhistoriayhdistys.fi\/historiayhdistys\/wp-json\/wp\/v2\/posts\/13199\/revisions\/13206"}],"wp:attachment":[{"href":"https:\/\/www.rukajarvensuunnanhistoriayhdistys.fi\/historiayhdistys\/wp-json\/wp\/v2\/media?parent=13199"}],"wp:term":[{"taxonomy":"category","embeddable":true,"href":"https:\/\/www.rukajarvensuunnanhistoriayhdistys.fi\/historiayhdistys\/wp-json\/wp\/v2\/categories?post=13199"},{"taxonomy":"post_tag","embeddable":true,"href":"https:\/\/www.rukajarvensuunnanhistoriayhdistys.fi\/historiayhdistys\/wp-json\/wp\/v2\/tags?post=13199"}],"curies":[{"name":"wp","href":"https:\/\/api.w.org\/{rel}","templated":true}]}}