{"id":13283,"date":"2019-08-14T11:00:34","date_gmt":"2019-08-14T08:00:34","guid":{"rendered":"http:\/\/www.rukajarvensuunnanhistoriayhdistys.fi\/historiayhdistys\/?p=13283"},"modified":"2019-08-14T11:01:43","modified_gmt":"2019-08-14T08:01:43","slug":"jatkosodan-paattymisesta-tulee-kuluneeksi-75-vuotta-juhla-lieksassa-4-9-2019","status":"publish","type":"post","link":"https:\/\/www.rukajarvensuunnanhistoriayhdistys.fi\/historiayhdistys\/jatkosodan-paattymisesta-tulee-kuluneeksi-75-vuotta-juhla-lieksassa-4-9-2019\/","title":{"rendered":"Jatkosodan p\u00e4\u00e4ttymisest\u00e4 tulee kuluneeksi 75 vuotta juhla, Lieksassa 4.9.2019"},"content":{"rendered":"<div class=\"fcbkbttn_buttons_block\" id=\"fcbkbttn_left\"><div class=\"fcbkbttn_like \"><fb:like href=\"https:\/\/www.rukajarvensuunnanhistoriayhdistys.fi\/historiayhdistys\/jatkosodan-paattymisesta-tulee-kuluneeksi-75-vuotta-juhla-lieksassa-4-9-2019\/\" action=\"like\" colorscheme=\"light\" layout=\"button_count\"  size=\"small\"><\/fb:like><\/div><\/div>\n<figure class=\"wp-block-image\"><img loading=\"lazy\" decoding=\"async\" width=\"724\" height=\"1024\" src=\"http:\/\/www.rukajarvensuunnanhistoriayhdistys.fi\/historiayhdistys\/wp-content\/uploads\/2019\/08\/Kansalaisjuhla-75-vuotta-Jatkosodan-p\u00e4\u00e4ttymisest\u00e4-4-9-2019-ohjelman-luonnos-1-724x1024.jpg\" alt=\"\" class=\"wp-image-13287\" srcset=\"https:\/\/www.rukajarvensuunnanhistoriayhdistys.fi\/historiayhdistys\/wp-content\/uploads\/2019\/08\/Kansalaisjuhla-75-vuotta-Jatkosodan-p\u00e4\u00e4ttymisest\u00e4-4-9-2019-ohjelman-luonnos-1-724x1024.jpg 724w, https:\/\/www.rukajarvensuunnanhistoriayhdistys.fi\/historiayhdistys\/wp-content\/uploads\/2019\/08\/Kansalaisjuhla-75-vuotta-Jatkosodan-p\u00e4\u00e4ttymisest\u00e4-4-9-2019-ohjelman-luonnos-1-212x300.jpg 212w, https:\/\/www.rukajarvensuunnanhistoriayhdistys.fi\/historiayhdistys\/wp-content\/uploads\/2019\/08\/Kansalaisjuhla-75-vuotta-Jatkosodan-p\u00e4\u00e4ttymisest\u00e4-4-9-2019-ohjelman-luonnos-1-768x1086.jpg 768w, https:\/\/www.rukajarvensuunnanhistoriayhdistys.fi\/historiayhdistys\/wp-content\/uploads\/2019\/08\/Kansalaisjuhla-75-vuotta-Jatkosodan-p\u00e4\u00e4ttymisest\u00e4-4-9-2019-ohjelman-luonnos-1.jpg 1654w\" sizes=\"auto, (max-width: 724px) 100vw, 724px\" \/><\/figure>\n\n\n\n<p><strong>JUHLAKONSERTTI<\/strong>:<\/p>\n\n\n\n<figure class=\"wp-block-image is-resized\"><img loading=\"lazy\" decoding=\"async\" src=\"http:\/\/www.rukajarvensuunnanhistoriayhdistys.fi\/historiayhdistys\/wp-content\/uploads\/2019\/08\/Evakon-laulu-konsertti-4-9-2019.jpg\" alt=\"\" class=\"wp-image-13285\" width=\"565\" height=\"424\" srcset=\"https:\/\/www.rukajarvensuunnanhistoriayhdistys.fi\/historiayhdistys\/wp-content\/uploads\/2019\/08\/Evakon-laulu-konsertti-4-9-2019.jpg 435w, https:\/\/www.rukajarvensuunnanhistoriayhdistys.fi\/historiayhdistys\/wp-content\/uploads\/2019\/08\/Evakon-laulu-konsertti-4-9-2019-300x225.jpg 300w\" sizes=\"auto, (max-width: 565px) 100vw, 565px\" \/><\/figure>\n\n\n\n<p><strong>RUKAJ\u00c4RVEN TIE ELOKUVA<\/strong><\/p>\n\n\n\n<figure class=\"wp-block-image is-resized\"><img loading=\"lazy\" decoding=\"async\" src=\"http:\/\/www.rukajarvensuunnanhistoriayhdistys.fi\/historiayhdistys\/wp-content\/uploads\/2019\/08\/250px-Rukaj\u00e4rven_tie.jpg\" alt=\"\" class=\"wp-image-13286\" width=\"571\" height=\"832\" srcset=\"https:\/\/www.rukajarvensuunnanhistoriayhdistys.fi\/historiayhdistys\/wp-content\/uploads\/2019\/08\/250px-Rukaj\u00e4rven_tie.jpg 250w, https:\/\/www.rukajarvensuunnanhistoriayhdistys.fi\/historiayhdistys\/wp-content\/uploads\/2019\/08\/250px-Rukaj\u00e4rven_tie-206x300.jpg 206w\" sizes=\"auto, (max-width: 571px) 100vw, 571px\" \/><\/figure>\n","protected":false},"excerpt":{"rendered":"<p>JUHLAKONSERTTI: RUKAJ\u00c4RVEN TIE ELOKUVA<\/p>\n","protected":false},"author":3,"featured_media":0,"comment_status":"closed","ping_status":"open","sticky":false,"template":"","format":"standard","meta":{"footnotes":""},"categories":[22,21,34,17],"tags":[],"class_list":["post-13283","post","type-post","status-publish","format-standard","hentry","category-ajankohtaista","category-rukajarvi-keskus","category-rukajarvi-keskus-lieksa","category-toiminta"],"yoast_head":"<!-- This site is optimized with the Yoast SEO plugin v27.4 - https:\/\/yoast.com\/product\/yoast-seo-wordpress\/ -->\n<title>Jatkosodan p\u00e4\u00e4ttymisest\u00e4 tulee kuluneeksi 75 vuotta juhla, Lieksassa 4.9.2019 - Rukaj\u00e4rven suunnan historiayhdistys<\/title>\n<meta name=\"robots\" content=\"index, follow, max-snippet:-1, max-image-preview:large, max-video-preview:-1\" \/>\n<link rel=\"canonical\" href=\"https:\/\/www.rukajarvensuunnanhistoriayhdistys.fi\/historiayhdistys\/jatkosodan-paattymisesta-tulee-kuluneeksi-75-vuotta-juhla-lieksassa-4-9-2019\/\" \/>\n<meta property=\"og:locale\" content=\"fi_FI\" \/>\n<meta property=\"og:type\" content=\"article\" \/>\n<meta property=\"og:title\" content=\"Jatkosodan p\u00e4\u00e4ttymisest\u00e4 tulee kuluneeksi 75 vuotta juhla, Lieksassa 4.9.2019 - Rukaj\u00e4rven suunnan historiayhdistys\" \/>\n<meta property=\"og:description\" content=\"JUHLAKONSERTTI: RUKAJ\u00c4RVEN TIE ELOKUVA\" \/>\n<meta property=\"og:url\" content=\"https:\/\/www.rukajarvensuunnanhistoriayhdistys.fi\/historiayhdistys\/jatkosodan-paattymisesta-tulee-kuluneeksi-75-vuotta-juhla-lieksassa-4-9-2019\/\" \/>\n<meta property=\"og:site_name\" content=\"Rukaj\u00e4rven suunnan historiayhdistys\" \/>\n<meta property=\"article:published_time\" content=\"2019-08-14T08:00:34+00:00\" \/>\n<meta property=\"article:modified_time\" content=\"2019-08-14T08:01:43+00:00\" \/>\n<meta property=\"og:image\" content=\"http:\/\/www.rukajarvensuunnanhistoriayhdistys.fi\/historiayhdistys\/wp-content\/uploads\/2019\/08\/Evakon-laulu-konsertti-4-9-2019.jpg\" \/>\n<meta name=\"author\" content=\"RSHY\" \/>\n<meta name=\"twitter:label1\" content=\"Kirjoittanut\" \/>\n\t<meta name=\"twitter:data1\" content=\"RSHY\" \/>\n<script type=\"application\/ld+json\" class=\"yoast-schema-graph\">{\"@context\":\"https:\\\/\\\/schema.org\",\"@graph\":[{\"@type\":\"Article\",\"@id\":\"https:\\\/\\\/www.rukajarvensuunnanhistoriayhdistys.fi\\\/historiayhdistys\\\/jatkosodan-paattymisesta-tulee-kuluneeksi-75-vuotta-juhla-lieksassa-4-9-2019\\\/#article\",\"isPartOf\":{\"@id\":\"https:\\\/\\\/www.rukajarvensuunnanhistoriayhdistys.fi\\\/historiayhdistys\\\/jatkosodan-paattymisesta-tulee-kuluneeksi-75-vuotta-juhla-lieksassa-4-9-2019\\\/\"},\"author\":{\"name\":\"RSHY\",\"@id\":\"http:\\\/\\\/www.rukajarvensuunnanhistoriayhdistys.fi\\\/historiayhdistys\\\/#\\\/schema\\\/person\\\/19de7db68bf72dfd2b5d7f6dfbf8454d\"},\"headline\":\"Jatkosodan p\u00e4\u00e4ttymisest\u00e4 tulee kuluneeksi 75 vuotta juhla, Lieksassa 4.9.2019\",\"datePublished\":\"2019-08-14T08:00:34+00:00\",\"dateModified\":\"2019-08-14T08:01:43+00:00\",\"mainEntityOfPage\":{\"@id\":\"https:\\\/\\\/www.rukajarvensuunnanhistoriayhdistys.fi\\\/historiayhdistys\\\/jatkosodan-paattymisesta-tulee-kuluneeksi-75-vuotta-juhla-lieksassa-4-9-2019\\\/\"},\"wordCount\":13,\"publisher\":{\"@id\":\"http:\\\/\\\/www.rukajarvensuunnanhistoriayhdistys.fi\\\/historiayhdistys\\\/#organization\"},\"image\":{\"@id\":\"https:\\\/\\\/www.rukajarvensuunnanhistoriayhdistys.fi\\\/historiayhdistys\\\/jatkosodan-paattymisesta-tulee-kuluneeksi-75-vuotta-juhla-lieksassa-4-9-2019\\\/#primaryimage\"},\"thumbnailUrl\":\"http:\\\/\\\/www.rukajarvensuunnanhistoriayhdistys.fi\\\/historiayhdistys\\\/wp-content\\\/uploads\\\/2019\\\/08\\\/Evakon-laulu-konsertti-4-9-2019.jpg\",\"articleSection\":[\"Ajankohtaista\",\"Rukaj\u00e4rvi-keskus\",\"Rukaj\u00e4rvi-keskus \u2013 Lieksa\",\"Toiminta\"],\"inLanguage\":\"fi\"},{\"@type\":\"WebPage\",\"@id\":\"https:\\\/\\\/www.rukajarvensuunnanhistoriayhdistys.fi\\\/historiayhdistys\\\/jatkosodan-paattymisesta-tulee-kuluneeksi-75-vuotta-juhla-lieksassa-4-9-2019\\\/\",\"url\":\"https:\\\/\\\/www.rukajarvensuunnanhistoriayhdistys.fi\\\/historiayhdistys\\\/jatkosodan-paattymisesta-tulee-kuluneeksi-75-vuotta-juhla-lieksassa-4-9-2019\\\/\",\"name\":\"Jatkosodan p\u00e4\u00e4ttymisest\u00e4 tulee kuluneeksi 75 vuotta juhla, Lieksassa 4.9.2019 - Rukaj\u00e4rven suunnan historiayhdistys\",\"isPartOf\":{\"@id\":\"http:\\\/\\\/www.rukajarvensuunnanhistoriayhdistys.fi\\\/historiayhdistys\\\/#website\"},\"primaryImageOfPage\":{\"@id\":\"https:\\\/\\\/www.rukajarvensuunnanhistoriayhdistys.fi\\\/historiayhdistys\\\/jatkosodan-paattymisesta-tulee-kuluneeksi-75-vuotta-juhla-lieksassa-4-9-2019\\\/#primaryimage\"},\"image\":{\"@id\":\"https:\\\/\\\/www.rukajarvensuunnanhistoriayhdistys.fi\\\/historiayhdistys\\\/jatkosodan-paattymisesta-tulee-kuluneeksi-75-vuotta-juhla-lieksassa-4-9-2019\\\/#primaryimage\"},\"thumbnailUrl\":\"http:\\\/\\\/www.rukajarvensuunnanhistoriayhdistys.fi\\\/historiayhdistys\\\/wp-content\\\/uploads\\\/2019\\\/08\\\/Evakon-laulu-konsertti-4-9-2019.jpg\",\"datePublished\":\"2019-08-14T08:00:34+00:00\",\"dateModified\":\"2019-08-14T08:01:43+00:00\",\"breadcrumb\":{\"@id\":\"https:\\\/\\\/www.rukajarvensuunnanhistoriayhdistys.fi\\\/historiayhdistys\\\/jatkosodan-paattymisesta-tulee-kuluneeksi-75-vuotta-juhla-lieksassa-4-9-2019\\\/#breadcrumb\"},\"inLanguage\":\"fi\",\"potentialAction\":[{\"@type\":\"ReadAction\",\"target\":[\"https:\\\/\\\/www.rukajarvensuunnanhistoriayhdistys.fi\\\/historiayhdistys\\\/jatkosodan-paattymisesta-tulee-kuluneeksi-75-vuotta-juhla-lieksassa-4-9-2019\\\/\"]}]},{\"@type\":\"ImageObject\",\"inLanguage\":\"fi\",\"@id\":\"https:\\\/\\\/www.rukajarvensuunnanhistoriayhdistys.fi\\\/historiayhdistys\\\/jatkosodan-paattymisesta-tulee-kuluneeksi-75-vuotta-juhla-lieksassa-4-9-2019\\\/#primaryimage\",\"url\":\"https:\\\/\\\/www.rukajarvensuunnanhistoriayhdistys.fi\\\/historiayhdistys\\\/wp-content\\\/uploads\\\/2019\\\/08\\\/Evakon-laulu-konsertti-4-9-2019.jpg\",\"contentUrl\":\"https:\\\/\\\/www.rukajarvensuunnanhistoriayhdistys.fi\\\/historiayhdistys\\\/wp-content\\\/uploads\\\/2019\\\/08\\\/Evakon-laulu-konsertti-4-9-2019.jpg\",\"width\":435,\"height\":326},{\"@type\":\"BreadcrumbList\",\"@id\":\"https:\\\/\\\/www.rukajarvensuunnanhistoriayhdistys.fi\\\/historiayhdistys\\\/jatkosodan-paattymisesta-tulee-kuluneeksi-75-vuotta-juhla-lieksassa-4-9-2019\\\/#breadcrumb\",\"itemListElement\":[{\"@type\":\"ListItem\",\"position\":1,\"name\":\"Etusivu\",\"item\":\"http:\\\/\\\/www.rukajarvensuunnanhistoriayhdistys.fi\\\/historiayhdistys\\\/\"},{\"@type\":\"ListItem\",\"position\":2,\"name\":\"Jatkosodan p\u00e4\u00e4ttymisest\u00e4 tulee kuluneeksi 75 vuotta juhla, Lieksassa 4.9.2019\"}]},{\"@type\":\"WebSite\",\"@id\":\"http:\\\/\\\/www.rukajarvensuunnanhistoriayhdistys.fi\\\/historiayhdistys\\\/#website\",\"url\":\"http:\\\/\\\/www.rukajarvensuunnanhistoriayhdistys.fi\\\/historiayhdistys\\\/\",\"name\":\"Rukaj\u00e4rven suunnan historiayhdistys\",\"description\":\"Rukaj\u00e4rven suunnan historiayhdistyksen verkkosivut.\",\"publisher\":{\"@id\":\"http:\\\/\\\/www.rukajarvensuunnanhistoriayhdistys.fi\\\/historiayhdistys\\\/#organization\"},\"potentialAction\":[{\"@type\":\"SearchAction\",\"target\":{\"@type\":\"EntryPoint\",\"urlTemplate\":\"http:\\\/\\\/www.rukajarvensuunnanhistoriayhdistys.fi\\\/historiayhdistys\\\/?s={search_term_string}\"},\"query-input\":{\"@type\":\"PropertyValueSpecification\",\"valueRequired\":true,\"valueName\":\"search_term_string\"}}],\"inLanguage\":\"fi\"},{\"@type\":\"Organization\",\"@id\":\"http:\\\/\\\/www.rukajarvensuunnanhistoriayhdistys.fi\\\/historiayhdistys\\\/#organization\",\"name\":\"Rukaj\u00e4rven suunnan historiayhdistys\",\"url\":\"http:\\\/\\\/www.rukajarvensuunnanhistoriayhdistys.fi\\\/historiayhdistys\\\/\",\"logo\":{\"@type\":\"ImageObject\",\"inLanguage\":\"fi\",\"@id\":\"http:\\\/\\\/www.rukajarvensuunnanhistoriayhdistys.fi\\\/historiayhdistys\\\/#\\\/schema\\\/logo\\\/image\\\/\",\"url\":\"https:\\\/\\\/www.rukajarvensuunnanhistoriayhdistys.fi\\\/historiayhdistys\\\/wp-content\\\/uploads\\\/2013\\\/12\\\/Otsake_3.jpg\",\"contentUrl\":\"https:\\\/\\\/www.rukajarvensuunnanhistoriayhdistys.fi\\\/historiayhdistys\\\/wp-content\\\/uploads\\\/2013\\\/12\\\/Otsake_3.jpg\",\"width\":1000,\"height\":442,\"caption\":\"Rukaj\u00e4rven suunnan historiayhdistys\"},\"image\":{\"@id\":\"http:\\\/\\\/www.rukajarvensuunnanhistoriayhdistys.fi\\\/historiayhdistys\\\/#\\\/schema\\\/logo\\\/image\\\/\"}},{\"@type\":\"Person\",\"@id\":\"http:\\\/\\\/www.rukajarvensuunnanhistoriayhdistys.fi\\\/historiayhdistys\\\/#\\\/schema\\\/person\\\/19de7db68bf72dfd2b5d7f6dfbf8454d\",\"name\":\"RSHY\",\"image\":{\"@type\":\"ImageObject\",\"inLanguage\":\"fi\",\"@id\":\"https:\\\/\\\/secure.gravatar.com\\\/avatar\\\/598d59263a69cc8de65fcb4f9db78d6f58c098cb0e0ba22d73377441af9fa04c?s=96&d=blank&r=g\",\"url\":\"https:\\\/\\\/secure.gravatar.com\\\/avatar\\\/598d59263a69cc8de65fcb4f9db78d6f58c098cb0e0ba22d73377441af9fa04c?s=96&d=blank&r=g\",\"contentUrl\":\"https:\\\/\\\/secure.gravatar.com\\\/avatar\\\/598d59263a69cc8de65fcb4f9db78d6f58c098cb0e0ba22d73377441af9fa04c?s=96&d=blank&r=g\",\"caption\":\"RSHY\"},\"url\":\"https:\\\/\\\/www.rukajarvensuunnanhistoriayhdistys.fi\\\/historiayhdistys\\\/author\\\/rshy\\\/\"}]}<\/script>\n<!-- \/ Yoast SEO plugin. -->","yoast_head_json":{"title":"Jatkosodan p\u00e4\u00e4ttymisest\u00e4 tulee kuluneeksi 75 vuotta juhla, Lieksassa 4.9.2019 - Rukaj\u00e4rven suunnan historiayhdistys","robots":{"index":"index","follow":"follow","max-snippet":"max-snippet:-1","max-image-preview":"max-image-preview:large","max-video-preview":"max-video-preview:-1"},"canonical":"https:\/\/www.rukajarvensuunnanhistoriayhdistys.fi\/historiayhdistys\/jatkosodan-paattymisesta-tulee-kuluneeksi-75-vuotta-juhla-lieksassa-4-9-2019\/","og_locale":"fi_FI","og_type":"article","og_title":"Jatkosodan p\u00e4\u00e4ttymisest\u00e4 tulee kuluneeksi 75 vuotta juhla, Lieksassa 4.9.2019 - Rukaj\u00e4rven suunnan historiayhdistys","og_description":"JUHLAKONSERTTI: RUKAJ\u00c4RVEN TIE ELOKUVA","og_url":"https:\/\/www.rukajarvensuunnanhistoriayhdistys.fi\/historiayhdistys\/jatkosodan-paattymisesta-tulee-kuluneeksi-75-vuotta-juhla-lieksassa-4-9-2019\/","og_site_name":"Rukaj\u00e4rven suunnan historiayhdistys","article_published_time":"2019-08-14T08:00:34+00:00","article_modified_time":"2019-08-14T08:01:43+00:00","og_image":[{"url":"http:\/\/www.rukajarvensuunnanhistoriayhdistys.fi\/historiayhdistys\/wp-content\/uploads\/2019\/08\/Evakon-laulu-konsertti-4-9-2019.jpg","type":"","width":"","height":""}],"author":"RSHY","twitter_misc":{"Kirjoittanut":"RSHY"},"schema":{"@context":"https:\/\/schema.org","@graph":[{"@type":"Article","@id":"https:\/\/www.rukajarvensuunnanhistoriayhdistys.fi\/historiayhdistys\/jatkosodan-paattymisesta-tulee-kuluneeksi-75-vuotta-juhla-lieksassa-4-9-2019\/#article","isPartOf":{"@id":"https:\/\/www.rukajarvensuunnanhistoriayhdistys.fi\/historiayhdistys\/jatkosodan-paattymisesta-tulee-kuluneeksi-75-vuotta-juhla-lieksassa-4-9-2019\/"},"author":{"name":"RSHY","@id":"http:\/\/www.rukajarvensuunnanhistoriayhdistys.fi\/historiayhdistys\/#\/schema\/person\/19de7db68bf72dfd2b5d7f6dfbf8454d"},"headline":"Jatkosodan p\u00e4\u00e4ttymisest\u00e4 tulee kuluneeksi 75 vuotta juhla, Lieksassa 4.9.2019","datePublished":"2019-08-14T08:00:34+00:00","dateModified":"2019-08-14T08:01:43+00:00","mainEntityOfPage":{"@id":"https:\/\/www.rukajarvensuunnanhistoriayhdistys.fi\/historiayhdistys\/jatkosodan-paattymisesta-tulee-kuluneeksi-75-vuotta-juhla-lieksassa-4-9-2019\/"},"wordCount":13,"publisher":{"@id":"http:\/\/www.rukajarvensuunnanhistoriayhdistys.fi\/historiayhdistys\/#organization"},"image":{"@id":"https:\/\/www.rukajarvensuunnanhistoriayhdistys.fi\/historiayhdistys\/jatkosodan-paattymisesta-tulee-kuluneeksi-75-vuotta-juhla-lieksassa-4-9-2019\/#primaryimage"},"thumbnailUrl":"http:\/\/www.rukajarvensuunnanhistoriayhdistys.fi\/historiayhdistys\/wp-content\/uploads\/2019\/08\/Evakon-laulu-konsertti-4-9-2019.jpg","articleSection":["Ajankohtaista","Rukaj\u00e4rvi-keskus","Rukaj\u00e4rvi-keskus \u2013 Lieksa","Toiminta"],"inLanguage":"fi"},{"@type":"WebPage","@id":"https:\/\/www.rukajarvensuunnanhistoriayhdistys.fi\/historiayhdistys\/jatkosodan-paattymisesta-tulee-kuluneeksi-75-vuotta-juhla-lieksassa-4-9-2019\/","url":"https:\/\/www.rukajarvensuunnanhistoriayhdistys.fi\/historiayhdistys\/jatkosodan-paattymisesta-tulee-kuluneeksi-75-vuotta-juhla-lieksassa-4-9-2019\/","name":"Jatkosodan p\u00e4\u00e4ttymisest\u00e4 tulee kuluneeksi 75 vuotta juhla, Lieksassa 4.9.2019 - Rukaj\u00e4rven suunnan historiayhdistys","isPartOf":{"@id":"http:\/\/www.rukajarvensuunnanhistoriayhdistys.fi\/historiayhdistys\/#website"},"primaryImageOfPage":{"@id":"https:\/\/www.rukajarvensuunnanhistoriayhdistys.fi\/historiayhdistys\/jatkosodan-paattymisesta-tulee-kuluneeksi-75-vuotta-juhla-lieksassa-4-9-2019\/#primaryimage"},"image":{"@id":"https:\/\/www.rukajarvensuunnanhistoriayhdistys.fi\/historiayhdistys\/jatkosodan-paattymisesta-tulee-kuluneeksi-75-vuotta-juhla-lieksassa-4-9-2019\/#primaryimage"},"thumbnailUrl":"http:\/\/www.rukajarvensuunnanhistoriayhdistys.fi\/historiayhdistys\/wp-content\/uploads\/2019\/08\/Evakon-laulu-konsertti-4-9-2019.jpg","datePublished":"2019-08-14T08:00:34+00:00","dateModified":"2019-08-14T08:01:43+00:00","breadcrumb":{"@id":"https:\/\/www.rukajarvensuunnanhistoriayhdistys.fi\/historiayhdistys\/jatkosodan-paattymisesta-tulee-kuluneeksi-75-vuotta-juhla-lieksassa-4-9-2019\/#breadcrumb"},"inLanguage":"fi","potentialAction":[{"@type":"ReadAction","target":["https:\/\/www.rukajarvensuunnanhistoriayhdistys.fi\/historiayhdistys\/jatkosodan-paattymisesta-tulee-kuluneeksi-75-vuotta-juhla-lieksassa-4-9-2019\/"]}]},{"@type":"ImageObject","inLanguage":"fi","@id":"https:\/\/www.rukajarvensuunnanhistoriayhdistys.fi\/historiayhdistys\/jatkosodan-paattymisesta-tulee-kuluneeksi-75-vuotta-juhla-lieksassa-4-9-2019\/#primaryimage","url":"https:\/\/www.rukajarvensuunnanhistoriayhdistys.fi\/historiayhdistys\/wp-content\/uploads\/2019\/08\/Evakon-laulu-konsertti-4-9-2019.jpg","contentUrl":"https:\/\/www.rukajarvensuunnanhistoriayhdistys.fi\/historiayhdistys\/wp-content\/uploads\/2019\/08\/Evakon-laulu-konsertti-4-9-2019.jpg","width":435,"height":326},{"@type":"BreadcrumbList","@id":"https:\/\/www.rukajarvensuunnanhistoriayhdistys.fi\/historiayhdistys\/jatkosodan-paattymisesta-tulee-kuluneeksi-75-vuotta-juhla-lieksassa-4-9-2019\/#breadcrumb","itemListElement":[{"@type":"ListItem","position":1,"name":"Etusivu","item":"http:\/\/www.rukajarvensuunnanhistoriayhdistys.fi\/historiayhdistys\/"},{"@type":"ListItem","position":2,"name":"Jatkosodan p\u00e4\u00e4ttymisest\u00e4 tulee kuluneeksi 75 vuotta juhla, Lieksassa 4.9.2019"}]},{"@type":"WebSite","@id":"http:\/\/www.rukajarvensuunnanhistoriayhdistys.fi\/historiayhdistys\/#website","url":"http:\/\/www.rukajarvensuunnanhistoriayhdistys.fi\/historiayhdistys\/","name":"Rukaj\u00e4rven suunnan historiayhdistys","description":"Rukaj\u00e4rven suunnan historiayhdistyksen verkkosivut.","publisher":{"@id":"http:\/\/www.rukajarvensuunnanhistoriayhdistys.fi\/historiayhdistys\/#organization"},"potentialAction":[{"@type":"SearchAction","target":{"@type":"EntryPoint","urlTemplate":"http:\/\/www.rukajarvensuunnanhistoriayhdistys.fi\/historiayhdistys\/?s={search_term_string}"},"query-input":{"@type":"PropertyValueSpecification","valueRequired":true,"valueName":"search_term_string"}}],"inLanguage":"fi"},{"@type":"Organization","@id":"http:\/\/www.rukajarvensuunnanhistoriayhdistys.fi\/historiayhdistys\/#organization","name":"Rukaj\u00e4rven suunnan historiayhdistys","url":"http:\/\/www.rukajarvensuunnanhistoriayhdistys.fi\/historiayhdistys\/","logo":{"@type":"ImageObject","inLanguage":"fi","@id":"http:\/\/www.rukajarvensuunnanhistoriayhdistys.fi\/historiayhdistys\/#\/schema\/logo\/image\/","url":"https:\/\/www.rukajarvensuunnanhistoriayhdistys.fi\/historiayhdistys\/wp-content\/uploads\/2013\/12\/Otsake_3.jpg","contentUrl":"https:\/\/www.rukajarvensuunnanhistoriayhdistys.fi\/historiayhdistys\/wp-content\/uploads\/2013\/12\/Otsake_3.jpg","width":1000,"height":442,"caption":"Rukaj\u00e4rven suunnan historiayhdistys"},"image":{"@id":"http:\/\/www.rukajarvensuunnanhistoriayhdistys.fi\/historiayhdistys\/#\/schema\/logo\/image\/"}},{"@type":"Person","@id":"http:\/\/www.rukajarvensuunnanhistoriayhdistys.fi\/historiayhdistys\/#\/schema\/person\/19de7db68bf72dfd2b5d7f6dfbf8454d","name":"RSHY","image":{"@type":"ImageObject","inLanguage":"fi","@id":"https:\/\/secure.gravatar.com\/avatar\/598d59263a69cc8de65fcb4f9db78d6f58c098cb0e0ba22d73377441af9fa04c?s=96&d=blank&r=g","url":"https:\/\/secure.gravatar.com\/avatar\/598d59263a69cc8de65fcb4f9db78d6f58c098cb0e0ba22d73377441af9fa04c?s=96&d=blank&r=g","contentUrl":"https:\/\/secure.gravatar.com\/avatar\/598d59263a69cc8de65fcb4f9db78d6f58c098cb0e0ba22d73377441af9fa04c?s=96&d=blank&r=g","caption":"RSHY"},"url":"https:\/\/www.rukajarvensuunnanhistoriayhdistys.fi\/historiayhdistys\/author\/rshy\/"}]}},"_links":{"self":[{"href":"https:\/\/www.rukajarvensuunnanhistoriayhdistys.fi\/historiayhdistys\/wp-json\/wp\/v2\/posts\/13283","targetHints":{"allow":["GET"]}}],"collection":[{"href":"https:\/\/www.rukajarvensuunnanhistoriayhdistys.fi\/historiayhdistys\/wp-json\/wp\/v2\/posts"}],"about":[{"href":"https:\/\/www.rukajarvensuunnanhistoriayhdistys.fi\/historiayhdistys\/wp-json\/wp\/v2\/types\/post"}],"author":[{"embeddable":true,"href":"https:\/\/www.rukajarvensuunnanhistoriayhdistys.fi\/historiayhdistys\/wp-json\/wp\/v2\/users\/3"}],"replies":[{"embeddable":true,"href":"https:\/\/www.rukajarvensuunnanhistoriayhdistys.fi\/historiayhdistys\/wp-json\/wp\/v2\/comments?post=13283"}],"version-history":[{"count":2,"href":"https:\/\/www.rukajarvensuunnanhistoriayhdistys.fi\/historiayhdistys\/wp-json\/wp\/v2\/posts\/13283\/revisions"}],"predecessor-version":[{"id":13289,"href":"https:\/\/www.rukajarvensuunnanhistoriayhdistys.fi\/historiayhdistys\/wp-json\/wp\/v2\/posts\/13283\/revisions\/13289"}],"wp:attachment":[{"href":"https:\/\/www.rukajarvensuunnanhistoriayhdistys.fi\/historiayhdistys\/wp-json\/wp\/v2\/media?parent=13283"}],"wp:term":[{"taxonomy":"category","embeddable":true,"href":"https:\/\/www.rukajarvensuunnanhistoriayhdistys.fi\/historiayhdistys\/wp-json\/wp\/v2\/categories?post=13283"},{"taxonomy":"post_tag","embeddable":true,"href":"https:\/\/www.rukajarvensuunnanhistoriayhdistys.fi\/historiayhdistys\/wp-json\/wp\/v2\/tags?post=13283"}],"curies":[{"name":"wp","href":"https:\/\/api.w.org\/{rel}","templated":true}]}}