{"id":13387,"date":"2019-10-13T09:54:03","date_gmt":"2019-10-13T06:54:03","guid":{"rendered":"http:\/\/www.rukajarvensuunnanhistoriayhdistys.fi\/historiayhdistys\/?p=13387"},"modified":"2019-10-13T10:52:18","modified_gmt":"2019-10-13T07:52:18","slug":"103-vuotiaan-veteraani-matti-karkkaisen-juhlavat-hautajaiset","status":"publish","type":"post","link":"https:\/\/www.rukajarvensuunnanhistoriayhdistys.fi\/historiayhdistys\/103-vuotiaan-veteraani-matti-karkkaisen-juhlavat-hautajaiset\/","title":{"rendered":"103- vuotiaan veteraani Matti K\u00e4rkk\u00e4isen juhlavat hautajaiset"},"content":{"rendered":"<div class=\"fcbkbttn_buttons_block\" id=\"fcbkbttn_left\"><div class=\"fcbkbttn_like \"><fb:like href=\"https:\/\/www.rukajarvensuunnanhistoriayhdistys.fi\/historiayhdistys\/103-vuotiaan-veteraani-matti-karkkaisen-juhlavat-hautajaiset\/\" action=\"like\" colorscheme=\"light\" layout=\"button_count\"  size=\"small\"><\/fb:like><\/div><\/div>\n<p>Kiuruveden Sulkavanj\u00e4rvell\u00e4 maanviljelij\u00e4n\u00e4 el\u00e4m\u00e4nty\u00f6ns\u00e4 tehnyt Rukaj\u00e4rven veteraani Matti K\u00e4rkk\u00e4inen haudattiin Sulkavanj\u00e4rven hautausmaalle 11.10.2019 juhlallisin menoin. Veteraanin arkkua kantoivat Kainuun prikaatin varusmiehet. Kainuun prikaatista oli komennettu my\u00f6s lippuvartio. Kirkkoupseerina toimi sotilasmestari Ahti K\u00e4rkk\u00e4inen.<\/p>\n\n\n\n<figure class=\"wp-block-image\"><img loading=\"lazy\" decoding=\"async\" width=\"1024\" height=\"819\" src=\"http:\/\/www.rukajarvensuunnanhistoriayhdistys.fi\/historiayhdistys\/wp-content\/uploads\/2019\/03\/7-Matti-K\u00e4rkk\u00e4inen-Jouluna-2014-1024x819.jpg\" alt=\"\" class=\"wp-image-13028\" srcset=\"https:\/\/www.rukajarvensuunnanhistoriayhdistys.fi\/historiayhdistys\/wp-content\/uploads\/2019\/03\/7-Matti-K\u00e4rkk\u00e4inen-Jouluna-2014-1024x819.jpg 1024w, https:\/\/www.rukajarvensuunnanhistoriayhdistys.fi\/historiayhdistys\/wp-content\/uploads\/2019\/03\/7-Matti-K\u00e4rkk\u00e4inen-Jouluna-2014-300x240.jpg 300w, https:\/\/www.rukajarvensuunnanhistoriayhdistys.fi\/historiayhdistys\/wp-content\/uploads\/2019\/03\/7-Matti-K\u00e4rkk\u00e4inen-Jouluna-2014-768x614.jpg 768w\" sizes=\"auto, (max-width: 1024px) 100vw, 1024px\" \/><figcaption>Matti K\u00e4rkk\u00e4inen 15.11.1916,-15.9.2019<\/figcaption><\/figure>\n\n\n\n<p>Siunauksen toimitti seurakuntapastori Eeva-Maija Monto,\nkanttorina toimi Merja Pirkkalainen. Tilaisuudessa esiintyi my\u00f6s Mieskuoro\nKiurun Laulu, solistinaan Hannu K\u00e4rkk\u00e4inen.<\/p>\n\n\n\n<p>Kiuruveden sotaveteraanij\u00e4rjest\u00f6jen perinteisen\nhavuristin laskivat Seppo R\u00e4ih\u00e4 ja Raimo Jokisalmi. Puolustusvoimain\nhavuseppeleen laski kirkkoupseerina toiminut sotilasmestari Ahti K\u00e4rkk\u00e4inen,\nRukaj\u00e4rven suunnan historiayhdistyksen havuseppeleen Seppo Ryh\u00e4nen ja Tenho\nTikkanen. <\/p>\n\n\n\n<p>Perhonkankaan veljekset olivat monelle veteraanille\ntuttuja. Matti K\u00e4rkk\u00e4isen Juho veli (10.5.1898 &#8211; 27.8.1983) taisteli my\u00f6s\nRukaj\u00e4rvell\u00e4. Juho tuli tunnetuksi Rukaj\u00e4rven tie -elokuvasta, miss\u00e4 h\u00e4nen\nn\u00e4hd\u00e4\u00e4n haavoittuvan 10.7.1941 Korolista 5-6 km pohjoiseen heti Jatkosodan\nalussa. Ryhm\u00e4ns\u00e4 johtaja alikersantti Juho K\u00e4rkk\u00e4inen eteni vuorollaan etummaisena,\nylitti puroa, jolloin vihollisen konekiv\u00e4\u00e4risuihku suisti h\u00e4net puroon. Kylm\u00e4\nvesi pelasti h\u00e4nen henkens\u00e4. Joukkueenjohtaja Pentti Perttuli l\u00e4hetti partion\netsim\u00e4\u00e4n kadonnutta ryhm\u00e4njohtajaa. H\u00e4nt\u00e4 ei l\u00f6ydetty ja pel\u00e4ttiin pahinta.\nJoukkue per\u00e4\u00e4ntyi Koroliin. Juho p\u00e4\u00e4si vaivalloisesti yksin liikkumaan jalan\nvaikeasti haavoittuneena. Lopulta h\u00e4nen onnistui&nbsp; tavoittamaan omat joukkonsa per\u00e4ti yhdeks\u00e4n\ntuntia kest\u00e4neen vaivalloisen taivalluksen j\u00e4lkeen. <\/p>\n\n\n\n<p>Juhon haavoittumisen seurauksena h\u00e4nest\u00e4 tuli sotilas,\njonka kaikki halusivat tavata. Perhonkangas ja sen kaksi veljest\u00e4 Juho ja Matti\ntulivatkin kovin tutuiksi monelle sotilaalle. Perttuli muisti veljeksi\u00e4\njokaisena jouluna ja n\u00e4m\u00e4 kauniisti muotoillut joulutervehdykset koristavat\nPerhonkankaan kamarin kirjahylly\u00e4 edelleen.<\/p>\n\n\n\n<p><strong>Liput: <\/strong>Valtiolippu, Sotainvalidien ja Rintamaveteraanien liput sek\u00e4 Rukaj\u00e4rven suunnan historiayhdistyksen lippu<\/p>\n\n\n\n<p><strong>Mieskuoro Kiurun Laulu, kokoonpanossa: <\/strong>Hannu\nK\u00e4rkk\u00e4inen, Jarmo Nousiainen, Kalevi Kesti, Mauno T\u00f6r\u00f6l\u00e4, Pentti K\u00e4rkk\u00e4inen,\nErkki Jaatinen, Olavi Martikainen ja Esko Honkaviita. Solistina toimi Hannu\nK\u00e4rkk\u00e4inen.<\/p>\n\n\n\n<p><strong>Kainuun Prikaati: <\/strong>Kirkkoupseerina toimi sotilasmestari Ahti K\u00e4rkk\u00e4inen.<\/p>\n\n\n\n<p><strong>Lippuvartio:<\/strong>\nKokelas Aarni Rosenqvist sek\u00e4 kokelas Veera M\u00e4kel\u00e4 ja alik. Janne Kemppainen.<\/p>\n\n\n\n<p><strong>Arkun kantajat:<\/strong> kokelas Sampo K\u00e4h\u00e4r\u00e4, viestimies Jere Virkkala, viestimies Juho Kaurola, viestimies Jani Partanen, viestimies Aatu S\u00e4ily ja viestimies Eeli Kataja. <\/p>\n\n\n\n<figure class=\"wp-block-image\"><img loading=\"lazy\" decoding=\"async\" width=\"1024\" height=\"681\" src=\"http:\/\/www.rukajarvensuunnanhistoriayhdistys.fi\/historiayhdistys\/wp-content\/uploads\/2019\/10\/DSC08438-KL-1024x681.jpg\" alt=\"\" class=\"wp-image-13398\" srcset=\"https:\/\/www.rukajarvensuunnanhistoriayhdistys.fi\/historiayhdistys\/wp-content\/uploads\/2019\/10\/DSC08438-KL-1024x681.jpg 1024w, https:\/\/www.rukajarvensuunnanhistoriayhdistys.fi\/historiayhdistys\/wp-content\/uploads\/2019\/10\/DSC08438-KL-300x200.jpg 300w, https:\/\/www.rukajarvensuunnanhistoriayhdistys.fi\/historiayhdistys\/wp-content\/uploads\/2019\/10\/DSC08438-KL-768x511.jpg 768w\" sizes=\"auto, (max-width: 1024px) 100vw, 1024px\" \/><figcaption>Viimeisell\u00e4 matkalla kotiseurakunnan Sulkavanj\u00e4rven kirkolta hautausmaalle.<\/figcaption><\/figure>\n\n\n\n<figure class=\"wp-block-image\"><img loading=\"lazy\" decoding=\"async\" width=\"1024\" height=\"681\" src=\"http:\/\/www.rukajarvensuunnanhistoriayhdistys.fi\/historiayhdistys\/wp-content\/uploads\/2019\/10\/DSC08458-KL-1-1024x681.jpg\" alt=\"\" class=\"wp-image-13394\" srcset=\"https:\/\/www.rukajarvensuunnanhistoriayhdistys.fi\/historiayhdistys\/wp-content\/uploads\/2019\/10\/DSC08458-KL-1-1024x681.jpg 1024w, https:\/\/www.rukajarvensuunnanhistoriayhdistys.fi\/historiayhdistys\/wp-content\/uploads\/2019\/10\/DSC08458-KL-1-300x200.jpg 300w, https:\/\/www.rukajarvensuunnanhistoriayhdistys.fi\/historiayhdistys\/wp-content\/uploads\/2019\/10\/DSC08458-KL-1-768x511.jpg 768w\" sizes=\"auto, (max-width: 1024px) 100vw, 1024px\" \/><\/figure>\n\n\n\n<figure class=\"wp-block-image\"><img loading=\"lazy\" decoding=\"async\" width=\"1024\" height=\"681\" src=\"http:\/\/www.rukajarvensuunnanhistoriayhdistys.fi\/historiayhdistys\/wp-content\/uploads\/2019\/10\/DSC08471-KL-3-1024x681.jpg\" alt=\"\" class=\"wp-image-13392\" srcset=\"https:\/\/www.rukajarvensuunnanhistoriayhdistys.fi\/historiayhdistys\/wp-content\/uploads\/2019\/10\/DSC08471-KL-3-1024x681.jpg 1024w, https:\/\/www.rukajarvensuunnanhistoriayhdistys.fi\/historiayhdistys\/wp-content\/uploads\/2019\/10\/DSC08471-KL-3-300x200.jpg 300w, https:\/\/www.rukajarvensuunnanhistoriayhdistys.fi\/historiayhdistys\/wp-content\/uploads\/2019\/10\/DSC08471-KL-3-768x511.jpg 768w\" sizes=\"auto, (max-width: 1024px) 100vw, 1024px\" \/><figcaption>Mieskuoro Kiurun Laulu<\/figcaption><\/figure>\n\n\n\n<figure class=\"wp-block-image\"><img loading=\"lazy\" decoding=\"async\" width=\"1024\" height=\"681\" src=\"http:\/\/www.rukajarvensuunnanhistoriayhdistys.fi\/historiayhdistys\/wp-content\/uploads\/2019\/10\/DSC08487-RSHY-1024x681.jpg\" alt=\"\" class=\"wp-image-13393\" srcset=\"https:\/\/www.rukajarvensuunnanhistoriayhdistys.fi\/historiayhdistys\/wp-content\/uploads\/2019\/10\/DSC08487-RSHY-1024x681.jpg 1024w, https:\/\/www.rukajarvensuunnanhistoriayhdistys.fi\/historiayhdistys\/wp-content\/uploads\/2019\/10\/DSC08487-RSHY-300x200.jpg 300w, https:\/\/www.rukajarvensuunnanhistoriayhdistys.fi\/historiayhdistys\/wp-content\/uploads\/2019\/10\/DSC08487-RSHY-768x511.jpg 768w\" sizes=\"auto, (max-width: 1024px) 100vw, 1024px\" \/><figcaption>J\u00e4rjest\u00f6jen edustajat puheenjohtaja Seppo R\u00e4ih\u00e4n johdolla. Ari Puustinen, Seppo R\u00e4ih\u00e4, Arvi Alpia, Seppo Ryh\u00e4\u00f6nen, Raimo Jokisalmi ja Tenho Tikkanen.<\/figcaption><\/figure>\n\n\n\n<p><strong>Muistotilaisuus<\/strong><\/p>\n\n\n\n<p>Muistotilaisuudessa sukulaisten ja tuttavien lis\u00e4ksi Matin\nel\u00e4m\u00e4ntaivalta kuvattiin varsin laajalti l\u00e4hisukulaisten toimesta. Kaukaisimmat\ntervehdykset tulivat Kanadasta saakka.<\/p>\n\n\n\n<p>Kainuun prikaatista kirkkoupseerina toiminut sotilasmestari Ahti\nK\u00e4rkk\u00e4isen puheesta ilmeni, ett\u00e4 h\u00e4n tunsi Matti K\u00e4rkk\u00e4isen henkil\u00f6kohtaisesti\nja my\u00f6s Rukaj\u00e4rven veteraani is\u00e4ns\u00e4 my\u00f6t\u00e4. H\u00e4nen puheensa kosketti jokaista\npaikalla olevaa, sit\u00e4 kuultiin kiitelt\u00e4v\u00e4n my\u00f6s tilaisuuden j\u00e4lkeen useiden\nhenkil\u00f6itten suulla.<\/p>\n\n\n\n<p>Rukaj\u00e4rven suunnan historiayhdistyksen puheenjohtaja Seppo R\u00e4ih\u00e4\nesitti omaisille yhdistyksen surunvalittelut. Samalla h\u00e4n esitti kiitoksensa\nmy\u00f6s edesmenneelle Matti K\u00e4rkk\u00e4iselle, joka oli suostunut yhdistyksemme\nhaastateltavaksi. Haastattelusta tallenne l\u00f6ytyy yhdistyksen arkistosta ja on\nyksi vaikuttavimmista veteraanikertomuksista. <\/p>\n\n\n\n<p>&#8211; Puheenjohtaja R\u00e4ih\u00e4n mukaan n\u00e4iden haastattelu- ja muun\nker\u00e4tyn aineiston avulla toivomme voivamme auttaa jokaista Rukaj\u00e4rven suunnan\nsotatoimista kiinnostunutta tietoa hakevaa kansalaista tulevina aikoina,\njolloin veteraanit itse eiv\u00e4t ole en\u00e4\u00e4 kokemuksistaan tietoa jakamassa.<\/p>\n\n\n\n<p>&#8211; Seppo R\u00e4ih\u00e4 kertoi Matti K\u00e4rkk\u00e4isen osallistumisesta\nJatkosodan taisteluihin ja kuvasi h\u00e4nen yksikk\u00f6ns\u00e4 osallistumista sodan\npisimm\u00e4n joukko-osaston siirtymiseen hiiht\u00e4en Sallan takaa Kajaaniin. Matkaa\nkertyi lyhyess\u00e4 ajassa n. 550 km. Matin haastattelulausunnon mukaan h\u00e4n toimi Jatkosodan\nalussa Vienan Karjalan er\u00e4maassa saksalaisten oppaana.<\/p>\n\n\n\n<p>Tilaisuudessa puhui entinen yhdistyksen puheenjohtaja Tenho Tikkanen, joka oli tallentanut Matti K\u00e4rkk\u00e4isen haastattelun yhdistyksen arkistoon. Julkaisemme Tikkasen puheen kokonaan, mihin voi tutustua <strong><a href=\"http:\/\/www.rukajarvensuunnanhistoriayhdistys.fi\/historiayhdistys\/wp-content\/uploads\/2019\/10\/Matti-K\u00e4rkk\u00e4inen-muistotilaisuus-Kiuruveden-seurakuntatalo-11-10-2019-Tenho-Tikkanen-1.pdf\">T\u00c4\u00c4LT\u00c4<\/a><\/strong>:  Yhdistyksen muistokirjoitus l\u00f6ytyy <strong><a href=\"http:\/\/www.rukajarvensuunnanhistoriayhdistys.fi\/historiayhdistys\/wp-content\/uploads\/2019\/10\/Matti-K\u00e4rkk\u00e4inen-muistokirjoitus-1.pdf\">T\u00c4\u00c4LT\u00c4<\/a><\/strong>: Matti K\u00e4rkk\u00e4isen 100-vuotisjuhlaa koskeva videokooste l\u00f6ytyy Sotaveteraaniliiton facebook-sivulta ja siihen voi tutustua <strong><a href=\"https:\/\/www.facebook.com\/sotaveteraaniliitto\/videos\/825468284262031\/ \">T\u00c4\u00c4LT\u00c4<\/a><\/strong>: <\/p>\n\n\n\n<p> Matti K\u00e4rkk\u00e4isen 100-vuotisjuhlaa k\u00e4sittelev\u00e4\u00e4n julkaisuun voi tutustua\u00a0<a href=\"http:\/\/www.rukajarvensuunnanhistoriayhdistys.fi\/historiayhdistys\/matti-karkkainen-satavuotisjuhlassaan-nuorin-veteraani\/\"><strong>T\u00c4\u00c4LT\u00c4<\/strong><\/a>: <\/p>\n\n\n\n<figure class=\"wp-block-image\"><img loading=\"lazy\" decoding=\"async\" width=\"814\" height=\"1024\" src=\"http:\/\/www.rukajarvensuunnanhistoriayhdistys.fi\/historiayhdistys\/wp-content\/uploads\/2019\/10\/Matti-K\u00e4rkk\u00e4inen-kuolinilmoitus-KV2-10-2019-814x1024.jpg\" alt=\"\" class=\"wp-image-13404\" srcset=\"https:\/\/www.rukajarvensuunnanhistoriayhdistys.fi\/historiayhdistys\/wp-content\/uploads\/2019\/10\/Matti-K\u00e4rkk\u00e4inen-kuolinilmoitus-KV2-10-2019-814x1024.jpg 814w, https:\/\/www.rukajarvensuunnanhistoriayhdistys.fi\/historiayhdistys\/wp-content\/uploads\/2019\/10\/Matti-K\u00e4rkk\u00e4inen-kuolinilmoitus-KV2-10-2019-239x300.jpg 239w, https:\/\/www.rukajarvensuunnanhistoriayhdistys.fi\/historiayhdistys\/wp-content\/uploads\/2019\/10\/Matti-K\u00e4rkk\u00e4inen-kuolinilmoitus-KV2-10-2019-768x966.jpg 768w, https:\/\/www.rukajarvensuunnanhistoriayhdistys.fi\/historiayhdistys\/wp-content\/uploads\/2019\/10\/Matti-K\u00e4rkk\u00e4inen-kuolinilmoitus-KV2-10-2019.jpg 1024w\" sizes=\"auto, (max-width: 814px) 100vw, 814px\" \/><\/figure>\n\n\n","protected":false},"excerpt":{"rendered":"<p>Kiuruveden Sulkavanj\u00e4rvell\u00e4 maanviljelij\u00e4n\u00e4 el\u00e4m\u00e4nty\u00f6ns\u00e4 tehnyt Rukaj\u00e4rven veteraani Matti K\u00e4rkk\u00e4inen haudattiin Sulkavanj\u00e4rven hautausmaalle 11.10.2019 juhlallisin menoin. Veteraanin arkkua kantoivat Kainuun prikaatin varusmiehet. Kainuun prikaatista oli komennettu my\u00f6s lippuvartio. Kirkkoupseerina toimi sotilasmestari <a class=\"more-link\" href=\"https:\/\/www.rukajarvensuunnanhistoriayhdistys.fi\/historiayhdistys\/103-vuotiaan-veteraani-matti-karkkaisen-juhlavat-hautajaiset\/\">Teksti jatkuu&#8230;<span class=\"screen-reader-text\">103- vuotiaan veteraani Matti K\u00e4rkk\u00e4isen juhlavat hautajaiset<\/span><span class=\"meta-nav\">\u2192<\/span><\/a><\/p>\n","protected":false},"author":3,"featured_media":0,"comment_status":"closed","ping_status":"open","sticky":false,"template":"","format":"standard","meta":{"footnotes":""},"categories":[22,17],"tags":[],"class_list":["post-13387","post","type-post","status-publish","format-standard","hentry","category-ajankohtaista","category-toiminta"],"yoast_head":"<!-- This site is optimized with the Yoast SEO plugin v27.4 - https:\/\/yoast.com\/product\/yoast-seo-wordpress\/ -->\n<title>103- vuotiaan veteraani Matti K\u00e4rkk\u00e4isen juhlavat hautajaiset - Rukaj\u00e4rven suunnan historiayhdistys<\/title>\n<meta name=\"robots\" content=\"index, follow, max-snippet:-1, max-image-preview:large, max-video-preview:-1\" \/>\n<link rel=\"canonical\" href=\"https:\/\/www.rukajarvensuunnanhistoriayhdistys.fi\/historiayhdistys\/103-vuotiaan-veteraani-matti-karkkaisen-juhlavat-hautajaiset\/\" \/>\n<meta property=\"og:locale\" content=\"fi_FI\" \/>\n<meta property=\"og:type\" content=\"article\" \/>\n<meta property=\"og:title\" content=\"103- vuotiaan veteraani Matti K\u00e4rkk\u00e4isen juhlavat hautajaiset - Rukaj\u00e4rven suunnan historiayhdistys\" \/>\n<meta property=\"og:description\" content=\"Kiuruveden Sulkavanj\u00e4rvell\u00e4 maanviljelij\u00e4n\u00e4 el\u00e4m\u00e4nty\u00f6ns\u00e4 tehnyt Rukaj\u00e4rven veteraani Matti K\u00e4rkk\u00e4inen haudattiin Sulkavanj\u00e4rven hautausmaalle 11.10.2019 juhlallisin menoin. Veteraanin arkkua kantoivat Kainuun prikaatin varusmiehet. Kainuun prikaatista oli komennettu my\u00f6s lippuvartio. Kirkkoupseerina toimi sotilasmestari Teksti jatkuu...103- vuotiaan veteraani Matti K\u00e4rkk\u00e4isen juhlavat hautajaiset\u2192\" \/>\n<meta property=\"og:url\" content=\"https:\/\/www.rukajarvensuunnanhistoriayhdistys.fi\/historiayhdistys\/103-vuotiaan-veteraani-matti-karkkaisen-juhlavat-hautajaiset\/\" \/>\n<meta property=\"og:site_name\" content=\"Rukaj\u00e4rven suunnan historiayhdistys\" \/>\n<meta property=\"article:published_time\" content=\"2019-10-13T06:54:03+00:00\" \/>\n<meta property=\"article:modified_time\" content=\"2019-10-13T07:52:18+00:00\" \/>\n<meta property=\"og:image\" content=\"http:\/\/www.rukajarvensuunnanhistoriayhdistys.fi\/historiayhdistys\/wp-content\/uploads\/2019\/10\/DSC08438-KL-1024x681.jpg\" \/>\n<meta name=\"author\" content=\"RSHY\" \/>\n<meta name=\"twitter:label1\" content=\"Kirjoittanut\" \/>\n\t<meta name=\"twitter:data1\" content=\"RSHY\" \/>\n\t<meta name=\"twitter:label2\" content=\"Arvioitu lukuaika\" \/>\n\t<meta name=\"twitter:data2\" content=\"3 minuuttia\" \/>\n<script type=\"application\/ld+json\" class=\"yoast-schema-graph\">{\"@context\":\"https:\\\/\\\/schema.org\",\"@graph\":[{\"@type\":\"Article\",\"@id\":\"https:\\\/\\\/www.rukajarvensuunnanhistoriayhdistys.fi\\\/historiayhdistys\\\/103-vuotiaan-veteraani-matti-karkkaisen-juhlavat-hautajaiset\\\/#article\",\"isPartOf\":{\"@id\":\"https:\\\/\\\/www.rukajarvensuunnanhistoriayhdistys.fi\\\/historiayhdistys\\\/103-vuotiaan-veteraani-matti-karkkaisen-juhlavat-hautajaiset\\\/\"},\"author\":{\"name\":\"RSHY\",\"@id\":\"https:\\\/\\\/www.rukajarvensuunnanhistoriayhdistys.fi\\\/historiayhdistys\\\/#\\\/schema\\\/person\\\/19de7db68bf72dfd2b5d7f6dfbf8454d\"},\"headline\":\"103- vuotiaan veteraani Matti K\u00e4rkk\u00e4isen juhlavat hautajaiset\",\"datePublished\":\"2019-10-13T06:54:03+00:00\",\"dateModified\":\"2019-10-13T07:52:18+00:00\",\"mainEntityOfPage\":{\"@id\":\"https:\\\/\\\/www.rukajarvensuunnanhistoriayhdistys.fi\\\/historiayhdistys\\\/103-vuotiaan-veteraani-matti-karkkaisen-juhlavat-hautajaiset\\\/\"},\"wordCount\":660,\"publisher\":{\"@id\":\"https:\\\/\\\/www.rukajarvensuunnanhistoriayhdistys.fi\\\/historiayhdistys\\\/#organization\"},\"image\":{\"@id\":\"https:\\\/\\\/www.rukajarvensuunnanhistoriayhdistys.fi\\\/historiayhdistys\\\/103-vuotiaan-veteraani-matti-karkkaisen-juhlavat-hautajaiset\\\/#primaryimage\"},\"thumbnailUrl\":\"http:\\\/\\\/www.rukajarvensuunnanhistoriayhdistys.fi\\\/historiayhdistys\\\/wp-content\\\/uploads\\\/2019\\\/10\\\/DSC08438-KL-1024x681.jpg\",\"articleSection\":[\"Ajankohtaista\",\"Toiminta\"],\"inLanguage\":\"fi\"},{\"@type\":\"WebPage\",\"@id\":\"https:\\\/\\\/www.rukajarvensuunnanhistoriayhdistys.fi\\\/historiayhdistys\\\/103-vuotiaan-veteraani-matti-karkkaisen-juhlavat-hautajaiset\\\/\",\"url\":\"https:\\\/\\\/www.rukajarvensuunnanhistoriayhdistys.fi\\\/historiayhdistys\\\/103-vuotiaan-veteraani-matti-karkkaisen-juhlavat-hautajaiset\\\/\",\"name\":\"103- vuotiaan veteraani Matti K\u00e4rkk\u00e4isen juhlavat hautajaiset - Rukaj\u00e4rven suunnan historiayhdistys\",\"isPartOf\":{\"@id\":\"https:\\\/\\\/www.rukajarvensuunnanhistoriayhdistys.fi\\\/historiayhdistys\\\/#website\"},\"primaryImageOfPage\":{\"@id\":\"https:\\\/\\\/www.rukajarvensuunnanhistoriayhdistys.fi\\\/historiayhdistys\\\/103-vuotiaan-veteraani-matti-karkkaisen-juhlavat-hautajaiset\\\/#primaryimage\"},\"image\":{\"@id\":\"https:\\\/\\\/www.rukajarvensuunnanhistoriayhdistys.fi\\\/historiayhdistys\\\/103-vuotiaan-veteraani-matti-karkkaisen-juhlavat-hautajaiset\\\/#primaryimage\"},\"thumbnailUrl\":\"http:\\\/\\\/www.rukajarvensuunnanhistoriayhdistys.fi\\\/historiayhdistys\\\/wp-content\\\/uploads\\\/2019\\\/10\\\/DSC08438-KL-1024x681.jpg\",\"datePublished\":\"2019-10-13T06:54:03+00:00\",\"dateModified\":\"2019-10-13T07:52:18+00:00\",\"breadcrumb\":{\"@id\":\"https:\\\/\\\/www.rukajarvensuunnanhistoriayhdistys.fi\\\/historiayhdistys\\\/103-vuotiaan-veteraani-matti-karkkaisen-juhlavat-hautajaiset\\\/#breadcrumb\"},\"inLanguage\":\"fi\",\"potentialAction\":[{\"@type\":\"ReadAction\",\"target\":[\"https:\\\/\\\/www.rukajarvensuunnanhistoriayhdistys.fi\\\/historiayhdistys\\\/103-vuotiaan-veteraani-matti-karkkaisen-juhlavat-hautajaiset\\\/\"]}]},{\"@type\":\"ImageObject\",\"inLanguage\":\"fi\",\"@id\":\"https:\\\/\\\/www.rukajarvensuunnanhistoriayhdistys.fi\\\/historiayhdistys\\\/103-vuotiaan-veteraani-matti-karkkaisen-juhlavat-hautajaiset\\\/#primaryimage\",\"url\":\"https:\\\/\\\/www.rukajarvensuunnanhistoriayhdistys.fi\\\/historiayhdistys\\\/wp-content\\\/uploads\\\/2019\\\/10\\\/DSC08438-KL.jpg\",\"contentUrl\":\"https:\\\/\\\/www.rukajarvensuunnanhistoriayhdistys.fi\\\/historiayhdistys\\\/wp-content\\\/uploads\\\/2019\\\/10\\\/DSC08438-KL.jpg\",\"width\":4592,\"height\":3056,\"caption\":\"SONY DSC\"},{\"@type\":\"BreadcrumbList\",\"@id\":\"https:\\\/\\\/www.rukajarvensuunnanhistoriayhdistys.fi\\\/historiayhdistys\\\/103-vuotiaan-veteraani-matti-karkkaisen-juhlavat-hautajaiset\\\/#breadcrumb\",\"itemListElement\":[{\"@type\":\"ListItem\",\"position\":1,\"name\":\"Etusivu\",\"item\":\"https:\\\/\\\/www.rukajarvensuunnanhistoriayhdistys.fi\\\/historiayhdistys\\\/\"},{\"@type\":\"ListItem\",\"position\":2,\"name\":\"103- vuotiaan veteraani Matti K\u00e4rkk\u00e4isen juhlavat hautajaiset\"}]},{\"@type\":\"WebSite\",\"@id\":\"https:\\\/\\\/www.rukajarvensuunnanhistoriayhdistys.fi\\\/historiayhdistys\\\/#website\",\"url\":\"https:\\\/\\\/www.rukajarvensuunnanhistoriayhdistys.fi\\\/historiayhdistys\\\/\",\"name\":\"Rukaj\u00e4rven suunnan historiayhdistys\",\"description\":\"Rukaj\u00e4rven suunnan historiayhdistyksen verkkosivut.\",\"publisher\":{\"@id\":\"https:\\\/\\\/www.rukajarvensuunnanhistoriayhdistys.fi\\\/historiayhdistys\\\/#organization\"},\"potentialAction\":[{\"@type\":\"SearchAction\",\"target\":{\"@type\":\"EntryPoint\",\"urlTemplate\":\"https:\\\/\\\/www.rukajarvensuunnanhistoriayhdistys.fi\\\/historiayhdistys\\\/?s={search_term_string}\"},\"query-input\":{\"@type\":\"PropertyValueSpecification\",\"valueRequired\":true,\"valueName\":\"search_term_string\"}}],\"inLanguage\":\"fi\"},{\"@type\":\"Organization\",\"@id\":\"https:\\\/\\\/www.rukajarvensuunnanhistoriayhdistys.fi\\\/historiayhdistys\\\/#organization\",\"name\":\"Rukaj\u00e4rven suunnan historiayhdistys\",\"url\":\"https:\\\/\\\/www.rukajarvensuunnanhistoriayhdistys.fi\\\/historiayhdistys\\\/\",\"logo\":{\"@type\":\"ImageObject\",\"inLanguage\":\"fi\",\"@id\":\"https:\\\/\\\/www.rukajarvensuunnanhistoriayhdistys.fi\\\/historiayhdistys\\\/#\\\/schema\\\/logo\\\/image\\\/\",\"url\":\"https:\\\/\\\/www.rukajarvensuunnanhistoriayhdistys.fi\\\/historiayhdistys\\\/wp-content\\\/uploads\\\/2013\\\/12\\\/Otsake_3.jpg\",\"contentUrl\":\"https:\\\/\\\/www.rukajarvensuunnanhistoriayhdistys.fi\\\/historiayhdistys\\\/wp-content\\\/uploads\\\/2013\\\/12\\\/Otsake_3.jpg\",\"width\":1000,\"height\":442,\"caption\":\"Rukaj\u00e4rven suunnan historiayhdistys\"},\"image\":{\"@id\":\"https:\\\/\\\/www.rukajarvensuunnanhistoriayhdistys.fi\\\/historiayhdistys\\\/#\\\/schema\\\/logo\\\/image\\\/\"}},{\"@type\":\"Person\",\"@id\":\"https:\\\/\\\/www.rukajarvensuunnanhistoriayhdistys.fi\\\/historiayhdistys\\\/#\\\/schema\\\/person\\\/19de7db68bf72dfd2b5d7f6dfbf8454d\",\"name\":\"RSHY\",\"image\":{\"@type\":\"ImageObject\",\"inLanguage\":\"fi\",\"@id\":\"https:\\\/\\\/secure.gravatar.com\\\/avatar\\\/598d59263a69cc8de65fcb4f9db78d6f58c098cb0e0ba22d73377441af9fa04c?s=96&d=blank&r=g\",\"url\":\"https:\\\/\\\/secure.gravatar.com\\\/avatar\\\/598d59263a69cc8de65fcb4f9db78d6f58c098cb0e0ba22d73377441af9fa04c?s=96&d=blank&r=g\",\"contentUrl\":\"https:\\\/\\\/secure.gravatar.com\\\/avatar\\\/598d59263a69cc8de65fcb4f9db78d6f58c098cb0e0ba22d73377441af9fa04c?s=96&d=blank&r=g\",\"caption\":\"RSHY\"},\"url\":\"https:\\\/\\\/www.rukajarvensuunnanhistoriayhdistys.fi\\\/historiayhdistys\\\/author\\\/rshy\\\/\"}]}<\/script>\n<!-- \/ Yoast SEO plugin. -->","yoast_head_json":{"title":"103- vuotiaan veteraani Matti K\u00e4rkk\u00e4isen juhlavat hautajaiset - Rukaj\u00e4rven suunnan historiayhdistys","robots":{"index":"index","follow":"follow","max-snippet":"max-snippet:-1","max-image-preview":"max-image-preview:large","max-video-preview":"max-video-preview:-1"},"canonical":"https:\/\/www.rukajarvensuunnanhistoriayhdistys.fi\/historiayhdistys\/103-vuotiaan-veteraani-matti-karkkaisen-juhlavat-hautajaiset\/","og_locale":"fi_FI","og_type":"article","og_title":"103- vuotiaan veteraani Matti K\u00e4rkk\u00e4isen juhlavat hautajaiset - Rukaj\u00e4rven suunnan historiayhdistys","og_description":"Kiuruveden Sulkavanj\u00e4rvell\u00e4 maanviljelij\u00e4n\u00e4 el\u00e4m\u00e4nty\u00f6ns\u00e4 tehnyt Rukaj\u00e4rven veteraani Matti K\u00e4rkk\u00e4inen haudattiin Sulkavanj\u00e4rven hautausmaalle 11.10.2019 juhlallisin menoin. Veteraanin arkkua kantoivat Kainuun prikaatin varusmiehet. Kainuun prikaatista oli komennettu my\u00f6s lippuvartio. Kirkkoupseerina toimi sotilasmestari Teksti jatkuu...103- vuotiaan veteraani Matti K\u00e4rkk\u00e4isen juhlavat hautajaiset\u2192","og_url":"https:\/\/www.rukajarvensuunnanhistoriayhdistys.fi\/historiayhdistys\/103-vuotiaan-veteraani-matti-karkkaisen-juhlavat-hautajaiset\/","og_site_name":"Rukaj\u00e4rven suunnan historiayhdistys","article_published_time":"2019-10-13T06:54:03+00:00","article_modified_time":"2019-10-13T07:52:18+00:00","og_image":[{"url":"http:\/\/www.rukajarvensuunnanhistoriayhdistys.fi\/historiayhdistys\/wp-content\/uploads\/2019\/10\/DSC08438-KL-1024x681.jpg","type":"","width":"","height":""}],"author":"RSHY","twitter_misc":{"Kirjoittanut":"RSHY","Arvioitu lukuaika":"3 minuuttia"},"schema":{"@context":"https:\/\/schema.org","@graph":[{"@type":"Article","@id":"https:\/\/www.rukajarvensuunnanhistoriayhdistys.fi\/historiayhdistys\/103-vuotiaan-veteraani-matti-karkkaisen-juhlavat-hautajaiset\/#article","isPartOf":{"@id":"https:\/\/www.rukajarvensuunnanhistoriayhdistys.fi\/historiayhdistys\/103-vuotiaan-veteraani-matti-karkkaisen-juhlavat-hautajaiset\/"},"author":{"name":"RSHY","@id":"https:\/\/www.rukajarvensuunnanhistoriayhdistys.fi\/historiayhdistys\/#\/schema\/person\/19de7db68bf72dfd2b5d7f6dfbf8454d"},"headline":"103- vuotiaan veteraani Matti K\u00e4rkk\u00e4isen juhlavat hautajaiset","datePublished":"2019-10-13T06:54:03+00:00","dateModified":"2019-10-13T07:52:18+00:00","mainEntityOfPage":{"@id":"https:\/\/www.rukajarvensuunnanhistoriayhdistys.fi\/historiayhdistys\/103-vuotiaan-veteraani-matti-karkkaisen-juhlavat-hautajaiset\/"},"wordCount":660,"publisher":{"@id":"https:\/\/www.rukajarvensuunnanhistoriayhdistys.fi\/historiayhdistys\/#organization"},"image":{"@id":"https:\/\/www.rukajarvensuunnanhistoriayhdistys.fi\/historiayhdistys\/103-vuotiaan-veteraani-matti-karkkaisen-juhlavat-hautajaiset\/#primaryimage"},"thumbnailUrl":"http:\/\/www.rukajarvensuunnanhistoriayhdistys.fi\/historiayhdistys\/wp-content\/uploads\/2019\/10\/DSC08438-KL-1024x681.jpg","articleSection":["Ajankohtaista","Toiminta"],"inLanguage":"fi"},{"@type":"WebPage","@id":"https:\/\/www.rukajarvensuunnanhistoriayhdistys.fi\/historiayhdistys\/103-vuotiaan-veteraani-matti-karkkaisen-juhlavat-hautajaiset\/","url":"https:\/\/www.rukajarvensuunnanhistoriayhdistys.fi\/historiayhdistys\/103-vuotiaan-veteraani-matti-karkkaisen-juhlavat-hautajaiset\/","name":"103- vuotiaan veteraani Matti K\u00e4rkk\u00e4isen juhlavat hautajaiset - Rukaj\u00e4rven suunnan historiayhdistys","isPartOf":{"@id":"https:\/\/www.rukajarvensuunnanhistoriayhdistys.fi\/historiayhdistys\/#website"},"primaryImageOfPage":{"@id":"https:\/\/www.rukajarvensuunnanhistoriayhdistys.fi\/historiayhdistys\/103-vuotiaan-veteraani-matti-karkkaisen-juhlavat-hautajaiset\/#primaryimage"},"image":{"@id":"https:\/\/www.rukajarvensuunnanhistoriayhdistys.fi\/historiayhdistys\/103-vuotiaan-veteraani-matti-karkkaisen-juhlavat-hautajaiset\/#primaryimage"},"thumbnailUrl":"http:\/\/www.rukajarvensuunnanhistoriayhdistys.fi\/historiayhdistys\/wp-content\/uploads\/2019\/10\/DSC08438-KL-1024x681.jpg","datePublished":"2019-10-13T06:54:03+00:00","dateModified":"2019-10-13T07:52:18+00:00","breadcrumb":{"@id":"https:\/\/www.rukajarvensuunnanhistoriayhdistys.fi\/historiayhdistys\/103-vuotiaan-veteraani-matti-karkkaisen-juhlavat-hautajaiset\/#breadcrumb"},"inLanguage":"fi","potentialAction":[{"@type":"ReadAction","target":["https:\/\/www.rukajarvensuunnanhistoriayhdistys.fi\/historiayhdistys\/103-vuotiaan-veteraani-matti-karkkaisen-juhlavat-hautajaiset\/"]}]},{"@type":"ImageObject","inLanguage":"fi","@id":"https:\/\/www.rukajarvensuunnanhistoriayhdistys.fi\/historiayhdistys\/103-vuotiaan-veteraani-matti-karkkaisen-juhlavat-hautajaiset\/#primaryimage","url":"https:\/\/www.rukajarvensuunnanhistoriayhdistys.fi\/historiayhdistys\/wp-content\/uploads\/2019\/10\/DSC08438-KL.jpg","contentUrl":"https:\/\/www.rukajarvensuunnanhistoriayhdistys.fi\/historiayhdistys\/wp-content\/uploads\/2019\/10\/DSC08438-KL.jpg","width":4592,"height":3056,"caption":"SONY DSC"},{"@type":"BreadcrumbList","@id":"https:\/\/www.rukajarvensuunnanhistoriayhdistys.fi\/historiayhdistys\/103-vuotiaan-veteraani-matti-karkkaisen-juhlavat-hautajaiset\/#breadcrumb","itemListElement":[{"@type":"ListItem","position":1,"name":"Etusivu","item":"https:\/\/www.rukajarvensuunnanhistoriayhdistys.fi\/historiayhdistys\/"},{"@type":"ListItem","position":2,"name":"103- vuotiaan veteraani Matti K\u00e4rkk\u00e4isen juhlavat hautajaiset"}]},{"@type":"WebSite","@id":"https:\/\/www.rukajarvensuunnanhistoriayhdistys.fi\/historiayhdistys\/#website","url":"https:\/\/www.rukajarvensuunnanhistoriayhdistys.fi\/historiayhdistys\/","name":"Rukaj\u00e4rven suunnan historiayhdistys","description":"Rukaj\u00e4rven suunnan historiayhdistyksen verkkosivut.","publisher":{"@id":"https:\/\/www.rukajarvensuunnanhistoriayhdistys.fi\/historiayhdistys\/#organization"},"potentialAction":[{"@type":"SearchAction","target":{"@type":"EntryPoint","urlTemplate":"https:\/\/www.rukajarvensuunnanhistoriayhdistys.fi\/historiayhdistys\/?s={search_term_string}"},"query-input":{"@type":"PropertyValueSpecification","valueRequired":true,"valueName":"search_term_string"}}],"inLanguage":"fi"},{"@type":"Organization","@id":"https:\/\/www.rukajarvensuunnanhistoriayhdistys.fi\/historiayhdistys\/#organization","name":"Rukaj\u00e4rven suunnan historiayhdistys","url":"https:\/\/www.rukajarvensuunnanhistoriayhdistys.fi\/historiayhdistys\/","logo":{"@type":"ImageObject","inLanguage":"fi","@id":"https:\/\/www.rukajarvensuunnanhistoriayhdistys.fi\/historiayhdistys\/#\/schema\/logo\/image\/","url":"https:\/\/www.rukajarvensuunnanhistoriayhdistys.fi\/historiayhdistys\/wp-content\/uploads\/2013\/12\/Otsake_3.jpg","contentUrl":"https:\/\/www.rukajarvensuunnanhistoriayhdistys.fi\/historiayhdistys\/wp-content\/uploads\/2013\/12\/Otsake_3.jpg","width":1000,"height":442,"caption":"Rukaj\u00e4rven suunnan historiayhdistys"},"image":{"@id":"https:\/\/www.rukajarvensuunnanhistoriayhdistys.fi\/historiayhdistys\/#\/schema\/logo\/image\/"}},{"@type":"Person","@id":"https:\/\/www.rukajarvensuunnanhistoriayhdistys.fi\/historiayhdistys\/#\/schema\/person\/19de7db68bf72dfd2b5d7f6dfbf8454d","name":"RSHY","image":{"@type":"ImageObject","inLanguage":"fi","@id":"https:\/\/secure.gravatar.com\/avatar\/598d59263a69cc8de65fcb4f9db78d6f58c098cb0e0ba22d73377441af9fa04c?s=96&d=blank&r=g","url":"https:\/\/secure.gravatar.com\/avatar\/598d59263a69cc8de65fcb4f9db78d6f58c098cb0e0ba22d73377441af9fa04c?s=96&d=blank&r=g","contentUrl":"https:\/\/secure.gravatar.com\/avatar\/598d59263a69cc8de65fcb4f9db78d6f58c098cb0e0ba22d73377441af9fa04c?s=96&d=blank&r=g","caption":"RSHY"},"url":"https:\/\/www.rukajarvensuunnanhistoriayhdistys.fi\/historiayhdistys\/author\/rshy\/"}]}},"_links":{"self":[{"href":"https:\/\/www.rukajarvensuunnanhistoriayhdistys.fi\/historiayhdistys\/wp-json\/wp\/v2\/posts\/13387","targetHints":{"allow":["GET"]}}],"collection":[{"href":"https:\/\/www.rukajarvensuunnanhistoriayhdistys.fi\/historiayhdistys\/wp-json\/wp\/v2\/posts"}],"about":[{"href":"https:\/\/www.rukajarvensuunnanhistoriayhdistys.fi\/historiayhdistys\/wp-json\/wp\/v2\/types\/post"}],"author":[{"embeddable":true,"href":"https:\/\/www.rukajarvensuunnanhistoriayhdistys.fi\/historiayhdistys\/wp-json\/wp\/v2\/users\/3"}],"replies":[{"embeddable":true,"href":"https:\/\/www.rukajarvensuunnanhistoriayhdistys.fi\/historiayhdistys\/wp-json\/wp\/v2\/comments?post=13387"}],"version-history":[{"count":7,"href":"https:\/\/www.rukajarvensuunnanhistoriayhdistys.fi\/historiayhdistys\/wp-json\/wp\/v2\/posts\/13387\/revisions"}],"predecessor-version":[{"id":13405,"href":"https:\/\/www.rukajarvensuunnanhistoriayhdistys.fi\/historiayhdistys\/wp-json\/wp\/v2\/posts\/13387\/revisions\/13405"}],"wp:attachment":[{"href":"https:\/\/www.rukajarvensuunnanhistoriayhdistys.fi\/historiayhdistys\/wp-json\/wp\/v2\/media?parent=13387"}],"wp:term":[{"taxonomy":"category","embeddable":true,"href":"https:\/\/www.rukajarvensuunnanhistoriayhdistys.fi\/historiayhdistys\/wp-json\/wp\/v2\/categories?post=13387"},{"taxonomy":"post_tag","embeddable":true,"href":"https:\/\/www.rukajarvensuunnanhistoriayhdistys.fi\/historiayhdistys\/wp-json\/wp\/v2\/tags?post=13387"}],"curies":[{"name":"wp","href":"https:\/\/api.w.org\/{rel}","templated":true}]}}