{"id":15009,"date":"2023-03-26T00:03:00","date_gmt":"2023-03-25T22:03:00","guid":{"rendered":"http:\/\/www.rukajarvensuunnanhistoriayhdistys.fi\/historiayhdistys\/?p=15009"},"modified":"2023-03-26T00:09:34","modified_gmt":"2023-03-25T22:09:34","slug":"antti-haapalaisen-muistolle-10-9-1946-7-3-2023","status":"publish","type":"post","link":"https:\/\/www.rukajarvensuunnanhistoriayhdistys.fi\/historiayhdistys\/antti-haapalaisen-muistolle-10-9-1946-7-3-2023\/","title":{"rendered":"<strong>Antti Haapalaisen muistolle (10.9.1946 \u2013 7.3.2023)<\/strong>"},"content":{"rendered":"<div class=\"fcbkbttn_buttons_block\" id=\"fcbkbttn_left\"><div class=\"fcbkbttn_like \"><fb:like href=\"https:\/\/www.rukajarvensuunnanhistoriayhdistys.fi\/historiayhdistys\/antti-haapalaisen-muistolle-10-9-1946-7-3-2023\/\" action=\"like\" colorscheme=\"light\" layout=\"button_count\"  size=\"small\"><\/fb:like><\/div><\/div>\n<p>Antti Haapalainen voidaan lukea sotahistoriaty\u00f6ss\u00e4 lohen sukuun kuuluvaksi, taipumattomaksi, vastavirtaan taistelevaksi heimonsa jaloimmaksi edustajaksi. P\u00e4\u00e4m\u00e4\u00e4r\u00e4tietoinen ty\u00f6nsankari, joka tiesi mit\u00e4 halusi, tavoitteet olivat selv\u00e4t. Joskus h\u00e4n saattoi tuoda mielipiteens\u00e4 esille, mik\u00e4 ei ollut aina kaikkien mieleen.<\/p>\n\n\n\n<figure class=\"wp-block-image size-large is-resized\"><a href=\"http:\/\/www.rukajarvensuunnanhistoriayhdistys.fi\/historiayhdistys\/wp-content\/uploads\/2023\/03\/Antti_1-Ari-Komulaiselta-8-3-2023-scaled.jpg\"><img loading=\"lazy\" decoding=\"async\" src=\"http:\/\/www.rukajarvensuunnanhistoriayhdistys.fi\/historiayhdistys\/wp-content\/uploads\/2023\/03\/Antti_1-Ari-Komulaiselta-8-3-2023-769x1024.jpg\" alt=\"\" class=\"wp-image-15010\" width=\"831\" height=\"1107\" srcset=\"https:\/\/www.rukajarvensuunnanhistoriayhdistys.fi\/historiayhdistys\/wp-content\/uploads\/2023\/03\/Antti_1-Ari-Komulaiselta-8-3-2023-769x1024.jpg 769w, https:\/\/www.rukajarvensuunnanhistoriayhdistys.fi\/historiayhdistys\/wp-content\/uploads\/2023\/03\/Antti_1-Ari-Komulaiselta-8-3-2023-225x300.jpg 225w, https:\/\/www.rukajarvensuunnanhistoriayhdistys.fi\/historiayhdistys\/wp-content\/uploads\/2023\/03\/Antti_1-Ari-Komulaiselta-8-3-2023-768x1023.jpg 768w, https:\/\/www.rukajarvensuunnanhistoriayhdistys.fi\/historiayhdistys\/wp-content\/uploads\/2023\/03\/Antti_1-Ari-Komulaiselta-8-3-2023-1153x1536.jpg 1153w, https:\/\/www.rukajarvensuunnanhistoriayhdistys.fi\/historiayhdistys\/wp-content\/uploads\/2023\/03\/Antti_1-Ari-Komulaiselta-8-3-2023-1537x2048.jpg 1537w, https:\/\/www.rukajarvensuunnanhistoriayhdistys.fi\/historiayhdistys\/wp-content\/uploads\/2023\/03\/Antti_1-Ari-Komulaiselta-8-3-2023-scaled.jpg 1921w\" sizes=\"auto, (max-width: 831px) 100vw, 831px\" \/><\/a><figcaption class=\"wp-element-caption\"><strong>Antti Haapalainen (10.9.1946 \u2013 7.3.2023)<\/strong><\/figcaption><\/figure>\n\n\n\n<p>Heti yhteisty\u00f6mme alussa varmistin hallituksen er\u00e4iden j\u00e4senten vastustuksesta huolimatta Antin idean nostamisen Rukaj\u00e4rvi-keskuksen keskeiseksi sein\u00e4tauluksi. Tuo kiistanalaiseksi muodostunut Kentt\u00e4vartiopuolustuslinjan kartta tukikohtamerkint\u00f6ineen on sill\u00e4 paikalla viel\u00e4kin. Emme suinkaan olleet Antin kanssa aina samalla kannalla. Vuoropuhelu oli rakentavaa ja asiapohjaista. Antilla oli selv\u00e4 n\u00e4kemys oman ty\u00f6ns\u00e4 suuntaamisesta ja h\u00e4n n\u00e4ki omien resurssiensa puitteissa ja sen avulla hy\u00f6dynt\u00e4v\u00e4ns\u00e4 koko yhteis\u00f6mme toimintaa parhaiten. Ty\u00f6n tulokset ovat kiistattomat ja olivat koko ajan, aina vuodesta 2013 yhdistyksemme k\u00e4ytett\u00e4viss\u00e4 ja laajemminkin. Antin ja Reijo Pulkkisen yhteisty\u00f6n tulokset saatiin my\u00f6s Suomen Sotahistoriallisen Seuran sivuilla julkaistuksi.<\/p>\n\n\n\n<p>Antti j\u00e4i el\u00e4kkeelle 2009 ja sen j\u00e4lkeen h\u00e4n toteutti unelmansa ja mittava yli 14 vuotta kest\u00e4nyt ty\u00f6 tuli loppuun suoritetuksi. Ty\u00f6n valmistuttua Antti halusi lahjoittaa kaikki ty\u00f6ns\u00e4 tulokset yhdistyksemme ja sen j\u00e4senten sek\u00e4 historiantutkijoitten k\u00e4ytt\u00f6\u00f6n.<\/p>\n\n\n\n<p>Lahjoitusp\u00e4\u00e4t\u00f6ksen tehty\u00e4\u00e4n Antti tuntui kovin helpottuneelta. T\u00e4h\u00e4nkin edell\u00e4 kerrottuun p\u00e4tee vanha kansanviisaus: \u201dJaettu ilo on kaksinkertainen ilo.\u201d<\/p>\n\n\n\n<p>Antti soitti minulle tammikuun lopulla. Syv\u00e4sti mielt\u00e4 liikuttava puhelu. H\u00e4n ilmoitti haluavansa tavata. Antti puhui hiljaisella, heikolla \u00e4\u00e4nell\u00e4 ja kertoi lyhyess\u00e4 puhelussaan, ett\u00e4 h\u00e4n on vakavasti sairastunut ja ettei h\u00e4n tule n\u00e4kem\u00e4\u00e4n en\u00e4\u00e4 kes\u00e4\u00e4 ja sit\u00e4 ennen asiat on saatava p\u00e4iv\u00e4j\u00e4rjestykseen. Samalla h\u00e4n ilmoitti luovuttavansa yhdistyksellemme kaiken sotahistoriaty\u00f6ss\u00e4 kokoamansa aineiston. Tuohon tilaisuuteen Antti toivoi osallistuvan my\u00f6s yhdistyksemme sihteeri\/taloudenhoitaja Jari K\u00e4rkk\u00e4isen.<\/p>\n\n\n\n<p>Tapaamisemme toteutui 15. p\u00e4iv\u00e4 helmikuuta. Ensin keskustelimme kahvip\u00f6yd\u00e4ss\u00e4, johon keskusteluun osallistui my\u00f6s Antin puoliso. Antti kertoi tapaamisen tarkoituksesta ja lahjoituksestaan. Esitin h\u00e4nelle yhdistyksemme puolesta ja my\u00f6s henkil\u00f6kohtaiset kiitoksemme. Kiitollisena lahjoituksesta luovutimme yhdistyksemme arvokkaimmat teokset. Esitimme, ett\u00e4 t\u00e4ll\u00e4 lahjoituksella haluamme osoittaa kiitollisuuttamme my\u00f6s h\u00e4nen puolisolleen ja lapsilleen.<\/p>\n\n\n\n<p>Kahvittelun j\u00e4lkeen Antti halusi selvitt\u00e4\u00e4 meille perusteellisesti lahjoituksensa sis\u00e4ll\u00f6n ja esitt\u00e4\u00e4 samalla my\u00f6s sen, miten lahjoitusta h\u00e4nen mielest\u00e4\u00e4n tulisi yhdistyksen sotahistoriaty\u00f6ss\u00e4 hy\u00f6dynt\u00e4\u00e4. Jatkoimme keskustelua Antin ty\u00f6huoneessa per\u00e4ti nelj\u00e4n tunnin ajan. Tuossa keskustelussa sain h\u00e4nen ranskalaisin viivoin laatimansa esityslistan, mink\u00e4 mukaan h\u00e4n johdatteli asiakohtaista esittely\u00e4.<\/p>\n\n\n\n<p>Keskustelun lopuksi Antti halusi esitt\u00e4\u00e4 yhdistykselle kiitoksensa siit\u00e4, ett\u00e4 h\u00e4n voinut osallistua ja olla omalta osaltaan tukemassa arvokasta sotahistoriaty\u00f6t\u00e4 yhdess\u00e4 niin monien arvostamiensa henkil\u00f6itten kanssa. Nimi\u00e4kin h\u00e4n toi esille.<\/p>\n\n\n\n<p>Pentti K\u00e4rkk\u00e4isen laajat arkistotutkimukset tulivat Antin tietoon er\u00e4\u00e4ll\u00e4 Rukaj\u00e4rven matkalla. Siell\u00e4 h\u00e4n n\u00e4ki Pentin kokoaman 14. divisioonan vastuualueen kartan syksyst\u00e4 1943 aina sodan loppuun saakka. Se k\u00e4sitti kartan Ontaj\u00e4rvelt\u00e4 Nuokkij\u00e4rvelle. Tuo kartta innosti h\u00e4nt\u00e4 k\u00e4ynnist\u00e4m\u00e4\u00e4n yksikk\u00f6tasoiset tutkimukset, miss\u00e4 h\u00e4n saattoi hy\u00f6dynt\u00e4\u00e4 aikaisempaa ty\u00f6t\u00e4\u00e4n Rukaj\u00e4rven suunnan karttakirjaa ja Kentt\u00e4vartiopuolustuslinjaa varten ker\u00e4ttyj\u00e4 arkistotietoja.<\/p>\n\n\n\n<p>Aivan viimeiseksi Antti otti esille toivomuksensa siit\u00e4, miten h\u00e4nen poismenonsa j\u00e4lkeen tulee menetell\u00e4. H\u00e4n kertoi antaneensa vastaavat ohjeet my\u00f6s perheelleen. Rukaj\u00e4rven suunnan historiayhdistykselt\u00e4 h\u00e4n toivoo, ett\u00e4 aineisto asetettaisiin esille Lieksan Rukaj\u00e4rvi-keskukseen ja ett\u00e4 sen digitaalinen aineisto tulisi yhdistyksen k\u00e4ytt\u00f6\u00f6n, siihen h\u00e4n oli saanut Reijo Pulkkisen suostumuksen. Lopuksi Antti ilmoitti havainneensa yhdistyksess\u00e4 olevan k\u00e4yt\u00e4nt\u00f6n\u00e4, ett\u00e4 poismenneist\u00e4 veteraanij\u00e4senist\u00e4 ja my\u00f6s muista j\u00e4senist\u00e4 julkaistaan muistokirjoitus. Antti ilmoitti, ett\u00e4: \u201dsen voitte tehd\u00e4 vallitsevan k\u00e4yt\u00e4nn\u00f6n mukaisesti.\u201d Muistokirjoituksen tulee keskitty\u00e4 pelk\u00e4st\u00e4\u00e4n h\u00e4nen osallistumiseensa yhdistyksen sotahistoriaty\u00f6h\u00f6n. Ilmoitimme omalta osaltamme toteuttavamme h\u00e4nen viimeisen tahtonsa kirjaimellisesti, mutta samalla toivoimme tietysti h\u00e4nen tervehtyv\u00e4n vakavasta sairaudestaan.<\/p>\n\n\n\n<p>Keskustelumme kesti nelj\u00e4 tuntia. Seuraavana aamuna (16.2.2023 klo 8:13) Antti l\u00e4hetti viestin kuvan kera, mik\u00e4 kuuluu seuraavasti: \u201dKiitos k\u00e4ynnist\u00e4. Olipa mukava rupatteluhetki \u2013 joo 4 h, eip\u00e4 huomannut ajan kulua. Kiitos varsinkin muistamisesta = Jotos.\u201d<\/p>\n\n\n\n<p>Vastasin Antin kirjoitukseen kiitoskirjeell\u00e4, miss\u00e4 kertasin keskusteluamme. Paljastin h\u00e4nelle muutaman salaisuuden, mik\u00e4 on ollut vain harvan hallituksen j\u00e4senen tiedossa. Siksip\u00e4 lienee paikallaan, ett\u00e4 julkaisemme tuon kirjoitukseni t\u00e4m\u00e4n muistokirjoituksen liitteen\u00e4. Se kertoo kaikille, miten poikkeuksellisesta henkil\u00f6st\u00e4 on kysymys, kun puhumme Antti Haapalaisesta ja h\u00e4nen sotahistoriaty\u00f6st\u00e4\u00e4n. Mittava ty\u00f6 valmistui ajallaan. Uutinen Antin poismenosta j\u00e4rkytti, silti vaikka Antti itse ilmoittikin voimiensa hiipuvan.<\/p>\n\n\n\n<p>Antti on poissa, mutta h\u00e4nen ty\u00f6ns\u00e4 el\u00e4\u00e4. J\u00e4\u00e4mme syv\u00e4sti kaipaamaan yhdistyksemme entist\u00e4 hallituksen j\u00e4sent\u00e4 Antti Haapalaista.<\/p>\n\n\n\n<p>Otamme osaa omaisten suruun.<\/p>\n\n\n\n<p>Tenho Tikkanen<\/p>\n\n\n\n<p>Rukaj\u00e4rven suunnan historiayhdistys ry. puheenjohtaja<\/p>\n\n\n\n<p>Antin hautajaiset 25.3.2023 klo 14.30 Kuopion Pyh\u00e4n Pietarin kappeli, os. Siunauskappelintie 3, 70110 Kuopio.<\/p>\n\n\n\n\n\n<p>***<\/p>\n\n\n\n<p>Liitteen\u00e4 kiitoskirje 16.2.2023 <strong><a href=\"http:\/\/www.rukajarvensuunnanhistoriayhdistys.fi\/historiayhdistys\/wp-content\/uploads\/2023\/03\/Haapalainen-Antti-muistokirjoitus-26-3-2023-TT-julkaistu.pdf\">T\u00c4\u00c4LT\u00c4<\/a>:<\/strong><\/p>\n","protected":false},"excerpt":{"rendered":"<p>Antti Haapalainen voidaan lukea sotahistoriaty\u00f6ss\u00e4 lohen sukuun kuuluvaksi, taipumattomaksi, vastavirtaan taistelevaksi heimonsa jaloimmaksi edustajaksi. P\u00e4\u00e4m\u00e4\u00e4r\u00e4tietoinen ty\u00f6nsankari, joka tiesi mit\u00e4 halusi, tavoitteet olivat selv\u00e4t. Joskus h\u00e4n saattoi tuoda mielipiteens\u00e4 esille, mik\u00e4 <a class=\"more-link\" href=\"https:\/\/www.rukajarvensuunnanhistoriayhdistys.fi\/historiayhdistys\/antti-haapalaisen-muistolle-10-9-1946-7-3-2023\/\">Teksti jatkuu&#8230;<span class=\"screen-reader-text\"><strong>Antti Haapalaisen muistolle (10.9.1946 \u2013 7.3.2023)<\/strong><\/span><span class=\"meta-nav\">\u2192<\/span><\/a><\/p>\n","protected":false},"author":3,"featured_media":0,"comment_status":"closed","ping_status":"open","sticky":false,"template":"","format":"standard","meta":{"footnotes":""},"categories":[22,43,21,17],"tags":[],"class_list":["post-15009","post","type-post","status-publish","format-standard","hentry","category-ajankohtaista","category-kenttavartiotutkimus","category-rukajarvi-keskus","category-toiminta"],"yoast_head":"<!-- This site is optimized with the Yoast SEO plugin v27.4 - https:\/\/yoast.com\/product\/yoast-seo-wordpress\/ -->\n<title>Antti Haapalaisen muistolle (10.9.1946 \u2013 7.3.2023) - Rukaj\u00e4rven suunnan historiayhdistys<\/title>\n<meta name=\"robots\" content=\"index, follow, max-snippet:-1, max-image-preview:large, max-video-preview:-1\" \/>\n<link rel=\"canonical\" href=\"https:\/\/www.rukajarvensuunnanhistoriayhdistys.fi\/historiayhdistys\/antti-haapalaisen-muistolle-10-9-1946-7-3-2023\/\" \/>\n<meta property=\"og:locale\" content=\"fi_FI\" \/>\n<meta property=\"og:type\" content=\"article\" \/>\n<meta property=\"og:title\" content=\"Antti Haapalaisen muistolle (10.9.1946 \u2013 7.3.2023) - Rukaj\u00e4rven suunnan historiayhdistys\" \/>\n<meta property=\"og:description\" content=\"Antti Haapalainen voidaan lukea sotahistoriaty\u00f6ss\u00e4 lohen sukuun kuuluvaksi, taipumattomaksi, vastavirtaan taistelevaksi heimonsa jaloimmaksi edustajaksi. P\u00e4\u00e4m\u00e4\u00e4r\u00e4tietoinen ty\u00f6nsankari, joka tiesi mit\u00e4 halusi, tavoitteet olivat selv\u00e4t. Joskus h\u00e4n saattoi tuoda mielipiteens\u00e4 esille, mik\u00e4 Teksti jatkuu...Antti Haapalaisen muistolle (10.9.1946 \u2013 7.3.2023)\u2192\" \/>\n<meta property=\"og:url\" content=\"https:\/\/www.rukajarvensuunnanhistoriayhdistys.fi\/historiayhdistys\/antti-haapalaisen-muistolle-10-9-1946-7-3-2023\/\" \/>\n<meta property=\"og:site_name\" content=\"Rukaj\u00e4rven suunnan historiayhdistys\" \/>\n<meta property=\"article:published_time\" content=\"2023-03-25T22:03:00+00:00\" \/>\n<meta property=\"article:modified_time\" content=\"2023-03-25T22:09:34+00:00\" \/>\n<meta property=\"og:image\" content=\"http:\/\/www.rukajarvensuunnanhistoriayhdistys.fi\/historiayhdistys\/wp-content\/uploads\/2023\/03\/Antti_1-Ari-Komulaiselta-8-3-2023-769x1024.jpg\" \/>\n<meta name=\"author\" content=\"RSHY\" \/>\n<meta name=\"twitter:label1\" content=\"Kirjoittanut\" \/>\n\t<meta name=\"twitter:data1\" content=\"RSHY\" \/>\n\t<meta name=\"twitter:label2\" content=\"Arvioitu lukuaika\" \/>\n\t<meta name=\"twitter:data2\" content=\"5 minuuttia\" \/>\n<script type=\"application\/ld+json\" class=\"yoast-schema-graph\">{\"@context\":\"https:\\\/\\\/schema.org\",\"@graph\":[{\"@type\":\"Article\",\"@id\":\"https:\\\/\\\/www.rukajarvensuunnanhistoriayhdistys.fi\\\/historiayhdistys\\\/antti-haapalaisen-muistolle-10-9-1946-7-3-2023\\\/#article\",\"isPartOf\":{\"@id\":\"https:\\\/\\\/www.rukajarvensuunnanhistoriayhdistys.fi\\\/historiayhdistys\\\/antti-haapalaisen-muistolle-10-9-1946-7-3-2023\\\/\"},\"author\":{\"name\":\"RSHY\",\"@id\":\"http:\\\/\\\/www.rukajarvensuunnanhistoriayhdistys.fi\\\/historiayhdistys\\\/#\\\/schema\\\/person\\\/19de7db68bf72dfd2b5d7f6dfbf8454d\"},\"headline\":\"Antti Haapalaisen muistolle (10.9.1946 \u2013 7.3.2023)\",\"datePublished\":\"2023-03-25T22:03:00+00:00\",\"dateModified\":\"2023-03-25T22:09:34+00:00\",\"mainEntityOfPage\":{\"@id\":\"https:\\\/\\\/www.rukajarvensuunnanhistoriayhdistys.fi\\\/historiayhdistys\\\/antti-haapalaisen-muistolle-10-9-1946-7-3-2023\\\/\"},\"wordCount\":781,\"publisher\":{\"@id\":\"http:\\\/\\\/www.rukajarvensuunnanhistoriayhdistys.fi\\\/historiayhdistys\\\/#organization\"},\"image\":{\"@id\":\"https:\\\/\\\/www.rukajarvensuunnanhistoriayhdistys.fi\\\/historiayhdistys\\\/antti-haapalaisen-muistolle-10-9-1946-7-3-2023\\\/#primaryimage\"},\"thumbnailUrl\":\"http:\\\/\\\/www.rukajarvensuunnanhistoriayhdistys.fi\\\/historiayhdistys\\\/wp-content\\\/uploads\\\/2023\\\/03\\\/Antti_1-Ari-Komulaiselta-8-3-2023-769x1024.jpg\",\"articleSection\":[\"Ajankohtaista\",\"kentt\u00e4vartiotutkimus\",\"Rukaj\u00e4rvi-keskus\",\"Toiminta\"],\"inLanguage\":\"fi\"},{\"@type\":\"WebPage\",\"@id\":\"https:\\\/\\\/www.rukajarvensuunnanhistoriayhdistys.fi\\\/historiayhdistys\\\/antti-haapalaisen-muistolle-10-9-1946-7-3-2023\\\/\",\"url\":\"https:\\\/\\\/www.rukajarvensuunnanhistoriayhdistys.fi\\\/historiayhdistys\\\/antti-haapalaisen-muistolle-10-9-1946-7-3-2023\\\/\",\"name\":\"Antti Haapalaisen muistolle (10.9.1946 \u2013 7.3.2023) - Rukaj\u00e4rven suunnan historiayhdistys\",\"isPartOf\":{\"@id\":\"http:\\\/\\\/www.rukajarvensuunnanhistoriayhdistys.fi\\\/historiayhdistys\\\/#website\"},\"primaryImageOfPage\":{\"@id\":\"https:\\\/\\\/www.rukajarvensuunnanhistoriayhdistys.fi\\\/historiayhdistys\\\/antti-haapalaisen-muistolle-10-9-1946-7-3-2023\\\/#primaryimage\"},\"image\":{\"@id\":\"https:\\\/\\\/www.rukajarvensuunnanhistoriayhdistys.fi\\\/historiayhdistys\\\/antti-haapalaisen-muistolle-10-9-1946-7-3-2023\\\/#primaryimage\"},\"thumbnailUrl\":\"http:\\\/\\\/www.rukajarvensuunnanhistoriayhdistys.fi\\\/historiayhdistys\\\/wp-content\\\/uploads\\\/2023\\\/03\\\/Antti_1-Ari-Komulaiselta-8-3-2023-769x1024.jpg\",\"datePublished\":\"2023-03-25T22:03:00+00:00\",\"dateModified\":\"2023-03-25T22:09:34+00:00\",\"breadcrumb\":{\"@id\":\"https:\\\/\\\/www.rukajarvensuunnanhistoriayhdistys.fi\\\/historiayhdistys\\\/antti-haapalaisen-muistolle-10-9-1946-7-3-2023\\\/#breadcrumb\"},\"inLanguage\":\"fi\",\"potentialAction\":[{\"@type\":\"ReadAction\",\"target\":[\"https:\\\/\\\/www.rukajarvensuunnanhistoriayhdistys.fi\\\/historiayhdistys\\\/antti-haapalaisen-muistolle-10-9-1946-7-3-2023\\\/\"]}]},{\"@type\":\"ImageObject\",\"inLanguage\":\"fi\",\"@id\":\"https:\\\/\\\/www.rukajarvensuunnanhistoriayhdistys.fi\\\/historiayhdistys\\\/antti-haapalaisen-muistolle-10-9-1946-7-3-2023\\\/#primaryimage\",\"url\":\"https:\\\/\\\/www.rukajarvensuunnanhistoriayhdistys.fi\\\/historiayhdistys\\\/wp-content\\\/uploads\\\/2023\\\/03\\\/Antti_1-Ari-Komulaiselta-8-3-2023-scaled.jpg\",\"contentUrl\":\"https:\\\/\\\/www.rukajarvensuunnanhistoriayhdistys.fi\\\/historiayhdistys\\\/wp-content\\\/uploads\\\/2023\\\/03\\\/Antti_1-Ari-Komulaiselta-8-3-2023-scaled.jpg\",\"width\":1921,\"height\":2560},{\"@type\":\"BreadcrumbList\",\"@id\":\"https:\\\/\\\/www.rukajarvensuunnanhistoriayhdistys.fi\\\/historiayhdistys\\\/antti-haapalaisen-muistolle-10-9-1946-7-3-2023\\\/#breadcrumb\",\"itemListElement\":[{\"@type\":\"ListItem\",\"position\":1,\"name\":\"Etusivu\",\"item\":\"http:\\\/\\\/www.rukajarvensuunnanhistoriayhdistys.fi\\\/historiayhdistys\\\/\"},{\"@type\":\"ListItem\",\"position\":2,\"name\":\"Antti Haapalaisen muistolle (10.9.1946 \u2013 7.3.2023)\"}]},{\"@type\":\"WebSite\",\"@id\":\"http:\\\/\\\/www.rukajarvensuunnanhistoriayhdistys.fi\\\/historiayhdistys\\\/#website\",\"url\":\"http:\\\/\\\/www.rukajarvensuunnanhistoriayhdistys.fi\\\/historiayhdistys\\\/\",\"name\":\"Rukaj\u00e4rven suunnan historiayhdistys\",\"description\":\"Rukaj\u00e4rven suunnan historiayhdistyksen verkkosivut.\",\"publisher\":{\"@id\":\"http:\\\/\\\/www.rukajarvensuunnanhistoriayhdistys.fi\\\/historiayhdistys\\\/#organization\"},\"potentialAction\":[{\"@type\":\"SearchAction\",\"target\":{\"@type\":\"EntryPoint\",\"urlTemplate\":\"http:\\\/\\\/www.rukajarvensuunnanhistoriayhdistys.fi\\\/historiayhdistys\\\/?s={search_term_string}\"},\"query-input\":{\"@type\":\"PropertyValueSpecification\",\"valueRequired\":true,\"valueName\":\"search_term_string\"}}],\"inLanguage\":\"fi\"},{\"@type\":\"Organization\",\"@id\":\"http:\\\/\\\/www.rukajarvensuunnanhistoriayhdistys.fi\\\/historiayhdistys\\\/#organization\",\"name\":\"Rukaj\u00e4rven suunnan historiayhdistys\",\"url\":\"http:\\\/\\\/www.rukajarvensuunnanhistoriayhdistys.fi\\\/historiayhdistys\\\/\",\"logo\":{\"@type\":\"ImageObject\",\"inLanguage\":\"fi\",\"@id\":\"http:\\\/\\\/www.rukajarvensuunnanhistoriayhdistys.fi\\\/historiayhdistys\\\/#\\\/schema\\\/logo\\\/image\\\/\",\"url\":\"https:\\\/\\\/www.rukajarvensuunnanhistoriayhdistys.fi\\\/historiayhdistys\\\/wp-content\\\/uploads\\\/2013\\\/12\\\/Otsake_3.jpg\",\"contentUrl\":\"https:\\\/\\\/www.rukajarvensuunnanhistoriayhdistys.fi\\\/historiayhdistys\\\/wp-content\\\/uploads\\\/2013\\\/12\\\/Otsake_3.jpg\",\"width\":1000,\"height\":442,\"caption\":\"Rukaj\u00e4rven suunnan historiayhdistys\"},\"image\":{\"@id\":\"http:\\\/\\\/www.rukajarvensuunnanhistoriayhdistys.fi\\\/historiayhdistys\\\/#\\\/schema\\\/logo\\\/image\\\/\"}},{\"@type\":\"Person\",\"@id\":\"http:\\\/\\\/www.rukajarvensuunnanhistoriayhdistys.fi\\\/historiayhdistys\\\/#\\\/schema\\\/person\\\/19de7db68bf72dfd2b5d7f6dfbf8454d\",\"name\":\"RSHY\",\"image\":{\"@type\":\"ImageObject\",\"inLanguage\":\"fi\",\"@id\":\"https:\\\/\\\/secure.gravatar.com\\\/avatar\\\/598d59263a69cc8de65fcb4f9db78d6f58c098cb0e0ba22d73377441af9fa04c?s=96&d=blank&r=g\",\"url\":\"https:\\\/\\\/secure.gravatar.com\\\/avatar\\\/598d59263a69cc8de65fcb4f9db78d6f58c098cb0e0ba22d73377441af9fa04c?s=96&d=blank&r=g\",\"contentUrl\":\"https:\\\/\\\/secure.gravatar.com\\\/avatar\\\/598d59263a69cc8de65fcb4f9db78d6f58c098cb0e0ba22d73377441af9fa04c?s=96&d=blank&r=g\",\"caption\":\"RSHY\"},\"url\":\"https:\\\/\\\/www.rukajarvensuunnanhistoriayhdistys.fi\\\/historiayhdistys\\\/author\\\/rshy\\\/\"}]}<\/script>\n<!-- \/ Yoast SEO plugin. -->","yoast_head_json":{"title":"Antti Haapalaisen muistolle (10.9.1946 \u2013 7.3.2023) - Rukaj\u00e4rven suunnan historiayhdistys","robots":{"index":"index","follow":"follow","max-snippet":"max-snippet:-1","max-image-preview":"max-image-preview:large","max-video-preview":"max-video-preview:-1"},"canonical":"https:\/\/www.rukajarvensuunnanhistoriayhdistys.fi\/historiayhdistys\/antti-haapalaisen-muistolle-10-9-1946-7-3-2023\/","og_locale":"fi_FI","og_type":"article","og_title":"Antti Haapalaisen muistolle (10.9.1946 \u2013 7.3.2023) - Rukaj\u00e4rven suunnan historiayhdistys","og_description":"Antti Haapalainen voidaan lukea sotahistoriaty\u00f6ss\u00e4 lohen sukuun kuuluvaksi, taipumattomaksi, vastavirtaan taistelevaksi heimonsa jaloimmaksi edustajaksi. P\u00e4\u00e4m\u00e4\u00e4r\u00e4tietoinen ty\u00f6nsankari, joka tiesi mit\u00e4 halusi, tavoitteet olivat selv\u00e4t. Joskus h\u00e4n saattoi tuoda mielipiteens\u00e4 esille, mik\u00e4 Teksti jatkuu...Antti Haapalaisen muistolle (10.9.1946 \u2013 7.3.2023)\u2192","og_url":"https:\/\/www.rukajarvensuunnanhistoriayhdistys.fi\/historiayhdistys\/antti-haapalaisen-muistolle-10-9-1946-7-3-2023\/","og_site_name":"Rukaj\u00e4rven suunnan historiayhdistys","article_published_time":"2023-03-25T22:03:00+00:00","article_modified_time":"2023-03-25T22:09:34+00:00","og_image":[{"url":"http:\/\/www.rukajarvensuunnanhistoriayhdistys.fi\/historiayhdistys\/wp-content\/uploads\/2023\/03\/Antti_1-Ari-Komulaiselta-8-3-2023-769x1024.jpg","type":"","width":"","height":""}],"author":"RSHY","twitter_misc":{"Kirjoittanut":"RSHY","Arvioitu lukuaika":"5 minuuttia"},"schema":{"@context":"https:\/\/schema.org","@graph":[{"@type":"Article","@id":"https:\/\/www.rukajarvensuunnanhistoriayhdistys.fi\/historiayhdistys\/antti-haapalaisen-muistolle-10-9-1946-7-3-2023\/#article","isPartOf":{"@id":"https:\/\/www.rukajarvensuunnanhistoriayhdistys.fi\/historiayhdistys\/antti-haapalaisen-muistolle-10-9-1946-7-3-2023\/"},"author":{"name":"RSHY","@id":"http:\/\/www.rukajarvensuunnanhistoriayhdistys.fi\/historiayhdistys\/#\/schema\/person\/19de7db68bf72dfd2b5d7f6dfbf8454d"},"headline":"Antti Haapalaisen muistolle (10.9.1946 \u2013 7.3.2023)","datePublished":"2023-03-25T22:03:00+00:00","dateModified":"2023-03-25T22:09:34+00:00","mainEntityOfPage":{"@id":"https:\/\/www.rukajarvensuunnanhistoriayhdistys.fi\/historiayhdistys\/antti-haapalaisen-muistolle-10-9-1946-7-3-2023\/"},"wordCount":781,"publisher":{"@id":"http:\/\/www.rukajarvensuunnanhistoriayhdistys.fi\/historiayhdistys\/#organization"},"image":{"@id":"https:\/\/www.rukajarvensuunnanhistoriayhdistys.fi\/historiayhdistys\/antti-haapalaisen-muistolle-10-9-1946-7-3-2023\/#primaryimage"},"thumbnailUrl":"http:\/\/www.rukajarvensuunnanhistoriayhdistys.fi\/historiayhdistys\/wp-content\/uploads\/2023\/03\/Antti_1-Ari-Komulaiselta-8-3-2023-769x1024.jpg","articleSection":["Ajankohtaista","kentt\u00e4vartiotutkimus","Rukaj\u00e4rvi-keskus","Toiminta"],"inLanguage":"fi"},{"@type":"WebPage","@id":"https:\/\/www.rukajarvensuunnanhistoriayhdistys.fi\/historiayhdistys\/antti-haapalaisen-muistolle-10-9-1946-7-3-2023\/","url":"https:\/\/www.rukajarvensuunnanhistoriayhdistys.fi\/historiayhdistys\/antti-haapalaisen-muistolle-10-9-1946-7-3-2023\/","name":"Antti Haapalaisen muistolle (10.9.1946 \u2013 7.3.2023) - Rukaj\u00e4rven suunnan historiayhdistys","isPartOf":{"@id":"http:\/\/www.rukajarvensuunnanhistoriayhdistys.fi\/historiayhdistys\/#website"},"primaryImageOfPage":{"@id":"https:\/\/www.rukajarvensuunnanhistoriayhdistys.fi\/historiayhdistys\/antti-haapalaisen-muistolle-10-9-1946-7-3-2023\/#primaryimage"},"image":{"@id":"https:\/\/www.rukajarvensuunnanhistoriayhdistys.fi\/historiayhdistys\/antti-haapalaisen-muistolle-10-9-1946-7-3-2023\/#primaryimage"},"thumbnailUrl":"http:\/\/www.rukajarvensuunnanhistoriayhdistys.fi\/historiayhdistys\/wp-content\/uploads\/2023\/03\/Antti_1-Ari-Komulaiselta-8-3-2023-769x1024.jpg","datePublished":"2023-03-25T22:03:00+00:00","dateModified":"2023-03-25T22:09:34+00:00","breadcrumb":{"@id":"https:\/\/www.rukajarvensuunnanhistoriayhdistys.fi\/historiayhdistys\/antti-haapalaisen-muistolle-10-9-1946-7-3-2023\/#breadcrumb"},"inLanguage":"fi","potentialAction":[{"@type":"ReadAction","target":["https:\/\/www.rukajarvensuunnanhistoriayhdistys.fi\/historiayhdistys\/antti-haapalaisen-muistolle-10-9-1946-7-3-2023\/"]}]},{"@type":"ImageObject","inLanguage":"fi","@id":"https:\/\/www.rukajarvensuunnanhistoriayhdistys.fi\/historiayhdistys\/antti-haapalaisen-muistolle-10-9-1946-7-3-2023\/#primaryimage","url":"https:\/\/www.rukajarvensuunnanhistoriayhdistys.fi\/historiayhdistys\/wp-content\/uploads\/2023\/03\/Antti_1-Ari-Komulaiselta-8-3-2023-scaled.jpg","contentUrl":"https:\/\/www.rukajarvensuunnanhistoriayhdistys.fi\/historiayhdistys\/wp-content\/uploads\/2023\/03\/Antti_1-Ari-Komulaiselta-8-3-2023-scaled.jpg","width":1921,"height":2560},{"@type":"BreadcrumbList","@id":"https:\/\/www.rukajarvensuunnanhistoriayhdistys.fi\/historiayhdistys\/antti-haapalaisen-muistolle-10-9-1946-7-3-2023\/#breadcrumb","itemListElement":[{"@type":"ListItem","position":1,"name":"Etusivu","item":"http:\/\/www.rukajarvensuunnanhistoriayhdistys.fi\/historiayhdistys\/"},{"@type":"ListItem","position":2,"name":"Antti Haapalaisen muistolle (10.9.1946 \u2013 7.3.2023)"}]},{"@type":"WebSite","@id":"http:\/\/www.rukajarvensuunnanhistoriayhdistys.fi\/historiayhdistys\/#website","url":"http:\/\/www.rukajarvensuunnanhistoriayhdistys.fi\/historiayhdistys\/","name":"Rukaj\u00e4rven suunnan historiayhdistys","description":"Rukaj\u00e4rven suunnan historiayhdistyksen verkkosivut.","publisher":{"@id":"http:\/\/www.rukajarvensuunnanhistoriayhdistys.fi\/historiayhdistys\/#organization"},"potentialAction":[{"@type":"SearchAction","target":{"@type":"EntryPoint","urlTemplate":"http:\/\/www.rukajarvensuunnanhistoriayhdistys.fi\/historiayhdistys\/?s={search_term_string}"},"query-input":{"@type":"PropertyValueSpecification","valueRequired":true,"valueName":"search_term_string"}}],"inLanguage":"fi"},{"@type":"Organization","@id":"http:\/\/www.rukajarvensuunnanhistoriayhdistys.fi\/historiayhdistys\/#organization","name":"Rukaj\u00e4rven suunnan historiayhdistys","url":"http:\/\/www.rukajarvensuunnanhistoriayhdistys.fi\/historiayhdistys\/","logo":{"@type":"ImageObject","inLanguage":"fi","@id":"http:\/\/www.rukajarvensuunnanhistoriayhdistys.fi\/historiayhdistys\/#\/schema\/logo\/image\/","url":"https:\/\/www.rukajarvensuunnanhistoriayhdistys.fi\/historiayhdistys\/wp-content\/uploads\/2013\/12\/Otsake_3.jpg","contentUrl":"https:\/\/www.rukajarvensuunnanhistoriayhdistys.fi\/historiayhdistys\/wp-content\/uploads\/2013\/12\/Otsake_3.jpg","width":1000,"height":442,"caption":"Rukaj\u00e4rven suunnan historiayhdistys"},"image":{"@id":"http:\/\/www.rukajarvensuunnanhistoriayhdistys.fi\/historiayhdistys\/#\/schema\/logo\/image\/"}},{"@type":"Person","@id":"http:\/\/www.rukajarvensuunnanhistoriayhdistys.fi\/historiayhdistys\/#\/schema\/person\/19de7db68bf72dfd2b5d7f6dfbf8454d","name":"RSHY","image":{"@type":"ImageObject","inLanguage":"fi","@id":"https:\/\/secure.gravatar.com\/avatar\/598d59263a69cc8de65fcb4f9db78d6f58c098cb0e0ba22d73377441af9fa04c?s=96&d=blank&r=g","url":"https:\/\/secure.gravatar.com\/avatar\/598d59263a69cc8de65fcb4f9db78d6f58c098cb0e0ba22d73377441af9fa04c?s=96&d=blank&r=g","contentUrl":"https:\/\/secure.gravatar.com\/avatar\/598d59263a69cc8de65fcb4f9db78d6f58c098cb0e0ba22d73377441af9fa04c?s=96&d=blank&r=g","caption":"RSHY"},"url":"https:\/\/www.rukajarvensuunnanhistoriayhdistys.fi\/historiayhdistys\/author\/rshy\/"}]}},"_links":{"self":[{"href":"https:\/\/www.rukajarvensuunnanhistoriayhdistys.fi\/historiayhdistys\/wp-json\/wp\/v2\/posts\/15009","targetHints":{"allow":["GET"]}}],"collection":[{"href":"https:\/\/www.rukajarvensuunnanhistoriayhdistys.fi\/historiayhdistys\/wp-json\/wp\/v2\/posts"}],"about":[{"href":"https:\/\/www.rukajarvensuunnanhistoriayhdistys.fi\/historiayhdistys\/wp-json\/wp\/v2\/types\/post"}],"author":[{"embeddable":true,"href":"https:\/\/www.rukajarvensuunnanhistoriayhdistys.fi\/historiayhdistys\/wp-json\/wp\/v2\/users\/3"}],"replies":[{"embeddable":true,"href":"https:\/\/www.rukajarvensuunnanhistoriayhdistys.fi\/historiayhdistys\/wp-json\/wp\/v2\/comments?post=15009"}],"version-history":[{"count":1,"href":"https:\/\/www.rukajarvensuunnanhistoriayhdistys.fi\/historiayhdistys\/wp-json\/wp\/v2\/posts\/15009\/revisions"}],"predecessor-version":[{"id":15012,"href":"https:\/\/www.rukajarvensuunnanhistoriayhdistys.fi\/historiayhdistys\/wp-json\/wp\/v2\/posts\/15009\/revisions\/15012"}],"wp:attachment":[{"href":"https:\/\/www.rukajarvensuunnanhistoriayhdistys.fi\/historiayhdistys\/wp-json\/wp\/v2\/media?parent=15009"}],"wp:term":[{"taxonomy":"category","embeddable":true,"href":"https:\/\/www.rukajarvensuunnanhistoriayhdistys.fi\/historiayhdistys\/wp-json\/wp\/v2\/categories?post=15009"},{"taxonomy":"post_tag","embeddable":true,"href":"https:\/\/www.rukajarvensuunnanhistoriayhdistys.fi\/historiayhdistys\/wp-json\/wp\/v2\/tags?post=15009"}],"curies":[{"name":"wp","href":"https:\/\/api.w.org\/{rel}","templated":true}]}}