{"id":16134,"date":"2025-01-25T23:57:32","date_gmt":"2025-01-25T21:57:32","guid":{"rendered":"http:\/\/www.rukajarvensuunnanhistoriayhdistys.fi\/historiayhdistys\/?p=16134"},"modified":"2025-01-26T00:46:44","modified_gmt":"2025-01-25T22:46:44","slug":"16134-2","status":"publish","type":"post","link":"https:\/\/www.rukajarvensuunnanhistoriayhdistys.fi\/historiayhdistys\/16134-2\/","title":{"rendered":"Kiuruveden Rukaj\u00e4rvi-keskuksen talkooty\u00f6 etenee vauhdilla"},"content":{"rendered":"<div class=\"fcbkbttn_buttons_block\" id=\"fcbkbttn_left\"><div class=\"fcbkbttn_like \"><fb:like href=\"https:\/\/www.rukajarvensuunnanhistoriayhdistys.fi\/historiayhdistys\/16134-2\/\" action=\"like\" colorscheme=\"light\" layout=\"button_count\"  size=\"small\"><\/fb:like><\/div><\/div>\n<p><\/p>\n\n\n\n<p>Sotahistoriaty\u00f6 ei ole pelkk\u00e4\u00e4 juhlapuheita ja joutenoloa. Se n\u00e4htiin Kiuruvedell\u00e4, kun kaupunginjohto ja yhdistyksemme j\u00e4senkunta k\u00e4\u00e4ri hihansa. Yksi puhelinsoitto ja v\u00e4ki oli Rukaj\u00e4rvi-keskuksen ovenkahvassa kiinni ja jo puolet keskuksen n\u00e4yttelyesineist\u00e4 saatiin siirretyksi v\u00e4livarastoon.<\/p>\n\n\n\n<p>Arat n\u00e4yttelyesineet pakattiin huolella laatikoihin ja ne kannettiin k\u00e4sipeliss\u00e4 v\u00e4livarastoon. Mukana olivat kaupunginvaltuuston puheenjohtaja kansanedustaja <strong>Markku Siponen<\/strong>, hallituksen puheenjohtaja <strong>Tommi Tikka<\/strong>, kaupunginjohtaja <strong>Juha-Pekka Rusanen<\/strong>, Kiuruvesi-lehden toimitusjohtaja <strong>Juha Saastamoinen<\/strong>. Kuruveden ev.lut. seurakunnan kirkkovaltuuston puheenjohtaja <strong>Kari Saastamoinen<\/strong>, ja kirkkoherra <strong>Kimmo Kivel\u00e4<\/strong>. <strong>Kari Saastamoinen<\/strong> on my\u00f6s Kiuruveden urheilijoiden puheenjohtaja.<\/p>\n\n\n\n<p>Yhdistyksen j\u00e4senist\u00e4 olivat paikalla <strong>Heikki Tikkanen, Seppo R\u00e4ih\u00e4, Raimo Jokisalmi, Antero Huttunen, Seppo Kettunen ja Tenho Tikkanen.<\/strong><\/p>\n\n\n\n<p>Iisalmelainen kansanedustaja <strong>Markku Eestil\u00e4<\/strong> ei ehtinyt paikalle, koska Rukaj\u00e4rvi-keskuksessa j\u00e4rjestett\u00e4v\u00e4n muistotilaisuuden vuoksi talkooty\u00f6t keskeytettiin ja ty\u00f6t\u00e4 jatketaan sunnuntaina kirkonmenojen j\u00e4lkeen.<\/p>\n\n\n\n<p>Talkooporukkaa tuli Lieksasta asti. Lieksan aseman suurimmat talkootunnit edelliselt\u00e4 kes\u00e4lt\u00e4 kirjataan <strong>Juha Lavosen<\/strong> ja <strong>Tatu Poimalan<\/strong> nimiin. Per\u00e4ti n. 1500 tuntia yhteens\u00e4. <strong>Juha ja Tatu<\/strong> kuultuaan kiireellisest\u00e4 avun tarpeesta olivat heti paikalla.<\/p>\n\n\n\n<figure class=\"wp-block-image size-large\"><a href=\"http:\/\/www.rukajarvensuunnanhistoriayhdistys.fi\/historiayhdistys\/wp-content\/uploads\/2025\/01\/IMG_20250125_105552-scaled.jpg\"><img loading=\"lazy\" decoding=\"async\" width=\"1024\" height=\"768\" src=\"http:\/\/www.rukajarvensuunnanhistoriayhdistys.fi\/historiayhdistys\/wp-content\/uploads\/2025\/01\/IMG_20250125_105552-1024x768.jpg\" alt=\"\" class=\"wp-image-16135\" srcset=\"https:\/\/www.rukajarvensuunnanhistoriayhdistys.fi\/historiayhdistys\/wp-content\/uploads\/2025\/01\/IMG_20250125_105552-1024x768.jpg 1024w, https:\/\/www.rukajarvensuunnanhistoriayhdistys.fi\/historiayhdistys\/wp-content\/uploads\/2025\/01\/IMG_20250125_105552-300x225.jpg 300w, https:\/\/www.rukajarvensuunnanhistoriayhdistys.fi\/historiayhdistys\/wp-content\/uploads\/2025\/01\/IMG_20250125_105552-768x576.jpg 768w, https:\/\/www.rukajarvensuunnanhistoriayhdistys.fi\/historiayhdistys\/wp-content\/uploads\/2025\/01\/IMG_20250125_105552-1536x1152.jpg 1536w, https:\/\/www.rukajarvensuunnanhistoriayhdistys.fi\/historiayhdistys\/wp-content\/uploads\/2025\/01\/IMG_20250125_105552-2048x1536.jpg 2048w\" sizes=\"auto, (max-width: 1024px) 100vw, 1024px\" \/><\/a><\/figure>\n\n\n\n<p><em>Heikki Tikkasen k\u00e4siss\u00e4 ei kirjahylly paljoa <em>paina<\/em>.<\/em><\/p>\n\n\n\n<figure class=\"wp-block-image size-large\"><a href=\"http:\/\/www.rukajarvensuunnanhistoriayhdistys.fi\/historiayhdistys\/wp-content\/uploads\/2025\/01\/IMG_20250125_110545-scaled.jpg\"><img loading=\"lazy\" decoding=\"async\" width=\"1024\" height=\"768\" src=\"http:\/\/www.rukajarvensuunnanhistoriayhdistys.fi\/historiayhdistys\/wp-content\/uploads\/2025\/01\/IMG_20250125_110545-1024x768.jpg\" alt=\"\" class=\"wp-image-16136\" srcset=\"https:\/\/www.rukajarvensuunnanhistoriayhdistys.fi\/historiayhdistys\/wp-content\/uploads\/2025\/01\/IMG_20250125_110545-1024x768.jpg 1024w, https:\/\/www.rukajarvensuunnanhistoriayhdistys.fi\/historiayhdistys\/wp-content\/uploads\/2025\/01\/IMG_20250125_110545-300x225.jpg 300w, https:\/\/www.rukajarvensuunnanhistoriayhdistys.fi\/historiayhdistys\/wp-content\/uploads\/2025\/01\/IMG_20250125_110545-768x576.jpg 768w, https:\/\/www.rukajarvensuunnanhistoriayhdistys.fi\/historiayhdistys\/wp-content\/uploads\/2025\/01\/IMG_20250125_110545-1536x1152.jpg 1536w, https:\/\/www.rukajarvensuunnanhistoriayhdistys.fi\/historiayhdistys\/wp-content\/uploads\/2025\/01\/IMG_20250125_110545-2048x1536.jpg 2048w\" sizes=\"auto, (max-width: 1024px) 100vw, 1024px\" \/><\/a><\/figure>\n\n\n\n<p><em>Kirkkoherra Kimmo Kivel\u00e4 totesi, ett\u00e4 korsuradio kaipaa entis\u00f6inti\u00e4.<\/em><\/p>\n\n\n\n<figure class=\"wp-block-image size-large\"><a href=\"http:\/\/www.rukajarvensuunnanhistoriayhdistys.fi\/historiayhdistys\/wp-content\/uploads\/2025\/01\/IMG_20250125_111708-scaled.jpg\"><img loading=\"lazy\" decoding=\"async\" width=\"1024\" height=\"768\" src=\"http:\/\/www.rukajarvensuunnanhistoriayhdistys.fi\/historiayhdistys\/wp-content\/uploads\/2025\/01\/IMG_20250125_111708-1024x768.jpg\" alt=\"\" class=\"wp-image-16137\" srcset=\"https:\/\/www.rukajarvensuunnanhistoriayhdistys.fi\/historiayhdistys\/wp-content\/uploads\/2025\/01\/IMG_20250125_111708-1024x768.jpg 1024w, https:\/\/www.rukajarvensuunnanhistoriayhdistys.fi\/historiayhdistys\/wp-content\/uploads\/2025\/01\/IMG_20250125_111708-300x225.jpg 300w, https:\/\/www.rukajarvensuunnanhistoriayhdistys.fi\/historiayhdistys\/wp-content\/uploads\/2025\/01\/IMG_20250125_111708-768x576.jpg 768w, https:\/\/www.rukajarvensuunnanhistoriayhdistys.fi\/historiayhdistys\/wp-content\/uploads\/2025\/01\/IMG_20250125_111708-1536x1152.jpg 1536w, https:\/\/www.rukajarvensuunnanhistoriayhdistys.fi\/historiayhdistys\/wp-content\/uploads\/2025\/01\/IMG_20250125_111708-2048x1536.jpg 2048w\" sizes=\"auto, (max-width: 1024px) 100vw, 1024px\" \/><\/a><\/figure>\n\n\n\n<p><em>Kimmo Kivel\u00e4 ja Markku Siponen halusivat kantaa herkimmin s\u00e4rkyvi\u00e4 n\u00e4yttelyesineit\u00e4<\/em>.<\/p>\n\n\n\n<figure class=\"wp-block-image size-large\"><a href=\"http:\/\/www.rukajarvensuunnanhistoriayhdistys.fi\/historiayhdistys\/wp-content\/uploads\/2025\/01\/Juha-Pekka-ja-Timo-scaled.jpg\"><img loading=\"lazy\" decoding=\"async\" width=\"1024\" height=\"768\" src=\"http:\/\/www.rukajarvensuunnanhistoriayhdistys.fi\/historiayhdistys\/wp-content\/uploads\/2025\/01\/Juha-Pekka-ja-Timo-1024x768.jpg\" alt=\"\" class=\"wp-image-16138\" srcset=\"https:\/\/www.rukajarvensuunnanhistoriayhdistys.fi\/historiayhdistys\/wp-content\/uploads\/2025\/01\/Juha-Pekka-ja-Timo-1024x768.jpg 1024w, https:\/\/www.rukajarvensuunnanhistoriayhdistys.fi\/historiayhdistys\/wp-content\/uploads\/2025\/01\/Juha-Pekka-ja-Timo-300x225.jpg 300w, https:\/\/www.rukajarvensuunnanhistoriayhdistys.fi\/historiayhdistys\/wp-content\/uploads\/2025\/01\/Juha-Pekka-ja-Timo-768x576.jpg 768w, https:\/\/www.rukajarvensuunnanhistoriayhdistys.fi\/historiayhdistys\/wp-content\/uploads\/2025\/01\/Juha-Pekka-ja-Timo-1536x1152.jpg 1536w, https:\/\/www.rukajarvensuunnanhistoriayhdistys.fi\/historiayhdistys\/wp-content\/uploads\/2025\/01\/Juha-Pekka-ja-Timo-2048x1536.jpg 2048w\" sizes=\"auto, (max-width: 1024px) 100vw, 1024px\" \/><\/a><\/figure>\n\n\n\n<p><em>Kaupunginjohtaja Juha-Pekka Rusanen ja toimitusjohtaja Timo Marjoniemi houkuttelemassa lis\u00e4\u00e4 talkoolaisia Radio Sandelssin haastattelussa. Timo k\u00e4ytti tilaisuutta hyv\u00e4kseen ja ilmoitti varaavansa uusista remontoiduista tiloista v\u00e4lj\u00e4t tilat Rukaj\u00e4rvi-keskuksen lis\u00e4ksi my\u00f6s Radio Sandelssin k\u00e4ytt\u00f6\u00f6n. T\u00e4m\u00e4 esitys tuntui maistuvan ainakin kaupunginjohtajalle.<\/em><\/p>\n\n\n\n<p>Peltohovin toimitusjohtaja <strong>Timo Marjoniemen<\/strong> mukaan uudet j\u00e4rjestelyt johtuvat osin my\u00f6s rakennusyritt\u00e4j\u00e4n t\u00f6iden j\u00e4rjestelyist\u00e4. Tarvittiin nopea p\u00e4\u00e4t\u00f6s ja n\u00e4ytt\u00e4\u00e4 silt\u00e4, ett\u00e4 n\u00e4yttelyesineet onnistuttiin siirt\u00e4m\u00e4\u00e4n n\u00e4in pikaisessa tahdissa poikkeusj\u00e4rjestelyin.<\/p>\n\n\n\n<p>Talkoot\u00f6it\u00e4 vauhdittamassa oli my\u00f6s RadioSandels, mik\u00e4 kertoi kuulijoilleen talkooty\u00f6n tarpeesta ja n\u00e4in asiaan saatiin onnistunut ratkaisu.<\/p>\n\n\n\n<p>Syyn\u00e4 pikaiseen Rukaj\u00e4rvi-keskuksen siirtoon on vesivahinko, mink\u00e4 vuoksi Peltohovin tiloissa tehd\u00e4\u00e4n merkitt\u00e4vi\u00e4 uusia tilaj\u00e4rjestelyit\u00e4. Samalla varaudutaan jo tulevan kes\u00e4n \u201dIskelm\u00e4viikon\u201d vieraiden parempaan palveluun.<\/p>\n\n\n\n<figure class=\"wp-block-image size-large\"><a href=\"http:\/\/www.rukajarvensuunnanhistoriayhdistys.fi\/historiayhdistys\/wp-content\/uploads\/2025\/01\/IMG_20250125_111510-scaled.jpg\"><img loading=\"lazy\" decoding=\"async\" width=\"1024\" height=\"768\" src=\"http:\/\/www.rukajarvensuunnanhistoriayhdistys.fi\/historiayhdistys\/wp-content\/uploads\/2025\/01\/IMG_20250125_111510-1024x768.jpg\" alt=\"\" class=\"wp-image-16139\" srcset=\"https:\/\/www.rukajarvensuunnanhistoriayhdistys.fi\/historiayhdistys\/wp-content\/uploads\/2025\/01\/IMG_20250125_111510-1024x768.jpg 1024w, https:\/\/www.rukajarvensuunnanhistoriayhdistys.fi\/historiayhdistys\/wp-content\/uploads\/2025\/01\/IMG_20250125_111510-300x225.jpg 300w, https:\/\/www.rukajarvensuunnanhistoriayhdistys.fi\/historiayhdistys\/wp-content\/uploads\/2025\/01\/IMG_20250125_111510-768x576.jpg 768w, https:\/\/www.rukajarvensuunnanhistoriayhdistys.fi\/historiayhdistys\/wp-content\/uploads\/2025\/01\/IMG_20250125_111510-1536x1152.jpg 1536w, https:\/\/www.rukajarvensuunnanhistoriayhdistys.fi\/historiayhdistys\/wp-content\/uploads\/2025\/01\/IMG_20250125_111510-2048x1536.jpg 2048w\" sizes=\"auto, (max-width: 1024px) 100vw, 1024px\" \/><\/a><\/figure>\n\n\n\n<p><em>Ty\u00f6n lomassa ihmeteltiin rintamamiesten k\u00e4dentaitoja. Kimmo Kivel\u00e4, Juha-Pekka Rusanen, Kari Saastamoinen, Heikki Tikkanen, Markku Siponen ja Raimo Jokisalmi.<\/em><\/p>\n\n\n\n<p>Harvalla paikkakunnalla l\u00f6ytyy vastaavaa sitoutumista ja erikoisintahan t\u00e4ss\u00e4 on se, ett\u00e4 valtuuston puheenjohtaja <strong>Markku Siponen<\/strong> saapui talkoot\u00f6ihin kesken navettat\u00f6iden ja <strong>Kari Saastamoinen<\/strong> keskeytti Sulkavan j\u00e4rvell\u00e4 hiihtoladun tekemisen kuultuaan kiireellisest\u00e4 avun tarpeesta.<\/p>\n\n\n\n<p>Sunnuntaina ty\u00f6t aloitetaan kirkonmenojen j\u00e4lkeen. Silloin paikalle ovat tulossa Kiuruveden Rotary-j\u00e4rjest\u00f6n edustajat presidenttins\u00e4 <strong>Seppo Piipon<\/strong> johdolla.<\/p>\n\n\n\n<p>Ihme on tapahtunut, ei mill\u00e4\u00e4n olisi uskonut, ett\u00e4 t\u00e4st\u00e4 valtavasta muutosta selvit\u00e4\u00e4n n\u00e4in lyhyell\u00e4 varoitusajalla. En usko, ett\u00e4 miss\u00e4\u00e4n muualla Suomessa kuin t\u00e4\u00e4ll\u00e4 Kiuruvedell\u00e4 jopa kunnalliset luottamusmiehet ovat paikalla hetkess\u00e4 ja tietysti Lieksassa miss\u00e4 kuntalaiset halusivat k\u00e4\u00e4ri\u00e4 hihat Lieksan rautatieaseman palvelujen j\u00e4rjest\u00e4miseksi , iloitsevat yhdistyksen hallituksen j\u00e4senet <strong>Raimo Jokisalmi, Antero Huttunen, Seppo R\u00e4ih\u00e4 ja Tenho Tikkanen.<\/strong><\/p>\n\n\n\n<p>Kiuruveden Rukaj\u00e4rvi-keskus suljetaan noin kahdeksi kuukaudeksi remontin vuoksi, mutta sulkemisen taustalla on my\u00f6nteinen muutos. Keskus muuttaa uusiin, entist\u00e4 parempiin tiloihin Hotelli Peltohovin yritt\u00e4j\u00e4n Timo Marjoniemen yst\u00e4v\u00e4llisest\u00e4 tarjouksesta.<\/p>\n","protected":false},"excerpt":{"rendered":"<p>Sotahistoriaty\u00f6 ei ole pelkk\u00e4\u00e4 juhlapuheita ja joutenoloa. Se n\u00e4htiin Kiuruvedell\u00e4, kun kaupunginjohto ja yhdistyksemme j\u00e4senkunta k\u00e4\u00e4ri hihansa. Yksi puhelinsoitto ja v\u00e4ki oli Rukaj\u00e4rvi-keskuksen ovenkahvassa kiinni ja jo puolet keskuksen n\u00e4yttelyesineist\u00e4 <a class=\"more-link\" href=\"https:\/\/www.rukajarvensuunnanhistoriayhdistys.fi\/historiayhdistys\/16134-2\/\">Teksti jatkuu&#8230;<span class=\"screen-reader-text\">Kiuruveden Rukaj\u00e4rvi-keskuksen talkooty\u00f6 etenee vauhdilla<\/span><span class=\"meta-nav\">\u2192<\/span><\/a><\/p>\n","protected":false},"author":3,"featured_media":0,"comment_status":"closed","ping_status":"open","sticky":false,"template":"","format":"standard","meta":{"footnotes":""},"categories":[22,21,33,17],"tags":[],"class_list":["post-16134","post","type-post","status-publish","format-standard","hentry","category-ajankohtaista","category-rukajarvi-keskus","category-rukajarvi-keskus-iisalmi","category-toiminta"],"yoast_head":"<!-- This site is optimized with the Yoast SEO plugin v27.4 - https:\/\/yoast.com\/product\/yoast-seo-wordpress\/ -->\n<title>Kiuruveden Rukaj\u00e4rvi-keskuksen talkooty\u00f6 etenee vauhdilla - Rukaj\u00e4rven suunnan historiayhdistys<\/title>\n<meta name=\"robots\" content=\"index, follow, max-snippet:-1, max-image-preview:large, max-video-preview:-1\" \/>\n<link rel=\"canonical\" href=\"http:\/\/www.rukajarvensuunnanhistoriayhdistys.fi\/historiayhdistys\/16134-2\/\" \/>\n<meta property=\"og:locale\" content=\"fi_FI\" \/>\n<meta property=\"og:type\" content=\"article\" \/>\n<meta property=\"og:title\" content=\"Kiuruveden Rukaj\u00e4rvi-keskuksen talkooty\u00f6 etenee vauhdilla - Rukaj\u00e4rven suunnan historiayhdistys\" \/>\n<meta property=\"og:description\" content=\"Sotahistoriaty\u00f6 ei ole pelkk\u00e4\u00e4 juhlapuheita ja joutenoloa. Se n\u00e4htiin Kiuruvedell\u00e4, kun kaupunginjohto ja yhdistyksemme j\u00e4senkunta k\u00e4\u00e4ri hihansa. Yksi puhelinsoitto ja v\u00e4ki oli Rukaj\u00e4rvi-keskuksen ovenkahvassa kiinni ja jo puolet keskuksen n\u00e4yttelyesineist\u00e4 Teksti jatkuu...Kiuruveden Rukaj\u00e4rvi-keskuksen talkooty\u00f6 etenee vauhdilla\u2192\" \/>\n<meta property=\"og:url\" content=\"http:\/\/www.rukajarvensuunnanhistoriayhdistys.fi\/historiayhdistys\/16134-2\/\" \/>\n<meta property=\"og:site_name\" content=\"Rukaj\u00e4rven suunnan historiayhdistys\" \/>\n<meta property=\"article:published_time\" content=\"2025-01-25T21:57:32+00:00\" \/>\n<meta property=\"article:modified_time\" content=\"2025-01-25T22:46:44+00:00\" \/>\n<meta property=\"og:image\" content=\"http:\/\/www.rukajarvensuunnanhistoriayhdistys.fi\/historiayhdistys\/wp-content\/uploads\/2025\/01\/IMG_20250125_105552-1024x768.jpg\" \/>\n<meta name=\"author\" content=\"RSHY\" \/>\n<meta name=\"twitter:label1\" content=\"Kirjoittanut\" \/>\n\t<meta name=\"twitter:data1\" content=\"RSHY\" \/>\n\t<meta name=\"twitter:label2\" content=\"Arvioitu lukuaika\" \/>\n\t<meta name=\"twitter:data2\" content=\"4 minuuttia\" \/>\n<script type=\"application\/ld+json\" class=\"yoast-schema-graph\">{\"@context\":\"https:\\\/\\\/schema.org\",\"@graph\":[{\"@type\":\"Article\",\"@id\":\"http:\\\/\\\/www.rukajarvensuunnanhistoriayhdistys.fi\\\/historiayhdistys\\\/16134-2\\\/#article\",\"isPartOf\":{\"@id\":\"http:\\\/\\\/www.rukajarvensuunnanhistoriayhdistys.fi\\\/historiayhdistys\\\/16134-2\\\/\"},\"author\":{\"name\":\"RSHY\",\"@id\":\"http:\\\/\\\/www.rukajarvensuunnanhistoriayhdistys.fi\\\/historiayhdistys\\\/#\\\/schema\\\/person\\\/19de7db68bf72dfd2b5d7f6dfbf8454d\"},\"headline\":\"Kiuruveden Rukaj\u00e4rvi-keskuksen talkooty\u00f6 etenee vauhdilla\",\"datePublished\":\"2025-01-25T21:57:32+00:00\",\"dateModified\":\"2025-01-25T22:46:44+00:00\",\"mainEntityOfPage\":{\"@id\":\"http:\\\/\\\/www.rukajarvensuunnanhistoriayhdistys.fi\\\/historiayhdistys\\\/16134-2\\\/\"},\"wordCount\":517,\"publisher\":{\"@id\":\"http:\\\/\\\/www.rukajarvensuunnanhistoriayhdistys.fi\\\/historiayhdistys\\\/#organization\"},\"image\":{\"@id\":\"http:\\\/\\\/www.rukajarvensuunnanhistoriayhdistys.fi\\\/historiayhdistys\\\/16134-2\\\/#primaryimage\"},\"thumbnailUrl\":\"http:\\\/\\\/www.rukajarvensuunnanhistoriayhdistys.fi\\\/historiayhdistys\\\/wp-content\\\/uploads\\\/2025\\\/01\\\/IMG_20250125_105552-1024x768.jpg\",\"articleSection\":[\"Ajankohtaista\",\"Rukaj\u00e4rvi-keskus\",\"Rukaj\u00e4rvi-keskus \u2013 Kiuruvesi\",\"Toiminta\"],\"inLanguage\":\"fi\"},{\"@type\":\"WebPage\",\"@id\":\"http:\\\/\\\/www.rukajarvensuunnanhistoriayhdistys.fi\\\/historiayhdistys\\\/16134-2\\\/\",\"url\":\"http:\\\/\\\/www.rukajarvensuunnanhistoriayhdistys.fi\\\/historiayhdistys\\\/16134-2\\\/\",\"name\":\"Kiuruveden Rukaj\u00e4rvi-keskuksen talkooty\u00f6 etenee vauhdilla - Rukaj\u00e4rven suunnan historiayhdistys\",\"isPartOf\":{\"@id\":\"http:\\\/\\\/www.rukajarvensuunnanhistoriayhdistys.fi\\\/historiayhdistys\\\/#website\"},\"primaryImageOfPage\":{\"@id\":\"http:\\\/\\\/www.rukajarvensuunnanhistoriayhdistys.fi\\\/historiayhdistys\\\/16134-2\\\/#primaryimage\"},\"image\":{\"@id\":\"http:\\\/\\\/www.rukajarvensuunnanhistoriayhdistys.fi\\\/historiayhdistys\\\/16134-2\\\/#primaryimage\"},\"thumbnailUrl\":\"http:\\\/\\\/www.rukajarvensuunnanhistoriayhdistys.fi\\\/historiayhdistys\\\/wp-content\\\/uploads\\\/2025\\\/01\\\/IMG_20250125_105552-1024x768.jpg\",\"datePublished\":\"2025-01-25T21:57:32+00:00\",\"dateModified\":\"2025-01-25T22:46:44+00:00\",\"breadcrumb\":{\"@id\":\"http:\\\/\\\/www.rukajarvensuunnanhistoriayhdistys.fi\\\/historiayhdistys\\\/16134-2\\\/#breadcrumb\"},\"inLanguage\":\"fi\",\"potentialAction\":[{\"@type\":\"ReadAction\",\"target\":[\"http:\\\/\\\/www.rukajarvensuunnanhistoriayhdistys.fi\\\/historiayhdistys\\\/16134-2\\\/\"]}]},{\"@type\":\"ImageObject\",\"inLanguage\":\"fi\",\"@id\":\"http:\\\/\\\/www.rukajarvensuunnanhistoriayhdistys.fi\\\/historiayhdistys\\\/16134-2\\\/#primaryimage\",\"url\":\"https:\\\/\\\/www.rukajarvensuunnanhistoriayhdistys.fi\\\/historiayhdistys\\\/wp-content\\\/uploads\\\/2025\\\/01\\\/IMG_20250125_105552-scaled.jpg\",\"contentUrl\":\"https:\\\/\\\/www.rukajarvensuunnanhistoriayhdistys.fi\\\/historiayhdistys\\\/wp-content\\\/uploads\\\/2025\\\/01\\\/IMG_20250125_105552-scaled.jpg\",\"width\":2560,\"height\":1920},{\"@type\":\"BreadcrumbList\",\"@id\":\"http:\\\/\\\/www.rukajarvensuunnanhistoriayhdistys.fi\\\/historiayhdistys\\\/16134-2\\\/#breadcrumb\",\"itemListElement\":[{\"@type\":\"ListItem\",\"position\":1,\"name\":\"Etusivu\",\"item\":\"http:\\\/\\\/www.rukajarvensuunnanhistoriayhdistys.fi\\\/historiayhdistys\\\/\"},{\"@type\":\"ListItem\",\"position\":2,\"name\":\"Kiuruveden Rukaj\u00e4rvi-keskuksen talkooty\u00f6 etenee vauhdilla\"}]},{\"@type\":\"WebSite\",\"@id\":\"http:\\\/\\\/www.rukajarvensuunnanhistoriayhdistys.fi\\\/historiayhdistys\\\/#website\",\"url\":\"http:\\\/\\\/www.rukajarvensuunnanhistoriayhdistys.fi\\\/historiayhdistys\\\/\",\"name\":\"Rukaj\u00e4rven suunnan historiayhdistys\",\"description\":\"Rukaj\u00e4rven suunnan historiayhdistyksen verkkosivut.\",\"publisher\":{\"@id\":\"http:\\\/\\\/www.rukajarvensuunnanhistoriayhdistys.fi\\\/historiayhdistys\\\/#organization\"},\"potentialAction\":[{\"@type\":\"SearchAction\",\"target\":{\"@type\":\"EntryPoint\",\"urlTemplate\":\"http:\\\/\\\/www.rukajarvensuunnanhistoriayhdistys.fi\\\/historiayhdistys\\\/?s={search_term_string}\"},\"query-input\":{\"@type\":\"PropertyValueSpecification\",\"valueRequired\":true,\"valueName\":\"search_term_string\"}}],\"inLanguage\":\"fi\"},{\"@type\":\"Organization\",\"@id\":\"http:\\\/\\\/www.rukajarvensuunnanhistoriayhdistys.fi\\\/historiayhdistys\\\/#organization\",\"name\":\"Rukaj\u00e4rven suunnan historiayhdistys\",\"url\":\"http:\\\/\\\/www.rukajarvensuunnanhistoriayhdistys.fi\\\/historiayhdistys\\\/\",\"logo\":{\"@type\":\"ImageObject\",\"inLanguage\":\"fi\",\"@id\":\"http:\\\/\\\/www.rukajarvensuunnanhistoriayhdistys.fi\\\/historiayhdistys\\\/#\\\/schema\\\/logo\\\/image\\\/\",\"url\":\"https:\\\/\\\/www.rukajarvensuunnanhistoriayhdistys.fi\\\/historiayhdistys\\\/wp-content\\\/uploads\\\/2013\\\/12\\\/Otsake_3.jpg\",\"contentUrl\":\"https:\\\/\\\/www.rukajarvensuunnanhistoriayhdistys.fi\\\/historiayhdistys\\\/wp-content\\\/uploads\\\/2013\\\/12\\\/Otsake_3.jpg\",\"width\":1000,\"height\":442,\"caption\":\"Rukaj\u00e4rven suunnan historiayhdistys\"},\"image\":{\"@id\":\"http:\\\/\\\/www.rukajarvensuunnanhistoriayhdistys.fi\\\/historiayhdistys\\\/#\\\/schema\\\/logo\\\/image\\\/\"}},{\"@type\":\"Person\",\"@id\":\"http:\\\/\\\/www.rukajarvensuunnanhistoriayhdistys.fi\\\/historiayhdistys\\\/#\\\/schema\\\/person\\\/19de7db68bf72dfd2b5d7f6dfbf8454d\",\"name\":\"RSHY\",\"image\":{\"@type\":\"ImageObject\",\"inLanguage\":\"fi\",\"@id\":\"https:\\\/\\\/secure.gravatar.com\\\/avatar\\\/598d59263a69cc8de65fcb4f9db78d6f58c098cb0e0ba22d73377441af9fa04c?s=96&d=blank&r=g\",\"url\":\"https:\\\/\\\/secure.gravatar.com\\\/avatar\\\/598d59263a69cc8de65fcb4f9db78d6f58c098cb0e0ba22d73377441af9fa04c?s=96&d=blank&r=g\",\"contentUrl\":\"https:\\\/\\\/secure.gravatar.com\\\/avatar\\\/598d59263a69cc8de65fcb4f9db78d6f58c098cb0e0ba22d73377441af9fa04c?s=96&d=blank&r=g\",\"caption\":\"RSHY\"},\"url\":\"https:\\\/\\\/www.rukajarvensuunnanhistoriayhdistys.fi\\\/historiayhdistys\\\/author\\\/rshy\\\/\"}]}<\/script>\n<!-- \/ Yoast SEO plugin. -->","yoast_head_json":{"title":"Kiuruveden Rukaj\u00e4rvi-keskuksen talkooty\u00f6 etenee vauhdilla - Rukaj\u00e4rven suunnan historiayhdistys","robots":{"index":"index","follow":"follow","max-snippet":"max-snippet:-1","max-image-preview":"max-image-preview:large","max-video-preview":"max-video-preview:-1"},"canonical":"http:\/\/www.rukajarvensuunnanhistoriayhdistys.fi\/historiayhdistys\/16134-2\/","og_locale":"fi_FI","og_type":"article","og_title":"Kiuruveden Rukaj\u00e4rvi-keskuksen talkooty\u00f6 etenee vauhdilla - Rukaj\u00e4rven suunnan historiayhdistys","og_description":"Sotahistoriaty\u00f6 ei ole pelkk\u00e4\u00e4 juhlapuheita ja joutenoloa. Se n\u00e4htiin Kiuruvedell\u00e4, kun kaupunginjohto ja yhdistyksemme j\u00e4senkunta k\u00e4\u00e4ri hihansa. Yksi puhelinsoitto ja v\u00e4ki oli Rukaj\u00e4rvi-keskuksen ovenkahvassa kiinni ja jo puolet keskuksen n\u00e4yttelyesineist\u00e4 Teksti jatkuu...Kiuruveden Rukaj\u00e4rvi-keskuksen talkooty\u00f6 etenee vauhdilla\u2192","og_url":"http:\/\/www.rukajarvensuunnanhistoriayhdistys.fi\/historiayhdistys\/16134-2\/","og_site_name":"Rukaj\u00e4rven suunnan historiayhdistys","article_published_time":"2025-01-25T21:57:32+00:00","article_modified_time":"2025-01-25T22:46:44+00:00","og_image":[{"url":"http:\/\/www.rukajarvensuunnanhistoriayhdistys.fi\/historiayhdistys\/wp-content\/uploads\/2025\/01\/IMG_20250125_105552-1024x768.jpg","type":"","width":"","height":""}],"author":"RSHY","twitter_misc":{"Kirjoittanut":"RSHY","Arvioitu lukuaika":"4 minuuttia"},"schema":{"@context":"https:\/\/schema.org","@graph":[{"@type":"Article","@id":"http:\/\/www.rukajarvensuunnanhistoriayhdistys.fi\/historiayhdistys\/16134-2\/#article","isPartOf":{"@id":"http:\/\/www.rukajarvensuunnanhistoriayhdistys.fi\/historiayhdistys\/16134-2\/"},"author":{"name":"RSHY","@id":"http:\/\/www.rukajarvensuunnanhistoriayhdistys.fi\/historiayhdistys\/#\/schema\/person\/19de7db68bf72dfd2b5d7f6dfbf8454d"},"headline":"Kiuruveden Rukaj\u00e4rvi-keskuksen talkooty\u00f6 etenee vauhdilla","datePublished":"2025-01-25T21:57:32+00:00","dateModified":"2025-01-25T22:46:44+00:00","mainEntityOfPage":{"@id":"http:\/\/www.rukajarvensuunnanhistoriayhdistys.fi\/historiayhdistys\/16134-2\/"},"wordCount":517,"publisher":{"@id":"http:\/\/www.rukajarvensuunnanhistoriayhdistys.fi\/historiayhdistys\/#organization"},"image":{"@id":"http:\/\/www.rukajarvensuunnanhistoriayhdistys.fi\/historiayhdistys\/16134-2\/#primaryimage"},"thumbnailUrl":"http:\/\/www.rukajarvensuunnanhistoriayhdistys.fi\/historiayhdistys\/wp-content\/uploads\/2025\/01\/IMG_20250125_105552-1024x768.jpg","articleSection":["Ajankohtaista","Rukaj\u00e4rvi-keskus","Rukaj\u00e4rvi-keskus \u2013 Kiuruvesi","Toiminta"],"inLanguage":"fi"},{"@type":"WebPage","@id":"http:\/\/www.rukajarvensuunnanhistoriayhdistys.fi\/historiayhdistys\/16134-2\/","url":"http:\/\/www.rukajarvensuunnanhistoriayhdistys.fi\/historiayhdistys\/16134-2\/","name":"Kiuruveden Rukaj\u00e4rvi-keskuksen talkooty\u00f6 etenee vauhdilla - Rukaj\u00e4rven suunnan historiayhdistys","isPartOf":{"@id":"http:\/\/www.rukajarvensuunnanhistoriayhdistys.fi\/historiayhdistys\/#website"},"primaryImageOfPage":{"@id":"http:\/\/www.rukajarvensuunnanhistoriayhdistys.fi\/historiayhdistys\/16134-2\/#primaryimage"},"image":{"@id":"http:\/\/www.rukajarvensuunnanhistoriayhdistys.fi\/historiayhdistys\/16134-2\/#primaryimage"},"thumbnailUrl":"http:\/\/www.rukajarvensuunnanhistoriayhdistys.fi\/historiayhdistys\/wp-content\/uploads\/2025\/01\/IMG_20250125_105552-1024x768.jpg","datePublished":"2025-01-25T21:57:32+00:00","dateModified":"2025-01-25T22:46:44+00:00","breadcrumb":{"@id":"http:\/\/www.rukajarvensuunnanhistoriayhdistys.fi\/historiayhdistys\/16134-2\/#breadcrumb"},"inLanguage":"fi","potentialAction":[{"@type":"ReadAction","target":["http:\/\/www.rukajarvensuunnanhistoriayhdistys.fi\/historiayhdistys\/16134-2\/"]}]},{"@type":"ImageObject","inLanguage":"fi","@id":"http:\/\/www.rukajarvensuunnanhistoriayhdistys.fi\/historiayhdistys\/16134-2\/#primaryimage","url":"https:\/\/www.rukajarvensuunnanhistoriayhdistys.fi\/historiayhdistys\/wp-content\/uploads\/2025\/01\/IMG_20250125_105552-scaled.jpg","contentUrl":"https:\/\/www.rukajarvensuunnanhistoriayhdistys.fi\/historiayhdistys\/wp-content\/uploads\/2025\/01\/IMG_20250125_105552-scaled.jpg","width":2560,"height":1920},{"@type":"BreadcrumbList","@id":"http:\/\/www.rukajarvensuunnanhistoriayhdistys.fi\/historiayhdistys\/16134-2\/#breadcrumb","itemListElement":[{"@type":"ListItem","position":1,"name":"Etusivu","item":"http:\/\/www.rukajarvensuunnanhistoriayhdistys.fi\/historiayhdistys\/"},{"@type":"ListItem","position":2,"name":"Kiuruveden Rukaj\u00e4rvi-keskuksen talkooty\u00f6 etenee vauhdilla"}]},{"@type":"WebSite","@id":"http:\/\/www.rukajarvensuunnanhistoriayhdistys.fi\/historiayhdistys\/#website","url":"http:\/\/www.rukajarvensuunnanhistoriayhdistys.fi\/historiayhdistys\/","name":"Rukaj\u00e4rven suunnan historiayhdistys","description":"Rukaj\u00e4rven suunnan historiayhdistyksen verkkosivut.","publisher":{"@id":"http:\/\/www.rukajarvensuunnanhistoriayhdistys.fi\/historiayhdistys\/#organization"},"potentialAction":[{"@type":"SearchAction","target":{"@type":"EntryPoint","urlTemplate":"http:\/\/www.rukajarvensuunnanhistoriayhdistys.fi\/historiayhdistys\/?s={search_term_string}"},"query-input":{"@type":"PropertyValueSpecification","valueRequired":true,"valueName":"search_term_string"}}],"inLanguage":"fi"},{"@type":"Organization","@id":"http:\/\/www.rukajarvensuunnanhistoriayhdistys.fi\/historiayhdistys\/#organization","name":"Rukaj\u00e4rven suunnan historiayhdistys","url":"http:\/\/www.rukajarvensuunnanhistoriayhdistys.fi\/historiayhdistys\/","logo":{"@type":"ImageObject","inLanguage":"fi","@id":"http:\/\/www.rukajarvensuunnanhistoriayhdistys.fi\/historiayhdistys\/#\/schema\/logo\/image\/","url":"https:\/\/www.rukajarvensuunnanhistoriayhdistys.fi\/historiayhdistys\/wp-content\/uploads\/2013\/12\/Otsake_3.jpg","contentUrl":"https:\/\/www.rukajarvensuunnanhistoriayhdistys.fi\/historiayhdistys\/wp-content\/uploads\/2013\/12\/Otsake_3.jpg","width":1000,"height":442,"caption":"Rukaj\u00e4rven suunnan historiayhdistys"},"image":{"@id":"http:\/\/www.rukajarvensuunnanhistoriayhdistys.fi\/historiayhdistys\/#\/schema\/logo\/image\/"}},{"@type":"Person","@id":"http:\/\/www.rukajarvensuunnanhistoriayhdistys.fi\/historiayhdistys\/#\/schema\/person\/19de7db68bf72dfd2b5d7f6dfbf8454d","name":"RSHY","image":{"@type":"ImageObject","inLanguage":"fi","@id":"https:\/\/secure.gravatar.com\/avatar\/598d59263a69cc8de65fcb4f9db78d6f58c098cb0e0ba22d73377441af9fa04c?s=96&d=blank&r=g","url":"https:\/\/secure.gravatar.com\/avatar\/598d59263a69cc8de65fcb4f9db78d6f58c098cb0e0ba22d73377441af9fa04c?s=96&d=blank&r=g","contentUrl":"https:\/\/secure.gravatar.com\/avatar\/598d59263a69cc8de65fcb4f9db78d6f58c098cb0e0ba22d73377441af9fa04c?s=96&d=blank&r=g","caption":"RSHY"},"url":"https:\/\/www.rukajarvensuunnanhistoriayhdistys.fi\/historiayhdistys\/author\/rshy\/"}]}},"_links":{"self":[{"href":"https:\/\/www.rukajarvensuunnanhistoriayhdistys.fi\/historiayhdistys\/wp-json\/wp\/v2\/posts\/16134","targetHints":{"allow":["GET"]}}],"collection":[{"href":"https:\/\/www.rukajarvensuunnanhistoriayhdistys.fi\/historiayhdistys\/wp-json\/wp\/v2\/posts"}],"about":[{"href":"https:\/\/www.rukajarvensuunnanhistoriayhdistys.fi\/historiayhdistys\/wp-json\/wp\/v2\/types\/post"}],"author":[{"embeddable":true,"href":"https:\/\/www.rukajarvensuunnanhistoriayhdistys.fi\/historiayhdistys\/wp-json\/wp\/v2\/users\/3"}],"replies":[{"embeddable":true,"href":"https:\/\/www.rukajarvensuunnanhistoriayhdistys.fi\/historiayhdistys\/wp-json\/wp\/v2\/comments?post=16134"}],"version-history":[{"count":5,"href":"https:\/\/www.rukajarvensuunnanhistoriayhdistys.fi\/historiayhdistys\/wp-json\/wp\/v2\/posts\/16134\/revisions"}],"predecessor-version":[{"id":16146,"href":"https:\/\/www.rukajarvensuunnanhistoriayhdistys.fi\/historiayhdistys\/wp-json\/wp\/v2\/posts\/16134\/revisions\/16146"}],"wp:attachment":[{"href":"https:\/\/www.rukajarvensuunnanhistoriayhdistys.fi\/historiayhdistys\/wp-json\/wp\/v2\/media?parent=16134"}],"wp:term":[{"taxonomy":"category","embeddable":true,"href":"https:\/\/www.rukajarvensuunnanhistoriayhdistys.fi\/historiayhdistys\/wp-json\/wp\/v2\/categories?post=16134"},{"taxonomy":"post_tag","embeddable":true,"href":"https:\/\/www.rukajarvensuunnanhistoriayhdistys.fi\/historiayhdistys\/wp-json\/wp\/v2\/tags?post=16134"}],"curies":[{"name":"wp","href":"https:\/\/api.w.org\/{rel}","templated":true}]}}