{"id":16265,"date":"2025-04-06T11:45:43","date_gmt":"2025-04-06T08:45:43","guid":{"rendered":"http:\/\/www.rukajarvensuunnanhistoriayhdistys.fi\/historiayhdistys\/?p=16265"},"modified":"2025-04-06T12:05:22","modified_gmt":"2025-04-06T09:05:22","slug":"kylla-nuorissa-on-tulevaisuus","status":"publish","type":"post","link":"https:\/\/www.rukajarvensuunnanhistoriayhdistys.fi\/historiayhdistys\/kylla-nuorissa-on-tulevaisuus\/","title":{"rendered":"Kyll\u00e4 \u2013 nuorissa on tulevaisuus!"},"content":{"rendered":"<div class=\"fcbkbttn_buttons_block\" id=\"fcbkbttn_left\"><div class=\"fcbkbttn_like \"><fb:like href=\"https:\/\/www.rukajarvensuunnanhistoriayhdistys.fi\/historiayhdistys\/kylla-nuorissa-on-tulevaisuus\/\" action=\"like\" colorscheme=\"light\" layout=\"button_count\"  size=\"small\"><\/fb:like><\/div><\/div>\n<p>Nuori, sivistynyt muusikko <strong>Antton H\u00e4kkinen<\/strong> vieraili Lieksan <strong>Rukaj\u00e4rvi-keskuksessa<\/strong> ja toi l\u00e4sn\u00e4olollaan sek\u00e4 puheellaan valoa kev\u00e4\u00e4n kynnyksell\u00e4 yh\u00e4 h\u00e4m\u00e4r\u00e4\u00e4n maailmaan. H\u00e4nen vierailunsa oli kuin lupaus nousevasta auringosta \u2013 kes\u00e4 on tulossa, my\u00f6s yhteiskunnalliseen keskusteluun.<\/p>\n\n\n\n<figure class=\"wp-block-image size-large\"><a href=\"http:\/\/www.rukajarvensuunnanhistoriayhdistys.fi\/historiayhdistys\/wp-content\/uploads\/2025\/04\/Antton-Hakkinen-5-4-2025.jpg\"><img loading=\"lazy\" decoding=\"async\" width=\"1024\" height=\"576\" src=\"http:\/\/www.rukajarvensuunnanhistoriayhdistys.fi\/historiayhdistys\/wp-content\/uploads\/2025\/04\/Antton-Hakkinen-5-4-2025-1024x576.jpg\" alt=\"\" class=\"wp-image-16266\" srcset=\"https:\/\/www.rukajarvensuunnanhistoriayhdistys.fi\/historiayhdistys\/wp-content\/uploads\/2025\/04\/Antton-Hakkinen-5-4-2025-1024x576.jpg 1024w, https:\/\/www.rukajarvensuunnanhistoriayhdistys.fi\/historiayhdistys\/wp-content\/uploads\/2025\/04\/Antton-Hakkinen-5-4-2025-300x169.jpg 300w, https:\/\/www.rukajarvensuunnanhistoriayhdistys.fi\/historiayhdistys\/wp-content\/uploads\/2025\/04\/Antton-Hakkinen-5-4-2025-768x432.jpg 768w, https:\/\/www.rukajarvensuunnanhistoriayhdistys.fi\/historiayhdistys\/wp-content\/uploads\/2025\/04\/Antton-Hakkinen-5-4-2025.jpg 1366w\" sizes=\"auto, (max-width: 1024px) 100vw, 1024px\" \/><\/a><\/figure>\n\n\n\n<p>Antton on nuoresta i\u00e4st\u00e4\u00e4n huolimatta jo pitk\u00e4\u00e4n ollut mies, joka huomataan \u2013 sek\u00e4 arvosteltu ett\u00e4 arvostettu. Siin\u00e4 miss\u00e4 maailmanpolitiikassa usein kuulemme valtiomiesten suusta vain loukkaamiseen tarkoitettuja puheenvuoroja, t\u00e4\u00e4ll\u00e4 Suomessa, nuorten ja veteraanien parissa, kuulemme toisenlaista \u00e4\u00e4nt\u00e4: rauhanomaista, sivistynytt\u00e4 keskustelua. Se on todistus siit\u00e4, ett\u00e4 yhteiskunnassamme el\u00e4\u00e4 viel\u00e4 aito kunnioitus ja korkea sivistystaso. Siit\u00e4 esimerkkin\u00e4 l\u00f6ytyy maan vanhin veteraanij\u00e4senemme, <a href=\"https:\/\/www.rukajarvensuunnanhistoriayhdistys.fi\/historiayhdistys\/ilmari-koppinen-taytti-8-1-2025-perati-107-vuotta-paljon-onnea\/\"><strong>Ilmari Koppinen (107 v.)<\/strong>.<\/a><\/p>\n\n\n\n<p>Lieksan <strong>Raappana-salissa<\/strong> kuultiin <strong><a href=\"https:\/\/www.facebook.com\/rshyry\/videos\/10012609575456486\">Anttonin puhe \u2013 puhe<\/a><\/strong> (avautuu my\u00f6s yhdistyksemme Facebook-alustalla), joka pys\u00e4ytti ja puhutteli. Siin\u00e4 oli tyyli\u00e4, syd\u00e4nt\u00e4 ja sivistyst\u00e4. Ja mik\u00e4 konsertti! Illan kruunasi &#8221;Veteraanin iltahuuto&#8221;, joka sai monet silm\u00e4t kostumaan.<\/p>\n\n\n\n<p>Anttonin puheen voi kuulla Facebook-alustalla oheisen linkin kautta \u2013 suosittelemme l\u00e4mpim\u00e4sti.<\/p>\n\n\n\n<figure class=\"wp-block-image size-full is-resized\"><a href=\"http:\/\/www.rukajarvensuunnanhistoriayhdistys.fi\/historiayhdistys\/wp-content\/uploads\/2025\/04\/Sari-Myllynen-ja-Antton-Hakkinen-5-4-2025.jpg\"><img loading=\"lazy\" decoding=\"async\" width=\"583\" height=\"559\" src=\"http:\/\/www.rukajarvensuunnanhistoriayhdistys.fi\/historiayhdistys\/wp-content\/uploads\/2025\/04\/Sari-Myllynen-ja-Antton-Hakkinen-5-4-2025.jpg\" alt=\"\" class=\"wp-image-16267\" style=\"width:837px;height:auto\" srcset=\"https:\/\/www.rukajarvensuunnanhistoriayhdistys.fi\/historiayhdistys\/wp-content\/uploads\/2025\/04\/Sari-Myllynen-ja-Antton-Hakkinen-5-4-2025.jpg 583w, https:\/\/www.rukajarvensuunnanhistoriayhdistys.fi\/historiayhdistys\/wp-content\/uploads\/2025\/04\/Sari-Myllynen-ja-Antton-Hakkinen-5-4-2025-300x288.jpg 300w\" sizes=\"auto, (max-width: 583px) 100vw, 583px\" \/><\/a><\/figure>\n\n\n\n<p><em>Haluamme kiitt\u00e4\u00e4 l\u00e4mpim\u00e4sti <strong>Saria<\/strong>, jonka tarkka silm\u00e4 ja yhteydet mahdollistivat t\u00e4m\u00e4n hienon kohtaamisen. <\/em><\/p>\n\n\n\n<figure class=\"wp-block-image size-full is-resized\"><a href=\"http:\/\/www.rukajarvensuunnanhistoriayhdistys.fi\/historiayhdistys\/wp-content\/uploads\/2025\/04\/Anton-ja-Juha-5-4-2025.jpg\"><img loading=\"lazy\" decoding=\"async\" width=\"583\" height=\"851\" src=\"http:\/\/www.rukajarvensuunnanhistoriayhdistys.fi\/historiayhdistys\/wp-content\/uploads\/2025\/04\/Anton-ja-Juha-5-4-2025.jpg\" alt=\"\" class=\"wp-image-16268\" style=\"width:838px;height:auto\" srcset=\"https:\/\/www.rukajarvensuunnanhistoriayhdistys.fi\/historiayhdistys\/wp-content\/uploads\/2025\/04\/Anton-ja-Juha-5-4-2025.jpg 583w, https:\/\/www.rukajarvensuunnanhistoriayhdistys.fi\/historiayhdistys\/wp-content\/uploads\/2025\/04\/Anton-ja-Juha-5-4-2025-206x300.jpg 206w\" sizes=\"auto, (max-width: 583px) 100vw, 583px\" \/><\/a><\/figure>\n\n\n\n<p><em>Kiit\u00e4mme my\u00f6s <strong>Juhaa<\/strong>, joka osallistui j\u00e4rjestelyihin. <strong><a href=\"https:\/\/www.facebook.com\/share\/v\/1EFLYQ8Afn\/\">Talkoomitali muistuttaa meit\u00e4 siit\u00e4, ett\u00e4 olemme samalla puolella <\/a><\/strong>\u2013 suojaamassa yhteis\u00f6llisyytt\u00e4 ja rauhaa maailman melskeelt\u00e4. Haluamme n\u00e4ill\u00e4 sanoilla ja luovuttamalla standaarimme rohkaista Sinua ja vanhempiasi jatkamaan arvokasta toimintaasi. Esit\u00e4mme parhaat kiitoksemme my\u00f6s vanhemmillesi, jotka ovat oivaltaneet oikean tien.<\/em><\/p>\n\n\n\n<p><strong>L\u00e4mmin kiitos, Antton, t\u00e4st\u00e4 hienosta tilaisuudesta.<\/strong><\/p>\n\n\n\n<p>Terveisemme ja parhaat onnittelumme esitt\u00e4v\u00e4t my\u00f6s veteraanij\u00e4senemme:<br><strong>Yrj\u00f6 Koppinen (s. 8.1.1918), Aarne Ukkola (s. 13.5.1918), Abel Tikkanen (s. 7.1.1923), Hannes Tuovinen (s. 23.2.1923), Aarre \u00d6\u00f6rni (s. 12.5.1924), Pentti Oksman (s. 13.9.1925) ja Eino Partanen (s. 26.1.1925)<\/strong> \u2013 he kaikki toivovat viel\u00e4 tapaavansa Sinut.<\/p>\n\n\n\n<figure class=\"wp-block-image size-large\"><a href=\"http:\/\/www.rukajarvensuunnanhistoriayhdistys.fi\/historiayhdistys\/wp-content\/uploads\/2025\/02\/A-Veteraanit-yhteiskuva.jpg\"><img loading=\"lazy\" decoding=\"async\" width=\"1024\" height=\"606\" src=\"http:\/\/www.rukajarvensuunnanhistoriayhdistys.fi\/historiayhdistys\/wp-content\/uploads\/2025\/02\/A-Veteraanit-yhteiskuva-1024x606.jpg\" alt=\"\" class=\"wp-image-16177\" srcset=\"https:\/\/www.rukajarvensuunnanhistoriayhdistys.fi\/historiayhdistys\/wp-content\/uploads\/2025\/02\/A-Veteraanit-yhteiskuva-1024x606.jpg 1024w, https:\/\/www.rukajarvensuunnanhistoriayhdistys.fi\/historiayhdistys\/wp-content\/uploads\/2025\/02\/A-Veteraanit-yhteiskuva-300x178.jpg 300w, https:\/\/www.rukajarvensuunnanhistoriayhdistys.fi\/historiayhdistys\/wp-content\/uploads\/2025\/02\/A-Veteraanit-yhteiskuva-768x455.jpg 768w, https:\/\/www.rukajarvensuunnanhistoriayhdistys.fi\/historiayhdistys\/wp-content\/uploads\/2025\/02\/A-Veteraanit-yhteiskuva.jpg 1240w\" sizes=\"auto, (max-width: 1024px) 100vw, 1024px\" \/><\/a><\/figure>\n\n\n\n<p><strong>Rukaj\u00e4rven suunnan historiikkitoimikunta<\/strong><br><strong>Rukaj\u00e4rven suunnan historiayhdistys ry<\/strong><br><strong>Rukaj\u00e4rven Tiell\u00e4 ry<\/strong><\/p>\n\n\n\n<p><strong>Puolesta:<\/strong><br><strong>Tenho Tikkanen, puheenjohtaja<\/strong><\/p>\n","protected":false},"excerpt":{"rendered":"<p>Nuori, sivistynyt muusikko Antton H\u00e4kkinen vieraili Lieksan Rukaj\u00e4rvi-keskuksessa ja toi l\u00e4sn\u00e4olollaan sek\u00e4 puheellaan valoa kev\u00e4\u00e4n kynnyksell\u00e4 yh\u00e4 h\u00e4m\u00e4r\u00e4\u00e4n maailmaan. H\u00e4nen vierailunsa oli kuin lupaus nousevasta auringosta \u2013 kes\u00e4 on tulossa, <a class=\"more-link\" href=\"https:\/\/www.rukajarvensuunnanhistoriayhdistys.fi\/historiayhdistys\/kylla-nuorissa-on-tulevaisuus\/\">Teksti jatkuu&#8230;<span class=\"screen-reader-text\">Kyll\u00e4 \u2013 nuorissa on tulevaisuus!<\/span><span class=\"meta-nav\">\u2192<\/span><\/a><\/p>\n","protected":false},"author":3,"featured_media":0,"comment_status":"closed","ping_status":"open","sticky":false,"template":"","format":"standard","meta":{"footnotes":""},"categories":[22,21,34,17,1],"tags":[],"class_list":["post-16265","post","type-post","status-publish","format-standard","hentry","category-ajankohtaista","category-rukajarvi-keskus","category-rukajarvi-keskus-lieksa","category-toiminta","category-yleinen"],"yoast_head":"<!-- This site is optimized with the Yoast SEO plugin v27.4 - https:\/\/yoast.com\/product\/yoast-seo-wordpress\/ -->\n<title>Kyll\u00e4 \u2013 nuorissa on tulevaisuus! - Rukaj\u00e4rven suunnan historiayhdistys<\/title>\n<meta name=\"robots\" content=\"index, follow, max-snippet:-1, max-image-preview:large, max-video-preview:-1\" \/>\n<link rel=\"canonical\" href=\"https:\/\/www.rukajarvensuunnanhistoriayhdistys.fi\/historiayhdistys\/kylla-nuorissa-on-tulevaisuus\/\" \/>\n<meta property=\"og:locale\" content=\"fi_FI\" \/>\n<meta property=\"og:type\" content=\"article\" \/>\n<meta property=\"og:title\" content=\"Kyll\u00e4 \u2013 nuorissa on tulevaisuus! - Rukaj\u00e4rven suunnan historiayhdistys\" \/>\n<meta property=\"og:description\" content=\"Nuori, sivistynyt muusikko Antton H\u00e4kkinen vieraili Lieksan Rukaj\u00e4rvi-keskuksessa ja toi l\u00e4sn\u00e4olollaan sek\u00e4 puheellaan valoa kev\u00e4\u00e4n kynnyksell\u00e4 yh\u00e4 h\u00e4m\u00e4r\u00e4\u00e4n maailmaan. H\u00e4nen vierailunsa oli kuin lupaus nousevasta auringosta \u2013 kes\u00e4 on tulossa, Teksti jatkuu...Kyll\u00e4 \u2013 nuorissa on tulevaisuus!\u2192\" \/>\n<meta property=\"og:url\" content=\"https:\/\/www.rukajarvensuunnanhistoriayhdistys.fi\/historiayhdistys\/kylla-nuorissa-on-tulevaisuus\/\" \/>\n<meta property=\"og:site_name\" content=\"Rukaj\u00e4rven suunnan historiayhdistys\" \/>\n<meta property=\"article:published_time\" content=\"2025-04-06T08:45:43+00:00\" \/>\n<meta property=\"article:modified_time\" content=\"2025-04-06T09:05:22+00:00\" \/>\n<meta property=\"og:image\" content=\"http:\/\/www.rukajarvensuunnanhistoriayhdistys.fi\/historiayhdistys\/wp-content\/uploads\/2025\/04\/Antton-Hakkinen-5-4-2025-1024x576.jpg\" \/>\n<meta name=\"author\" content=\"RSHY\" \/>\n<meta name=\"twitter:label1\" content=\"Kirjoittanut\" \/>\n\t<meta name=\"twitter:data1\" content=\"RSHY\" \/>\n\t<meta name=\"twitter:label2\" content=\"Arvioitu lukuaika\" \/>\n\t<meta name=\"twitter:data2\" content=\"3 minuuttia\" \/>\n<script type=\"application\/ld+json\" class=\"yoast-schema-graph\">{\"@context\":\"https:\\\/\\\/schema.org\",\"@graph\":[{\"@type\":\"Article\",\"@id\":\"https:\\\/\\\/www.rukajarvensuunnanhistoriayhdistys.fi\\\/historiayhdistys\\\/kylla-nuorissa-on-tulevaisuus\\\/#article\",\"isPartOf\":{\"@id\":\"https:\\\/\\\/www.rukajarvensuunnanhistoriayhdistys.fi\\\/historiayhdistys\\\/kylla-nuorissa-on-tulevaisuus\\\/\"},\"author\":{\"name\":\"RSHY\",\"@id\":\"http:\\\/\\\/www.rukajarvensuunnanhistoriayhdistys.fi\\\/historiayhdistys\\\/#\\\/schema\\\/person\\\/19de7db68bf72dfd2b5d7f6dfbf8454d\"},\"headline\":\"Kyll\u00e4 \u2013 nuorissa on tulevaisuus!\",\"datePublished\":\"2025-04-06T08:45:43+00:00\",\"dateModified\":\"2025-04-06T09:05:22+00:00\",\"mainEntityOfPage\":{\"@id\":\"https:\\\/\\\/www.rukajarvensuunnanhistoriayhdistys.fi\\\/historiayhdistys\\\/kylla-nuorissa-on-tulevaisuus\\\/\"},\"wordCount\":291,\"publisher\":{\"@id\":\"http:\\\/\\\/www.rukajarvensuunnanhistoriayhdistys.fi\\\/historiayhdistys\\\/#organization\"},\"image\":{\"@id\":\"https:\\\/\\\/www.rukajarvensuunnanhistoriayhdistys.fi\\\/historiayhdistys\\\/kylla-nuorissa-on-tulevaisuus\\\/#primaryimage\"},\"thumbnailUrl\":\"http:\\\/\\\/www.rukajarvensuunnanhistoriayhdistys.fi\\\/historiayhdistys\\\/wp-content\\\/uploads\\\/2025\\\/04\\\/Antton-Hakkinen-5-4-2025-1024x576.jpg\",\"articleSection\":[\"Ajankohtaista\",\"Rukaj\u00e4rvi-keskus\",\"Rukaj\u00e4rvi-keskus \u2013 Lieksa\",\"Toiminta\"],\"inLanguage\":\"fi\"},{\"@type\":\"WebPage\",\"@id\":\"https:\\\/\\\/www.rukajarvensuunnanhistoriayhdistys.fi\\\/historiayhdistys\\\/kylla-nuorissa-on-tulevaisuus\\\/\",\"url\":\"https:\\\/\\\/www.rukajarvensuunnanhistoriayhdistys.fi\\\/historiayhdistys\\\/kylla-nuorissa-on-tulevaisuus\\\/\",\"name\":\"Kyll\u00e4 \u2013 nuorissa on tulevaisuus! - Rukaj\u00e4rven suunnan historiayhdistys\",\"isPartOf\":{\"@id\":\"http:\\\/\\\/www.rukajarvensuunnanhistoriayhdistys.fi\\\/historiayhdistys\\\/#website\"},\"primaryImageOfPage\":{\"@id\":\"https:\\\/\\\/www.rukajarvensuunnanhistoriayhdistys.fi\\\/historiayhdistys\\\/kylla-nuorissa-on-tulevaisuus\\\/#primaryimage\"},\"image\":{\"@id\":\"https:\\\/\\\/www.rukajarvensuunnanhistoriayhdistys.fi\\\/historiayhdistys\\\/kylla-nuorissa-on-tulevaisuus\\\/#primaryimage\"},\"thumbnailUrl\":\"http:\\\/\\\/www.rukajarvensuunnanhistoriayhdistys.fi\\\/historiayhdistys\\\/wp-content\\\/uploads\\\/2025\\\/04\\\/Antton-Hakkinen-5-4-2025-1024x576.jpg\",\"datePublished\":\"2025-04-06T08:45:43+00:00\",\"dateModified\":\"2025-04-06T09:05:22+00:00\",\"breadcrumb\":{\"@id\":\"https:\\\/\\\/www.rukajarvensuunnanhistoriayhdistys.fi\\\/historiayhdistys\\\/kylla-nuorissa-on-tulevaisuus\\\/#breadcrumb\"},\"inLanguage\":\"fi\",\"potentialAction\":[{\"@type\":\"ReadAction\",\"target\":[\"https:\\\/\\\/www.rukajarvensuunnanhistoriayhdistys.fi\\\/historiayhdistys\\\/kylla-nuorissa-on-tulevaisuus\\\/\"]}]},{\"@type\":\"ImageObject\",\"inLanguage\":\"fi\",\"@id\":\"https:\\\/\\\/www.rukajarvensuunnanhistoriayhdistys.fi\\\/historiayhdistys\\\/kylla-nuorissa-on-tulevaisuus\\\/#primaryimage\",\"url\":\"https:\\\/\\\/www.rukajarvensuunnanhistoriayhdistys.fi\\\/historiayhdistys\\\/wp-content\\\/uploads\\\/2025\\\/04\\\/Antton-Hakkinen-5-4-2025.jpg\",\"contentUrl\":\"https:\\\/\\\/www.rukajarvensuunnanhistoriayhdistys.fi\\\/historiayhdistys\\\/wp-content\\\/uploads\\\/2025\\\/04\\\/Antton-Hakkinen-5-4-2025.jpg\",\"width\":1366,\"height\":768},{\"@type\":\"BreadcrumbList\",\"@id\":\"https:\\\/\\\/www.rukajarvensuunnanhistoriayhdistys.fi\\\/historiayhdistys\\\/kylla-nuorissa-on-tulevaisuus\\\/#breadcrumb\",\"itemListElement\":[{\"@type\":\"ListItem\",\"position\":1,\"name\":\"Etusivu\",\"item\":\"http:\\\/\\\/www.rukajarvensuunnanhistoriayhdistys.fi\\\/historiayhdistys\\\/\"},{\"@type\":\"ListItem\",\"position\":2,\"name\":\"Kyll\u00e4 \u2013 nuorissa on tulevaisuus!\"}]},{\"@type\":\"WebSite\",\"@id\":\"http:\\\/\\\/www.rukajarvensuunnanhistoriayhdistys.fi\\\/historiayhdistys\\\/#website\",\"url\":\"http:\\\/\\\/www.rukajarvensuunnanhistoriayhdistys.fi\\\/historiayhdistys\\\/\",\"name\":\"Rukaj\u00e4rven suunnan historiayhdistys\",\"description\":\"Rukaj\u00e4rven suunnan historiayhdistyksen verkkosivut.\",\"publisher\":{\"@id\":\"http:\\\/\\\/www.rukajarvensuunnanhistoriayhdistys.fi\\\/historiayhdistys\\\/#organization\"},\"potentialAction\":[{\"@type\":\"SearchAction\",\"target\":{\"@type\":\"EntryPoint\",\"urlTemplate\":\"http:\\\/\\\/www.rukajarvensuunnanhistoriayhdistys.fi\\\/historiayhdistys\\\/?s={search_term_string}\"},\"query-input\":{\"@type\":\"PropertyValueSpecification\",\"valueRequired\":true,\"valueName\":\"search_term_string\"}}],\"inLanguage\":\"fi\"},{\"@type\":\"Organization\",\"@id\":\"http:\\\/\\\/www.rukajarvensuunnanhistoriayhdistys.fi\\\/historiayhdistys\\\/#organization\",\"name\":\"Rukaj\u00e4rven suunnan historiayhdistys\",\"url\":\"http:\\\/\\\/www.rukajarvensuunnanhistoriayhdistys.fi\\\/historiayhdistys\\\/\",\"logo\":{\"@type\":\"ImageObject\",\"inLanguage\":\"fi\",\"@id\":\"http:\\\/\\\/www.rukajarvensuunnanhistoriayhdistys.fi\\\/historiayhdistys\\\/#\\\/schema\\\/logo\\\/image\\\/\",\"url\":\"https:\\\/\\\/www.rukajarvensuunnanhistoriayhdistys.fi\\\/historiayhdistys\\\/wp-content\\\/uploads\\\/2013\\\/12\\\/Otsake_3.jpg\",\"contentUrl\":\"https:\\\/\\\/www.rukajarvensuunnanhistoriayhdistys.fi\\\/historiayhdistys\\\/wp-content\\\/uploads\\\/2013\\\/12\\\/Otsake_3.jpg\",\"width\":1000,\"height\":442,\"caption\":\"Rukaj\u00e4rven suunnan historiayhdistys\"},\"image\":{\"@id\":\"http:\\\/\\\/www.rukajarvensuunnanhistoriayhdistys.fi\\\/historiayhdistys\\\/#\\\/schema\\\/logo\\\/image\\\/\"}},{\"@type\":\"Person\",\"@id\":\"http:\\\/\\\/www.rukajarvensuunnanhistoriayhdistys.fi\\\/historiayhdistys\\\/#\\\/schema\\\/person\\\/19de7db68bf72dfd2b5d7f6dfbf8454d\",\"name\":\"RSHY\",\"image\":{\"@type\":\"ImageObject\",\"inLanguage\":\"fi\",\"@id\":\"https:\\\/\\\/secure.gravatar.com\\\/avatar\\\/598d59263a69cc8de65fcb4f9db78d6f58c098cb0e0ba22d73377441af9fa04c?s=96&d=blank&r=g\",\"url\":\"https:\\\/\\\/secure.gravatar.com\\\/avatar\\\/598d59263a69cc8de65fcb4f9db78d6f58c098cb0e0ba22d73377441af9fa04c?s=96&d=blank&r=g\",\"contentUrl\":\"https:\\\/\\\/secure.gravatar.com\\\/avatar\\\/598d59263a69cc8de65fcb4f9db78d6f58c098cb0e0ba22d73377441af9fa04c?s=96&d=blank&r=g\",\"caption\":\"RSHY\"},\"url\":\"https:\\\/\\\/www.rukajarvensuunnanhistoriayhdistys.fi\\\/historiayhdistys\\\/author\\\/rshy\\\/\"}]}<\/script>\n<!-- \/ Yoast SEO plugin. -->","yoast_head_json":{"title":"Kyll\u00e4 \u2013 nuorissa on tulevaisuus! - Rukaj\u00e4rven suunnan historiayhdistys","robots":{"index":"index","follow":"follow","max-snippet":"max-snippet:-1","max-image-preview":"max-image-preview:large","max-video-preview":"max-video-preview:-1"},"canonical":"https:\/\/www.rukajarvensuunnanhistoriayhdistys.fi\/historiayhdistys\/kylla-nuorissa-on-tulevaisuus\/","og_locale":"fi_FI","og_type":"article","og_title":"Kyll\u00e4 \u2013 nuorissa on tulevaisuus! - Rukaj\u00e4rven suunnan historiayhdistys","og_description":"Nuori, sivistynyt muusikko Antton H\u00e4kkinen vieraili Lieksan Rukaj\u00e4rvi-keskuksessa ja toi l\u00e4sn\u00e4olollaan sek\u00e4 puheellaan valoa kev\u00e4\u00e4n kynnyksell\u00e4 yh\u00e4 h\u00e4m\u00e4r\u00e4\u00e4n maailmaan. H\u00e4nen vierailunsa oli kuin lupaus nousevasta auringosta \u2013 kes\u00e4 on tulossa, Teksti jatkuu...Kyll\u00e4 \u2013 nuorissa on tulevaisuus!\u2192","og_url":"https:\/\/www.rukajarvensuunnanhistoriayhdistys.fi\/historiayhdistys\/kylla-nuorissa-on-tulevaisuus\/","og_site_name":"Rukaj\u00e4rven suunnan historiayhdistys","article_published_time":"2025-04-06T08:45:43+00:00","article_modified_time":"2025-04-06T09:05:22+00:00","og_image":[{"url":"http:\/\/www.rukajarvensuunnanhistoriayhdistys.fi\/historiayhdistys\/wp-content\/uploads\/2025\/04\/Antton-Hakkinen-5-4-2025-1024x576.jpg","type":"","width":"","height":""}],"author":"RSHY","twitter_misc":{"Kirjoittanut":"RSHY","Arvioitu lukuaika":"3 minuuttia"},"schema":{"@context":"https:\/\/schema.org","@graph":[{"@type":"Article","@id":"https:\/\/www.rukajarvensuunnanhistoriayhdistys.fi\/historiayhdistys\/kylla-nuorissa-on-tulevaisuus\/#article","isPartOf":{"@id":"https:\/\/www.rukajarvensuunnanhistoriayhdistys.fi\/historiayhdistys\/kylla-nuorissa-on-tulevaisuus\/"},"author":{"name":"RSHY","@id":"http:\/\/www.rukajarvensuunnanhistoriayhdistys.fi\/historiayhdistys\/#\/schema\/person\/19de7db68bf72dfd2b5d7f6dfbf8454d"},"headline":"Kyll\u00e4 \u2013 nuorissa on tulevaisuus!","datePublished":"2025-04-06T08:45:43+00:00","dateModified":"2025-04-06T09:05:22+00:00","mainEntityOfPage":{"@id":"https:\/\/www.rukajarvensuunnanhistoriayhdistys.fi\/historiayhdistys\/kylla-nuorissa-on-tulevaisuus\/"},"wordCount":291,"publisher":{"@id":"http:\/\/www.rukajarvensuunnanhistoriayhdistys.fi\/historiayhdistys\/#organization"},"image":{"@id":"https:\/\/www.rukajarvensuunnanhistoriayhdistys.fi\/historiayhdistys\/kylla-nuorissa-on-tulevaisuus\/#primaryimage"},"thumbnailUrl":"http:\/\/www.rukajarvensuunnanhistoriayhdistys.fi\/historiayhdistys\/wp-content\/uploads\/2025\/04\/Antton-Hakkinen-5-4-2025-1024x576.jpg","articleSection":["Ajankohtaista","Rukaj\u00e4rvi-keskus","Rukaj\u00e4rvi-keskus \u2013 Lieksa","Toiminta"],"inLanguage":"fi"},{"@type":"WebPage","@id":"https:\/\/www.rukajarvensuunnanhistoriayhdistys.fi\/historiayhdistys\/kylla-nuorissa-on-tulevaisuus\/","url":"https:\/\/www.rukajarvensuunnanhistoriayhdistys.fi\/historiayhdistys\/kylla-nuorissa-on-tulevaisuus\/","name":"Kyll\u00e4 \u2013 nuorissa on tulevaisuus! - Rukaj\u00e4rven suunnan historiayhdistys","isPartOf":{"@id":"http:\/\/www.rukajarvensuunnanhistoriayhdistys.fi\/historiayhdistys\/#website"},"primaryImageOfPage":{"@id":"https:\/\/www.rukajarvensuunnanhistoriayhdistys.fi\/historiayhdistys\/kylla-nuorissa-on-tulevaisuus\/#primaryimage"},"image":{"@id":"https:\/\/www.rukajarvensuunnanhistoriayhdistys.fi\/historiayhdistys\/kylla-nuorissa-on-tulevaisuus\/#primaryimage"},"thumbnailUrl":"http:\/\/www.rukajarvensuunnanhistoriayhdistys.fi\/historiayhdistys\/wp-content\/uploads\/2025\/04\/Antton-Hakkinen-5-4-2025-1024x576.jpg","datePublished":"2025-04-06T08:45:43+00:00","dateModified":"2025-04-06T09:05:22+00:00","breadcrumb":{"@id":"https:\/\/www.rukajarvensuunnanhistoriayhdistys.fi\/historiayhdistys\/kylla-nuorissa-on-tulevaisuus\/#breadcrumb"},"inLanguage":"fi","potentialAction":[{"@type":"ReadAction","target":["https:\/\/www.rukajarvensuunnanhistoriayhdistys.fi\/historiayhdistys\/kylla-nuorissa-on-tulevaisuus\/"]}]},{"@type":"ImageObject","inLanguage":"fi","@id":"https:\/\/www.rukajarvensuunnanhistoriayhdistys.fi\/historiayhdistys\/kylla-nuorissa-on-tulevaisuus\/#primaryimage","url":"https:\/\/www.rukajarvensuunnanhistoriayhdistys.fi\/historiayhdistys\/wp-content\/uploads\/2025\/04\/Antton-Hakkinen-5-4-2025.jpg","contentUrl":"https:\/\/www.rukajarvensuunnanhistoriayhdistys.fi\/historiayhdistys\/wp-content\/uploads\/2025\/04\/Antton-Hakkinen-5-4-2025.jpg","width":1366,"height":768},{"@type":"BreadcrumbList","@id":"https:\/\/www.rukajarvensuunnanhistoriayhdistys.fi\/historiayhdistys\/kylla-nuorissa-on-tulevaisuus\/#breadcrumb","itemListElement":[{"@type":"ListItem","position":1,"name":"Etusivu","item":"http:\/\/www.rukajarvensuunnanhistoriayhdistys.fi\/historiayhdistys\/"},{"@type":"ListItem","position":2,"name":"Kyll\u00e4 \u2013 nuorissa on tulevaisuus!"}]},{"@type":"WebSite","@id":"http:\/\/www.rukajarvensuunnanhistoriayhdistys.fi\/historiayhdistys\/#website","url":"http:\/\/www.rukajarvensuunnanhistoriayhdistys.fi\/historiayhdistys\/","name":"Rukaj\u00e4rven suunnan historiayhdistys","description":"Rukaj\u00e4rven suunnan historiayhdistyksen verkkosivut.","publisher":{"@id":"http:\/\/www.rukajarvensuunnanhistoriayhdistys.fi\/historiayhdistys\/#organization"},"potentialAction":[{"@type":"SearchAction","target":{"@type":"EntryPoint","urlTemplate":"http:\/\/www.rukajarvensuunnanhistoriayhdistys.fi\/historiayhdistys\/?s={search_term_string}"},"query-input":{"@type":"PropertyValueSpecification","valueRequired":true,"valueName":"search_term_string"}}],"inLanguage":"fi"},{"@type":"Organization","@id":"http:\/\/www.rukajarvensuunnanhistoriayhdistys.fi\/historiayhdistys\/#organization","name":"Rukaj\u00e4rven suunnan historiayhdistys","url":"http:\/\/www.rukajarvensuunnanhistoriayhdistys.fi\/historiayhdistys\/","logo":{"@type":"ImageObject","inLanguage":"fi","@id":"http:\/\/www.rukajarvensuunnanhistoriayhdistys.fi\/historiayhdistys\/#\/schema\/logo\/image\/","url":"https:\/\/www.rukajarvensuunnanhistoriayhdistys.fi\/historiayhdistys\/wp-content\/uploads\/2013\/12\/Otsake_3.jpg","contentUrl":"https:\/\/www.rukajarvensuunnanhistoriayhdistys.fi\/historiayhdistys\/wp-content\/uploads\/2013\/12\/Otsake_3.jpg","width":1000,"height":442,"caption":"Rukaj\u00e4rven suunnan historiayhdistys"},"image":{"@id":"http:\/\/www.rukajarvensuunnanhistoriayhdistys.fi\/historiayhdistys\/#\/schema\/logo\/image\/"}},{"@type":"Person","@id":"http:\/\/www.rukajarvensuunnanhistoriayhdistys.fi\/historiayhdistys\/#\/schema\/person\/19de7db68bf72dfd2b5d7f6dfbf8454d","name":"RSHY","image":{"@type":"ImageObject","inLanguage":"fi","@id":"https:\/\/secure.gravatar.com\/avatar\/598d59263a69cc8de65fcb4f9db78d6f58c098cb0e0ba22d73377441af9fa04c?s=96&d=blank&r=g","url":"https:\/\/secure.gravatar.com\/avatar\/598d59263a69cc8de65fcb4f9db78d6f58c098cb0e0ba22d73377441af9fa04c?s=96&d=blank&r=g","contentUrl":"https:\/\/secure.gravatar.com\/avatar\/598d59263a69cc8de65fcb4f9db78d6f58c098cb0e0ba22d73377441af9fa04c?s=96&d=blank&r=g","caption":"RSHY"},"url":"https:\/\/www.rukajarvensuunnanhistoriayhdistys.fi\/historiayhdistys\/author\/rshy\/"}]}},"_links":{"self":[{"href":"https:\/\/www.rukajarvensuunnanhistoriayhdistys.fi\/historiayhdistys\/wp-json\/wp\/v2\/posts\/16265","targetHints":{"allow":["GET"]}}],"collection":[{"href":"https:\/\/www.rukajarvensuunnanhistoriayhdistys.fi\/historiayhdistys\/wp-json\/wp\/v2\/posts"}],"about":[{"href":"https:\/\/www.rukajarvensuunnanhistoriayhdistys.fi\/historiayhdistys\/wp-json\/wp\/v2\/types\/post"}],"author":[{"embeddable":true,"href":"https:\/\/www.rukajarvensuunnanhistoriayhdistys.fi\/historiayhdistys\/wp-json\/wp\/v2\/users\/3"}],"replies":[{"embeddable":true,"href":"https:\/\/www.rukajarvensuunnanhistoriayhdistys.fi\/historiayhdistys\/wp-json\/wp\/v2\/comments?post=16265"}],"version-history":[{"count":2,"href":"https:\/\/www.rukajarvensuunnanhistoriayhdistys.fi\/historiayhdistys\/wp-json\/wp\/v2\/posts\/16265\/revisions"}],"predecessor-version":[{"id":16271,"href":"https:\/\/www.rukajarvensuunnanhistoriayhdistys.fi\/historiayhdistys\/wp-json\/wp\/v2\/posts\/16265\/revisions\/16271"}],"wp:attachment":[{"href":"https:\/\/www.rukajarvensuunnanhistoriayhdistys.fi\/historiayhdistys\/wp-json\/wp\/v2\/media?parent=16265"}],"wp:term":[{"taxonomy":"category","embeddable":true,"href":"https:\/\/www.rukajarvensuunnanhistoriayhdistys.fi\/historiayhdistys\/wp-json\/wp\/v2\/categories?post=16265"},{"taxonomy":"post_tag","embeddable":true,"href":"https:\/\/www.rukajarvensuunnanhistoriayhdistys.fi\/historiayhdistys\/wp-json\/wp\/v2\/tags?post=16265"}],"curies":[{"name":"wp","href":"https:\/\/api.w.org\/{rel}","templated":true}]}}