{"id":16580,"date":"2025-08-07T00:31:52","date_gmt":"2025-08-06T21:31:52","guid":{"rendered":"http:\/\/www.rukajarvensuunnanhistoriayhdistys.fi\/historiayhdistys\/?p=16580"},"modified":"2025-08-08T08:01:05","modified_gmt":"2025-08-08T05:01:05","slug":"hyvantekevaisyyskonsertti-lieksan-asemapuistossa-la-9-8-2025-klo-18-00-20-00","status":"publish","type":"post","link":"https:\/\/www.rukajarvensuunnanhistoriayhdistys.fi\/historiayhdistys\/hyvantekevaisyyskonsertti-lieksan-asemapuistossa-la-9-8-2025-klo-18-00-20-00\/","title":{"rendered":"Hyv\u00e4ntekev\u00e4isyyskonsertti Lieksan asemapuistossa la 9.8.2025 \u2013 KLO 18.00 \u2013 20.00"},"content":{"rendered":"<div class=\"fcbkbttn_buttons_block\" id=\"fcbkbttn_left\"><div class=\"fcbkbttn_like \"><fb:like href=\"https:\/\/www.rukajarvensuunnanhistoriayhdistys.fi\/historiayhdistys\/hyvantekevaisyyskonsertti-lieksan-asemapuistossa-la-9-8-2025-klo-18-00-20-00\/\" action=\"like\" colorscheme=\"light\" layout=\"button_count\"  size=\"small\"><\/fb:like><\/div><\/div>\n<p><strong>\ud83c\udfb6 NYT JOS KOSKAAN \u2013 TULE MUKAAN!<\/strong><\/p>\n\n\n\n<p><strong>LIEKSAN ASEMALLA TAPAHTUU \u2013 JOTAIN AINUTLAATUISTA!<\/strong> \ud83c\udfb6<\/p>\n\n\n\n<p><strong>Hyv\u00e4ntekev\u00e4isyyskonsertti Lieksan asemapuistossa la 9.8.2025 \u2013 KLO 18.00 \u2013 20.00<\/strong><br>\ud83c\udf97 <em>Kaikki tuotto ohjataan sy\u00f6p\u00e4\u00e4 sairastavien lasten hyv\u00e4ksi \u2013 Sylva ry:n kautta.<\/em><\/p>\n\n\n\n<figure class=\"wp-block-image size-large\"><a href=\"http:\/\/www.rukajarvensuunnanhistoriayhdistys.fi\/historiayhdistys\/wp-content\/uploads\/2025\/08\/Hyvantekevaisyyskonsertti-Aseman-puistossa-9.8.25025.jpg\"><img loading=\"lazy\" decoding=\"async\" width=\"709\" height=\"1024\" src=\"http:\/\/www.rukajarvensuunnanhistoriayhdistys.fi\/historiayhdistys\/wp-content\/uploads\/2025\/08\/Hyvantekevaisyyskonsertti-Aseman-puistossa-9.8.25025-709x1024.jpg\" alt=\"\" class=\"wp-image-16581\" srcset=\"https:\/\/www.rukajarvensuunnanhistoriayhdistys.fi\/historiayhdistys\/wp-content\/uploads\/2025\/08\/Hyvantekevaisyyskonsertti-Aseman-puistossa-9.8.25025-709x1024.jpg 709w, https:\/\/www.rukajarvensuunnanhistoriayhdistys.fi\/historiayhdistys\/wp-content\/uploads\/2025\/08\/Hyvantekevaisyyskonsertti-Aseman-puistossa-9.8.25025-208x300.jpg 208w, https:\/\/www.rukajarvensuunnanhistoriayhdistys.fi\/historiayhdistys\/wp-content\/uploads\/2025\/08\/Hyvantekevaisyyskonsertti-Aseman-puistossa-9.8.25025.jpg 720w\" sizes=\"auto, (max-width: 709px) 100vw, 709px\" \/><\/a><\/figure>\n\n\n\n<hr class=\"wp-block-separator has-alpha-channel-opacity\"\/>\n\n\n\n<p>\ud83d\udca5 <strong>MAAMME URHEILULEGENDAT TUKEVAT HANKETTAMME!<\/strong><br>Mukana tukemassa:<br>\ud83c\udfc3\u200d\u2642\ufe0f Lasse Vir\u00e9n<br>\ud83c\udfaf Helena Takalo<br>\ud83c\udfc3\u200d\u2642\ufe0f Juha V\u00e4\u00e4t\u00e4inen<br>\ud83c\udfbf Juha Mieto<br>\ud83c\udfaf Hannu Siitonen<\/p>\n\n\n\n<hr class=\"wp-block-separator has-alpha-channel-opacity\"\/>\n\n\n\n<p>\ud83d\udeb4\u200d\u2642\ufe0f <strong>SY\u00d6P\u00c4SYYKKELIN HUIMAT URHOT<\/strong><br><strong>Matti Kumpulainen ja Kari Saastamoinen<\/strong> py\u00f6r\u00e4ilev\u00e4t <strong>yli 2000 km<\/strong> j\u00e4rjest\u00e4en erilaisia tapahtumia, Lieksan asemapuiston konsertin lapsisy\u00f6p\u00e4potilaiden hyv\u00e4ksi. T\u00e4m\u00e4n urakan edess\u00e4 moni nostaa hattua \u2013 mutta harva uskaltaa nousta py\u00f6r\u00e4n selk\u00e4\u00e4n. Matti ja Kari sen ovat tehneet toistuvasti usean vuoden ajan.<\/p>\n\n\n\n<figure class=\"wp-block-image size-large\"><a href=\"http:\/\/www.rukajarvensuunnanhistoriayhdistys.fi\/historiayhdistys\/wp-content\/uploads\/2025\/08\/Kari-Saastamoinen-ja-Matti-Kumpulainen-2500-km.jpg\"><img loading=\"lazy\" decoding=\"async\" width=\"1024\" height=\"820\" src=\"http:\/\/www.rukajarvensuunnanhistoriayhdistys.fi\/historiayhdistys\/wp-content\/uploads\/2025\/08\/Kari-Saastamoinen-ja-Matti-Kumpulainen-2500-km-1024x820.jpg\" alt=\"\" class=\"wp-image-16583\" srcset=\"https:\/\/www.rukajarvensuunnanhistoriayhdistys.fi\/historiayhdistys\/wp-content\/uploads\/2025\/08\/Kari-Saastamoinen-ja-Matti-Kumpulainen-2500-km-1024x820.jpg 1024w, https:\/\/www.rukajarvensuunnanhistoriayhdistys.fi\/historiayhdistys\/wp-content\/uploads\/2025\/08\/Kari-Saastamoinen-ja-Matti-Kumpulainen-2500-km-300x240.jpg 300w, https:\/\/www.rukajarvensuunnanhistoriayhdistys.fi\/historiayhdistys\/wp-content\/uploads\/2025\/08\/Kari-Saastamoinen-ja-Matti-Kumpulainen-2500-km-768x615.jpg 768w, https:\/\/www.rukajarvensuunnanhistoriayhdistys.fi\/historiayhdistys\/wp-content\/uploads\/2025\/08\/Kari-Saastamoinen-ja-Matti-Kumpulainen-2500-km-1536x1230.jpg 1536w, https:\/\/www.rukajarvensuunnanhistoriayhdistys.fi\/historiayhdistys\/wp-content\/uploads\/2025\/08\/Kari-Saastamoinen-ja-Matti-Kumpulainen-2500-km.jpg 1920w\" sizes=\"auto, (max-width: 1024px) 100vw, 1024px\" \/><\/a><\/figure>\n\n\n\n<hr class=\"wp-block-separator has-alpha-channel-opacity\"\/>\n\n\n\n<p>\ud83c\udfa4 <strong>PUHETTA JA PUHDASS\u00c4VELT\u00c4!<\/strong><br>Koe ainutlaatuinen konserttiel\u00e4mys Jatta Kettusen ja Ritva Kilpel\u00e4isen seurassa, musiikki, tarinat ja maamme historia kohtaavat yhdell\u00e4 kertaa.<br><strong>Lieksan rautatieaseman kauniissa asemapuistossa \u2013 paikka, jossa kiire loppuu ja kulttuuri alkaa.<\/strong><\/p>\n\n\n\n<hr class=\"wp-block-separator has-alpha-channel-opacity\"\/>\n\n\n\n<figure class=\"wp-block-image size-large\"><a href=\"http:\/\/www.rukajarvensuunnanhistoriayhdistys.fi\/historiayhdistys\/wp-content\/uploads\/2025\/08\/Lieksan-aseman-puisto-2.jpg\"><img loading=\"lazy\" decoding=\"async\" width=\"1024\" height=\"768\" src=\"http:\/\/www.rukajarvensuunnanhistoriayhdistys.fi\/historiayhdistys\/wp-content\/uploads\/2025\/08\/Lieksan-aseman-puisto-2-1024x768.jpg\" alt=\"\" class=\"wp-image-16582\" srcset=\"https:\/\/www.rukajarvensuunnanhistoriayhdistys.fi\/historiayhdistys\/wp-content\/uploads\/2025\/08\/Lieksan-aseman-puisto-2-1024x768.jpg 1024w, https:\/\/www.rukajarvensuunnanhistoriayhdistys.fi\/historiayhdistys\/wp-content\/uploads\/2025\/08\/Lieksan-aseman-puisto-2-300x225.jpg 300w, https:\/\/www.rukajarvensuunnanhistoriayhdistys.fi\/historiayhdistys\/wp-content\/uploads\/2025\/08\/Lieksan-aseman-puisto-2-768x576.jpg 768w, https:\/\/www.rukajarvensuunnanhistoriayhdistys.fi\/historiayhdistys\/wp-content\/uploads\/2025\/08\/Lieksan-aseman-puisto-2-1536x1152.jpg 1536w, https:\/\/www.rukajarvensuunnanhistoriayhdistys.fi\/historiayhdistys\/wp-content\/uploads\/2025\/08\/Lieksan-aseman-puisto-2.jpg 2048w\" sizes=\"auto, (max-width: 1024px) 100vw, 1024px\" \/><\/a><\/figure>\n\n\n\n<p>\ud83c\udfd5 <strong>Y\u00f6pyminen historian siivill\u00e4!<\/strong><br>Matti ja Kari y\u00f6pyv\u00e4t Lieksassa, <strong>Marskin ritari Ilmari Juutilaisen<\/strong> syntym\u00e4huoneessa \u2014 retkipatjalla, sekin vaatimattomasti &#8211; suurella syd\u00e4mell\u00e4.<\/p>\n\n\n\n<hr class=\"wp-block-separator has-alpha-channel-opacity\"\/>\n\n\n\n<p>\ud83c\udf32 <strong>LIEKSA \u2013 BIOSF\u00c4\u00c4RIKAUPUNKI JA MATKAILIJAN PARATIISI<\/strong><br>Puhtaat mets\u00e4t, kosket, er\u00e4maamelontareitit, suot ja huippu palvelut \u2013 kaikki kohtaavat Lieksassa.<br><strong>Tule kokemaan elinvoimaa, v\u00e4litt\u00e4mist\u00e4 ja yhteis\u00f6llisyytt\u00e4.<\/strong><\/p>\n\n\n\n<hr class=\"wp-block-separator has-alpha-channel-opacity\"\/>\n\n\n\n<p>\ud83d\udc9b T\u00c4M\u00c4 TAPAHTUMA ON SYYT\u00c4 KOKEA OMAKOHTAISESTI ITSE. \u00c4L\u00c4 J\u00c4\u00c4 POIS. \ud83d\udc9b<\/p>\n\n\n\n<p>\ud83d\udccd <strong>Lieksan asemapuisto<\/strong><br>\ud83d\udd54 <em>La 9.8. klo 18 alkaen<\/em><br>\ud83d\udd17 Lis\u00e4tiedot ja reitin seuranta: <a href=\"https:\/\/www.sylva.fi\/syopasykkeli\/\">sylva.fi\/syopasykkeli<\/a><\/p>\n\n\n\n<p><strong>Tule. N\u00e4e. Koe. Auta Lapsia.<\/strong><\/p>\n\n\n\n<p><strong>Mukana Radio Sandels ja Rukaj\u00e4rven suunnan historiayhdistys ry.<\/strong><\/p>\n\n\n\n<p>Samalla reissulla voit tutustua my\u00f6s sek\u00e4 Lieksan Rukaj\u00e4rvi-keskuksen ett\u00e4 Raappana Salin n\u00e4yttelyihin!<\/p>\n","protected":false},"excerpt":{"rendered":"<p>\ud83c\udfb6 NYT JOS KOSKAAN \u2013 TULE MUKAAN! LIEKSAN ASEMALLA TAPAHTUU \u2013 JOTAIN AINUTLAATUISTA! \ud83c\udfb6 Hyv\u00e4ntekev\u00e4isyyskonsertti Lieksan asemapuistossa la 9.8.2025 \u2013 KLO 18.00 \u2013 20.00\ud83c\udf97 Kaikki tuotto ohjataan sy\u00f6p\u00e4\u00e4 sairastavien lasten <a class=\"more-link\" href=\"https:\/\/www.rukajarvensuunnanhistoriayhdistys.fi\/historiayhdistys\/hyvantekevaisyyskonsertti-lieksan-asemapuistossa-la-9-8-2025-klo-18-00-20-00\/\">Teksti jatkuu&#8230;<span class=\"screen-reader-text\">Hyv\u00e4ntekev\u00e4isyyskonsertti Lieksan asemapuistossa la 9.8.2025 \u2013 KLO 18.00 \u2013 20.00<\/span><span class=\"meta-nav\">\u2192<\/span><\/a><\/p>\n","protected":false},"author":3,"featured_media":0,"comment_status":"closed","ping_status":"open","sticky":false,"template":"","format":"standard","meta":{"footnotes":""},"categories":[22,34,17,1],"tags":[],"class_list":["post-16580","post","type-post","status-publish","format-standard","hentry","category-ajankohtaista","category-rukajarvi-keskus-lieksa","category-toiminta","category-yleinen"],"yoast_head":"<!-- This site is optimized with the Yoast SEO plugin v27.4 - https:\/\/yoast.com\/product\/yoast-seo-wordpress\/ -->\n<title>Hyv\u00e4ntekev\u00e4isyyskonsertti Lieksan asemapuistossa la 9.8.2025 \u2013 KLO 18.00 \u2013 20.00 - Rukaj\u00e4rven suunnan historiayhdistys<\/title>\n<meta name=\"robots\" content=\"index, follow, max-snippet:-1, max-image-preview:large, max-video-preview:-1\" \/>\n<link rel=\"canonical\" href=\"http:\/\/www.rukajarvensuunnanhistoriayhdistys.fi\/historiayhdistys\/hyvantekevaisyyskonsertti-lieksan-asemapuistossa-la-9-8-2025-klo-18-00-20-00\/\" \/>\n<meta property=\"og:locale\" content=\"fi_FI\" \/>\n<meta property=\"og:type\" content=\"article\" \/>\n<meta property=\"og:title\" content=\"Hyv\u00e4ntekev\u00e4isyyskonsertti Lieksan asemapuistossa la 9.8.2025 \u2013 KLO 18.00 \u2013 20.00 - Rukaj\u00e4rven suunnan historiayhdistys\" \/>\n<meta property=\"og:description\" content=\"\ud83c\udfb6 NYT JOS KOSKAAN \u2013 TULE MUKAAN! LIEKSAN ASEMALLA TAPAHTUU \u2013 JOTAIN AINUTLAATUISTA! \ud83c\udfb6 Hyv\u00e4ntekev\u00e4isyyskonsertti Lieksan asemapuistossa la 9.8.2025 \u2013 KLO 18.00 \u2013 20.00\ud83c\udf97 Kaikki tuotto ohjataan sy\u00f6p\u00e4\u00e4 sairastavien lasten Teksti jatkuu...Hyv\u00e4ntekev\u00e4isyyskonsertti Lieksan asemapuistossa la 9.8.2025 \u2013 KLO 18.00 \u2013 20.00\u2192\" \/>\n<meta property=\"og:url\" content=\"http:\/\/www.rukajarvensuunnanhistoriayhdistys.fi\/historiayhdistys\/hyvantekevaisyyskonsertti-lieksan-asemapuistossa-la-9-8-2025-klo-18-00-20-00\/\" \/>\n<meta property=\"og:site_name\" content=\"Rukaj\u00e4rven suunnan historiayhdistys\" \/>\n<meta property=\"article:published_time\" content=\"2025-08-06T21:31:52+00:00\" \/>\n<meta property=\"article:modified_time\" content=\"2025-08-08T05:01:05+00:00\" \/>\n<meta property=\"og:image\" content=\"http:\/\/www.rukajarvensuunnanhistoriayhdistys.fi\/historiayhdistys\/wp-content\/uploads\/2025\/08\/Hyvantekevaisyyskonsertti-Aseman-puistossa-9.8.25025-709x1024.jpg\" \/>\n<meta name=\"author\" content=\"RSHY\" \/>\n<meta name=\"twitter:label1\" content=\"Kirjoittanut\" \/>\n\t<meta name=\"twitter:data1\" content=\"RSHY\" \/>\n\t<meta name=\"twitter:label2\" content=\"Arvioitu lukuaika\" \/>\n\t<meta name=\"twitter:data2\" content=\"2 minuuttia\" \/>\n<script type=\"application\/ld+json\" class=\"yoast-schema-graph\">{\"@context\":\"https:\\\/\\\/schema.org\",\"@graph\":[{\"@type\":\"Article\",\"@id\":\"http:\\\/\\\/www.rukajarvensuunnanhistoriayhdistys.fi\\\/historiayhdistys\\\/hyvantekevaisyyskonsertti-lieksan-asemapuistossa-la-9-8-2025-klo-18-00-20-00\\\/#article\",\"isPartOf\":{\"@id\":\"http:\\\/\\\/www.rukajarvensuunnanhistoriayhdistys.fi\\\/historiayhdistys\\\/hyvantekevaisyyskonsertti-lieksan-asemapuistossa-la-9-8-2025-klo-18-00-20-00\\\/\"},\"author\":{\"name\":\"RSHY\",\"@id\":\"http:\\\/\\\/www.rukajarvensuunnanhistoriayhdistys.fi\\\/historiayhdistys\\\/#\\\/schema\\\/person\\\/19de7db68bf72dfd2b5d7f6dfbf8454d\"},\"headline\":\"Hyv\u00e4ntekev\u00e4isyyskonsertti Lieksan asemapuistossa la 9.8.2025 \u2013 KLO 18.00 \u2013 20.00\",\"datePublished\":\"2025-08-06T21:31:52+00:00\",\"dateModified\":\"2025-08-08T05:01:05+00:00\",\"mainEntityOfPage\":{\"@id\":\"http:\\\/\\\/www.rukajarvensuunnanhistoriayhdistys.fi\\\/historiayhdistys\\\/hyvantekevaisyyskonsertti-lieksan-asemapuistossa-la-9-8-2025-klo-18-00-20-00\\\/\"},\"wordCount\":252,\"publisher\":{\"@id\":\"http:\\\/\\\/www.rukajarvensuunnanhistoriayhdistys.fi\\\/historiayhdistys\\\/#organization\"},\"image\":{\"@id\":\"http:\\\/\\\/www.rukajarvensuunnanhistoriayhdistys.fi\\\/historiayhdistys\\\/hyvantekevaisyyskonsertti-lieksan-asemapuistossa-la-9-8-2025-klo-18-00-20-00\\\/#primaryimage\"},\"thumbnailUrl\":\"http:\\\/\\\/www.rukajarvensuunnanhistoriayhdistys.fi\\\/historiayhdistys\\\/wp-content\\\/uploads\\\/2025\\\/08\\\/Hyvantekevaisyyskonsertti-Aseman-puistossa-9.8.25025-709x1024.jpg\",\"articleSection\":[\"Ajankohtaista\",\"Rukaj\u00e4rvi-keskus \u2013 Lieksa\",\"Toiminta\"],\"inLanguage\":\"fi\"},{\"@type\":\"WebPage\",\"@id\":\"http:\\\/\\\/www.rukajarvensuunnanhistoriayhdistys.fi\\\/historiayhdistys\\\/hyvantekevaisyyskonsertti-lieksan-asemapuistossa-la-9-8-2025-klo-18-00-20-00\\\/\",\"url\":\"http:\\\/\\\/www.rukajarvensuunnanhistoriayhdistys.fi\\\/historiayhdistys\\\/hyvantekevaisyyskonsertti-lieksan-asemapuistossa-la-9-8-2025-klo-18-00-20-00\\\/\",\"name\":\"Hyv\u00e4ntekev\u00e4isyyskonsertti Lieksan asemapuistossa la 9.8.2025 \u2013 KLO 18.00 \u2013 20.00 - Rukaj\u00e4rven suunnan historiayhdistys\",\"isPartOf\":{\"@id\":\"http:\\\/\\\/www.rukajarvensuunnanhistoriayhdistys.fi\\\/historiayhdistys\\\/#website\"},\"primaryImageOfPage\":{\"@id\":\"http:\\\/\\\/www.rukajarvensuunnanhistoriayhdistys.fi\\\/historiayhdistys\\\/hyvantekevaisyyskonsertti-lieksan-asemapuistossa-la-9-8-2025-klo-18-00-20-00\\\/#primaryimage\"},\"image\":{\"@id\":\"http:\\\/\\\/www.rukajarvensuunnanhistoriayhdistys.fi\\\/historiayhdistys\\\/hyvantekevaisyyskonsertti-lieksan-asemapuistossa-la-9-8-2025-klo-18-00-20-00\\\/#primaryimage\"},\"thumbnailUrl\":\"http:\\\/\\\/www.rukajarvensuunnanhistoriayhdistys.fi\\\/historiayhdistys\\\/wp-content\\\/uploads\\\/2025\\\/08\\\/Hyvantekevaisyyskonsertti-Aseman-puistossa-9.8.25025-709x1024.jpg\",\"datePublished\":\"2025-08-06T21:31:52+00:00\",\"dateModified\":\"2025-08-08T05:01:05+00:00\",\"breadcrumb\":{\"@id\":\"http:\\\/\\\/www.rukajarvensuunnanhistoriayhdistys.fi\\\/historiayhdistys\\\/hyvantekevaisyyskonsertti-lieksan-asemapuistossa-la-9-8-2025-klo-18-00-20-00\\\/#breadcrumb\"},\"inLanguage\":\"fi\",\"potentialAction\":[{\"@type\":\"ReadAction\",\"target\":[\"http:\\\/\\\/www.rukajarvensuunnanhistoriayhdistys.fi\\\/historiayhdistys\\\/hyvantekevaisyyskonsertti-lieksan-asemapuistossa-la-9-8-2025-klo-18-00-20-00\\\/\"]}]},{\"@type\":\"ImageObject\",\"inLanguage\":\"fi\",\"@id\":\"http:\\\/\\\/www.rukajarvensuunnanhistoriayhdistys.fi\\\/historiayhdistys\\\/hyvantekevaisyyskonsertti-lieksan-asemapuistossa-la-9-8-2025-klo-18-00-20-00\\\/#primaryimage\",\"url\":\"https:\\\/\\\/www.rukajarvensuunnanhistoriayhdistys.fi\\\/historiayhdistys\\\/wp-content\\\/uploads\\\/2025\\\/08\\\/Hyvantekevaisyyskonsertti-Aseman-puistossa-9.8.25025.jpg\",\"contentUrl\":\"https:\\\/\\\/www.rukajarvensuunnanhistoriayhdistys.fi\\\/historiayhdistys\\\/wp-content\\\/uploads\\\/2025\\\/08\\\/Hyvantekevaisyyskonsertti-Aseman-puistossa-9.8.25025.jpg\",\"width\":720,\"height\":1040},{\"@type\":\"BreadcrumbList\",\"@id\":\"http:\\\/\\\/www.rukajarvensuunnanhistoriayhdistys.fi\\\/historiayhdistys\\\/hyvantekevaisyyskonsertti-lieksan-asemapuistossa-la-9-8-2025-klo-18-00-20-00\\\/#breadcrumb\",\"itemListElement\":[{\"@type\":\"ListItem\",\"position\":1,\"name\":\"Etusivu\",\"item\":\"http:\\\/\\\/www.rukajarvensuunnanhistoriayhdistys.fi\\\/historiayhdistys\\\/\"},{\"@type\":\"ListItem\",\"position\":2,\"name\":\"Hyv\u00e4ntekev\u00e4isyyskonsertti Lieksan asemapuistossa la 9.8.2025 \u2013 KLO 18.00 \u2013 20.00\"}]},{\"@type\":\"WebSite\",\"@id\":\"http:\\\/\\\/www.rukajarvensuunnanhistoriayhdistys.fi\\\/historiayhdistys\\\/#website\",\"url\":\"http:\\\/\\\/www.rukajarvensuunnanhistoriayhdistys.fi\\\/historiayhdistys\\\/\",\"name\":\"Rukaj\u00e4rven suunnan historiayhdistys\",\"description\":\"Rukaj\u00e4rven suunnan historiayhdistyksen verkkosivut.\",\"publisher\":{\"@id\":\"http:\\\/\\\/www.rukajarvensuunnanhistoriayhdistys.fi\\\/historiayhdistys\\\/#organization\"},\"potentialAction\":[{\"@type\":\"SearchAction\",\"target\":{\"@type\":\"EntryPoint\",\"urlTemplate\":\"http:\\\/\\\/www.rukajarvensuunnanhistoriayhdistys.fi\\\/historiayhdistys\\\/?s={search_term_string}\"},\"query-input\":{\"@type\":\"PropertyValueSpecification\",\"valueRequired\":true,\"valueName\":\"search_term_string\"}}],\"inLanguage\":\"fi\"},{\"@type\":\"Organization\",\"@id\":\"http:\\\/\\\/www.rukajarvensuunnanhistoriayhdistys.fi\\\/historiayhdistys\\\/#organization\",\"name\":\"Rukaj\u00e4rven suunnan historiayhdistys\",\"url\":\"http:\\\/\\\/www.rukajarvensuunnanhistoriayhdistys.fi\\\/historiayhdistys\\\/\",\"logo\":{\"@type\":\"ImageObject\",\"inLanguage\":\"fi\",\"@id\":\"http:\\\/\\\/www.rukajarvensuunnanhistoriayhdistys.fi\\\/historiayhdistys\\\/#\\\/schema\\\/logo\\\/image\\\/\",\"url\":\"https:\\\/\\\/www.rukajarvensuunnanhistoriayhdistys.fi\\\/historiayhdistys\\\/wp-content\\\/uploads\\\/2013\\\/12\\\/Otsake_3.jpg\",\"contentUrl\":\"https:\\\/\\\/www.rukajarvensuunnanhistoriayhdistys.fi\\\/historiayhdistys\\\/wp-content\\\/uploads\\\/2013\\\/12\\\/Otsake_3.jpg\",\"width\":1000,\"height\":442,\"caption\":\"Rukaj\u00e4rven suunnan historiayhdistys\"},\"image\":{\"@id\":\"http:\\\/\\\/www.rukajarvensuunnanhistoriayhdistys.fi\\\/historiayhdistys\\\/#\\\/schema\\\/logo\\\/image\\\/\"}},{\"@type\":\"Person\",\"@id\":\"http:\\\/\\\/www.rukajarvensuunnanhistoriayhdistys.fi\\\/historiayhdistys\\\/#\\\/schema\\\/person\\\/19de7db68bf72dfd2b5d7f6dfbf8454d\",\"name\":\"RSHY\",\"image\":{\"@type\":\"ImageObject\",\"inLanguage\":\"fi\",\"@id\":\"https:\\\/\\\/secure.gravatar.com\\\/avatar\\\/598d59263a69cc8de65fcb4f9db78d6f58c098cb0e0ba22d73377441af9fa04c?s=96&d=blank&r=g\",\"url\":\"https:\\\/\\\/secure.gravatar.com\\\/avatar\\\/598d59263a69cc8de65fcb4f9db78d6f58c098cb0e0ba22d73377441af9fa04c?s=96&d=blank&r=g\",\"contentUrl\":\"https:\\\/\\\/secure.gravatar.com\\\/avatar\\\/598d59263a69cc8de65fcb4f9db78d6f58c098cb0e0ba22d73377441af9fa04c?s=96&d=blank&r=g\",\"caption\":\"RSHY\"},\"url\":\"https:\\\/\\\/www.rukajarvensuunnanhistoriayhdistys.fi\\\/historiayhdistys\\\/author\\\/rshy\\\/\"}]}<\/script>\n<!-- \/ Yoast SEO plugin. -->","yoast_head_json":{"title":"Hyv\u00e4ntekev\u00e4isyyskonsertti Lieksan asemapuistossa la 9.8.2025 \u2013 KLO 18.00 \u2013 20.00 - Rukaj\u00e4rven suunnan historiayhdistys","robots":{"index":"index","follow":"follow","max-snippet":"max-snippet:-1","max-image-preview":"max-image-preview:large","max-video-preview":"max-video-preview:-1"},"canonical":"http:\/\/www.rukajarvensuunnanhistoriayhdistys.fi\/historiayhdistys\/hyvantekevaisyyskonsertti-lieksan-asemapuistossa-la-9-8-2025-klo-18-00-20-00\/","og_locale":"fi_FI","og_type":"article","og_title":"Hyv\u00e4ntekev\u00e4isyyskonsertti Lieksan asemapuistossa la 9.8.2025 \u2013 KLO 18.00 \u2013 20.00 - Rukaj\u00e4rven suunnan historiayhdistys","og_description":"\ud83c\udfb6 NYT JOS KOSKAAN \u2013 TULE MUKAAN! LIEKSAN ASEMALLA TAPAHTUU \u2013 JOTAIN AINUTLAATUISTA! \ud83c\udfb6 Hyv\u00e4ntekev\u00e4isyyskonsertti Lieksan asemapuistossa la 9.8.2025 \u2013 KLO 18.00 \u2013 20.00\ud83c\udf97 Kaikki tuotto ohjataan sy\u00f6p\u00e4\u00e4 sairastavien lasten Teksti jatkuu...Hyv\u00e4ntekev\u00e4isyyskonsertti Lieksan asemapuistossa la 9.8.2025 \u2013 KLO 18.00 \u2013 20.00\u2192","og_url":"http:\/\/www.rukajarvensuunnanhistoriayhdistys.fi\/historiayhdistys\/hyvantekevaisyyskonsertti-lieksan-asemapuistossa-la-9-8-2025-klo-18-00-20-00\/","og_site_name":"Rukaj\u00e4rven suunnan historiayhdistys","article_published_time":"2025-08-06T21:31:52+00:00","article_modified_time":"2025-08-08T05:01:05+00:00","og_image":[{"url":"http:\/\/www.rukajarvensuunnanhistoriayhdistys.fi\/historiayhdistys\/wp-content\/uploads\/2025\/08\/Hyvantekevaisyyskonsertti-Aseman-puistossa-9.8.25025-709x1024.jpg","type":"","width":"","height":""}],"author":"RSHY","twitter_misc":{"Kirjoittanut":"RSHY","Arvioitu lukuaika":"2 minuuttia"},"schema":{"@context":"https:\/\/schema.org","@graph":[{"@type":"Article","@id":"http:\/\/www.rukajarvensuunnanhistoriayhdistys.fi\/historiayhdistys\/hyvantekevaisyyskonsertti-lieksan-asemapuistossa-la-9-8-2025-klo-18-00-20-00\/#article","isPartOf":{"@id":"http:\/\/www.rukajarvensuunnanhistoriayhdistys.fi\/historiayhdistys\/hyvantekevaisyyskonsertti-lieksan-asemapuistossa-la-9-8-2025-klo-18-00-20-00\/"},"author":{"name":"RSHY","@id":"http:\/\/www.rukajarvensuunnanhistoriayhdistys.fi\/historiayhdistys\/#\/schema\/person\/19de7db68bf72dfd2b5d7f6dfbf8454d"},"headline":"Hyv\u00e4ntekev\u00e4isyyskonsertti Lieksan asemapuistossa la 9.8.2025 \u2013 KLO 18.00 \u2013 20.00","datePublished":"2025-08-06T21:31:52+00:00","dateModified":"2025-08-08T05:01:05+00:00","mainEntityOfPage":{"@id":"http:\/\/www.rukajarvensuunnanhistoriayhdistys.fi\/historiayhdistys\/hyvantekevaisyyskonsertti-lieksan-asemapuistossa-la-9-8-2025-klo-18-00-20-00\/"},"wordCount":252,"publisher":{"@id":"http:\/\/www.rukajarvensuunnanhistoriayhdistys.fi\/historiayhdistys\/#organization"},"image":{"@id":"http:\/\/www.rukajarvensuunnanhistoriayhdistys.fi\/historiayhdistys\/hyvantekevaisyyskonsertti-lieksan-asemapuistossa-la-9-8-2025-klo-18-00-20-00\/#primaryimage"},"thumbnailUrl":"http:\/\/www.rukajarvensuunnanhistoriayhdistys.fi\/historiayhdistys\/wp-content\/uploads\/2025\/08\/Hyvantekevaisyyskonsertti-Aseman-puistossa-9.8.25025-709x1024.jpg","articleSection":["Ajankohtaista","Rukaj\u00e4rvi-keskus \u2013 Lieksa","Toiminta"],"inLanguage":"fi"},{"@type":"WebPage","@id":"http:\/\/www.rukajarvensuunnanhistoriayhdistys.fi\/historiayhdistys\/hyvantekevaisyyskonsertti-lieksan-asemapuistossa-la-9-8-2025-klo-18-00-20-00\/","url":"http:\/\/www.rukajarvensuunnanhistoriayhdistys.fi\/historiayhdistys\/hyvantekevaisyyskonsertti-lieksan-asemapuistossa-la-9-8-2025-klo-18-00-20-00\/","name":"Hyv\u00e4ntekev\u00e4isyyskonsertti Lieksan asemapuistossa la 9.8.2025 \u2013 KLO 18.00 \u2013 20.00 - Rukaj\u00e4rven suunnan historiayhdistys","isPartOf":{"@id":"http:\/\/www.rukajarvensuunnanhistoriayhdistys.fi\/historiayhdistys\/#website"},"primaryImageOfPage":{"@id":"http:\/\/www.rukajarvensuunnanhistoriayhdistys.fi\/historiayhdistys\/hyvantekevaisyyskonsertti-lieksan-asemapuistossa-la-9-8-2025-klo-18-00-20-00\/#primaryimage"},"image":{"@id":"http:\/\/www.rukajarvensuunnanhistoriayhdistys.fi\/historiayhdistys\/hyvantekevaisyyskonsertti-lieksan-asemapuistossa-la-9-8-2025-klo-18-00-20-00\/#primaryimage"},"thumbnailUrl":"http:\/\/www.rukajarvensuunnanhistoriayhdistys.fi\/historiayhdistys\/wp-content\/uploads\/2025\/08\/Hyvantekevaisyyskonsertti-Aseman-puistossa-9.8.25025-709x1024.jpg","datePublished":"2025-08-06T21:31:52+00:00","dateModified":"2025-08-08T05:01:05+00:00","breadcrumb":{"@id":"http:\/\/www.rukajarvensuunnanhistoriayhdistys.fi\/historiayhdistys\/hyvantekevaisyyskonsertti-lieksan-asemapuistossa-la-9-8-2025-klo-18-00-20-00\/#breadcrumb"},"inLanguage":"fi","potentialAction":[{"@type":"ReadAction","target":["http:\/\/www.rukajarvensuunnanhistoriayhdistys.fi\/historiayhdistys\/hyvantekevaisyyskonsertti-lieksan-asemapuistossa-la-9-8-2025-klo-18-00-20-00\/"]}]},{"@type":"ImageObject","inLanguage":"fi","@id":"http:\/\/www.rukajarvensuunnanhistoriayhdistys.fi\/historiayhdistys\/hyvantekevaisyyskonsertti-lieksan-asemapuistossa-la-9-8-2025-klo-18-00-20-00\/#primaryimage","url":"https:\/\/www.rukajarvensuunnanhistoriayhdistys.fi\/historiayhdistys\/wp-content\/uploads\/2025\/08\/Hyvantekevaisyyskonsertti-Aseman-puistossa-9.8.25025.jpg","contentUrl":"https:\/\/www.rukajarvensuunnanhistoriayhdistys.fi\/historiayhdistys\/wp-content\/uploads\/2025\/08\/Hyvantekevaisyyskonsertti-Aseman-puistossa-9.8.25025.jpg","width":720,"height":1040},{"@type":"BreadcrumbList","@id":"http:\/\/www.rukajarvensuunnanhistoriayhdistys.fi\/historiayhdistys\/hyvantekevaisyyskonsertti-lieksan-asemapuistossa-la-9-8-2025-klo-18-00-20-00\/#breadcrumb","itemListElement":[{"@type":"ListItem","position":1,"name":"Etusivu","item":"http:\/\/www.rukajarvensuunnanhistoriayhdistys.fi\/historiayhdistys\/"},{"@type":"ListItem","position":2,"name":"Hyv\u00e4ntekev\u00e4isyyskonsertti Lieksan asemapuistossa la 9.8.2025 \u2013 KLO 18.00 \u2013 20.00"}]},{"@type":"WebSite","@id":"http:\/\/www.rukajarvensuunnanhistoriayhdistys.fi\/historiayhdistys\/#website","url":"http:\/\/www.rukajarvensuunnanhistoriayhdistys.fi\/historiayhdistys\/","name":"Rukaj\u00e4rven suunnan historiayhdistys","description":"Rukaj\u00e4rven suunnan historiayhdistyksen verkkosivut.","publisher":{"@id":"http:\/\/www.rukajarvensuunnanhistoriayhdistys.fi\/historiayhdistys\/#organization"},"potentialAction":[{"@type":"SearchAction","target":{"@type":"EntryPoint","urlTemplate":"http:\/\/www.rukajarvensuunnanhistoriayhdistys.fi\/historiayhdistys\/?s={search_term_string}"},"query-input":{"@type":"PropertyValueSpecification","valueRequired":true,"valueName":"search_term_string"}}],"inLanguage":"fi"},{"@type":"Organization","@id":"http:\/\/www.rukajarvensuunnanhistoriayhdistys.fi\/historiayhdistys\/#organization","name":"Rukaj\u00e4rven suunnan historiayhdistys","url":"http:\/\/www.rukajarvensuunnanhistoriayhdistys.fi\/historiayhdistys\/","logo":{"@type":"ImageObject","inLanguage":"fi","@id":"http:\/\/www.rukajarvensuunnanhistoriayhdistys.fi\/historiayhdistys\/#\/schema\/logo\/image\/","url":"https:\/\/www.rukajarvensuunnanhistoriayhdistys.fi\/historiayhdistys\/wp-content\/uploads\/2013\/12\/Otsake_3.jpg","contentUrl":"https:\/\/www.rukajarvensuunnanhistoriayhdistys.fi\/historiayhdistys\/wp-content\/uploads\/2013\/12\/Otsake_3.jpg","width":1000,"height":442,"caption":"Rukaj\u00e4rven suunnan historiayhdistys"},"image":{"@id":"http:\/\/www.rukajarvensuunnanhistoriayhdistys.fi\/historiayhdistys\/#\/schema\/logo\/image\/"}},{"@type":"Person","@id":"http:\/\/www.rukajarvensuunnanhistoriayhdistys.fi\/historiayhdistys\/#\/schema\/person\/19de7db68bf72dfd2b5d7f6dfbf8454d","name":"RSHY","image":{"@type":"ImageObject","inLanguage":"fi","@id":"https:\/\/secure.gravatar.com\/avatar\/598d59263a69cc8de65fcb4f9db78d6f58c098cb0e0ba22d73377441af9fa04c?s=96&d=blank&r=g","url":"https:\/\/secure.gravatar.com\/avatar\/598d59263a69cc8de65fcb4f9db78d6f58c098cb0e0ba22d73377441af9fa04c?s=96&d=blank&r=g","contentUrl":"https:\/\/secure.gravatar.com\/avatar\/598d59263a69cc8de65fcb4f9db78d6f58c098cb0e0ba22d73377441af9fa04c?s=96&d=blank&r=g","caption":"RSHY"},"url":"https:\/\/www.rukajarvensuunnanhistoriayhdistys.fi\/historiayhdistys\/author\/rshy\/"}]}},"_links":{"self":[{"href":"https:\/\/www.rukajarvensuunnanhistoriayhdistys.fi\/historiayhdistys\/wp-json\/wp\/v2\/posts\/16580","targetHints":{"allow":["GET"]}}],"collection":[{"href":"https:\/\/www.rukajarvensuunnanhistoriayhdistys.fi\/historiayhdistys\/wp-json\/wp\/v2\/posts"}],"about":[{"href":"https:\/\/www.rukajarvensuunnanhistoriayhdistys.fi\/historiayhdistys\/wp-json\/wp\/v2\/types\/post"}],"author":[{"embeddable":true,"href":"https:\/\/www.rukajarvensuunnanhistoriayhdistys.fi\/historiayhdistys\/wp-json\/wp\/v2\/users\/3"}],"replies":[{"embeddable":true,"href":"https:\/\/www.rukajarvensuunnanhistoriayhdistys.fi\/historiayhdistys\/wp-json\/wp\/v2\/comments?post=16580"}],"version-history":[{"count":4,"href":"https:\/\/www.rukajarvensuunnanhistoriayhdistys.fi\/historiayhdistys\/wp-json\/wp\/v2\/posts\/16580\/revisions"}],"predecessor-version":[{"id":16588,"href":"https:\/\/www.rukajarvensuunnanhistoriayhdistys.fi\/historiayhdistys\/wp-json\/wp\/v2\/posts\/16580\/revisions\/16588"}],"wp:attachment":[{"href":"https:\/\/www.rukajarvensuunnanhistoriayhdistys.fi\/historiayhdistys\/wp-json\/wp\/v2\/media?parent=16580"}],"wp:term":[{"taxonomy":"category","embeddable":true,"href":"https:\/\/www.rukajarvensuunnanhistoriayhdistys.fi\/historiayhdistys\/wp-json\/wp\/v2\/categories?post=16580"},{"taxonomy":"post_tag","embeddable":true,"href":"https:\/\/www.rukajarvensuunnanhistoriayhdistys.fi\/historiayhdistys\/wp-json\/wp\/v2\/tags?post=16580"}],"curies":[{"name":"wp","href":"https:\/\/api.w.org\/{rel}","templated":true}]}}