{"id":16603,"date":"2025-09-09T01:05:51","date_gmt":"2025-09-08T22:05:51","guid":{"rendered":"http:\/\/www.rukajarvensuunnanhistoriayhdistys.fi\/historiayhdistys\/?p=16603"},"modified":"2025-09-09T01:13:16","modified_gmt":"2025-09-08T22:13:16","slug":"rintamakarkuruus-lauantaina-20-syyskuuta-kello-15-00-asema-aukio-2-lieksa","status":"publish","type":"post","link":"https:\/\/www.rukajarvensuunnanhistoriayhdistys.fi\/historiayhdistys\/rintamakarkuruus-lauantaina-20-syyskuuta-kello-15-00-asema-aukio-2-lieksa\/","title":{"rendered":"&#8221;Rintamakarkuruus.&#8221; \u00a0lauantaina 20. syyskuuta kello 15.00, Asema Aukio 2. Lieksa"},"content":{"rendered":"<div class=\"fcbkbttn_buttons_block\" id=\"fcbkbttn_left\"><div class=\"fcbkbttn_like \"><fb:like href=\"https:\/\/www.rukajarvensuunnanhistoriayhdistys.fi\/historiayhdistys\/rintamakarkuruus-lauantaina-20-syyskuuta-kello-15-00-asema-aukio-2-lieksa\/\" action=\"like\" colorscheme=\"light\" layout=\"button_count\"  size=\"small\"><\/fb:like><\/div><\/div>\n<p>&#8221;Arka. Vaiettu. L\u00e4hes k\u00e4sittelem\u00e4t\u00f6n aihe suomalaisessa sotahistoriassa.&#8221;<\/p>\n\n\n\n<p><strong>&#8221;Rintamakarkuruus.&#8221;<\/strong> &#8211; usein puhutaan vain sotilaskarkuruudesta?<\/p>\n\n\n\n<p>&#8221;Filosofian tohtori Tuija Saarinen-H\u00e4rk\u00f6nen avaa aiheen Lieksan Rukaj\u00e4rvi-keskuksessa lauantaina 20. syyskuuta kello 15.00, Asema Aukio 2.&#8221;<\/p>\n\n\n\n<p>&#8221;Tilaisuudessa kuullaan my\u00f6s Ossi Laine: <em>Rintamakarkuruus Rukaj\u00e4rven suunnalla.<\/em><br>Ja Tenho Tikkanen: <em>Rintamakarkuruuden oikeudelliset haasteet esimerkkien valossa.<\/em>&#8221;<\/p>\n\n\n\n<p>&#8221;Tervetuloa kuulemaan \u2013 ja kohtaamaan vaikeatkin totuudet. Liput 10 euroa.&#8221;<\/p>\n\n\n\n<figure class=\"wp-block-image size-large\"><a href=\"http:\/\/www.rukajarvensuunnanhistoriayhdistys.fi\/historiayhdistys\/wp-content\/uploads\/2025\/09\/Rintamakarkuruus-20-9-2025.jpg\"><img loading=\"lazy\" decoding=\"async\" width=\"1024\" height=\"685\" src=\"http:\/\/www.rukajarvensuunnanhistoriayhdistys.fi\/historiayhdistys\/wp-content\/uploads\/2025\/09\/Rintamakarkuruus-20-9-2025-1024x685.jpg\" alt=\"\" class=\"wp-image-16608\" srcset=\"https:\/\/www.rukajarvensuunnanhistoriayhdistys.fi\/historiayhdistys\/wp-content\/uploads\/2025\/09\/Rintamakarkuruus-20-9-2025-1024x685.jpg 1024w, https:\/\/www.rukajarvensuunnanhistoriayhdistys.fi\/historiayhdistys\/wp-content\/uploads\/2025\/09\/Rintamakarkuruus-20-9-2025-300x201.jpg 300w, https:\/\/www.rukajarvensuunnanhistoriayhdistys.fi\/historiayhdistys\/wp-content\/uploads\/2025\/09\/Rintamakarkuruus-20-9-2025-768x514.jpg 768w, https:\/\/www.rukajarvensuunnanhistoriayhdistys.fi\/historiayhdistys\/wp-content\/uploads\/2025\/09\/Rintamakarkuruus-20-9-2025-1536x1028.jpg 1536w, https:\/\/www.rukajarvensuunnanhistoriayhdistys.fi\/historiayhdistys\/wp-content\/uploads\/2025\/09\/Rintamakarkuruus-20-9-2025.jpg 1920w\" sizes=\"auto, (max-width: 1024px) 100vw, 1024px\" \/><\/a><\/figure>\n\n\n\n<p><strong><br>Rukaj\u00e4rvi-keskus \u2013 miss\u00e4 historia puhuu.<\/strong>&#8221;<\/p>\n","protected":false},"excerpt":{"rendered":"<p>&#8221;Arka. Vaiettu. L\u00e4hes k\u00e4sittelem\u00e4t\u00f6n aihe suomalaisessa sotahistoriassa.&#8221; &#8221;Rintamakarkuruus.&#8221; &#8211; usein puhutaan vain sotilaskarkuruudesta? &#8221;Filosofian tohtori Tuija Saarinen-H\u00e4rk\u00f6nen avaa aiheen Lieksan Rukaj\u00e4rvi-keskuksessa lauantaina 20. syyskuuta kello 15.00, Asema Aukio 2.&#8221; &#8221;Tilaisuudessa <a class=\"more-link\" href=\"https:\/\/www.rukajarvensuunnanhistoriayhdistys.fi\/historiayhdistys\/rintamakarkuruus-lauantaina-20-syyskuuta-kello-15-00-asema-aukio-2-lieksa\/\">Teksti jatkuu&#8230;<span class=\"screen-reader-text\">&#8221;Rintamakarkuruus.&#8221; \u00a0lauantaina 20. syyskuuta kello 15.00, Asema Aukio 2. Lieksa<\/span><span class=\"meta-nav\">\u2192<\/span><\/a><\/p>\n","protected":false},"author":3,"featured_media":0,"comment_status":"closed","ping_status":"open","sticky":false,"template":"","format":"standard","meta":{"footnotes":""},"categories":[22,44,21,34,17,1],"tags":[],"class_list":["post-16603","post","type-post","status-publish","format-standard","hentry","category-ajankohtaista","category-esitelma","category-rukajarvi-keskus","category-rukajarvi-keskus-lieksa","category-toiminta","category-yleinen"],"yoast_head":"<!-- This site is optimized with the Yoast SEO plugin v27.4 - https:\/\/yoast.com\/product\/yoast-seo-wordpress\/ -->\n<title>&quot;Rintamakarkuruus.&quot; \u00a0lauantaina 20. syyskuuta kello 15.00, Asema Aukio 2. Lieksa - Rukaj\u00e4rven suunnan historiayhdistys<\/title>\n<meta name=\"robots\" content=\"index, follow, max-snippet:-1, max-image-preview:large, max-video-preview:-1\" \/>\n<link rel=\"canonical\" href=\"https:\/\/www.rukajarvensuunnanhistoriayhdistys.fi\/historiayhdistys\/rintamakarkuruus-lauantaina-20-syyskuuta-kello-15-00-asema-aukio-2-lieksa\/\" \/>\n<meta property=\"og:locale\" content=\"fi_FI\" \/>\n<meta property=\"og:type\" content=\"article\" \/>\n<meta property=\"og:title\" content=\"&quot;Rintamakarkuruus.&quot; \u00a0lauantaina 20. syyskuuta kello 15.00, Asema Aukio 2. Lieksa - Rukaj\u00e4rven suunnan historiayhdistys\" \/>\n<meta property=\"og:description\" content=\"&#8221;Arka. Vaiettu. L\u00e4hes k\u00e4sittelem\u00e4t\u00f6n aihe suomalaisessa sotahistoriassa.&#8221; &#8221;Rintamakarkuruus.&#8221; &#8211; usein puhutaan vain sotilaskarkuruudesta? &#8221;Filosofian tohtori Tuija Saarinen-H\u00e4rk\u00f6nen avaa aiheen Lieksan Rukaj\u00e4rvi-keskuksessa lauantaina 20. syyskuuta kello 15.00, Asema Aukio 2.&#8221; &#8221;Tilaisuudessa Teksti jatkuu...&#8221;Rintamakarkuruus.&#8221; \u00a0lauantaina 20. syyskuuta kello 15.00, Asema Aukio 2. Lieksa\u2192\" \/>\n<meta property=\"og:url\" content=\"https:\/\/www.rukajarvensuunnanhistoriayhdistys.fi\/historiayhdistys\/rintamakarkuruus-lauantaina-20-syyskuuta-kello-15-00-asema-aukio-2-lieksa\/\" \/>\n<meta property=\"og:site_name\" content=\"Rukaj\u00e4rven suunnan historiayhdistys\" \/>\n<meta property=\"article:published_time\" content=\"2025-09-08T22:05:51+00:00\" \/>\n<meta property=\"article:modified_time\" content=\"2025-09-08T22:13:16+00:00\" \/>\n<meta property=\"og:image\" content=\"http:\/\/www.rukajarvensuunnanhistoriayhdistys.fi\/historiayhdistys\/wp-content\/uploads\/2025\/09\/Rintamakarkuruus-20-9-2025-1024x685.jpg\" \/>\n<meta name=\"author\" content=\"RSHY\" \/>\n<meta name=\"twitter:label1\" content=\"Kirjoittanut\" \/>\n\t<meta name=\"twitter:data1\" content=\"RSHY\" \/>\n\t<meta name=\"twitter:label2\" content=\"Arvioitu lukuaika\" \/>\n\t<meta name=\"twitter:data2\" content=\"1 minuutti\" \/>\n<script type=\"application\/ld+json\" class=\"yoast-schema-graph\">{\"@context\":\"https:\\\/\\\/schema.org\",\"@graph\":[{\"@type\":\"Article\",\"@id\":\"https:\\\/\\\/www.rukajarvensuunnanhistoriayhdistys.fi\\\/historiayhdistys\\\/rintamakarkuruus-lauantaina-20-syyskuuta-kello-15-00-asema-aukio-2-lieksa\\\/#article\",\"isPartOf\":{\"@id\":\"https:\\\/\\\/www.rukajarvensuunnanhistoriayhdistys.fi\\\/historiayhdistys\\\/rintamakarkuruus-lauantaina-20-syyskuuta-kello-15-00-asema-aukio-2-lieksa\\\/\"},\"author\":{\"name\":\"RSHY\",\"@id\":\"http:\\\/\\\/www.rukajarvensuunnanhistoriayhdistys.fi\\\/historiayhdistys\\\/#\\\/schema\\\/person\\\/19de7db68bf72dfd2b5d7f6dfbf8454d\"},\"headline\":\"&#8221;Rintamakarkuruus.&#8221; \u00a0lauantaina 20. syyskuuta kello 15.00, Asema Aukio 2. Lieksa\",\"datePublished\":\"2025-09-08T22:05:51+00:00\",\"dateModified\":\"2025-09-08T22:13:16+00:00\",\"mainEntityOfPage\":{\"@id\":\"https:\\\/\\\/www.rukajarvensuunnanhistoriayhdistys.fi\\\/historiayhdistys\\\/rintamakarkuruus-lauantaina-20-syyskuuta-kello-15-00-asema-aukio-2-lieksa\\\/\"},\"wordCount\":71,\"publisher\":{\"@id\":\"http:\\\/\\\/www.rukajarvensuunnanhistoriayhdistys.fi\\\/historiayhdistys\\\/#organization\"},\"image\":{\"@id\":\"https:\\\/\\\/www.rukajarvensuunnanhistoriayhdistys.fi\\\/historiayhdistys\\\/rintamakarkuruus-lauantaina-20-syyskuuta-kello-15-00-asema-aukio-2-lieksa\\\/#primaryimage\"},\"thumbnailUrl\":\"http:\\\/\\\/www.rukajarvensuunnanhistoriayhdistys.fi\\\/historiayhdistys\\\/wp-content\\\/uploads\\\/2025\\\/09\\\/Rintamakarkuruus-20-9-2025-1024x685.jpg\",\"articleSection\":[\"Ajankohtaista\",\"esitelm\u00e4\",\"Rukaj\u00e4rvi-keskus\",\"Rukaj\u00e4rvi-keskus \u2013 Lieksa\",\"Toiminta\"],\"inLanguage\":\"fi\"},{\"@type\":\"WebPage\",\"@id\":\"https:\\\/\\\/www.rukajarvensuunnanhistoriayhdistys.fi\\\/historiayhdistys\\\/rintamakarkuruus-lauantaina-20-syyskuuta-kello-15-00-asema-aukio-2-lieksa\\\/\",\"url\":\"https:\\\/\\\/www.rukajarvensuunnanhistoriayhdistys.fi\\\/historiayhdistys\\\/rintamakarkuruus-lauantaina-20-syyskuuta-kello-15-00-asema-aukio-2-lieksa\\\/\",\"name\":\"\\\"Rintamakarkuruus.\\\" \u00a0lauantaina 20. syyskuuta kello 15.00, Asema Aukio 2. Lieksa - Rukaj\u00e4rven suunnan historiayhdistys\",\"isPartOf\":{\"@id\":\"http:\\\/\\\/www.rukajarvensuunnanhistoriayhdistys.fi\\\/historiayhdistys\\\/#website\"},\"primaryImageOfPage\":{\"@id\":\"https:\\\/\\\/www.rukajarvensuunnanhistoriayhdistys.fi\\\/historiayhdistys\\\/rintamakarkuruus-lauantaina-20-syyskuuta-kello-15-00-asema-aukio-2-lieksa\\\/#primaryimage\"},\"image\":{\"@id\":\"https:\\\/\\\/www.rukajarvensuunnanhistoriayhdistys.fi\\\/historiayhdistys\\\/rintamakarkuruus-lauantaina-20-syyskuuta-kello-15-00-asema-aukio-2-lieksa\\\/#primaryimage\"},\"thumbnailUrl\":\"http:\\\/\\\/www.rukajarvensuunnanhistoriayhdistys.fi\\\/historiayhdistys\\\/wp-content\\\/uploads\\\/2025\\\/09\\\/Rintamakarkuruus-20-9-2025-1024x685.jpg\",\"datePublished\":\"2025-09-08T22:05:51+00:00\",\"dateModified\":\"2025-09-08T22:13:16+00:00\",\"breadcrumb\":{\"@id\":\"https:\\\/\\\/www.rukajarvensuunnanhistoriayhdistys.fi\\\/historiayhdistys\\\/rintamakarkuruus-lauantaina-20-syyskuuta-kello-15-00-asema-aukio-2-lieksa\\\/#breadcrumb\"},\"inLanguage\":\"fi\",\"potentialAction\":[{\"@type\":\"ReadAction\",\"target\":[\"https:\\\/\\\/www.rukajarvensuunnanhistoriayhdistys.fi\\\/historiayhdistys\\\/rintamakarkuruus-lauantaina-20-syyskuuta-kello-15-00-asema-aukio-2-lieksa\\\/\"]}]},{\"@type\":\"ImageObject\",\"inLanguage\":\"fi\",\"@id\":\"https:\\\/\\\/www.rukajarvensuunnanhistoriayhdistys.fi\\\/historiayhdistys\\\/rintamakarkuruus-lauantaina-20-syyskuuta-kello-15-00-asema-aukio-2-lieksa\\\/#primaryimage\",\"url\":\"https:\\\/\\\/www.rukajarvensuunnanhistoriayhdistys.fi\\\/historiayhdistys\\\/wp-content\\\/uploads\\\/2025\\\/09\\\/Rintamakarkuruus-20-9-2025.jpg\",\"contentUrl\":\"https:\\\/\\\/www.rukajarvensuunnanhistoriayhdistys.fi\\\/historiayhdistys\\\/wp-content\\\/uploads\\\/2025\\\/09\\\/Rintamakarkuruus-20-9-2025.jpg\",\"width\":1920,\"height\":1285},{\"@type\":\"BreadcrumbList\",\"@id\":\"https:\\\/\\\/www.rukajarvensuunnanhistoriayhdistys.fi\\\/historiayhdistys\\\/rintamakarkuruus-lauantaina-20-syyskuuta-kello-15-00-asema-aukio-2-lieksa\\\/#breadcrumb\",\"itemListElement\":[{\"@type\":\"ListItem\",\"position\":1,\"name\":\"Etusivu\",\"item\":\"http:\\\/\\\/www.rukajarvensuunnanhistoriayhdistys.fi\\\/historiayhdistys\\\/\"},{\"@type\":\"ListItem\",\"position\":2,\"name\":\"&#8221;Rintamakarkuruus.&#8221; \u00a0lauantaina 20. syyskuuta kello 15.00, Asema Aukio 2. Lieksa\"}]},{\"@type\":\"WebSite\",\"@id\":\"http:\\\/\\\/www.rukajarvensuunnanhistoriayhdistys.fi\\\/historiayhdistys\\\/#website\",\"url\":\"http:\\\/\\\/www.rukajarvensuunnanhistoriayhdistys.fi\\\/historiayhdistys\\\/\",\"name\":\"Rukaj\u00e4rven suunnan historiayhdistys\",\"description\":\"Rukaj\u00e4rven suunnan historiayhdistyksen verkkosivut.\",\"publisher\":{\"@id\":\"http:\\\/\\\/www.rukajarvensuunnanhistoriayhdistys.fi\\\/historiayhdistys\\\/#organization\"},\"potentialAction\":[{\"@type\":\"SearchAction\",\"target\":{\"@type\":\"EntryPoint\",\"urlTemplate\":\"http:\\\/\\\/www.rukajarvensuunnanhistoriayhdistys.fi\\\/historiayhdistys\\\/?s={search_term_string}\"},\"query-input\":{\"@type\":\"PropertyValueSpecification\",\"valueRequired\":true,\"valueName\":\"search_term_string\"}}],\"inLanguage\":\"fi\"},{\"@type\":\"Organization\",\"@id\":\"http:\\\/\\\/www.rukajarvensuunnanhistoriayhdistys.fi\\\/historiayhdistys\\\/#organization\",\"name\":\"Rukaj\u00e4rven suunnan historiayhdistys\",\"url\":\"http:\\\/\\\/www.rukajarvensuunnanhistoriayhdistys.fi\\\/historiayhdistys\\\/\",\"logo\":{\"@type\":\"ImageObject\",\"inLanguage\":\"fi\",\"@id\":\"http:\\\/\\\/www.rukajarvensuunnanhistoriayhdistys.fi\\\/historiayhdistys\\\/#\\\/schema\\\/logo\\\/image\\\/\",\"url\":\"https:\\\/\\\/www.rukajarvensuunnanhistoriayhdistys.fi\\\/historiayhdistys\\\/wp-content\\\/uploads\\\/2013\\\/12\\\/Otsake_3.jpg\",\"contentUrl\":\"https:\\\/\\\/www.rukajarvensuunnanhistoriayhdistys.fi\\\/historiayhdistys\\\/wp-content\\\/uploads\\\/2013\\\/12\\\/Otsake_3.jpg\",\"width\":1000,\"height\":442,\"caption\":\"Rukaj\u00e4rven suunnan historiayhdistys\"},\"image\":{\"@id\":\"http:\\\/\\\/www.rukajarvensuunnanhistoriayhdistys.fi\\\/historiayhdistys\\\/#\\\/schema\\\/logo\\\/image\\\/\"}},{\"@type\":\"Person\",\"@id\":\"http:\\\/\\\/www.rukajarvensuunnanhistoriayhdistys.fi\\\/historiayhdistys\\\/#\\\/schema\\\/person\\\/19de7db68bf72dfd2b5d7f6dfbf8454d\",\"name\":\"RSHY\",\"image\":{\"@type\":\"ImageObject\",\"inLanguage\":\"fi\",\"@id\":\"https:\\\/\\\/secure.gravatar.com\\\/avatar\\\/598d59263a69cc8de65fcb4f9db78d6f58c098cb0e0ba22d73377441af9fa04c?s=96&d=blank&r=g\",\"url\":\"https:\\\/\\\/secure.gravatar.com\\\/avatar\\\/598d59263a69cc8de65fcb4f9db78d6f58c098cb0e0ba22d73377441af9fa04c?s=96&d=blank&r=g\",\"contentUrl\":\"https:\\\/\\\/secure.gravatar.com\\\/avatar\\\/598d59263a69cc8de65fcb4f9db78d6f58c098cb0e0ba22d73377441af9fa04c?s=96&d=blank&r=g\",\"caption\":\"RSHY\"},\"url\":\"https:\\\/\\\/www.rukajarvensuunnanhistoriayhdistys.fi\\\/historiayhdistys\\\/author\\\/rshy\\\/\"}]}<\/script>\n<!-- \/ Yoast SEO plugin. -->","yoast_head_json":{"title":"\"Rintamakarkuruus.\" \u00a0lauantaina 20. syyskuuta kello 15.00, Asema Aukio 2. Lieksa - Rukaj\u00e4rven suunnan historiayhdistys","robots":{"index":"index","follow":"follow","max-snippet":"max-snippet:-1","max-image-preview":"max-image-preview:large","max-video-preview":"max-video-preview:-1"},"canonical":"https:\/\/www.rukajarvensuunnanhistoriayhdistys.fi\/historiayhdistys\/rintamakarkuruus-lauantaina-20-syyskuuta-kello-15-00-asema-aukio-2-lieksa\/","og_locale":"fi_FI","og_type":"article","og_title":"\"Rintamakarkuruus.\" \u00a0lauantaina 20. syyskuuta kello 15.00, Asema Aukio 2. Lieksa - Rukaj\u00e4rven suunnan historiayhdistys","og_description":"&#8221;Arka. Vaiettu. L\u00e4hes k\u00e4sittelem\u00e4t\u00f6n aihe suomalaisessa sotahistoriassa.&#8221; &#8221;Rintamakarkuruus.&#8221; &#8211; usein puhutaan vain sotilaskarkuruudesta? &#8221;Filosofian tohtori Tuija Saarinen-H\u00e4rk\u00f6nen avaa aiheen Lieksan Rukaj\u00e4rvi-keskuksessa lauantaina 20. syyskuuta kello 15.00, Asema Aukio 2.&#8221; &#8221;Tilaisuudessa Teksti jatkuu...&#8221;Rintamakarkuruus.&#8221; \u00a0lauantaina 20. syyskuuta kello 15.00, Asema Aukio 2. Lieksa\u2192","og_url":"https:\/\/www.rukajarvensuunnanhistoriayhdistys.fi\/historiayhdistys\/rintamakarkuruus-lauantaina-20-syyskuuta-kello-15-00-asema-aukio-2-lieksa\/","og_site_name":"Rukaj\u00e4rven suunnan historiayhdistys","article_published_time":"2025-09-08T22:05:51+00:00","article_modified_time":"2025-09-08T22:13:16+00:00","og_image":[{"url":"http:\/\/www.rukajarvensuunnanhistoriayhdistys.fi\/historiayhdistys\/wp-content\/uploads\/2025\/09\/Rintamakarkuruus-20-9-2025-1024x685.jpg","type":"","width":"","height":""}],"author":"RSHY","twitter_misc":{"Kirjoittanut":"RSHY","Arvioitu lukuaika":"1 minuutti"},"schema":{"@context":"https:\/\/schema.org","@graph":[{"@type":"Article","@id":"https:\/\/www.rukajarvensuunnanhistoriayhdistys.fi\/historiayhdistys\/rintamakarkuruus-lauantaina-20-syyskuuta-kello-15-00-asema-aukio-2-lieksa\/#article","isPartOf":{"@id":"https:\/\/www.rukajarvensuunnanhistoriayhdistys.fi\/historiayhdistys\/rintamakarkuruus-lauantaina-20-syyskuuta-kello-15-00-asema-aukio-2-lieksa\/"},"author":{"name":"RSHY","@id":"http:\/\/www.rukajarvensuunnanhistoriayhdistys.fi\/historiayhdistys\/#\/schema\/person\/19de7db68bf72dfd2b5d7f6dfbf8454d"},"headline":"&#8221;Rintamakarkuruus.&#8221; \u00a0lauantaina 20. syyskuuta kello 15.00, Asema Aukio 2. Lieksa","datePublished":"2025-09-08T22:05:51+00:00","dateModified":"2025-09-08T22:13:16+00:00","mainEntityOfPage":{"@id":"https:\/\/www.rukajarvensuunnanhistoriayhdistys.fi\/historiayhdistys\/rintamakarkuruus-lauantaina-20-syyskuuta-kello-15-00-asema-aukio-2-lieksa\/"},"wordCount":71,"publisher":{"@id":"http:\/\/www.rukajarvensuunnanhistoriayhdistys.fi\/historiayhdistys\/#organization"},"image":{"@id":"https:\/\/www.rukajarvensuunnanhistoriayhdistys.fi\/historiayhdistys\/rintamakarkuruus-lauantaina-20-syyskuuta-kello-15-00-asema-aukio-2-lieksa\/#primaryimage"},"thumbnailUrl":"http:\/\/www.rukajarvensuunnanhistoriayhdistys.fi\/historiayhdistys\/wp-content\/uploads\/2025\/09\/Rintamakarkuruus-20-9-2025-1024x685.jpg","articleSection":["Ajankohtaista","esitelm\u00e4","Rukaj\u00e4rvi-keskus","Rukaj\u00e4rvi-keskus \u2013 Lieksa","Toiminta"],"inLanguage":"fi"},{"@type":"WebPage","@id":"https:\/\/www.rukajarvensuunnanhistoriayhdistys.fi\/historiayhdistys\/rintamakarkuruus-lauantaina-20-syyskuuta-kello-15-00-asema-aukio-2-lieksa\/","url":"https:\/\/www.rukajarvensuunnanhistoriayhdistys.fi\/historiayhdistys\/rintamakarkuruus-lauantaina-20-syyskuuta-kello-15-00-asema-aukio-2-lieksa\/","name":"\"Rintamakarkuruus.\" \u00a0lauantaina 20. syyskuuta kello 15.00, Asema Aukio 2. Lieksa - Rukaj\u00e4rven suunnan historiayhdistys","isPartOf":{"@id":"http:\/\/www.rukajarvensuunnanhistoriayhdistys.fi\/historiayhdistys\/#website"},"primaryImageOfPage":{"@id":"https:\/\/www.rukajarvensuunnanhistoriayhdistys.fi\/historiayhdistys\/rintamakarkuruus-lauantaina-20-syyskuuta-kello-15-00-asema-aukio-2-lieksa\/#primaryimage"},"image":{"@id":"https:\/\/www.rukajarvensuunnanhistoriayhdistys.fi\/historiayhdistys\/rintamakarkuruus-lauantaina-20-syyskuuta-kello-15-00-asema-aukio-2-lieksa\/#primaryimage"},"thumbnailUrl":"http:\/\/www.rukajarvensuunnanhistoriayhdistys.fi\/historiayhdistys\/wp-content\/uploads\/2025\/09\/Rintamakarkuruus-20-9-2025-1024x685.jpg","datePublished":"2025-09-08T22:05:51+00:00","dateModified":"2025-09-08T22:13:16+00:00","breadcrumb":{"@id":"https:\/\/www.rukajarvensuunnanhistoriayhdistys.fi\/historiayhdistys\/rintamakarkuruus-lauantaina-20-syyskuuta-kello-15-00-asema-aukio-2-lieksa\/#breadcrumb"},"inLanguage":"fi","potentialAction":[{"@type":"ReadAction","target":["https:\/\/www.rukajarvensuunnanhistoriayhdistys.fi\/historiayhdistys\/rintamakarkuruus-lauantaina-20-syyskuuta-kello-15-00-asema-aukio-2-lieksa\/"]}]},{"@type":"ImageObject","inLanguage":"fi","@id":"https:\/\/www.rukajarvensuunnanhistoriayhdistys.fi\/historiayhdistys\/rintamakarkuruus-lauantaina-20-syyskuuta-kello-15-00-asema-aukio-2-lieksa\/#primaryimage","url":"https:\/\/www.rukajarvensuunnanhistoriayhdistys.fi\/historiayhdistys\/wp-content\/uploads\/2025\/09\/Rintamakarkuruus-20-9-2025.jpg","contentUrl":"https:\/\/www.rukajarvensuunnanhistoriayhdistys.fi\/historiayhdistys\/wp-content\/uploads\/2025\/09\/Rintamakarkuruus-20-9-2025.jpg","width":1920,"height":1285},{"@type":"BreadcrumbList","@id":"https:\/\/www.rukajarvensuunnanhistoriayhdistys.fi\/historiayhdistys\/rintamakarkuruus-lauantaina-20-syyskuuta-kello-15-00-asema-aukio-2-lieksa\/#breadcrumb","itemListElement":[{"@type":"ListItem","position":1,"name":"Etusivu","item":"http:\/\/www.rukajarvensuunnanhistoriayhdistys.fi\/historiayhdistys\/"},{"@type":"ListItem","position":2,"name":"&#8221;Rintamakarkuruus.&#8221; \u00a0lauantaina 20. syyskuuta kello 15.00, Asema Aukio 2. Lieksa"}]},{"@type":"WebSite","@id":"http:\/\/www.rukajarvensuunnanhistoriayhdistys.fi\/historiayhdistys\/#website","url":"http:\/\/www.rukajarvensuunnanhistoriayhdistys.fi\/historiayhdistys\/","name":"Rukaj\u00e4rven suunnan historiayhdistys","description":"Rukaj\u00e4rven suunnan historiayhdistyksen verkkosivut.","publisher":{"@id":"http:\/\/www.rukajarvensuunnanhistoriayhdistys.fi\/historiayhdistys\/#organization"},"potentialAction":[{"@type":"SearchAction","target":{"@type":"EntryPoint","urlTemplate":"http:\/\/www.rukajarvensuunnanhistoriayhdistys.fi\/historiayhdistys\/?s={search_term_string}"},"query-input":{"@type":"PropertyValueSpecification","valueRequired":true,"valueName":"search_term_string"}}],"inLanguage":"fi"},{"@type":"Organization","@id":"http:\/\/www.rukajarvensuunnanhistoriayhdistys.fi\/historiayhdistys\/#organization","name":"Rukaj\u00e4rven suunnan historiayhdistys","url":"http:\/\/www.rukajarvensuunnanhistoriayhdistys.fi\/historiayhdistys\/","logo":{"@type":"ImageObject","inLanguage":"fi","@id":"http:\/\/www.rukajarvensuunnanhistoriayhdistys.fi\/historiayhdistys\/#\/schema\/logo\/image\/","url":"https:\/\/www.rukajarvensuunnanhistoriayhdistys.fi\/historiayhdistys\/wp-content\/uploads\/2013\/12\/Otsake_3.jpg","contentUrl":"https:\/\/www.rukajarvensuunnanhistoriayhdistys.fi\/historiayhdistys\/wp-content\/uploads\/2013\/12\/Otsake_3.jpg","width":1000,"height":442,"caption":"Rukaj\u00e4rven suunnan historiayhdistys"},"image":{"@id":"http:\/\/www.rukajarvensuunnanhistoriayhdistys.fi\/historiayhdistys\/#\/schema\/logo\/image\/"}},{"@type":"Person","@id":"http:\/\/www.rukajarvensuunnanhistoriayhdistys.fi\/historiayhdistys\/#\/schema\/person\/19de7db68bf72dfd2b5d7f6dfbf8454d","name":"RSHY","image":{"@type":"ImageObject","inLanguage":"fi","@id":"https:\/\/secure.gravatar.com\/avatar\/598d59263a69cc8de65fcb4f9db78d6f58c098cb0e0ba22d73377441af9fa04c?s=96&d=blank&r=g","url":"https:\/\/secure.gravatar.com\/avatar\/598d59263a69cc8de65fcb4f9db78d6f58c098cb0e0ba22d73377441af9fa04c?s=96&d=blank&r=g","contentUrl":"https:\/\/secure.gravatar.com\/avatar\/598d59263a69cc8de65fcb4f9db78d6f58c098cb0e0ba22d73377441af9fa04c?s=96&d=blank&r=g","caption":"RSHY"},"url":"https:\/\/www.rukajarvensuunnanhistoriayhdistys.fi\/historiayhdistys\/author\/rshy\/"}]}},"_links":{"self":[{"href":"https:\/\/www.rukajarvensuunnanhistoriayhdistys.fi\/historiayhdistys\/wp-json\/wp\/v2\/posts\/16603","targetHints":{"allow":["GET"]}}],"collection":[{"href":"https:\/\/www.rukajarvensuunnanhistoriayhdistys.fi\/historiayhdistys\/wp-json\/wp\/v2\/posts"}],"about":[{"href":"https:\/\/www.rukajarvensuunnanhistoriayhdistys.fi\/historiayhdistys\/wp-json\/wp\/v2\/types\/post"}],"author":[{"embeddable":true,"href":"https:\/\/www.rukajarvensuunnanhistoriayhdistys.fi\/historiayhdistys\/wp-json\/wp\/v2\/users\/3"}],"replies":[{"embeddable":true,"href":"https:\/\/www.rukajarvensuunnanhistoriayhdistys.fi\/historiayhdistys\/wp-json\/wp\/v2\/comments?post=16603"}],"version-history":[{"count":2,"href":"https:\/\/www.rukajarvensuunnanhistoriayhdistys.fi\/historiayhdistys\/wp-json\/wp\/v2\/posts\/16603\/revisions"}],"predecessor-version":[{"id":16610,"href":"https:\/\/www.rukajarvensuunnanhistoriayhdistys.fi\/historiayhdistys\/wp-json\/wp\/v2\/posts\/16603\/revisions\/16610"}],"wp:attachment":[{"href":"https:\/\/www.rukajarvensuunnanhistoriayhdistys.fi\/historiayhdistys\/wp-json\/wp\/v2\/media?parent=16603"}],"wp:term":[{"taxonomy":"category","embeddable":true,"href":"https:\/\/www.rukajarvensuunnanhistoriayhdistys.fi\/historiayhdistys\/wp-json\/wp\/v2\/categories?post=16603"},{"taxonomy":"post_tag","embeddable":true,"href":"https:\/\/www.rukajarvensuunnanhistoriayhdistys.fi\/historiayhdistys\/wp-json\/wp\/v2\/tags?post=16603"}],"curies":[{"name":"wp","href":"https:\/\/api.w.org\/{rel}","templated":true}]}}