{"id":16696,"date":"2025-10-06T22:16:25","date_gmt":"2025-10-06T19:16:25","guid":{"rendered":"http:\/\/www.rukajarvensuunnanhistoriayhdistys.fi\/historiayhdistys\/?p=16696"},"modified":"2025-10-06T22:25:41","modified_gmt":"2025-10-06T19:25:41","slug":"kultaista-70-lukua-muistelemaan-lieksan-rukajarvi-keskukseen","status":"publish","type":"post","link":"https:\/\/www.rukajarvensuunnanhistoriayhdistys.fi\/historiayhdistys\/kultaista-70-lukua-muistelemaan-lieksan-rukajarvi-keskukseen\/","title":{"rendered":"Kultaista 70-lukua muistelemaan \u2013 Lieksan Rukaj\u00e4rvi-keskukseen!"},"content":{"rendered":"<div class=\"fcbkbttn_buttons_block\" id=\"fcbkbttn_left\"><div class=\"fcbkbttn_like \"><fb:like href=\"https:\/\/www.rukajarvensuunnanhistoriayhdistys.fi\/historiayhdistys\/kultaista-70-lukua-muistelemaan-lieksan-rukajarvi-keskukseen\/\" action=\"like\" colorscheme=\"light\" layout=\"button_count\"  size=\"small\"><\/fb:like><\/div><\/div>\n<p><strong>Muistelutilaisuus lauantaina 11.10.2025 klo 15.00\u201317.00<\/strong><br><strong>Paikka:<\/strong> Raappana-sali, Lieksan Rukaj\u00e4rvi-keskus (rautatieasema) Asema Aukio 2<\/p>\n\n\n\n<hr class=\"wp-block-separator has-alpha-channel-opacity\"\/>\n\n\n\n<p><strong>\u201dTuhannen kapakan kautta\u201d \u2013 muusikko Raimo Jokisalmen matkassa Kultaiseen 70-lukuun<\/strong><\/p>\n\n\n\n<p>Lieksan Rukaj\u00e4rvi-keskuksen Raappana-sali t\u00e4yttyy lokakuun toisena lauantaina menneen ajan tarinoista, musiikin tuoksusta ja nostalgisesta tunnelmasta.<br>Muusikko ja kirjailija <strong>Raimo Jokisalmi<\/strong> saapuu kertomaan uransa alkuajoista \u2013 ajasta, jolloin Lieksan <strong>Hotelli Kulma<\/strong> oli koko Pohjois-Karjalan kuuluisimpia tanssipaikkoja.<\/p>\n\n\n\n<figure class=\"wp-block-image size-full is-resized\"><a href=\"http:\/\/www.rukajarvensuunnanhistoriayhdistys.fi\/historiayhdistys\/wp-content\/uploads\/2025\/10\/Tuhannen-kapakan-kautta-2025-Jokisalmi.jpg\"><img loading=\"lazy\" decoding=\"async\" width=\"455\" height=\"647\" src=\"http:\/\/www.rukajarvensuunnanhistoriayhdistys.fi\/historiayhdistys\/wp-content\/uploads\/2025\/10\/Tuhannen-kapakan-kautta-2025-Jokisalmi.jpg\" alt=\"\" class=\"wp-image-16698\" style=\"width:840px;height:auto\" srcset=\"https:\/\/www.rukajarvensuunnanhistoriayhdistys.fi\/historiayhdistys\/wp-content\/uploads\/2025\/10\/Tuhannen-kapakan-kautta-2025-Jokisalmi.jpg 455w, https:\/\/www.rukajarvensuunnanhistoriayhdistys.fi\/historiayhdistys\/wp-content\/uploads\/2025\/10\/Tuhannen-kapakan-kautta-2025-Jokisalmi-211x300.jpg 211w\" sizes=\"auto, (max-width: 455px) 100vw, 455px\" \/><\/a><\/figure>\n\n\n\n<p>Jokisalmen tuore teos <em>\u201dTuhannen kapakan kautta \u2013 Ravintolamuusikon tie\u201d<\/em> vie lukijan ja kuulijan 1970-luvun tanssiravintoloiden el\u00e4m\u00e4\u00e4n: tarinoihin pitkist\u00e4 keikoista, rankasta ty\u00f6st\u00e4 ja riemukkaista illoista, jolloin orkesteri sai tanssilattian el\u00e4m\u00e4\u00e4n.<\/p>\n\n\n\n<p>Kirjassa Kulma nousee el\u00e4v\u00e4sti esiin \u2013 se oli paikka, jossa <em>\u201dei yleis\u00f6k\u00e4\u00e4n paljon viisaammalta n\u00e4ytt\u00e4nyt, mutta v\u00e4ke\u00e4 oli niin pirusti, ja seh\u00e4n on t\u00e4rkeint\u00e4.\u201d<\/em><\/p>\n\n\n\n<p>Nykyisin Kulmalla ei ole en\u00e4\u00e4 ravintolatoimintaa \u2013 mutta muistot el\u00e4v\u00e4t, ja niit\u00e4 tullaan nyt yhdess\u00e4 jakamaan.<\/p>\n\n\n\n<hr class=\"wp-block-separator has-alpha-channel-opacity\"\/>\n\n\n\n<p>\ud83e\udeb6 <strong>Tule mukaan muistelemaan ja keskustelemaan!<\/strong><br>Raimo Jokisalmi toivoo, ett\u00e4 mahdollisimman moni Lieksan \u201dKulman k\u00e4vij\u00e4\u201d ja musiikin yst\u00e4v\u00e4 tulisi jakamaan omia muistojaan tuolta ainutlaatuiselta vuosikymmenelt\u00e4 \u2013 <strong>Kultaiselta 70-luvulta<\/strong>.<\/p>\n\n\n\n<figure class=\"wp-block-image size-large\"><a href=\"http:\/\/www.rukajarvensuunnanhistoriayhdistys.fi\/historiayhdistys\/wp-content\/uploads\/2025\/10\/Kulma-Martiskainen-21-11-2013.jpg\"><img loading=\"lazy\" decoding=\"async\" width=\"1024\" height=\"670\" src=\"http:\/\/www.rukajarvensuunnanhistoriayhdistys.fi\/historiayhdistys\/wp-content\/uploads\/2025\/10\/Kulma-Martiskainen-21-11-2013-1024x670.jpg\" alt=\"\" class=\"wp-image-16699\" srcset=\"https:\/\/www.rukajarvensuunnanhistoriayhdistys.fi\/historiayhdistys\/wp-content\/uploads\/2025\/10\/Kulma-Martiskainen-21-11-2013-1024x670.jpg 1024w, https:\/\/www.rukajarvensuunnanhistoriayhdistys.fi\/historiayhdistys\/wp-content\/uploads\/2025\/10\/Kulma-Martiskainen-21-11-2013-300x196.jpg 300w, https:\/\/www.rukajarvensuunnanhistoriayhdistys.fi\/historiayhdistys\/wp-content\/uploads\/2025\/10\/Kulma-Martiskainen-21-11-2013-768x503.jpg 768w, https:\/\/www.rukajarvensuunnanhistoriayhdistys.fi\/historiayhdistys\/wp-content\/uploads\/2025\/10\/Kulma-Martiskainen-21-11-2013-1536x1006.jpg 1536w, https:\/\/www.rukajarvensuunnanhistoriayhdistys.fi\/historiayhdistys\/wp-content\/uploads\/2025\/10\/Kulma-Martiskainen-21-11-2013.jpg 1636w\" sizes=\"auto, (max-width: 1024px) 100vw, 1024px\" \/><\/a><\/figure>\n\n\n\n<p>Kulma eli Lieksan ty\u00f6v\u00e4entalo. Kuva Jouko Martiskaisen arkisto.Julkaistu RSHYry\/21.11.2013.<\/p>\n\n\n\n<p>Meit\u00e4 j\u00e4rjest\u00e4ji\u00e4 kiinnostaa my\u00f6s sodanaikaiset muistelut. Useat veteraanit ovat kertoneet Kulman alakerran olleen avoimena y\u00f6t\u00e4 p\u00e4iv\u00e4\u00e4. &#8221;Jos ei ollut y\u00f6sijaa muualla, niin sinne mentiin.&#8221;<\/p>\n\n\n\n<p>Tilaisuus on kaikille avoin ja maksuton. Asemalta omakustanne kahvit.<\/p>\n\n\n\n<hr class=\"wp-block-separator has-alpha-channel-opacity\"\/>\n\n\n\n<p><strong>Tervetuloa!<\/strong><br>Rukaj\u00e4rven suunnan historiayhdistys ry<br>\ud83d\udccd Lieksan Rukaj\u00e4rvi-keskus, rautatieasema Asema Aukio 2, Raappana Sali<\/p>\n","protected":false},"excerpt":{"rendered":"<p>Muistelutilaisuus lauantaina 11.10.2025 klo 15.00\u201317.00Paikka: Raappana-sali, Lieksan Rukaj\u00e4rvi-keskus (rautatieasema) Asema Aukio 2 \u201dTuhannen kapakan kautta\u201d \u2013 muusikko Raimo Jokisalmen matkassa Kultaiseen 70-lukuun Lieksan Rukaj\u00e4rvi-keskuksen Raappana-sali t\u00e4yttyy lokakuun toisena lauantaina menneen <a class=\"more-link\" href=\"https:\/\/www.rukajarvensuunnanhistoriayhdistys.fi\/historiayhdistys\/kultaista-70-lukua-muistelemaan-lieksan-rukajarvi-keskukseen\/\">Teksti jatkuu&#8230;<span class=\"screen-reader-text\">Kultaista 70-lukua muistelemaan \u2013 Lieksan Rukaj\u00e4rvi-keskukseen!<\/span><span class=\"meta-nav\">\u2192<\/span><\/a><\/p>\n","protected":false},"author":3,"featured_media":0,"comment_status":"closed","ping_status":"open","sticky":false,"template":"","format":"standard","meta":{"footnotes":""},"categories":[22,34,17,1],"tags":[],"class_list":["post-16696","post","type-post","status-publish","format-standard","hentry","category-ajankohtaista","category-rukajarvi-keskus-lieksa","category-toiminta","category-yleinen"],"yoast_head":"<!-- This site is optimized with the Yoast SEO plugin v27.4 - https:\/\/yoast.com\/product\/yoast-seo-wordpress\/ -->\n<title>Kultaista 70-lukua muistelemaan \u2013 Lieksan Rukaj\u00e4rvi-keskukseen! - Rukaj\u00e4rven suunnan historiayhdistys<\/title>\n<meta name=\"robots\" content=\"index, follow, max-snippet:-1, max-image-preview:large, max-video-preview:-1\" \/>\n<link rel=\"canonical\" href=\"https:\/\/www.rukajarvensuunnanhistoriayhdistys.fi\/historiayhdistys\/kultaista-70-lukua-muistelemaan-lieksan-rukajarvi-keskukseen\/\" \/>\n<meta property=\"og:locale\" content=\"fi_FI\" \/>\n<meta property=\"og:type\" content=\"article\" \/>\n<meta property=\"og:title\" content=\"Kultaista 70-lukua muistelemaan \u2013 Lieksan Rukaj\u00e4rvi-keskukseen! - Rukaj\u00e4rven suunnan historiayhdistys\" \/>\n<meta property=\"og:description\" content=\"Muistelutilaisuus lauantaina 11.10.2025 klo 15.00\u201317.00Paikka: Raappana-sali, Lieksan Rukaj\u00e4rvi-keskus (rautatieasema) Asema Aukio 2 \u201dTuhannen kapakan kautta\u201d \u2013 muusikko Raimo Jokisalmen matkassa Kultaiseen 70-lukuun Lieksan Rukaj\u00e4rvi-keskuksen Raappana-sali t\u00e4yttyy lokakuun toisena lauantaina menneen Teksti jatkuu...Kultaista 70-lukua muistelemaan \u2013 Lieksan Rukaj\u00e4rvi-keskukseen!\u2192\" \/>\n<meta property=\"og:url\" content=\"https:\/\/www.rukajarvensuunnanhistoriayhdistys.fi\/historiayhdistys\/kultaista-70-lukua-muistelemaan-lieksan-rukajarvi-keskukseen\/\" \/>\n<meta property=\"og:site_name\" content=\"Rukaj\u00e4rven suunnan historiayhdistys\" \/>\n<meta property=\"article:published_time\" content=\"2025-10-06T19:16:25+00:00\" \/>\n<meta property=\"article:modified_time\" content=\"2025-10-06T19:25:41+00:00\" \/>\n<meta property=\"og:image\" content=\"http:\/\/www.rukajarvensuunnanhistoriayhdistys.fi\/historiayhdistys\/wp-content\/uploads\/2025\/10\/Tuhannen-kapakan-kautta-2025-Jokisalmi.jpg\" \/>\n<meta name=\"author\" content=\"RSHY\" \/>\n<meta name=\"twitter:label1\" content=\"Kirjoittanut\" \/>\n\t<meta name=\"twitter:data1\" content=\"RSHY\" \/>\n\t<meta name=\"twitter:label2\" content=\"Arvioitu lukuaika\" \/>\n\t<meta name=\"twitter:data2\" content=\"2 minuuttia\" \/>\n<script type=\"application\/ld+json\" class=\"yoast-schema-graph\">{\"@context\":\"https:\\\/\\\/schema.org\",\"@graph\":[{\"@type\":\"Article\",\"@id\":\"https:\\\/\\\/www.rukajarvensuunnanhistoriayhdistys.fi\\\/historiayhdistys\\\/kultaista-70-lukua-muistelemaan-lieksan-rukajarvi-keskukseen\\\/#article\",\"isPartOf\":{\"@id\":\"https:\\\/\\\/www.rukajarvensuunnanhistoriayhdistys.fi\\\/historiayhdistys\\\/kultaista-70-lukua-muistelemaan-lieksan-rukajarvi-keskukseen\\\/\"},\"author\":{\"name\":\"RSHY\",\"@id\":\"http:\\\/\\\/www.rukajarvensuunnanhistoriayhdistys.fi\\\/historiayhdistys\\\/#\\\/schema\\\/person\\\/19de7db68bf72dfd2b5d7f6dfbf8454d\"},\"headline\":\"Kultaista 70-lukua muistelemaan \u2013 Lieksan Rukaj\u00e4rvi-keskukseen!\",\"datePublished\":\"2025-10-06T19:16:25+00:00\",\"dateModified\":\"2025-10-06T19:25:41+00:00\",\"mainEntityOfPage\":{\"@id\":\"https:\\\/\\\/www.rukajarvensuunnanhistoriayhdistys.fi\\\/historiayhdistys\\\/kultaista-70-lukua-muistelemaan-lieksan-rukajarvi-keskukseen\\\/\"},\"wordCount\":237,\"publisher\":{\"@id\":\"http:\\\/\\\/www.rukajarvensuunnanhistoriayhdistys.fi\\\/historiayhdistys\\\/#organization\"},\"image\":{\"@id\":\"https:\\\/\\\/www.rukajarvensuunnanhistoriayhdistys.fi\\\/historiayhdistys\\\/kultaista-70-lukua-muistelemaan-lieksan-rukajarvi-keskukseen\\\/#primaryimage\"},\"thumbnailUrl\":\"http:\\\/\\\/www.rukajarvensuunnanhistoriayhdistys.fi\\\/historiayhdistys\\\/wp-content\\\/uploads\\\/2025\\\/10\\\/Tuhannen-kapakan-kautta-2025-Jokisalmi.jpg\",\"articleSection\":[\"Ajankohtaista\",\"Rukaj\u00e4rvi-keskus \u2013 Lieksa\",\"Toiminta\"],\"inLanguage\":\"fi\"},{\"@type\":\"WebPage\",\"@id\":\"https:\\\/\\\/www.rukajarvensuunnanhistoriayhdistys.fi\\\/historiayhdistys\\\/kultaista-70-lukua-muistelemaan-lieksan-rukajarvi-keskukseen\\\/\",\"url\":\"https:\\\/\\\/www.rukajarvensuunnanhistoriayhdistys.fi\\\/historiayhdistys\\\/kultaista-70-lukua-muistelemaan-lieksan-rukajarvi-keskukseen\\\/\",\"name\":\"Kultaista 70-lukua muistelemaan \u2013 Lieksan Rukaj\u00e4rvi-keskukseen! - Rukaj\u00e4rven suunnan historiayhdistys\",\"isPartOf\":{\"@id\":\"http:\\\/\\\/www.rukajarvensuunnanhistoriayhdistys.fi\\\/historiayhdistys\\\/#website\"},\"primaryImageOfPage\":{\"@id\":\"https:\\\/\\\/www.rukajarvensuunnanhistoriayhdistys.fi\\\/historiayhdistys\\\/kultaista-70-lukua-muistelemaan-lieksan-rukajarvi-keskukseen\\\/#primaryimage\"},\"image\":{\"@id\":\"https:\\\/\\\/www.rukajarvensuunnanhistoriayhdistys.fi\\\/historiayhdistys\\\/kultaista-70-lukua-muistelemaan-lieksan-rukajarvi-keskukseen\\\/#primaryimage\"},\"thumbnailUrl\":\"http:\\\/\\\/www.rukajarvensuunnanhistoriayhdistys.fi\\\/historiayhdistys\\\/wp-content\\\/uploads\\\/2025\\\/10\\\/Tuhannen-kapakan-kautta-2025-Jokisalmi.jpg\",\"datePublished\":\"2025-10-06T19:16:25+00:00\",\"dateModified\":\"2025-10-06T19:25:41+00:00\",\"breadcrumb\":{\"@id\":\"https:\\\/\\\/www.rukajarvensuunnanhistoriayhdistys.fi\\\/historiayhdistys\\\/kultaista-70-lukua-muistelemaan-lieksan-rukajarvi-keskukseen\\\/#breadcrumb\"},\"inLanguage\":\"fi\",\"potentialAction\":[{\"@type\":\"ReadAction\",\"target\":[\"https:\\\/\\\/www.rukajarvensuunnanhistoriayhdistys.fi\\\/historiayhdistys\\\/kultaista-70-lukua-muistelemaan-lieksan-rukajarvi-keskukseen\\\/\"]}]},{\"@type\":\"ImageObject\",\"inLanguage\":\"fi\",\"@id\":\"https:\\\/\\\/www.rukajarvensuunnanhistoriayhdistys.fi\\\/historiayhdistys\\\/kultaista-70-lukua-muistelemaan-lieksan-rukajarvi-keskukseen\\\/#primaryimage\",\"url\":\"https:\\\/\\\/www.rukajarvensuunnanhistoriayhdistys.fi\\\/historiayhdistys\\\/wp-content\\\/uploads\\\/2025\\\/10\\\/Tuhannen-kapakan-kautta-2025-Jokisalmi.jpg\",\"contentUrl\":\"https:\\\/\\\/www.rukajarvensuunnanhistoriayhdistys.fi\\\/historiayhdistys\\\/wp-content\\\/uploads\\\/2025\\\/10\\\/Tuhannen-kapakan-kautta-2025-Jokisalmi.jpg\",\"width\":455,\"height\":647},{\"@type\":\"BreadcrumbList\",\"@id\":\"https:\\\/\\\/www.rukajarvensuunnanhistoriayhdistys.fi\\\/historiayhdistys\\\/kultaista-70-lukua-muistelemaan-lieksan-rukajarvi-keskukseen\\\/#breadcrumb\",\"itemListElement\":[{\"@type\":\"ListItem\",\"position\":1,\"name\":\"Etusivu\",\"item\":\"http:\\\/\\\/www.rukajarvensuunnanhistoriayhdistys.fi\\\/historiayhdistys\\\/\"},{\"@type\":\"ListItem\",\"position\":2,\"name\":\"Kultaista 70-lukua muistelemaan \u2013 Lieksan Rukaj\u00e4rvi-keskukseen!\"}]},{\"@type\":\"WebSite\",\"@id\":\"http:\\\/\\\/www.rukajarvensuunnanhistoriayhdistys.fi\\\/historiayhdistys\\\/#website\",\"url\":\"http:\\\/\\\/www.rukajarvensuunnanhistoriayhdistys.fi\\\/historiayhdistys\\\/\",\"name\":\"Rukaj\u00e4rven suunnan historiayhdistys\",\"description\":\"Rukaj\u00e4rven suunnan historiayhdistyksen verkkosivut.\",\"publisher\":{\"@id\":\"http:\\\/\\\/www.rukajarvensuunnanhistoriayhdistys.fi\\\/historiayhdistys\\\/#organization\"},\"potentialAction\":[{\"@type\":\"SearchAction\",\"target\":{\"@type\":\"EntryPoint\",\"urlTemplate\":\"http:\\\/\\\/www.rukajarvensuunnanhistoriayhdistys.fi\\\/historiayhdistys\\\/?s={search_term_string}\"},\"query-input\":{\"@type\":\"PropertyValueSpecification\",\"valueRequired\":true,\"valueName\":\"search_term_string\"}}],\"inLanguage\":\"fi\"},{\"@type\":\"Organization\",\"@id\":\"http:\\\/\\\/www.rukajarvensuunnanhistoriayhdistys.fi\\\/historiayhdistys\\\/#organization\",\"name\":\"Rukaj\u00e4rven suunnan historiayhdistys\",\"url\":\"http:\\\/\\\/www.rukajarvensuunnanhistoriayhdistys.fi\\\/historiayhdistys\\\/\",\"logo\":{\"@type\":\"ImageObject\",\"inLanguage\":\"fi\",\"@id\":\"http:\\\/\\\/www.rukajarvensuunnanhistoriayhdistys.fi\\\/historiayhdistys\\\/#\\\/schema\\\/logo\\\/image\\\/\",\"url\":\"https:\\\/\\\/www.rukajarvensuunnanhistoriayhdistys.fi\\\/historiayhdistys\\\/wp-content\\\/uploads\\\/2013\\\/12\\\/Otsake_3.jpg\",\"contentUrl\":\"https:\\\/\\\/www.rukajarvensuunnanhistoriayhdistys.fi\\\/historiayhdistys\\\/wp-content\\\/uploads\\\/2013\\\/12\\\/Otsake_3.jpg\",\"width\":1000,\"height\":442,\"caption\":\"Rukaj\u00e4rven suunnan historiayhdistys\"},\"image\":{\"@id\":\"http:\\\/\\\/www.rukajarvensuunnanhistoriayhdistys.fi\\\/historiayhdistys\\\/#\\\/schema\\\/logo\\\/image\\\/\"}},{\"@type\":\"Person\",\"@id\":\"http:\\\/\\\/www.rukajarvensuunnanhistoriayhdistys.fi\\\/historiayhdistys\\\/#\\\/schema\\\/person\\\/19de7db68bf72dfd2b5d7f6dfbf8454d\",\"name\":\"RSHY\",\"image\":{\"@type\":\"ImageObject\",\"inLanguage\":\"fi\",\"@id\":\"https:\\\/\\\/secure.gravatar.com\\\/avatar\\\/598d59263a69cc8de65fcb4f9db78d6f58c098cb0e0ba22d73377441af9fa04c?s=96&d=blank&r=g\",\"url\":\"https:\\\/\\\/secure.gravatar.com\\\/avatar\\\/598d59263a69cc8de65fcb4f9db78d6f58c098cb0e0ba22d73377441af9fa04c?s=96&d=blank&r=g\",\"contentUrl\":\"https:\\\/\\\/secure.gravatar.com\\\/avatar\\\/598d59263a69cc8de65fcb4f9db78d6f58c098cb0e0ba22d73377441af9fa04c?s=96&d=blank&r=g\",\"caption\":\"RSHY\"},\"url\":\"https:\\\/\\\/www.rukajarvensuunnanhistoriayhdistys.fi\\\/historiayhdistys\\\/author\\\/rshy\\\/\"}]}<\/script>\n<!-- \/ Yoast SEO plugin. -->","yoast_head_json":{"title":"Kultaista 70-lukua muistelemaan \u2013 Lieksan Rukaj\u00e4rvi-keskukseen! - Rukaj\u00e4rven suunnan historiayhdistys","robots":{"index":"index","follow":"follow","max-snippet":"max-snippet:-1","max-image-preview":"max-image-preview:large","max-video-preview":"max-video-preview:-1"},"canonical":"https:\/\/www.rukajarvensuunnanhistoriayhdistys.fi\/historiayhdistys\/kultaista-70-lukua-muistelemaan-lieksan-rukajarvi-keskukseen\/","og_locale":"fi_FI","og_type":"article","og_title":"Kultaista 70-lukua muistelemaan \u2013 Lieksan Rukaj\u00e4rvi-keskukseen! - Rukaj\u00e4rven suunnan historiayhdistys","og_description":"Muistelutilaisuus lauantaina 11.10.2025 klo 15.00\u201317.00Paikka: Raappana-sali, Lieksan Rukaj\u00e4rvi-keskus (rautatieasema) Asema Aukio 2 \u201dTuhannen kapakan kautta\u201d \u2013 muusikko Raimo Jokisalmen matkassa Kultaiseen 70-lukuun Lieksan Rukaj\u00e4rvi-keskuksen Raappana-sali t\u00e4yttyy lokakuun toisena lauantaina menneen Teksti jatkuu...Kultaista 70-lukua muistelemaan \u2013 Lieksan Rukaj\u00e4rvi-keskukseen!\u2192","og_url":"https:\/\/www.rukajarvensuunnanhistoriayhdistys.fi\/historiayhdistys\/kultaista-70-lukua-muistelemaan-lieksan-rukajarvi-keskukseen\/","og_site_name":"Rukaj\u00e4rven suunnan historiayhdistys","article_published_time":"2025-10-06T19:16:25+00:00","article_modified_time":"2025-10-06T19:25:41+00:00","og_image":[{"url":"http:\/\/www.rukajarvensuunnanhistoriayhdistys.fi\/historiayhdistys\/wp-content\/uploads\/2025\/10\/Tuhannen-kapakan-kautta-2025-Jokisalmi.jpg","type":"","width":"","height":""}],"author":"RSHY","twitter_misc":{"Kirjoittanut":"RSHY","Arvioitu lukuaika":"2 minuuttia"},"schema":{"@context":"https:\/\/schema.org","@graph":[{"@type":"Article","@id":"https:\/\/www.rukajarvensuunnanhistoriayhdistys.fi\/historiayhdistys\/kultaista-70-lukua-muistelemaan-lieksan-rukajarvi-keskukseen\/#article","isPartOf":{"@id":"https:\/\/www.rukajarvensuunnanhistoriayhdistys.fi\/historiayhdistys\/kultaista-70-lukua-muistelemaan-lieksan-rukajarvi-keskukseen\/"},"author":{"name":"RSHY","@id":"http:\/\/www.rukajarvensuunnanhistoriayhdistys.fi\/historiayhdistys\/#\/schema\/person\/19de7db68bf72dfd2b5d7f6dfbf8454d"},"headline":"Kultaista 70-lukua muistelemaan \u2013 Lieksan Rukaj\u00e4rvi-keskukseen!","datePublished":"2025-10-06T19:16:25+00:00","dateModified":"2025-10-06T19:25:41+00:00","mainEntityOfPage":{"@id":"https:\/\/www.rukajarvensuunnanhistoriayhdistys.fi\/historiayhdistys\/kultaista-70-lukua-muistelemaan-lieksan-rukajarvi-keskukseen\/"},"wordCount":237,"publisher":{"@id":"http:\/\/www.rukajarvensuunnanhistoriayhdistys.fi\/historiayhdistys\/#organization"},"image":{"@id":"https:\/\/www.rukajarvensuunnanhistoriayhdistys.fi\/historiayhdistys\/kultaista-70-lukua-muistelemaan-lieksan-rukajarvi-keskukseen\/#primaryimage"},"thumbnailUrl":"http:\/\/www.rukajarvensuunnanhistoriayhdistys.fi\/historiayhdistys\/wp-content\/uploads\/2025\/10\/Tuhannen-kapakan-kautta-2025-Jokisalmi.jpg","articleSection":["Ajankohtaista","Rukaj\u00e4rvi-keskus \u2013 Lieksa","Toiminta"],"inLanguage":"fi"},{"@type":"WebPage","@id":"https:\/\/www.rukajarvensuunnanhistoriayhdistys.fi\/historiayhdistys\/kultaista-70-lukua-muistelemaan-lieksan-rukajarvi-keskukseen\/","url":"https:\/\/www.rukajarvensuunnanhistoriayhdistys.fi\/historiayhdistys\/kultaista-70-lukua-muistelemaan-lieksan-rukajarvi-keskukseen\/","name":"Kultaista 70-lukua muistelemaan \u2013 Lieksan Rukaj\u00e4rvi-keskukseen! - Rukaj\u00e4rven suunnan historiayhdistys","isPartOf":{"@id":"http:\/\/www.rukajarvensuunnanhistoriayhdistys.fi\/historiayhdistys\/#website"},"primaryImageOfPage":{"@id":"https:\/\/www.rukajarvensuunnanhistoriayhdistys.fi\/historiayhdistys\/kultaista-70-lukua-muistelemaan-lieksan-rukajarvi-keskukseen\/#primaryimage"},"image":{"@id":"https:\/\/www.rukajarvensuunnanhistoriayhdistys.fi\/historiayhdistys\/kultaista-70-lukua-muistelemaan-lieksan-rukajarvi-keskukseen\/#primaryimage"},"thumbnailUrl":"http:\/\/www.rukajarvensuunnanhistoriayhdistys.fi\/historiayhdistys\/wp-content\/uploads\/2025\/10\/Tuhannen-kapakan-kautta-2025-Jokisalmi.jpg","datePublished":"2025-10-06T19:16:25+00:00","dateModified":"2025-10-06T19:25:41+00:00","breadcrumb":{"@id":"https:\/\/www.rukajarvensuunnanhistoriayhdistys.fi\/historiayhdistys\/kultaista-70-lukua-muistelemaan-lieksan-rukajarvi-keskukseen\/#breadcrumb"},"inLanguage":"fi","potentialAction":[{"@type":"ReadAction","target":["https:\/\/www.rukajarvensuunnanhistoriayhdistys.fi\/historiayhdistys\/kultaista-70-lukua-muistelemaan-lieksan-rukajarvi-keskukseen\/"]}]},{"@type":"ImageObject","inLanguage":"fi","@id":"https:\/\/www.rukajarvensuunnanhistoriayhdistys.fi\/historiayhdistys\/kultaista-70-lukua-muistelemaan-lieksan-rukajarvi-keskukseen\/#primaryimage","url":"https:\/\/www.rukajarvensuunnanhistoriayhdistys.fi\/historiayhdistys\/wp-content\/uploads\/2025\/10\/Tuhannen-kapakan-kautta-2025-Jokisalmi.jpg","contentUrl":"https:\/\/www.rukajarvensuunnanhistoriayhdistys.fi\/historiayhdistys\/wp-content\/uploads\/2025\/10\/Tuhannen-kapakan-kautta-2025-Jokisalmi.jpg","width":455,"height":647},{"@type":"BreadcrumbList","@id":"https:\/\/www.rukajarvensuunnanhistoriayhdistys.fi\/historiayhdistys\/kultaista-70-lukua-muistelemaan-lieksan-rukajarvi-keskukseen\/#breadcrumb","itemListElement":[{"@type":"ListItem","position":1,"name":"Etusivu","item":"http:\/\/www.rukajarvensuunnanhistoriayhdistys.fi\/historiayhdistys\/"},{"@type":"ListItem","position":2,"name":"Kultaista 70-lukua muistelemaan \u2013 Lieksan Rukaj\u00e4rvi-keskukseen!"}]},{"@type":"WebSite","@id":"http:\/\/www.rukajarvensuunnanhistoriayhdistys.fi\/historiayhdistys\/#website","url":"http:\/\/www.rukajarvensuunnanhistoriayhdistys.fi\/historiayhdistys\/","name":"Rukaj\u00e4rven suunnan historiayhdistys","description":"Rukaj\u00e4rven suunnan historiayhdistyksen verkkosivut.","publisher":{"@id":"http:\/\/www.rukajarvensuunnanhistoriayhdistys.fi\/historiayhdistys\/#organization"},"potentialAction":[{"@type":"SearchAction","target":{"@type":"EntryPoint","urlTemplate":"http:\/\/www.rukajarvensuunnanhistoriayhdistys.fi\/historiayhdistys\/?s={search_term_string}"},"query-input":{"@type":"PropertyValueSpecification","valueRequired":true,"valueName":"search_term_string"}}],"inLanguage":"fi"},{"@type":"Organization","@id":"http:\/\/www.rukajarvensuunnanhistoriayhdistys.fi\/historiayhdistys\/#organization","name":"Rukaj\u00e4rven suunnan historiayhdistys","url":"http:\/\/www.rukajarvensuunnanhistoriayhdistys.fi\/historiayhdistys\/","logo":{"@type":"ImageObject","inLanguage":"fi","@id":"http:\/\/www.rukajarvensuunnanhistoriayhdistys.fi\/historiayhdistys\/#\/schema\/logo\/image\/","url":"https:\/\/www.rukajarvensuunnanhistoriayhdistys.fi\/historiayhdistys\/wp-content\/uploads\/2013\/12\/Otsake_3.jpg","contentUrl":"https:\/\/www.rukajarvensuunnanhistoriayhdistys.fi\/historiayhdistys\/wp-content\/uploads\/2013\/12\/Otsake_3.jpg","width":1000,"height":442,"caption":"Rukaj\u00e4rven suunnan historiayhdistys"},"image":{"@id":"http:\/\/www.rukajarvensuunnanhistoriayhdistys.fi\/historiayhdistys\/#\/schema\/logo\/image\/"}},{"@type":"Person","@id":"http:\/\/www.rukajarvensuunnanhistoriayhdistys.fi\/historiayhdistys\/#\/schema\/person\/19de7db68bf72dfd2b5d7f6dfbf8454d","name":"RSHY","image":{"@type":"ImageObject","inLanguage":"fi","@id":"https:\/\/secure.gravatar.com\/avatar\/598d59263a69cc8de65fcb4f9db78d6f58c098cb0e0ba22d73377441af9fa04c?s=96&d=blank&r=g","url":"https:\/\/secure.gravatar.com\/avatar\/598d59263a69cc8de65fcb4f9db78d6f58c098cb0e0ba22d73377441af9fa04c?s=96&d=blank&r=g","contentUrl":"https:\/\/secure.gravatar.com\/avatar\/598d59263a69cc8de65fcb4f9db78d6f58c098cb0e0ba22d73377441af9fa04c?s=96&d=blank&r=g","caption":"RSHY"},"url":"https:\/\/www.rukajarvensuunnanhistoriayhdistys.fi\/historiayhdistys\/author\/rshy\/"}]}},"_links":{"self":[{"href":"https:\/\/www.rukajarvensuunnanhistoriayhdistys.fi\/historiayhdistys\/wp-json\/wp\/v2\/posts\/16696","targetHints":{"allow":["GET"]}}],"collection":[{"href":"https:\/\/www.rukajarvensuunnanhistoriayhdistys.fi\/historiayhdistys\/wp-json\/wp\/v2\/posts"}],"about":[{"href":"https:\/\/www.rukajarvensuunnanhistoriayhdistys.fi\/historiayhdistys\/wp-json\/wp\/v2\/types\/post"}],"author":[{"embeddable":true,"href":"https:\/\/www.rukajarvensuunnanhistoriayhdistys.fi\/historiayhdistys\/wp-json\/wp\/v2\/users\/3"}],"replies":[{"embeddable":true,"href":"https:\/\/www.rukajarvensuunnanhistoriayhdistys.fi\/historiayhdistys\/wp-json\/wp\/v2\/comments?post=16696"}],"version-history":[{"count":2,"href":"https:\/\/www.rukajarvensuunnanhistoriayhdistys.fi\/historiayhdistys\/wp-json\/wp\/v2\/posts\/16696\/revisions"}],"predecessor-version":[{"id":16702,"href":"https:\/\/www.rukajarvensuunnanhistoriayhdistys.fi\/historiayhdistys\/wp-json\/wp\/v2\/posts\/16696\/revisions\/16702"}],"wp:attachment":[{"href":"https:\/\/www.rukajarvensuunnanhistoriayhdistys.fi\/historiayhdistys\/wp-json\/wp\/v2\/media?parent=16696"}],"wp:term":[{"taxonomy":"category","embeddable":true,"href":"https:\/\/www.rukajarvensuunnanhistoriayhdistys.fi\/historiayhdistys\/wp-json\/wp\/v2\/categories?post=16696"},{"taxonomy":"post_tag","embeddable":true,"href":"https:\/\/www.rukajarvensuunnanhistoriayhdistys.fi\/historiayhdistys\/wp-json\/wp\/v2\/tags?post=16696"}],"curies":[{"name":"wp","href":"https:\/\/api.w.org\/{rel}","templated":true}]}}