{"id":16703,"date":"2025-10-10T14:14:57","date_gmt":"2025-10-10T11:14:57","guid":{"rendered":"http:\/\/www.rukajarvensuunnanhistoriayhdistys.fi\/historiayhdistys\/?p=16703"},"modified":"2025-10-10T14:14:58","modified_gmt":"2025-10-10T11:14:58","slug":"kenraaliluutnantti-ermei-kannisen-muistoseminaari-18-10-2025-klo-1400-1600","status":"publish","type":"post","link":"https:\/\/www.rukajarvensuunnanhistoriayhdistys.fi\/historiayhdistys\/kenraaliluutnantti-ermei-kannisen-muistoseminaari-18-10-2025-klo-1400-1600\/","title":{"rendered":"Kenraaliluutnantti Ermei Kannisen muistoseminaari 18.10.2025 &#8211; klo 14:00 &#8211; 16:00"},"content":{"rendered":"<div class=\"fcbkbttn_buttons_block\" id=\"fcbkbttn_left\"><div class=\"fcbkbttn_like \"><fb:like href=\"https:\/\/www.rukajarvensuunnanhistoriayhdistys.fi\/historiayhdistys\/kenraaliluutnantti-ermei-kannisen-muistoseminaari-18-10-2025-klo-1400-1600\/\" action=\"like\" colorscheme=\"light\" layout=\"button_count\"  size=\"small\"><\/fb:like><\/div><\/div>\n<p>Lieksan Rukaj\u00e4rvi-keskuksessa muistetaan rohkeaa johtajaa ja suurta is\u00e4nmaan yst\u00e4v\u00e4\u00e4.<\/p>\n\n\n\n<p>Lauantaina 18. lokakuuta kello nelj\u00e4toista j\u00e4rjestet\u00e4\u00e4n perustajaj\u00e4senemme kenraaliluutnantti Ermei Kannisen muistoseminaari. H\u00e4nen poismenostaan tulee kuluneeksi t\u00e4ss\u00e4 kuussa 10 vuotta.<\/p>\n\n\n\n<p>Tilaisuudessa kuullaan musiikkia, veteraanien muistoja ja puheenvuoroja t\u00e4m\u00e4n suomalaisen nuoren miehen rohkeudesta.<\/p>\n\n\n\n<p>Sodan lopulla Kanninen tarttui esimiehens\u00e4 k\u00e4teen: \u201dEi nyt hemmetiss\u00e4 ammuta suomalaista miest\u00e4.\u201d<\/p>\n\n\n\n<p>&nbsp;Tule kunnioittamaan kenraali Kannisen ja sotiemme veteraanien ty\u00f6t\u00e4. Lieksaan lauantaina 18.10. klo 14.00. Lis\u00e4tietoa Rukaj\u00e4rven suunnan historiayhdistys ry:n nettisivulta. Tervetuloa!<\/p>\n\n\n\n<figure class=\"wp-block-image size-full is-resized\"><a href=\"http:\/\/www.rukajarvensuunnanhistoriayhdistys.fi\/historiayhdistys\/wp-content\/uploads\/2025\/10\/Tilaisuuden-mainots-2025-10-18-.jpg\"><img loading=\"lazy\" decoding=\"async\" width=\"561\" height=\"754\" src=\"http:\/\/www.rukajarvensuunnanhistoriayhdistys.fi\/historiayhdistys\/wp-content\/uploads\/2025\/10\/Tilaisuuden-mainots-2025-10-18-.jpg\" alt=\"\" class=\"wp-image-16704\" style=\"width:840px;height:auto\" srcset=\"https:\/\/www.rukajarvensuunnanhistoriayhdistys.fi\/historiayhdistys\/wp-content\/uploads\/2025\/10\/Tilaisuuden-mainots-2025-10-18-.jpg 561w, https:\/\/www.rukajarvensuunnanhistoriayhdistys.fi\/historiayhdistys\/wp-content\/uploads\/2025\/10\/Tilaisuuden-mainots-2025-10-18--223x300.jpg 223w\" sizes=\"auto, (max-width: 561px) 100vw, 561px\" \/><\/a><\/figure>\n\n\n\n<figure class=\"wp-block-image size-full is-resized\"><a href=\"http:\/\/www.rukajarvensuunnanhistoriayhdistys.fi\/historiayhdistys\/wp-content\/uploads\/2025\/09\/Nayttokuva-2025-09-17-175611-1.jpg\"><img loading=\"lazy\" decoding=\"async\" width=\"512\" height=\"610\" src=\"http:\/\/www.rukajarvensuunnanhistoriayhdistys.fi\/historiayhdistys\/wp-content\/uploads\/2025\/09\/Nayttokuva-2025-09-17-175611-1.jpg\" alt=\"\" class=\"wp-image-16670\" style=\"width:840px;height:auto\" srcset=\"https:\/\/www.rukajarvensuunnanhistoriayhdistys.fi\/historiayhdistys\/wp-content\/uploads\/2025\/09\/Nayttokuva-2025-09-17-175611-1.jpg 512w, https:\/\/www.rukajarvensuunnanhistoriayhdistys.fi\/historiayhdistys\/wp-content\/uploads\/2025\/09\/Nayttokuva-2025-09-17-175611-1-252x300.jpg 252w\" sizes=\"auto, (max-width: 512px) 100vw, 512px\" \/><\/a><\/figure>\n\n\n\n<p><strong>Rukaj\u00e4rven suunnan historiayhdistys \u2013 historiaty\u00f6t\u00e4 jo yli viisitoista vuotta.<\/strong> Tervbetuloa!<\/p>\n","protected":false},"excerpt":{"rendered":"<p>Lieksan Rukaj\u00e4rvi-keskuksessa muistetaan rohkeaa johtajaa ja suurta is\u00e4nmaan yst\u00e4v\u00e4\u00e4. Lauantaina 18. lokakuuta kello nelj\u00e4toista j\u00e4rjestet\u00e4\u00e4n perustajaj\u00e4senemme kenraaliluutnantti Ermei Kannisen muistoseminaari. H\u00e4nen poismenostaan tulee kuluneeksi t\u00e4ss\u00e4 kuussa 10 vuotta. Tilaisuudessa kuullaan <a class=\"more-link\" href=\"https:\/\/www.rukajarvensuunnanhistoriayhdistys.fi\/historiayhdistys\/kenraaliluutnantti-ermei-kannisen-muistoseminaari-18-10-2025-klo-1400-1600\/\">Teksti jatkuu&#8230;<span class=\"screen-reader-text\">Kenraaliluutnantti Ermei Kannisen muistoseminaari 18.10.2025 &#8211; klo 14:00 &#8211; 16:00<\/span><span class=\"meta-nav\">\u2192<\/span><\/a><\/p>\n","protected":false},"author":3,"featured_media":0,"comment_status":"closed","ping_status":"open","sticky":false,"template":"","format":"standard","meta":{"footnotes":""},"categories":[22,44,34,17,1],"tags":[],"class_list":["post-16703","post","type-post","status-publish","format-standard","hentry","category-ajankohtaista","category-esitelma","category-rukajarvi-keskus-lieksa","category-toiminta","category-yleinen"],"yoast_head":"<!-- This site is optimized with the Yoast SEO plugin v27.4 - https:\/\/yoast.com\/product\/yoast-seo-wordpress\/ -->\n<title>Kenraaliluutnantti Ermei Kannisen muistoseminaari 18.10.2025 - klo 14:00 - 16:00 - Rukaj\u00e4rven suunnan historiayhdistys<\/title>\n<meta name=\"robots\" content=\"index, follow, max-snippet:-1, max-image-preview:large, max-video-preview:-1\" \/>\n<link rel=\"canonical\" href=\"https:\/\/www.rukajarvensuunnanhistoriayhdistys.fi\/historiayhdistys\/kenraaliluutnantti-ermei-kannisen-muistoseminaari-18-10-2025-klo-1400-1600\/\" \/>\n<meta property=\"og:locale\" content=\"fi_FI\" \/>\n<meta property=\"og:type\" content=\"article\" \/>\n<meta property=\"og:title\" content=\"Kenraaliluutnantti Ermei Kannisen muistoseminaari 18.10.2025 - klo 14:00 - 16:00 - Rukaj\u00e4rven suunnan historiayhdistys\" \/>\n<meta property=\"og:description\" content=\"Lieksan Rukaj\u00e4rvi-keskuksessa muistetaan rohkeaa johtajaa ja suurta is\u00e4nmaan yst\u00e4v\u00e4\u00e4. Lauantaina 18. lokakuuta kello nelj\u00e4toista j\u00e4rjestet\u00e4\u00e4n perustajaj\u00e4senemme kenraaliluutnantti Ermei Kannisen muistoseminaari. H\u00e4nen poismenostaan tulee kuluneeksi t\u00e4ss\u00e4 kuussa 10 vuotta. Tilaisuudessa kuullaan Teksti jatkuu...Kenraaliluutnantti Ermei Kannisen muistoseminaari 18.10.2025 &#8211; klo 14:00 &#8211; 16:00\u2192\" \/>\n<meta property=\"og:url\" content=\"https:\/\/www.rukajarvensuunnanhistoriayhdistys.fi\/historiayhdistys\/kenraaliluutnantti-ermei-kannisen-muistoseminaari-18-10-2025-klo-1400-1600\/\" \/>\n<meta property=\"og:site_name\" content=\"Rukaj\u00e4rven suunnan historiayhdistys\" \/>\n<meta property=\"article:published_time\" content=\"2025-10-10T11:14:57+00:00\" \/>\n<meta property=\"article:modified_time\" content=\"2025-10-10T11:14:58+00:00\" \/>\n<meta property=\"og:image\" content=\"http:\/\/www.rukajarvensuunnanhistoriayhdistys.fi\/historiayhdistys\/wp-content\/uploads\/2025\/10\/Tilaisuuden-mainots-2025-10-18-.jpg\" \/>\n<meta name=\"author\" content=\"RSHY\" \/>\n<meta name=\"twitter:label1\" content=\"Kirjoittanut\" \/>\n\t<meta name=\"twitter:data1\" content=\"RSHY\" \/>\n\t<meta name=\"twitter:label2\" content=\"Arvioitu lukuaika\" \/>\n\t<meta name=\"twitter:data2\" content=\"1 minuutti\" \/>\n<script type=\"application\/ld+json\" class=\"yoast-schema-graph\">{\"@context\":\"https:\\\/\\\/schema.org\",\"@graph\":[{\"@type\":\"Article\",\"@id\":\"https:\\\/\\\/www.rukajarvensuunnanhistoriayhdistys.fi\\\/historiayhdistys\\\/kenraaliluutnantti-ermei-kannisen-muistoseminaari-18-10-2025-klo-1400-1600\\\/#article\",\"isPartOf\":{\"@id\":\"https:\\\/\\\/www.rukajarvensuunnanhistoriayhdistys.fi\\\/historiayhdistys\\\/kenraaliluutnantti-ermei-kannisen-muistoseminaari-18-10-2025-klo-1400-1600\\\/\"},\"author\":{\"name\":\"RSHY\",\"@id\":\"http:\\\/\\\/www.rukajarvensuunnanhistoriayhdistys.fi\\\/historiayhdistys\\\/#\\\/schema\\\/person\\\/19de7db68bf72dfd2b5d7f6dfbf8454d\"},\"headline\":\"Kenraaliluutnantti Ermei Kannisen muistoseminaari 18.10.2025 &#8211; klo 14:00 &#8211; 16:00\",\"datePublished\":\"2025-10-10T11:14:57+00:00\",\"dateModified\":\"2025-10-10T11:14:58+00:00\",\"mainEntityOfPage\":{\"@id\":\"https:\\\/\\\/www.rukajarvensuunnanhistoriayhdistys.fi\\\/historiayhdistys\\\/kenraaliluutnantti-ermei-kannisen-muistoseminaari-18-10-2025-klo-1400-1600\\\/\"},\"wordCount\":103,\"publisher\":{\"@id\":\"http:\\\/\\\/www.rukajarvensuunnanhistoriayhdistys.fi\\\/historiayhdistys\\\/#organization\"},\"image\":{\"@id\":\"https:\\\/\\\/www.rukajarvensuunnanhistoriayhdistys.fi\\\/historiayhdistys\\\/kenraaliluutnantti-ermei-kannisen-muistoseminaari-18-10-2025-klo-1400-1600\\\/#primaryimage\"},\"thumbnailUrl\":\"http:\\\/\\\/www.rukajarvensuunnanhistoriayhdistys.fi\\\/historiayhdistys\\\/wp-content\\\/uploads\\\/2025\\\/10\\\/Tilaisuuden-mainots-2025-10-18-.jpg\",\"articleSection\":[\"Ajankohtaista\",\"esitelm\u00e4\",\"Rukaj\u00e4rvi-keskus \u2013 Lieksa\",\"Toiminta\"],\"inLanguage\":\"fi\"},{\"@type\":\"WebPage\",\"@id\":\"https:\\\/\\\/www.rukajarvensuunnanhistoriayhdistys.fi\\\/historiayhdistys\\\/kenraaliluutnantti-ermei-kannisen-muistoseminaari-18-10-2025-klo-1400-1600\\\/\",\"url\":\"https:\\\/\\\/www.rukajarvensuunnanhistoriayhdistys.fi\\\/historiayhdistys\\\/kenraaliluutnantti-ermei-kannisen-muistoseminaari-18-10-2025-klo-1400-1600\\\/\",\"name\":\"Kenraaliluutnantti Ermei Kannisen muistoseminaari 18.10.2025 - klo 14:00 - 16:00 - Rukaj\u00e4rven suunnan historiayhdistys\",\"isPartOf\":{\"@id\":\"http:\\\/\\\/www.rukajarvensuunnanhistoriayhdistys.fi\\\/historiayhdistys\\\/#website\"},\"primaryImageOfPage\":{\"@id\":\"https:\\\/\\\/www.rukajarvensuunnanhistoriayhdistys.fi\\\/historiayhdistys\\\/kenraaliluutnantti-ermei-kannisen-muistoseminaari-18-10-2025-klo-1400-1600\\\/#primaryimage\"},\"image\":{\"@id\":\"https:\\\/\\\/www.rukajarvensuunnanhistoriayhdistys.fi\\\/historiayhdistys\\\/kenraaliluutnantti-ermei-kannisen-muistoseminaari-18-10-2025-klo-1400-1600\\\/#primaryimage\"},\"thumbnailUrl\":\"http:\\\/\\\/www.rukajarvensuunnanhistoriayhdistys.fi\\\/historiayhdistys\\\/wp-content\\\/uploads\\\/2025\\\/10\\\/Tilaisuuden-mainots-2025-10-18-.jpg\",\"datePublished\":\"2025-10-10T11:14:57+00:00\",\"dateModified\":\"2025-10-10T11:14:58+00:00\",\"breadcrumb\":{\"@id\":\"https:\\\/\\\/www.rukajarvensuunnanhistoriayhdistys.fi\\\/historiayhdistys\\\/kenraaliluutnantti-ermei-kannisen-muistoseminaari-18-10-2025-klo-1400-1600\\\/#breadcrumb\"},\"inLanguage\":\"fi\",\"potentialAction\":[{\"@type\":\"ReadAction\",\"target\":[\"https:\\\/\\\/www.rukajarvensuunnanhistoriayhdistys.fi\\\/historiayhdistys\\\/kenraaliluutnantti-ermei-kannisen-muistoseminaari-18-10-2025-klo-1400-1600\\\/\"]}]},{\"@type\":\"ImageObject\",\"inLanguage\":\"fi\",\"@id\":\"https:\\\/\\\/www.rukajarvensuunnanhistoriayhdistys.fi\\\/historiayhdistys\\\/kenraaliluutnantti-ermei-kannisen-muistoseminaari-18-10-2025-klo-1400-1600\\\/#primaryimage\",\"url\":\"https:\\\/\\\/www.rukajarvensuunnanhistoriayhdistys.fi\\\/historiayhdistys\\\/wp-content\\\/uploads\\\/2025\\\/10\\\/Tilaisuuden-mainots-2025-10-18-.jpg\",\"contentUrl\":\"https:\\\/\\\/www.rukajarvensuunnanhistoriayhdistys.fi\\\/historiayhdistys\\\/wp-content\\\/uploads\\\/2025\\\/10\\\/Tilaisuuden-mainots-2025-10-18-.jpg\",\"width\":561,\"height\":754},{\"@type\":\"BreadcrumbList\",\"@id\":\"https:\\\/\\\/www.rukajarvensuunnanhistoriayhdistys.fi\\\/historiayhdistys\\\/kenraaliluutnantti-ermei-kannisen-muistoseminaari-18-10-2025-klo-1400-1600\\\/#breadcrumb\",\"itemListElement\":[{\"@type\":\"ListItem\",\"position\":1,\"name\":\"Etusivu\",\"item\":\"http:\\\/\\\/www.rukajarvensuunnanhistoriayhdistys.fi\\\/historiayhdistys\\\/\"},{\"@type\":\"ListItem\",\"position\":2,\"name\":\"Kenraaliluutnantti Ermei Kannisen muistoseminaari 18.10.2025 &#8211; klo 14:00 &#8211; 16:00\"}]},{\"@type\":\"WebSite\",\"@id\":\"http:\\\/\\\/www.rukajarvensuunnanhistoriayhdistys.fi\\\/historiayhdistys\\\/#website\",\"url\":\"http:\\\/\\\/www.rukajarvensuunnanhistoriayhdistys.fi\\\/historiayhdistys\\\/\",\"name\":\"Rukaj\u00e4rven suunnan historiayhdistys\",\"description\":\"Rukaj\u00e4rven suunnan historiayhdistyksen verkkosivut.\",\"publisher\":{\"@id\":\"http:\\\/\\\/www.rukajarvensuunnanhistoriayhdistys.fi\\\/historiayhdistys\\\/#organization\"},\"potentialAction\":[{\"@type\":\"SearchAction\",\"target\":{\"@type\":\"EntryPoint\",\"urlTemplate\":\"http:\\\/\\\/www.rukajarvensuunnanhistoriayhdistys.fi\\\/historiayhdistys\\\/?s={search_term_string}\"},\"query-input\":{\"@type\":\"PropertyValueSpecification\",\"valueRequired\":true,\"valueName\":\"search_term_string\"}}],\"inLanguage\":\"fi\"},{\"@type\":\"Organization\",\"@id\":\"http:\\\/\\\/www.rukajarvensuunnanhistoriayhdistys.fi\\\/historiayhdistys\\\/#organization\",\"name\":\"Rukaj\u00e4rven suunnan historiayhdistys\",\"url\":\"http:\\\/\\\/www.rukajarvensuunnanhistoriayhdistys.fi\\\/historiayhdistys\\\/\",\"logo\":{\"@type\":\"ImageObject\",\"inLanguage\":\"fi\",\"@id\":\"http:\\\/\\\/www.rukajarvensuunnanhistoriayhdistys.fi\\\/historiayhdistys\\\/#\\\/schema\\\/logo\\\/image\\\/\",\"url\":\"https:\\\/\\\/www.rukajarvensuunnanhistoriayhdistys.fi\\\/historiayhdistys\\\/wp-content\\\/uploads\\\/2013\\\/12\\\/Otsake_3.jpg\",\"contentUrl\":\"https:\\\/\\\/www.rukajarvensuunnanhistoriayhdistys.fi\\\/historiayhdistys\\\/wp-content\\\/uploads\\\/2013\\\/12\\\/Otsake_3.jpg\",\"width\":1000,\"height\":442,\"caption\":\"Rukaj\u00e4rven suunnan historiayhdistys\"},\"image\":{\"@id\":\"http:\\\/\\\/www.rukajarvensuunnanhistoriayhdistys.fi\\\/historiayhdistys\\\/#\\\/schema\\\/logo\\\/image\\\/\"}},{\"@type\":\"Person\",\"@id\":\"http:\\\/\\\/www.rukajarvensuunnanhistoriayhdistys.fi\\\/historiayhdistys\\\/#\\\/schema\\\/person\\\/19de7db68bf72dfd2b5d7f6dfbf8454d\",\"name\":\"RSHY\",\"image\":{\"@type\":\"ImageObject\",\"inLanguage\":\"fi\",\"@id\":\"https:\\\/\\\/secure.gravatar.com\\\/avatar\\\/598d59263a69cc8de65fcb4f9db78d6f58c098cb0e0ba22d73377441af9fa04c?s=96&d=blank&r=g\",\"url\":\"https:\\\/\\\/secure.gravatar.com\\\/avatar\\\/598d59263a69cc8de65fcb4f9db78d6f58c098cb0e0ba22d73377441af9fa04c?s=96&d=blank&r=g\",\"contentUrl\":\"https:\\\/\\\/secure.gravatar.com\\\/avatar\\\/598d59263a69cc8de65fcb4f9db78d6f58c098cb0e0ba22d73377441af9fa04c?s=96&d=blank&r=g\",\"caption\":\"RSHY\"},\"url\":\"https:\\\/\\\/www.rukajarvensuunnanhistoriayhdistys.fi\\\/historiayhdistys\\\/author\\\/rshy\\\/\"}]}<\/script>\n<!-- \/ Yoast SEO plugin. -->","yoast_head_json":{"title":"Kenraaliluutnantti Ermei Kannisen muistoseminaari 18.10.2025 - klo 14:00 - 16:00 - Rukaj\u00e4rven suunnan historiayhdistys","robots":{"index":"index","follow":"follow","max-snippet":"max-snippet:-1","max-image-preview":"max-image-preview:large","max-video-preview":"max-video-preview:-1"},"canonical":"https:\/\/www.rukajarvensuunnanhistoriayhdistys.fi\/historiayhdistys\/kenraaliluutnantti-ermei-kannisen-muistoseminaari-18-10-2025-klo-1400-1600\/","og_locale":"fi_FI","og_type":"article","og_title":"Kenraaliluutnantti Ermei Kannisen muistoseminaari 18.10.2025 - klo 14:00 - 16:00 - Rukaj\u00e4rven suunnan historiayhdistys","og_description":"Lieksan Rukaj\u00e4rvi-keskuksessa muistetaan rohkeaa johtajaa ja suurta is\u00e4nmaan yst\u00e4v\u00e4\u00e4. Lauantaina 18. lokakuuta kello nelj\u00e4toista j\u00e4rjestet\u00e4\u00e4n perustajaj\u00e4senemme kenraaliluutnantti Ermei Kannisen muistoseminaari. H\u00e4nen poismenostaan tulee kuluneeksi t\u00e4ss\u00e4 kuussa 10 vuotta. Tilaisuudessa kuullaan Teksti jatkuu...Kenraaliluutnantti Ermei Kannisen muistoseminaari 18.10.2025 &#8211; klo 14:00 &#8211; 16:00\u2192","og_url":"https:\/\/www.rukajarvensuunnanhistoriayhdistys.fi\/historiayhdistys\/kenraaliluutnantti-ermei-kannisen-muistoseminaari-18-10-2025-klo-1400-1600\/","og_site_name":"Rukaj\u00e4rven suunnan historiayhdistys","article_published_time":"2025-10-10T11:14:57+00:00","article_modified_time":"2025-10-10T11:14:58+00:00","og_image":[{"url":"http:\/\/www.rukajarvensuunnanhistoriayhdistys.fi\/historiayhdistys\/wp-content\/uploads\/2025\/10\/Tilaisuuden-mainots-2025-10-18-.jpg","type":"","width":"","height":""}],"author":"RSHY","twitter_misc":{"Kirjoittanut":"RSHY","Arvioitu lukuaika":"1 minuutti"},"schema":{"@context":"https:\/\/schema.org","@graph":[{"@type":"Article","@id":"https:\/\/www.rukajarvensuunnanhistoriayhdistys.fi\/historiayhdistys\/kenraaliluutnantti-ermei-kannisen-muistoseminaari-18-10-2025-klo-1400-1600\/#article","isPartOf":{"@id":"https:\/\/www.rukajarvensuunnanhistoriayhdistys.fi\/historiayhdistys\/kenraaliluutnantti-ermei-kannisen-muistoseminaari-18-10-2025-klo-1400-1600\/"},"author":{"name":"RSHY","@id":"http:\/\/www.rukajarvensuunnanhistoriayhdistys.fi\/historiayhdistys\/#\/schema\/person\/19de7db68bf72dfd2b5d7f6dfbf8454d"},"headline":"Kenraaliluutnantti Ermei Kannisen muistoseminaari 18.10.2025 &#8211; klo 14:00 &#8211; 16:00","datePublished":"2025-10-10T11:14:57+00:00","dateModified":"2025-10-10T11:14:58+00:00","mainEntityOfPage":{"@id":"https:\/\/www.rukajarvensuunnanhistoriayhdistys.fi\/historiayhdistys\/kenraaliluutnantti-ermei-kannisen-muistoseminaari-18-10-2025-klo-1400-1600\/"},"wordCount":103,"publisher":{"@id":"http:\/\/www.rukajarvensuunnanhistoriayhdistys.fi\/historiayhdistys\/#organization"},"image":{"@id":"https:\/\/www.rukajarvensuunnanhistoriayhdistys.fi\/historiayhdistys\/kenraaliluutnantti-ermei-kannisen-muistoseminaari-18-10-2025-klo-1400-1600\/#primaryimage"},"thumbnailUrl":"http:\/\/www.rukajarvensuunnanhistoriayhdistys.fi\/historiayhdistys\/wp-content\/uploads\/2025\/10\/Tilaisuuden-mainots-2025-10-18-.jpg","articleSection":["Ajankohtaista","esitelm\u00e4","Rukaj\u00e4rvi-keskus \u2013 Lieksa","Toiminta"],"inLanguage":"fi"},{"@type":"WebPage","@id":"https:\/\/www.rukajarvensuunnanhistoriayhdistys.fi\/historiayhdistys\/kenraaliluutnantti-ermei-kannisen-muistoseminaari-18-10-2025-klo-1400-1600\/","url":"https:\/\/www.rukajarvensuunnanhistoriayhdistys.fi\/historiayhdistys\/kenraaliluutnantti-ermei-kannisen-muistoseminaari-18-10-2025-klo-1400-1600\/","name":"Kenraaliluutnantti Ermei Kannisen muistoseminaari 18.10.2025 - klo 14:00 - 16:00 - Rukaj\u00e4rven suunnan historiayhdistys","isPartOf":{"@id":"http:\/\/www.rukajarvensuunnanhistoriayhdistys.fi\/historiayhdistys\/#website"},"primaryImageOfPage":{"@id":"https:\/\/www.rukajarvensuunnanhistoriayhdistys.fi\/historiayhdistys\/kenraaliluutnantti-ermei-kannisen-muistoseminaari-18-10-2025-klo-1400-1600\/#primaryimage"},"image":{"@id":"https:\/\/www.rukajarvensuunnanhistoriayhdistys.fi\/historiayhdistys\/kenraaliluutnantti-ermei-kannisen-muistoseminaari-18-10-2025-klo-1400-1600\/#primaryimage"},"thumbnailUrl":"http:\/\/www.rukajarvensuunnanhistoriayhdistys.fi\/historiayhdistys\/wp-content\/uploads\/2025\/10\/Tilaisuuden-mainots-2025-10-18-.jpg","datePublished":"2025-10-10T11:14:57+00:00","dateModified":"2025-10-10T11:14:58+00:00","breadcrumb":{"@id":"https:\/\/www.rukajarvensuunnanhistoriayhdistys.fi\/historiayhdistys\/kenraaliluutnantti-ermei-kannisen-muistoseminaari-18-10-2025-klo-1400-1600\/#breadcrumb"},"inLanguage":"fi","potentialAction":[{"@type":"ReadAction","target":["https:\/\/www.rukajarvensuunnanhistoriayhdistys.fi\/historiayhdistys\/kenraaliluutnantti-ermei-kannisen-muistoseminaari-18-10-2025-klo-1400-1600\/"]}]},{"@type":"ImageObject","inLanguage":"fi","@id":"https:\/\/www.rukajarvensuunnanhistoriayhdistys.fi\/historiayhdistys\/kenraaliluutnantti-ermei-kannisen-muistoseminaari-18-10-2025-klo-1400-1600\/#primaryimage","url":"https:\/\/www.rukajarvensuunnanhistoriayhdistys.fi\/historiayhdistys\/wp-content\/uploads\/2025\/10\/Tilaisuuden-mainots-2025-10-18-.jpg","contentUrl":"https:\/\/www.rukajarvensuunnanhistoriayhdistys.fi\/historiayhdistys\/wp-content\/uploads\/2025\/10\/Tilaisuuden-mainots-2025-10-18-.jpg","width":561,"height":754},{"@type":"BreadcrumbList","@id":"https:\/\/www.rukajarvensuunnanhistoriayhdistys.fi\/historiayhdistys\/kenraaliluutnantti-ermei-kannisen-muistoseminaari-18-10-2025-klo-1400-1600\/#breadcrumb","itemListElement":[{"@type":"ListItem","position":1,"name":"Etusivu","item":"http:\/\/www.rukajarvensuunnanhistoriayhdistys.fi\/historiayhdistys\/"},{"@type":"ListItem","position":2,"name":"Kenraaliluutnantti Ermei Kannisen muistoseminaari 18.10.2025 &#8211; klo 14:00 &#8211; 16:00"}]},{"@type":"WebSite","@id":"http:\/\/www.rukajarvensuunnanhistoriayhdistys.fi\/historiayhdistys\/#website","url":"http:\/\/www.rukajarvensuunnanhistoriayhdistys.fi\/historiayhdistys\/","name":"Rukaj\u00e4rven suunnan historiayhdistys","description":"Rukaj\u00e4rven suunnan historiayhdistyksen verkkosivut.","publisher":{"@id":"http:\/\/www.rukajarvensuunnanhistoriayhdistys.fi\/historiayhdistys\/#organization"},"potentialAction":[{"@type":"SearchAction","target":{"@type":"EntryPoint","urlTemplate":"http:\/\/www.rukajarvensuunnanhistoriayhdistys.fi\/historiayhdistys\/?s={search_term_string}"},"query-input":{"@type":"PropertyValueSpecification","valueRequired":true,"valueName":"search_term_string"}}],"inLanguage":"fi"},{"@type":"Organization","@id":"http:\/\/www.rukajarvensuunnanhistoriayhdistys.fi\/historiayhdistys\/#organization","name":"Rukaj\u00e4rven suunnan historiayhdistys","url":"http:\/\/www.rukajarvensuunnanhistoriayhdistys.fi\/historiayhdistys\/","logo":{"@type":"ImageObject","inLanguage":"fi","@id":"http:\/\/www.rukajarvensuunnanhistoriayhdistys.fi\/historiayhdistys\/#\/schema\/logo\/image\/","url":"https:\/\/www.rukajarvensuunnanhistoriayhdistys.fi\/historiayhdistys\/wp-content\/uploads\/2013\/12\/Otsake_3.jpg","contentUrl":"https:\/\/www.rukajarvensuunnanhistoriayhdistys.fi\/historiayhdistys\/wp-content\/uploads\/2013\/12\/Otsake_3.jpg","width":1000,"height":442,"caption":"Rukaj\u00e4rven suunnan historiayhdistys"},"image":{"@id":"http:\/\/www.rukajarvensuunnanhistoriayhdistys.fi\/historiayhdistys\/#\/schema\/logo\/image\/"}},{"@type":"Person","@id":"http:\/\/www.rukajarvensuunnanhistoriayhdistys.fi\/historiayhdistys\/#\/schema\/person\/19de7db68bf72dfd2b5d7f6dfbf8454d","name":"RSHY","image":{"@type":"ImageObject","inLanguage":"fi","@id":"https:\/\/secure.gravatar.com\/avatar\/598d59263a69cc8de65fcb4f9db78d6f58c098cb0e0ba22d73377441af9fa04c?s=96&d=blank&r=g","url":"https:\/\/secure.gravatar.com\/avatar\/598d59263a69cc8de65fcb4f9db78d6f58c098cb0e0ba22d73377441af9fa04c?s=96&d=blank&r=g","contentUrl":"https:\/\/secure.gravatar.com\/avatar\/598d59263a69cc8de65fcb4f9db78d6f58c098cb0e0ba22d73377441af9fa04c?s=96&d=blank&r=g","caption":"RSHY"},"url":"https:\/\/www.rukajarvensuunnanhistoriayhdistys.fi\/historiayhdistys\/author\/rshy\/"}]}},"_links":{"self":[{"href":"https:\/\/www.rukajarvensuunnanhistoriayhdistys.fi\/historiayhdistys\/wp-json\/wp\/v2\/posts\/16703","targetHints":{"allow":["GET"]}}],"collection":[{"href":"https:\/\/www.rukajarvensuunnanhistoriayhdistys.fi\/historiayhdistys\/wp-json\/wp\/v2\/posts"}],"about":[{"href":"https:\/\/www.rukajarvensuunnanhistoriayhdistys.fi\/historiayhdistys\/wp-json\/wp\/v2\/types\/post"}],"author":[{"embeddable":true,"href":"https:\/\/www.rukajarvensuunnanhistoriayhdistys.fi\/historiayhdistys\/wp-json\/wp\/v2\/users\/3"}],"replies":[{"embeddable":true,"href":"https:\/\/www.rukajarvensuunnanhistoriayhdistys.fi\/historiayhdistys\/wp-json\/wp\/v2\/comments?post=16703"}],"version-history":[{"count":1,"href":"https:\/\/www.rukajarvensuunnanhistoriayhdistys.fi\/historiayhdistys\/wp-json\/wp\/v2\/posts\/16703\/revisions"}],"predecessor-version":[{"id":16705,"href":"https:\/\/www.rukajarvensuunnanhistoriayhdistys.fi\/historiayhdistys\/wp-json\/wp\/v2\/posts\/16703\/revisions\/16705"}],"wp:attachment":[{"href":"https:\/\/www.rukajarvensuunnanhistoriayhdistys.fi\/historiayhdistys\/wp-json\/wp\/v2\/media?parent=16703"}],"wp:term":[{"taxonomy":"category","embeddable":true,"href":"https:\/\/www.rukajarvensuunnanhistoriayhdistys.fi\/historiayhdistys\/wp-json\/wp\/v2\/categories?post=16703"},{"taxonomy":"post_tag","embeddable":true,"href":"https:\/\/www.rukajarvensuunnanhistoriayhdistys.fi\/historiayhdistys\/wp-json\/wp\/v2\/tags?post=16703"}],"curies":[{"name":"wp","href":"https:\/\/api.w.org\/{rel}","templated":true}]}}