{"id":16740,"date":"2025-11-07T20:33:22","date_gmt":"2025-11-07T18:33:22","guid":{"rendered":"http:\/\/www.rukajarvensuunnanhistoriayhdistys.fi\/historiayhdistys\/?p=16740"},"modified":"2025-11-07T20:40:53","modified_gmt":"2025-11-07T18:40:53","slug":"lampimat-onnittelut-102-vuotiaalla-abel-tikkaselle-veteraani-esitti-kiitoksensa-veistelemalla-juttuja-rintamalta","status":"publish","type":"post","link":"https:\/\/www.rukajarvensuunnanhistoriayhdistys.fi\/historiayhdistys\/lampimat-onnittelut-102-vuotiaalla-abel-tikkaselle-veteraani-esitti-kiitoksensa-veistelemalla-juttuja-rintamalta\/","title":{"rendered":"L\u00e4mpim\u00e4t onnittelut 102-vuotiaalla Abel Tikkaselle \u2013 veteraani esitti kiitoksensa veistelem\u00e4ll\u00e4 juttuja rintamalta."},"content":{"rendered":"<div class=\"fcbkbttn_buttons_block\" id=\"fcbkbttn_left\"><div class=\"fcbkbttn_like \"><fb:like href=\"https:\/\/www.rukajarvensuunnanhistoriayhdistys.fi\/historiayhdistys\/lampimat-onnittelut-102-vuotiaalla-abel-tikkaselle-veteraani-esitti-kiitoksensa-veistelemalla-juttuja-rintamalta\/\" action=\"like\" colorscheme=\"light\" layout=\"button_count\"  size=\"small\"><\/fb:like><\/div><\/div>\n<p>Abel Tikkanen t\u00e4ytti t\u00e4n\u00e4\u00e4n per\u00e4ti 102 vuotta. Juhlaan veteraani suhtautui vapautuneesti, vaikka h\u00e4nt\u00e4 tervehtim\u00e4\u00e4n oli tullut oman Nilakan seurakunnan kirkkoherra Arto Penttinen ja Keiteleen kunnanjohtaja Pasi Marjakangas. Tervehdyksen toi my\u00f6s kunnanhallituksen puheenjohtaja Minna Pellikka, joka kertoi luvanneensa Abelille, ett\u00e4 h\u00e4n ei tule syntym\u00e4p\u00e4iville yksin, vaan kunnanjohtajan kera. T\u00e4h\u00e4n veteraani totesi, ett\u00e4 puheenjohtaja Pellikka on aina pit\u00e4nyt lupauksensa. Lis\u00e4ksi veteraani ohjeisti vieraitaan, \u201dettei t\u00e4ss\u00e4 juhlassa ole kenenk\u00e4\u00e4n tarpeen j\u00e4nnitt\u00e4\u00e4 \u2013 riitt\u00e4\u00e4 kun on paikalla\u201d.<\/p>\n\n\n\n<p>Ja n\u00e4in tapahtui, tosi onnistunut, vapautunut juhla ja pian monikymmenp\u00e4isen sukulaisten ja l\u00e4heisten tuttavien puheensorina t\u00e4ytti salin. Juhlassa muisteltiin my\u00f6s jo poisnukkuneita veteraanivelji\u00e4.<\/p>\n\n\n\n<figure class=\"wp-block-image size-large\"><a href=\"http:\/\/www.rukajarvensuunnanhistoriayhdistys.fi\/historiayhdistys\/wp-content\/uploads\/2025\/11\/Minna-Pellikka-Pasi-Marjakangas-Abel-Tikkanen-Arto-Penttinen-Heikki-Tikkanen-Anja-Toiviainen-7-11-2025-0-scaled.jpg\"><img loading=\"lazy\" decoding=\"async\" width=\"1024\" height=\"768\" src=\"http:\/\/www.rukajarvensuunnanhistoriayhdistys.fi\/historiayhdistys\/wp-content\/uploads\/2025\/11\/Minna-Pellikka-Pasi-Marjakangas-Abel-Tikkanen-Arto-Penttinen-Heikki-Tikkanen-Anja-Toiviainen-7-11-2025-0-1024x768.jpg\" alt=\"\" class=\"wp-image-16741\" srcset=\"https:\/\/www.rukajarvensuunnanhistoriayhdistys.fi\/historiayhdistys\/wp-content\/uploads\/2025\/11\/Minna-Pellikka-Pasi-Marjakangas-Abel-Tikkanen-Arto-Penttinen-Heikki-Tikkanen-Anja-Toiviainen-7-11-2025-0-1024x768.jpg 1024w, https:\/\/www.rukajarvensuunnanhistoriayhdistys.fi\/historiayhdistys\/wp-content\/uploads\/2025\/11\/Minna-Pellikka-Pasi-Marjakangas-Abel-Tikkanen-Arto-Penttinen-Heikki-Tikkanen-Anja-Toiviainen-7-11-2025-0-300x225.jpg 300w, https:\/\/www.rukajarvensuunnanhistoriayhdistys.fi\/historiayhdistys\/wp-content\/uploads\/2025\/11\/Minna-Pellikka-Pasi-Marjakangas-Abel-Tikkanen-Arto-Penttinen-Heikki-Tikkanen-Anja-Toiviainen-7-11-2025-0-768x576.jpg 768w, https:\/\/www.rukajarvensuunnanhistoriayhdistys.fi\/historiayhdistys\/wp-content\/uploads\/2025\/11\/Minna-Pellikka-Pasi-Marjakangas-Abel-Tikkanen-Arto-Penttinen-Heikki-Tikkanen-Anja-Toiviainen-7-11-2025-0-1536x1152.jpg 1536w, https:\/\/www.rukajarvensuunnanhistoriayhdistys.fi\/historiayhdistys\/wp-content\/uploads\/2025\/11\/Minna-Pellikka-Pasi-Marjakangas-Abel-Tikkanen-Arto-Penttinen-Heikki-Tikkanen-Anja-Toiviainen-7-11-2025-0-2048x1536.jpg 2048w\" sizes=\"auto, (max-width: 1024px) 100vw, 1024px\" \/><\/a><\/figure>\n\n\n\n<p><em>Vasemmalta, Minna Pellikka, Pasi Marjakangas, Abel Tikkanen, Arto Penttinen, Heikki Tikkanen ja veteraanin tyt\u00e4r Anja Toivainen. Kuva Tenho Tikkanen.<\/em><\/p>\n\n\n\n<p>Veteraani itse ei tyytynyt vastailemaan pelk\u00e4st\u00e4\u00e4n vieraiden kysymyksiin, vaan esitti vierailleen pitki\u00e4 \u201dmonipolvisia\u201d tarinoita rintamaoloista. Erityisesti n\u00e4ist\u00e4 tarinoista oli kiinnostuneet Keiteleen kunnan edustajat. Muisti tuntui olevan entisess\u00e4 kunnossa ja vointi pirte\u00e4, vaikka vuodet vieriv\u00e4t.<\/p>\n\n\n\n<p>Historiayhdistyksen tervehdyksen toivat Heikki Tikkanen, joka kuuluu Abelin sukukuntaan sek\u00e4 puheenjohtaja Tenho Tikkanen. Abel sai lahjaksi &#8211; \u201dRaappanan kuohujuoma\u201d pullon, mik\u00e4 on alkoholiton Rukaj\u00e4rven veteraani Risto Hallmanin saman nimisen pojan omistaman Alahovin viinitilan valmistama tuote. Veteraanille luovutettiin my\u00f6s Raappanan kuohujuoman kirjallinen tarina, mihin veteraani aikoi tutustua my\u00f6hemmin aivan rauhassa omissa oloissaan. Raappanan kuohujuoman tarinaan voi tutustua <strong><a href=\"http:\/\/www.rukajarvensuunnanhistoriayhdistys.fi\/historiayhdistys\/wp-content\/uploads\/2025\/11\/Raappana-alkoholiton-kuohuviini-esite-29-6-2025.pdf\">T\u00c4\u00c4LT\u00c4<\/a><\/strong>:<\/p>\n\n\n\n<figure class=\"wp-block-image size-large\"><a href=\"http:\/\/www.rukajarvensuunnanhistoriayhdistys.fi\/historiayhdistys\/wp-content\/uploads\/2025\/11\/Abel-ja-Anja-Toiviainen-7-11-2025-1-scaled.jpg\"><img loading=\"lazy\" decoding=\"async\" width=\"1024\" height=\"768\" src=\"http:\/\/www.rukajarvensuunnanhistoriayhdistys.fi\/historiayhdistys\/wp-content\/uploads\/2025\/11\/Abel-ja-Anja-Toiviainen-7-11-2025-1-1024x768.jpg\" alt=\"\" class=\"wp-image-16747\" srcset=\"https:\/\/www.rukajarvensuunnanhistoriayhdistys.fi\/historiayhdistys\/wp-content\/uploads\/2025\/11\/Abel-ja-Anja-Toiviainen-7-11-2025-1-1024x768.jpg 1024w, https:\/\/www.rukajarvensuunnanhistoriayhdistys.fi\/historiayhdistys\/wp-content\/uploads\/2025\/11\/Abel-ja-Anja-Toiviainen-7-11-2025-1-300x225.jpg 300w, https:\/\/www.rukajarvensuunnanhistoriayhdistys.fi\/historiayhdistys\/wp-content\/uploads\/2025\/11\/Abel-ja-Anja-Toiviainen-7-11-2025-1-768x576.jpg 768w, https:\/\/www.rukajarvensuunnanhistoriayhdistys.fi\/historiayhdistys\/wp-content\/uploads\/2025\/11\/Abel-ja-Anja-Toiviainen-7-11-2025-1-1536x1152.jpg 1536w, https:\/\/www.rukajarvensuunnanhistoriayhdistys.fi\/historiayhdistys\/wp-content\/uploads\/2025\/11\/Abel-ja-Anja-Toiviainen-7-11-2025-1-2048x1536.jpg 2048w\" sizes=\"auto, (max-width: 1024px) 100vw, 1024px\" \/><\/a><\/figure>\n\n\n\n<p><em>Is\u00e4 Abel ja tyt\u00e4r Anja Toivainen. Kuva TJT<\/em><\/p>\n\n\n\n<p>Rukaj\u00e4rven suunnan historiayhdistyksen edustajat vakuuttivat, ett\u00e4 Raappaan kuohujuoma ei sis\u00e4ll\u00e4 alkoholia ja on tosi hyv\u00e4\u00e4. Se on n\u00e4et testattu, kahdestakymmenest\u00e4 pullosta, t\u00e4m\u00e4 lahjaksi luovutettu on viimeinen. Tosin juomaa on saatavana Lieksan Rukaj\u00e4rvi-keskuksesta. Lahjoittajien toteamus sai aikaan juhlayleis\u00f6lt\u00e4 raikuvan suosionosoituksen.<\/p>\n\n\n\n<p>Veteraanille luovutettiin my\u00f6s \u201dLatu-patsaan\u201d kymmenen sivuinen tarina kiitosten kera, johon liittyv\u00e4n <strong>veteraanien kirjallisen vetoomuksen<\/strong> (voi tutustua <strong><a href=\"http:\/\/www.rukajarvensuunnanhistoriayhdistys.fi\/historiayhdistys\/wp-content\/uploads\/2025\/11\/Veteraanien-vetoomus-kansanedustajille.pdf\">T\u00c4\u00c4LT\u00c4<\/a><\/strong>) osalta veteraani totesi: \u201dEi toki ole tarpeen olla huolissaan, kyll\u00e4 kansanedustajat osaavat lukea\u201d. Latu-patsaan tarina l\u00f6ytyy <strong><a href=\"http:\/\/www.rukajarvensuunnanhistoriayhdistys.fi\/historiayhdistys\/wp-content\/uploads\/2025\/11\/Esitelma-Rukajarven-rintamatunnus-Tenho-Tikkanen-12-3-2022.pdf\">T\u00c4\u00c4LT\u00c4<\/a>:<\/strong><\/p>\n\n\n\n<p>Onnitteluja satoi kymmenitt\u00e4in ja kuultuaan, ett\u00e4 &#8221;Kulttuuriradio&#8221; Radio Sandels onnittelee my\u00f6s klo 15 j\u00e4lkeen, veteraani kiirehti radion \u00e4\u00e4relle.<\/p>\n\n\n\n<figure class=\"wp-block-image size-large\"><a href=\"http:\/\/www.rukajarvensuunnanhistoriayhdistys.fi\/historiayhdistys\/wp-content\/uploads\/2025\/11\/Pasi-Marjakangas-Matti-Saastamoinen-Abel-Tikkanen-scaled.jpg\"><img loading=\"lazy\" decoding=\"async\" width=\"1024\" height=\"768\" src=\"http:\/\/www.rukajarvensuunnanhistoriayhdistys.fi\/historiayhdistys\/wp-content\/uploads\/2025\/11\/Pasi-Marjakangas-Matti-Saastamoinen-Abel-Tikkanen-1024x768.jpg\" alt=\"\" class=\"wp-image-16742\" srcset=\"https:\/\/www.rukajarvensuunnanhistoriayhdistys.fi\/historiayhdistys\/wp-content\/uploads\/2025\/11\/Pasi-Marjakangas-Matti-Saastamoinen-Abel-Tikkanen-1024x768.jpg 1024w, https:\/\/www.rukajarvensuunnanhistoriayhdistys.fi\/historiayhdistys\/wp-content\/uploads\/2025\/11\/Pasi-Marjakangas-Matti-Saastamoinen-Abel-Tikkanen-300x225.jpg 300w, https:\/\/www.rukajarvensuunnanhistoriayhdistys.fi\/historiayhdistys\/wp-content\/uploads\/2025\/11\/Pasi-Marjakangas-Matti-Saastamoinen-Abel-Tikkanen-768x576.jpg 768w, https:\/\/www.rukajarvensuunnanhistoriayhdistys.fi\/historiayhdistys\/wp-content\/uploads\/2025\/11\/Pasi-Marjakangas-Matti-Saastamoinen-Abel-Tikkanen-1536x1152.jpg 1536w, https:\/\/www.rukajarvensuunnanhistoriayhdistys.fi\/historiayhdistys\/wp-content\/uploads\/2025\/11\/Pasi-Marjakangas-Matti-Saastamoinen-Abel-Tikkanen-2048x1536.jpg 2048w\" sizes=\"auto, (max-width: 1024px) 100vw, 1024px\" \/><\/a><\/figure>\n\n\n\n<p><em>Keiteleen kunnanjohtaja Pasi Marjakangas, Keiteleen sotainvalidien Matti Saastamoinen ja veteraani Abel Tikkanen. Kuva Tenho Tikkanen.<\/em><\/p>\n\n\n\n<figure class=\"wp-block-image size-large\"><a href=\"http:\/\/www.rukajarvensuunnanhistoriayhdistys.fi\/historiayhdistys\/wp-content\/uploads\/2025\/11\/Santeri-Turunen-ja-Abel-Tikkanen-7-11-2025-scaled.jpg\"><img loading=\"lazy\" decoding=\"async\" width=\"1024\" height=\"768\" src=\"http:\/\/www.rukajarvensuunnanhistoriayhdistys.fi\/historiayhdistys\/wp-content\/uploads\/2025\/11\/Santeri-Turunen-ja-Abel-Tikkanen-7-11-2025-1024x768.jpg\" alt=\"\" class=\"wp-image-16743\" srcset=\"https:\/\/www.rukajarvensuunnanhistoriayhdistys.fi\/historiayhdistys\/wp-content\/uploads\/2025\/11\/Santeri-Turunen-ja-Abel-Tikkanen-7-11-2025-1024x768.jpg 1024w, https:\/\/www.rukajarvensuunnanhistoriayhdistys.fi\/historiayhdistys\/wp-content\/uploads\/2025\/11\/Santeri-Turunen-ja-Abel-Tikkanen-7-11-2025-300x225.jpg 300w, https:\/\/www.rukajarvensuunnanhistoriayhdistys.fi\/historiayhdistys\/wp-content\/uploads\/2025\/11\/Santeri-Turunen-ja-Abel-Tikkanen-7-11-2025-768x576.jpg 768w, https:\/\/www.rukajarvensuunnanhistoriayhdistys.fi\/historiayhdistys\/wp-content\/uploads\/2025\/11\/Santeri-Turunen-ja-Abel-Tikkanen-7-11-2025-1536x1152.jpg 1536w, https:\/\/www.rukajarvensuunnanhistoriayhdistys.fi\/historiayhdistys\/wp-content\/uploads\/2025\/11\/Santeri-Turunen-ja-Abel-Tikkanen-7-11-2025-2048x1536.jpg 2048w\" sizes=\"auto, (max-width: 1024px) 100vw, 1024px\" \/><\/a><\/figure>\n\n\n\n<p><em>Santeri Turunen (s. 6.11.1930) 95 vuotta ja veteraaniveli Abel Tikkanen (s. 7.11.1923) t\u00e4n\u00e4\u00e4n 102 vuotta. Kuva Tenho Tikkanen.<\/em><\/p>\n\n\n\n<p>Keiteleen sotainvalidien tervehdyksen toi Matti Saastamoinen ja onnittelijoiden joukossa oli my\u00f6s toinen rintamatunnuksen omaava Santeri Turunen, jolla oli 95-vuotissyntymp\u00e4iv\u00e4 edellisen\u00e4 p\u00e4iv\u00e4n\u00e4. Santeri Turunen oli j\u00e4\u00e4nyt vangiksi Suoj\u00e4rvell\u00e4 Kuikkaniemen kyl\u00e4ss\u00e4 10-vuotiaana. Turunen kertoi palanneensa vanginvaihdon yhteydess\u00e4 sodan j\u00e4lkeen ja oli n\u00e4in oikeutettu rintamatunnukseen.<\/p>\n\n\n\n<p><\/p>\n\n\n\n<p><strong>Julkaisemme yhdistyksen puheenjohtajan onnittelut kokonaan<\/strong><\/p>\n\n\n\n<p>Arvoisa veteraani, hyv\u00e4 Abel Tikkanen, ja jo eilen 95-vuotisp\u00e4iv\u00e4\u00e4 viett\u00e4nyt Santeri Turunen<\/p>\n\n\n\n<p>On suuri ilo saada t\u00e4n\u00e4\u00e4n onnitella Teit\u00e4 102-vuotisp\u00e4iv\u00e4nne johdosta.<\/p>\n\n\n\n<p>Te edustatte sukupolvea, joka teki mahdottomasta mahdollisen. Teid\u00e4n ja aseveljienne tarmokkaan ty\u00f6n avulla maamme kansalaiset s\u00e4ilyttiv\u00e4t toimintavapauden, mihin kiinte\u00e4n\u00e4 osana kuuluut sananvapaus. Juuri ty\u00f6nne ansiosta maan kansalaiset saivat oikeuden ilmaista vapaasti mielipiteens\u00e4, mik\u00e4 on kaiken kehityksen perusta.<\/p>\n\n\n\n<p>Teid\u00e4n el\u00e4m\u00e4nty\u00f6nne, Abel, on paljon enemm\u00e4n kuin yksi yhden miehen el\u00e4m\u00e4nmittainen tarina. Se on merkitt\u00e4v\u00e4 osa maamme historiaa. Teid\u00e4n aseveljenne ja kaatuneet veljenne Martti ja Pentti, ovat yh\u00e4 l\u00e4sn\u00e4 teoissamme ja muistoissamme.<\/p>\n\n\n\n<p>Teid\u00e4n kertomuksenne tallennettuina Rukaj\u00e4rven suunnan historiayhdistyksen arkistossa, ovat tuleville sukupolville arvokas perint\u00f6 \u2014 todistus siit\u00e4, miten rauha ja kansalaisoikeudet saavutetaan. Suoraan sanoen, Rehellisell\u00e4 omalla ty\u00f6ll\u00e4.<\/p>\n\n\n\n<p>Sodan j\u00e4lkeen Te jatkoitte ty\u00f6t\u00e4nne, rakensitte, loitte ja s\u00e4ilytitte sen, mit\u00e4 olitte puolustamassa. Nyt, 102 vuoden i\u00e4ss\u00e4, Teid\u00e4n el\u00e4m\u00e4nnety\u00f6nne on muistomerkki suomalaisesta sisusta ja velvollisuudentunnosta. Sit\u00e4 vaalimme yhdess\u00e4.<\/p>\n\n\n\n<p>Kiit\u00e4mme suurenmoisesta avustanne ja kannanotostanne, esitt\u00e4ess\u00e4nne kirjallisen julkisen tukenne Rukaj\u00e4rvi-keskustemme toiminnalle. Siit\u00e4 puhutaan viel\u00e4 suurin kirjaimin. Teid\u00e4n ty\u00f6nne ja perint\u00f6nne el\u00e4\u00e4.<\/p>\n\n\n\n<p>Rukaj\u00e4rven suunnan historiayhdistyksen ja kaikkien Teit\u00e4 arvostavien puolesta toivotan Teille l\u00e4mpim\u00e4sti onnea, terveytt\u00e4 ja valoisia p\u00e4ivi\u00e4. Teid\u00e4n el\u00e4m\u00e4nty\u00f6nne pysyy \u2014 se on meille kaikille esikuva.<\/p>\n\n\n\n<p>L\u00e4mpim\u00e4t onnittelut, Abel Tikkanen. N\u00e4ihin onnitteluihin yhtyv\u00e4t my\u00f6s yhdistyksemme yli 100 vuoden ik\u00e4\u00e4n ylt\u00e4neet veteraanij\u00e4senet, Ilmari Koppinen, Aarne Ukkola, Hannes Tuovinen ja Pentti Oksman.<\/p>\n\n\n\n<p><strong>Tenho Tikkanen<\/strong>, puheenjohtaja<br>Rukaj\u00e4rven suunnan historiayhdistys ry<br>Rukaj\u00e4rven Tiell\u00e4 ry<\/p>\n\n\n\n<p>Rukaj\u00e4rven suunnan historiikkitoimikunta<\/p>\n\n\n\n<p><\/p>\n","protected":false},"excerpt":{"rendered":"<p>Abel Tikkanen t\u00e4ytti t\u00e4n\u00e4\u00e4n per\u00e4ti 102 vuotta. Juhlaan veteraani suhtautui vapautuneesti, vaikka h\u00e4nt\u00e4 tervehtim\u00e4\u00e4n oli tullut oman Nilakan seurakunnan kirkkoherra Arto Penttinen ja Keiteleen kunnanjohtaja Pasi Marjakangas. Tervehdyksen toi my\u00f6s <a class=\"more-link\" href=\"https:\/\/www.rukajarvensuunnanhistoriayhdistys.fi\/historiayhdistys\/lampimat-onnittelut-102-vuotiaalla-abel-tikkaselle-veteraani-esitti-kiitoksensa-veistelemalla-juttuja-rintamalta\/\">Teksti jatkuu&#8230;<span class=\"screen-reader-text\">L\u00e4mpim\u00e4t onnittelut 102-vuotiaalla Abel Tikkaselle \u2013 veteraani esitti kiitoksensa veistelem\u00e4ll\u00e4 juttuja rintamalta.<\/span><span class=\"meta-nav\">\u2192<\/span><\/a><\/p>\n","protected":false},"author":3,"featured_media":0,"comment_status":"closed","ping_status":"open","sticky":false,"template":"","format":"standard","meta":{"footnotes":""},"categories":[22,44,21,17,1],"tags":[],"class_list":["post-16740","post","type-post","status-publish","format-standard","hentry","category-ajankohtaista","category-esitelma","category-rukajarvi-keskus","category-toiminta","category-yleinen"],"yoast_head":"<!-- This site is optimized with the Yoast SEO plugin v27.4 - https:\/\/yoast.com\/product\/yoast-seo-wordpress\/ -->\n<title>L\u00e4mpim\u00e4t onnittelut 102-vuotiaalla Abel Tikkaselle \u2013 veteraani esitti kiitoksensa veistelem\u00e4ll\u00e4 juttuja rintamalta. - Rukaj\u00e4rven suunnan historiayhdistys<\/title>\n<meta name=\"robots\" content=\"index, follow, max-snippet:-1, max-image-preview:large, max-video-preview:-1\" \/>\n<link rel=\"canonical\" href=\"http:\/\/www.rukajarvensuunnanhistoriayhdistys.fi\/historiayhdistys\/lampimat-onnittelut-102-vuotiaalla-abel-tikkaselle-veteraani-esitti-kiitoksensa-veistelemalla-juttuja-rintamalta\/\" \/>\n<meta property=\"og:locale\" content=\"fi_FI\" \/>\n<meta property=\"og:type\" content=\"article\" \/>\n<meta property=\"og:title\" content=\"L\u00e4mpim\u00e4t onnittelut 102-vuotiaalla Abel Tikkaselle \u2013 veteraani esitti kiitoksensa veistelem\u00e4ll\u00e4 juttuja rintamalta. - Rukaj\u00e4rven suunnan historiayhdistys\" \/>\n<meta property=\"og:description\" content=\"Abel Tikkanen t\u00e4ytti t\u00e4n\u00e4\u00e4n per\u00e4ti 102 vuotta. Juhlaan veteraani suhtautui vapautuneesti, vaikka h\u00e4nt\u00e4 tervehtim\u00e4\u00e4n oli tullut oman Nilakan seurakunnan kirkkoherra Arto Penttinen ja Keiteleen kunnanjohtaja Pasi Marjakangas. Tervehdyksen toi my\u00f6s Teksti jatkuu...L\u00e4mpim\u00e4t onnittelut 102-vuotiaalla Abel Tikkaselle \u2013 veteraani esitti kiitoksensa veistelem\u00e4ll\u00e4 juttuja rintamalta.\u2192\" \/>\n<meta property=\"og:url\" content=\"http:\/\/www.rukajarvensuunnanhistoriayhdistys.fi\/historiayhdistys\/lampimat-onnittelut-102-vuotiaalla-abel-tikkaselle-veteraani-esitti-kiitoksensa-veistelemalla-juttuja-rintamalta\/\" \/>\n<meta property=\"og:site_name\" content=\"Rukaj\u00e4rven suunnan historiayhdistys\" \/>\n<meta property=\"article:published_time\" content=\"2025-11-07T18:33:22+00:00\" \/>\n<meta property=\"article:modified_time\" content=\"2025-11-07T18:40:53+00:00\" \/>\n<meta property=\"og:image\" content=\"http:\/\/www.rukajarvensuunnanhistoriayhdistys.fi\/historiayhdistys\/wp-content\/uploads\/2025\/11\/Minna-Pellikka-Pasi-Marjakangas-Abel-Tikkanen-Arto-Penttinen-Heikki-Tikkanen-Anja-Toiviainen-7-11-2025-0-1024x768.jpg\" \/>\n<meta name=\"author\" content=\"RSHY\" \/>\n<meta name=\"twitter:label1\" content=\"Kirjoittanut\" \/>\n\t<meta name=\"twitter:data1\" content=\"RSHY\" \/>\n\t<meta name=\"twitter:label2\" content=\"Arvioitu lukuaika\" \/>\n\t<meta name=\"twitter:data2\" content=\"5 minuuttia\" \/>\n<script type=\"application\/ld+json\" class=\"yoast-schema-graph\">{\"@context\":\"https:\\\/\\\/schema.org\",\"@graph\":[{\"@type\":\"Article\",\"@id\":\"http:\\\/\\\/www.rukajarvensuunnanhistoriayhdistys.fi\\\/historiayhdistys\\\/lampimat-onnittelut-102-vuotiaalla-abel-tikkaselle-veteraani-esitti-kiitoksensa-veistelemalla-juttuja-rintamalta\\\/#article\",\"isPartOf\":{\"@id\":\"http:\\\/\\\/www.rukajarvensuunnanhistoriayhdistys.fi\\\/historiayhdistys\\\/lampimat-onnittelut-102-vuotiaalla-abel-tikkaselle-veteraani-esitti-kiitoksensa-veistelemalla-juttuja-rintamalta\\\/\"},\"author\":{\"name\":\"RSHY\",\"@id\":\"https:\\\/\\\/www.rukajarvensuunnanhistoriayhdistys.fi\\\/historiayhdistys\\\/#\\\/schema\\\/person\\\/19de7db68bf72dfd2b5d7f6dfbf8454d\"},\"headline\":\"L\u00e4mpim\u00e4t onnittelut 102-vuotiaalla Abel Tikkaselle \u2013 veteraani esitti kiitoksensa veistelem\u00e4ll\u00e4 juttuja rintamalta.\",\"datePublished\":\"2025-11-07T18:33:22+00:00\",\"dateModified\":\"2025-11-07T18:40:53+00:00\",\"mainEntityOfPage\":{\"@id\":\"http:\\\/\\\/www.rukajarvensuunnanhistoriayhdistys.fi\\\/historiayhdistys\\\/lampimat-onnittelut-102-vuotiaalla-abel-tikkaselle-veteraani-esitti-kiitoksensa-veistelemalla-juttuja-rintamalta\\\/\"},\"wordCount\":729,\"publisher\":{\"@id\":\"https:\\\/\\\/www.rukajarvensuunnanhistoriayhdistys.fi\\\/historiayhdistys\\\/#organization\"},\"image\":{\"@id\":\"http:\\\/\\\/www.rukajarvensuunnanhistoriayhdistys.fi\\\/historiayhdistys\\\/lampimat-onnittelut-102-vuotiaalla-abel-tikkaselle-veteraani-esitti-kiitoksensa-veistelemalla-juttuja-rintamalta\\\/#primaryimage\"},\"thumbnailUrl\":\"http:\\\/\\\/www.rukajarvensuunnanhistoriayhdistys.fi\\\/historiayhdistys\\\/wp-content\\\/uploads\\\/2025\\\/11\\\/Minna-Pellikka-Pasi-Marjakangas-Abel-Tikkanen-Arto-Penttinen-Heikki-Tikkanen-Anja-Toiviainen-7-11-2025-0-1024x768.jpg\",\"articleSection\":[\"Ajankohtaista\",\"esitelm\u00e4\",\"Rukaj\u00e4rvi-keskus\",\"Toiminta\"],\"inLanguage\":\"fi\"},{\"@type\":\"WebPage\",\"@id\":\"http:\\\/\\\/www.rukajarvensuunnanhistoriayhdistys.fi\\\/historiayhdistys\\\/lampimat-onnittelut-102-vuotiaalla-abel-tikkaselle-veteraani-esitti-kiitoksensa-veistelemalla-juttuja-rintamalta\\\/\",\"url\":\"http:\\\/\\\/www.rukajarvensuunnanhistoriayhdistys.fi\\\/historiayhdistys\\\/lampimat-onnittelut-102-vuotiaalla-abel-tikkaselle-veteraani-esitti-kiitoksensa-veistelemalla-juttuja-rintamalta\\\/\",\"name\":\"L\u00e4mpim\u00e4t onnittelut 102-vuotiaalla Abel Tikkaselle \u2013 veteraani esitti kiitoksensa veistelem\u00e4ll\u00e4 juttuja rintamalta. - Rukaj\u00e4rven suunnan historiayhdistys\",\"isPartOf\":{\"@id\":\"https:\\\/\\\/www.rukajarvensuunnanhistoriayhdistys.fi\\\/historiayhdistys\\\/#website\"},\"primaryImageOfPage\":{\"@id\":\"http:\\\/\\\/www.rukajarvensuunnanhistoriayhdistys.fi\\\/historiayhdistys\\\/lampimat-onnittelut-102-vuotiaalla-abel-tikkaselle-veteraani-esitti-kiitoksensa-veistelemalla-juttuja-rintamalta\\\/#primaryimage\"},\"image\":{\"@id\":\"http:\\\/\\\/www.rukajarvensuunnanhistoriayhdistys.fi\\\/historiayhdistys\\\/lampimat-onnittelut-102-vuotiaalla-abel-tikkaselle-veteraani-esitti-kiitoksensa-veistelemalla-juttuja-rintamalta\\\/#primaryimage\"},\"thumbnailUrl\":\"http:\\\/\\\/www.rukajarvensuunnanhistoriayhdistys.fi\\\/historiayhdistys\\\/wp-content\\\/uploads\\\/2025\\\/11\\\/Minna-Pellikka-Pasi-Marjakangas-Abel-Tikkanen-Arto-Penttinen-Heikki-Tikkanen-Anja-Toiviainen-7-11-2025-0-1024x768.jpg\",\"datePublished\":\"2025-11-07T18:33:22+00:00\",\"dateModified\":\"2025-11-07T18:40:53+00:00\",\"breadcrumb\":{\"@id\":\"http:\\\/\\\/www.rukajarvensuunnanhistoriayhdistys.fi\\\/historiayhdistys\\\/lampimat-onnittelut-102-vuotiaalla-abel-tikkaselle-veteraani-esitti-kiitoksensa-veistelemalla-juttuja-rintamalta\\\/#breadcrumb\"},\"inLanguage\":\"fi\",\"potentialAction\":[{\"@type\":\"ReadAction\",\"target\":[\"http:\\\/\\\/www.rukajarvensuunnanhistoriayhdistys.fi\\\/historiayhdistys\\\/lampimat-onnittelut-102-vuotiaalla-abel-tikkaselle-veteraani-esitti-kiitoksensa-veistelemalla-juttuja-rintamalta\\\/\"]}]},{\"@type\":\"ImageObject\",\"inLanguage\":\"fi\",\"@id\":\"http:\\\/\\\/www.rukajarvensuunnanhistoriayhdistys.fi\\\/historiayhdistys\\\/lampimat-onnittelut-102-vuotiaalla-abel-tikkaselle-veteraani-esitti-kiitoksensa-veistelemalla-juttuja-rintamalta\\\/#primaryimage\",\"url\":\"https:\\\/\\\/www.rukajarvensuunnanhistoriayhdistys.fi\\\/historiayhdistys\\\/wp-content\\\/uploads\\\/2025\\\/11\\\/Minna-Pellikka-Pasi-Marjakangas-Abel-Tikkanen-Arto-Penttinen-Heikki-Tikkanen-Anja-Toiviainen-7-11-2025-0-scaled.jpg\",\"contentUrl\":\"https:\\\/\\\/www.rukajarvensuunnanhistoriayhdistys.fi\\\/historiayhdistys\\\/wp-content\\\/uploads\\\/2025\\\/11\\\/Minna-Pellikka-Pasi-Marjakangas-Abel-Tikkanen-Arto-Penttinen-Heikki-Tikkanen-Anja-Toiviainen-7-11-2025-0-scaled.jpg\",\"width\":2560,\"height\":1920},{\"@type\":\"BreadcrumbList\",\"@id\":\"http:\\\/\\\/www.rukajarvensuunnanhistoriayhdistys.fi\\\/historiayhdistys\\\/lampimat-onnittelut-102-vuotiaalla-abel-tikkaselle-veteraani-esitti-kiitoksensa-veistelemalla-juttuja-rintamalta\\\/#breadcrumb\",\"itemListElement\":[{\"@type\":\"ListItem\",\"position\":1,\"name\":\"Etusivu\",\"item\":\"https:\\\/\\\/www.rukajarvensuunnanhistoriayhdistys.fi\\\/historiayhdistys\\\/\"},{\"@type\":\"ListItem\",\"position\":2,\"name\":\"L\u00e4mpim\u00e4t onnittelut 102-vuotiaalla Abel Tikkaselle \u2013 veteraani esitti kiitoksensa veistelem\u00e4ll\u00e4 juttuja rintamalta.\"}]},{\"@type\":\"WebSite\",\"@id\":\"https:\\\/\\\/www.rukajarvensuunnanhistoriayhdistys.fi\\\/historiayhdistys\\\/#website\",\"url\":\"https:\\\/\\\/www.rukajarvensuunnanhistoriayhdistys.fi\\\/historiayhdistys\\\/\",\"name\":\"Rukaj\u00e4rven suunnan historiayhdistys\",\"description\":\"Rukaj\u00e4rven suunnan historiayhdistyksen verkkosivut.\",\"publisher\":{\"@id\":\"https:\\\/\\\/www.rukajarvensuunnanhistoriayhdistys.fi\\\/historiayhdistys\\\/#organization\"},\"potentialAction\":[{\"@type\":\"SearchAction\",\"target\":{\"@type\":\"EntryPoint\",\"urlTemplate\":\"https:\\\/\\\/www.rukajarvensuunnanhistoriayhdistys.fi\\\/historiayhdistys\\\/?s={search_term_string}\"},\"query-input\":{\"@type\":\"PropertyValueSpecification\",\"valueRequired\":true,\"valueName\":\"search_term_string\"}}],\"inLanguage\":\"fi\"},{\"@type\":\"Organization\",\"@id\":\"https:\\\/\\\/www.rukajarvensuunnanhistoriayhdistys.fi\\\/historiayhdistys\\\/#organization\",\"name\":\"Rukaj\u00e4rven suunnan historiayhdistys\",\"url\":\"https:\\\/\\\/www.rukajarvensuunnanhistoriayhdistys.fi\\\/historiayhdistys\\\/\",\"logo\":{\"@type\":\"ImageObject\",\"inLanguage\":\"fi\",\"@id\":\"https:\\\/\\\/www.rukajarvensuunnanhistoriayhdistys.fi\\\/historiayhdistys\\\/#\\\/schema\\\/logo\\\/image\\\/\",\"url\":\"https:\\\/\\\/www.rukajarvensuunnanhistoriayhdistys.fi\\\/historiayhdistys\\\/wp-content\\\/uploads\\\/2013\\\/12\\\/Otsake_3.jpg\",\"contentUrl\":\"https:\\\/\\\/www.rukajarvensuunnanhistoriayhdistys.fi\\\/historiayhdistys\\\/wp-content\\\/uploads\\\/2013\\\/12\\\/Otsake_3.jpg\",\"width\":1000,\"height\":442,\"caption\":\"Rukaj\u00e4rven suunnan historiayhdistys\"},\"image\":{\"@id\":\"https:\\\/\\\/www.rukajarvensuunnanhistoriayhdistys.fi\\\/historiayhdistys\\\/#\\\/schema\\\/logo\\\/image\\\/\"}},{\"@type\":\"Person\",\"@id\":\"https:\\\/\\\/www.rukajarvensuunnanhistoriayhdistys.fi\\\/historiayhdistys\\\/#\\\/schema\\\/person\\\/19de7db68bf72dfd2b5d7f6dfbf8454d\",\"name\":\"RSHY\",\"image\":{\"@type\":\"ImageObject\",\"inLanguage\":\"fi\",\"@id\":\"https:\\\/\\\/secure.gravatar.com\\\/avatar\\\/598d59263a69cc8de65fcb4f9db78d6f58c098cb0e0ba22d73377441af9fa04c?s=96&d=blank&r=g\",\"url\":\"https:\\\/\\\/secure.gravatar.com\\\/avatar\\\/598d59263a69cc8de65fcb4f9db78d6f58c098cb0e0ba22d73377441af9fa04c?s=96&d=blank&r=g\",\"contentUrl\":\"https:\\\/\\\/secure.gravatar.com\\\/avatar\\\/598d59263a69cc8de65fcb4f9db78d6f58c098cb0e0ba22d73377441af9fa04c?s=96&d=blank&r=g\",\"caption\":\"RSHY\"},\"url\":\"https:\\\/\\\/www.rukajarvensuunnanhistoriayhdistys.fi\\\/historiayhdistys\\\/author\\\/rshy\\\/\"}]}<\/script>\n<!-- \/ Yoast SEO plugin. -->","yoast_head_json":{"title":"L\u00e4mpim\u00e4t onnittelut 102-vuotiaalla Abel Tikkaselle \u2013 veteraani esitti kiitoksensa veistelem\u00e4ll\u00e4 juttuja rintamalta. - Rukaj\u00e4rven suunnan historiayhdistys","robots":{"index":"index","follow":"follow","max-snippet":"max-snippet:-1","max-image-preview":"max-image-preview:large","max-video-preview":"max-video-preview:-1"},"canonical":"http:\/\/www.rukajarvensuunnanhistoriayhdistys.fi\/historiayhdistys\/lampimat-onnittelut-102-vuotiaalla-abel-tikkaselle-veteraani-esitti-kiitoksensa-veistelemalla-juttuja-rintamalta\/","og_locale":"fi_FI","og_type":"article","og_title":"L\u00e4mpim\u00e4t onnittelut 102-vuotiaalla Abel Tikkaselle \u2013 veteraani esitti kiitoksensa veistelem\u00e4ll\u00e4 juttuja rintamalta. - Rukaj\u00e4rven suunnan historiayhdistys","og_description":"Abel Tikkanen t\u00e4ytti t\u00e4n\u00e4\u00e4n per\u00e4ti 102 vuotta. Juhlaan veteraani suhtautui vapautuneesti, vaikka h\u00e4nt\u00e4 tervehtim\u00e4\u00e4n oli tullut oman Nilakan seurakunnan kirkkoherra Arto Penttinen ja Keiteleen kunnanjohtaja Pasi Marjakangas. Tervehdyksen toi my\u00f6s Teksti jatkuu...L\u00e4mpim\u00e4t onnittelut 102-vuotiaalla Abel Tikkaselle \u2013 veteraani esitti kiitoksensa veistelem\u00e4ll\u00e4 juttuja rintamalta.\u2192","og_url":"http:\/\/www.rukajarvensuunnanhistoriayhdistys.fi\/historiayhdistys\/lampimat-onnittelut-102-vuotiaalla-abel-tikkaselle-veteraani-esitti-kiitoksensa-veistelemalla-juttuja-rintamalta\/","og_site_name":"Rukaj\u00e4rven suunnan historiayhdistys","article_published_time":"2025-11-07T18:33:22+00:00","article_modified_time":"2025-11-07T18:40:53+00:00","og_image":[{"url":"http:\/\/www.rukajarvensuunnanhistoriayhdistys.fi\/historiayhdistys\/wp-content\/uploads\/2025\/11\/Minna-Pellikka-Pasi-Marjakangas-Abel-Tikkanen-Arto-Penttinen-Heikki-Tikkanen-Anja-Toiviainen-7-11-2025-0-1024x768.jpg","type":"","width":"","height":""}],"author":"RSHY","twitter_misc":{"Kirjoittanut":"RSHY","Arvioitu lukuaika":"5 minuuttia"},"schema":{"@context":"https:\/\/schema.org","@graph":[{"@type":"Article","@id":"http:\/\/www.rukajarvensuunnanhistoriayhdistys.fi\/historiayhdistys\/lampimat-onnittelut-102-vuotiaalla-abel-tikkaselle-veteraani-esitti-kiitoksensa-veistelemalla-juttuja-rintamalta\/#article","isPartOf":{"@id":"http:\/\/www.rukajarvensuunnanhistoriayhdistys.fi\/historiayhdistys\/lampimat-onnittelut-102-vuotiaalla-abel-tikkaselle-veteraani-esitti-kiitoksensa-veistelemalla-juttuja-rintamalta\/"},"author":{"name":"RSHY","@id":"https:\/\/www.rukajarvensuunnanhistoriayhdistys.fi\/historiayhdistys\/#\/schema\/person\/19de7db68bf72dfd2b5d7f6dfbf8454d"},"headline":"L\u00e4mpim\u00e4t onnittelut 102-vuotiaalla Abel Tikkaselle \u2013 veteraani esitti kiitoksensa veistelem\u00e4ll\u00e4 juttuja rintamalta.","datePublished":"2025-11-07T18:33:22+00:00","dateModified":"2025-11-07T18:40:53+00:00","mainEntityOfPage":{"@id":"http:\/\/www.rukajarvensuunnanhistoriayhdistys.fi\/historiayhdistys\/lampimat-onnittelut-102-vuotiaalla-abel-tikkaselle-veteraani-esitti-kiitoksensa-veistelemalla-juttuja-rintamalta\/"},"wordCount":729,"publisher":{"@id":"https:\/\/www.rukajarvensuunnanhistoriayhdistys.fi\/historiayhdistys\/#organization"},"image":{"@id":"http:\/\/www.rukajarvensuunnanhistoriayhdistys.fi\/historiayhdistys\/lampimat-onnittelut-102-vuotiaalla-abel-tikkaselle-veteraani-esitti-kiitoksensa-veistelemalla-juttuja-rintamalta\/#primaryimage"},"thumbnailUrl":"http:\/\/www.rukajarvensuunnanhistoriayhdistys.fi\/historiayhdistys\/wp-content\/uploads\/2025\/11\/Minna-Pellikka-Pasi-Marjakangas-Abel-Tikkanen-Arto-Penttinen-Heikki-Tikkanen-Anja-Toiviainen-7-11-2025-0-1024x768.jpg","articleSection":["Ajankohtaista","esitelm\u00e4","Rukaj\u00e4rvi-keskus","Toiminta"],"inLanguage":"fi"},{"@type":"WebPage","@id":"http:\/\/www.rukajarvensuunnanhistoriayhdistys.fi\/historiayhdistys\/lampimat-onnittelut-102-vuotiaalla-abel-tikkaselle-veteraani-esitti-kiitoksensa-veistelemalla-juttuja-rintamalta\/","url":"http:\/\/www.rukajarvensuunnanhistoriayhdistys.fi\/historiayhdistys\/lampimat-onnittelut-102-vuotiaalla-abel-tikkaselle-veteraani-esitti-kiitoksensa-veistelemalla-juttuja-rintamalta\/","name":"L\u00e4mpim\u00e4t onnittelut 102-vuotiaalla Abel Tikkaselle \u2013 veteraani esitti kiitoksensa veistelem\u00e4ll\u00e4 juttuja rintamalta. - Rukaj\u00e4rven suunnan historiayhdistys","isPartOf":{"@id":"https:\/\/www.rukajarvensuunnanhistoriayhdistys.fi\/historiayhdistys\/#website"},"primaryImageOfPage":{"@id":"http:\/\/www.rukajarvensuunnanhistoriayhdistys.fi\/historiayhdistys\/lampimat-onnittelut-102-vuotiaalla-abel-tikkaselle-veteraani-esitti-kiitoksensa-veistelemalla-juttuja-rintamalta\/#primaryimage"},"image":{"@id":"http:\/\/www.rukajarvensuunnanhistoriayhdistys.fi\/historiayhdistys\/lampimat-onnittelut-102-vuotiaalla-abel-tikkaselle-veteraani-esitti-kiitoksensa-veistelemalla-juttuja-rintamalta\/#primaryimage"},"thumbnailUrl":"http:\/\/www.rukajarvensuunnanhistoriayhdistys.fi\/historiayhdistys\/wp-content\/uploads\/2025\/11\/Minna-Pellikka-Pasi-Marjakangas-Abel-Tikkanen-Arto-Penttinen-Heikki-Tikkanen-Anja-Toiviainen-7-11-2025-0-1024x768.jpg","datePublished":"2025-11-07T18:33:22+00:00","dateModified":"2025-11-07T18:40:53+00:00","breadcrumb":{"@id":"http:\/\/www.rukajarvensuunnanhistoriayhdistys.fi\/historiayhdistys\/lampimat-onnittelut-102-vuotiaalla-abel-tikkaselle-veteraani-esitti-kiitoksensa-veistelemalla-juttuja-rintamalta\/#breadcrumb"},"inLanguage":"fi","potentialAction":[{"@type":"ReadAction","target":["http:\/\/www.rukajarvensuunnanhistoriayhdistys.fi\/historiayhdistys\/lampimat-onnittelut-102-vuotiaalla-abel-tikkaselle-veteraani-esitti-kiitoksensa-veistelemalla-juttuja-rintamalta\/"]}]},{"@type":"ImageObject","inLanguage":"fi","@id":"http:\/\/www.rukajarvensuunnanhistoriayhdistys.fi\/historiayhdistys\/lampimat-onnittelut-102-vuotiaalla-abel-tikkaselle-veteraani-esitti-kiitoksensa-veistelemalla-juttuja-rintamalta\/#primaryimage","url":"https:\/\/www.rukajarvensuunnanhistoriayhdistys.fi\/historiayhdistys\/wp-content\/uploads\/2025\/11\/Minna-Pellikka-Pasi-Marjakangas-Abel-Tikkanen-Arto-Penttinen-Heikki-Tikkanen-Anja-Toiviainen-7-11-2025-0-scaled.jpg","contentUrl":"https:\/\/www.rukajarvensuunnanhistoriayhdistys.fi\/historiayhdistys\/wp-content\/uploads\/2025\/11\/Minna-Pellikka-Pasi-Marjakangas-Abel-Tikkanen-Arto-Penttinen-Heikki-Tikkanen-Anja-Toiviainen-7-11-2025-0-scaled.jpg","width":2560,"height":1920},{"@type":"BreadcrumbList","@id":"http:\/\/www.rukajarvensuunnanhistoriayhdistys.fi\/historiayhdistys\/lampimat-onnittelut-102-vuotiaalla-abel-tikkaselle-veteraani-esitti-kiitoksensa-veistelemalla-juttuja-rintamalta\/#breadcrumb","itemListElement":[{"@type":"ListItem","position":1,"name":"Etusivu","item":"https:\/\/www.rukajarvensuunnanhistoriayhdistys.fi\/historiayhdistys\/"},{"@type":"ListItem","position":2,"name":"L\u00e4mpim\u00e4t onnittelut 102-vuotiaalla Abel Tikkaselle \u2013 veteraani esitti kiitoksensa veistelem\u00e4ll\u00e4 juttuja rintamalta."}]},{"@type":"WebSite","@id":"https:\/\/www.rukajarvensuunnanhistoriayhdistys.fi\/historiayhdistys\/#website","url":"https:\/\/www.rukajarvensuunnanhistoriayhdistys.fi\/historiayhdistys\/","name":"Rukaj\u00e4rven suunnan historiayhdistys","description":"Rukaj\u00e4rven suunnan historiayhdistyksen verkkosivut.","publisher":{"@id":"https:\/\/www.rukajarvensuunnanhistoriayhdistys.fi\/historiayhdistys\/#organization"},"potentialAction":[{"@type":"SearchAction","target":{"@type":"EntryPoint","urlTemplate":"https:\/\/www.rukajarvensuunnanhistoriayhdistys.fi\/historiayhdistys\/?s={search_term_string}"},"query-input":{"@type":"PropertyValueSpecification","valueRequired":true,"valueName":"search_term_string"}}],"inLanguage":"fi"},{"@type":"Organization","@id":"https:\/\/www.rukajarvensuunnanhistoriayhdistys.fi\/historiayhdistys\/#organization","name":"Rukaj\u00e4rven suunnan historiayhdistys","url":"https:\/\/www.rukajarvensuunnanhistoriayhdistys.fi\/historiayhdistys\/","logo":{"@type":"ImageObject","inLanguage":"fi","@id":"https:\/\/www.rukajarvensuunnanhistoriayhdistys.fi\/historiayhdistys\/#\/schema\/logo\/image\/","url":"https:\/\/www.rukajarvensuunnanhistoriayhdistys.fi\/historiayhdistys\/wp-content\/uploads\/2013\/12\/Otsake_3.jpg","contentUrl":"https:\/\/www.rukajarvensuunnanhistoriayhdistys.fi\/historiayhdistys\/wp-content\/uploads\/2013\/12\/Otsake_3.jpg","width":1000,"height":442,"caption":"Rukaj\u00e4rven suunnan historiayhdistys"},"image":{"@id":"https:\/\/www.rukajarvensuunnanhistoriayhdistys.fi\/historiayhdistys\/#\/schema\/logo\/image\/"}},{"@type":"Person","@id":"https:\/\/www.rukajarvensuunnanhistoriayhdistys.fi\/historiayhdistys\/#\/schema\/person\/19de7db68bf72dfd2b5d7f6dfbf8454d","name":"RSHY","image":{"@type":"ImageObject","inLanguage":"fi","@id":"https:\/\/secure.gravatar.com\/avatar\/598d59263a69cc8de65fcb4f9db78d6f58c098cb0e0ba22d73377441af9fa04c?s=96&d=blank&r=g","url":"https:\/\/secure.gravatar.com\/avatar\/598d59263a69cc8de65fcb4f9db78d6f58c098cb0e0ba22d73377441af9fa04c?s=96&d=blank&r=g","contentUrl":"https:\/\/secure.gravatar.com\/avatar\/598d59263a69cc8de65fcb4f9db78d6f58c098cb0e0ba22d73377441af9fa04c?s=96&d=blank&r=g","caption":"RSHY"},"url":"https:\/\/www.rukajarvensuunnanhistoriayhdistys.fi\/historiayhdistys\/author\/rshy\/"}]}},"_links":{"self":[{"href":"https:\/\/www.rukajarvensuunnanhistoriayhdistys.fi\/historiayhdistys\/wp-json\/wp\/v2\/posts\/16740","targetHints":{"allow":["GET"]}}],"collection":[{"href":"https:\/\/www.rukajarvensuunnanhistoriayhdistys.fi\/historiayhdistys\/wp-json\/wp\/v2\/posts"}],"about":[{"href":"https:\/\/www.rukajarvensuunnanhistoriayhdistys.fi\/historiayhdistys\/wp-json\/wp\/v2\/types\/post"}],"author":[{"embeddable":true,"href":"https:\/\/www.rukajarvensuunnanhistoriayhdistys.fi\/historiayhdistys\/wp-json\/wp\/v2\/users\/3"}],"replies":[{"embeddable":true,"href":"https:\/\/www.rukajarvensuunnanhistoriayhdistys.fi\/historiayhdistys\/wp-json\/wp\/v2\/comments?post=16740"}],"version-history":[{"count":2,"href":"https:\/\/www.rukajarvensuunnanhistoriayhdistys.fi\/historiayhdistys\/wp-json\/wp\/v2\/posts\/16740\/revisions"}],"predecessor-version":[{"id":16750,"href":"https:\/\/www.rukajarvensuunnanhistoriayhdistys.fi\/historiayhdistys\/wp-json\/wp\/v2\/posts\/16740\/revisions\/16750"}],"wp:attachment":[{"href":"https:\/\/www.rukajarvensuunnanhistoriayhdistys.fi\/historiayhdistys\/wp-json\/wp\/v2\/media?parent=16740"}],"wp:term":[{"taxonomy":"category","embeddable":true,"href":"https:\/\/www.rukajarvensuunnanhistoriayhdistys.fi\/historiayhdistys\/wp-json\/wp\/v2\/categories?post=16740"},{"taxonomy":"post_tag","embeddable":true,"href":"https:\/\/www.rukajarvensuunnanhistoriayhdistys.fi\/historiayhdistys\/wp-json\/wp\/v2\/tags?post=16740"}],"curies":[{"name":"wp","href":"https:\/\/api.w.org\/{rel}","templated":true}]}}