{"id":17002,"date":"2026-03-11T20:46:40","date_gmt":"2026-03-11T18:46:40","guid":{"rendered":"http:\/\/www.rukajarvensuunnanhistoriayhdistys.fi\/historiayhdistys\/?p=17002"},"modified":"2026-03-11T20:54:53","modified_gmt":"2026-03-11T18:54:53","slug":"rukajarven-veteraani-vaino-sammalkangas-on-poissa","status":"publish","type":"post","link":"https:\/\/www.rukajarvensuunnanhistoriayhdistys.fi\/historiayhdistys\/rukajarven-veteraani-vaino-sammalkangas-on-poissa\/","title":{"rendered":"Rukaj\u00e4rven veteraani V\u00e4in\u00f6 Sammalkangas on poissa"},"content":{"rendered":"<div class=\"fcbkbttn_buttons_block\" id=\"fcbkbttn_left\"><div class=\"fcbkbttn_like \"><fb:like href=\"https:\/\/www.rukajarvensuunnanhistoriayhdistys.fi\/historiayhdistys\/rukajarven-veteraani-vaino-sammalkangas-on-poissa\/\" action=\"like\" colorscheme=\"light\" layout=\"button_count\"  size=\"small\"><\/fb:like><\/div><\/div>\n<p>Rukaj\u00e4rven suunnan veteraani <strong>V\u00e4in\u00f6 Sammalkangas<\/strong> (27.9.1923 \u2013 10.3.2026) on nukkunut pois rauhallisesti hoivakodissa, paikassa miss\u00e4 oli kuntoutuksessa lyhyit\u00e4 jaksoja yli 35 vuoden ajan. Tieto h\u00e4nen poismenostaan tuli l\u00e4heisille lyhyen sairastelun j\u00e4lkeen pienen\u00e4 yll\u00e4tyksen\u00e4, sill\u00e4 korkeasta i\u00e4st\u00e4\u00e4n huolimatta h\u00e4n oli viel\u00e4 viime aikoihin saakka hyv\u00e4vointinen ja henkisesti virke\u00e4.<\/p>\n\n\n\n<figure class=\"wp-block-image size-large is-resized\"><a href=\"http:\/\/www.rukajarvensuunnanhistoriayhdistys.fi\/historiayhdistys\/wp-content\/uploads\/2026\/03\/Sammalkangas-102jpg-Jorman-ottama-27-9-2025.jpg\"><img loading=\"lazy\" decoding=\"async\" width=\"768\" height=\"1024\" src=\"http:\/\/www.rukajarvensuunnanhistoriayhdistys.fi\/historiayhdistys\/wp-content\/uploads\/2026\/03\/Sammalkangas-102jpg-Jorman-ottama-27-9-2025-768x1024.jpg\" alt=\"\" class=\"wp-image-17003\" style=\"width:840px;height:auto\" srcset=\"https:\/\/www.rukajarvensuunnanhistoriayhdistys.fi\/historiayhdistys\/wp-content\/uploads\/2026\/03\/Sammalkangas-102jpg-Jorman-ottama-27-9-2025-768x1024.jpg 768w, https:\/\/www.rukajarvensuunnanhistoriayhdistys.fi\/historiayhdistys\/wp-content\/uploads\/2026\/03\/Sammalkangas-102jpg-Jorman-ottama-27-9-2025-225x300.jpg 225w, https:\/\/www.rukajarvensuunnanhistoriayhdistys.fi\/historiayhdistys\/wp-content\/uploads\/2026\/03\/Sammalkangas-102jpg-Jorman-ottama-27-9-2025-1152x1536.jpg 1152w, https:\/\/www.rukajarvensuunnanhistoriayhdistys.fi\/historiayhdistys\/wp-content\/uploads\/2026\/03\/Sammalkangas-102jpg-Jorman-ottama-27-9-2025.jpg 1200w\" sizes=\"auto, (max-width: 768px) 100vw, 768px\" \/><\/a><\/figure>\n\n\n\n<p><em>V\u00e4in\u00f6 Sammalkangas (27.9.1923 \u2013 10.3.2026). Kuva Jorma Sammalkangas.<\/em><\/p>\n\n\n\n<figure class=\"wp-block-image size-large\"><a href=\"http:\/\/www.rukajarvensuunnanhistoriayhdistys.fi\/historiayhdistys\/wp-content\/uploads\/2026\/03\/Sammalkangas-Vaino-kotona-10-3-2026-Nivalan-kirkkoherra-Sanna-Jukkola.jpg\"><img loading=\"lazy\" decoding=\"async\" width=\"806\" height=\"1024\" src=\"http:\/\/www.rukajarvensuunnanhistoriayhdistys.fi\/historiayhdistys\/wp-content\/uploads\/2026\/03\/Sammalkangas-Vaino-kotona-10-3-2026-Nivalan-kirkkoherra-Sanna-Jukkola-806x1024.jpg\" alt=\"\" class=\"wp-image-17004\" srcset=\"https:\/\/www.rukajarvensuunnanhistoriayhdistys.fi\/historiayhdistys\/wp-content\/uploads\/2026\/03\/Sammalkangas-Vaino-kotona-10-3-2026-Nivalan-kirkkoherra-Sanna-Jukkola-806x1024.jpg 806w, https:\/\/www.rukajarvensuunnanhistoriayhdistys.fi\/historiayhdistys\/wp-content\/uploads\/2026\/03\/Sammalkangas-Vaino-kotona-10-3-2026-Nivalan-kirkkoherra-Sanna-Jukkola-236x300.jpg 236w, https:\/\/www.rukajarvensuunnanhistoriayhdistys.fi\/historiayhdistys\/wp-content\/uploads\/2026\/03\/Sammalkangas-Vaino-kotona-10-3-2026-Nivalan-kirkkoherra-Sanna-Jukkola-768x976.jpg 768w, https:\/\/www.rukajarvensuunnanhistoriayhdistys.fi\/historiayhdistys\/wp-content\/uploads\/2026\/03\/Sammalkangas-Vaino-kotona-10-3-2026-Nivalan-kirkkoherra-Sanna-Jukkola.jpg 1139w\" sizes=\"auto, (max-width: 806px) 100vw, 806px\" \/><\/a><\/figure>\n\n\n\n<p><em><strong>V\u00e4in\u00f6 Sammalkangas kotonaan Nivalassa.<\/strong> Nivalan seurakunnan kirkkoherra <strong>Sanna Jukkola<\/strong> piti muistosanat veteraanin arkun \u00e4\u00e4rell\u00e4. Kuva: perheen arkisto.<\/em><\/p>\n\n\n\n<p>Veteraanin poika <strong>Jorma Sammalkangas<\/strong> kertoi, ett\u00e4 is\u00e4 nukkui pois varhain aamulla rauhallisesti. Sen j\u00e4lkeen h\u00e4net tuotiin viel\u00e4 kotiin, miss\u00e4 Nivalan seurakunnan kirkkoherra <strong>Sanna Jukkola<\/strong> piti arkun \u00e4\u00e4rell\u00e4 lyhyen muistotilaisuuden.<\/p>\n\n\n\n<p>Kiuruveden Rukaj\u00e4rvi-keskuksessa n\u00e4yttely\u00e4 pystytt\u00e4m\u00e4ss\u00e4 ollut talkoov\u00e4ki vietti uutisen kuultuaan veteraanin muistolle hiljaisen hetken.<\/p>\n\n\n\n<figure class=\"wp-block-image size-large\"><a href=\"http:\/\/www.rukajarvensuunnanhistoriayhdistys.fi\/historiayhdistys\/wp-content\/uploads\/2026\/03\/Hiljainen-hetki-11-3-2026-scaled.jpg\"><img loading=\"lazy\" decoding=\"async\" width=\"1024\" height=\"768\" src=\"http:\/\/www.rukajarvensuunnanhistoriayhdistys.fi\/historiayhdistys\/wp-content\/uploads\/2026\/03\/Hiljainen-hetki-11-3-2026-1024x768.jpg\" alt=\"\" class=\"wp-image-17006\" srcset=\"https:\/\/www.rukajarvensuunnanhistoriayhdistys.fi\/historiayhdistys\/wp-content\/uploads\/2026\/03\/Hiljainen-hetki-11-3-2026-1024x768.jpg 1024w, https:\/\/www.rukajarvensuunnanhistoriayhdistys.fi\/historiayhdistys\/wp-content\/uploads\/2026\/03\/Hiljainen-hetki-11-3-2026-300x225.jpg 300w, https:\/\/www.rukajarvensuunnanhistoriayhdistys.fi\/historiayhdistys\/wp-content\/uploads\/2026\/03\/Hiljainen-hetki-11-3-2026-768x576.jpg 768w, https:\/\/www.rukajarvensuunnanhistoriayhdistys.fi\/historiayhdistys\/wp-content\/uploads\/2026\/03\/Hiljainen-hetki-11-3-2026-1536x1152.jpg 1536w, https:\/\/www.rukajarvensuunnanhistoriayhdistys.fi\/historiayhdistys\/wp-content\/uploads\/2026\/03\/Hiljainen-hetki-11-3-2026-2048x1536.jpg 2048w\" sizes=\"auto, (max-width: 1024px) 100vw, 1024px\" \/><\/a><\/figure>\n\n\n\n<p><em>Kiuruveden Rukaj\u00e4rvi-keskus &#8211; hiljainen hetki veteraani V\u00e4in\u00f6 Sammalkankaan kuvan kera. Sinivalkoinen kynttil\u00e4 oli sytytetty &#8221;Suomi 100&#8221; kynttil\u00e4njalkaan. Kuvassa pikkulotat Kaija ja Emma R\u00e4ih\u00e4, Eero K\u00e4rkk\u00e4inen ja Antero Huttunen. Kuva Tenho Tikkanen.<\/em><\/p>\n\n\n\n<p>V\u00e4in\u00f6 Sammalkangas tunnettiin rauhallisena ja l\u00e4mminsyd\u00e4misen\u00e4 miehen\u00e4. H\u00e4n oli <strong>rauhanmies viimeisen p\u00e4\u00e4lle<\/strong>, kuten h\u00e4nen runonsa ja useat lehtihaastattelunsa kertovat. Sodan kokemukset eiv\u00e4t j\u00e4tt\u00e4neet h\u00e4neen katkeruutta, vaan vahvistivat toivetta rauhasta ja ihmisyyden s\u00e4ilymisest\u00e4.<\/p>\n\n\n\n<p><strong>Runonikkari koko el\u00e4m\u00e4ns\u00e4<\/strong><\/p>\n\n\n\n<p>Sammalkankaan runosuoni sykki jo nuoruudessa. Sukupolvenvaihdoksen j\u00e4lkeen vuonna 1983 h\u00e4nell\u00e4 oli aikaa omistautua harrastuksilleen \u2013 py\u00f6r\u00e4ilylle ja kirjoittamiselle. Runoja syntyi viel\u00e4 vanhoilla p\u00e4ivill\u00e4kin l\u00e4hes p\u00e4ivitt\u00e4in.<\/p>\n\n\n\n<p>H\u00e4n kertoi er\u00e4\u00e4ss\u00e4 lehtihaastattelussa, kuinka kirjoittaminen sai uutta vauhtia 1980-luvulla Mikkelin Kyyhkyl\u00e4n kuntoutusjaksolla:<\/p>\n\n\n\n<p><em>\u2013 Kun olin vuonna 1987 Kyyhkyl\u00e4ss\u00e4 Sotainvalidien kuntoutuslaitoksessa, minua pyydettiin kirjoittamaan runo \u00e4itienp\u00e4iv\u00e4ksi. Saman tien kirjoitin toisenkin runon. Henkil\u00f6kunta ihmetteli kirjoittamistani, ja siit\u00e4 sain uutta intoa jatkaa runojen tekemist\u00e4 my\u00f6s kotona,<\/em> Sammalkangas muisteli.<\/p>\n\n\n\n<p>Runojen teemoissa kulkivat usein el\u00e4m\u00e4, luonto, itsen\u00e4isyys ja ennen kaikkea rauhan kaipuu. Yhdess\u00e4 viimeisist\u00e4 runoistaan h\u00e4n kirjoitti:<\/p>\n\n\n\n<p>&#8221;<strong>Vapautta vaalikaamme,<br>kansallamme kaunis maa.<br>Rauhassa jos el\u00e4\u00e4 saamme \u2013<br>aarteemme on Is\u00e4nmaa.<\/strong><\/p>\n\n\n\n<p><strong>Valoisa mieli el\u00e4m\u00e4n l\u00e4pi<\/strong>&#8221;<\/p>\n\n\n\n<p>V\u00e4in\u00f6 Sammalkangas oli yksi niist\u00e4 veteraanipolven miehist\u00e4, joiden el\u00e4m\u00e4nasenne j\u00e4i monien mieleen. Viel\u00e4 102-vuotiaana h\u00e4n sanoi haastattelussa:<\/p>\n\n\n\n<p><em>&#8221;El\u00e4m\u00e4ss\u00e4 kannattaa aina etsi\u00e4 valoisa puoli. Sill\u00e4 tavoin ristiriidatkin ratkeavat parhaiten.&#8221;<\/em><\/p>\n\n\n\n<p>Sama rauhallinen el\u00e4m\u00e4nviisaus v\u00e4littyi h\u00e4nen runoistaan ja tavastaan kohdata ihmiset.<\/p>\n\n\n\n<p>Veteraanin siunaustilaisuus j\u00e4rjestet\u00e4\u00e4n <strong>Nivalan kirkossa 17.4.2026 klo 10.00 sotilaallisin menoin.<\/strong><\/p>\n\n\n\n<p>Rukaj\u00e4rven suunnan historiayhdistys ottaa osaa omaisten suruun.<\/p>\n\n\n\n<p>Surunvalitteluihin yhtyv\u00e4t my\u00f6s yhdistyksen veteraaniveljet.<\/p>\n\n\n\n<figure class=\"wp-block-image size-full\"><a href=\"http:\/\/www.rukajarvensuunnanhistoriayhdistys.fi\/historiayhdistys\/wp-content\/uploads\/2026\/03\/Veteraani-yli-100-vuotta-2026-03-10.jpg\"><img loading=\"lazy\" decoding=\"async\" width=\"939\" height=\"343\" src=\"http:\/\/www.rukajarvensuunnanhistoriayhdistys.fi\/historiayhdistys\/wp-content\/uploads\/2026\/03\/Veteraani-yli-100-vuotta-2026-03-10.jpg\" alt=\"\" class=\"wp-image-17009\" srcset=\"https:\/\/www.rukajarvensuunnanhistoriayhdistys.fi\/historiayhdistys\/wp-content\/uploads\/2026\/03\/Veteraani-yli-100-vuotta-2026-03-10.jpg 939w, https:\/\/www.rukajarvensuunnanhistoriayhdistys.fi\/historiayhdistys\/wp-content\/uploads\/2026\/03\/Veteraani-yli-100-vuotta-2026-03-10-300x110.jpg 300w, https:\/\/www.rukajarvensuunnanhistoriayhdistys.fi\/historiayhdistys\/wp-content\/uploads\/2026\/03\/Veteraani-yli-100-vuotta-2026-03-10-768x281.jpg 768w\" sizes=\"auto, (max-width: 939px) 100vw, 939px\" \/><\/a><\/figure>\n\n\n\n<hr class=\"wp-block-separator has-alpha-channel-opacity\"\/>\n\n\n\n<p>TJT\/11.3.2026<\/p>\n","protected":false},"excerpt":{"rendered":"<p>Rukaj\u00e4rven suunnan veteraani V\u00e4in\u00f6 Sammalkangas (27.9.1923 \u2013 10.3.2026) on nukkunut pois rauhallisesti hoivakodissa, paikassa miss\u00e4 oli kuntoutuksessa lyhyit\u00e4 jaksoja yli 35 vuoden ajan. Tieto h\u00e4nen poismenostaan tuli l\u00e4heisille lyhyen sairastelun <a class=\"more-link\" href=\"https:\/\/www.rukajarvensuunnanhistoriayhdistys.fi\/historiayhdistys\/rukajarven-veteraani-vaino-sammalkangas-on-poissa\/\">Teksti jatkuu&#8230;<span class=\"screen-reader-text\">Rukaj\u00e4rven veteraani V\u00e4in\u00f6 Sammalkangas on poissa<\/span><span class=\"meta-nav\">\u2192<\/span><\/a><\/p>\n","protected":false},"author":3,"featured_media":0,"comment_status":"closed","ping_status":"open","sticky":false,"template":"","format":"standard","meta":{"footnotes":""},"categories":[22,21,17,1],"tags":[],"class_list":["post-17002","post","type-post","status-publish","format-standard","hentry","category-ajankohtaista","category-rukajarvi-keskus","category-toiminta","category-yleinen"],"yoast_head":"<!-- This site is optimized with the Yoast SEO plugin v27.4 - https:\/\/yoast.com\/product\/yoast-seo-wordpress\/ -->\n<title>Rukaj\u00e4rven veteraani V\u00e4in\u00f6 Sammalkangas on poissa - Rukaj\u00e4rven suunnan historiayhdistys<\/title>\n<meta name=\"robots\" content=\"index, follow, max-snippet:-1, max-image-preview:large, max-video-preview:-1\" \/>\n<link rel=\"canonical\" href=\"https:\/\/www.rukajarvensuunnanhistoriayhdistys.fi\/historiayhdistys\/rukajarven-veteraani-vaino-sammalkangas-on-poissa\/\" \/>\n<meta property=\"og:locale\" content=\"fi_FI\" \/>\n<meta property=\"og:type\" content=\"article\" \/>\n<meta property=\"og:title\" content=\"Rukaj\u00e4rven veteraani V\u00e4in\u00f6 Sammalkangas on poissa - Rukaj\u00e4rven suunnan historiayhdistys\" \/>\n<meta property=\"og:description\" content=\"Rukaj\u00e4rven suunnan veteraani V\u00e4in\u00f6 Sammalkangas (27.9.1923 \u2013 10.3.2026) on nukkunut pois rauhallisesti hoivakodissa, paikassa miss\u00e4 oli kuntoutuksessa lyhyit\u00e4 jaksoja yli 35 vuoden ajan. Tieto h\u00e4nen poismenostaan tuli l\u00e4heisille lyhyen sairastelun Teksti jatkuu...Rukaj\u00e4rven veteraani V\u00e4in\u00f6 Sammalkangas on poissa\u2192\" \/>\n<meta property=\"og:url\" content=\"https:\/\/www.rukajarvensuunnanhistoriayhdistys.fi\/historiayhdistys\/rukajarven-veteraani-vaino-sammalkangas-on-poissa\/\" \/>\n<meta property=\"og:site_name\" content=\"Rukaj\u00e4rven suunnan historiayhdistys\" \/>\n<meta property=\"article:published_time\" content=\"2026-03-11T18:46:40+00:00\" \/>\n<meta property=\"article:modified_time\" content=\"2026-03-11T18:54:53+00:00\" \/>\n<meta property=\"og:image\" content=\"http:\/\/www.rukajarvensuunnanhistoriayhdistys.fi\/historiayhdistys\/wp-content\/uploads\/2026\/03\/Sammalkangas-102jpg-Jorman-ottama-27-9-2025-768x1024.jpg\" \/>\n<meta name=\"author\" content=\"RSHY\" \/>\n<meta name=\"twitter:label1\" content=\"Kirjoittanut\" \/>\n\t<meta name=\"twitter:data1\" content=\"RSHY\" \/>\n\t<meta name=\"twitter:label2\" content=\"Arvioitu lukuaika\" \/>\n\t<meta name=\"twitter:data2\" content=\"3 minuuttia\" \/>\n<script type=\"application\/ld+json\" class=\"yoast-schema-graph\">{\"@context\":\"https:\\\/\\\/schema.org\",\"@graph\":[{\"@type\":\"Article\",\"@id\":\"https:\\\/\\\/www.rukajarvensuunnanhistoriayhdistys.fi\\\/historiayhdistys\\\/rukajarven-veteraani-vaino-sammalkangas-on-poissa\\\/#article\",\"isPartOf\":{\"@id\":\"https:\\\/\\\/www.rukajarvensuunnanhistoriayhdistys.fi\\\/historiayhdistys\\\/rukajarven-veteraani-vaino-sammalkangas-on-poissa\\\/\"},\"author\":{\"name\":\"RSHY\",\"@id\":\"http:\\\/\\\/www.rukajarvensuunnanhistoriayhdistys.fi\\\/historiayhdistys\\\/#\\\/schema\\\/person\\\/19de7db68bf72dfd2b5d7f6dfbf8454d\"},\"headline\":\"Rukaj\u00e4rven veteraani V\u00e4in\u00f6 Sammalkangas on poissa\",\"datePublished\":\"2026-03-11T18:46:40+00:00\",\"dateModified\":\"2026-03-11T18:54:53+00:00\",\"mainEntityOfPage\":{\"@id\":\"https:\\\/\\\/www.rukajarvensuunnanhistoriayhdistys.fi\\\/historiayhdistys\\\/rukajarven-veteraani-vaino-sammalkangas-on-poissa\\\/\"},\"wordCount\":417,\"publisher\":{\"@id\":\"http:\\\/\\\/www.rukajarvensuunnanhistoriayhdistys.fi\\\/historiayhdistys\\\/#organization\"},\"image\":{\"@id\":\"https:\\\/\\\/www.rukajarvensuunnanhistoriayhdistys.fi\\\/historiayhdistys\\\/rukajarven-veteraani-vaino-sammalkangas-on-poissa\\\/#primaryimage\"},\"thumbnailUrl\":\"http:\\\/\\\/www.rukajarvensuunnanhistoriayhdistys.fi\\\/historiayhdistys\\\/wp-content\\\/uploads\\\/2026\\\/03\\\/Sammalkangas-102jpg-Jorman-ottama-27-9-2025-768x1024.jpg\",\"articleSection\":[\"Ajankohtaista\",\"Rukaj\u00e4rvi-keskus\",\"Toiminta\"],\"inLanguage\":\"fi\"},{\"@type\":\"WebPage\",\"@id\":\"https:\\\/\\\/www.rukajarvensuunnanhistoriayhdistys.fi\\\/historiayhdistys\\\/rukajarven-veteraani-vaino-sammalkangas-on-poissa\\\/\",\"url\":\"https:\\\/\\\/www.rukajarvensuunnanhistoriayhdistys.fi\\\/historiayhdistys\\\/rukajarven-veteraani-vaino-sammalkangas-on-poissa\\\/\",\"name\":\"Rukaj\u00e4rven veteraani V\u00e4in\u00f6 Sammalkangas on poissa - Rukaj\u00e4rven suunnan historiayhdistys\",\"isPartOf\":{\"@id\":\"http:\\\/\\\/www.rukajarvensuunnanhistoriayhdistys.fi\\\/historiayhdistys\\\/#website\"},\"primaryImageOfPage\":{\"@id\":\"https:\\\/\\\/www.rukajarvensuunnanhistoriayhdistys.fi\\\/historiayhdistys\\\/rukajarven-veteraani-vaino-sammalkangas-on-poissa\\\/#primaryimage\"},\"image\":{\"@id\":\"https:\\\/\\\/www.rukajarvensuunnanhistoriayhdistys.fi\\\/historiayhdistys\\\/rukajarven-veteraani-vaino-sammalkangas-on-poissa\\\/#primaryimage\"},\"thumbnailUrl\":\"http:\\\/\\\/www.rukajarvensuunnanhistoriayhdistys.fi\\\/historiayhdistys\\\/wp-content\\\/uploads\\\/2026\\\/03\\\/Sammalkangas-102jpg-Jorman-ottama-27-9-2025-768x1024.jpg\",\"datePublished\":\"2026-03-11T18:46:40+00:00\",\"dateModified\":\"2026-03-11T18:54:53+00:00\",\"breadcrumb\":{\"@id\":\"https:\\\/\\\/www.rukajarvensuunnanhistoriayhdistys.fi\\\/historiayhdistys\\\/rukajarven-veteraani-vaino-sammalkangas-on-poissa\\\/#breadcrumb\"},\"inLanguage\":\"fi\",\"potentialAction\":[{\"@type\":\"ReadAction\",\"target\":[\"https:\\\/\\\/www.rukajarvensuunnanhistoriayhdistys.fi\\\/historiayhdistys\\\/rukajarven-veteraani-vaino-sammalkangas-on-poissa\\\/\"]}]},{\"@type\":\"ImageObject\",\"inLanguage\":\"fi\",\"@id\":\"https:\\\/\\\/www.rukajarvensuunnanhistoriayhdistys.fi\\\/historiayhdistys\\\/rukajarven-veteraani-vaino-sammalkangas-on-poissa\\\/#primaryimage\",\"url\":\"https:\\\/\\\/www.rukajarvensuunnanhistoriayhdistys.fi\\\/historiayhdistys\\\/wp-content\\\/uploads\\\/2026\\\/03\\\/Sammalkangas-102jpg-Jorman-ottama-27-9-2025.jpg\",\"contentUrl\":\"https:\\\/\\\/www.rukajarvensuunnanhistoriayhdistys.fi\\\/historiayhdistys\\\/wp-content\\\/uploads\\\/2026\\\/03\\\/Sammalkangas-102jpg-Jorman-ottama-27-9-2025.jpg\",\"width\":1200,\"height\":1600},{\"@type\":\"BreadcrumbList\",\"@id\":\"https:\\\/\\\/www.rukajarvensuunnanhistoriayhdistys.fi\\\/historiayhdistys\\\/rukajarven-veteraani-vaino-sammalkangas-on-poissa\\\/#breadcrumb\",\"itemListElement\":[{\"@type\":\"ListItem\",\"position\":1,\"name\":\"Etusivu\",\"item\":\"http:\\\/\\\/www.rukajarvensuunnanhistoriayhdistys.fi\\\/historiayhdistys\\\/\"},{\"@type\":\"ListItem\",\"position\":2,\"name\":\"Rukaj\u00e4rven veteraani V\u00e4in\u00f6 Sammalkangas on poissa\"}]},{\"@type\":\"WebSite\",\"@id\":\"http:\\\/\\\/www.rukajarvensuunnanhistoriayhdistys.fi\\\/historiayhdistys\\\/#website\",\"url\":\"http:\\\/\\\/www.rukajarvensuunnanhistoriayhdistys.fi\\\/historiayhdistys\\\/\",\"name\":\"Rukaj\u00e4rven suunnan historiayhdistys\",\"description\":\"Rukaj\u00e4rven suunnan historiayhdistyksen verkkosivut.\",\"publisher\":{\"@id\":\"http:\\\/\\\/www.rukajarvensuunnanhistoriayhdistys.fi\\\/historiayhdistys\\\/#organization\"},\"potentialAction\":[{\"@type\":\"SearchAction\",\"target\":{\"@type\":\"EntryPoint\",\"urlTemplate\":\"http:\\\/\\\/www.rukajarvensuunnanhistoriayhdistys.fi\\\/historiayhdistys\\\/?s={search_term_string}\"},\"query-input\":{\"@type\":\"PropertyValueSpecification\",\"valueRequired\":true,\"valueName\":\"search_term_string\"}}],\"inLanguage\":\"fi\"},{\"@type\":\"Organization\",\"@id\":\"http:\\\/\\\/www.rukajarvensuunnanhistoriayhdistys.fi\\\/historiayhdistys\\\/#organization\",\"name\":\"Rukaj\u00e4rven suunnan historiayhdistys\",\"url\":\"http:\\\/\\\/www.rukajarvensuunnanhistoriayhdistys.fi\\\/historiayhdistys\\\/\",\"logo\":{\"@type\":\"ImageObject\",\"inLanguage\":\"fi\",\"@id\":\"http:\\\/\\\/www.rukajarvensuunnanhistoriayhdistys.fi\\\/historiayhdistys\\\/#\\\/schema\\\/logo\\\/image\\\/\",\"url\":\"https:\\\/\\\/www.rukajarvensuunnanhistoriayhdistys.fi\\\/historiayhdistys\\\/wp-content\\\/uploads\\\/2013\\\/12\\\/Otsake_3.jpg\",\"contentUrl\":\"https:\\\/\\\/www.rukajarvensuunnanhistoriayhdistys.fi\\\/historiayhdistys\\\/wp-content\\\/uploads\\\/2013\\\/12\\\/Otsake_3.jpg\",\"width\":1000,\"height\":442,\"caption\":\"Rukaj\u00e4rven suunnan historiayhdistys\"},\"image\":{\"@id\":\"http:\\\/\\\/www.rukajarvensuunnanhistoriayhdistys.fi\\\/historiayhdistys\\\/#\\\/schema\\\/logo\\\/image\\\/\"}},{\"@type\":\"Person\",\"@id\":\"http:\\\/\\\/www.rukajarvensuunnanhistoriayhdistys.fi\\\/historiayhdistys\\\/#\\\/schema\\\/person\\\/19de7db68bf72dfd2b5d7f6dfbf8454d\",\"name\":\"RSHY\",\"image\":{\"@type\":\"ImageObject\",\"inLanguage\":\"fi\",\"@id\":\"https:\\\/\\\/secure.gravatar.com\\\/avatar\\\/598d59263a69cc8de65fcb4f9db78d6f58c098cb0e0ba22d73377441af9fa04c?s=96&d=blank&r=g\",\"url\":\"https:\\\/\\\/secure.gravatar.com\\\/avatar\\\/598d59263a69cc8de65fcb4f9db78d6f58c098cb0e0ba22d73377441af9fa04c?s=96&d=blank&r=g\",\"contentUrl\":\"https:\\\/\\\/secure.gravatar.com\\\/avatar\\\/598d59263a69cc8de65fcb4f9db78d6f58c098cb0e0ba22d73377441af9fa04c?s=96&d=blank&r=g\",\"caption\":\"RSHY\"},\"url\":\"https:\\\/\\\/www.rukajarvensuunnanhistoriayhdistys.fi\\\/historiayhdistys\\\/author\\\/rshy\\\/\"}]}<\/script>\n<!-- \/ Yoast SEO plugin. -->","yoast_head_json":{"title":"Rukaj\u00e4rven veteraani V\u00e4in\u00f6 Sammalkangas on poissa - Rukaj\u00e4rven suunnan historiayhdistys","robots":{"index":"index","follow":"follow","max-snippet":"max-snippet:-1","max-image-preview":"max-image-preview:large","max-video-preview":"max-video-preview:-1"},"canonical":"https:\/\/www.rukajarvensuunnanhistoriayhdistys.fi\/historiayhdistys\/rukajarven-veteraani-vaino-sammalkangas-on-poissa\/","og_locale":"fi_FI","og_type":"article","og_title":"Rukaj\u00e4rven veteraani V\u00e4in\u00f6 Sammalkangas on poissa - Rukaj\u00e4rven suunnan historiayhdistys","og_description":"Rukaj\u00e4rven suunnan veteraani V\u00e4in\u00f6 Sammalkangas (27.9.1923 \u2013 10.3.2026) on nukkunut pois rauhallisesti hoivakodissa, paikassa miss\u00e4 oli kuntoutuksessa lyhyit\u00e4 jaksoja yli 35 vuoden ajan. Tieto h\u00e4nen poismenostaan tuli l\u00e4heisille lyhyen sairastelun Teksti jatkuu...Rukaj\u00e4rven veteraani V\u00e4in\u00f6 Sammalkangas on poissa\u2192","og_url":"https:\/\/www.rukajarvensuunnanhistoriayhdistys.fi\/historiayhdistys\/rukajarven-veteraani-vaino-sammalkangas-on-poissa\/","og_site_name":"Rukaj\u00e4rven suunnan historiayhdistys","article_published_time":"2026-03-11T18:46:40+00:00","article_modified_time":"2026-03-11T18:54:53+00:00","og_image":[{"url":"http:\/\/www.rukajarvensuunnanhistoriayhdistys.fi\/historiayhdistys\/wp-content\/uploads\/2026\/03\/Sammalkangas-102jpg-Jorman-ottama-27-9-2025-768x1024.jpg","type":"","width":"","height":""}],"author":"RSHY","twitter_misc":{"Kirjoittanut":"RSHY","Arvioitu lukuaika":"3 minuuttia"},"schema":{"@context":"https:\/\/schema.org","@graph":[{"@type":"Article","@id":"https:\/\/www.rukajarvensuunnanhistoriayhdistys.fi\/historiayhdistys\/rukajarven-veteraani-vaino-sammalkangas-on-poissa\/#article","isPartOf":{"@id":"https:\/\/www.rukajarvensuunnanhistoriayhdistys.fi\/historiayhdistys\/rukajarven-veteraani-vaino-sammalkangas-on-poissa\/"},"author":{"name":"RSHY","@id":"http:\/\/www.rukajarvensuunnanhistoriayhdistys.fi\/historiayhdistys\/#\/schema\/person\/19de7db68bf72dfd2b5d7f6dfbf8454d"},"headline":"Rukaj\u00e4rven veteraani V\u00e4in\u00f6 Sammalkangas on poissa","datePublished":"2026-03-11T18:46:40+00:00","dateModified":"2026-03-11T18:54:53+00:00","mainEntityOfPage":{"@id":"https:\/\/www.rukajarvensuunnanhistoriayhdistys.fi\/historiayhdistys\/rukajarven-veteraani-vaino-sammalkangas-on-poissa\/"},"wordCount":417,"publisher":{"@id":"http:\/\/www.rukajarvensuunnanhistoriayhdistys.fi\/historiayhdistys\/#organization"},"image":{"@id":"https:\/\/www.rukajarvensuunnanhistoriayhdistys.fi\/historiayhdistys\/rukajarven-veteraani-vaino-sammalkangas-on-poissa\/#primaryimage"},"thumbnailUrl":"http:\/\/www.rukajarvensuunnanhistoriayhdistys.fi\/historiayhdistys\/wp-content\/uploads\/2026\/03\/Sammalkangas-102jpg-Jorman-ottama-27-9-2025-768x1024.jpg","articleSection":["Ajankohtaista","Rukaj\u00e4rvi-keskus","Toiminta"],"inLanguage":"fi"},{"@type":"WebPage","@id":"https:\/\/www.rukajarvensuunnanhistoriayhdistys.fi\/historiayhdistys\/rukajarven-veteraani-vaino-sammalkangas-on-poissa\/","url":"https:\/\/www.rukajarvensuunnanhistoriayhdistys.fi\/historiayhdistys\/rukajarven-veteraani-vaino-sammalkangas-on-poissa\/","name":"Rukaj\u00e4rven veteraani V\u00e4in\u00f6 Sammalkangas on poissa - Rukaj\u00e4rven suunnan historiayhdistys","isPartOf":{"@id":"http:\/\/www.rukajarvensuunnanhistoriayhdistys.fi\/historiayhdistys\/#website"},"primaryImageOfPage":{"@id":"https:\/\/www.rukajarvensuunnanhistoriayhdistys.fi\/historiayhdistys\/rukajarven-veteraani-vaino-sammalkangas-on-poissa\/#primaryimage"},"image":{"@id":"https:\/\/www.rukajarvensuunnanhistoriayhdistys.fi\/historiayhdistys\/rukajarven-veteraani-vaino-sammalkangas-on-poissa\/#primaryimage"},"thumbnailUrl":"http:\/\/www.rukajarvensuunnanhistoriayhdistys.fi\/historiayhdistys\/wp-content\/uploads\/2026\/03\/Sammalkangas-102jpg-Jorman-ottama-27-9-2025-768x1024.jpg","datePublished":"2026-03-11T18:46:40+00:00","dateModified":"2026-03-11T18:54:53+00:00","breadcrumb":{"@id":"https:\/\/www.rukajarvensuunnanhistoriayhdistys.fi\/historiayhdistys\/rukajarven-veteraani-vaino-sammalkangas-on-poissa\/#breadcrumb"},"inLanguage":"fi","potentialAction":[{"@type":"ReadAction","target":["https:\/\/www.rukajarvensuunnanhistoriayhdistys.fi\/historiayhdistys\/rukajarven-veteraani-vaino-sammalkangas-on-poissa\/"]}]},{"@type":"ImageObject","inLanguage":"fi","@id":"https:\/\/www.rukajarvensuunnanhistoriayhdistys.fi\/historiayhdistys\/rukajarven-veteraani-vaino-sammalkangas-on-poissa\/#primaryimage","url":"https:\/\/www.rukajarvensuunnanhistoriayhdistys.fi\/historiayhdistys\/wp-content\/uploads\/2026\/03\/Sammalkangas-102jpg-Jorman-ottama-27-9-2025.jpg","contentUrl":"https:\/\/www.rukajarvensuunnanhistoriayhdistys.fi\/historiayhdistys\/wp-content\/uploads\/2026\/03\/Sammalkangas-102jpg-Jorman-ottama-27-9-2025.jpg","width":1200,"height":1600},{"@type":"BreadcrumbList","@id":"https:\/\/www.rukajarvensuunnanhistoriayhdistys.fi\/historiayhdistys\/rukajarven-veteraani-vaino-sammalkangas-on-poissa\/#breadcrumb","itemListElement":[{"@type":"ListItem","position":1,"name":"Etusivu","item":"http:\/\/www.rukajarvensuunnanhistoriayhdistys.fi\/historiayhdistys\/"},{"@type":"ListItem","position":2,"name":"Rukaj\u00e4rven veteraani V\u00e4in\u00f6 Sammalkangas on poissa"}]},{"@type":"WebSite","@id":"http:\/\/www.rukajarvensuunnanhistoriayhdistys.fi\/historiayhdistys\/#website","url":"http:\/\/www.rukajarvensuunnanhistoriayhdistys.fi\/historiayhdistys\/","name":"Rukaj\u00e4rven suunnan historiayhdistys","description":"Rukaj\u00e4rven suunnan historiayhdistyksen verkkosivut.","publisher":{"@id":"http:\/\/www.rukajarvensuunnanhistoriayhdistys.fi\/historiayhdistys\/#organization"},"potentialAction":[{"@type":"SearchAction","target":{"@type":"EntryPoint","urlTemplate":"http:\/\/www.rukajarvensuunnanhistoriayhdistys.fi\/historiayhdistys\/?s={search_term_string}"},"query-input":{"@type":"PropertyValueSpecification","valueRequired":true,"valueName":"search_term_string"}}],"inLanguage":"fi"},{"@type":"Organization","@id":"http:\/\/www.rukajarvensuunnanhistoriayhdistys.fi\/historiayhdistys\/#organization","name":"Rukaj\u00e4rven suunnan historiayhdistys","url":"http:\/\/www.rukajarvensuunnanhistoriayhdistys.fi\/historiayhdistys\/","logo":{"@type":"ImageObject","inLanguage":"fi","@id":"http:\/\/www.rukajarvensuunnanhistoriayhdistys.fi\/historiayhdistys\/#\/schema\/logo\/image\/","url":"https:\/\/www.rukajarvensuunnanhistoriayhdistys.fi\/historiayhdistys\/wp-content\/uploads\/2013\/12\/Otsake_3.jpg","contentUrl":"https:\/\/www.rukajarvensuunnanhistoriayhdistys.fi\/historiayhdistys\/wp-content\/uploads\/2013\/12\/Otsake_3.jpg","width":1000,"height":442,"caption":"Rukaj\u00e4rven suunnan historiayhdistys"},"image":{"@id":"http:\/\/www.rukajarvensuunnanhistoriayhdistys.fi\/historiayhdistys\/#\/schema\/logo\/image\/"}},{"@type":"Person","@id":"http:\/\/www.rukajarvensuunnanhistoriayhdistys.fi\/historiayhdistys\/#\/schema\/person\/19de7db68bf72dfd2b5d7f6dfbf8454d","name":"RSHY","image":{"@type":"ImageObject","inLanguage":"fi","@id":"https:\/\/secure.gravatar.com\/avatar\/598d59263a69cc8de65fcb4f9db78d6f58c098cb0e0ba22d73377441af9fa04c?s=96&d=blank&r=g","url":"https:\/\/secure.gravatar.com\/avatar\/598d59263a69cc8de65fcb4f9db78d6f58c098cb0e0ba22d73377441af9fa04c?s=96&d=blank&r=g","contentUrl":"https:\/\/secure.gravatar.com\/avatar\/598d59263a69cc8de65fcb4f9db78d6f58c098cb0e0ba22d73377441af9fa04c?s=96&d=blank&r=g","caption":"RSHY"},"url":"https:\/\/www.rukajarvensuunnanhistoriayhdistys.fi\/historiayhdistys\/author\/rshy\/"}]}},"_links":{"self":[{"href":"https:\/\/www.rukajarvensuunnanhistoriayhdistys.fi\/historiayhdistys\/wp-json\/wp\/v2\/posts\/17002","targetHints":{"allow":["GET"]}}],"collection":[{"href":"https:\/\/www.rukajarvensuunnanhistoriayhdistys.fi\/historiayhdistys\/wp-json\/wp\/v2\/posts"}],"about":[{"href":"https:\/\/www.rukajarvensuunnanhistoriayhdistys.fi\/historiayhdistys\/wp-json\/wp\/v2\/types\/post"}],"author":[{"embeddable":true,"href":"https:\/\/www.rukajarvensuunnanhistoriayhdistys.fi\/historiayhdistys\/wp-json\/wp\/v2\/users\/3"}],"replies":[{"embeddable":true,"href":"https:\/\/www.rukajarvensuunnanhistoriayhdistys.fi\/historiayhdistys\/wp-json\/wp\/v2\/comments?post=17002"}],"version-history":[{"count":2,"href":"https:\/\/www.rukajarvensuunnanhistoriayhdistys.fi\/historiayhdistys\/wp-json\/wp\/v2\/posts\/17002\/revisions"}],"predecessor-version":[{"id":17010,"href":"https:\/\/www.rukajarvensuunnanhistoriayhdistys.fi\/historiayhdistys\/wp-json\/wp\/v2\/posts\/17002\/revisions\/17010"}],"wp:attachment":[{"href":"https:\/\/www.rukajarvensuunnanhistoriayhdistys.fi\/historiayhdistys\/wp-json\/wp\/v2\/media?parent=17002"}],"wp:term":[{"taxonomy":"category","embeddable":true,"href":"https:\/\/www.rukajarvensuunnanhistoriayhdistys.fi\/historiayhdistys\/wp-json\/wp\/v2\/categories?post=17002"},{"taxonomy":"post_tag","embeddable":true,"href":"https:\/\/www.rukajarvensuunnanhistoriayhdistys.fi\/historiayhdistys\/wp-json\/wp\/v2\/tags?post=17002"}],"curies":[{"name":"wp","href":"https:\/\/api.w.org\/{rel}","templated":true}]}}