{"id":17137,"date":"2026-04-26T23:32:05","date_gmt":"2026-04-26T20:32:05","guid":{"rendered":"http:\/\/www.rukajarvensuunnanhistoriayhdistys.fi\/historiayhdistys\/?p=17137"},"modified":"2026-04-26T23:38:09","modified_gmt":"2026-04-26T20:38:09","slug":"onnistunut-juhlallinen-konsertti-kiuruveden-uusitussa-rukajarvi-keskuksessa","status":"publish","type":"post","link":"https:\/\/www.rukajarvensuunnanhistoriayhdistys.fi\/historiayhdistys\/onnistunut-juhlallinen-konsertti-kiuruveden-uusitussa-rukajarvi-keskuksessa\/","title":{"rendered":"Onnistunut &#8211; juhlallinen konsertti &#8211; Kiuruveden uusitussa Rukaj\u00e4rvi-keskuksessa"},"content":{"rendered":"<div class=\"fcbkbttn_buttons_block\" id=\"fcbkbttn_left\"><div class=\"fcbkbttn_like \"><fb:like href=\"https:\/\/www.rukajarvensuunnanhistoriayhdistys.fi\/historiayhdistys\/onnistunut-juhlallinen-konsertti-kiuruveden-uusitussa-rukajarvi-keskuksessa\/\" action=\"like\" colorscheme=\"light\" layout=\"button_count\"  size=\"small\"><\/fb:like><\/div><\/div>\n<p>Kosketuksen voima \u2013 tarinallinen konsertti liikutti kuulijansa Kiuruveden Rukaj\u00e4rvi-keskuksessa t\u00e4n\u00e4\u00e4n Kansallisen veteraanip\u00e4iv\u00e4n aattona.<\/p>\n\n\n\n<p>Tarinallinen konsertti <strong>\u201dKirje sielt\u00e4 jostakin\u201d<\/strong> toi yhteen musiikin, historian ja ihmisten kokemukset tavalla, joka puhutteli syv\u00e4sti jokaista l\u00e4sn\u00e4olijaa.<\/p>\n\n\n\n<figure class=\"wp-block-image size-large\"><a href=\"http:\/\/www.rukajarvensuunnanhistoriayhdistys.fi\/historiayhdistys\/wp-content\/uploads\/2026\/04\/A-Teuvo-Pertti-Ritvat-ja-Jatta-26-4-2026-1.jpg\"><img loading=\"lazy\" decoding=\"async\" width=\"1024\" height=\"576\" src=\"http:\/\/www.rukajarvensuunnanhistoriayhdistys.fi\/historiayhdistys\/wp-content\/uploads\/2026\/04\/A-Teuvo-Pertti-Ritvat-ja-Jatta-26-4-2026-1-1024x576.jpg\" alt=\"\" class=\"wp-image-17139\" srcset=\"https:\/\/www.rukajarvensuunnanhistoriayhdistys.fi\/historiayhdistys\/wp-content\/uploads\/2026\/04\/A-Teuvo-Pertti-Ritvat-ja-Jatta-26-4-2026-1-1024x576.jpg 1024w, https:\/\/www.rukajarvensuunnanhistoriayhdistys.fi\/historiayhdistys\/wp-content\/uploads\/2026\/04\/A-Teuvo-Pertti-Ritvat-ja-Jatta-26-4-2026-1-300x169.jpg 300w, https:\/\/www.rukajarvensuunnanhistoriayhdistys.fi\/historiayhdistys\/wp-content\/uploads\/2026\/04\/A-Teuvo-Pertti-Ritvat-ja-Jatta-26-4-2026-1-768x432.jpg 768w, https:\/\/www.rukajarvensuunnanhistoriayhdistys.fi\/historiayhdistys\/wp-content\/uploads\/2026\/04\/A-Teuvo-Pertti-Ritvat-ja-Jatta-26-4-2026-1-1536x864.jpg 1536w, https:\/\/www.rukajarvensuunnanhistoriayhdistys.fi\/historiayhdistys\/wp-content\/uploads\/2026\/04\/A-Teuvo-Pertti-Ritvat-ja-Jatta-26-4-2026-1.jpg 1696w\" sizes=\"auto, (max-width: 1024px) 100vw, 1024px\" \/><\/a><\/figure>\n\n\n\n<p><em>Teuvo Kettunen, Pertti Ohtonen, Ritva Malinen, Ritva Kilpel\u00e4inen ja Jatta Kettunen. Kuva Antero Huttunen.<\/em><\/p>\n\n\n\n<hr class=\"wp-block-separator has-alpha-channel-opacity\"\/>\n\n\n\n<p><strong>Lieksasta asti \u2013 syd\u00e4mell\u00e4 tehty\u00e4 ty\u00f6t\u00e4<\/strong><\/p>\n\n\n\n<p>Erityist\u00e4 tilaisuudessa oli se, ett\u00e4 esiintyj\u00e4t saapuivat Lieksasta.<br>He ovat yhdistyksemme todellisia <em>arkienkeleit\u00e4<\/em> \u2013 ihmisi\u00e4, jotka omalla panoksellaan tukevat Rukaj\u00e4rven suunnan historiaty\u00f6t\u00e4.<\/p>\n\n\n\n<p>Illan esiintyj\u00e4t:<\/p>\n\n\n\n<ul class=\"wp-block-list\">\n<li>Teuvo Kettunen<\/li>\n\n\n\n<li>Pertti Ohtonen<\/li>\n\n\n\n<li>Ritva Kilpel\u00e4inen<\/li>\n\n\n\n<li>Ritva Malin<\/li>\n\n\n\n<li>Jatta Kettunen<\/li>\n<\/ul>\n\n\n\n<p>K\u00e4sikirjoitus ja ohjaus: <strong>Jatta Kettunen<\/strong><\/p>\n\n\n\n<p>Esitys p\u00e4\u00e4ttyi hienostuneeseen kumarrukseen \u2013 hiljaiseen hetkeen, jossa yleis\u00f6 j\u00e4i kiitollisena paikalleen osoittaen suosiotaan ja kiirehtien keskustelemaan esiintyjien kanssa.<\/p>\n\n\n\n<hr class=\"wp-block-separator has-alpha-channel-opacity\"\/>\n\n\n\n<p><strong>Nyt kuultiin oikeita tarinoita, joita ei saa unohtaa<\/strong><\/p>\n\n\n\n<p>Konsertin voima ei syntynyt pelk\u00e4st\u00e4\u00e4n musiikista.<\/p>\n\n\n\n<p>Se syntyi tarinoista \u2013 todellisesta tiedosta.<\/p>\n\n\n\n<p>Rintamalta kerrotut muistot, lottien ty\u00f6, evakkojen kohtalot \u2013 kaikki ne kulkivat l\u00e4pi esityksen, tuoden historian l\u00e4helle, ihmisen tasolle.<\/p>\n\n\n\n<p>N\u00e4m\u00e4 eiv\u00e4t olleet vain kertomuksia menneest\u00e4.<br>Ne olivat todellisia kertomuksia ihmisyydest\u00e4.<\/p>\n\n\n\n<figure class=\"wp-block-image size-large\"><a href=\"http:\/\/www.rukajarvensuunnanhistoriayhdistys.fi\/historiayhdistys\/wp-content\/uploads\/2026\/04\/B-Ritvat-ja-Jatta-26-4-2026-1-scaled.jpg\"><img loading=\"lazy\" decoding=\"async\" width=\"1024\" height=\"576\" src=\"http:\/\/www.rukajarvensuunnanhistoriayhdistys.fi\/historiayhdistys\/wp-content\/uploads\/2026\/04\/B-Ritvat-ja-Jatta-26-4-2026-1-1024x576.jpg\" alt=\"\" class=\"wp-image-17142\" srcset=\"https:\/\/www.rukajarvensuunnanhistoriayhdistys.fi\/historiayhdistys\/wp-content\/uploads\/2026\/04\/B-Ritvat-ja-Jatta-26-4-2026-1-1024x576.jpg 1024w, https:\/\/www.rukajarvensuunnanhistoriayhdistys.fi\/historiayhdistys\/wp-content\/uploads\/2026\/04\/B-Ritvat-ja-Jatta-26-4-2026-1-300x169.jpg 300w, https:\/\/www.rukajarvensuunnanhistoriayhdistys.fi\/historiayhdistys\/wp-content\/uploads\/2026\/04\/B-Ritvat-ja-Jatta-26-4-2026-1-768x432.jpg 768w, https:\/\/www.rukajarvensuunnanhistoriayhdistys.fi\/historiayhdistys\/wp-content\/uploads\/2026\/04\/B-Ritvat-ja-Jatta-26-4-2026-1-1536x865.jpg 1536w, https:\/\/www.rukajarvensuunnanhistoriayhdistys.fi\/historiayhdistys\/wp-content\/uploads\/2026\/04\/B-Ritvat-ja-Jatta-26-4-2026-1-2048x1153.jpg 2048w\" sizes=\"auto, (max-width: 1024px) 100vw, 1024px\" \/><\/a><\/figure>\n\n\n\n<p><em>Ritva Malinen, Ritva Kilpel\u00e4inen ja Jatta Kettunen &#8211; kaikki ovat matkailuoppaita. Ritva Kilpel\u00e4inen j\u00e4rjest\u00f6ns\u00e4 puheenjohtaja. Kuva Antero Huttunen.<\/em><\/p>\n\n\n\n<hr class=\"wp-block-separator has-alpha-channel-opacity\"\/>\n\n\n\n<figure class=\"wp-block-image size-large\"><a href=\"http:\/\/www.rukajarvensuunnanhistoriayhdistys.fi\/historiayhdistys\/wp-content\/uploads\/2026\/04\/C-Kiuruvesi-26-4-2026-Antero-Huttunen-1-scaled.jpg\"><img loading=\"lazy\" decoding=\"async\" width=\"1024\" height=\"576\" src=\"http:\/\/www.rukajarvensuunnanhistoriayhdistys.fi\/historiayhdistys\/wp-content\/uploads\/2026\/04\/C-Kiuruvesi-26-4-2026-Antero-Huttunen-1-1024x576.jpg\" alt=\"\" class=\"wp-image-17143\" srcset=\"https:\/\/www.rukajarvensuunnanhistoriayhdistys.fi\/historiayhdistys\/wp-content\/uploads\/2026\/04\/C-Kiuruvesi-26-4-2026-Antero-Huttunen-1-1024x576.jpg 1024w, https:\/\/www.rukajarvensuunnanhistoriayhdistys.fi\/historiayhdistys\/wp-content\/uploads\/2026\/04\/C-Kiuruvesi-26-4-2026-Antero-Huttunen-1-300x169.jpg 300w, https:\/\/www.rukajarvensuunnanhistoriayhdistys.fi\/historiayhdistys\/wp-content\/uploads\/2026\/04\/C-Kiuruvesi-26-4-2026-Antero-Huttunen-1-768x432.jpg 768w, https:\/\/www.rukajarvensuunnanhistoriayhdistys.fi\/historiayhdistys\/wp-content\/uploads\/2026\/04\/C-Kiuruvesi-26-4-2026-Antero-Huttunen-1-1536x864.jpg 1536w, https:\/\/www.rukajarvensuunnanhistoriayhdistys.fi\/historiayhdistys\/wp-content\/uploads\/2026\/04\/C-Kiuruvesi-26-4-2026-Antero-Huttunen-1-2048x1152.jpg 2048w\" sizes=\"auto, (max-width: 1024px) 100vw, 1024px\" \/><\/a><\/figure>\n\n\n\n<p><strong>Yleis\u00f6 hiljeni \u2013 ja liikuttui<\/strong><\/p>\n\n\n\n<p>Tilaisuuden tunnelma oli poikkeuksellinen.<\/p>\n\n\n\n<p>Kiuruveden Lottaperinneyhdistyksen puheenjohtaja <strong>Arja K\u00e4rkk\u00e4inen<\/strong> kiteytti illan osuvasti: <em>\u201dHarvoin olen ollut yht\u00e4 korkeatasoisessa ja huolella valmistellussa konsertissa. T\u00e4t\u00e4 t\u00e4ytyy saada lis\u00e4\u00e4.\u201d<\/em><\/p>\n\n\n\n<p>Moni koki saman.<\/p>\n\n\n\n<p>Kun illan viimeisiin hetkiin kuului Jatta Kettusen tulkinta kappaleesta <strong>\u201dTie\u201d<\/strong>,<br>useampi kuulija tarttui hiljaa nen\u00e4liinaan.<\/p>\n\n\n\n<p>Juuri tuo hetki puhui puolestaan.<\/p>\n\n\n\n<hr class=\"wp-block-separator has-alpha-channel-opacity\"\/>\n\n\n\n<p><strong>Kiitos<\/strong><\/p>\n\n\n\n<p>Esit\u00e4mme l\u00e4mpim\u00e4n kiitoksemme kaikille esiintyjille.<\/p>\n\n\n\n<p>Kiitos siit\u00e4, ett\u00e4 toitte musiikin kautta esiin sen, mit\u00e4 ei voi kirjoittaa historiankirjoihin kokonaisuudessaan \u2013 tunteen, kokemuksen ja ihmisen.<\/p>\n\n\n\n<p>Kiitos my\u00f6s yleis\u00f6lle, joka oli mukana luomassa t\u00e4st\u00e4 illasta ainutlaatuisen.<\/p>\n\n\n\n<hr class=\"wp-block-separator has-alpha-channel-opacity\"\/>\n\n\n\n<p><strong>Muisti el\u00e4\u00e4 \u2013 ja koskettaa<\/strong><\/p>\n\n\n\n<p>Rukaj\u00e4rvi-keskuksen teht\u00e4v\u00e4 on s\u00e4ilytt\u00e4\u00e4 ja v\u00e4litt\u00e4\u00e4 historiaa.<\/p>\n\n\n\n<p>T\u00e4llaisina hetkin\u00e4 ymm\u00e4rr\u00e4mme, ett\u00e4 historia ei ole vain tietoa \u2013<br>se on kokemus, mik\u00e4 juuri n\u00e4in jaettuna el\u00e4\u00e4.<\/p>\n\n\n\n<hr class=\"wp-block-separator has-alpha-channel-opacity\"\/>\n\n\n\n<p><strong>Veteraanit kiitt\u00e4\u00e4!<\/strong><\/p>\n\n\n\n<figure class=\"wp-block-image size-full is-resized\"><a href=\"http:\/\/www.rukajarvensuunnanhistoriayhdistys.fi\/historiayhdistys\/wp-content\/uploads\/2026\/04\/Veteraanit-yli-100-vuotta-2026-03-10-\u2013-kopio-1.jpg\"><img loading=\"lazy\" decoding=\"async\" width=\"760\" height=\"334\" src=\"http:\/\/www.rukajarvensuunnanhistoriayhdistys.fi\/historiayhdistys\/wp-content\/uploads\/2026\/04\/Veteraanit-yli-100-vuotta-2026-03-10-\u2013-kopio-1.jpg\" alt=\"\" class=\"wp-image-17144\" style=\"width:840px;height:auto\" srcset=\"https:\/\/www.rukajarvensuunnanhistoriayhdistys.fi\/historiayhdistys\/wp-content\/uploads\/2026\/04\/Veteraanit-yli-100-vuotta-2026-03-10-\u2013-kopio-1.jpg 760w, https:\/\/www.rukajarvensuunnanhistoriayhdistys.fi\/historiayhdistys\/wp-content\/uploads\/2026\/04\/Veteraanit-yli-100-vuotta-2026-03-10-\u2013-kopio-1-300x132.jpg 300w\" sizes=\"auto, (max-width: 760px) 100vw, 760px\" \/><\/a><\/figure>\n\n\n\n<p>Konsertti oli j\u00e4rjestetty Valtakunnallisen veteraanip\u00e4iv\u00e4n kunniaksi. Yll\u00e4 yhdistyksemme veteraanij\u00e4senet. Professori Ilmari Koppinen on muuten maan vanhin miespuolinen kansalainen, ainut Talvisodan kokenut ja ainut p\u00e4\u00e4majassa toiminut upseeri maassamme.<\/p>\n\n\n\n<p>TJT.\/26.4.2026<\/p>\n","protected":false},"excerpt":{"rendered":"<p>Kosketuksen voima \u2013 tarinallinen konsertti liikutti kuulijansa Kiuruveden Rukaj\u00e4rvi-keskuksessa t\u00e4n\u00e4\u00e4n Kansallisen veteraanip\u00e4iv\u00e4n aattona. Tarinallinen konsertti \u201dKirje sielt\u00e4 jostakin\u201d toi yhteen musiikin, historian ja ihmisten kokemukset tavalla, joka puhutteli syv\u00e4sti jokaista <a class=\"more-link\" href=\"https:\/\/www.rukajarvensuunnanhistoriayhdistys.fi\/historiayhdistys\/onnistunut-juhlallinen-konsertti-kiuruveden-uusitussa-rukajarvi-keskuksessa\/\">Teksti jatkuu&#8230;<span class=\"screen-reader-text\">Onnistunut &#8211; juhlallinen konsertti &#8211; Kiuruveden uusitussa Rukaj\u00e4rvi-keskuksessa<\/span><span class=\"meta-nav\">\u2192<\/span><\/a><\/p>\n","protected":false},"author":3,"featured_media":0,"comment_status":"closed","ping_status":"open","sticky":false,"template":"","format":"standard","meta":{"footnotes":""},"categories":[22,21,33,1],"tags":[],"class_list":["post-17137","post","type-post","status-publish","format-standard","hentry","category-ajankohtaista","category-rukajarvi-keskus","category-rukajarvi-keskus-iisalmi","category-yleinen"],"yoast_head":"<!-- This site is optimized with the Yoast SEO plugin v27.4 - https:\/\/yoast.com\/product\/yoast-seo-wordpress\/ -->\n<title>Onnistunut - juhlallinen konsertti - Kiuruveden uusitussa Rukaj\u00e4rvi-keskuksessa - Rukaj\u00e4rven suunnan historiayhdistys<\/title>\n<meta name=\"robots\" content=\"index, follow, max-snippet:-1, max-image-preview:large, max-video-preview:-1\" \/>\n<link rel=\"canonical\" href=\"http:\/\/www.rukajarvensuunnanhistoriayhdistys.fi\/historiayhdistys\/onnistunut-juhlallinen-konsertti-kiuruveden-uusitussa-rukajarvi-keskuksessa\/\" \/>\n<meta property=\"og:locale\" content=\"fi_FI\" \/>\n<meta property=\"og:type\" content=\"article\" \/>\n<meta property=\"og:title\" content=\"Onnistunut - juhlallinen konsertti - Kiuruveden uusitussa Rukaj\u00e4rvi-keskuksessa - Rukaj\u00e4rven suunnan historiayhdistys\" \/>\n<meta property=\"og:description\" content=\"Kosketuksen voima \u2013 tarinallinen konsertti liikutti kuulijansa Kiuruveden Rukaj\u00e4rvi-keskuksessa t\u00e4n\u00e4\u00e4n Kansallisen veteraanip\u00e4iv\u00e4n aattona. Tarinallinen konsertti \u201dKirje sielt\u00e4 jostakin\u201d toi yhteen musiikin, historian ja ihmisten kokemukset tavalla, joka puhutteli syv\u00e4sti jokaista Teksti jatkuu...Onnistunut &#8211; juhlallinen konsertti &#8211; Kiuruveden uusitussa Rukaj\u00e4rvi-keskuksessa\u2192\" \/>\n<meta property=\"og:url\" content=\"http:\/\/www.rukajarvensuunnanhistoriayhdistys.fi\/historiayhdistys\/onnistunut-juhlallinen-konsertti-kiuruveden-uusitussa-rukajarvi-keskuksessa\/\" \/>\n<meta property=\"og:site_name\" content=\"Rukaj\u00e4rven suunnan historiayhdistys\" \/>\n<meta property=\"article:published_time\" content=\"2026-04-26T20:32:05+00:00\" \/>\n<meta property=\"article:modified_time\" content=\"2026-04-26T20:38:09+00:00\" \/>\n<meta property=\"og:image\" content=\"https:\/\/www.rukajarvensuunnanhistoriayhdistys.fi\/historiayhdistys\/wp-content\/uploads\/2026\/04\/A-Teuvo-Pertti-Ritvat-ja-Jatta-26-4-2026-1.jpg\" \/>\n\t<meta property=\"og:image:width\" content=\"1696\" \/>\n\t<meta property=\"og:image:height\" content=\"954\" \/>\n\t<meta property=\"og:image:type\" content=\"image\/jpeg\" \/>\n<meta name=\"author\" content=\"RSHY\" \/>\n<meta name=\"twitter:label1\" content=\"Kirjoittanut\" \/>\n\t<meta name=\"twitter:data1\" content=\"RSHY\" \/>\n\t<meta name=\"twitter:label2\" content=\"Arvioitu lukuaika\" \/>\n\t<meta name=\"twitter:data2\" content=\"3 minuuttia\" \/>\n<script type=\"application\/ld+json\" class=\"yoast-schema-graph\">{\"@context\":\"https:\\\/\\\/schema.org\",\"@graph\":[{\"@type\":\"Article\",\"@id\":\"http:\\\/\\\/www.rukajarvensuunnanhistoriayhdistys.fi\\\/historiayhdistys\\\/onnistunut-juhlallinen-konsertti-kiuruveden-uusitussa-rukajarvi-keskuksessa\\\/#article\",\"isPartOf\":{\"@id\":\"http:\\\/\\\/www.rukajarvensuunnanhistoriayhdistys.fi\\\/historiayhdistys\\\/onnistunut-juhlallinen-konsertti-kiuruveden-uusitussa-rukajarvi-keskuksessa\\\/\"},\"author\":{\"name\":\"RSHY\",\"@id\":\"http:\\\/\\\/www.rukajarvensuunnanhistoriayhdistys.fi\\\/historiayhdistys\\\/#\\\/schema\\\/person\\\/19de7db68bf72dfd2b5d7f6dfbf8454d\"},\"headline\":\"Onnistunut &#8211; juhlallinen konsertti &#8211; Kiuruveden uusitussa Rukaj\u00e4rvi-keskuksessa\",\"datePublished\":\"2026-04-26T20:32:05+00:00\",\"dateModified\":\"2026-04-26T20:38:09+00:00\",\"mainEntityOfPage\":{\"@id\":\"http:\\\/\\\/www.rukajarvensuunnanhistoriayhdistys.fi\\\/historiayhdistys\\\/onnistunut-juhlallinen-konsertti-kiuruveden-uusitussa-rukajarvi-keskuksessa\\\/\"},\"wordCount\":376,\"publisher\":{\"@id\":\"http:\\\/\\\/www.rukajarvensuunnanhistoriayhdistys.fi\\\/historiayhdistys\\\/#organization\"},\"image\":{\"@id\":\"http:\\\/\\\/www.rukajarvensuunnanhistoriayhdistys.fi\\\/historiayhdistys\\\/onnistunut-juhlallinen-konsertti-kiuruveden-uusitussa-rukajarvi-keskuksessa\\\/#primaryimage\"},\"thumbnailUrl\":\"http:\\\/\\\/www.rukajarvensuunnanhistoriayhdistys.fi\\\/historiayhdistys\\\/wp-content\\\/uploads\\\/2026\\\/04\\\/A-Teuvo-Pertti-Ritvat-ja-Jatta-26-4-2026-1-1024x576.jpg\",\"articleSection\":[\"Ajankohtaista\",\"Rukaj\u00e4rvi-keskus\",\"Rukaj\u00e4rvi-keskus \u2013 Kiuruvesi\"],\"inLanguage\":\"fi\"},{\"@type\":\"WebPage\",\"@id\":\"http:\\\/\\\/www.rukajarvensuunnanhistoriayhdistys.fi\\\/historiayhdistys\\\/onnistunut-juhlallinen-konsertti-kiuruveden-uusitussa-rukajarvi-keskuksessa\\\/\",\"url\":\"http:\\\/\\\/www.rukajarvensuunnanhistoriayhdistys.fi\\\/historiayhdistys\\\/onnistunut-juhlallinen-konsertti-kiuruveden-uusitussa-rukajarvi-keskuksessa\\\/\",\"name\":\"Onnistunut - juhlallinen konsertti - Kiuruveden uusitussa Rukaj\u00e4rvi-keskuksessa - Rukaj\u00e4rven suunnan historiayhdistys\",\"isPartOf\":{\"@id\":\"http:\\\/\\\/www.rukajarvensuunnanhistoriayhdistys.fi\\\/historiayhdistys\\\/#website\"},\"primaryImageOfPage\":{\"@id\":\"http:\\\/\\\/www.rukajarvensuunnanhistoriayhdistys.fi\\\/historiayhdistys\\\/onnistunut-juhlallinen-konsertti-kiuruveden-uusitussa-rukajarvi-keskuksessa\\\/#primaryimage\"},\"image\":{\"@id\":\"http:\\\/\\\/www.rukajarvensuunnanhistoriayhdistys.fi\\\/historiayhdistys\\\/onnistunut-juhlallinen-konsertti-kiuruveden-uusitussa-rukajarvi-keskuksessa\\\/#primaryimage\"},\"thumbnailUrl\":\"http:\\\/\\\/www.rukajarvensuunnanhistoriayhdistys.fi\\\/historiayhdistys\\\/wp-content\\\/uploads\\\/2026\\\/04\\\/A-Teuvo-Pertti-Ritvat-ja-Jatta-26-4-2026-1-1024x576.jpg\",\"datePublished\":\"2026-04-26T20:32:05+00:00\",\"dateModified\":\"2026-04-26T20:38:09+00:00\",\"breadcrumb\":{\"@id\":\"http:\\\/\\\/www.rukajarvensuunnanhistoriayhdistys.fi\\\/historiayhdistys\\\/onnistunut-juhlallinen-konsertti-kiuruveden-uusitussa-rukajarvi-keskuksessa\\\/#breadcrumb\"},\"inLanguage\":\"fi\",\"potentialAction\":[{\"@type\":\"ReadAction\",\"target\":[\"http:\\\/\\\/www.rukajarvensuunnanhistoriayhdistys.fi\\\/historiayhdistys\\\/onnistunut-juhlallinen-konsertti-kiuruveden-uusitussa-rukajarvi-keskuksessa\\\/\"]}]},{\"@type\":\"ImageObject\",\"inLanguage\":\"fi\",\"@id\":\"http:\\\/\\\/www.rukajarvensuunnanhistoriayhdistys.fi\\\/historiayhdistys\\\/onnistunut-juhlallinen-konsertti-kiuruveden-uusitussa-rukajarvi-keskuksessa\\\/#primaryimage\",\"url\":\"https:\\\/\\\/www.rukajarvensuunnanhistoriayhdistys.fi\\\/historiayhdistys\\\/wp-content\\\/uploads\\\/2026\\\/04\\\/A-Teuvo-Pertti-Ritvat-ja-Jatta-26-4-2026-1.jpg\",\"contentUrl\":\"https:\\\/\\\/www.rukajarvensuunnanhistoriayhdistys.fi\\\/historiayhdistys\\\/wp-content\\\/uploads\\\/2026\\\/04\\\/A-Teuvo-Pertti-Ritvat-ja-Jatta-26-4-2026-1.jpg\",\"width\":1696,\"height\":954},{\"@type\":\"BreadcrumbList\",\"@id\":\"http:\\\/\\\/www.rukajarvensuunnanhistoriayhdistys.fi\\\/historiayhdistys\\\/onnistunut-juhlallinen-konsertti-kiuruveden-uusitussa-rukajarvi-keskuksessa\\\/#breadcrumb\",\"itemListElement\":[{\"@type\":\"ListItem\",\"position\":1,\"name\":\"Etusivu\",\"item\":\"http:\\\/\\\/www.rukajarvensuunnanhistoriayhdistys.fi\\\/historiayhdistys\\\/\"},{\"@type\":\"ListItem\",\"position\":2,\"name\":\"Onnistunut &#8211; juhlallinen konsertti &#8211; Kiuruveden uusitussa Rukaj\u00e4rvi-keskuksessa\"}]},{\"@type\":\"WebSite\",\"@id\":\"http:\\\/\\\/www.rukajarvensuunnanhistoriayhdistys.fi\\\/historiayhdistys\\\/#website\",\"url\":\"http:\\\/\\\/www.rukajarvensuunnanhistoriayhdistys.fi\\\/historiayhdistys\\\/\",\"name\":\"Rukaj\u00e4rven suunnan historiayhdistys\",\"description\":\"Rukaj\u00e4rven suunnan historiayhdistyksen verkkosivut.\",\"publisher\":{\"@id\":\"http:\\\/\\\/www.rukajarvensuunnanhistoriayhdistys.fi\\\/historiayhdistys\\\/#organization\"},\"potentialAction\":[{\"@type\":\"SearchAction\",\"target\":{\"@type\":\"EntryPoint\",\"urlTemplate\":\"http:\\\/\\\/www.rukajarvensuunnanhistoriayhdistys.fi\\\/historiayhdistys\\\/?s={search_term_string}\"},\"query-input\":{\"@type\":\"PropertyValueSpecification\",\"valueRequired\":true,\"valueName\":\"search_term_string\"}}],\"inLanguage\":\"fi\"},{\"@type\":\"Organization\",\"@id\":\"http:\\\/\\\/www.rukajarvensuunnanhistoriayhdistys.fi\\\/historiayhdistys\\\/#organization\",\"name\":\"Rukaj\u00e4rven suunnan historiayhdistys\",\"url\":\"http:\\\/\\\/www.rukajarvensuunnanhistoriayhdistys.fi\\\/historiayhdistys\\\/\",\"logo\":{\"@type\":\"ImageObject\",\"inLanguage\":\"fi\",\"@id\":\"http:\\\/\\\/www.rukajarvensuunnanhistoriayhdistys.fi\\\/historiayhdistys\\\/#\\\/schema\\\/logo\\\/image\\\/\",\"url\":\"https:\\\/\\\/www.rukajarvensuunnanhistoriayhdistys.fi\\\/historiayhdistys\\\/wp-content\\\/uploads\\\/2013\\\/12\\\/Otsake_3.jpg\",\"contentUrl\":\"https:\\\/\\\/www.rukajarvensuunnanhistoriayhdistys.fi\\\/historiayhdistys\\\/wp-content\\\/uploads\\\/2013\\\/12\\\/Otsake_3.jpg\",\"width\":1000,\"height\":442,\"caption\":\"Rukaj\u00e4rven suunnan historiayhdistys\"},\"image\":{\"@id\":\"http:\\\/\\\/www.rukajarvensuunnanhistoriayhdistys.fi\\\/historiayhdistys\\\/#\\\/schema\\\/logo\\\/image\\\/\"}},{\"@type\":\"Person\",\"@id\":\"http:\\\/\\\/www.rukajarvensuunnanhistoriayhdistys.fi\\\/historiayhdistys\\\/#\\\/schema\\\/person\\\/19de7db68bf72dfd2b5d7f6dfbf8454d\",\"name\":\"RSHY\",\"image\":{\"@type\":\"ImageObject\",\"inLanguage\":\"fi\",\"@id\":\"https:\\\/\\\/secure.gravatar.com\\\/avatar\\\/598d59263a69cc8de65fcb4f9db78d6f58c098cb0e0ba22d73377441af9fa04c?s=96&d=blank&r=g\",\"url\":\"https:\\\/\\\/secure.gravatar.com\\\/avatar\\\/598d59263a69cc8de65fcb4f9db78d6f58c098cb0e0ba22d73377441af9fa04c?s=96&d=blank&r=g\",\"contentUrl\":\"https:\\\/\\\/secure.gravatar.com\\\/avatar\\\/598d59263a69cc8de65fcb4f9db78d6f58c098cb0e0ba22d73377441af9fa04c?s=96&d=blank&r=g\",\"caption\":\"RSHY\"},\"url\":\"https:\\\/\\\/www.rukajarvensuunnanhistoriayhdistys.fi\\\/historiayhdistys\\\/author\\\/rshy\\\/\"}]}<\/script>\n<!-- \/ Yoast SEO plugin. -->","yoast_head_json":{"title":"Onnistunut - juhlallinen konsertti - Kiuruveden uusitussa Rukaj\u00e4rvi-keskuksessa - Rukaj\u00e4rven suunnan historiayhdistys","robots":{"index":"index","follow":"follow","max-snippet":"max-snippet:-1","max-image-preview":"max-image-preview:large","max-video-preview":"max-video-preview:-1"},"canonical":"http:\/\/www.rukajarvensuunnanhistoriayhdistys.fi\/historiayhdistys\/onnistunut-juhlallinen-konsertti-kiuruveden-uusitussa-rukajarvi-keskuksessa\/","og_locale":"fi_FI","og_type":"article","og_title":"Onnistunut - juhlallinen konsertti - Kiuruveden uusitussa Rukaj\u00e4rvi-keskuksessa - Rukaj\u00e4rven suunnan historiayhdistys","og_description":"Kosketuksen voima \u2013 tarinallinen konsertti liikutti kuulijansa Kiuruveden Rukaj\u00e4rvi-keskuksessa t\u00e4n\u00e4\u00e4n Kansallisen veteraanip\u00e4iv\u00e4n aattona. Tarinallinen konsertti \u201dKirje sielt\u00e4 jostakin\u201d toi yhteen musiikin, historian ja ihmisten kokemukset tavalla, joka puhutteli syv\u00e4sti jokaista Teksti jatkuu...Onnistunut &#8211; juhlallinen konsertti &#8211; Kiuruveden uusitussa Rukaj\u00e4rvi-keskuksessa\u2192","og_url":"http:\/\/www.rukajarvensuunnanhistoriayhdistys.fi\/historiayhdistys\/onnistunut-juhlallinen-konsertti-kiuruveden-uusitussa-rukajarvi-keskuksessa\/","og_site_name":"Rukaj\u00e4rven suunnan historiayhdistys","article_published_time":"2026-04-26T20:32:05+00:00","article_modified_time":"2026-04-26T20:38:09+00:00","og_image":[{"width":1696,"height":954,"url":"https:\/\/www.rukajarvensuunnanhistoriayhdistys.fi\/historiayhdistys\/wp-content\/uploads\/2026\/04\/A-Teuvo-Pertti-Ritvat-ja-Jatta-26-4-2026-1.jpg","type":"image\/jpeg"}],"author":"RSHY","twitter_misc":{"Kirjoittanut":"RSHY","Arvioitu lukuaika":"3 minuuttia"},"schema":{"@context":"https:\/\/schema.org","@graph":[{"@type":"Article","@id":"http:\/\/www.rukajarvensuunnanhistoriayhdistys.fi\/historiayhdistys\/onnistunut-juhlallinen-konsertti-kiuruveden-uusitussa-rukajarvi-keskuksessa\/#article","isPartOf":{"@id":"http:\/\/www.rukajarvensuunnanhistoriayhdistys.fi\/historiayhdistys\/onnistunut-juhlallinen-konsertti-kiuruveden-uusitussa-rukajarvi-keskuksessa\/"},"author":{"name":"RSHY","@id":"http:\/\/www.rukajarvensuunnanhistoriayhdistys.fi\/historiayhdistys\/#\/schema\/person\/19de7db68bf72dfd2b5d7f6dfbf8454d"},"headline":"Onnistunut &#8211; juhlallinen konsertti &#8211; Kiuruveden uusitussa Rukaj\u00e4rvi-keskuksessa","datePublished":"2026-04-26T20:32:05+00:00","dateModified":"2026-04-26T20:38:09+00:00","mainEntityOfPage":{"@id":"http:\/\/www.rukajarvensuunnanhistoriayhdistys.fi\/historiayhdistys\/onnistunut-juhlallinen-konsertti-kiuruveden-uusitussa-rukajarvi-keskuksessa\/"},"wordCount":376,"publisher":{"@id":"http:\/\/www.rukajarvensuunnanhistoriayhdistys.fi\/historiayhdistys\/#organization"},"image":{"@id":"http:\/\/www.rukajarvensuunnanhistoriayhdistys.fi\/historiayhdistys\/onnistunut-juhlallinen-konsertti-kiuruveden-uusitussa-rukajarvi-keskuksessa\/#primaryimage"},"thumbnailUrl":"http:\/\/www.rukajarvensuunnanhistoriayhdistys.fi\/historiayhdistys\/wp-content\/uploads\/2026\/04\/A-Teuvo-Pertti-Ritvat-ja-Jatta-26-4-2026-1-1024x576.jpg","articleSection":["Ajankohtaista","Rukaj\u00e4rvi-keskus","Rukaj\u00e4rvi-keskus \u2013 Kiuruvesi"],"inLanguage":"fi"},{"@type":"WebPage","@id":"http:\/\/www.rukajarvensuunnanhistoriayhdistys.fi\/historiayhdistys\/onnistunut-juhlallinen-konsertti-kiuruveden-uusitussa-rukajarvi-keskuksessa\/","url":"http:\/\/www.rukajarvensuunnanhistoriayhdistys.fi\/historiayhdistys\/onnistunut-juhlallinen-konsertti-kiuruveden-uusitussa-rukajarvi-keskuksessa\/","name":"Onnistunut - juhlallinen konsertti - Kiuruveden uusitussa Rukaj\u00e4rvi-keskuksessa - Rukaj\u00e4rven suunnan historiayhdistys","isPartOf":{"@id":"http:\/\/www.rukajarvensuunnanhistoriayhdistys.fi\/historiayhdistys\/#website"},"primaryImageOfPage":{"@id":"http:\/\/www.rukajarvensuunnanhistoriayhdistys.fi\/historiayhdistys\/onnistunut-juhlallinen-konsertti-kiuruveden-uusitussa-rukajarvi-keskuksessa\/#primaryimage"},"image":{"@id":"http:\/\/www.rukajarvensuunnanhistoriayhdistys.fi\/historiayhdistys\/onnistunut-juhlallinen-konsertti-kiuruveden-uusitussa-rukajarvi-keskuksessa\/#primaryimage"},"thumbnailUrl":"http:\/\/www.rukajarvensuunnanhistoriayhdistys.fi\/historiayhdistys\/wp-content\/uploads\/2026\/04\/A-Teuvo-Pertti-Ritvat-ja-Jatta-26-4-2026-1-1024x576.jpg","datePublished":"2026-04-26T20:32:05+00:00","dateModified":"2026-04-26T20:38:09+00:00","breadcrumb":{"@id":"http:\/\/www.rukajarvensuunnanhistoriayhdistys.fi\/historiayhdistys\/onnistunut-juhlallinen-konsertti-kiuruveden-uusitussa-rukajarvi-keskuksessa\/#breadcrumb"},"inLanguage":"fi","potentialAction":[{"@type":"ReadAction","target":["http:\/\/www.rukajarvensuunnanhistoriayhdistys.fi\/historiayhdistys\/onnistunut-juhlallinen-konsertti-kiuruveden-uusitussa-rukajarvi-keskuksessa\/"]}]},{"@type":"ImageObject","inLanguage":"fi","@id":"http:\/\/www.rukajarvensuunnanhistoriayhdistys.fi\/historiayhdistys\/onnistunut-juhlallinen-konsertti-kiuruveden-uusitussa-rukajarvi-keskuksessa\/#primaryimage","url":"https:\/\/www.rukajarvensuunnanhistoriayhdistys.fi\/historiayhdistys\/wp-content\/uploads\/2026\/04\/A-Teuvo-Pertti-Ritvat-ja-Jatta-26-4-2026-1.jpg","contentUrl":"https:\/\/www.rukajarvensuunnanhistoriayhdistys.fi\/historiayhdistys\/wp-content\/uploads\/2026\/04\/A-Teuvo-Pertti-Ritvat-ja-Jatta-26-4-2026-1.jpg","width":1696,"height":954},{"@type":"BreadcrumbList","@id":"http:\/\/www.rukajarvensuunnanhistoriayhdistys.fi\/historiayhdistys\/onnistunut-juhlallinen-konsertti-kiuruveden-uusitussa-rukajarvi-keskuksessa\/#breadcrumb","itemListElement":[{"@type":"ListItem","position":1,"name":"Etusivu","item":"http:\/\/www.rukajarvensuunnanhistoriayhdistys.fi\/historiayhdistys\/"},{"@type":"ListItem","position":2,"name":"Onnistunut &#8211; juhlallinen konsertti &#8211; Kiuruveden uusitussa Rukaj\u00e4rvi-keskuksessa"}]},{"@type":"WebSite","@id":"http:\/\/www.rukajarvensuunnanhistoriayhdistys.fi\/historiayhdistys\/#website","url":"http:\/\/www.rukajarvensuunnanhistoriayhdistys.fi\/historiayhdistys\/","name":"Rukaj\u00e4rven suunnan historiayhdistys","description":"Rukaj\u00e4rven suunnan historiayhdistyksen verkkosivut.","publisher":{"@id":"http:\/\/www.rukajarvensuunnanhistoriayhdistys.fi\/historiayhdistys\/#organization"},"potentialAction":[{"@type":"SearchAction","target":{"@type":"EntryPoint","urlTemplate":"http:\/\/www.rukajarvensuunnanhistoriayhdistys.fi\/historiayhdistys\/?s={search_term_string}"},"query-input":{"@type":"PropertyValueSpecification","valueRequired":true,"valueName":"search_term_string"}}],"inLanguage":"fi"},{"@type":"Organization","@id":"http:\/\/www.rukajarvensuunnanhistoriayhdistys.fi\/historiayhdistys\/#organization","name":"Rukaj\u00e4rven suunnan historiayhdistys","url":"http:\/\/www.rukajarvensuunnanhistoriayhdistys.fi\/historiayhdistys\/","logo":{"@type":"ImageObject","inLanguage":"fi","@id":"http:\/\/www.rukajarvensuunnanhistoriayhdistys.fi\/historiayhdistys\/#\/schema\/logo\/image\/","url":"https:\/\/www.rukajarvensuunnanhistoriayhdistys.fi\/historiayhdistys\/wp-content\/uploads\/2013\/12\/Otsake_3.jpg","contentUrl":"https:\/\/www.rukajarvensuunnanhistoriayhdistys.fi\/historiayhdistys\/wp-content\/uploads\/2013\/12\/Otsake_3.jpg","width":1000,"height":442,"caption":"Rukaj\u00e4rven suunnan historiayhdistys"},"image":{"@id":"http:\/\/www.rukajarvensuunnanhistoriayhdistys.fi\/historiayhdistys\/#\/schema\/logo\/image\/"}},{"@type":"Person","@id":"http:\/\/www.rukajarvensuunnanhistoriayhdistys.fi\/historiayhdistys\/#\/schema\/person\/19de7db68bf72dfd2b5d7f6dfbf8454d","name":"RSHY","image":{"@type":"ImageObject","inLanguage":"fi","@id":"https:\/\/secure.gravatar.com\/avatar\/598d59263a69cc8de65fcb4f9db78d6f58c098cb0e0ba22d73377441af9fa04c?s=96&d=blank&r=g","url":"https:\/\/secure.gravatar.com\/avatar\/598d59263a69cc8de65fcb4f9db78d6f58c098cb0e0ba22d73377441af9fa04c?s=96&d=blank&r=g","contentUrl":"https:\/\/secure.gravatar.com\/avatar\/598d59263a69cc8de65fcb4f9db78d6f58c098cb0e0ba22d73377441af9fa04c?s=96&d=blank&r=g","caption":"RSHY"},"url":"https:\/\/www.rukajarvensuunnanhistoriayhdistys.fi\/historiayhdistys\/author\/rshy\/"}]}},"_links":{"self":[{"href":"https:\/\/www.rukajarvensuunnanhistoriayhdistys.fi\/historiayhdistys\/wp-json\/wp\/v2\/posts\/17137","targetHints":{"allow":["GET"]}}],"collection":[{"href":"https:\/\/www.rukajarvensuunnanhistoriayhdistys.fi\/historiayhdistys\/wp-json\/wp\/v2\/posts"}],"about":[{"href":"https:\/\/www.rukajarvensuunnanhistoriayhdistys.fi\/historiayhdistys\/wp-json\/wp\/v2\/types\/post"}],"author":[{"embeddable":true,"href":"https:\/\/www.rukajarvensuunnanhistoriayhdistys.fi\/historiayhdistys\/wp-json\/wp\/v2\/users\/3"}],"replies":[{"embeddable":true,"href":"https:\/\/www.rukajarvensuunnanhistoriayhdistys.fi\/historiayhdistys\/wp-json\/wp\/v2\/comments?post=17137"}],"version-history":[{"count":3,"href":"https:\/\/www.rukajarvensuunnanhistoriayhdistys.fi\/historiayhdistys\/wp-json\/wp\/v2\/posts\/17137\/revisions"}],"predecessor-version":[{"id":17148,"href":"https:\/\/www.rukajarvensuunnanhistoriayhdistys.fi\/historiayhdistys\/wp-json\/wp\/v2\/posts\/17137\/revisions\/17148"}],"wp:attachment":[{"href":"https:\/\/www.rukajarvensuunnanhistoriayhdistys.fi\/historiayhdistys\/wp-json\/wp\/v2\/media?parent=17137"}],"wp:term":[{"taxonomy":"category","embeddable":true,"href":"https:\/\/www.rukajarvensuunnanhistoriayhdistys.fi\/historiayhdistys\/wp-json\/wp\/v2\/categories?post=17137"},{"taxonomy":"post_tag","embeddable":true,"href":"https:\/\/www.rukajarvensuunnanhistoriayhdistys.fi\/historiayhdistys\/wp-json\/wp\/v2\/tags?post=17137"}],"curies":[{"name":"wp","href":"https:\/\/api.w.org\/{rel}","templated":true}]}}