{"id":786,"date":"2014-08-05T15:30:40","date_gmt":"2014-08-05T12:30:40","guid":{"rendered":"http:\/\/www.rukajarvensuunnanhistoriayhdistys.fi\/historiayhdistys\/?p=786"},"modified":"2014-08-06T00:18:32","modified_gmt":"2014-08-05T21:18:32","slug":"juna-saapui-lieksaan-tervetuloa-pielisen-karjalaan","status":"publish","type":"post","link":"https:\/\/www.rukajarvensuunnanhistoriayhdistys.fi\/historiayhdistys\/juna-saapui-lieksaan-tervetuloa-pielisen-karjalaan\/","title":{"rendered":"Juna saapui Lieksaan &#8211; Tervetuloa Pielisen-Karjalaan"},"content":{"rendered":"<div class=\"fcbkbttn_buttons_block\" id=\"fcbkbttn_left\"><div class=\"fcbkbttn_like \"><fb:like href=\"https:\/\/www.rukajarvensuunnanhistoriayhdistys.fi\/historiayhdistys\/juna-saapui-lieksaan-tervetuloa-pielisen-karjalaan\/\" action=\"like\" colorscheme=\"light\" layout=\"button_count\"  size=\"small\"><\/fb:like><\/div><\/div><p>Tapani Laaksomien (SteamRail Oy) saapui Lieksan asemalle, jossa h\u00e4nt\u00e4 vastaanottamassa oli runsaslukuinen yleis\u00f6. Pienimuotoisessa juhlatilaisuudessa puhuivat Lieksan Yritt\u00e4jien puheenjohtaja Ville V\u00e4nsk\u00e4 ja Rukaj\u00e4rven suunnan historiayhdistyksen (RSHY) puheenjohtaja Tenho Tikkanen.<\/p>\n<figure id=\"attachment_787\" aria-describedby=\"caption-attachment-787\" style=\"width: 1754px\" class=\"wp-caption alignnone\"><a href=\"http:\/\/www.rukajarvensuunnanhistoriayhdistys.fi\/historiayhdistys\/wp-content\/uploads\/2014\/08\/Lieksan-asema-5-8-2014.jpg\"><img loading=\"lazy\" decoding=\"async\" class=\"wp-image-787 size-full\" src=\"http:\/\/www.rukajarvensuunnanhistoriayhdistys.fi\/historiayhdistys\/wp-content\/uploads\/2014\/08\/Lieksan-asema-5-8-2014.jpg\" alt=\"Lieksan asemarakennus t\u00e4n\u00e4\u00e4n. Rakennusvuosi 1909 ja vakituinen liikenn\u00f6inti alkoi t\u00e4nne vuonna 1910.\" width=\"1754\" height=\"1240\" data-id=\"787\" srcset=\"https:\/\/www.rukajarvensuunnanhistoriayhdistys.fi\/historiayhdistys\/wp-content\/uploads\/2014\/08\/Lieksan-asema-5-8-2014.jpg 1754w, https:\/\/www.rukajarvensuunnanhistoriayhdistys.fi\/historiayhdistys\/wp-content\/uploads\/2014\/08\/Lieksan-asema-5-8-2014-300x212.jpg 300w, https:\/\/www.rukajarvensuunnanhistoriayhdistys.fi\/historiayhdistys\/wp-content\/uploads\/2014\/08\/Lieksan-asema-5-8-2014-1024x723.jpg 1024w\" sizes=\"auto, (max-width: 1754px) 100vw, 1754px\" \/><\/a><figcaption id=\"caption-attachment-787\" class=\"wp-caption-text\">Lieksan asemarakennus t\u00e4n\u00e4\u00e4n. Rakennusvuosi 1909 ja vakituinen liikenn\u00f6inti alkoi t\u00e4nne vuonna 1910.<\/figcaption><\/figure>\n<figure id=\"attachment_792\" aria-describedby=\"caption-attachment-792\" style=\"width: 1754px\" class=\"wp-caption alignnone\"><a href=\"http:\/\/www.rukajarvensuunnanhistoriayhdistys.fi\/historiayhdistys\/wp-content\/uploads\/2014\/08\/Laaksomiehen-Veturi-Lieksan-asemalla.jpg\"><img loading=\"lazy\" decoding=\"async\" class=\"wp-image-792 size-full\" src=\"http:\/\/www.rukajarvensuunnanhistoriayhdistys.fi\/historiayhdistys\/wp-content\/uploads\/2014\/08\/Laaksomiehen-Veturi-Lieksan-asemalla.jpg\" alt=\"Tapani Laaksomies toi veturit Pielisen-Karjalaan etuajassa.\" width=\"1754\" height=\"1240\" data-id=\"792\" srcset=\"https:\/\/www.rukajarvensuunnanhistoriayhdistys.fi\/historiayhdistys\/wp-content\/uploads\/2014\/08\/Laaksomiehen-Veturi-Lieksan-asemalla.jpg 1754w, https:\/\/www.rukajarvensuunnanhistoriayhdistys.fi\/historiayhdistys\/wp-content\/uploads\/2014\/08\/Laaksomiehen-Veturi-Lieksan-asemalla-300x212.jpg 300w, https:\/\/www.rukajarvensuunnanhistoriayhdistys.fi\/historiayhdistys\/wp-content\/uploads\/2014\/08\/Laaksomiehen-Veturi-Lieksan-asemalla-1024x723.jpg 1024w\" sizes=\"auto, (max-width: 1754px) 100vw, 1754px\" \/><\/a><figcaption id=\"caption-attachment-792\" class=\"wp-caption-text\">Tapani Laaksomies toi veturit Pielisen-Karjalaan etuajassa.<\/figcaption><\/figure>\n<figure id=\"attachment_791\" aria-describedby=\"caption-attachment-791\" style=\"width: 1754px\" class=\"wp-caption alignnone\"><a href=\"http:\/\/www.rukajarvensuunnanhistoriayhdistys.fi\/historiayhdistys\/wp-content\/uploads\/2014\/08\/Laaksomiehen-Veturi-Lieksan-asemalla-1.jpg\"><img loading=\"lazy\" decoding=\"async\" class=\"wp-image-791 size-full\" src=\"http:\/\/www.rukajarvensuunnanhistoriayhdistys.fi\/historiayhdistys\/wp-content\/uploads\/2014\/08\/Laaksomiehen-Veturi-Lieksan-asemalla-1.jpg\" alt=\"Lieksan rautatieasema t\u00e4yttyi yleis\u00f6st\u00e4, autoja oli niin paljon, ett\u00e4 osan piti pys\u00e4k\u00f6id\u00e4 ajoneuvonsa kauemmas.\" width=\"1754\" height=\"1240\" data-id=\"791\" srcset=\"https:\/\/www.rukajarvensuunnanhistoriayhdistys.fi\/historiayhdistys\/wp-content\/uploads\/2014\/08\/Laaksomiehen-Veturi-Lieksan-asemalla-1.jpg 1754w, https:\/\/www.rukajarvensuunnanhistoriayhdistys.fi\/historiayhdistys\/wp-content\/uploads\/2014\/08\/Laaksomiehen-Veturi-Lieksan-asemalla-1-300x212.jpg 300w, https:\/\/www.rukajarvensuunnanhistoriayhdistys.fi\/historiayhdistys\/wp-content\/uploads\/2014\/08\/Laaksomiehen-Veturi-Lieksan-asemalla-1-1024x723.jpg 1024w\" sizes=\"auto, (max-width: 1754px) 100vw, 1754px\" \/><\/a><figcaption id=\"caption-attachment-791\" class=\"wp-caption-text\">Lieksan rautatieasema t\u00e4yttyi yleis\u00f6st\u00e4, autoja oli niin paljon, ett\u00e4 osan piti pys\u00e4k\u00f6id\u00e4 ajoneuvonsa asema-alueen ulkopuolelle.<\/figcaption><\/figure>\n<p>Lieksan yritt\u00e4jien puheenjohtaja Ville V\u00e4nsk\u00e4 toivotti Tapani Laaksomiehen tervetulleeksi Pielisen-Karjalaan ja toivotti h\u00e4nelle onnea. Tilaisuus radioitiin RadioSandelssin suorassa l\u00e4hetyksess\u00e4.<\/p>\n<figure id=\"attachment_797\" aria-describedby=\"caption-attachment-797\" style=\"width: 1754px\" class=\"wp-caption alignnone\"><a href=\"http:\/\/www.rukajarvensuunnanhistoriayhdistys.fi\/historiayhdistys\/wp-content\/uploads\/2014\/08\/Laaksomies-Tapani-Lieksa-5-8-2014.jpg\"><img loading=\"lazy\" decoding=\"async\" class=\"wp-image-797 size-full\" src=\"http:\/\/www.rukajarvensuunnanhistoriayhdistys.fi\/historiayhdistys\/wp-content\/uploads\/2014\/08\/Laaksomies-Tapani-Lieksa-5-8-2014.jpg\" alt=\"Lieksan asemalla j\u00e4rjestetyss\u00e4 tilaisuudessa Rukaj\u00e4rven suunnan historiayhdistys ja Lieksan yritt\u00e4j\u00e4t luovuttivat Tapani Laaksomiehelle Rukaj\u00e4rven suunnan standaarin.\" width=\"1754\" height=\"1240\" data-id=\"797\" srcset=\"https:\/\/www.rukajarvensuunnanhistoriayhdistys.fi\/historiayhdistys\/wp-content\/uploads\/2014\/08\/Laaksomies-Tapani-Lieksa-5-8-2014.jpg 1754w, https:\/\/www.rukajarvensuunnanhistoriayhdistys.fi\/historiayhdistys\/wp-content\/uploads\/2014\/08\/Laaksomies-Tapani-Lieksa-5-8-2014-300x212.jpg 300w, https:\/\/www.rukajarvensuunnanhistoriayhdistys.fi\/historiayhdistys\/wp-content\/uploads\/2014\/08\/Laaksomies-Tapani-Lieksa-5-8-2014-1024x723.jpg 1024w\" sizes=\"auto, (max-width: 1754px) 100vw, 1754px\" \/><\/a><figcaption id=\"caption-attachment-797\" class=\"wp-caption-text\">Lieksan asemalla j\u00e4rjestetyss\u00e4 tilaisuudessa Rukaj\u00e4rven suunnan historiayhdistys ja Lieksan yritt\u00e4j\u00e4t luovuttivat Tapani Laaksomiehelle Rukaj\u00e4rven suunnan standaarin.<\/figcaption><\/figure>\n<p>Seuraavassa ote RSHY:n puheenjohtaja Tenho Tikkasen tervetuliaispuheesta:<\/p>\n<h1>Tervetuloa Pielisen-Karjalaan.<\/h1>\n<p>Osoitamme n\u00e4m\u00e4 sanat syd\u00e4mest\u00e4mme Teille henkil\u00f6kohtaisesti. P\u00e4\u00e4t\u00f6ksenne siirty\u00e4 t\u00e4nne ei ole ollut helppo ja siksi toivomme, ett\u00e4 voisimme kaikin tavoin auttaa Teit\u00e4, koska yrityksell\u00e4nne tulee olemaan pirist\u00e4v\u00e4 vaikutus koko t\u00e4m\u00e4n alueen elinkeinotoiminnalle ja v\u00e4est\u00f6lle. Ratkaisunne on suuri kulttuuriteko.<\/p>\n<p>Seisotte historiallisella paikalla monestakin syyst\u00e4. T\u00e4ll\u00e4 paikalla vieraili maamme kunnioitettu Ylip\u00e4\u00e4llikk\u00f6 Marsalkka Mannerheim syyskuussa 1942 vastaanottaessaan Rukaj\u00e4rven rintaman lahjan Marskin Majan.<\/p>\n<p>Lieksan asema\u00a0on my\u00f6s Rukaj\u00e4rven tien alkupiste, jota kautta Rukaj\u00e4rven suunnan sotilaat huollettiin ja kuten on tunnettua Rukaj\u00e4rven suunta oli ainut rintama J\u00e4\u00e4merelt\u00e4 Mustalle merelle, joka s\u00e4ilytti hy\u00f6kk\u00e4ysvaiheessa saavuttamansa asemat sodan loppuun asti.<\/p>\n<p>Historialliseksi t\u00e4m\u00e4n paikan tekee my\u00f6s se, ett\u00e4 Ilomantsissa ja Rukaj\u00e4rven suunnalla ratkaistiin lopullisesti Suomen itsen\u00e4isyys. Tarkalleen 70 vuotta sitten elettiin t\u00e4\u00e4ll\u00e4 Lieksan asemalla aivan toisissa tunnelmissa. L\u00e4hialueella, rajan tuntumassa oli k\u00e4ynniss\u00e4 kaksi suurta Jatkosodan ratkaisutaistelua. Rukaj\u00e4rven miehet taistelivat parhaillaan Ilomantsissa ja Rukaj\u00e4rvell\u00e4. Rintamalta kantautuneiden viestien mukaan vihollinen oli katkaissut Rukaj\u00e4rven ainoan huoltotien &#8211; Rukaj\u00e4rven tien. Kaatuneita ja haavoittuneita kuljetettiin parhaillaan t\u00e4st\u00e4 h\u00f6yryjunilla kotipaikkakunnilleen, juuri sellaisilla junilla, joita Te Tapani Laaksomies olette kunnostaneet ja k\u00e4yt\u00e4tte perinneajoissanne.<\/p>\n<p>Kaikkiaan 112 Rukaj\u00e4rven miest\u00e4 oli kaatunut n\u00e4iss\u00e4 elokuun 1. &#8211; 5. p\u00e4iv\u00e4n v\u00e4lisiss\u00e4 taisteluissa vuonna 1944.<\/p>\n<p>Vihdoin rauha tuli, tieto pitk\u00e4\u00e4n odotetusta aselevosta saapui miehille etulinjan tukikohtiin 4.9.1944 klo 7.00. Se oli suuri hetki vuosia sotatoimiin osallistuneille rintamamiehille.<\/p>\n<p>Te olette lupautuneet tuomaan sotiemme veteraanit ja juhlayleis\u00f6n t\u00e4nne Lieksaan tarkalleen kuukauden kuluttua pidett\u00e4v\u00e4\u00e4n kansalaisjuhlaan.<\/p>\n<p>Muualla ei tuona p\u00e4iv\u00e4n\u00e4 juhlita, vaikka Suomen ja Neuvostoliiton v\u00e4linen aselepo on nimenomaan se tapahtuma, mink\u00e4 veteraanit ja koko sodan kokenut sukupolvi katsovat erityisesti muistamisen arvoiseksi.<\/p>\n<p>Meid\u00e4n kannattaa juhlia Jatkosodan p\u00e4\u00e4ttymist\u00e4. Se oli samalla uuden aikakauden alku &#8211; aikakauden, jolloin Suomen kansa, tuo Suuri Sukupolvi maamme historiassa, nosti maamme vapaana kansakuntana ja ilman ulkopuolisten apua syv\u00e4st\u00e4 rotkosta ja sen j\u00e4lkeen ennen n\u00e4kem\u00e4tt\u00f6m\u00e4\u00e4n vaurauteen.<\/p>\n<p>Toivotamme Teid\u00e4t l\u00e4mpim\u00e4sti tervetulleeksi Pielisen-Karjalaan ja toivomme Teille jatkuvaa menestyst\u00e4. Samalla luovutamme Teille muistoksi t\u00e4st\u00e4 hetkest\u00e4 Rukaj\u00e4rven tien alkupisteess\u00e4 Rukaj\u00e4rven suunnan standaarin.<\/p>\n<p>Tenho Tikkanen,\u00a0 puheenjohtaja; Yhteystieto: puh. 040-5408045 sp: tenho.tikkanen@gmail.com<\/p>\n<p>&nbsp;<\/p>\n","protected":false},"excerpt":{"rendered":"<p>Tapani Laaksomien (SteamRail Oy) saapui Lieksan asemalle, jossa h\u00e4nt\u00e4 vastaanottamassa oli runsaslukuinen yleis\u00f6. Pienimuotoisessa juhlatilaisuudessa puhuivat Lieksan Yritt\u00e4jien puheenjohtaja Ville V\u00e4nsk\u00e4 ja Rukaj\u00e4rven suunnan historiayhdistyksen (RSHY) puheenjohtaja Tenho Tikkanen. Lieksan <a class=\"more-link\" href=\"https:\/\/www.rukajarvensuunnanhistoriayhdistys.fi\/historiayhdistys\/juna-saapui-lieksaan-tervetuloa-pielisen-karjalaan\/\">Teksti jatkuu&#8230;<span class=\"screen-reader-text\">Juna saapui Lieksaan &#8211; Tervetuloa Pielisen-Karjalaan<\/span><span class=\"meta-nav\">\u2192<\/span><\/a><\/p>\n","protected":false},"author":3,"featured_media":0,"comment_status":"closed","ping_status":"open","sticky":false,"template":"","format":"standard","meta":{"footnotes":""},"categories":[22],"tags":[],"class_list":["post-786","post","type-post","status-publish","format-standard","hentry","category-ajankohtaista"],"yoast_head":"<!-- This site is optimized with the Yoast SEO plugin v27.4 - https:\/\/yoast.com\/product\/yoast-seo-wordpress\/ -->\n<title>Juna saapui Lieksaan - Tervetuloa Pielisen-Karjalaan - Rukaj\u00e4rven suunnan historiayhdistys<\/title>\n<meta name=\"robots\" content=\"index, follow, max-snippet:-1, max-image-preview:large, max-video-preview:-1\" \/>\n<link rel=\"canonical\" href=\"https:\/\/www.rukajarvensuunnanhistoriayhdistys.fi\/historiayhdistys\/juna-saapui-lieksaan-tervetuloa-pielisen-karjalaan\/\" \/>\n<meta property=\"og:locale\" content=\"fi_FI\" \/>\n<meta property=\"og:type\" content=\"article\" \/>\n<meta property=\"og:title\" content=\"Juna saapui Lieksaan - Tervetuloa Pielisen-Karjalaan - Rukaj\u00e4rven suunnan historiayhdistys\" \/>\n<meta property=\"og:description\" content=\"Tapani Laaksomien (SteamRail Oy) saapui Lieksan asemalle, jossa h\u00e4nt\u00e4 vastaanottamassa oli runsaslukuinen yleis\u00f6. Pienimuotoisessa juhlatilaisuudessa puhuivat Lieksan Yritt\u00e4jien puheenjohtaja Ville V\u00e4nsk\u00e4 ja Rukaj\u00e4rven suunnan historiayhdistyksen (RSHY) puheenjohtaja Tenho Tikkanen. Lieksan Teksti jatkuu...Juna saapui Lieksaan &#8211; Tervetuloa Pielisen-Karjalaan\u2192\" \/>\n<meta property=\"og:url\" content=\"https:\/\/www.rukajarvensuunnanhistoriayhdistys.fi\/historiayhdistys\/juna-saapui-lieksaan-tervetuloa-pielisen-karjalaan\/\" \/>\n<meta property=\"og:site_name\" content=\"Rukaj\u00e4rven suunnan historiayhdistys\" \/>\n<meta property=\"article:published_time\" content=\"2014-08-05T12:30:40+00:00\" \/>\n<meta property=\"article:modified_time\" content=\"2014-08-05T21:18:32+00:00\" \/>\n<meta property=\"og:image\" content=\"http:\/\/www.rukajarvensuunnanhistoriayhdistys.fi\/historiayhdistys\/wp-content\/uploads\/2014\/08\/Lieksan-asema-5-8-2014.jpg\" \/>\n<meta name=\"author\" content=\"RSHY\" \/>\n<meta name=\"twitter:label1\" content=\"Kirjoittanut\" \/>\n\t<meta name=\"twitter:data1\" content=\"RSHY\" \/>\n\t<meta name=\"twitter:label2\" content=\"Arvioitu lukuaika\" \/>\n\t<meta name=\"twitter:data2\" content=\"3 minuuttia\" \/>\n<script type=\"application\/ld+json\" class=\"yoast-schema-graph\">{\"@context\":\"https:\\\/\\\/schema.org\",\"@graph\":[{\"@type\":\"Article\",\"@id\":\"https:\\\/\\\/www.rukajarvensuunnanhistoriayhdistys.fi\\\/historiayhdistys\\\/juna-saapui-lieksaan-tervetuloa-pielisen-karjalaan\\\/#article\",\"isPartOf\":{\"@id\":\"https:\\\/\\\/www.rukajarvensuunnanhistoriayhdistys.fi\\\/historiayhdistys\\\/juna-saapui-lieksaan-tervetuloa-pielisen-karjalaan\\\/\"},\"author\":{\"name\":\"RSHY\",\"@id\":\"http:\\\/\\\/www.rukajarvensuunnanhistoriayhdistys.fi\\\/historiayhdistys\\\/#\\\/schema\\\/person\\\/19de7db68bf72dfd2b5d7f6dfbf8454d\"},\"headline\":\"Juna saapui Lieksaan &#8211; Tervetuloa Pielisen-Karjalaan\",\"datePublished\":\"2014-08-05T12:30:40+00:00\",\"dateModified\":\"2014-08-05T21:18:32+00:00\",\"mainEntityOfPage\":{\"@id\":\"https:\\\/\\\/www.rukajarvensuunnanhistoriayhdistys.fi\\\/historiayhdistys\\\/juna-saapui-lieksaan-tervetuloa-pielisen-karjalaan\\\/\"},\"wordCount\":536,\"publisher\":{\"@id\":\"http:\\\/\\\/www.rukajarvensuunnanhistoriayhdistys.fi\\\/historiayhdistys\\\/#organization\"},\"image\":{\"@id\":\"https:\\\/\\\/www.rukajarvensuunnanhistoriayhdistys.fi\\\/historiayhdistys\\\/juna-saapui-lieksaan-tervetuloa-pielisen-karjalaan\\\/#primaryimage\"},\"thumbnailUrl\":\"http:\\\/\\\/www.rukajarvensuunnanhistoriayhdistys.fi\\\/historiayhdistys\\\/wp-content\\\/uploads\\\/2014\\\/08\\\/Lieksan-asema-5-8-2014.jpg\",\"articleSection\":[\"Ajankohtaista\"],\"inLanguage\":\"fi\"},{\"@type\":\"WebPage\",\"@id\":\"https:\\\/\\\/www.rukajarvensuunnanhistoriayhdistys.fi\\\/historiayhdistys\\\/juna-saapui-lieksaan-tervetuloa-pielisen-karjalaan\\\/\",\"url\":\"https:\\\/\\\/www.rukajarvensuunnanhistoriayhdistys.fi\\\/historiayhdistys\\\/juna-saapui-lieksaan-tervetuloa-pielisen-karjalaan\\\/\",\"name\":\"Juna saapui Lieksaan - Tervetuloa Pielisen-Karjalaan - Rukaj\u00e4rven suunnan historiayhdistys\",\"isPartOf\":{\"@id\":\"http:\\\/\\\/www.rukajarvensuunnanhistoriayhdistys.fi\\\/historiayhdistys\\\/#website\"},\"primaryImageOfPage\":{\"@id\":\"https:\\\/\\\/www.rukajarvensuunnanhistoriayhdistys.fi\\\/historiayhdistys\\\/juna-saapui-lieksaan-tervetuloa-pielisen-karjalaan\\\/#primaryimage\"},\"image\":{\"@id\":\"https:\\\/\\\/www.rukajarvensuunnanhistoriayhdistys.fi\\\/historiayhdistys\\\/juna-saapui-lieksaan-tervetuloa-pielisen-karjalaan\\\/#primaryimage\"},\"thumbnailUrl\":\"http:\\\/\\\/www.rukajarvensuunnanhistoriayhdistys.fi\\\/historiayhdistys\\\/wp-content\\\/uploads\\\/2014\\\/08\\\/Lieksan-asema-5-8-2014.jpg\",\"datePublished\":\"2014-08-05T12:30:40+00:00\",\"dateModified\":\"2014-08-05T21:18:32+00:00\",\"breadcrumb\":{\"@id\":\"https:\\\/\\\/www.rukajarvensuunnanhistoriayhdistys.fi\\\/historiayhdistys\\\/juna-saapui-lieksaan-tervetuloa-pielisen-karjalaan\\\/#breadcrumb\"},\"inLanguage\":\"fi\",\"potentialAction\":[{\"@type\":\"ReadAction\",\"target\":[\"https:\\\/\\\/www.rukajarvensuunnanhistoriayhdistys.fi\\\/historiayhdistys\\\/juna-saapui-lieksaan-tervetuloa-pielisen-karjalaan\\\/\"]}]},{\"@type\":\"ImageObject\",\"inLanguage\":\"fi\",\"@id\":\"https:\\\/\\\/www.rukajarvensuunnanhistoriayhdistys.fi\\\/historiayhdistys\\\/juna-saapui-lieksaan-tervetuloa-pielisen-karjalaan\\\/#primaryimage\",\"url\":\"https:\\\/\\\/www.rukajarvensuunnanhistoriayhdistys.fi\\\/historiayhdistys\\\/wp-content\\\/uploads\\\/2014\\\/08\\\/Lieksan-asema-5-8-2014.jpg\",\"contentUrl\":\"https:\\\/\\\/www.rukajarvensuunnanhistoriayhdistys.fi\\\/historiayhdistys\\\/wp-content\\\/uploads\\\/2014\\\/08\\\/Lieksan-asema-5-8-2014.jpg\",\"width\":1754,\"height\":1240,\"caption\":\"Lieksan asemarakennus t\u00e4n\u00e4\u00e4n. Rakennusvuosi 1909 ja vakituinen liikenn\u00f6inti alkoi t\u00e4nne vuonna 1910.\"},{\"@type\":\"BreadcrumbList\",\"@id\":\"https:\\\/\\\/www.rukajarvensuunnanhistoriayhdistys.fi\\\/historiayhdistys\\\/juna-saapui-lieksaan-tervetuloa-pielisen-karjalaan\\\/#breadcrumb\",\"itemListElement\":[{\"@type\":\"ListItem\",\"position\":1,\"name\":\"Etusivu\",\"item\":\"http:\\\/\\\/www.rukajarvensuunnanhistoriayhdistys.fi\\\/historiayhdistys\\\/\"},{\"@type\":\"ListItem\",\"position\":2,\"name\":\"Juna saapui Lieksaan &#8211; Tervetuloa Pielisen-Karjalaan\"}]},{\"@type\":\"WebSite\",\"@id\":\"http:\\\/\\\/www.rukajarvensuunnanhistoriayhdistys.fi\\\/historiayhdistys\\\/#website\",\"url\":\"http:\\\/\\\/www.rukajarvensuunnanhistoriayhdistys.fi\\\/historiayhdistys\\\/\",\"name\":\"Rukaj\u00e4rven suunnan historiayhdistys\",\"description\":\"Rukaj\u00e4rven suunnan historiayhdistyksen verkkosivut.\",\"publisher\":{\"@id\":\"http:\\\/\\\/www.rukajarvensuunnanhistoriayhdistys.fi\\\/historiayhdistys\\\/#organization\"},\"potentialAction\":[{\"@type\":\"SearchAction\",\"target\":{\"@type\":\"EntryPoint\",\"urlTemplate\":\"http:\\\/\\\/www.rukajarvensuunnanhistoriayhdistys.fi\\\/historiayhdistys\\\/?s={search_term_string}\"},\"query-input\":{\"@type\":\"PropertyValueSpecification\",\"valueRequired\":true,\"valueName\":\"search_term_string\"}}],\"inLanguage\":\"fi\"},{\"@type\":\"Organization\",\"@id\":\"http:\\\/\\\/www.rukajarvensuunnanhistoriayhdistys.fi\\\/historiayhdistys\\\/#organization\",\"name\":\"Rukaj\u00e4rven suunnan historiayhdistys\",\"url\":\"http:\\\/\\\/www.rukajarvensuunnanhistoriayhdistys.fi\\\/historiayhdistys\\\/\",\"logo\":{\"@type\":\"ImageObject\",\"inLanguage\":\"fi\",\"@id\":\"http:\\\/\\\/www.rukajarvensuunnanhistoriayhdistys.fi\\\/historiayhdistys\\\/#\\\/schema\\\/logo\\\/image\\\/\",\"url\":\"https:\\\/\\\/www.rukajarvensuunnanhistoriayhdistys.fi\\\/historiayhdistys\\\/wp-content\\\/uploads\\\/2013\\\/12\\\/Otsake_3.jpg\",\"contentUrl\":\"https:\\\/\\\/www.rukajarvensuunnanhistoriayhdistys.fi\\\/historiayhdistys\\\/wp-content\\\/uploads\\\/2013\\\/12\\\/Otsake_3.jpg\",\"width\":1000,\"height\":442,\"caption\":\"Rukaj\u00e4rven suunnan historiayhdistys\"},\"image\":{\"@id\":\"http:\\\/\\\/www.rukajarvensuunnanhistoriayhdistys.fi\\\/historiayhdistys\\\/#\\\/schema\\\/logo\\\/image\\\/\"}},{\"@type\":\"Person\",\"@id\":\"http:\\\/\\\/www.rukajarvensuunnanhistoriayhdistys.fi\\\/historiayhdistys\\\/#\\\/schema\\\/person\\\/19de7db68bf72dfd2b5d7f6dfbf8454d\",\"name\":\"RSHY\",\"image\":{\"@type\":\"ImageObject\",\"inLanguage\":\"fi\",\"@id\":\"https:\\\/\\\/secure.gravatar.com\\\/avatar\\\/598d59263a69cc8de65fcb4f9db78d6f58c098cb0e0ba22d73377441af9fa04c?s=96&d=blank&r=g\",\"url\":\"https:\\\/\\\/secure.gravatar.com\\\/avatar\\\/598d59263a69cc8de65fcb4f9db78d6f58c098cb0e0ba22d73377441af9fa04c?s=96&d=blank&r=g\",\"contentUrl\":\"https:\\\/\\\/secure.gravatar.com\\\/avatar\\\/598d59263a69cc8de65fcb4f9db78d6f58c098cb0e0ba22d73377441af9fa04c?s=96&d=blank&r=g\",\"caption\":\"RSHY\"},\"url\":\"https:\\\/\\\/www.rukajarvensuunnanhistoriayhdistys.fi\\\/historiayhdistys\\\/author\\\/rshy\\\/\"}]}<\/script>\n<!-- \/ Yoast SEO plugin. -->","yoast_head_json":{"title":"Juna saapui Lieksaan - Tervetuloa Pielisen-Karjalaan - Rukaj\u00e4rven suunnan historiayhdistys","robots":{"index":"index","follow":"follow","max-snippet":"max-snippet:-1","max-image-preview":"max-image-preview:large","max-video-preview":"max-video-preview:-1"},"canonical":"https:\/\/www.rukajarvensuunnanhistoriayhdistys.fi\/historiayhdistys\/juna-saapui-lieksaan-tervetuloa-pielisen-karjalaan\/","og_locale":"fi_FI","og_type":"article","og_title":"Juna saapui Lieksaan - Tervetuloa Pielisen-Karjalaan - Rukaj\u00e4rven suunnan historiayhdistys","og_description":"Tapani Laaksomien (SteamRail Oy) saapui Lieksan asemalle, jossa h\u00e4nt\u00e4 vastaanottamassa oli runsaslukuinen yleis\u00f6. Pienimuotoisessa juhlatilaisuudessa puhuivat Lieksan Yritt\u00e4jien puheenjohtaja Ville V\u00e4nsk\u00e4 ja Rukaj\u00e4rven suunnan historiayhdistyksen (RSHY) puheenjohtaja Tenho Tikkanen. Lieksan Teksti jatkuu...Juna saapui Lieksaan &#8211; Tervetuloa Pielisen-Karjalaan\u2192","og_url":"https:\/\/www.rukajarvensuunnanhistoriayhdistys.fi\/historiayhdistys\/juna-saapui-lieksaan-tervetuloa-pielisen-karjalaan\/","og_site_name":"Rukaj\u00e4rven suunnan historiayhdistys","article_published_time":"2014-08-05T12:30:40+00:00","article_modified_time":"2014-08-05T21:18:32+00:00","og_image":[{"url":"http:\/\/www.rukajarvensuunnanhistoriayhdistys.fi\/historiayhdistys\/wp-content\/uploads\/2014\/08\/Lieksan-asema-5-8-2014.jpg","type":"","width":"","height":""}],"author":"RSHY","twitter_misc":{"Kirjoittanut":"RSHY","Arvioitu lukuaika":"3 minuuttia"},"schema":{"@context":"https:\/\/schema.org","@graph":[{"@type":"Article","@id":"https:\/\/www.rukajarvensuunnanhistoriayhdistys.fi\/historiayhdistys\/juna-saapui-lieksaan-tervetuloa-pielisen-karjalaan\/#article","isPartOf":{"@id":"https:\/\/www.rukajarvensuunnanhistoriayhdistys.fi\/historiayhdistys\/juna-saapui-lieksaan-tervetuloa-pielisen-karjalaan\/"},"author":{"name":"RSHY","@id":"http:\/\/www.rukajarvensuunnanhistoriayhdistys.fi\/historiayhdistys\/#\/schema\/person\/19de7db68bf72dfd2b5d7f6dfbf8454d"},"headline":"Juna saapui Lieksaan &#8211; Tervetuloa Pielisen-Karjalaan","datePublished":"2014-08-05T12:30:40+00:00","dateModified":"2014-08-05T21:18:32+00:00","mainEntityOfPage":{"@id":"https:\/\/www.rukajarvensuunnanhistoriayhdistys.fi\/historiayhdistys\/juna-saapui-lieksaan-tervetuloa-pielisen-karjalaan\/"},"wordCount":536,"publisher":{"@id":"http:\/\/www.rukajarvensuunnanhistoriayhdistys.fi\/historiayhdistys\/#organization"},"image":{"@id":"https:\/\/www.rukajarvensuunnanhistoriayhdistys.fi\/historiayhdistys\/juna-saapui-lieksaan-tervetuloa-pielisen-karjalaan\/#primaryimage"},"thumbnailUrl":"http:\/\/www.rukajarvensuunnanhistoriayhdistys.fi\/historiayhdistys\/wp-content\/uploads\/2014\/08\/Lieksan-asema-5-8-2014.jpg","articleSection":["Ajankohtaista"],"inLanguage":"fi"},{"@type":"WebPage","@id":"https:\/\/www.rukajarvensuunnanhistoriayhdistys.fi\/historiayhdistys\/juna-saapui-lieksaan-tervetuloa-pielisen-karjalaan\/","url":"https:\/\/www.rukajarvensuunnanhistoriayhdistys.fi\/historiayhdistys\/juna-saapui-lieksaan-tervetuloa-pielisen-karjalaan\/","name":"Juna saapui Lieksaan - Tervetuloa Pielisen-Karjalaan - Rukaj\u00e4rven suunnan historiayhdistys","isPartOf":{"@id":"http:\/\/www.rukajarvensuunnanhistoriayhdistys.fi\/historiayhdistys\/#website"},"primaryImageOfPage":{"@id":"https:\/\/www.rukajarvensuunnanhistoriayhdistys.fi\/historiayhdistys\/juna-saapui-lieksaan-tervetuloa-pielisen-karjalaan\/#primaryimage"},"image":{"@id":"https:\/\/www.rukajarvensuunnanhistoriayhdistys.fi\/historiayhdistys\/juna-saapui-lieksaan-tervetuloa-pielisen-karjalaan\/#primaryimage"},"thumbnailUrl":"http:\/\/www.rukajarvensuunnanhistoriayhdistys.fi\/historiayhdistys\/wp-content\/uploads\/2014\/08\/Lieksan-asema-5-8-2014.jpg","datePublished":"2014-08-05T12:30:40+00:00","dateModified":"2014-08-05T21:18:32+00:00","breadcrumb":{"@id":"https:\/\/www.rukajarvensuunnanhistoriayhdistys.fi\/historiayhdistys\/juna-saapui-lieksaan-tervetuloa-pielisen-karjalaan\/#breadcrumb"},"inLanguage":"fi","potentialAction":[{"@type":"ReadAction","target":["https:\/\/www.rukajarvensuunnanhistoriayhdistys.fi\/historiayhdistys\/juna-saapui-lieksaan-tervetuloa-pielisen-karjalaan\/"]}]},{"@type":"ImageObject","inLanguage":"fi","@id":"https:\/\/www.rukajarvensuunnanhistoriayhdistys.fi\/historiayhdistys\/juna-saapui-lieksaan-tervetuloa-pielisen-karjalaan\/#primaryimage","url":"https:\/\/www.rukajarvensuunnanhistoriayhdistys.fi\/historiayhdistys\/wp-content\/uploads\/2014\/08\/Lieksan-asema-5-8-2014.jpg","contentUrl":"https:\/\/www.rukajarvensuunnanhistoriayhdistys.fi\/historiayhdistys\/wp-content\/uploads\/2014\/08\/Lieksan-asema-5-8-2014.jpg","width":1754,"height":1240,"caption":"Lieksan asemarakennus t\u00e4n\u00e4\u00e4n. Rakennusvuosi 1909 ja vakituinen liikenn\u00f6inti alkoi t\u00e4nne vuonna 1910."},{"@type":"BreadcrumbList","@id":"https:\/\/www.rukajarvensuunnanhistoriayhdistys.fi\/historiayhdistys\/juna-saapui-lieksaan-tervetuloa-pielisen-karjalaan\/#breadcrumb","itemListElement":[{"@type":"ListItem","position":1,"name":"Etusivu","item":"http:\/\/www.rukajarvensuunnanhistoriayhdistys.fi\/historiayhdistys\/"},{"@type":"ListItem","position":2,"name":"Juna saapui Lieksaan &#8211; Tervetuloa Pielisen-Karjalaan"}]},{"@type":"WebSite","@id":"http:\/\/www.rukajarvensuunnanhistoriayhdistys.fi\/historiayhdistys\/#website","url":"http:\/\/www.rukajarvensuunnanhistoriayhdistys.fi\/historiayhdistys\/","name":"Rukaj\u00e4rven suunnan historiayhdistys","description":"Rukaj\u00e4rven suunnan historiayhdistyksen verkkosivut.","publisher":{"@id":"http:\/\/www.rukajarvensuunnanhistoriayhdistys.fi\/historiayhdistys\/#organization"},"potentialAction":[{"@type":"SearchAction","target":{"@type":"EntryPoint","urlTemplate":"http:\/\/www.rukajarvensuunnanhistoriayhdistys.fi\/historiayhdistys\/?s={search_term_string}"},"query-input":{"@type":"PropertyValueSpecification","valueRequired":true,"valueName":"search_term_string"}}],"inLanguage":"fi"},{"@type":"Organization","@id":"http:\/\/www.rukajarvensuunnanhistoriayhdistys.fi\/historiayhdistys\/#organization","name":"Rukaj\u00e4rven suunnan historiayhdistys","url":"http:\/\/www.rukajarvensuunnanhistoriayhdistys.fi\/historiayhdistys\/","logo":{"@type":"ImageObject","inLanguage":"fi","@id":"http:\/\/www.rukajarvensuunnanhistoriayhdistys.fi\/historiayhdistys\/#\/schema\/logo\/image\/","url":"https:\/\/www.rukajarvensuunnanhistoriayhdistys.fi\/historiayhdistys\/wp-content\/uploads\/2013\/12\/Otsake_3.jpg","contentUrl":"https:\/\/www.rukajarvensuunnanhistoriayhdistys.fi\/historiayhdistys\/wp-content\/uploads\/2013\/12\/Otsake_3.jpg","width":1000,"height":442,"caption":"Rukaj\u00e4rven suunnan historiayhdistys"},"image":{"@id":"http:\/\/www.rukajarvensuunnanhistoriayhdistys.fi\/historiayhdistys\/#\/schema\/logo\/image\/"}},{"@type":"Person","@id":"http:\/\/www.rukajarvensuunnanhistoriayhdistys.fi\/historiayhdistys\/#\/schema\/person\/19de7db68bf72dfd2b5d7f6dfbf8454d","name":"RSHY","image":{"@type":"ImageObject","inLanguage":"fi","@id":"https:\/\/secure.gravatar.com\/avatar\/598d59263a69cc8de65fcb4f9db78d6f58c098cb0e0ba22d73377441af9fa04c?s=96&d=blank&r=g","url":"https:\/\/secure.gravatar.com\/avatar\/598d59263a69cc8de65fcb4f9db78d6f58c098cb0e0ba22d73377441af9fa04c?s=96&d=blank&r=g","contentUrl":"https:\/\/secure.gravatar.com\/avatar\/598d59263a69cc8de65fcb4f9db78d6f58c098cb0e0ba22d73377441af9fa04c?s=96&d=blank&r=g","caption":"RSHY"},"url":"https:\/\/www.rukajarvensuunnanhistoriayhdistys.fi\/historiayhdistys\/author\/rshy\/"}]}},"_links":{"self":[{"href":"https:\/\/www.rukajarvensuunnanhistoriayhdistys.fi\/historiayhdistys\/wp-json\/wp\/v2\/posts\/786","targetHints":{"allow":["GET"]}}],"collection":[{"href":"https:\/\/www.rukajarvensuunnanhistoriayhdistys.fi\/historiayhdistys\/wp-json\/wp\/v2\/posts"}],"about":[{"href":"https:\/\/www.rukajarvensuunnanhistoriayhdistys.fi\/historiayhdistys\/wp-json\/wp\/v2\/types\/post"}],"author":[{"embeddable":true,"href":"https:\/\/www.rukajarvensuunnanhistoriayhdistys.fi\/historiayhdistys\/wp-json\/wp\/v2\/users\/3"}],"replies":[{"embeddable":true,"href":"https:\/\/www.rukajarvensuunnanhistoriayhdistys.fi\/historiayhdistys\/wp-json\/wp\/v2\/comments?post=786"}],"version-history":[{"count":4,"href":"https:\/\/www.rukajarvensuunnanhistoriayhdistys.fi\/historiayhdistys\/wp-json\/wp\/v2\/posts\/786\/revisions"}],"predecessor-version":[{"id":803,"href":"https:\/\/www.rukajarvensuunnanhistoriayhdistys.fi\/historiayhdistys\/wp-json\/wp\/v2\/posts\/786\/revisions\/803"}],"wp:attachment":[{"href":"https:\/\/www.rukajarvensuunnanhistoriayhdistys.fi\/historiayhdistys\/wp-json\/wp\/v2\/media?parent=786"}],"wp:term":[{"taxonomy":"category","embeddable":true,"href":"https:\/\/www.rukajarvensuunnanhistoriayhdistys.fi\/historiayhdistys\/wp-json\/wp\/v2\/categories?post=786"},{"taxonomy":"post_tag","embeddable":true,"href":"https:\/\/www.rukajarvensuunnanhistoriayhdistys.fi\/historiayhdistys\/wp-json\/wp\/v2\/tags?post=786"}],"curies":[{"name":"wp","href":"https:\/\/api.w.org\/{rel}","templated":true}]}}