{"id":795,"date":"2014-08-06T00:11:18","date_gmt":"2014-08-05T21:11:18","guid":{"rendered":"http:\/\/www.rukajarvensuunnanhistoriayhdistys.fi\/historiayhdistys\/?p=795"},"modified":"2014-08-06T20:38:00","modified_gmt":"2014-08-06T17:38:00","slug":"laaksomiehen-veturit-nurmeksessa","status":"publish","type":"post","link":"https:\/\/www.rukajarvensuunnanhistoriayhdistys.fi\/historiayhdistys\/laaksomiehen-veturit-nurmeksessa\/","title":{"rendered":"Laaksomiehen veturit Nurmeksessa"},"content":{"rendered":"<div class=\"fcbkbttn_buttons_block\" id=\"fcbkbttn_left\"><div class=\"fcbkbttn_like \"><fb:like href=\"https:\/\/www.rukajarvensuunnanhistoriayhdistys.fi\/historiayhdistys\/laaksomiehen-veturit-nurmeksessa\/\" action=\"like\" colorscheme=\"light\" layout=\"button_count\"  size=\"small\"><\/fb:like><\/div><\/div><p>Laaksomiehen veturit saapuivat hiukan aikataulusta my\u00f6h\u00e4ss\u00e4 Nurmekseen. Viiv\u00e4styminen johtui siit\u00e4, ett\u00e4 Lieksan k\u00e4\u00e4nt\u00f6p\u00f6yd\u00e4n kiskot olivat l\u00e4mpim\u00e4n ilman vaikutuksesta kasvaneet ja k\u00e4\u00e4nt\u00f6p\u00f6yd\u00e4lle ajettu raskas veturi juuttui hetkeksi kiinni.<\/p>\n<figure id=\"attachment_796\" aria-describedby=\"caption-attachment-796\" style=\"width: 1754px\" class=\"wp-caption alignnone\"><a href=\"http:\/\/www.rukajarvensuunnanhistoriayhdistys.fi\/historiayhdistys\/wp-content\/uploads\/2014\/08\/Nurmes-tervetuloa-K\u00e4m-Jun-Box-Laa-5.8.2014.jpg\"><img loading=\"lazy\" decoding=\"async\" class=\"wp-image-796 size-full\" src=\"http:\/\/www.rukajarvensuunnanhistoriayhdistys.fi\/historiayhdistys\/wp-content\/uploads\/2014\/08\/Nurmes-tervetuloa-K\u00e4m-Jun-Box-Laa-5.8.2014.jpg\" alt=\"Vasemmalta Risto Bopxberg, joka toivotti Laaksomiehen tervetulleeksi lomayritysten puolesta, h\u00f6yryjunayritt\u00e4j\u00e4 Tapani Laaksomies, Nurmeksen kh:n edustajat Jukka Juntunen ja puheenjohtaja Matti K\u00e4m\u00e4r\u00e4inen.\" width=\"1754\" height=\"1240\" data-id=\"796\" srcset=\"https:\/\/www.rukajarvensuunnanhistoriayhdistys.fi\/historiayhdistys\/wp-content\/uploads\/2014\/08\/Nurmes-tervetuloa-K\u00e4m-Jun-Box-Laa-5.8.2014.jpg 1754w, https:\/\/www.rukajarvensuunnanhistoriayhdistys.fi\/historiayhdistys\/wp-content\/uploads\/2014\/08\/Nurmes-tervetuloa-K\u00e4m-Jun-Box-Laa-5.8.2014-300x212.jpg 300w, https:\/\/www.rukajarvensuunnanhistoriayhdistys.fi\/historiayhdistys\/wp-content\/uploads\/2014\/08\/Nurmes-tervetuloa-K\u00e4m-Jun-Box-Laa-5.8.2014-1024x723.jpg 1024w\" sizes=\"auto, (max-width: 1754px) 100vw, 1754px\" \/><\/a><figcaption id=\"caption-attachment-796\" class=\"wp-caption-text\">Vasemmalta Risto Boxberg, joka toivotti Laaksomiehen tervetulleeksi lomayritysten puolesta, h\u00f6yryjunayritt\u00e4j\u00e4 Tapani Laaksomies, Nurmeksen kh:n edustajana Jukka Juntunen ja\u00a0kaupunginvaltuutettu Matti Timonen.<\/figcaption><\/figure>\n<p style=\"margin: 0cm 0cm 0pt;\"><span style=\"color: #000000; font-family: Times New Roman; font-size: medium;\">Tapani Laaksomiest\u00e4 ja h\u00e4nen h\u00f6yryjunakalustoaan vastaanottamaan oli kokoontunut toistasataa paikkakuntalaista Nurmeksen asemalle tiistai-iltana. Matkalla sattuneiden harmien viiv\u00e4stytt\u00e4m\u00e4n junaletkan l\u00e4hestymisest\u00e4 ilmoittanut h\u00f6yrypillin vihellys nostatti tunnelman korkealle asemalaiturilla k\u00e4rsiv\u00e4llisesti odottaneen v\u00e4kijoukon keskuudessa.<\/span><\/p>\n<p style=\"margin: 0cm 0cm 0pt;\"><span style=\"color: #000000; font-family: Times New Roman; font-size: medium;\">\u00a0<\/span><\/p>\n<p style=\"margin: 0cm 0cm 0pt;\"><span style=\"color: #000000; font-family: Times New Roman; font-size: medium;\">Nurmeksen kaupungin puolesta junasaattuetta oli vastaanottamassa kaupunginhallituksen j\u00e4sen Jukka Juntunen ja kaupunginvaltuutettu Matti Timonen sek\u00e4 matkailuyritysten edustajana Risto Boxberg LomaSirmakasta. <\/span><\/p>\n<p style=\"margin: 0cm 0cm 0pt;\"><span style=\"color: #000000; font-family: Times New Roman; font-size: medium;\">\u00a0<\/span><\/p>\n<p style=\"margin: 0cm 0cm 0pt;\"><span style=\"color: #000000; font-family: Times New Roman; font-size: medium;\">Jukka Juntunen lausui Tapani Laaksomiehen ja h\u00e4nen yrityksens\u00e4 tervetulleiksi Nurmekseen. Samalla h\u00e4n onnitteli ja kiitti Laaksomiest\u00e4 20 vuotta jatkuneesta ansiokkaasta ja arvokkaasta ty\u00f6st\u00e4 h\u00f6yryjunakaluston s\u00e4ilytt\u00e4miseksi ja kunnostamiseksi todeten, ett\u00e4 t\u00e4m\u00e4 ty\u00f6 on ollut ainutlaatuista Suomessa. <\/span><\/p>\n<p style=\"margin: 0cm 0cm 0pt;\"><span style=\"color: #000000; font-family: Times New Roman; font-size: medium;\">\u00a0<\/span><\/p>\n<p style=\"margin: 0cm 0cm 0pt;\"><span style=\"color: #000000; font-family: Times New Roman; font-size: medium;\">\u201dMe nurmekselaiset olemme ylpeit\u00e4 siit\u00e4, ett\u00e4 saamme olla H\u00f6yryraide Oy:n kotipaikkana ja kotiasemana. N\u00e4m\u00e4 asiat avaavat uusia raiteita koko Yl\u00e4-Karjalan kehitykselle\u201d.<\/span><\/p>\n<p style=\"margin: 0cm 0cm 0pt;\"><span style=\"color: #000000; font-family: Times New Roman; font-size: medium;\">\u00a0<\/span><\/p>\n<p style=\"margin: 0cm 0cm 0pt;\"><span style=\"color: #000000; font-family: Times New Roman; font-size: medium;\">Vastaanottotilaisuuden j\u00e4rjest\u00e4nyt LomaSirmakan edustaja Risto Boxberg toivotti Laaksomiehen ja h\u00e4nen yrityksens\u00e4 tervetulleiksi Nurmeksen matkailuyritysten puolesta. Boxberg toivoi hyvin alkaneen yhteisty\u00f6n jatkuvan ja kehittyv\u00e4n koko Yl\u00e4-Karjalan v\u00e4est\u00f6n onneksi ja menestymiseksi.<\/span><\/p>\n<p style=\"margin: 0cm 0cm 0pt;\"><span style=\"color: #000000; font-family: Times New Roman; font-size: medium;\">\u00a0<\/span><\/p>\n<p style=\"margin: 0cm 0cm 0pt;\"><span style=\"color: #000000; font-family: Times New Roman; font-size: medium;\">Lyhyen vastaanottoseremonian j\u00e4lkeen saivat junamiehet yleis\u00f6lt\u00e4 raikuvat suosionosoitukset osoituksena siit\u00e4 ilosta ja l\u00e4mm\u00f6st\u00e4, jolla tulijat ja n\u00e4m\u00e4 uudet matkailun vetovoimatekij\u00e4t toivotettiin tervetulleiksi paikkakunnalle.<\/span><\/p>\n<p>Laaksomies otti vastaan onnittelujen ja onnentoivutusten lis\u00e4ksi kukkakimpun kiitt\u00e4en samalla my\u00f6s paikalle saapunutta yleis\u00f6\u00e4 ja toivoi voivansa t\u00e4ytt\u00e4\u00e4 h\u00e4nen yritykselleen asetetut odotukset ja palvella my\u00f6s paikkakuntalaisia ja jakaa h\u00f6yryveturijunaperinteit\u00e4 ja -el\u00e4myksi\u00e4 laajalti maakunnan hyv\u00e4ksi.<\/p>\n<figure id=\"attachment_798\" aria-describedby=\"caption-attachment-798\" style=\"width: 1754px\" class=\"wp-caption alignnone\"><a href=\"http:\/\/www.rukajarvensuunnanhistoriayhdistys.fi\/historiayhdistys\/wp-content\/uploads\/2014\/08\/Nurmes-asema-5-8-2014.jpg\"><img loading=\"lazy\" decoding=\"async\" class=\"wp-image-798 size-full\" src=\"http:\/\/www.rukajarvensuunnanhistoriayhdistys.fi\/historiayhdistys\/wp-content\/uploads\/2014\/08\/Nurmes-asema-5-8-2014.jpg\" alt=\"Nurmeksen rautatieasema 5.8.2014. Satam\u00e4\u00e4rin ihmisi\u00e4 oli vastaanottamassa h\u00f6yryjunia, vaikka odotusaika venyi yli kahden tunnin.\" width=\"1754\" height=\"1240\" data-id=\"798\" srcset=\"https:\/\/www.rukajarvensuunnanhistoriayhdistys.fi\/historiayhdistys\/wp-content\/uploads\/2014\/08\/Nurmes-asema-5-8-2014.jpg 1754w, https:\/\/www.rukajarvensuunnanhistoriayhdistys.fi\/historiayhdistys\/wp-content\/uploads\/2014\/08\/Nurmes-asema-5-8-2014-300x212.jpg 300w, https:\/\/www.rukajarvensuunnanhistoriayhdistys.fi\/historiayhdistys\/wp-content\/uploads\/2014\/08\/Nurmes-asema-5-8-2014-1024x723.jpg 1024w\" sizes=\"auto, (max-width: 1754px) 100vw, 1754px\" \/><\/a><figcaption id=\"caption-attachment-798\" class=\"wp-caption-text\">Nurmeksen kaunis rautatieasema 5.8.2014. Satam\u00e4\u00e4rin ihmisi\u00e4 oli vastaanottamassa h\u00f6yryjunia, vaikka odotusaika venyi yli kahden tunnin. Katsojien odotus palkittiin, kun paikalle tulikin yhden sijasta kaksi veturia ja 800 metrin pituinen vaunujen jono.<\/figcaption><\/figure>\n","protected":false},"excerpt":{"rendered":"<p>Laaksomiehen veturit saapuivat hiukan aikataulusta my\u00f6h\u00e4ss\u00e4 Nurmekseen. Viiv\u00e4styminen johtui siit\u00e4, ett\u00e4 Lieksan k\u00e4\u00e4nt\u00f6p\u00f6yd\u00e4n kiskot olivat l\u00e4mpim\u00e4n ilman vaikutuksesta kasvaneet ja k\u00e4\u00e4nt\u00f6p\u00f6yd\u00e4lle ajettu raskas veturi juuttui hetkeksi kiinni. Tapani Laaksomiest\u00e4 ja <a class=\"more-link\" href=\"https:\/\/www.rukajarvensuunnanhistoriayhdistys.fi\/historiayhdistys\/laaksomiehen-veturit-nurmeksessa\/\">Teksti jatkuu&#8230;<span class=\"screen-reader-text\">Laaksomiehen veturit Nurmeksessa<\/span><span class=\"meta-nav\">\u2192<\/span><\/a><\/p>\n","protected":false},"author":3,"featured_media":798,"comment_status":"closed","ping_status":"open","sticky":false,"template":"","format":"standard","meta":{"footnotes":""},"categories":[22,21],"tags":[],"class_list":["post-795","post","type-post","status-publish","format-standard","has-post-thumbnail","hentry","category-ajankohtaista","category-rukajarvi-keskus"],"yoast_head":"<!-- This site is optimized with the Yoast SEO plugin v27.4 - https:\/\/yoast.com\/product\/yoast-seo-wordpress\/ -->\n<title>Laaksomiehen veturit Nurmeksessa - Rukaj\u00e4rven suunnan historiayhdistys<\/title>\n<meta name=\"robots\" content=\"index, follow, max-snippet:-1, max-image-preview:large, max-video-preview:-1\" \/>\n<link rel=\"canonical\" href=\"https:\/\/www.rukajarvensuunnanhistoriayhdistys.fi\/historiayhdistys\/laaksomiehen-veturit-nurmeksessa\/\" \/>\n<meta property=\"og:locale\" content=\"fi_FI\" \/>\n<meta property=\"og:type\" content=\"article\" \/>\n<meta property=\"og:title\" content=\"Laaksomiehen veturit Nurmeksessa - Rukaj\u00e4rven suunnan historiayhdistys\" \/>\n<meta property=\"og:description\" content=\"Laaksomiehen veturit saapuivat hiukan aikataulusta my\u00f6h\u00e4ss\u00e4 Nurmekseen. Viiv\u00e4styminen johtui siit\u00e4, ett\u00e4 Lieksan k\u00e4\u00e4nt\u00f6p\u00f6yd\u00e4n kiskot olivat l\u00e4mpim\u00e4n ilman vaikutuksesta kasvaneet ja k\u00e4\u00e4nt\u00f6p\u00f6yd\u00e4lle ajettu raskas veturi juuttui hetkeksi kiinni. Tapani Laaksomiest\u00e4 ja Teksti jatkuu...Laaksomiehen veturit Nurmeksessa\u2192\" \/>\n<meta property=\"og:url\" content=\"https:\/\/www.rukajarvensuunnanhistoriayhdistys.fi\/historiayhdistys\/laaksomiehen-veturit-nurmeksessa\/\" \/>\n<meta property=\"og:site_name\" content=\"Rukaj\u00e4rven suunnan historiayhdistys\" \/>\n<meta property=\"article:published_time\" content=\"2014-08-05T21:11:18+00:00\" \/>\n<meta property=\"article:modified_time\" content=\"2014-08-06T17:38:00+00:00\" \/>\n<meta property=\"og:image\" content=\"https:\/\/www.rukajarvensuunnanhistoriayhdistys.fi\/historiayhdistys\/wp-content\/uploads\/2014\/08\/Nurmes-asema-5-8-2014.jpg\" \/>\n\t<meta property=\"og:image:width\" content=\"1754\" \/>\n\t<meta property=\"og:image:height\" content=\"1240\" \/>\n\t<meta property=\"og:image:type\" content=\"image\/jpeg\" \/>\n<meta name=\"author\" content=\"RSHY\" \/>\n<meta name=\"twitter:label1\" content=\"Kirjoittanut\" \/>\n\t<meta name=\"twitter:data1\" content=\"RSHY\" \/>\n\t<meta name=\"twitter:label2\" content=\"Arvioitu lukuaika\" \/>\n\t<meta name=\"twitter:data2\" content=\"2 minuuttia\" \/>\n<script type=\"application\/ld+json\" class=\"yoast-schema-graph\">{\"@context\":\"https:\\\/\\\/schema.org\",\"@graph\":[{\"@type\":\"Article\",\"@id\":\"https:\\\/\\\/www.rukajarvensuunnanhistoriayhdistys.fi\\\/historiayhdistys\\\/laaksomiehen-veturit-nurmeksessa\\\/#article\",\"isPartOf\":{\"@id\":\"https:\\\/\\\/www.rukajarvensuunnanhistoriayhdistys.fi\\\/historiayhdistys\\\/laaksomiehen-veturit-nurmeksessa\\\/\"},\"author\":{\"name\":\"RSHY\",\"@id\":\"http:\\\/\\\/www.rukajarvensuunnanhistoriayhdistys.fi\\\/historiayhdistys\\\/#\\\/schema\\\/person\\\/19de7db68bf72dfd2b5d7f6dfbf8454d\"},\"headline\":\"Laaksomiehen veturit Nurmeksessa\",\"datePublished\":\"2014-08-05T21:11:18+00:00\",\"dateModified\":\"2014-08-06T17:38:00+00:00\",\"mainEntityOfPage\":{\"@id\":\"https:\\\/\\\/www.rukajarvensuunnanhistoriayhdistys.fi\\\/historiayhdistys\\\/laaksomiehen-veturit-nurmeksessa\\\/\"},\"wordCount\":348,\"publisher\":{\"@id\":\"http:\\\/\\\/www.rukajarvensuunnanhistoriayhdistys.fi\\\/historiayhdistys\\\/#organization\"},\"image\":{\"@id\":\"https:\\\/\\\/www.rukajarvensuunnanhistoriayhdistys.fi\\\/historiayhdistys\\\/laaksomiehen-veturit-nurmeksessa\\\/#primaryimage\"},\"thumbnailUrl\":\"https:\\\/\\\/www.rukajarvensuunnanhistoriayhdistys.fi\\\/historiayhdistys\\\/wp-content\\\/uploads\\\/2014\\\/08\\\/Nurmes-asema-5-8-2014.jpg\",\"articleSection\":[\"Ajankohtaista\",\"Rukaj\u00e4rvi-keskus\"],\"inLanguage\":\"fi\"},{\"@type\":\"WebPage\",\"@id\":\"https:\\\/\\\/www.rukajarvensuunnanhistoriayhdistys.fi\\\/historiayhdistys\\\/laaksomiehen-veturit-nurmeksessa\\\/\",\"url\":\"https:\\\/\\\/www.rukajarvensuunnanhistoriayhdistys.fi\\\/historiayhdistys\\\/laaksomiehen-veturit-nurmeksessa\\\/\",\"name\":\"Laaksomiehen veturit Nurmeksessa - Rukaj\u00e4rven suunnan historiayhdistys\",\"isPartOf\":{\"@id\":\"http:\\\/\\\/www.rukajarvensuunnanhistoriayhdistys.fi\\\/historiayhdistys\\\/#website\"},\"primaryImageOfPage\":{\"@id\":\"https:\\\/\\\/www.rukajarvensuunnanhistoriayhdistys.fi\\\/historiayhdistys\\\/laaksomiehen-veturit-nurmeksessa\\\/#primaryimage\"},\"image\":{\"@id\":\"https:\\\/\\\/www.rukajarvensuunnanhistoriayhdistys.fi\\\/historiayhdistys\\\/laaksomiehen-veturit-nurmeksessa\\\/#primaryimage\"},\"thumbnailUrl\":\"https:\\\/\\\/www.rukajarvensuunnanhistoriayhdistys.fi\\\/historiayhdistys\\\/wp-content\\\/uploads\\\/2014\\\/08\\\/Nurmes-asema-5-8-2014.jpg\",\"datePublished\":\"2014-08-05T21:11:18+00:00\",\"dateModified\":\"2014-08-06T17:38:00+00:00\",\"breadcrumb\":{\"@id\":\"https:\\\/\\\/www.rukajarvensuunnanhistoriayhdistys.fi\\\/historiayhdistys\\\/laaksomiehen-veturit-nurmeksessa\\\/#breadcrumb\"},\"inLanguage\":\"fi\",\"potentialAction\":[{\"@type\":\"ReadAction\",\"target\":[\"https:\\\/\\\/www.rukajarvensuunnanhistoriayhdistys.fi\\\/historiayhdistys\\\/laaksomiehen-veturit-nurmeksessa\\\/\"]}]},{\"@type\":\"ImageObject\",\"inLanguage\":\"fi\",\"@id\":\"https:\\\/\\\/www.rukajarvensuunnanhistoriayhdistys.fi\\\/historiayhdistys\\\/laaksomiehen-veturit-nurmeksessa\\\/#primaryimage\",\"url\":\"https:\\\/\\\/www.rukajarvensuunnanhistoriayhdistys.fi\\\/historiayhdistys\\\/wp-content\\\/uploads\\\/2014\\\/08\\\/Nurmes-asema-5-8-2014.jpg\",\"contentUrl\":\"https:\\\/\\\/www.rukajarvensuunnanhistoriayhdistys.fi\\\/historiayhdistys\\\/wp-content\\\/uploads\\\/2014\\\/08\\\/Nurmes-asema-5-8-2014.jpg\",\"width\":1754,\"height\":1240,\"caption\":\"Nurmeksen rautatieasema 5.8.2014. Satam\u00e4\u00e4rin ihmisi\u00e4 oli vastaanottamassa h\u00f6yryjunia, vaikka odotusaika venyi yli kahden tunnin.\"},{\"@type\":\"BreadcrumbList\",\"@id\":\"https:\\\/\\\/www.rukajarvensuunnanhistoriayhdistys.fi\\\/historiayhdistys\\\/laaksomiehen-veturit-nurmeksessa\\\/#breadcrumb\",\"itemListElement\":[{\"@type\":\"ListItem\",\"position\":1,\"name\":\"Etusivu\",\"item\":\"http:\\\/\\\/www.rukajarvensuunnanhistoriayhdistys.fi\\\/historiayhdistys\\\/\"},{\"@type\":\"ListItem\",\"position\":2,\"name\":\"Laaksomiehen veturit Nurmeksessa\"}]},{\"@type\":\"WebSite\",\"@id\":\"http:\\\/\\\/www.rukajarvensuunnanhistoriayhdistys.fi\\\/historiayhdistys\\\/#website\",\"url\":\"http:\\\/\\\/www.rukajarvensuunnanhistoriayhdistys.fi\\\/historiayhdistys\\\/\",\"name\":\"Rukaj\u00e4rven suunnan historiayhdistys\",\"description\":\"Rukaj\u00e4rven suunnan historiayhdistyksen verkkosivut.\",\"publisher\":{\"@id\":\"http:\\\/\\\/www.rukajarvensuunnanhistoriayhdistys.fi\\\/historiayhdistys\\\/#organization\"},\"potentialAction\":[{\"@type\":\"SearchAction\",\"target\":{\"@type\":\"EntryPoint\",\"urlTemplate\":\"http:\\\/\\\/www.rukajarvensuunnanhistoriayhdistys.fi\\\/historiayhdistys\\\/?s={search_term_string}\"},\"query-input\":{\"@type\":\"PropertyValueSpecification\",\"valueRequired\":true,\"valueName\":\"search_term_string\"}}],\"inLanguage\":\"fi\"},{\"@type\":\"Organization\",\"@id\":\"http:\\\/\\\/www.rukajarvensuunnanhistoriayhdistys.fi\\\/historiayhdistys\\\/#organization\",\"name\":\"Rukaj\u00e4rven suunnan historiayhdistys\",\"url\":\"http:\\\/\\\/www.rukajarvensuunnanhistoriayhdistys.fi\\\/historiayhdistys\\\/\",\"logo\":{\"@type\":\"ImageObject\",\"inLanguage\":\"fi\",\"@id\":\"http:\\\/\\\/www.rukajarvensuunnanhistoriayhdistys.fi\\\/historiayhdistys\\\/#\\\/schema\\\/logo\\\/image\\\/\",\"url\":\"https:\\\/\\\/www.rukajarvensuunnanhistoriayhdistys.fi\\\/historiayhdistys\\\/wp-content\\\/uploads\\\/2013\\\/12\\\/Otsake_3.jpg\",\"contentUrl\":\"https:\\\/\\\/www.rukajarvensuunnanhistoriayhdistys.fi\\\/historiayhdistys\\\/wp-content\\\/uploads\\\/2013\\\/12\\\/Otsake_3.jpg\",\"width\":1000,\"height\":442,\"caption\":\"Rukaj\u00e4rven suunnan historiayhdistys\"},\"image\":{\"@id\":\"http:\\\/\\\/www.rukajarvensuunnanhistoriayhdistys.fi\\\/historiayhdistys\\\/#\\\/schema\\\/logo\\\/image\\\/\"}},{\"@type\":\"Person\",\"@id\":\"http:\\\/\\\/www.rukajarvensuunnanhistoriayhdistys.fi\\\/historiayhdistys\\\/#\\\/schema\\\/person\\\/19de7db68bf72dfd2b5d7f6dfbf8454d\",\"name\":\"RSHY\",\"image\":{\"@type\":\"ImageObject\",\"inLanguage\":\"fi\",\"@id\":\"https:\\\/\\\/secure.gravatar.com\\\/avatar\\\/598d59263a69cc8de65fcb4f9db78d6f58c098cb0e0ba22d73377441af9fa04c?s=96&d=blank&r=g\",\"url\":\"https:\\\/\\\/secure.gravatar.com\\\/avatar\\\/598d59263a69cc8de65fcb4f9db78d6f58c098cb0e0ba22d73377441af9fa04c?s=96&d=blank&r=g\",\"contentUrl\":\"https:\\\/\\\/secure.gravatar.com\\\/avatar\\\/598d59263a69cc8de65fcb4f9db78d6f58c098cb0e0ba22d73377441af9fa04c?s=96&d=blank&r=g\",\"caption\":\"RSHY\"},\"url\":\"https:\\\/\\\/www.rukajarvensuunnanhistoriayhdistys.fi\\\/historiayhdistys\\\/author\\\/rshy\\\/\"}]}<\/script>\n<!-- \/ Yoast SEO plugin. -->","yoast_head_json":{"title":"Laaksomiehen veturit Nurmeksessa - Rukaj\u00e4rven suunnan historiayhdistys","robots":{"index":"index","follow":"follow","max-snippet":"max-snippet:-1","max-image-preview":"max-image-preview:large","max-video-preview":"max-video-preview:-1"},"canonical":"https:\/\/www.rukajarvensuunnanhistoriayhdistys.fi\/historiayhdistys\/laaksomiehen-veturit-nurmeksessa\/","og_locale":"fi_FI","og_type":"article","og_title":"Laaksomiehen veturit Nurmeksessa - Rukaj\u00e4rven suunnan historiayhdistys","og_description":"Laaksomiehen veturit saapuivat hiukan aikataulusta my\u00f6h\u00e4ss\u00e4 Nurmekseen. Viiv\u00e4styminen johtui siit\u00e4, ett\u00e4 Lieksan k\u00e4\u00e4nt\u00f6p\u00f6yd\u00e4n kiskot olivat l\u00e4mpim\u00e4n ilman vaikutuksesta kasvaneet ja k\u00e4\u00e4nt\u00f6p\u00f6yd\u00e4lle ajettu raskas veturi juuttui hetkeksi kiinni. Tapani Laaksomiest\u00e4 ja Teksti jatkuu...Laaksomiehen veturit Nurmeksessa\u2192","og_url":"https:\/\/www.rukajarvensuunnanhistoriayhdistys.fi\/historiayhdistys\/laaksomiehen-veturit-nurmeksessa\/","og_site_name":"Rukaj\u00e4rven suunnan historiayhdistys","article_published_time":"2014-08-05T21:11:18+00:00","article_modified_time":"2014-08-06T17:38:00+00:00","og_image":[{"width":1754,"height":1240,"url":"https:\/\/www.rukajarvensuunnanhistoriayhdistys.fi\/historiayhdistys\/wp-content\/uploads\/2014\/08\/Nurmes-asema-5-8-2014.jpg","type":"image\/jpeg"}],"author":"RSHY","twitter_misc":{"Kirjoittanut":"RSHY","Arvioitu lukuaika":"2 minuuttia"},"schema":{"@context":"https:\/\/schema.org","@graph":[{"@type":"Article","@id":"https:\/\/www.rukajarvensuunnanhistoriayhdistys.fi\/historiayhdistys\/laaksomiehen-veturit-nurmeksessa\/#article","isPartOf":{"@id":"https:\/\/www.rukajarvensuunnanhistoriayhdistys.fi\/historiayhdistys\/laaksomiehen-veturit-nurmeksessa\/"},"author":{"name":"RSHY","@id":"http:\/\/www.rukajarvensuunnanhistoriayhdistys.fi\/historiayhdistys\/#\/schema\/person\/19de7db68bf72dfd2b5d7f6dfbf8454d"},"headline":"Laaksomiehen veturit Nurmeksessa","datePublished":"2014-08-05T21:11:18+00:00","dateModified":"2014-08-06T17:38:00+00:00","mainEntityOfPage":{"@id":"https:\/\/www.rukajarvensuunnanhistoriayhdistys.fi\/historiayhdistys\/laaksomiehen-veturit-nurmeksessa\/"},"wordCount":348,"publisher":{"@id":"http:\/\/www.rukajarvensuunnanhistoriayhdistys.fi\/historiayhdistys\/#organization"},"image":{"@id":"https:\/\/www.rukajarvensuunnanhistoriayhdistys.fi\/historiayhdistys\/laaksomiehen-veturit-nurmeksessa\/#primaryimage"},"thumbnailUrl":"https:\/\/www.rukajarvensuunnanhistoriayhdistys.fi\/historiayhdistys\/wp-content\/uploads\/2014\/08\/Nurmes-asema-5-8-2014.jpg","articleSection":["Ajankohtaista","Rukaj\u00e4rvi-keskus"],"inLanguage":"fi"},{"@type":"WebPage","@id":"https:\/\/www.rukajarvensuunnanhistoriayhdistys.fi\/historiayhdistys\/laaksomiehen-veturit-nurmeksessa\/","url":"https:\/\/www.rukajarvensuunnanhistoriayhdistys.fi\/historiayhdistys\/laaksomiehen-veturit-nurmeksessa\/","name":"Laaksomiehen veturit Nurmeksessa - Rukaj\u00e4rven suunnan historiayhdistys","isPartOf":{"@id":"http:\/\/www.rukajarvensuunnanhistoriayhdistys.fi\/historiayhdistys\/#website"},"primaryImageOfPage":{"@id":"https:\/\/www.rukajarvensuunnanhistoriayhdistys.fi\/historiayhdistys\/laaksomiehen-veturit-nurmeksessa\/#primaryimage"},"image":{"@id":"https:\/\/www.rukajarvensuunnanhistoriayhdistys.fi\/historiayhdistys\/laaksomiehen-veturit-nurmeksessa\/#primaryimage"},"thumbnailUrl":"https:\/\/www.rukajarvensuunnanhistoriayhdistys.fi\/historiayhdistys\/wp-content\/uploads\/2014\/08\/Nurmes-asema-5-8-2014.jpg","datePublished":"2014-08-05T21:11:18+00:00","dateModified":"2014-08-06T17:38:00+00:00","breadcrumb":{"@id":"https:\/\/www.rukajarvensuunnanhistoriayhdistys.fi\/historiayhdistys\/laaksomiehen-veturit-nurmeksessa\/#breadcrumb"},"inLanguage":"fi","potentialAction":[{"@type":"ReadAction","target":["https:\/\/www.rukajarvensuunnanhistoriayhdistys.fi\/historiayhdistys\/laaksomiehen-veturit-nurmeksessa\/"]}]},{"@type":"ImageObject","inLanguage":"fi","@id":"https:\/\/www.rukajarvensuunnanhistoriayhdistys.fi\/historiayhdistys\/laaksomiehen-veturit-nurmeksessa\/#primaryimage","url":"https:\/\/www.rukajarvensuunnanhistoriayhdistys.fi\/historiayhdistys\/wp-content\/uploads\/2014\/08\/Nurmes-asema-5-8-2014.jpg","contentUrl":"https:\/\/www.rukajarvensuunnanhistoriayhdistys.fi\/historiayhdistys\/wp-content\/uploads\/2014\/08\/Nurmes-asema-5-8-2014.jpg","width":1754,"height":1240,"caption":"Nurmeksen rautatieasema 5.8.2014. Satam\u00e4\u00e4rin ihmisi\u00e4 oli vastaanottamassa h\u00f6yryjunia, vaikka odotusaika venyi yli kahden tunnin."},{"@type":"BreadcrumbList","@id":"https:\/\/www.rukajarvensuunnanhistoriayhdistys.fi\/historiayhdistys\/laaksomiehen-veturit-nurmeksessa\/#breadcrumb","itemListElement":[{"@type":"ListItem","position":1,"name":"Etusivu","item":"http:\/\/www.rukajarvensuunnanhistoriayhdistys.fi\/historiayhdistys\/"},{"@type":"ListItem","position":2,"name":"Laaksomiehen veturit Nurmeksessa"}]},{"@type":"WebSite","@id":"http:\/\/www.rukajarvensuunnanhistoriayhdistys.fi\/historiayhdistys\/#website","url":"http:\/\/www.rukajarvensuunnanhistoriayhdistys.fi\/historiayhdistys\/","name":"Rukaj\u00e4rven suunnan historiayhdistys","description":"Rukaj\u00e4rven suunnan historiayhdistyksen verkkosivut.","publisher":{"@id":"http:\/\/www.rukajarvensuunnanhistoriayhdistys.fi\/historiayhdistys\/#organization"},"potentialAction":[{"@type":"SearchAction","target":{"@type":"EntryPoint","urlTemplate":"http:\/\/www.rukajarvensuunnanhistoriayhdistys.fi\/historiayhdistys\/?s={search_term_string}"},"query-input":{"@type":"PropertyValueSpecification","valueRequired":true,"valueName":"search_term_string"}}],"inLanguage":"fi"},{"@type":"Organization","@id":"http:\/\/www.rukajarvensuunnanhistoriayhdistys.fi\/historiayhdistys\/#organization","name":"Rukaj\u00e4rven suunnan historiayhdistys","url":"http:\/\/www.rukajarvensuunnanhistoriayhdistys.fi\/historiayhdistys\/","logo":{"@type":"ImageObject","inLanguage":"fi","@id":"http:\/\/www.rukajarvensuunnanhistoriayhdistys.fi\/historiayhdistys\/#\/schema\/logo\/image\/","url":"https:\/\/www.rukajarvensuunnanhistoriayhdistys.fi\/historiayhdistys\/wp-content\/uploads\/2013\/12\/Otsake_3.jpg","contentUrl":"https:\/\/www.rukajarvensuunnanhistoriayhdistys.fi\/historiayhdistys\/wp-content\/uploads\/2013\/12\/Otsake_3.jpg","width":1000,"height":442,"caption":"Rukaj\u00e4rven suunnan historiayhdistys"},"image":{"@id":"http:\/\/www.rukajarvensuunnanhistoriayhdistys.fi\/historiayhdistys\/#\/schema\/logo\/image\/"}},{"@type":"Person","@id":"http:\/\/www.rukajarvensuunnanhistoriayhdistys.fi\/historiayhdistys\/#\/schema\/person\/19de7db68bf72dfd2b5d7f6dfbf8454d","name":"RSHY","image":{"@type":"ImageObject","inLanguage":"fi","@id":"https:\/\/secure.gravatar.com\/avatar\/598d59263a69cc8de65fcb4f9db78d6f58c098cb0e0ba22d73377441af9fa04c?s=96&d=blank&r=g","url":"https:\/\/secure.gravatar.com\/avatar\/598d59263a69cc8de65fcb4f9db78d6f58c098cb0e0ba22d73377441af9fa04c?s=96&d=blank&r=g","contentUrl":"https:\/\/secure.gravatar.com\/avatar\/598d59263a69cc8de65fcb4f9db78d6f58c098cb0e0ba22d73377441af9fa04c?s=96&d=blank&r=g","caption":"RSHY"},"url":"https:\/\/www.rukajarvensuunnanhistoriayhdistys.fi\/historiayhdistys\/author\/rshy\/"}]}},"_links":{"self":[{"href":"https:\/\/www.rukajarvensuunnanhistoriayhdistys.fi\/historiayhdistys\/wp-json\/wp\/v2\/posts\/795","targetHints":{"allow":["GET"]}}],"collection":[{"href":"https:\/\/www.rukajarvensuunnanhistoriayhdistys.fi\/historiayhdistys\/wp-json\/wp\/v2\/posts"}],"about":[{"href":"https:\/\/www.rukajarvensuunnanhistoriayhdistys.fi\/historiayhdistys\/wp-json\/wp\/v2\/types\/post"}],"author":[{"embeddable":true,"href":"https:\/\/www.rukajarvensuunnanhistoriayhdistys.fi\/historiayhdistys\/wp-json\/wp\/v2\/users\/3"}],"replies":[{"embeddable":true,"href":"https:\/\/www.rukajarvensuunnanhistoriayhdistys.fi\/historiayhdistys\/wp-json\/wp\/v2\/comments?post=795"}],"version-history":[{"count":4,"href":"https:\/\/www.rukajarvensuunnanhistoriayhdistys.fi\/historiayhdistys\/wp-json\/wp\/v2\/posts\/795\/revisions"}],"predecessor-version":[{"id":807,"href":"https:\/\/www.rukajarvensuunnanhistoriayhdistys.fi\/historiayhdistys\/wp-json\/wp\/v2\/posts\/795\/revisions\/807"}],"wp:featuredmedia":[{"embeddable":true,"href":"https:\/\/www.rukajarvensuunnanhistoriayhdistys.fi\/historiayhdistys\/wp-json\/wp\/v2\/media\/798"}],"wp:attachment":[{"href":"https:\/\/www.rukajarvensuunnanhistoriayhdistys.fi\/historiayhdistys\/wp-json\/wp\/v2\/media?parent=795"}],"wp:term":[{"taxonomy":"category","embeddable":true,"href":"https:\/\/www.rukajarvensuunnanhistoriayhdistys.fi\/historiayhdistys\/wp-json\/wp\/v2\/categories?post=795"},{"taxonomy":"post_tag","embeddable":true,"href":"https:\/\/www.rukajarvensuunnanhistoriayhdistys.fi\/historiayhdistys\/wp-json\/wp\/v2\/tags?post=795"}],"curies":[{"name":"wp","href":"https:\/\/api.w.org\/{rel}","templated":true}]}}