{"id":804,"date":"2014-08-06T10:08:05","date_gmt":"2014-08-06T07:08:05","guid":{"rendered":"http:\/\/www.rukajarvensuunnanhistoriayhdistys.fi\/historiayhdistys\/?p=804"},"modified":"2014-08-06T20:16:17","modified_gmt":"2014-08-06T17:16:17","slug":"maakunnat-puhaltavat-yhteiseen-hiileen-laaksomiehen-hoyryveturien-turvin-kansalaisjuhla-lahestyy","status":"publish","type":"post","link":"https:\/\/www.rukajarvensuunnanhistoriayhdistys.fi\/historiayhdistys\/maakunnat-puhaltavat-yhteiseen-hiileen-laaksomiehen-hoyryveturien-turvin-kansalaisjuhla-lahestyy\/","title":{"rendered":"Maakunnat puhaltavat yhteiseen hiileen &#8211; Laaksomiehen h\u00f6yryveturien turvin &#8211; Kansalaisjuhla l\u00e4hestyy"},"content":{"rendered":"<div class=\"fcbkbttn_buttons_block\" id=\"fcbkbttn_left\"><div class=\"fcbkbttn_like \"><fb:like href=\"https:\/\/www.rukajarvensuunnanhistoriayhdistys.fi\/historiayhdistys\/maakunnat-puhaltavat-yhteiseen-hiileen-laaksomiehen-hoyryveturien-turvin-kansalaisjuhla-lahestyy\/\" action=\"like\" colorscheme=\"light\" layout=\"button_count\"  size=\"small\"><\/fb:like><\/div><\/div><p>Olemme n\u00e4ill\u00e4 yhdistyksemme\u00a0 sivuilla kertoneet h\u00f6yryveturien saapumisesta Pielisen-Karjalaan. Nyt se on toteutunut. T\u00e4m\u00e4 esittely sen vuoksi, ett\u00e4 olemme aiemmin sopineet, ett\u00e4 Tapani Laaksomiehen h\u00f6yryveturi &#8221;Heikki &#8221; Hv3 995 tuo kansalaisjuhlayleis\u00f6n Yl\u00e4-Savosta Lieksaan 5.9.2014 klo 9.00, jolloin tulee kuluneeksi 70 vuotta Jatkosodan p\u00e4\u00e4ttymisest\u00e4.<\/p>\n<figure id=\"attachment_792\" aria-describedby=\"caption-attachment-792\" style=\"width: 1754px\" class=\"wp-caption alignnone\"><a href=\"http:\/\/www.rukajarvensuunnanhistoriayhdistys.fi\/historiayhdistys\/wp-content\/uploads\/2014\/08\/Laaksomiehen-Veturi-Lieksan-asemalla.jpg\"><img loading=\"lazy\" decoding=\"async\" class=\"wp-image-792 size-full\" src=\"http:\/\/www.rukajarvensuunnanhistoriayhdistys.fi\/historiayhdistys\/wp-content\/uploads\/2014\/08\/Laaksomiehen-Veturi-Lieksan-asemalla.jpg\" alt=\"Tapani Laaksomies toi veturit Pielisen-Karjalaan etuajassa.\" width=\"1754\" height=\"1240\" data-id=\"792\" srcset=\"https:\/\/www.rukajarvensuunnanhistoriayhdistys.fi\/historiayhdistys\/wp-content\/uploads\/2014\/08\/Laaksomiehen-Veturi-Lieksan-asemalla.jpg 1754w, https:\/\/www.rukajarvensuunnanhistoriayhdistys.fi\/historiayhdistys\/wp-content\/uploads\/2014\/08\/Laaksomiehen-Veturi-Lieksan-asemalla-300x212.jpg 300w, https:\/\/www.rukajarvensuunnanhistoriayhdistys.fi\/historiayhdistys\/wp-content\/uploads\/2014\/08\/Laaksomiehen-Veturi-Lieksan-asemalla-1024x723.jpg 1024w\" sizes=\"auto, (max-width: 1754px) 100vw, 1754px\" \/><\/a><figcaption id=\"caption-attachment-792\" class=\"wp-caption-text\">Tapani Laaksomies toi veturit Pielisen-Karjalaan etuajassa. Junalla oli mittaa per\u00e4ti 800 metri\u00f6.\u00a0 Vasemmalla raide, jolle Ylip\u00e4\u00e4llikk\u00f6 Mannerheim saapui 9.9.1942 vastaanottaessaan Rukaj\u00e4rven rintaman lahjan,\u00a0sodan j\u00e4lkeen Lopelle siirretyn\u00a0Marskin Majan. Kuva Lieksan asemalla 5.8.2014 Mauri M\u00f6nkk\u00f6nen.<\/figcaption><\/figure>\n<p>Pielisen-Karjala otti eilen (5.8.2014)\u00a0junayritt\u00e4j\u00e4n muuttojunan Porvoosta vastaan juhlallisin menoin. Lieksassa rautatieaseman seutu oli aivan t\u00e4p\u00f6t\u00e4ynn\u00e4, eiv\u00e4tk\u00e4 kaikki sopineet aseman parkkiin ja Nurmeksessa k\u00e4vi aivan samoin, vaikka odotusaika venyikin reilun pariin tuntiin, silti haluttiin olla mukana todistamista h\u00f6yryjunaliikenteen uutta tulemista.<\/p>\n<p>Lieksassa k\u00e4ynnistyiv\u00e4t mottitalkoot ja Lieksan aseman junien k\u00e4\u00e4nt\u00f6p\u00f6yd\u00e4n tienoille tuotiin halkoja ja puutavaraa yhteens\u00e4 liki 30 kuutiota. Juukalaiset toimittivat eilen Nurmeksen k\u00e4\u00e4nt\u00f6p\u00f6yd\u00e4lle t\u00e4ll\u00e4 kertaa osan n. 12 kuutiota aiemmin toimittamansa reilun 30 kuution lis\u00e4ksi ja viel\u00e4kin puutavaraa on Juuasta tulossa pitk\u00e4lti toistakymment\u00e4 kuutiota.<\/p>\n<figure id=\"attachment_642\" aria-describedby=\"caption-attachment-642\" style=\"width: 1754px\" class=\"wp-caption alignnone\"><a href=\"http:\/\/www.rukajarvensuunnanhistoriayhdistys.fi\/historiayhdistys\/wp-content\/uploads\/2014\/07\/Juuka-mottitalkoot.jpg\"><img loading=\"lazy\" decoding=\"async\" class=\"wp-image-642 size-full\" src=\"http:\/\/www.rukajarvensuunnanhistoriayhdistys.fi\/historiayhdistys\/wp-content\/uploads\/2014\/07\/Juuka-mottitalkoot.jpg\" alt=\"Juukalainen Arvi Martikainen sai aikaan erinomaiset mottitalkoot. Ensimm\u00e4inen lasti kuivia halkoja Nurmeksen asemalla.\" width=\"1754\" height=\"1240\" data-id=\"642\" srcset=\"https:\/\/www.rukajarvensuunnanhistoriayhdistys.fi\/historiayhdistys\/wp-content\/uploads\/2014\/07\/Juuka-mottitalkoot.jpg 1754w, https:\/\/www.rukajarvensuunnanhistoriayhdistys.fi\/historiayhdistys\/wp-content\/uploads\/2014\/07\/Juuka-mottitalkoot-300x212.jpg 300w, https:\/\/www.rukajarvensuunnanhistoriayhdistys.fi\/historiayhdistys\/wp-content\/uploads\/2014\/07\/Juuka-mottitalkoot-1024x723.jpg 1024w\" sizes=\"auto, (max-width: 1754px) 100vw, 1754px\" \/><\/a><figcaption id=\"caption-attachment-642\" class=\"wp-caption-text\">Juukalainen Arvi Martikainen sai aikaan erinomaiset mottitalkoot. Ensimm\u00e4inen lasti kuivia halkoja Nurmeksen asemalla. T\u00e4m\u00e4 auto toi puita Nurmekseen aiemmin kes\u00e4kuun alussa.<\/figcaption><\/figure>\n<p>Juuka johtaa selv\u00e4sti j\u00e4rjestettyj\u00e4 mottitalkoita ja nyt Kiuruvesi on kohonnut vaivihkaa selv\u00e4ksi kakkoseksi.<\/p>\n<p>N\u00e4ill\u00e4 maakuntien yhteisill\u00e4 toimilla halutaan osoittaa maamme kunniakansalaisille\u00a0&#8211;\u00a0sotiemme veteraaneille &#8211; ja koko sodank\u00e4yneelle Suurelle Sukupolvelle yhteinen kunnioituksemme. He nostivat maamme vapaana kansakuntana ja ilman ulkopuolisten apua syv\u00e4st\u00e4 rotkosta ja sen j\u00e4lkeen ennen n\u00e4kem\u00e4tt\u00f6m\u00e4\u00e4n vaurauteen. Lis\u00e4ksi yl\u00e4-savolaiset, kainuulaiset ja koko Pielisen-Karjalan v\u00e4ki haluaa osoittaa tukensa my\u00f6s h\u00f6yryjunayritt\u00e4j\u00e4lle, mik\u00e4 merkitsee\u00a0uutta tulemista perinnety\u00f6n alalla. Halutaan rakentaa maakuntien v\u00e4list\u00e4 yhteenkuuluvuuden tunnetta ja halua tehd\u00e4 ty\u00f6t\u00e4 kotiseudun ja koko maamme hyv\u00e4ksi <strong>yhteiseen hiileen<\/strong> puhaltamalla talkoohengess\u00e4.<\/p>\n<h1>Vastaanotto Juhani Ahon tunnelmissa<\/h1>\n<p>Odottava tunnelma oli niin Lieksan kuin Nurmeksen asemilla aistittavissa. Kokemani j\u00e4lkeen luin Juhani Ahon v. 1884 kirjoittaman Rautatien, Matin ja Liisan v\u00e4liset keskustelut liikuttavat. Siksip\u00e4 lainaan t\u00e4ss\u00e4 hiukan sit\u00e4, miten Liisa halusi kiusoitella mieless\u00e4\u00e4n\u00a0Mattia &#8221;tulivehkeen&#8221; kyydin vuoksi.<\/p>\n<p><a href=\"http:\/\/www.rukajarvensuunnanhistoriayhdistys.fi\/historiayhdistys\/wp-content\/uploads\/2014\/08\/Juhani-Aho-Rautatie.jpg\"><img loading=\"lazy\" decoding=\"async\" class=\"alignnone wp-image-805 size-full\" src=\"http:\/\/www.rukajarvensuunnanhistoriayhdistys.fi\/historiayhdistys\/wp-content\/uploads\/2014\/08\/Juhani-Aho-Rautatie.jpg\" alt=\"Juhani Aho-Rautatie\" width=\"1240\" height=\"1754\" data-id=\"805\" srcset=\"https:\/\/www.rukajarvensuunnanhistoriayhdistys.fi\/historiayhdistys\/wp-content\/uploads\/2014\/08\/Juhani-Aho-Rautatie.jpg 1240w, https:\/\/www.rukajarvensuunnanhistoriayhdistys.fi\/historiayhdistys\/wp-content\/uploads\/2014\/08\/Juhani-Aho-Rautatie-212x300.jpg 212w, https:\/\/www.rukajarvensuunnanhistoriayhdistys.fi\/historiayhdistys\/wp-content\/uploads\/2014\/08\/Juhani-Aho-Rautatie-723x1024.jpg 723w\" sizes=\"auto, (max-width: 1240px) 100vw, 1240px\" \/><\/a><\/p>\n<p>Ote Juhani Ahon Rautatie:<\/p>\n<p><strong><strong>&#8221;Pakkanen paukkuu nurkissa, r\u00e4isk\u00e4\u00e4 pitkin aidan selki\u00e4 ja seuloo huurua puihin ja pensaihin. Aurinko kultaa kirkon ja tapulin ristej\u00e4, paistaa hauskasti h\u00e4rm\u00e4iseen koivikkoon ja valaisee joka savupatsaan, joita kiemuroitellen kumpuilee piipuista ja lakeistorvista l\u00e4helt\u00e4 ja kaukaa. Tie ei ihan juuri kuolemataankaan huuda reen jalaksen alla, vaikka surullisesti ja toivottavasti se valittelee.&#8221;<\/strong><\/strong><\/p>\n<p>Ja viimeisen luvun alkurivit, kun\u00a0Matin ja Liisan\u00a0junamatka oli toteutunut\u00a0luku VIII.<\/p>\n<p><strong><strong>&#8221;Iltap\u00e4iv\u00e4 oli k\u00e4siss\u00e4, ja Matti ja Liisa k\u00e4veliv\u00e4t rautatien rataa pitkin&#8230;sinnep\u00e4in kiinnitt\u00e4en hitaista k\u00e4vely\u00e4, mist\u00e4 \u00e4sken olivat tulen vauhdilla tulleet.<\/strong><\/strong><\/p>\n<p><strong><strong>Matti kulki edell\u00e4, Liisa v\u00e4h\u00e4n j\u00e4lemp\u00e4n\u00e4, kokien per\u00e4st\u00e4 tulla.<\/strong><\/strong><\/p>\n<p><strong><strong>Eiv\u00e4t puhuneet mit\u00e4\u00e4n toisilleen. Matti ei tahtonut mit\u00e4\u00e4n virkkaa, ja Liisa ei tohtinut. Viel\u00e4 olisi tehnyt Liisan mieli juonittelemaan ja viel\u00e4 sen sisuksissa riidan halu kutkutti, mutta ei sit\u00e4 sielt\u00e4 uskaltanut p\u00e4\u00e4st\u00e4\u00e4&#8230;&#8221;<\/strong><\/strong><\/p>\n<h1>Viimeiset ajat ilmoittautua juhlajunaan<\/h1>\n<p>Esit\u00e4n mit\u00e4 syd\u00e4mellisimm\u00e4t kiitoksemme kaikille kansalaisjuhlan valmisteluihin osallistuneille henkil\u00f6ille, talkoovoimia tarvitaan edelleen.\u00a0T\u00e4h\u00e4n saakka on ollut hiukan ep\u00e4varmaa juhlajunan kulkeminen Kiuruvedelt\u00e4 saakka. Tapani Laaksomies toi eilen onnistuneesti\u00a0koko kalustonsa Nurmekseen, joten\u00a0senkin vuoksi\u00a0pysymme vakaasti aikaisemmissa suunnitelmissamme.\u00a0Tiedotusv\u00e4lineille kiitoksemme, jotka ovat kohottaneet uskoa yhteisen tavoitteemme toteutumisesta. T\u00e4n\u00e4\u00e4n henki on p\u00e4\u00e4ll\u00e4 ja nyt vilkkuu edess\u00e4mme toivonkipin\u00e4 ja ajankohta, jossa kilvoitellaan viimeisist\u00e4 paikoista &#8211; junan mukaan syyskuun alussa Kiuruvedelt\u00e4 Lieksaan.\u00a0Nyt on viimeiset ajat ilmoittautua ainutlaatuiselle matkalle, sill\u00e4 varmistetaan junan kulku, viel\u00e4 mahtuu mukaan. Ilmoittautuminen on mahdollista ja vaivattominta nettisivujemme kautta.<\/p>\n<p>Tenho Tikkanen<\/p>\n<p>puheenjohtaja<\/p>\n<p>Rukaj\u00e4rven suunnan historiayhdistys ry.<\/p>\n","protected":false},"excerpt":{"rendered":"<p>Olemme n\u00e4ill\u00e4 yhdistyksemme\u00a0 sivuilla kertoneet h\u00f6yryveturien saapumisesta Pielisen-Karjalaan. Nyt se on toteutunut. T\u00e4m\u00e4 esittely sen vuoksi, ett\u00e4 olemme aiemmin sopineet, ett\u00e4 Tapani Laaksomiehen h\u00f6yryveturi &#8221;Heikki &#8221; Hv3 995 tuo kansalaisjuhlayleis\u00f6n <a class=\"more-link\" href=\"https:\/\/www.rukajarvensuunnanhistoriayhdistys.fi\/historiayhdistys\/maakunnat-puhaltavat-yhteiseen-hiileen-laaksomiehen-hoyryveturien-turvin-kansalaisjuhla-lahestyy\/\">Teksti jatkuu&#8230;<span class=\"screen-reader-text\">Maakunnat puhaltavat yhteiseen hiileen &#8211; Laaksomiehen h\u00f6yryveturien turvin &#8211; Kansalaisjuhla l\u00e4hestyy<\/span><span class=\"meta-nav\">\u2192<\/span><\/a><\/p>\n","protected":false},"author":3,"featured_media":796,"comment_status":"closed","ping_status":"open","sticky":false,"template":"","format":"standard","meta":{"footnotes":""},"categories":[22],"tags":[],"class_list":["post-804","post","type-post","status-publish","format-standard","has-post-thumbnail","hentry","category-ajankohtaista"],"yoast_head":"<!-- This site is optimized with the Yoast SEO plugin v27.4 - https:\/\/yoast.com\/product\/yoast-seo-wordpress\/ -->\n<title>Maakunnat puhaltavat yhteiseen hiileen - Laaksomiehen h\u00f6yryveturien turvin - Kansalaisjuhla l\u00e4hestyy - Rukaj\u00e4rven suunnan historiayhdistys<\/title>\n<meta name=\"robots\" content=\"index, follow, max-snippet:-1, max-image-preview:large, max-video-preview:-1\" \/>\n<link rel=\"canonical\" href=\"https:\/\/www.rukajarvensuunnanhistoriayhdistys.fi\/historiayhdistys\/maakunnat-puhaltavat-yhteiseen-hiileen-laaksomiehen-hoyryveturien-turvin-kansalaisjuhla-lahestyy\/\" \/>\n<meta property=\"og:locale\" content=\"fi_FI\" \/>\n<meta property=\"og:type\" content=\"article\" \/>\n<meta property=\"og:title\" content=\"Maakunnat puhaltavat yhteiseen hiileen - Laaksomiehen h\u00f6yryveturien turvin - Kansalaisjuhla l\u00e4hestyy - Rukaj\u00e4rven suunnan historiayhdistys\" \/>\n<meta property=\"og:description\" content=\"Olemme n\u00e4ill\u00e4 yhdistyksemme\u00a0 sivuilla kertoneet h\u00f6yryveturien saapumisesta Pielisen-Karjalaan. Nyt se on toteutunut. T\u00e4m\u00e4 esittely sen vuoksi, ett\u00e4 olemme aiemmin sopineet, ett\u00e4 Tapani Laaksomiehen h\u00f6yryveturi &#8221;Heikki &#8221; Hv3 995 tuo kansalaisjuhlayleis\u00f6n Teksti jatkuu...Maakunnat puhaltavat yhteiseen hiileen &#8211; Laaksomiehen h\u00f6yryveturien turvin &#8211; Kansalaisjuhla l\u00e4hestyy\u2192\" \/>\n<meta property=\"og:url\" content=\"https:\/\/www.rukajarvensuunnanhistoriayhdistys.fi\/historiayhdistys\/maakunnat-puhaltavat-yhteiseen-hiileen-laaksomiehen-hoyryveturien-turvin-kansalaisjuhla-lahestyy\/\" \/>\n<meta property=\"og:site_name\" content=\"Rukaj\u00e4rven suunnan historiayhdistys\" \/>\n<meta property=\"article:published_time\" content=\"2014-08-06T07:08:05+00:00\" \/>\n<meta property=\"article:modified_time\" content=\"2014-08-06T17:16:17+00:00\" \/>\n<meta property=\"og:image\" content=\"https:\/\/www.rukajarvensuunnanhistoriayhdistys.fi\/historiayhdistys\/wp-content\/uploads\/2014\/08\/Nurmes-tervetuloa-K\u00e4m-Jun-Box-Laa-5.8.2014.jpg\" \/>\n\t<meta property=\"og:image:width\" content=\"1754\" \/>\n\t<meta property=\"og:image:height\" content=\"1240\" \/>\n\t<meta property=\"og:image:type\" content=\"image\/jpeg\" \/>\n<meta name=\"author\" content=\"RSHY\" \/>\n<meta name=\"twitter:label1\" content=\"Kirjoittanut\" \/>\n\t<meta name=\"twitter:data1\" content=\"RSHY\" \/>\n\t<meta name=\"twitter:label2\" content=\"Arvioitu lukuaika\" \/>\n\t<meta name=\"twitter:data2\" content=\"3 minuuttia\" \/>\n<script type=\"application\/ld+json\" class=\"yoast-schema-graph\">{\"@context\":\"https:\\\/\\\/schema.org\",\"@graph\":[{\"@type\":\"Article\",\"@id\":\"https:\\\/\\\/www.rukajarvensuunnanhistoriayhdistys.fi\\\/historiayhdistys\\\/maakunnat-puhaltavat-yhteiseen-hiileen-laaksomiehen-hoyryveturien-turvin-kansalaisjuhla-lahestyy\\\/#article\",\"isPartOf\":{\"@id\":\"https:\\\/\\\/www.rukajarvensuunnanhistoriayhdistys.fi\\\/historiayhdistys\\\/maakunnat-puhaltavat-yhteiseen-hiileen-laaksomiehen-hoyryveturien-turvin-kansalaisjuhla-lahestyy\\\/\"},\"author\":{\"name\":\"RSHY\",\"@id\":\"http:\\\/\\\/www.rukajarvensuunnanhistoriayhdistys.fi\\\/historiayhdistys\\\/#\\\/schema\\\/person\\\/19de7db68bf72dfd2b5d7f6dfbf8454d\"},\"headline\":\"Maakunnat puhaltavat yhteiseen hiileen &#8211; Laaksomiehen h\u00f6yryveturien turvin &#8211; Kansalaisjuhla l\u00e4hestyy\",\"datePublished\":\"2014-08-06T07:08:05+00:00\",\"dateModified\":\"2014-08-06T17:16:17+00:00\",\"mainEntityOfPage\":{\"@id\":\"https:\\\/\\\/www.rukajarvensuunnanhistoriayhdistys.fi\\\/historiayhdistys\\\/maakunnat-puhaltavat-yhteiseen-hiileen-laaksomiehen-hoyryveturien-turvin-kansalaisjuhla-lahestyy\\\/\"},\"wordCount\":650,\"publisher\":{\"@id\":\"http:\\\/\\\/www.rukajarvensuunnanhistoriayhdistys.fi\\\/historiayhdistys\\\/#organization\"},\"image\":{\"@id\":\"https:\\\/\\\/www.rukajarvensuunnanhistoriayhdistys.fi\\\/historiayhdistys\\\/maakunnat-puhaltavat-yhteiseen-hiileen-laaksomiehen-hoyryveturien-turvin-kansalaisjuhla-lahestyy\\\/#primaryimage\"},\"thumbnailUrl\":\"https:\\\/\\\/www.rukajarvensuunnanhistoriayhdistys.fi\\\/historiayhdistys\\\/wp-content\\\/uploads\\\/2014\\\/08\\\/Nurmes-tervetuloa-K\u00e4m-Jun-Box-Laa-5.8.2014.jpg\",\"articleSection\":[\"Ajankohtaista\"],\"inLanguage\":\"fi\"},{\"@type\":\"WebPage\",\"@id\":\"https:\\\/\\\/www.rukajarvensuunnanhistoriayhdistys.fi\\\/historiayhdistys\\\/maakunnat-puhaltavat-yhteiseen-hiileen-laaksomiehen-hoyryveturien-turvin-kansalaisjuhla-lahestyy\\\/\",\"url\":\"https:\\\/\\\/www.rukajarvensuunnanhistoriayhdistys.fi\\\/historiayhdistys\\\/maakunnat-puhaltavat-yhteiseen-hiileen-laaksomiehen-hoyryveturien-turvin-kansalaisjuhla-lahestyy\\\/\",\"name\":\"Maakunnat puhaltavat yhteiseen hiileen - Laaksomiehen h\u00f6yryveturien turvin - Kansalaisjuhla l\u00e4hestyy - Rukaj\u00e4rven suunnan historiayhdistys\",\"isPartOf\":{\"@id\":\"http:\\\/\\\/www.rukajarvensuunnanhistoriayhdistys.fi\\\/historiayhdistys\\\/#website\"},\"primaryImageOfPage\":{\"@id\":\"https:\\\/\\\/www.rukajarvensuunnanhistoriayhdistys.fi\\\/historiayhdistys\\\/maakunnat-puhaltavat-yhteiseen-hiileen-laaksomiehen-hoyryveturien-turvin-kansalaisjuhla-lahestyy\\\/#primaryimage\"},\"image\":{\"@id\":\"https:\\\/\\\/www.rukajarvensuunnanhistoriayhdistys.fi\\\/historiayhdistys\\\/maakunnat-puhaltavat-yhteiseen-hiileen-laaksomiehen-hoyryveturien-turvin-kansalaisjuhla-lahestyy\\\/#primaryimage\"},\"thumbnailUrl\":\"https:\\\/\\\/www.rukajarvensuunnanhistoriayhdistys.fi\\\/historiayhdistys\\\/wp-content\\\/uploads\\\/2014\\\/08\\\/Nurmes-tervetuloa-K\u00e4m-Jun-Box-Laa-5.8.2014.jpg\",\"datePublished\":\"2014-08-06T07:08:05+00:00\",\"dateModified\":\"2014-08-06T17:16:17+00:00\",\"breadcrumb\":{\"@id\":\"https:\\\/\\\/www.rukajarvensuunnanhistoriayhdistys.fi\\\/historiayhdistys\\\/maakunnat-puhaltavat-yhteiseen-hiileen-laaksomiehen-hoyryveturien-turvin-kansalaisjuhla-lahestyy\\\/#breadcrumb\"},\"inLanguage\":\"fi\",\"potentialAction\":[{\"@type\":\"ReadAction\",\"target\":[\"https:\\\/\\\/www.rukajarvensuunnanhistoriayhdistys.fi\\\/historiayhdistys\\\/maakunnat-puhaltavat-yhteiseen-hiileen-laaksomiehen-hoyryveturien-turvin-kansalaisjuhla-lahestyy\\\/\"]}]},{\"@type\":\"ImageObject\",\"inLanguage\":\"fi\",\"@id\":\"https:\\\/\\\/www.rukajarvensuunnanhistoriayhdistys.fi\\\/historiayhdistys\\\/maakunnat-puhaltavat-yhteiseen-hiileen-laaksomiehen-hoyryveturien-turvin-kansalaisjuhla-lahestyy\\\/#primaryimage\",\"url\":\"https:\\\/\\\/www.rukajarvensuunnanhistoriayhdistys.fi\\\/historiayhdistys\\\/wp-content\\\/uploads\\\/2014\\\/08\\\/Nurmes-tervetuloa-K\u00e4m-Jun-Box-Laa-5.8.2014.jpg\",\"contentUrl\":\"https:\\\/\\\/www.rukajarvensuunnanhistoriayhdistys.fi\\\/historiayhdistys\\\/wp-content\\\/uploads\\\/2014\\\/08\\\/Nurmes-tervetuloa-K\u00e4m-Jun-Box-Laa-5.8.2014.jpg\",\"width\":1754,\"height\":1240,\"caption\":\"Vasemmalta Risto Bopxberg, joka toivotti Laaksomiehen tervetulleeksi lomayritysten puolesta, h\u00f6yryjunayritt\u00e4j\u00e4 Tapani Laaksomies, Nurmeksen kh:n edustajat Jukka Juntunen ja puheenjohtaja Matti K\u00e4m\u00e4r\u00e4inen.\"},{\"@type\":\"BreadcrumbList\",\"@id\":\"https:\\\/\\\/www.rukajarvensuunnanhistoriayhdistys.fi\\\/historiayhdistys\\\/maakunnat-puhaltavat-yhteiseen-hiileen-laaksomiehen-hoyryveturien-turvin-kansalaisjuhla-lahestyy\\\/#breadcrumb\",\"itemListElement\":[{\"@type\":\"ListItem\",\"position\":1,\"name\":\"Etusivu\",\"item\":\"http:\\\/\\\/www.rukajarvensuunnanhistoriayhdistys.fi\\\/historiayhdistys\\\/\"},{\"@type\":\"ListItem\",\"position\":2,\"name\":\"Maakunnat puhaltavat yhteiseen hiileen &#8211; Laaksomiehen h\u00f6yryveturien turvin &#8211; Kansalaisjuhla l\u00e4hestyy\"}]},{\"@type\":\"WebSite\",\"@id\":\"http:\\\/\\\/www.rukajarvensuunnanhistoriayhdistys.fi\\\/historiayhdistys\\\/#website\",\"url\":\"http:\\\/\\\/www.rukajarvensuunnanhistoriayhdistys.fi\\\/historiayhdistys\\\/\",\"name\":\"Rukaj\u00e4rven suunnan historiayhdistys\",\"description\":\"Rukaj\u00e4rven suunnan historiayhdistyksen verkkosivut.\",\"publisher\":{\"@id\":\"http:\\\/\\\/www.rukajarvensuunnanhistoriayhdistys.fi\\\/historiayhdistys\\\/#organization\"},\"potentialAction\":[{\"@type\":\"SearchAction\",\"target\":{\"@type\":\"EntryPoint\",\"urlTemplate\":\"http:\\\/\\\/www.rukajarvensuunnanhistoriayhdistys.fi\\\/historiayhdistys\\\/?s={search_term_string}\"},\"query-input\":{\"@type\":\"PropertyValueSpecification\",\"valueRequired\":true,\"valueName\":\"search_term_string\"}}],\"inLanguage\":\"fi\"},{\"@type\":\"Organization\",\"@id\":\"http:\\\/\\\/www.rukajarvensuunnanhistoriayhdistys.fi\\\/historiayhdistys\\\/#organization\",\"name\":\"Rukaj\u00e4rven suunnan historiayhdistys\",\"url\":\"http:\\\/\\\/www.rukajarvensuunnanhistoriayhdistys.fi\\\/historiayhdistys\\\/\",\"logo\":{\"@type\":\"ImageObject\",\"inLanguage\":\"fi\",\"@id\":\"http:\\\/\\\/www.rukajarvensuunnanhistoriayhdistys.fi\\\/historiayhdistys\\\/#\\\/schema\\\/logo\\\/image\\\/\",\"url\":\"https:\\\/\\\/www.rukajarvensuunnanhistoriayhdistys.fi\\\/historiayhdistys\\\/wp-content\\\/uploads\\\/2013\\\/12\\\/Otsake_3.jpg\",\"contentUrl\":\"https:\\\/\\\/www.rukajarvensuunnanhistoriayhdistys.fi\\\/historiayhdistys\\\/wp-content\\\/uploads\\\/2013\\\/12\\\/Otsake_3.jpg\",\"width\":1000,\"height\":442,\"caption\":\"Rukaj\u00e4rven suunnan historiayhdistys\"},\"image\":{\"@id\":\"http:\\\/\\\/www.rukajarvensuunnanhistoriayhdistys.fi\\\/historiayhdistys\\\/#\\\/schema\\\/logo\\\/image\\\/\"}},{\"@type\":\"Person\",\"@id\":\"http:\\\/\\\/www.rukajarvensuunnanhistoriayhdistys.fi\\\/historiayhdistys\\\/#\\\/schema\\\/person\\\/19de7db68bf72dfd2b5d7f6dfbf8454d\",\"name\":\"RSHY\",\"image\":{\"@type\":\"ImageObject\",\"inLanguage\":\"fi\",\"@id\":\"https:\\\/\\\/secure.gravatar.com\\\/avatar\\\/598d59263a69cc8de65fcb4f9db78d6f58c098cb0e0ba22d73377441af9fa04c?s=96&d=blank&r=g\",\"url\":\"https:\\\/\\\/secure.gravatar.com\\\/avatar\\\/598d59263a69cc8de65fcb4f9db78d6f58c098cb0e0ba22d73377441af9fa04c?s=96&d=blank&r=g\",\"contentUrl\":\"https:\\\/\\\/secure.gravatar.com\\\/avatar\\\/598d59263a69cc8de65fcb4f9db78d6f58c098cb0e0ba22d73377441af9fa04c?s=96&d=blank&r=g\",\"caption\":\"RSHY\"},\"url\":\"https:\\\/\\\/www.rukajarvensuunnanhistoriayhdistys.fi\\\/historiayhdistys\\\/author\\\/rshy\\\/\"}]}<\/script>\n<!-- \/ Yoast SEO plugin. -->","yoast_head_json":{"title":"Maakunnat puhaltavat yhteiseen hiileen - Laaksomiehen h\u00f6yryveturien turvin - Kansalaisjuhla l\u00e4hestyy - Rukaj\u00e4rven suunnan historiayhdistys","robots":{"index":"index","follow":"follow","max-snippet":"max-snippet:-1","max-image-preview":"max-image-preview:large","max-video-preview":"max-video-preview:-1"},"canonical":"https:\/\/www.rukajarvensuunnanhistoriayhdistys.fi\/historiayhdistys\/maakunnat-puhaltavat-yhteiseen-hiileen-laaksomiehen-hoyryveturien-turvin-kansalaisjuhla-lahestyy\/","og_locale":"fi_FI","og_type":"article","og_title":"Maakunnat puhaltavat yhteiseen hiileen - Laaksomiehen h\u00f6yryveturien turvin - Kansalaisjuhla l\u00e4hestyy - Rukaj\u00e4rven suunnan historiayhdistys","og_description":"Olemme n\u00e4ill\u00e4 yhdistyksemme\u00a0 sivuilla kertoneet h\u00f6yryveturien saapumisesta Pielisen-Karjalaan. Nyt se on toteutunut. T\u00e4m\u00e4 esittely sen vuoksi, ett\u00e4 olemme aiemmin sopineet, ett\u00e4 Tapani Laaksomiehen h\u00f6yryveturi &#8221;Heikki &#8221; Hv3 995 tuo kansalaisjuhlayleis\u00f6n Teksti jatkuu...Maakunnat puhaltavat yhteiseen hiileen &#8211; Laaksomiehen h\u00f6yryveturien turvin &#8211; Kansalaisjuhla l\u00e4hestyy\u2192","og_url":"https:\/\/www.rukajarvensuunnanhistoriayhdistys.fi\/historiayhdistys\/maakunnat-puhaltavat-yhteiseen-hiileen-laaksomiehen-hoyryveturien-turvin-kansalaisjuhla-lahestyy\/","og_site_name":"Rukaj\u00e4rven suunnan historiayhdistys","article_published_time":"2014-08-06T07:08:05+00:00","article_modified_time":"2014-08-06T17:16:17+00:00","og_image":[{"width":1754,"height":1240,"url":"https:\/\/www.rukajarvensuunnanhistoriayhdistys.fi\/historiayhdistys\/wp-content\/uploads\/2014\/08\/Nurmes-tervetuloa-K\u00e4m-Jun-Box-Laa-5.8.2014.jpg","type":"image\/jpeg"}],"author":"RSHY","twitter_misc":{"Kirjoittanut":"RSHY","Arvioitu lukuaika":"3 minuuttia"},"schema":{"@context":"https:\/\/schema.org","@graph":[{"@type":"Article","@id":"https:\/\/www.rukajarvensuunnanhistoriayhdistys.fi\/historiayhdistys\/maakunnat-puhaltavat-yhteiseen-hiileen-laaksomiehen-hoyryveturien-turvin-kansalaisjuhla-lahestyy\/#article","isPartOf":{"@id":"https:\/\/www.rukajarvensuunnanhistoriayhdistys.fi\/historiayhdistys\/maakunnat-puhaltavat-yhteiseen-hiileen-laaksomiehen-hoyryveturien-turvin-kansalaisjuhla-lahestyy\/"},"author":{"name":"RSHY","@id":"http:\/\/www.rukajarvensuunnanhistoriayhdistys.fi\/historiayhdistys\/#\/schema\/person\/19de7db68bf72dfd2b5d7f6dfbf8454d"},"headline":"Maakunnat puhaltavat yhteiseen hiileen &#8211; Laaksomiehen h\u00f6yryveturien turvin &#8211; Kansalaisjuhla l\u00e4hestyy","datePublished":"2014-08-06T07:08:05+00:00","dateModified":"2014-08-06T17:16:17+00:00","mainEntityOfPage":{"@id":"https:\/\/www.rukajarvensuunnanhistoriayhdistys.fi\/historiayhdistys\/maakunnat-puhaltavat-yhteiseen-hiileen-laaksomiehen-hoyryveturien-turvin-kansalaisjuhla-lahestyy\/"},"wordCount":650,"publisher":{"@id":"http:\/\/www.rukajarvensuunnanhistoriayhdistys.fi\/historiayhdistys\/#organization"},"image":{"@id":"https:\/\/www.rukajarvensuunnanhistoriayhdistys.fi\/historiayhdistys\/maakunnat-puhaltavat-yhteiseen-hiileen-laaksomiehen-hoyryveturien-turvin-kansalaisjuhla-lahestyy\/#primaryimage"},"thumbnailUrl":"https:\/\/www.rukajarvensuunnanhistoriayhdistys.fi\/historiayhdistys\/wp-content\/uploads\/2014\/08\/Nurmes-tervetuloa-K\u00e4m-Jun-Box-Laa-5.8.2014.jpg","articleSection":["Ajankohtaista"],"inLanguage":"fi"},{"@type":"WebPage","@id":"https:\/\/www.rukajarvensuunnanhistoriayhdistys.fi\/historiayhdistys\/maakunnat-puhaltavat-yhteiseen-hiileen-laaksomiehen-hoyryveturien-turvin-kansalaisjuhla-lahestyy\/","url":"https:\/\/www.rukajarvensuunnanhistoriayhdistys.fi\/historiayhdistys\/maakunnat-puhaltavat-yhteiseen-hiileen-laaksomiehen-hoyryveturien-turvin-kansalaisjuhla-lahestyy\/","name":"Maakunnat puhaltavat yhteiseen hiileen - Laaksomiehen h\u00f6yryveturien turvin - Kansalaisjuhla l\u00e4hestyy - Rukaj\u00e4rven suunnan historiayhdistys","isPartOf":{"@id":"http:\/\/www.rukajarvensuunnanhistoriayhdistys.fi\/historiayhdistys\/#website"},"primaryImageOfPage":{"@id":"https:\/\/www.rukajarvensuunnanhistoriayhdistys.fi\/historiayhdistys\/maakunnat-puhaltavat-yhteiseen-hiileen-laaksomiehen-hoyryveturien-turvin-kansalaisjuhla-lahestyy\/#primaryimage"},"image":{"@id":"https:\/\/www.rukajarvensuunnanhistoriayhdistys.fi\/historiayhdistys\/maakunnat-puhaltavat-yhteiseen-hiileen-laaksomiehen-hoyryveturien-turvin-kansalaisjuhla-lahestyy\/#primaryimage"},"thumbnailUrl":"https:\/\/www.rukajarvensuunnanhistoriayhdistys.fi\/historiayhdistys\/wp-content\/uploads\/2014\/08\/Nurmes-tervetuloa-K\u00e4m-Jun-Box-Laa-5.8.2014.jpg","datePublished":"2014-08-06T07:08:05+00:00","dateModified":"2014-08-06T17:16:17+00:00","breadcrumb":{"@id":"https:\/\/www.rukajarvensuunnanhistoriayhdistys.fi\/historiayhdistys\/maakunnat-puhaltavat-yhteiseen-hiileen-laaksomiehen-hoyryveturien-turvin-kansalaisjuhla-lahestyy\/#breadcrumb"},"inLanguage":"fi","potentialAction":[{"@type":"ReadAction","target":["https:\/\/www.rukajarvensuunnanhistoriayhdistys.fi\/historiayhdistys\/maakunnat-puhaltavat-yhteiseen-hiileen-laaksomiehen-hoyryveturien-turvin-kansalaisjuhla-lahestyy\/"]}]},{"@type":"ImageObject","inLanguage":"fi","@id":"https:\/\/www.rukajarvensuunnanhistoriayhdistys.fi\/historiayhdistys\/maakunnat-puhaltavat-yhteiseen-hiileen-laaksomiehen-hoyryveturien-turvin-kansalaisjuhla-lahestyy\/#primaryimage","url":"https:\/\/www.rukajarvensuunnanhistoriayhdistys.fi\/historiayhdistys\/wp-content\/uploads\/2014\/08\/Nurmes-tervetuloa-K\u00e4m-Jun-Box-Laa-5.8.2014.jpg","contentUrl":"https:\/\/www.rukajarvensuunnanhistoriayhdistys.fi\/historiayhdistys\/wp-content\/uploads\/2014\/08\/Nurmes-tervetuloa-K\u00e4m-Jun-Box-Laa-5.8.2014.jpg","width":1754,"height":1240,"caption":"Vasemmalta Risto Bopxberg, joka toivotti Laaksomiehen tervetulleeksi lomayritysten puolesta, h\u00f6yryjunayritt\u00e4j\u00e4 Tapani Laaksomies, Nurmeksen kh:n edustajat Jukka Juntunen ja puheenjohtaja Matti K\u00e4m\u00e4r\u00e4inen."},{"@type":"BreadcrumbList","@id":"https:\/\/www.rukajarvensuunnanhistoriayhdistys.fi\/historiayhdistys\/maakunnat-puhaltavat-yhteiseen-hiileen-laaksomiehen-hoyryveturien-turvin-kansalaisjuhla-lahestyy\/#breadcrumb","itemListElement":[{"@type":"ListItem","position":1,"name":"Etusivu","item":"http:\/\/www.rukajarvensuunnanhistoriayhdistys.fi\/historiayhdistys\/"},{"@type":"ListItem","position":2,"name":"Maakunnat puhaltavat yhteiseen hiileen &#8211; Laaksomiehen h\u00f6yryveturien turvin &#8211; Kansalaisjuhla l\u00e4hestyy"}]},{"@type":"WebSite","@id":"http:\/\/www.rukajarvensuunnanhistoriayhdistys.fi\/historiayhdistys\/#website","url":"http:\/\/www.rukajarvensuunnanhistoriayhdistys.fi\/historiayhdistys\/","name":"Rukaj\u00e4rven suunnan historiayhdistys","description":"Rukaj\u00e4rven suunnan historiayhdistyksen verkkosivut.","publisher":{"@id":"http:\/\/www.rukajarvensuunnanhistoriayhdistys.fi\/historiayhdistys\/#organization"},"potentialAction":[{"@type":"SearchAction","target":{"@type":"EntryPoint","urlTemplate":"http:\/\/www.rukajarvensuunnanhistoriayhdistys.fi\/historiayhdistys\/?s={search_term_string}"},"query-input":{"@type":"PropertyValueSpecification","valueRequired":true,"valueName":"search_term_string"}}],"inLanguage":"fi"},{"@type":"Organization","@id":"http:\/\/www.rukajarvensuunnanhistoriayhdistys.fi\/historiayhdistys\/#organization","name":"Rukaj\u00e4rven suunnan historiayhdistys","url":"http:\/\/www.rukajarvensuunnanhistoriayhdistys.fi\/historiayhdistys\/","logo":{"@type":"ImageObject","inLanguage":"fi","@id":"http:\/\/www.rukajarvensuunnanhistoriayhdistys.fi\/historiayhdistys\/#\/schema\/logo\/image\/","url":"https:\/\/www.rukajarvensuunnanhistoriayhdistys.fi\/historiayhdistys\/wp-content\/uploads\/2013\/12\/Otsake_3.jpg","contentUrl":"https:\/\/www.rukajarvensuunnanhistoriayhdistys.fi\/historiayhdistys\/wp-content\/uploads\/2013\/12\/Otsake_3.jpg","width":1000,"height":442,"caption":"Rukaj\u00e4rven suunnan historiayhdistys"},"image":{"@id":"http:\/\/www.rukajarvensuunnanhistoriayhdistys.fi\/historiayhdistys\/#\/schema\/logo\/image\/"}},{"@type":"Person","@id":"http:\/\/www.rukajarvensuunnanhistoriayhdistys.fi\/historiayhdistys\/#\/schema\/person\/19de7db68bf72dfd2b5d7f6dfbf8454d","name":"RSHY","image":{"@type":"ImageObject","inLanguage":"fi","@id":"https:\/\/secure.gravatar.com\/avatar\/598d59263a69cc8de65fcb4f9db78d6f58c098cb0e0ba22d73377441af9fa04c?s=96&d=blank&r=g","url":"https:\/\/secure.gravatar.com\/avatar\/598d59263a69cc8de65fcb4f9db78d6f58c098cb0e0ba22d73377441af9fa04c?s=96&d=blank&r=g","contentUrl":"https:\/\/secure.gravatar.com\/avatar\/598d59263a69cc8de65fcb4f9db78d6f58c098cb0e0ba22d73377441af9fa04c?s=96&d=blank&r=g","caption":"RSHY"},"url":"https:\/\/www.rukajarvensuunnanhistoriayhdistys.fi\/historiayhdistys\/author\/rshy\/"}]}},"_links":{"self":[{"href":"https:\/\/www.rukajarvensuunnanhistoriayhdistys.fi\/historiayhdistys\/wp-json\/wp\/v2\/posts\/804","targetHints":{"allow":["GET"]}}],"collection":[{"href":"https:\/\/www.rukajarvensuunnanhistoriayhdistys.fi\/historiayhdistys\/wp-json\/wp\/v2\/posts"}],"about":[{"href":"https:\/\/www.rukajarvensuunnanhistoriayhdistys.fi\/historiayhdistys\/wp-json\/wp\/v2\/types\/post"}],"author":[{"embeddable":true,"href":"https:\/\/www.rukajarvensuunnanhistoriayhdistys.fi\/historiayhdistys\/wp-json\/wp\/v2\/users\/3"}],"replies":[{"embeddable":true,"href":"https:\/\/www.rukajarvensuunnanhistoriayhdistys.fi\/historiayhdistys\/wp-json\/wp\/v2\/comments?post=804"}],"version-history":[{"count":1,"href":"https:\/\/www.rukajarvensuunnanhistoriayhdistys.fi\/historiayhdistys\/wp-json\/wp\/v2\/posts\/804\/revisions"}],"predecessor-version":[{"id":806,"href":"https:\/\/www.rukajarvensuunnanhistoriayhdistys.fi\/historiayhdistys\/wp-json\/wp\/v2\/posts\/804\/revisions\/806"}],"wp:featuredmedia":[{"embeddable":true,"href":"https:\/\/www.rukajarvensuunnanhistoriayhdistys.fi\/historiayhdistys\/wp-json\/wp\/v2\/media\/796"}],"wp:attachment":[{"href":"https:\/\/www.rukajarvensuunnanhistoriayhdistys.fi\/historiayhdistys\/wp-json\/wp\/v2\/media?parent=804"}],"wp:term":[{"taxonomy":"category","embeddable":true,"href":"https:\/\/www.rukajarvensuunnanhistoriayhdistys.fi\/historiayhdistys\/wp-json\/wp\/v2\/categories?post=804"},{"taxonomy":"post_tag","embeddable":true,"href":"https:\/\/www.rukajarvensuunnanhistoriayhdistys.fi\/historiayhdistys\/wp-json\/wp\/v2\/tags?post=804"}],"curies":[{"name":"wp","href":"https:\/\/api.w.org\/{rel}","templated":true}]}}