{"id":816,"date":"2014-08-06T18:46:34","date_gmt":"2014-08-06T15:46:34","guid":{"rendered":"http:\/\/www.rukajarvensuunnanhistoriayhdistys.fi\/historiayhdistys\/?p=816"},"modified":"2014-09-11T21:46:44","modified_gmt":"2014-09-11T18:46:44","slug":"raappanan-nyrkki-kirja-kirjapainossa","status":"publish","type":"post","link":"https:\/\/www.rukajarvensuunnanhistoriayhdistys.fi\/historiayhdistys\/raappanan-nyrkki-kirja-kirjapainossa\/","title":{"rendered":"Raappanan nyrkki -kirja on kirjapainossa"},"content":{"rendered":"<div class=\"fcbkbttn_buttons_block\" id=\"fcbkbttn_left\"><div class=\"fcbkbttn_like \"><fb:like href=\"https:\/\/www.rukajarvensuunnanhistoriayhdistys.fi\/historiayhdistys\/raappanan-nyrkki-kirja-kirjapainossa\/\" action=\"like\" colorscheme=\"light\" layout=\"button_count\"  size=\"small\"><\/fb:like><\/div><\/div><p>Kiuruvedell\u00e4 4.9.2014 julkistettava Raappanan nyrkki \u2013 Kevyt osasto 2 taistelujen tie on l\u00e4htenyt kirjapainoon. Kirjan tekoon on k\u00e4ytetty kahden vuoden aikana tuhansia talkooty\u00f6tunteja.<\/p>\n<p class=\"p1\">Rajakapteeni evp. Tauno Oksasen kirjoittama sotahistoriallinen suurteos &#8221;Raappanan nyrkki &#8211; Kevyt Osasto 2 taitelujen tie&#8221; on painossa ja valmistuu elokuun loppuun. Kirjan julkistamistilaisuus on 4.9.2014 Kiuruvedell\u00e4.<\/p>\n<p class=\"p2\">Sivuja kirjassa on yhteens\u00e4 472, sivukoko 210&#215;265 mm.<\/p>\n<p class=\"p2\">Valokuvia yhteens\u00e4 166, joista monet aiemmin julkaisemattomia, 14 karttapiirrosta, runsaasti alkuper\u00e4isi\u00e4 peitepiirroksia ja dokumentteja, jotka el\u00e4v\u00f6itt\u00e4v\u00e4t Tauno Oksasen perusteellista teksti\u00e4 Kevyt Osasto 2:n sotatiest\u00e4.<\/p>\n<p class=\"p1\">Kirjan loppuun on koottuna yhteens\u00e4 878 Kevyt Osasto 2:n riveiss\u00e4 taistelleen miehen matrikkelitiedot.<\/p>\n<p><a href=\"http:\/\/www.rukajarvensuunnanhistoriayhdistys.fi\/historiayhdistys\/wp-content\/uploads\/2014\/02\/Raappa_nyrkki_kansi.png\"><img loading=\"lazy\" decoding=\"async\" class=\"alignnone wp-image-415 size-full\" src=\"http:\/\/www.rukajarvensuunnanhistoriayhdistys.fi\/historiayhdistys\/wp-content\/uploads\/2014\/02\/Raappa_nyrkki_kansi.png\" alt=\"Raappanan nyrkki\" width=\"812\" height=\"469\" data-id=\"415\" srcset=\"https:\/\/www.rukajarvensuunnanhistoriayhdistys.fi\/historiayhdistys\/wp-content\/uploads\/2014\/02\/Raappa_nyrkki_kansi.png 812w, https:\/\/www.rukajarvensuunnanhistoriayhdistys.fi\/historiayhdistys\/wp-content\/uploads\/2014\/02\/Raappa_nyrkki_kansi-300x173.png 300w\" sizes=\"auto, (max-width: 812px) 100vw, 812px\" \/><\/a><\/p>\n<p>Rajakapteeni evp. Tauno Oksasen kirjoittamassa kirjassa tulee olemaan 472 sivua, runsaasti valokuvia, karttoja, alkuper\u00e4isi\u00e4 peitepiirroksia, Kevyt Osasto 2 palvelleiden miesten matrikkeli, seikkaper\u00e4inen selvitys Kevyt Osasto 2 sotatiest\u00e4 ja tapahtumista alkaen jatkosodan liikekannallepanosta 17.\u201318.6.1941 ja joukkojen keskitt\u00e4misest\u00e4 raja-alueelle p\u00e4\u00e4ttyen Kevyt Osasto 2 lakkauttamiseen hein\u00e4kuussa 1942.<\/p>\n<h3>HINNAT:<\/h3>\n<ul>\n<li>Ennakkotilaajan hinta 40 \u20ac (+postikulut 10 \u20ac)<\/li>\n<li>Lopullinen hinta 49 \u20ac (+postikulut 10 \u20ac)<\/li>\n<\/ul>\n<p>Tilauslomake sivupalkissa<\/p>\n<p>Kirja on saatavilla 4.9.2014 alkaen. Se on noudettavissa ilman postikuluja Lieksan ja Iisalmen Rukaj\u00e4rvikeskuksista tai julkistamistilaisuudesta Kiuruvedelt\u00e4 4.9.2014. Kirja tulee myyntiin 4.9.2014 lukien my\u00f6s\u00a0<a href=\"http:\/\/www.rukajarvensuunnanhistoriayhdistys.fi\/rukajarvikeskus\/kauppa\/\">Rukaj\u00e4rven suunnan historiayhdistyksen verkkokauppaan<\/a>.<\/p>\n<p><a href=\"http:\/\/www.rukajarvensuunnanhistoriayhdistys.fi\/historiayhdistys\/wp-content\/uploads\/2014\/08\/Raappanan-nyrkki_page_78_85.pdf\">N\u00e4yte kirjan sis\u00e4ll\u00f6st\u00e4<\/a>\u00a0(linkki ladattavaan tiedostoon)<\/p>\n","protected":false},"excerpt":{"rendered":"<p>Kiuruvedell\u00e4 4.9.2014 julkistettava Raappanan nyrkki \u2013 Kevyt osasto 2 taistelujen tie on l\u00e4htenyt kirjapainoon. Kirjan tekoon on k\u00e4ytetty kahden vuoden aikana tuhansia talkooty\u00f6tunteja. Rajakapteeni evp. Tauno Oksasen kirjoittama sotahistoriallinen suurteos <a class=\"more-link\" href=\"https:\/\/www.rukajarvensuunnanhistoriayhdistys.fi\/historiayhdistys\/raappanan-nyrkki-kirja-kirjapainossa\/\">Teksti jatkuu&#8230;<span class=\"screen-reader-text\">Raappanan nyrkki -kirja on kirjapainossa<\/span><span class=\"meta-nav\">\u2192<\/span><\/a><\/p>\n","protected":false},"author":2,"featured_media":415,"comment_status":"closed","ping_status":"open","sticky":false,"template":"","format":"standard","meta":{"footnotes":""},"categories":[22,21],"tags":[],"class_list":["post-816","post","type-post","status-publish","format-standard","has-post-thumbnail","hentry","category-ajankohtaista","category-rukajarvi-keskus"],"yoast_head":"<!-- This site is optimized with the Yoast SEO plugin v27.4 - https:\/\/yoast.com\/product\/yoast-seo-wordpress\/ -->\n<title>Raappanan nyrkki -kirja on kirjapainossa - Rukaj\u00e4rven suunnan historiayhdistys<\/title>\n<meta name=\"description\" content=\"Raappanan nyrkki -kirja on nyt l\u00e4hetetty kirjapainoon.\" \/>\n<meta name=\"robots\" content=\"index, follow, max-snippet:-1, max-image-preview:large, max-video-preview:-1\" \/>\n<link rel=\"canonical\" href=\"https:\/\/www.rukajarvensuunnanhistoriayhdistys.fi\/historiayhdistys\/raappanan-nyrkki-kirja-kirjapainossa\/\" \/>\n<meta property=\"og:locale\" content=\"fi_FI\" \/>\n<meta property=\"og:type\" content=\"article\" \/>\n<meta property=\"og:title\" content=\"Raappanan nyrkki -kirja on kirjapainossa - Rukaj\u00e4rven suunnan historiayhdistys\" \/>\n<meta property=\"og:description\" content=\"Raappanan nyrkki -kirja on nyt l\u00e4hetetty kirjapainoon.\" \/>\n<meta property=\"og:url\" content=\"https:\/\/www.rukajarvensuunnanhistoriayhdistys.fi\/historiayhdistys\/raappanan-nyrkki-kirja-kirjapainossa\/\" \/>\n<meta property=\"og:site_name\" content=\"Rukaj\u00e4rven suunnan historiayhdistys\" \/>\n<meta property=\"article:published_time\" content=\"2014-08-06T15:46:34+00:00\" \/>\n<meta property=\"article:modified_time\" content=\"2014-09-11T18:46:44+00:00\" \/>\n<meta property=\"og:image\" content=\"https:\/\/www.rukajarvensuunnanhistoriayhdistys.fi\/historiayhdistys\/wp-content\/uploads\/2014\/02\/Raappa_nyrkki_kansi.png\" \/>\n\t<meta property=\"og:image:width\" content=\"812\" \/>\n\t<meta property=\"og:image:height\" content=\"469\" \/>\n\t<meta property=\"og:image:type\" content=\"image\/png\" \/>\n<meta name=\"author\" content=\"Toimitus\" \/>\n<meta name=\"twitter:label1\" content=\"Kirjoittanut\" \/>\n\t<meta name=\"twitter:data1\" content=\"Toimitus\" \/>\n\t<meta name=\"twitter:label2\" content=\"Arvioitu lukuaika\" \/>\n\t<meta name=\"twitter:data2\" content=\"1 minuutti\" \/>\n<script type=\"application\/ld+json\" class=\"yoast-schema-graph\">{\"@context\":\"https:\\\/\\\/schema.org\",\"@graph\":[{\"@type\":\"Article\",\"@id\":\"https:\\\/\\\/www.rukajarvensuunnanhistoriayhdistys.fi\\\/historiayhdistys\\\/raappanan-nyrkki-kirja-kirjapainossa\\\/#article\",\"isPartOf\":{\"@id\":\"https:\\\/\\\/www.rukajarvensuunnanhistoriayhdistys.fi\\\/historiayhdistys\\\/raappanan-nyrkki-kirja-kirjapainossa\\\/\"},\"author\":{\"name\":\"Toimitus\",\"@id\":\"http:\\\/\\\/www.rukajarvensuunnanhistoriayhdistys.fi\\\/historiayhdistys\\\/#\\\/schema\\\/person\\\/d317fab98e9d8a2e649d05eee95d6449\"},\"headline\":\"Raappanan nyrkki -kirja on kirjapainossa\",\"datePublished\":\"2014-08-06T15:46:34+00:00\",\"dateModified\":\"2014-09-11T18:46:44+00:00\",\"mainEntityOfPage\":{\"@id\":\"https:\\\/\\\/www.rukajarvensuunnanhistoriayhdistys.fi\\\/historiayhdistys\\\/raappanan-nyrkki-kirja-kirjapainossa\\\/\"},\"wordCount\":187,\"publisher\":{\"@id\":\"http:\\\/\\\/www.rukajarvensuunnanhistoriayhdistys.fi\\\/historiayhdistys\\\/#organization\"},\"image\":{\"@id\":\"https:\\\/\\\/www.rukajarvensuunnanhistoriayhdistys.fi\\\/historiayhdistys\\\/raappanan-nyrkki-kirja-kirjapainossa\\\/#primaryimage\"},\"thumbnailUrl\":\"https:\\\/\\\/www.rukajarvensuunnanhistoriayhdistys.fi\\\/historiayhdistys\\\/wp-content\\\/uploads\\\/2014\\\/02\\\/Raappa_nyrkki_kansi.png\",\"articleSection\":[\"Ajankohtaista\",\"Rukaj\u00e4rvi-keskus\"],\"inLanguage\":\"fi\"},{\"@type\":\"WebPage\",\"@id\":\"https:\\\/\\\/www.rukajarvensuunnanhistoriayhdistys.fi\\\/historiayhdistys\\\/raappanan-nyrkki-kirja-kirjapainossa\\\/\",\"url\":\"https:\\\/\\\/www.rukajarvensuunnanhistoriayhdistys.fi\\\/historiayhdistys\\\/raappanan-nyrkki-kirja-kirjapainossa\\\/\",\"name\":\"Raappanan nyrkki -kirja on kirjapainossa - Rukaj\u00e4rven suunnan historiayhdistys\",\"isPartOf\":{\"@id\":\"http:\\\/\\\/www.rukajarvensuunnanhistoriayhdistys.fi\\\/historiayhdistys\\\/#website\"},\"primaryImageOfPage\":{\"@id\":\"https:\\\/\\\/www.rukajarvensuunnanhistoriayhdistys.fi\\\/historiayhdistys\\\/raappanan-nyrkki-kirja-kirjapainossa\\\/#primaryimage\"},\"image\":{\"@id\":\"https:\\\/\\\/www.rukajarvensuunnanhistoriayhdistys.fi\\\/historiayhdistys\\\/raappanan-nyrkki-kirja-kirjapainossa\\\/#primaryimage\"},\"thumbnailUrl\":\"https:\\\/\\\/www.rukajarvensuunnanhistoriayhdistys.fi\\\/historiayhdistys\\\/wp-content\\\/uploads\\\/2014\\\/02\\\/Raappa_nyrkki_kansi.png\",\"datePublished\":\"2014-08-06T15:46:34+00:00\",\"dateModified\":\"2014-09-11T18:46:44+00:00\",\"description\":\"Raappanan nyrkki -kirja on nyt l\u00e4hetetty kirjapainoon.\",\"breadcrumb\":{\"@id\":\"https:\\\/\\\/www.rukajarvensuunnanhistoriayhdistys.fi\\\/historiayhdistys\\\/raappanan-nyrkki-kirja-kirjapainossa\\\/#breadcrumb\"},\"inLanguage\":\"fi\",\"potentialAction\":[{\"@type\":\"ReadAction\",\"target\":[\"https:\\\/\\\/www.rukajarvensuunnanhistoriayhdistys.fi\\\/historiayhdistys\\\/raappanan-nyrkki-kirja-kirjapainossa\\\/\"]}]},{\"@type\":\"ImageObject\",\"inLanguage\":\"fi\",\"@id\":\"https:\\\/\\\/www.rukajarvensuunnanhistoriayhdistys.fi\\\/historiayhdistys\\\/raappanan-nyrkki-kirja-kirjapainossa\\\/#primaryimage\",\"url\":\"https:\\\/\\\/www.rukajarvensuunnanhistoriayhdistys.fi\\\/historiayhdistys\\\/wp-content\\\/uploads\\\/2014\\\/02\\\/Raappa_nyrkki_kansi.png\",\"contentUrl\":\"https:\\\/\\\/www.rukajarvensuunnanhistoriayhdistys.fi\\\/historiayhdistys\\\/wp-content\\\/uploads\\\/2014\\\/02\\\/Raappa_nyrkki_kansi.png\",\"width\":812,\"height\":469},{\"@type\":\"BreadcrumbList\",\"@id\":\"https:\\\/\\\/www.rukajarvensuunnanhistoriayhdistys.fi\\\/historiayhdistys\\\/raappanan-nyrkki-kirja-kirjapainossa\\\/#breadcrumb\",\"itemListElement\":[{\"@type\":\"ListItem\",\"position\":1,\"name\":\"Etusivu\",\"item\":\"http:\\\/\\\/www.rukajarvensuunnanhistoriayhdistys.fi\\\/historiayhdistys\\\/\"},{\"@type\":\"ListItem\",\"position\":2,\"name\":\"Raappanan nyrkki -kirja on kirjapainossa\"}]},{\"@type\":\"WebSite\",\"@id\":\"http:\\\/\\\/www.rukajarvensuunnanhistoriayhdistys.fi\\\/historiayhdistys\\\/#website\",\"url\":\"http:\\\/\\\/www.rukajarvensuunnanhistoriayhdistys.fi\\\/historiayhdistys\\\/\",\"name\":\"Rukaj\u00e4rven suunnan historiayhdistys\",\"description\":\"Rukaj\u00e4rven suunnan historiayhdistyksen verkkosivut.\",\"publisher\":{\"@id\":\"http:\\\/\\\/www.rukajarvensuunnanhistoriayhdistys.fi\\\/historiayhdistys\\\/#organization\"},\"potentialAction\":[{\"@type\":\"SearchAction\",\"target\":{\"@type\":\"EntryPoint\",\"urlTemplate\":\"http:\\\/\\\/www.rukajarvensuunnanhistoriayhdistys.fi\\\/historiayhdistys\\\/?s={search_term_string}\"},\"query-input\":{\"@type\":\"PropertyValueSpecification\",\"valueRequired\":true,\"valueName\":\"search_term_string\"}}],\"inLanguage\":\"fi\"},{\"@type\":\"Organization\",\"@id\":\"http:\\\/\\\/www.rukajarvensuunnanhistoriayhdistys.fi\\\/historiayhdistys\\\/#organization\",\"name\":\"Rukaj\u00e4rven suunnan historiayhdistys\",\"url\":\"http:\\\/\\\/www.rukajarvensuunnanhistoriayhdistys.fi\\\/historiayhdistys\\\/\",\"logo\":{\"@type\":\"ImageObject\",\"inLanguage\":\"fi\",\"@id\":\"http:\\\/\\\/www.rukajarvensuunnanhistoriayhdistys.fi\\\/historiayhdistys\\\/#\\\/schema\\\/logo\\\/image\\\/\",\"url\":\"https:\\\/\\\/www.rukajarvensuunnanhistoriayhdistys.fi\\\/historiayhdistys\\\/wp-content\\\/uploads\\\/2013\\\/12\\\/Otsake_3.jpg\",\"contentUrl\":\"https:\\\/\\\/www.rukajarvensuunnanhistoriayhdistys.fi\\\/historiayhdistys\\\/wp-content\\\/uploads\\\/2013\\\/12\\\/Otsake_3.jpg\",\"width\":1000,\"height\":442,\"caption\":\"Rukaj\u00e4rven suunnan historiayhdistys\"},\"image\":{\"@id\":\"http:\\\/\\\/www.rukajarvensuunnanhistoriayhdistys.fi\\\/historiayhdistys\\\/#\\\/schema\\\/logo\\\/image\\\/\"}},{\"@type\":\"Person\",\"@id\":\"http:\\\/\\\/www.rukajarvensuunnanhistoriayhdistys.fi\\\/historiayhdistys\\\/#\\\/schema\\\/person\\\/d317fab98e9d8a2e649d05eee95d6449\",\"name\":\"Toimitus\",\"image\":{\"@type\":\"ImageObject\",\"inLanguage\":\"fi\",\"@id\":\"https:\\\/\\\/secure.gravatar.com\\\/avatar\\\/82f421127bdf3e0569576d58a571bfc01eff80ca5969720f6c2819d3765a55a6?s=96&d=blank&r=g\",\"url\":\"https:\\\/\\\/secure.gravatar.com\\\/avatar\\\/82f421127bdf3e0569576d58a571bfc01eff80ca5969720f6c2819d3765a55a6?s=96&d=blank&r=g\",\"contentUrl\":\"https:\\\/\\\/secure.gravatar.com\\\/avatar\\\/82f421127bdf3e0569576d58a571bfc01eff80ca5969720f6c2819d3765a55a6?s=96&d=blank&r=g\",\"caption\":\"Toimitus\"},\"url\":\"https:\\\/\\\/www.rukajarvensuunnanhistoriayhdistys.fi\\\/historiayhdistys\\\/author\\\/toimitus\\\/\"}]}<\/script>\n<!-- \/ Yoast SEO plugin. -->","yoast_head_json":{"title":"Raappanan nyrkki -kirja on kirjapainossa - Rukaj\u00e4rven suunnan historiayhdistys","description":"Raappanan nyrkki -kirja on nyt l\u00e4hetetty kirjapainoon.","robots":{"index":"index","follow":"follow","max-snippet":"max-snippet:-1","max-image-preview":"max-image-preview:large","max-video-preview":"max-video-preview:-1"},"canonical":"https:\/\/www.rukajarvensuunnanhistoriayhdistys.fi\/historiayhdistys\/raappanan-nyrkki-kirja-kirjapainossa\/","og_locale":"fi_FI","og_type":"article","og_title":"Raappanan nyrkki -kirja on kirjapainossa - Rukaj\u00e4rven suunnan historiayhdistys","og_description":"Raappanan nyrkki -kirja on nyt l\u00e4hetetty kirjapainoon.","og_url":"https:\/\/www.rukajarvensuunnanhistoriayhdistys.fi\/historiayhdistys\/raappanan-nyrkki-kirja-kirjapainossa\/","og_site_name":"Rukaj\u00e4rven suunnan historiayhdistys","article_published_time":"2014-08-06T15:46:34+00:00","article_modified_time":"2014-09-11T18:46:44+00:00","og_image":[{"width":812,"height":469,"url":"https:\/\/www.rukajarvensuunnanhistoriayhdistys.fi\/historiayhdistys\/wp-content\/uploads\/2014\/02\/Raappa_nyrkki_kansi.png","type":"image\/png"}],"author":"Toimitus","twitter_misc":{"Kirjoittanut":"Toimitus","Arvioitu lukuaika":"1 minuutti"},"schema":{"@context":"https:\/\/schema.org","@graph":[{"@type":"Article","@id":"https:\/\/www.rukajarvensuunnanhistoriayhdistys.fi\/historiayhdistys\/raappanan-nyrkki-kirja-kirjapainossa\/#article","isPartOf":{"@id":"https:\/\/www.rukajarvensuunnanhistoriayhdistys.fi\/historiayhdistys\/raappanan-nyrkki-kirja-kirjapainossa\/"},"author":{"name":"Toimitus","@id":"http:\/\/www.rukajarvensuunnanhistoriayhdistys.fi\/historiayhdistys\/#\/schema\/person\/d317fab98e9d8a2e649d05eee95d6449"},"headline":"Raappanan nyrkki -kirja on kirjapainossa","datePublished":"2014-08-06T15:46:34+00:00","dateModified":"2014-09-11T18:46:44+00:00","mainEntityOfPage":{"@id":"https:\/\/www.rukajarvensuunnanhistoriayhdistys.fi\/historiayhdistys\/raappanan-nyrkki-kirja-kirjapainossa\/"},"wordCount":187,"publisher":{"@id":"http:\/\/www.rukajarvensuunnanhistoriayhdistys.fi\/historiayhdistys\/#organization"},"image":{"@id":"https:\/\/www.rukajarvensuunnanhistoriayhdistys.fi\/historiayhdistys\/raappanan-nyrkki-kirja-kirjapainossa\/#primaryimage"},"thumbnailUrl":"https:\/\/www.rukajarvensuunnanhistoriayhdistys.fi\/historiayhdistys\/wp-content\/uploads\/2014\/02\/Raappa_nyrkki_kansi.png","articleSection":["Ajankohtaista","Rukaj\u00e4rvi-keskus"],"inLanguage":"fi"},{"@type":"WebPage","@id":"https:\/\/www.rukajarvensuunnanhistoriayhdistys.fi\/historiayhdistys\/raappanan-nyrkki-kirja-kirjapainossa\/","url":"https:\/\/www.rukajarvensuunnanhistoriayhdistys.fi\/historiayhdistys\/raappanan-nyrkki-kirja-kirjapainossa\/","name":"Raappanan nyrkki -kirja on kirjapainossa - Rukaj\u00e4rven suunnan historiayhdistys","isPartOf":{"@id":"http:\/\/www.rukajarvensuunnanhistoriayhdistys.fi\/historiayhdistys\/#website"},"primaryImageOfPage":{"@id":"https:\/\/www.rukajarvensuunnanhistoriayhdistys.fi\/historiayhdistys\/raappanan-nyrkki-kirja-kirjapainossa\/#primaryimage"},"image":{"@id":"https:\/\/www.rukajarvensuunnanhistoriayhdistys.fi\/historiayhdistys\/raappanan-nyrkki-kirja-kirjapainossa\/#primaryimage"},"thumbnailUrl":"https:\/\/www.rukajarvensuunnanhistoriayhdistys.fi\/historiayhdistys\/wp-content\/uploads\/2014\/02\/Raappa_nyrkki_kansi.png","datePublished":"2014-08-06T15:46:34+00:00","dateModified":"2014-09-11T18:46:44+00:00","description":"Raappanan nyrkki -kirja on nyt l\u00e4hetetty kirjapainoon.","breadcrumb":{"@id":"https:\/\/www.rukajarvensuunnanhistoriayhdistys.fi\/historiayhdistys\/raappanan-nyrkki-kirja-kirjapainossa\/#breadcrumb"},"inLanguage":"fi","potentialAction":[{"@type":"ReadAction","target":["https:\/\/www.rukajarvensuunnanhistoriayhdistys.fi\/historiayhdistys\/raappanan-nyrkki-kirja-kirjapainossa\/"]}]},{"@type":"ImageObject","inLanguage":"fi","@id":"https:\/\/www.rukajarvensuunnanhistoriayhdistys.fi\/historiayhdistys\/raappanan-nyrkki-kirja-kirjapainossa\/#primaryimage","url":"https:\/\/www.rukajarvensuunnanhistoriayhdistys.fi\/historiayhdistys\/wp-content\/uploads\/2014\/02\/Raappa_nyrkki_kansi.png","contentUrl":"https:\/\/www.rukajarvensuunnanhistoriayhdistys.fi\/historiayhdistys\/wp-content\/uploads\/2014\/02\/Raappa_nyrkki_kansi.png","width":812,"height":469},{"@type":"BreadcrumbList","@id":"https:\/\/www.rukajarvensuunnanhistoriayhdistys.fi\/historiayhdistys\/raappanan-nyrkki-kirja-kirjapainossa\/#breadcrumb","itemListElement":[{"@type":"ListItem","position":1,"name":"Etusivu","item":"http:\/\/www.rukajarvensuunnanhistoriayhdistys.fi\/historiayhdistys\/"},{"@type":"ListItem","position":2,"name":"Raappanan nyrkki -kirja on kirjapainossa"}]},{"@type":"WebSite","@id":"http:\/\/www.rukajarvensuunnanhistoriayhdistys.fi\/historiayhdistys\/#website","url":"http:\/\/www.rukajarvensuunnanhistoriayhdistys.fi\/historiayhdistys\/","name":"Rukaj\u00e4rven suunnan historiayhdistys","description":"Rukaj\u00e4rven suunnan historiayhdistyksen verkkosivut.","publisher":{"@id":"http:\/\/www.rukajarvensuunnanhistoriayhdistys.fi\/historiayhdistys\/#organization"},"potentialAction":[{"@type":"SearchAction","target":{"@type":"EntryPoint","urlTemplate":"http:\/\/www.rukajarvensuunnanhistoriayhdistys.fi\/historiayhdistys\/?s={search_term_string}"},"query-input":{"@type":"PropertyValueSpecification","valueRequired":true,"valueName":"search_term_string"}}],"inLanguage":"fi"},{"@type":"Organization","@id":"http:\/\/www.rukajarvensuunnanhistoriayhdistys.fi\/historiayhdistys\/#organization","name":"Rukaj\u00e4rven suunnan historiayhdistys","url":"http:\/\/www.rukajarvensuunnanhistoriayhdistys.fi\/historiayhdistys\/","logo":{"@type":"ImageObject","inLanguage":"fi","@id":"http:\/\/www.rukajarvensuunnanhistoriayhdistys.fi\/historiayhdistys\/#\/schema\/logo\/image\/","url":"https:\/\/www.rukajarvensuunnanhistoriayhdistys.fi\/historiayhdistys\/wp-content\/uploads\/2013\/12\/Otsake_3.jpg","contentUrl":"https:\/\/www.rukajarvensuunnanhistoriayhdistys.fi\/historiayhdistys\/wp-content\/uploads\/2013\/12\/Otsake_3.jpg","width":1000,"height":442,"caption":"Rukaj\u00e4rven suunnan historiayhdistys"},"image":{"@id":"http:\/\/www.rukajarvensuunnanhistoriayhdistys.fi\/historiayhdistys\/#\/schema\/logo\/image\/"}},{"@type":"Person","@id":"http:\/\/www.rukajarvensuunnanhistoriayhdistys.fi\/historiayhdistys\/#\/schema\/person\/d317fab98e9d8a2e649d05eee95d6449","name":"Toimitus","image":{"@type":"ImageObject","inLanguage":"fi","@id":"https:\/\/secure.gravatar.com\/avatar\/82f421127bdf3e0569576d58a571bfc01eff80ca5969720f6c2819d3765a55a6?s=96&d=blank&r=g","url":"https:\/\/secure.gravatar.com\/avatar\/82f421127bdf3e0569576d58a571bfc01eff80ca5969720f6c2819d3765a55a6?s=96&d=blank&r=g","contentUrl":"https:\/\/secure.gravatar.com\/avatar\/82f421127bdf3e0569576d58a571bfc01eff80ca5969720f6c2819d3765a55a6?s=96&d=blank&r=g","caption":"Toimitus"},"url":"https:\/\/www.rukajarvensuunnanhistoriayhdistys.fi\/historiayhdistys\/author\/toimitus\/"}]}},"_links":{"self":[{"href":"https:\/\/www.rukajarvensuunnanhistoriayhdistys.fi\/historiayhdistys\/wp-json\/wp\/v2\/posts\/816","targetHints":{"allow":["GET"]}}],"collection":[{"href":"https:\/\/www.rukajarvensuunnanhistoriayhdistys.fi\/historiayhdistys\/wp-json\/wp\/v2\/posts"}],"about":[{"href":"https:\/\/www.rukajarvensuunnanhistoriayhdistys.fi\/historiayhdistys\/wp-json\/wp\/v2\/types\/post"}],"author":[{"embeddable":true,"href":"https:\/\/www.rukajarvensuunnanhistoriayhdistys.fi\/historiayhdistys\/wp-json\/wp\/v2\/users\/2"}],"replies":[{"embeddable":true,"href":"https:\/\/www.rukajarvensuunnanhistoriayhdistys.fi\/historiayhdistys\/wp-json\/wp\/v2\/comments?post=816"}],"version-history":[{"count":4,"href":"https:\/\/www.rukajarvensuunnanhistoriayhdistys.fi\/historiayhdistys\/wp-json\/wp\/v2\/posts\/816\/revisions"}],"predecessor-version":[{"id":820,"href":"https:\/\/www.rukajarvensuunnanhistoriayhdistys.fi\/historiayhdistys\/wp-json\/wp\/v2\/posts\/816\/revisions\/820"}],"wp:featuredmedia":[{"embeddable":true,"href":"https:\/\/www.rukajarvensuunnanhistoriayhdistys.fi\/historiayhdistys\/wp-json\/wp\/v2\/media\/415"}],"wp:attachment":[{"href":"https:\/\/www.rukajarvensuunnanhistoriayhdistys.fi\/historiayhdistys\/wp-json\/wp\/v2\/media?parent=816"}],"wp:term":[{"taxonomy":"category","embeddable":true,"href":"https:\/\/www.rukajarvensuunnanhistoriayhdistys.fi\/historiayhdistys\/wp-json\/wp\/v2\/categories?post=816"},{"taxonomy":"post_tag","embeddable":true,"href":"https:\/\/www.rukajarvensuunnanhistoriayhdistys.fi\/historiayhdistys\/wp-json\/wp\/v2\/tags?post=816"}],"curies":[{"name":"wp","href":"https:\/\/api.w.org\/{rel}","templated":true}]}}