{"id":10693,"date":"2020-10-13T11:15:46","date_gmt":"2020-10-13T08:15:46","guid":{"rendered":"http:\/\/www.rukajarvensuunnanhistoriayhdistys.fi\/rukajarvikeskus\/?p=10693"},"modified":"2020-10-18T21:41:42","modified_gmt":"2020-10-18T18:41:42","slug":"kenraaliluutnantti-ermei-kannisen-muistoseminaari","status":"publish","type":"post","link":"https:\/\/www.rukajarvensuunnanhistoriayhdistys.fi\/rukajarvikeskus\/tapahtumat\/kenraaliluutnantti-ermei-kannisen-muistoseminaari\/","title":{"rendered":"Kenraaliluutnantti Ermei Kannisen muistoseminaari"},"content":{"rendered":"<div class=\"fcbkbttn_buttons_block\" id=\"fcbkbttn_left\"><div class=\"fcbkbttn_like \"><fb:like href=\"https:\/\/www.rukajarvensuunnanhistoriayhdistys.fi\/rukajarvikeskus\/tapahtumat\/kenraaliluutnantti-ermei-kannisen-muistoseminaari\/\" action=\"like\" colorscheme=\"light\" layout=\"button_count\"  size=\"small\"><\/fb:like><\/div><\/div>\n<p><strong>Kenraaliluutnantti Ermei Kannisen muistoseminaarin ensiesitys yhdistyksemme YouTube-kanavalla 19.10.2020 klo 12.00<\/strong>. Ensiesityksen l\u00e4hetysosoite avautuu <strong><a href=\"https:\/\/youtu.be\/_bwS_BHj_Cs\">T\u00c4\u00c4LT\u00c4<\/a><\/strong>:<\/p>\n\n\n\n<p><strong>Seminaarin teema: \u201dPaluu Rukaj\u00e4rven suunnalle\u201d<\/strong><\/p>\n\n\n\n<p><\/p>\n\n\n\n<p><strong>Kenraali Ermei Kannisen muistoseminaarin <\/strong>19.10.2020 teema on: <strong>\u201dPaluu Rukaj\u00e4rven suunnalle\u201d<\/strong>. Kenraali Kanninen vihki 2.7.2011&nbsp;<strong>Rukaj\u00e4rven tien<\/strong>&nbsp;k\u00e4ytt\u00f6\u00f6n Lieksan Jukolan Motissa pidetyss\u00e4 kansalaisjuhlassa. Samana p\u00e4iv\u00e4n\u00e4 h\u00e4n k\u00e4vi Lieksan Inarin rajanylityspaikalla paljastamassa opasteen. Jatkosodan j\u00e4lkeen Kanninen palasi sodasta aselepo- ja rajaneuvottelujen j\u00e4lkeen Lieksan Inarin rajanylityspaikalle. Kanninen puhui nyt 2.7.2011 t\u00e4ll\u00e4 samalla paikalla. Puheessaan Kanninen kertoi palanneensa Rukaj\u00e4rven suunnalle l\u00e4hes 70:n vuoden j\u00e4lkeen. Rajalla neuvottelut olivat p\u00e4\u00e4ttyneet rauhanomaisesti, vihollisuudet oli unohdettu. Ven\u00e4l\u00e4inen komentaja piirsi kepill\u00e4\u00e4n rajalle viivan todeten: \u201dOlkoon t\u00e4m\u00e4 kansojemme v\u00e4lill\u00e4 ikuisen rauhan raja.\u201d<\/p>\n\n\n\n<p><strong>Rukaj\u00e4rven tie<\/strong> on maassamme ainut auktorisoitu Jatkosodan taistelutie.<\/p>\n\n\n\n<p>Ensimm\u00e4inen kenraali Ermei Kannisen muistoseminaari j\u00e4rjestettiin Helsingiss\u00e4 Suomalaisella Klubilla 21.10.2017. T\u00e4m\u00e4n vuotinen seminaari kertoo Rukaj\u00e4rven suunnan historiayhdistyksen sotahistoriaty\u00f6st\u00e4 ja 10-vuotisesta toiminnasta.<\/p>\n\n\n\n<p>Kanninen ohjasi Rukaj\u00e4rven suunnan historiayhdistyksen ty\u00f6t\u00e4 monin tavoin. H\u00e4n toivoi j\u00e4rjestett\u00e4v\u00e4ksi seminaarin, miss\u00e4 Toisen maailmansodan osapuolet kohtaisivat ja esitt\u00e4isiv\u00e4t yhteisess\u00e4 seminaarissa n\u00e4kemyksi\u00e4\u00e4n. T\u00e4m\u00e4kin toteutui, ensimm\u00e4inen kansainv\u00e4linen Rukaj\u00e4rvi-seminaari j\u00e4rjestettiin Iisalmen Kulttuurikeskuksen Eino S\u00e4is\u00e4-salin t\u00e4yteiselle yleis\u00f6lle 17.9.2011. <\/p>\n\n\n\n<p>Kanninen oli juhlapuhujana Rukaj\u00e4rven suunnan historiayhdistyksen j\u00e4rjest\u00e4m\u00e4ss\u00e4 Kansalaisjuhlassa \u201d70 vuotta Jatkosodan p\u00e4\u00e4ttymisest\u00e4\u201d. Aseet vaikenivat rintamalla 4 &#8211; 5.9.1944, t\u00e4t\u00e4 juhlittiin ensimm\u00e4isen kerran maassamme 4.-7.9.2014. Juhlallisuuksiin osallistui kaikkiaan 3.500 juhlavierasta. Veteraanit saapuivat juhlaan h\u00f6yryjunalla.<\/p>\n\n\n\n<figure class=\"wp-block-image size-large\"><img decoding=\"async\" src=\"http:\/\/www.rukajarvensuunnanhistoriayhdistys.fi\/historiayhdistys\/wp-content\/uploads\/2020\/10\/Kannisen-muistoseminaari-19-10-2020.jpg\" alt=\"\" class=\"wp-image-13960\"\/><\/figure>\n","protected":false},"excerpt":{"rendered":"<p>Kenraaliluutnantti Ermei Kannisen muistoseminaarin ensiesitys yhdistyksemme YouTube-kanavalla 19.10.2020 klo 12.00. Ensiesityksen l\u00e4hetysosoite avautuu T\u00c4\u00c4LT\u00c4: Seminaarin teema: \u201dPaluu Rukaj\u00e4rven suunnalle\u201d Kenraali Ermei Kannisen muistoseminaarin 19.10.2020 teema on: \u201dPaluu Rukaj\u00e4rven suunnalle\u201d. Kenraali <a class=\"more-link\" href=\"https:\/\/www.rukajarvensuunnanhistoriayhdistys.fi\/rukajarvikeskus\/tapahtumat\/kenraaliluutnantti-ermei-kannisen-muistoseminaari\/\">Lue lis\u00e4\u00e4&#8230;<span class=\"screen-reader-text\">Kenraaliluutnantti Ermei Kannisen muistoseminaari<\/span><span class=\"meta-nav\">\u2192<\/span><\/a><\/p>\n","protected":false},"author":4,"featured_media":0,"comment_status":"closed","ping_status":"open","sticky":false,"template":"","format":"standard","meta":{"ngg_post_thumbnail":0,"_jetpack_newsletter_access":"","_jetpack_dont_email_post_to_subs":false,"_jetpack_newsletter_tier_id":0,"_jetpack_memberships_contains_paywalled_content":false,"_jetpack_memberships_contains_paid_content":false,"footnotes":""},"categories":[26,31,32,15],"tags":[],"class_list":["post-10693","post","type-post","status-publish","format-standard","hentry","category-ajankohtaista","category-esitelmat","category-historiayhdistys","category-tapahtumat"],"jetpack_featured_media_url":"","jetpack_sharing_enabled":true,"jetpack_shortlink":"https:\/\/wp.me\/p72N2f-2Mt","_links":{"self":[{"href":"https:\/\/www.rukajarvensuunnanhistoriayhdistys.fi\/rukajarvikeskus\/wp-json\/wp\/v2\/posts\/10693","targetHints":{"allow":["GET"]}}],"collection":[{"href":"https:\/\/www.rukajarvensuunnanhistoriayhdistys.fi\/rukajarvikeskus\/wp-json\/wp\/v2\/posts"}],"about":[{"href":"https:\/\/www.rukajarvensuunnanhistoriayhdistys.fi\/rukajarvikeskus\/wp-json\/wp\/v2\/types\/post"}],"author":[{"embeddable":true,"href":"https:\/\/www.rukajarvensuunnanhistoriayhdistys.fi\/rukajarvikeskus\/wp-json\/wp\/v2\/users\/4"}],"replies":[{"embeddable":true,"href":"https:\/\/www.rukajarvensuunnanhistoriayhdistys.fi\/rukajarvikeskus\/wp-json\/wp\/v2\/comments?post=10693"}],"version-history":[{"count":2,"href":"https:\/\/www.rukajarvensuunnanhistoriayhdistys.fi\/rukajarvikeskus\/wp-json\/wp\/v2\/posts\/10693\/revisions"}],"predecessor-version":[{"id":10696,"href":"https:\/\/www.rukajarvensuunnanhistoriayhdistys.fi\/rukajarvikeskus\/wp-json\/wp\/v2\/posts\/10693\/revisions\/10696"}],"wp:attachment":[{"href":"https:\/\/www.rukajarvensuunnanhistoriayhdistys.fi\/rukajarvikeskus\/wp-json\/wp\/v2\/media?parent=10693"}],"wp:term":[{"taxonomy":"category","embeddable":true,"href":"https:\/\/www.rukajarvensuunnanhistoriayhdistys.fi\/rukajarvikeskus\/wp-json\/wp\/v2\/categories?post=10693"},{"taxonomy":"post_tag","embeddable":true,"href":"https:\/\/www.rukajarvensuunnanhistoriayhdistys.fi\/rukajarvikeskus\/wp-json\/wp\/v2\/tags?post=10693"}],"curies":[{"name":"wp","href":"https:\/\/api.w.org\/{rel}","templated":true}]}}