{"id":10703,"date":"2020-10-24T23:59:42","date_gmt":"2020-10-24T20:59:42","guid":{"rendered":"http:\/\/www.rukajarvensuunnanhistoriayhdistys.fi\/rukajarvikeskus\/?p=10703"},"modified":"2020-10-25T00:24:47","modified_gmt":"2020-10-24T21:24:47","slug":"iisalmen-rukajarvi-keskus-etsii-uusia-tiloja","status":"publish","type":"post","link":"https:\/\/www.rukajarvensuunnanhistoriayhdistys.fi\/rukajarvikeskus\/tapahtumat\/iisalmen-rukajarvi-keskus-etsii-uusia-tiloja\/","title":{"rendered":"Iisalmen Rukaj\u00e4rvi-keskus etsii uusia tiloja"},"content":{"rendered":"<div class=\"fcbkbttn_buttons_block\" id=\"fcbkbttn_left\"><div class=\"fcbkbttn_like \"><fb:like href=\"https:\/\/www.rukajarvensuunnanhistoriayhdistys.fi\/rukajarvikeskus\/tapahtumat\/iisalmen-rukajarvi-keskus-etsii-uusia-tiloja\/\" action=\"like\" colorscheme=\"light\" layout=\"button_count\"  size=\"small\"><\/fb:like><\/div><\/div>\n<p>Tiedotustilaisuus 24.10.2020 &#8211; Iisalmen Rukaj\u00e4rvi-keskuksessa<\/p>\n\n\n\n<p>Rukaj\u00e4rven suunnan historiayhdistys etsii Iisalmen Rukaj\u00e4rvi-keskukselle uusia tiloja. Iisalmen Seurahuonetta hallinnoiva Haapaniemen Matkailu luopuu Rukaj\u00e4rvi-keskuksen tilojen vuokraamisesta.<\/p>\n\n\n\n<p>Iisalmen Rukaj\u00e4rvi-keskuksen avajaiset pidettiin 13.3.2014. Kuusi vuotta sitten, toiminnan k\u00e4ynnistyess\u00e4 ei osattu arvioida lasista rakennetun n\u00e4yttelytilan sopivuutta. Salin l\u00e4mmitys on huomattavan kallis ja kes\u00e4ll\u00e4 tila on poikkeuksellisen l\u00e4mmin. Hotelin katolta pudonneet j\u00e4\u00e4lohkareet ovat rikkoneet muutamia kertoja n\u00e4yttelytilan katon laseja aiheuttaen melkoista vahinkoa.<\/p>\n\n\n\n<p>Rukaj\u00e4rven suunnan historiayhdistys kiitt\u00e4\u00e4 Seurahuonetta ja sen henkil\u00f6kuntaa heid\u00e4n suurella ammattitaidolla suorittamastaan ty\u00f6st\u00e4.<\/p>\n\n\n\n<p>Puheenjohtaja Seppo R\u00e4ih\u00e4 kiitteli mutkattomasta yhteisty\u00f6st\u00e4. Yhdistyksen tilaisuuksia tullaan j\u00e4rjest\u00e4m\u00e4\u00e4n Seurahuoneella jatkossakin, totesi puheenjohtaja R\u00e4ih\u00e4. Olemme koko toiminnan ajan voineet nauttia Seurahuoneen hyv\u00e4st\u00e4 palvelusta ja maittavista Rukaj\u00e4rven-menu perinneruuista. T\u00e4n\u00e4\u00e4nkin on vieraille tarjolla Haapaj\u00e4rven paistettua kuhaa ja Rukaj\u00e4rvi-olutta.<\/p>\n\n\n\n<p>Tilaisuudessa kuultiin Iisalmen kaupunginjohtaja Jarmo Ronkaisen puheenvuoro, joka kiitti Seurahuonetta tilojen luovuttamisesta Rukaj\u00e4rvi-keskuksen k\u00e4ytt\u00f6\u00f6n ja samalla lupaili kaupungilta l\u00f6ytyv\u00e4n tilat parille n\u00e4yttelykeskuksen 22:sta vitriinist\u00e4.<\/p>\n\n\n\n<figure class=\"wp-block-image size-large\"><img loading=\"lazy\" decoding=\"async\" width=\"1024\" height=\"768\" src=\"http:\/\/www.rukajarvensuunnanhistoriayhdistys.fi\/rukajarvikeskus\/wp-content\/uploads\/2020\/10\/IMG_20201024_110646-Tama-1024x768.jpg\" alt=\"\" class=\"wp-image-10704\" srcset=\"https:\/\/www.rukajarvensuunnanhistoriayhdistys.fi\/rukajarvikeskus\/wp-content\/uploads\/2020\/10\/IMG_20201024_110646-Tama-1024x768.jpg 1024w, https:\/\/www.rukajarvensuunnanhistoriayhdistys.fi\/rukajarvikeskus\/wp-content\/uploads\/2020\/10\/IMG_20201024_110646-Tama-scaled-300x225.jpg 300w, https:\/\/www.rukajarvensuunnanhistoriayhdistys.fi\/rukajarvikeskus\/wp-content\/uploads\/2020\/10\/IMG_20201024_110646-Tama-768x576.jpg 768w, https:\/\/www.rukajarvensuunnanhistoriayhdistys.fi\/rukajarvikeskus\/wp-content\/uploads\/2020\/10\/IMG_20201024_110646-Tama-1536x1152.jpg 1536w, https:\/\/www.rukajarvensuunnanhistoriayhdistys.fi\/rukajarvikeskus\/wp-content\/uploads\/2020\/10\/IMG_20201024_110646-Tama-2048x1536.jpg 2048w\" sizes=\"auto, (max-width: 1024px) 100vw, 1024px\" \/><figcaption>Korona-ajan varusteissa suositusten mukaisesti. Vasemmalata Esa-Mikko, Juho-Pekka, Esa-Mikko Lappalainen, Seppo R\u00e4ih\u00e4, Sanna-Riikka Nissinen, Jari K\u00e4rkk\u00e4inen, Seppo Ryh\u00e4nen, Kimmo Vitri, Jarkko M\u00e4\u00e4tt\u00e4nen, Reijo Lappalainen ja Jarmo Ronkainen.<\/figcaption><\/figure>\n\n\n\n<p><strong>Tilaisuuden ilouutinen<\/strong><\/p>\n\n\n\n<p>Tilaisuudessa kuultiin my\u00f6s t\u00e4m\u00e4n p\u00e4iv\u00e4n eli YK:n perustamisen 75-vuotisp\u00e4iv\u00e4n ilouutinen.<\/p>\n\n\n\n<p>Rukaj\u00e4rven suunnan historiayhdistys kertoi tiedotustilaisuudessa uudesta hankkeesta. Yhdistys aikoo rakentaa Lieksan Rukaj\u00e4rvi-keskuksen yhteyteen Rukapirtin, eli komentaja E. J. Raappanan komentokorsun kopion. Rakennushankkeesta on laadittu hankesuunnitelma. Sen mukaan rakennus teht\u00e4isiin kelopuuj\u00e4ljitelm\u00e4 betonielementeist\u00e4. Hankkeen toteuttajat perustelevat betonirakennetta sill\u00e4, ett\u00e4 n\u00e4in saataisiin yhdistyksen ker\u00e4\u00e4m\u00e4lle arvokkaalle materiaalille paloturvallinen tila ja samalla sen uskotaan palvelevan paremmin my\u00f6s sotahistoriaty\u00f6t\u00e4 ja siihen kiinte\u00e4sti liittyv\u00e4\u00e4 matkailua.<\/p>\n\n\n\n<figure class=\"wp-block-image size-large\"><img loading=\"lazy\" decoding=\"async\" width=\"1024\" height=\"576\" src=\"http:\/\/www.rukajarvensuunnanhistoriayhdistys.fi\/rukajarvikeskus\/wp-content\/uploads\/2018\/07\/Saastamoinen-Ari-23-7-2018-1024x576.jpg\" alt=\"\" class=\"wp-image-3797\" srcset=\"https:\/\/www.rukajarvensuunnanhistoriayhdistys.fi\/rukajarvikeskus\/wp-content\/uploads\/2018\/07\/Saastamoinen-Ari-23-7-2018-1024x576.jpg 1024w, https:\/\/www.rukajarvensuunnanhistoriayhdistys.fi\/rukajarvikeskus\/wp-content\/uploads\/2018\/07\/Saastamoinen-Ari-23-7-2018-300x169.jpg 300w, https:\/\/www.rukajarvensuunnanhistoriayhdistys.fi\/rukajarvikeskus\/wp-content\/uploads\/2018\/07\/Saastamoinen-Ari-23-7-2018-768x432.jpg 768w\" sizes=\"auto, (max-width: 1024px) 100vw, 1024px\" \/><figcaption>Rukapirtin pienoismallin tekij\u00e4 r\u00f6ntgenhoitaja Ari Saastamoinen on kotoisin Uudestakaupungista.<\/figcaption><\/figure>\n\n\n\n<p>Rakennushanke toteutettaisiin Lieksan Betonin kanssa yhteisty\u00f6ss\u00e4. Lieksan Betoni on rakentanut useita vastaavia rakennuksia Lieksan seudulle.<\/p>\n\n\n\n<p>Rukaj\u00e4rven suunnan historiayhdistys omistaa Lieksan asemalla Lieksan Rukaj\u00e4rvi-keskuksen n. 400 km2:n n\u00e4yttelytilat ja sit\u00e4 ymp\u00e4r\u00f6iv\u00e4n n. 0,8 ha:n tontin. Rakennus on aikomus pystytt\u00e4\u00e4 yhdistyksen ennest\u00e4\u00e4n omistamalle maalle.<\/p>\n\n\n\n<figure class=\"wp-block-image size-large\"><img loading=\"lazy\" decoding=\"async\" width=\"1024\" height=\"768\" src=\"http:\/\/www.rukajarvensuunnanhistoriayhdistys.fi\/rukajarvikeskus\/wp-content\/uploads\/2020\/10\/IMG_20201024_095955-Tama-1024x768.jpg\" alt=\"\" class=\"wp-image-10708\" srcset=\"https:\/\/www.rukajarvensuunnanhistoriayhdistys.fi\/rukajarvikeskus\/wp-content\/uploads\/2020\/10\/IMG_20201024_095955-Tama-1024x768.jpg 1024w, https:\/\/www.rukajarvensuunnanhistoriayhdistys.fi\/rukajarvikeskus\/wp-content\/uploads\/2020\/10\/IMG_20201024_095955-Tama-scaled-300x225.jpg 300w, https:\/\/www.rukajarvensuunnanhistoriayhdistys.fi\/rukajarvikeskus\/wp-content\/uploads\/2020\/10\/IMG_20201024_095955-Tama-768x576.jpg 768w, https:\/\/www.rukajarvensuunnanhistoriayhdistys.fi\/rukajarvikeskus\/wp-content\/uploads\/2020\/10\/IMG_20201024_095955-Tama-1536x1152.jpg 1536w, https:\/\/www.rukajarvensuunnanhistoriayhdistys.fi\/rukajarvikeskus\/wp-content\/uploads\/2020\/10\/IMG_20201024_095955-Tama-2048x1536.jpg 2048w\" sizes=\"auto, (max-width: 1024px) 100vw, 1024px\" \/><figcaption>Puheenjohtaja Seppo R\u00e4ih\u00e4 esittelee uutta hanketta. P\u00f6yd\u00e4ll\u00e4 Rukaj\u00e4rven suunnan Jotos-muistomerkin pienoismallit.<\/figcaption><\/figure>\n\n\n\n<p>Hankkeen rahoitus pyrit\u00e4\u00e4n j\u00e4rjest\u00e4m\u00e4\u00e4n myym\u00e4ll\u00e4 Johanna H\u00e4iv\u00e4ojan valmistamia Rukaj\u00e4rven suunnan Jotos-muistomerkin pienoismalleja.<\/p>\n\n\n\n<p>Lieksan kaupunginjohtaja Jarmo M\u00e4\u00e4tt\u00e4nen selvitti Lieksan matkailukohteiden merkityst\u00e4 sek\u00e4 Lieksan kaupungin ett\u00e4 koko Pielisen-Karjalan talousalueelle. M\u00e4\u00e4tt\u00e4nen totesi olevan luonnollista, ett\u00e4 rajaseuduilla sotahistoriamatkailu tuo huomattavan lis\u00e4n kaupungin elinkeinoel\u00e4m\u00e4lle. Lieksassa Rukaj\u00e4rvi-keskus sijoittuu liikenteellisesti edulliseen paikkaan Lieksan rautatieasemalle. Rukaj\u00e4rvi-keskus ja Rukaj\u00e4rven tie muodostavat merkitt\u00e4v\u00e4n kokonaisuuden, jota kaupunki pyrkii jatkossakin tukemaan voimavarojensa puitteissa.<\/p>\n\n\n\n<figure class=\"wp-block-image size-large\"><img loading=\"lazy\" decoding=\"async\" width=\"1024\" height=\"768\" src=\"http:\/\/www.rukajarvensuunnanhistoriayhdistys.fi\/rukajarvikeskus\/wp-content\/uploads\/2020\/10\/IMG_20201024_173055-1024x768.jpg\" alt=\"\" class=\"wp-image-10710\" srcset=\"https:\/\/www.rukajarvensuunnanhistoriayhdistys.fi\/rukajarvikeskus\/wp-content\/uploads\/2020\/10\/IMG_20201024_173055-1024x768.jpg 1024w, https:\/\/www.rukajarvensuunnanhistoriayhdistys.fi\/rukajarvikeskus\/wp-content\/uploads\/2020\/10\/IMG_20201024_173055-scaled-300x225.jpg 300w, https:\/\/www.rukajarvensuunnanhistoriayhdistys.fi\/rukajarvikeskus\/wp-content\/uploads\/2020\/10\/IMG_20201024_173055-768x576.jpg 768w, https:\/\/www.rukajarvensuunnanhistoriayhdistys.fi\/rukajarvikeskus\/wp-content\/uploads\/2020\/10\/IMG_20201024_173055-1536x1152.jpg 1536w, https:\/\/www.rukajarvensuunnanhistoriayhdistys.fi\/rukajarvikeskus\/wp-content\/uploads\/2020\/10\/IMG_20201024_173055-2048x1536.jpg 2048w\" sizes=\"auto, (max-width: 1024px) 100vw, 1024px\" \/><figcaption>Kotiseutuneuvos Lauri Winbergin Kivivaaraksi 18.6.2009 ristim\u00e4n perinnepolun laavulla oli salkoon vedetty Suomen lippu. Kentt\u00e4ateria tarjoiltiin rakovalkean loisteessa. Kuvassa Seppo Ryh\u00e4nen, Kimmo Vitri, Jarkko M\u00e4\u00e4tt\u00e4nen ja Seppo R\u00e4ih\u00e4.<\/figcaption><\/figure>\n\n\n\n<p>Lieksan vieraat kaupunginjohtaja Jarkko M\u00e4\u00e4tt\u00e4nen ja Kimmo Vitri halusivat Yl\u00e4-Savoon suuntautuneella matkallaan tutustua my\u00f6s Kiuruvedell\u00e4 sijaitsevaan Rukaj\u00e4rven Kivivaaraksi ristittyyn perinnepolkuun. Perinnepolun laavulla vieraille tarjottiin kentt\u00e4ateria rakovalkealla paistettujen makkaroitten kera. Lieksan eli siis Kolin kaupungin vieraille kahvit tarjoiltiin veteraanikodissa Koli-kuvioisista kahvikupeista, my\u00f6s p\u00f6yd\u00e4lle asetettu tabletti oli Koli-kuviolla koristeltu.<\/p>\n\n\n\n<p>Vieraille oli l\u00e4mmitetty savusauna.<\/p>\n","protected":false},"excerpt":{"rendered":"<p>Tiedotustilaisuus 24.10.2020 &#8211; Iisalmen Rukaj\u00e4rvi-keskuksessa Rukaj\u00e4rven suunnan historiayhdistys etsii Iisalmen Rukaj\u00e4rvi-keskukselle uusia tiloja. Iisalmen Seurahuonetta hallinnoiva Haapaniemen Matkailu luopuu Rukaj\u00e4rvi-keskuksen tilojen vuokraamisesta. Iisalmen Rukaj\u00e4rvi-keskuksen avajaiset pidettiin 13.3.2014. Kuusi vuotta sitten, <a class=\"more-link\" href=\"https:\/\/www.rukajarvensuunnanhistoriayhdistys.fi\/rukajarvikeskus\/tapahtumat\/iisalmen-rukajarvi-keskus-etsii-uusia-tiloja\/\">Lue lis\u00e4\u00e4&#8230;<span class=\"screen-reader-text\">Iisalmen Rukaj\u00e4rvi-keskus etsii uusia tiloja<\/span><span class=\"meta-nav\">\u2192<\/span><\/a><\/p>\n","protected":false},"author":4,"featured_media":0,"comment_status":"closed","ping_status":"open","sticky":false,"template":"","format":"standard","meta":{"ngg_post_thumbnail":0,"_jetpack_newsletter_access":"","_jetpack_dont_email_post_to_subs":false,"_jetpack_newsletter_tier_id":0,"_jetpack_memberships_contains_paywalled_content":false,"_jetpack_memberships_contains_paid_content":false,"footnotes":""},"categories":[26,32,15],"tags":[],"class_list":["post-10703","post","type-post","status-publish","format-standard","hentry","category-ajankohtaista","category-historiayhdistys","category-tapahtumat"],"jetpack_featured_media_url":"","jetpack_sharing_enabled":true,"jetpack_shortlink":"https:\/\/wp.me\/p72N2f-2MD","_links":{"self":[{"href":"https:\/\/www.rukajarvensuunnanhistoriayhdistys.fi\/rukajarvikeskus\/wp-json\/wp\/v2\/posts\/10703","targetHints":{"allow":["GET"]}}],"collection":[{"href":"https:\/\/www.rukajarvensuunnanhistoriayhdistys.fi\/rukajarvikeskus\/wp-json\/wp\/v2\/posts"}],"about":[{"href":"https:\/\/www.rukajarvensuunnanhistoriayhdistys.fi\/rukajarvikeskus\/wp-json\/wp\/v2\/types\/post"}],"author":[{"embeddable":true,"href":"https:\/\/www.rukajarvensuunnanhistoriayhdistys.fi\/rukajarvikeskus\/wp-json\/wp\/v2\/users\/4"}],"replies":[{"embeddable":true,"href":"https:\/\/www.rukajarvensuunnanhistoriayhdistys.fi\/rukajarvikeskus\/wp-json\/wp\/v2\/comments?post=10703"}],"version-history":[{"count":4,"href":"https:\/\/www.rukajarvensuunnanhistoriayhdistys.fi\/rukajarvikeskus\/wp-json\/wp\/v2\/posts\/10703\/revisions"}],"predecessor-version":[{"id":10712,"href":"https:\/\/www.rukajarvensuunnanhistoriayhdistys.fi\/rukajarvikeskus\/wp-json\/wp\/v2\/posts\/10703\/revisions\/10712"}],"wp:attachment":[{"href":"https:\/\/www.rukajarvensuunnanhistoriayhdistys.fi\/rukajarvikeskus\/wp-json\/wp\/v2\/media?parent=10703"}],"wp:term":[{"taxonomy":"category","embeddable":true,"href":"https:\/\/www.rukajarvensuunnanhistoriayhdistys.fi\/rukajarvikeskus\/wp-json\/wp\/v2\/categories?post=10703"},{"taxonomy":"post_tag","embeddable":true,"href":"https:\/\/www.rukajarvensuunnanhistoriayhdistys.fi\/rukajarvikeskus\/wp-json\/wp\/v2\/tags?post=10703"}],"curies":[{"name":"wp","href":"https:\/\/api.w.org\/{rel}","templated":true}]}}