{"id":10850,"date":"2021-03-07T14:35:45","date_gmt":"2021-03-07T11:35:45","guid":{"rendered":"http:\/\/www.rukajarvensuunnanhistoriayhdistys.fi\/rukajarvikeskus\/?p=10850"},"modified":"2021-03-08T09:26:47","modified_gmt":"2021-03-08T06:26:47","slug":"rukajarvi-keskuksen-avajaiset-ja-perttulin-jotos-seminaari-13-3-2021-netissa","status":"publish","type":"post","link":"https:\/\/www.rukajarvensuunnanhistoriayhdistys.fi\/rukajarvikeskus\/tapahtumat\/rukajarvi-keskuksen-avajaiset-ja-perttulin-jotos-seminaari-13-3-2021-netissa\/","title":{"rendered":"Rukaj\u00e4rvi-keskuksen avajaiset ja Perttulin Jotos seminaari 13.3.2021 netiss\u00e4."},"content":{"rendered":"<div class=\"fcbkbttn_buttons_block\" id=\"fcbkbttn_left\"><div class=\"fcbkbttn_like \"><fb:like href=\"https:\/\/www.rukajarvensuunnanhistoriayhdistys.fi\/rukajarvikeskus\/tapahtumat\/rukajarvi-keskuksen-avajaiset-ja-perttulin-jotos-seminaari-13-3-2021-netissa\/\" action=\"like\" colorscheme=\"light\" layout=\"button_count\"  size=\"small\"><\/fb:like><\/div><\/div>\n<p>Rukaj\u00e4rvi-keskus avaa Kiuruvedell\u00e4 ovensa yleis\u00f6lle 14.3.2021 klo 12.00. Avajaiset l\u00e4hetet\u00e4\u00e4n striimattuna 13.3.2021 my\u00f6hemmin RSHYry:n nettisivulla julkaistavan linkin kautta. Tilaisuuden ohjelmaan voi tutustua <strong><a href=\"http:\/\/www.rukajarvensuunnanhistoriayhdistys.fi\/historiayhdistys\/wp-content\/uploads\/2021\/03\/Avajaiset-ohjelma-laulujen-sanat.pdf\">T\u00c4\u00c4LT\u00c4<\/a><\/strong>:<\/p>\n\n\n\n<figure class=\"wp-block-image size-large\"><a href=\"http:\/\/www.rukajarvensuunnanhistoriayhdistys.fi\/historiayhdistys\/wp-content\/uploads\/2021\/03\/Rukajarvi-keskus-julkisivu-13-3-2021-avoinna.jpg\"><img decoding=\"async\" src=\"http:\/\/www.rukajarvensuunnanhistoriayhdistys.fi\/historiayhdistys\/wp-content\/uploads\/2021\/03\/Rukajarvi-keskus-julkisivu-13-3-2021-avoinna-1024x447.jpg\" alt=\"\" class=\"wp-image-14115\"\/><\/a><\/figure>\n\n\n\n<p>Toimimme kaikkien maan hallituksen ja terveyshallinnon viranomaisten ohjeitten&nbsp;ja suositusten mukaisesti. Emme halua vahingoittaa&nbsp;Rukaj\u00e4rvi-keskuksen vierailijoitten ja&nbsp;yhteisty\u00f6kumppanimme Hotelli-Peltohovin asiakkaitten terveytt\u00e4.<\/p>\n\n\n\n<p><strong><span class=\"has-inline-color has-vivid-red-color\">T\u00e4m\u00e4n vuoksi toivomme, ett\u00e4 my\u00f6s Rukaj\u00e4rvi-keskuksen asiakkaat huolehtivat suosituksistamme.<\/span><\/strong><\/p>\n\n\n\n<ul class=\"wp-block-list\"><li><strong><span class=\"has-inline-color has-vivid-red-color\">hengityssuojaimien k\u00e4yt\u00f6st\u00e4<\/span><\/strong>,<\/li><li><strong><span class=\"has-inline-color has-vivid-red-color\">k\u00e4sihygieniasta<\/span><\/strong>,<\/li><li><strong><span class=\"has-inline-color has-vivid-red-color\">ja ennen kaikkea riitt\u00e4vist\u00e4 turvav\u00e4leist\u00e4<\/span><\/strong>,<\/li><li><strong><span class=\"has-inline-color has-vivid-red-color\">sek\u00e4 viranomaisten asettamista henkil\u00f6m\u00e4\u00e4r\u00e4rajoituksista<\/span><\/strong><\/li><\/ul>\n\n\n\n<p>Pyrimme palvelemaan yhdistyksen\u00e4 asiakkaitamme parhaan kykymme mukaisesti ja siten, ett\u00e4 asiakkaat saisivat haluamaansa tietoa.<\/p>\n\n\n\n<p>Yhdistyksemme toiminta perustuu talkooty\u00f6h\u00f6n. Kehit\u00e4mme toimintatapojamme kaikin k\u00e4ytett\u00e4viss\u00e4 olevin keinoin. Siksi toivomme asiakkailtamme palautetta.<\/p>\n\n\n\n<p>Rukaj\u00e4rvi-keskusten perustaminen ja niiden toiminnan kehitt\u00e4minen on kotiseutuneuvos Lauri Winbergin sanoja lainataksemme: \u201dKuin hyv\u00e4 huomen kodeissa ja ty\u00f6paikoilla. Se antaa sis\u00e4lt\u00f6\u00e4 el\u00e4m\u00e4\u00e4n\u2026 Saanhan muistella.\u201d Rukaj\u00e4rvi-keskus on juuri se paikka, miss\u00e4 on lupa muistella. Me kerromme Teille yhteisen ty\u00f6mme tuloksista tarkemmin n\u00e4yttelyiss\u00e4mme ja esityksiss\u00e4mme.<\/p>\n\n\n\n<p>Toivotamme Teid\u00e4t tervetulleeksi, viihtym\u00e4\u00e4n ja tutustumaan maamme ja yhteisen kotiseutumme rikkaaseen historiaan.<\/p>\n\n\n\n<figure class=\"wp-block-image size-large\"><a href=\"http:\/\/www.rukajarvensuunnanhistoriayhdistys.fi\/rukajarvikeskus\/wp-content\/uploads\/2021\/03\/Rukajarvi-keskus-julkisivu-13-3-2021-avoinna-Rukajarven-tie.jpg\"><img loading=\"lazy\" decoding=\"async\" width=\"1024\" height=\"735\" src=\"http:\/\/www.rukajarvensuunnanhistoriayhdistys.fi\/rukajarvikeskus\/wp-content\/uploads\/2021\/03\/Rukajarvi-keskus-julkisivu-13-3-2021-avoinna-Rukajarven-tie-1024x735.jpg\" alt=\"\" class=\"wp-image-10857\" srcset=\"https:\/\/www.rukajarvensuunnanhistoriayhdistys.fi\/rukajarvikeskus\/wp-content\/uploads\/2021\/03\/Rukajarvi-keskus-julkisivu-13-3-2021-avoinna-Rukajarven-tie-1024x735.jpg 1024w, https:\/\/www.rukajarvensuunnanhistoriayhdistys.fi\/rukajarvikeskus\/wp-content\/uploads\/2021\/03\/Rukajarvi-keskus-julkisivu-13-3-2021-avoinna-Rukajarven-tie-300x215.jpg 300w, https:\/\/www.rukajarvensuunnanhistoriayhdistys.fi\/rukajarvikeskus\/wp-content\/uploads\/2021\/03\/Rukajarvi-keskus-julkisivu-13-3-2021-avoinna-Rukajarven-tie-768x551.jpg 768w, https:\/\/www.rukajarvensuunnanhistoriayhdistys.fi\/rukajarvikeskus\/wp-content\/uploads\/2021\/03\/Rukajarvi-keskus-julkisivu-13-3-2021-avoinna-Rukajarven-tie.jpg 1048w\" sizes=\"auto, (max-width: 1024px) 100vw, 1024px\" \/><\/a><\/figure>\n\n\n\n<p><strong><span class=\"has-inline-color has-vivid-red-color\">N\u00e4yttelyitten pystytysty\u00f6t alkavat:<\/span><\/strong><\/p>\n\n\n\n<p><strong>B. Vitriinit toimitetaan keskukseen ti  9.3.2021 heti aamusta<\/strong><\/p>\n\n\n\n<p><strong>C. Kuvakehikoitten hakeminen Lieksan Rukaj\u00e4rvi-keskuksesta 10.3.2020<\/strong><\/p>\n\n\n\n<p><strong>D. Kiuruveden n\u00e4yttelyitten pystytys 11. \u2013 12.3.2021 aamusta \u2013 iltaan<\/strong><\/p>\n\n\n\n<p><strong>E. Rukaj\u00e4rvi-keskuksen avajaiset 13.3.2021 klo 11.00, striimataan <\/strong><\/p>\n\n\n\n<p><strong>F. Rukaj\u00e4rvi-keskus Kiuruvedell\u00e4 avaa ovensa yleis\u00f6lle 14.3.2021 klo 12.00<\/strong><\/p>\n\n\n\n<p><strong>Kiuruveden Rukaj\u00e4rvi-keskus on avoinna jokaisena arkip\u00e4iv\u00e4n\u00e4 klo 10 \u2013 18 ja viikonloppuna la-su klo 12 &#8211; 18.<\/strong><\/p>\n\n\n\n<p><strong>Kiuruveden Rukaj\u00e4rvi-keskuksen osoite on Hotelli-Ravintola Peltohovi, osoite Asematie 9, 74700 Kiuruvesi, puh. 017-760 4600, &nbsp;<\/strong><strong><a href=\"http:\/\/www.hotellipeltohovi.fi\">www.hotellipeltohovi.fi<\/a>.<\/strong><strong><\/strong><\/p>\n\n\n\n<p><strong>Muistutamme, ett\u00e4 RSHYry:n toinen Rukaj\u00e4rvi-keskus jatkaa entiseen tapaan toimintaansa Lieksassa. Rukaj\u00e4rvi-keskusten toiminnasta tiedotamme netisivuillamme <a href=\"http:\/\/www.rukajarvikeskus.fi\">www.rukajarvikeskus.fi<\/a>.<\/strong><strong><\/strong><\/p>\n\n\n\n<p><strong>Lis\u00e4tietoa voitte saada hallituksen j\u00e4senilt\u00e4: http:\/\/www.rukajarvensuunnanhistoriayhdistys.fi\/historiayhdistys\/tausta\/yhteystiedot\/<\/strong><\/p>\n","protected":false},"excerpt":{"rendered":"<p>Rukaj\u00e4rvi-keskus avaa Kiuruvedell\u00e4 ovensa yleis\u00f6lle 14.3.2021 klo 12.00. Avajaiset l\u00e4hetet\u00e4\u00e4n striimattuna 13.3.2021 my\u00f6hemmin RSHYry:n nettisivulla julkaistavan linkin kautta. Tilaisuuden ohjelmaan voi tutustua T\u00c4\u00c4LT\u00c4: Toimimme kaikkien maan hallituksen ja terveyshallinnon viranomaisten <a class=\"more-link\" href=\"https:\/\/www.rukajarvensuunnanhistoriayhdistys.fi\/rukajarvikeskus\/tapahtumat\/rukajarvi-keskuksen-avajaiset-ja-perttulin-jotos-seminaari-13-3-2021-netissa\/\">Lue lis\u00e4\u00e4&#8230;<span class=\"screen-reader-text\">Rukaj\u00e4rvi-keskuksen avajaiset ja Perttulin Jotos seminaari 13.3.2021 netiss\u00e4.<\/span><span class=\"meta-nav\">\u2192<\/span><\/a><\/p>\n","protected":false},"author":4,"featured_media":0,"comment_status":"closed","ping_status":"open","sticky":false,"template":"","format":"standard","meta":{"ngg_post_thumbnail":0,"_jetpack_newsletter_access":"","_jetpack_dont_email_post_to_subs":false,"_jetpack_newsletter_tier_id":0,"_jetpack_memberships_contains_paywalled_content":false,"_jetpack_memberships_contains_paid_content":false,"footnotes":""},"categories":[26,32,15],"tags":[],"class_list":["post-10850","post","type-post","status-publish","format-standard","hentry","category-ajankohtaista","category-historiayhdistys","category-tapahtumat"],"jetpack_featured_media_url":"","jetpack_sharing_enabled":true,"jetpack_shortlink":"https:\/\/wp.me\/p72N2f-2P0","_links":{"self":[{"href":"https:\/\/www.rukajarvensuunnanhistoriayhdistys.fi\/rukajarvikeskus\/wp-json\/wp\/v2\/posts\/10850","targetHints":{"allow":["GET"]}}],"collection":[{"href":"https:\/\/www.rukajarvensuunnanhistoriayhdistys.fi\/rukajarvikeskus\/wp-json\/wp\/v2\/posts"}],"about":[{"href":"https:\/\/www.rukajarvensuunnanhistoriayhdistys.fi\/rukajarvikeskus\/wp-json\/wp\/v2\/types\/post"}],"author":[{"embeddable":true,"href":"https:\/\/www.rukajarvensuunnanhistoriayhdistys.fi\/rukajarvikeskus\/wp-json\/wp\/v2\/users\/4"}],"replies":[{"embeddable":true,"href":"https:\/\/www.rukajarvensuunnanhistoriayhdistys.fi\/rukajarvikeskus\/wp-json\/wp\/v2\/comments?post=10850"}],"version-history":[{"count":4,"href":"https:\/\/www.rukajarvensuunnanhistoriayhdistys.fi\/rukajarvikeskus\/wp-json\/wp\/v2\/posts\/10850\/revisions"}],"predecessor-version":[{"id":10860,"href":"https:\/\/www.rukajarvensuunnanhistoriayhdistys.fi\/rukajarvikeskus\/wp-json\/wp\/v2\/posts\/10850\/revisions\/10860"}],"wp:attachment":[{"href":"https:\/\/www.rukajarvensuunnanhistoriayhdistys.fi\/rukajarvikeskus\/wp-json\/wp\/v2\/media?parent=10850"}],"wp:term":[{"taxonomy":"category","embeddable":true,"href":"https:\/\/www.rukajarvensuunnanhistoriayhdistys.fi\/rukajarvikeskus\/wp-json\/wp\/v2\/categories?post=10850"},{"taxonomy":"post_tag","embeddable":true,"href":"https:\/\/www.rukajarvensuunnanhistoriayhdistys.fi\/rukajarvikeskus\/wp-json\/wp\/v2\/tags?post=10850"}],"curies":[{"name":"wp","href":"https:\/\/api.w.org\/{rel}","templated":true}]}}