{"id":10861,"date":"2021-03-10T10:10:48","date_gmt":"2021-03-10T07:10:48","guid":{"rendered":"http:\/\/www.rukajarvensuunnanhistoriayhdistys.fi\/rukajarvikeskus\/?p=10861"},"modified":"2021-03-26T23:57:17","modified_gmt":"2021-03-26T20:57:17","slug":"rukajarvi-keskuksen-avajaiset-siirtyvat","status":"publish","type":"post","link":"https:\/\/www.rukajarvensuunnanhistoriayhdistys.fi\/rukajarvikeskus\/tapahtumat\/rukajarvi-keskuksen-avajaiset-siirtyvat\/","title":{"rendered":"Rukaj\u00e4rvi-keskuksen avajaiset siirtyv\u00e4t"},"content":{"rendered":"<div class=\"fcbkbttn_buttons_block\" id=\"fcbkbttn_left\"><div class=\"fcbkbttn_like \"><fb:like href=\"https:\/\/www.rukajarvensuunnanhistoriayhdistys.fi\/rukajarvikeskus\/tapahtumat\/rukajarvi-keskuksen-avajaiset-siirtyvat\/\" action=\"like\" colorscheme=\"light\" layout=\"button_count\"  size=\"small\"><\/fb:like><\/div><\/div>\n<p>Korona tuo mutkia matkaan. Joudumme siirt\u00e4m\u00e4\u00e4n Rukaj\u00e4rvi-keskuksen avajaisia. Avajaiset Kiuruvedell\u00e4 pidet\u00e4\u00e4n 27.3.2021 klo 12.<\/p>\n\n\n\n<p>Ty\u00f6skentelemme \u201dkuumeisesti\u201d, n\u00e4yttelyit\u00e4 pystytet\u00e4\u00e4n koko ajan.<\/p>\n\n\n\n<p>Olemme kovin kiitollisia asiakkaitten uutta Rukaj\u00e4rvi-keskusta kohtaan osoittamasta kiinnostuksesta ja etuk\u00e4teisvarauksista, joita olemme saaneet.<\/p>\n\n\n\n<p>Toivotaan, ett\u00e4 onnistumme ty\u00f6ss\u00e4mme \u2013 puitteet ovat hyv\u00e4t ja sit\u00e4 my\u00f6t\u00e4 haastavat.<\/p>\n\n\n\n<p>Tervetuloa.<\/p>\n\n\n\n<figure class=\"wp-block-image size-large\"><a href=\"http:\/\/www.rukajarvensuunnanhistoriayhdistys.fi\/rukajarvikeskus\/wp-content\/uploads\/2021\/03\/Rukajarvi-keskus-julkisivu-13-3-2021-avoinna.jpg\"><img loading=\"lazy\" decoding=\"async\" width=\"1024\" height=\"447\" src=\"http:\/\/www.rukajarvensuunnanhistoriayhdistys.fi\/rukajarvikeskus\/wp-content\/uploads\/2021\/03\/Rukajarvi-keskus-julkisivu-13-3-2021-avoinna-1024x447.jpg\" alt=\"\" class=\"wp-image-10862\" srcset=\"https:\/\/www.rukajarvensuunnanhistoriayhdistys.fi\/rukajarvikeskus\/wp-content\/uploads\/2021\/03\/Rukajarvi-keskus-julkisivu-13-3-2021-avoinna-1024x447.jpg 1024w, https:\/\/www.rukajarvensuunnanhistoriayhdistys.fi\/rukajarvikeskus\/wp-content\/uploads\/2021\/03\/Rukajarvi-keskus-julkisivu-13-3-2021-avoinna-300x131.jpg 300w, https:\/\/www.rukajarvensuunnanhistoriayhdistys.fi\/rukajarvikeskus\/wp-content\/uploads\/2021\/03\/Rukajarvi-keskus-julkisivu-13-3-2021-avoinna-768x335.jpg 768w, https:\/\/www.rukajarvensuunnanhistoriayhdistys.fi\/rukajarvikeskus\/wp-content\/uploads\/2021\/03\/Rukajarvi-keskus-julkisivu-13-3-2021-avoinna.jpg 1153w\" sizes=\"auto, (max-width: 1024px) 100vw, 1024px\" \/><\/a><\/figure>\n","protected":false},"excerpt":{"rendered":"<p>Korona tuo mutkia matkaan. Joudumme siirt\u00e4m\u00e4\u00e4n Rukaj\u00e4rvi-keskuksen avajaisia. Avajaiset Kiuruvedell\u00e4 pidet\u00e4\u00e4n 27.3.2021 klo 12. Ty\u00f6skentelemme \u201dkuumeisesti\u201d, n\u00e4yttelyit\u00e4 pystytet\u00e4\u00e4n koko ajan. Olemme kovin kiitollisia asiakkaitten uutta Rukaj\u00e4rvi-keskusta kohtaan osoittamasta kiinnostuksesta ja <a class=\"more-link\" href=\"https:\/\/www.rukajarvensuunnanhistoriayhdistys.fi\/rukajarvikeskus\/tapahtumat\/rukajarvi-keskuksen-avajaiset-siirtyvat\/\">Lue lis\u00e4\u00e4&#8230;<span class=\"screen-reader-text\">Rukaj\u00e4rvi-keskuksen avajaiset siirtyv\u00e4t<\/span><span class=\"meta-nav\">\u2192<\/span><\/a><\/p>\n","protected":false},"author":4,"featured_media":0,"comment_status":"closed","ping_status":"open","sticky":false,"template":"","format":"standard","meta":{"ngg_post_thumbnail":0,"_jetpack_newsletter_access":"","_jetpack_dont_email_post_to_subs":false,"_jetpack_newsletter_tier_id":0,"_jetpack_memberships_contains_paywalled_content":false,"_jetpack_memberships_contains_paid_content":false,"footnotes":""},"categories":[26,32,15],"tags":[],"class_list":["post-10861","post","type-post","status-publish","format-standard","hentry","category-ajankohtaista","category-historiayhdistys","category-tapahtumat"],"jetpack_featured_media_url":"","jetpack_sharing_enabled":true,"jetpack_shortlink":"https:\/\/wp.me\/p72N2f-2Pb","_links":{"self":[{"href":"https:\/\/www.rukajarvensuunnanhistoriayhdistys.fi\/rukajarvikeskus\/wp-json\/wp\/v2\/posts\/10861","targetHints":{"allow":["GET"]}}],"collection":[{"href":"https:\/\/www.rukajarvensuunnanhistoriayhdistys.fi\/rukajarvikeskus\/wp-json\/wp\/v2\/posts"}],"about":[{"href":"https:\/\/www.rukajarvensuunnanhistoriayhdistys.fi\/rukajarvikeskus\/wp-json\/wp\/v2\/types\/post"}],"author":[{"embeddable":true,"href":"https:\/\/www.rukajarvensuunnanhistoriayhdistys.fi\/rukajarvikeskus\/wp-json\/wp\/v2\/users\/4"}],"replies":[{"embeddable":true,"href":"https:\/\/www.rukajarvensuunnanhistoriayhdistys.fi\/rukajarvikeskus\/wp-json\/wp\/v2\/comments?post=10861"}],"version-history":[{"count":2,"href":"https:\/\/www.rukajarvensuunnanhistoriayhdistys.fi\/rukajarvikeskus\/wp-json\/wp\/v2\/posts\/10861\/revisions"}],"predecessor-version":[{"id":10886,"href":"https:\/\/www.rukajarvensuunnanhistoriayhdistys.fi\/rukajarvikeskus\/wp-json\/wp\/v2\/posts\/10861\/revisions\/10886"}],"wp:attachment":[{"href":"https:\/\/www.rukajarvensuunnanhistoriayhdistys.fi\/rukajarvikeskus\/wp-json\/wp\/v2\/media?parent=10861"}],"wp:term":[{"taxonomy":"category","embeddable":true,"href":"https:\/\/www.rukajarvensuunnanhistoriayhdistys.fi\/rukajarvikeskus\/wp-json\/wp\/v2\/categories?post=10861"},{"taxonomy":"post_tag","embeddable":true,"href":"https:\/\/www.rukajarvensuunnanhistoriayhdistys.fi\/rukajarvikeskus\/wp-json\/wp\/v2\/tags?post=10861"}],"curies":[{"name":"wp","href":"https:\/\/api.w.org\/{rel}","templated":true}]}}