{"id":10887,"date":"2021-03-27T00:06:10","date_gmt":"2021-03-26T21:06:10","guid":{"rendered":"http:\/\/www.rukajarvensuunnanhistoriayhdistys.fi\/rukajarvikeskus\/?p=10887"},"modified":"2021-03-27T21:04:39","modified_gmt":"2021-03-27T18:04:39","slug":"rukajarvi-keskuksen-avajaiset-kiuruvedella-27-3-2021-klo-12-00","status":"publish","type":"post","link":"https:\/\/www.rukajarvensuunnanhistoriayhdistys.fi\/rukajarvikeskus\/tapahtumat\/rukajarvi-keskuksen-avajaiset-kiuruvedella-27-3-2021-klo-12-00\/","title":{"rendered":"Rukaj\u00e4rvi-keskuksen avajaiset Kiuruvedell\u00e4 27.3.2021 klo 12.00."},"content":{"rendered":"<div class=\"fcbkbttn_buttons_block\" id=\"fcbkbttn_left\"><div class=\"fcbkbttn_like \"><fb:like href=\"https:\/\/www.rukajarvensuunnanhistoriayhdistys.fi\/rukajarvikeskus\/tapahtumat\/rukajarvi-keskuksen-avajaiset-kiuruvedella-27-3-2021-klo-12-00\/\" action=\"like\" colorscheme=\"light\" layout=\"button_count\"  size=\"small\"><\/fb:like><\/div><\/div>\n<p>Avajaiset voi kuulla suorana l\u00e4hetyksen\u00e4 RadioSandelssin aalloilla:<\/p>\n\n\n\n<p>Iisalmi 106,3 MHz, Kuopio 104,6 MHz, Nilsi\u00e4 98,5 MHz ja Varkaus 90,0 MHz. Avajaisia voi kuunnella my\u00f6s nettiradiosta <strong><a href=\"http:\/\/suomiradio.pro:8080\/stream\/1\/\">T\u00c4\u00c4LT\u00c4<\/a><\/strong>.<\/p>\n\n\n\n<p>Tilaisuuteen voivat osallistua koronan vuoksi vain kutsutut. Tilaisuus striimataan Facebook-linkin kautta <strong><a href=\"https:\/\/www.youtube.com\/watch?v=jyspsBvbQFg\">T\u00c4\u00c4LT\u00c4<\/a><\/strong>: (l\u00e4hetys 7:17-58:47).<\/p>\n\n\n\n<figure class=\"wp-block-image size-large\"><a href=\"http:\/\/www.rukajarvensuunnanhistoriayhdistys.fi\/rukajarvikeskus\/wp-content\/uploads\/2021\/03\/Avajaisten-ohjelma-1.jpg\"><img loading=\"lazy\" decoding=\"async\" width=\"657\" height=\"419\" src=\"http:\/\/www.rukajarvensuunnanhistoriayhdistys.fi\/rukajarvikeskus\/wp-content\/uploads\/2021\/03\/Avajaisten-ohjelma-1.jpg\" alt=\"\" class=\"wp-image-10893\" srcset=\"https:\/\/www.rukajarvensuunnanhistoriayhdistys.fi\/rukajarvikeskus\/wp-content\/uploads\/2021\/03\/Avajaisten-ohjelma-1.jpg 657w, https:\/\/www.rukajarvensuunnanhistoriayhdistys.fi\/rukajarvikeskus\/wp-content\/uploads\/2021\/03\/Avajaisten-ohjelma-1-300x191.jpg 300w\" sizes=\"auto, (max-width: 657px) 100vw, 657px\" \/><\/a><\/figure>\n\n\n\n<p>Yleis\u00f6lle Rukaj\u00e4rvi-keskuksen ovet avautuvat sunnuntaina 28.3.2021 klo 12.00. Paikalla oppaana toimivat puheenjohtaja Seppo R\u00e4ih\u00e4 sek\u00e4 Tenho Tikkanen.<\/p>\n\n\n\n<figure class=\"wp-block-image size-large\"><a href=\"http:\/\/www.rukajarvensuunnanhistoriayhdistys.fi\/rukajarvikeskus\/wp-content\/uploads\/2021\/03\/Rukajarvi-keskus-julkisivu-13-3-2021-avoinna.jpg\"><img loading=\"lazy\" decoding=\"async\" width=\"1024\" height=\"447\" src=\"http:\/\/www.rukajarvensuunnanhistoriayhdistys.fi\/rukajarvikeskus\/wp-content\/uploads\/2021\/03\/Rukajarvi-keskus-julkisivu-13-3-2021-avoinna-1024x447.jpg\" alt=\"\" class=\"wp-image-10862\" srcset=\"https:\/\/www.rukajarvensuunnanhistoriayhdistys.fi\/rukajarvikeskus\/wp-content\/uploads\/2021\/03\/Rukajarvi-keskus-julkisivu-13-3-2021-avoinna-1024x447.jpg 1024w, https:\/\/www.rukajarvensuunnanhistoriayhdistys.fi\/rukajarvikeskus\/wp-content\/uploads\/2021\/03\/Rukajarvi-keskus-julkisivu-13-3-2021-avoinna-300x131.jpg 300w, https:\/\/www.rukajarvensuunnanhistoriayhdistys.fi\/rukajarvikeskus\/wp-content\/uploads\/2021\/03\/Rukajarvi-keskus-julkisivu-13-3-2021-avoinna-768x335.jpg 768w, https:\/\/www.rukajarvensuunnanhistoriayhdistys.fi\/rukajarvikeskus\/wp-content\/uploads\/2021\/03\/Rukajarvi-keskus-julkisivu-13-3-2021-avoinna.jpg 1153w\" sizes=\"auto, (max-width: 1024px) 100vw, 1024px\" \/><\/a><\/figure>\n\n\n\n<p>Asiakkaille kerromme, ett\u00e4 Rukaj\u00e4rvi-keskuksessa noudatamme viranomaisten antamia koronaohjeita. Pyyd\u00e4mme, ett\u00e4 asiakkaat huomioivat turvav\u00e4leist\u00e4, k\u00e4ytt\u00e4v\u00e4t k\u00e4sidesi\u00e4 ja hengityssuojaimia.<\/p>\n","protected":false},"excerpt":{"rendered":"<p>Avajaiset voi kuulla suorana l\u00e4hetyksen\u00e4 RadioSandelssin aalloilla: Iisalmi 106,3 MHz, Kuopio 104,6 MHz, Nilsi\u00e4 98,5 MHz ja Varkaus 90,0 MHz. Avajaisia voi kuunnella my\u00f6s nettiradiosta T\u00c4\u00c4LT\u00c4. Tilaisuuteen voivat osallistua koronan <a class=\"more-link\" href=\"https:\/\/www.rukajarvensuunnanhistoriayhdistys.fi\/rukajarvikeskus\/tapahtumat\/rukajarvi-keskuksen-avajaiset-kiuruvedella-27-3-2021-klo-12-00\/\">Lue lis\u00e4\u00e4&#8230;<span class=\"screen-reader-text\">Rukaj\u00e4rvi-keskuksen avajaiset Kiuruvedell\u00e4 27.3.2021 klo 12.00.<\/span><span class=\"meta-nav\">\u2192<\/span><\/a><\/p>\n","protected":false},"author":4,"featured_media":0,"comment_status":"closed","ping_status":"open","sticky":false,"template":"","format":"standard","meta":{"ngg_post_thumbnail":0,"_jetpack_newsletter_access":"","_jetpack_dont_email_post_to_subs":false,"_jetpack_newsletter_tier_id":0,"_jetpack_memberships_contains_paywalled_content":false,"_jetpack_memberships_contains_paid_content":false,"footnotes":""},"categories":[26,32,15],"tags":[],"class_list":["post-10887","post","type-post","status-publish","format-standard","hentry","category-ajankohtaista","category-historiayhdistys","category-tapahtumat"],"jetpack_featured_media_url":"","jetpack_sharing_enabled":true,"jetpack_shortlink":"https:\/\/wp.me\/p72N2f-2PB","_links":{"self":[{"href":"https:\/\/www.rukajarvensuunnanhistoriayhdistys.fi\/rukajarvikeskus\/wp-json\/wp\/v2\/posts\/10887","targetHints":{"allow":["GET"]}}],"collection":[{"href":"https:\/\/www.rukajarvensuunnanhistoriayhdistys.fi\/rukajarvikeskus\/wp-json\/wp\/v2\/posts"}],"about":[{"href":"https:\/\/www.rukajarvensuunnanhistoriayhdistys.fi\/rukajarvikeskus\/wp-json\/wp\/v2\/types\/post"}],"author":[{"embeddable":true,"href":"https:\/\/www.rukajarvensuunnanhistoriayhdistys.fi\/rukajarvikeskus\/wp-json\/wp\/v2\/users\/4"}],"replies":[{"embeddable":true,"href":"https:\/\/www.rukajarvensuunnanhistoriayhdistys.fi\/rukajarvikeskus\/wp-json\/wp\/v2\/comments?post=10887"}],"version-history":[{"count":5,"href":"https:\/\/www.rukajarvensuunnanhistoriayhdistys.fi\/rukajarvikeskus\/wp-json\/wp\/v2\/posts\/10887\/revisions"}],"predecessor-version":[{"id":10896,"href":"https:\/\/www.rukajarvensuunnanhistoriayhdistys.fi\/rukajarvikeskus\/wp-json\/wp\/v2\/posts\/10887\/revisions\/10896"}],"wp:attachment":[{"href":"https:\/\/www.rukajarvensuunnanhistoriayhdistys.fi\/rukajarvikeskus\/wp-json\/wp\/v2\/media?parent=10887"}],"wp:term":[{"taxonomy":"category","embeddable":true,"href":"https:\/\/www.rukajarvensuunnanhistoriayhdistys.fi\/rukajarvikeskus\/wp-json\/wp\/v2\/categories?post=10887"},{"taxonomy":"post_tag","embeddable":true,"href":"https:\/\/www.rukajarvensuunnanhistoriayhdistys.fi\/rukajarvikeskus\/wp-json\/wp\/v2\/tags?post=10887"}],"curies":[{"name":"wp","href":"https:\/\/api.w.org\/{rel}","templated":true}]}}