{"id":11074,"date":"2022-01-29T16:03:04","date_gmt":"2022-01-29T13:03:04","guid":{"rendered":"http:\/\/www.rukajarvensuunnanhistoriayhdistys.fi\/rukajarvikeskus\/?p=11074"},"modified":"2022-01-30T11:24:05","modified_gmt":"2022-01-30T08:24:05","slug":"onnittelumme-veteraaneille-2","status":"publish","type":"post","link":"https:\/\/www.rukajarvensuunnanhistoriayhdistys.fi\/rukajarvikeskus\/ajankohtaista\/onnittelumme-veteraaneille-2\/","title":{"rendered":"Onnittelumme veteraaneille"},"content":{"rendered":"<div class=\"fcbkbttn_buttons_block\" id=\"fcbkbttn_left\"><div class=\"fcbkbttn_like \"><fb:like href=\"https:\/\/www.rukajarvensuunnanhistoriayhdistys.fi\/rukajarvikeskus\/ajankohtaista\/onnittelumme-veteraaneille-2\/\" action=\"like\" colorscheme=\"light\" layout=\"button_count\"  size=\"small\"><\/fb:like><\/div><\/div>\n<p id=\"block-dee6db48-23a1-4366-865d-5ccb00d2bbdc\"><br>Lapinlahdella asuvalle Kalle Salmelalle (s. 29.1.1921), h\u00e4n t\u00e4ytt\u00e4\u00e4 t\u00e4n\u00e4\u00e4n 101 vuotta.<\/p>\n\n\n\n<figure class=\"wp-block-image is-resized\" id=\"block-8ad70921-292f-413c-a2de-212a30e30594\"><img loading=\"lazy\" decoding=\"async\" src=\"http:\/\/www.rukajarvensuunnanhistoriayhdistys.fi\/historiayhdistys\/wp-content\/uploads\/2022\/01\/Salmela-Kalle-29-1-1921-575x1024.jpg\" alt=\"T\u00e4m\u00e4n kuvan alt-attribuutti on tyhj\u00e4; Tiedoston nimi on Salmela-Kalle-29-1-1921-575x1024.jpg\" width=\"826\" height=\"1423\"\/><figcaption>Yhdistyksemme varapuheenjohtaja Seppo Ryh\u00e4nen k\u00e4vi tervehtim\u00e4ss\u00e4 p\u00e4iv\u00e4nsankaria. Kuva Seppo Ryh\u00e4nen.<\/figcaption><\/figure>\n\n\n\n<p id=\"block-f73b630c-692a-430b-aaf9-b88ff7c4dbd6\"><strong>Kalle Salmelan<\/strong> 100-vuotishaastatteluun voitte tutustua<a href=\"http:\/\/www.rukajarvensuunnanhistoriayhdistys.fi\/historiayhdistys\/kaarle-salmela-100-vuotta\/\"><strong> T\u00c4\u00c4LT\u00c4<\/strong><\/a>: ja Kalle Salmelan videohaastatteluun voitte tutustua <strong><a href=\"https:\/\/www.youtube.com\/watch?v=UdmQnmWKwRA&amp;list=RDUdmQnmWKwRA&amp;start_radio=1\">T\u00c4\u00c4LT\u00c4:<\/a><\/strong><\/p>\n\n\n\n<p id=\"block-f3575a13-3610-4eb2-8ba4-730fcb7d6bee\"><strong>Aulis Lintunen<\/strong> (s. 18.1.1925) t\u00e4ytti 97 vuotta.<\/p>\n\n\n\n<figure class=\"wp-block-image is-resized\" id=\"block-3f546fd9-0771-4039-9018-ec94b57c760f\"><img loading=\"lazy\" decoding=\"async\" src=\"http:\/\/www.rukajarvensuunnanhistoriayhdistys.fi\/historiayhdistys\/wp-content\/uploads\/2020\/01\/AL-Scan10063-2-636x1024.jpg\" alt=\"T\u00e4m\u00e4n kuvan alt-attribuutti on tyhj\u00e4; Tiedoston nimi on AL-Scan10063-2-636x1024.jpg\" width=\"825\" height=\"1317\"\/><figcaption>Jatkossodan alussa Aulis Kaarina koiransa kanssa Piening\u00e4n salolla. Aulis Lintusen kuva-arkisto\/RSHYry<\/figcaption><\/figure>\n\n\n\n<p id=\"block-277d7b98-4ae4-4f51-98a7-722c1408aee3\">Auliksesta saa lis\u00e4tietoa <strong><a href=\"http:\/\/www.rukajarvensuunnanhistoriayhdistys.fi\/historiayhdistys\/rukajarven-veteraani-ammattikasvatusneuvos-aulis-lintunen-tayttaa-tanaan-95-vuotta\/\">T\u00c4\u00c4LT\u00c4:<\/a><\/strong><\/p>\n\n\n\n<p>H\u00e4rm\u00e4ss\u00e4 asuvalle Heikki M\u00e4ki-Kojalolla (s. 1.2.1924), kun h\u00e4n t\u00e4ytt\u00e4\u00e4 98 vuotta.<\/p>\n\n\n\n<figure class=\"wp-block-image size-large\"><a href=\"http:\/\/www.rukajarvensuunnanhistoriayhdistys.fi\/historiayhdistys\/wp-content\/uploads\/2022\/01\/DSC07596-Heikki-Maki-Kojola-scaled.jpg\"><img decoding=\"async\" src=\"http:\/\/www.rukajarvensuunnanhistoriayhdistys.fi\/historiayhdistys\/wp-content\/uploads\/2022\/01\/DSC07596-Heikki-Maki-Kojola-1024x681.jpg\" alt=\"\" class=\"wp-image-14516\"\/><\/a><figcaption>Kuva Heikki M\u00e4ki-Kojolan 90-vuotisp\u00e4ivilt\u00e4 1.2.2014, veteraaniveljet Aarre \u00d6\u00f6rni ja Yrj\u00f6 Savola onnittelevat. (Kuva TJT.)<\/figcaption><\/figure>\n\n\n\n<p id=\"block-1257455f-5e6c-4972-8212-360da266e14a\">Ristij\u00e4rvell\u00e4 asuvalle <strong>Veikko Heikkiselle<\/strong> (s.2.2.1920), kun h\u00e4n t\u00e4ytt\u00e4\u00e4 muutaman p\u00e4iv\u00e4n kuluttua 102 vuotta.<\/p>\n\n\n\n<figure class=\"wp-block-image\" id=\"block-e28717aa-0e90-4206-bfc3-22fd23ea5973\"><img decoding=\"async\" src=\"http:\/\/www.rukajarvensuunnanhistoriayhdistys.fi\/historiayhdistys\/wp-content\/uploads\/2020\/01\/Heikkinen-Veikko-2-2-1920-katsokuva-1024x576.jpg\" alt=\"T\u00e4m\u00e4n kuvan alt-attribuutti on tyhj\u00e4; Tiedoston nimi on Heikkinen-Veikko-2-2-1920-katsokuva-1024x576.jpg\"\/><figcaption>Veikko Heikkinen kuva 3.4.2017 videohaastattelun yhteydess\u00e4. (Kuva TJT).<\/figcaption><\/figure>\n\n\n\n<p id=\"block-ab030035-87eb-40f1-ab70-9d9e0cea1f59\">Veikko Heikkisen videohaastatteluun voitte tutustua <a href=\"https:\/\/www.youtube.com\/watch?v=9YGghbG95jA\"><strong>T\u00c4\u00c4LT\u00c4<\/strong>:<\/a><\/p>\n\n\n\n<p id=\"block-a80b1c44-ffbb-4a0a-8945-8f2b2e2f5884\">Onnentoivotuksemme maamme kunniakansalaisille.&nbsp; Toivelaulu ehdotuksemme Kiitos Teille veteraanit. Rukaj\u00e4rven suunnan historiayhdistys ry. Tapiolan veteraanikuoron esitys, jossa esiintyy my\u00f6s veteraani Aulis Lintunen <strong><a href=\"https:\/\/www.youtube.com\/watch?v=UdmQnmWKwRA&amp;list=RDUdmQnmWKwRA&amp;start_radio=1\">T\u00c4\u00c4LT\u00c4:<\/a><\/strong><\/p>\n","protected":false},"excerpt":{"rendered":"<p>Lapinlahdella asuvalle Kalle Salmelalle (s. 29.1.1921), h\u00e4n t\u00e4ytt\u00e4\u00e4 t\u00e4n\u00e4\u00e4n 101 vuotta. Kalle Salmelan 100-vuotishaastatteluun voitte tutustua T\u00c4\u00c4LT\u00c4: ja Kalle Salmelan videohaastatteluun voitte tutustua T\u00c4\u00c4LT\u00c4: Aulis Lintunen (s. 18.1.1925) t\u00e4ytti 97 <a class=\"more-link\" href=\"https:\/\/www.rukajarvensuunnanhistoriayhdistys.fi\/rukajarvikeskus\/ajankohtaista\/onnittelumme-veteraaneille-2\/\">Lue lis\u00e4\u00e4&#8230;<span class=\"screen-reader-text\">Onnittelumme veteraaneille<\/span><span class=\"meta-nav\">\u2192<\/span><\/a><\/p>\n","protected":false},"author":4,"featured_media":0,"comment_status":"closed","ping_status":"open","sticky":false,"template":"","format":"standard","meta":{"ngg_post_thumbnail":0,"_jetpack_newsletter_access":"","_jetpack_dont_email_post_to_subs":false,"_jetpack_newsletter_tier_id":0,"_jetpack_memberships_contains_paywalled_content":false,"_jetpack_memberships_contains_paid_content":false,"footnotes":""},"categories":[26,32],"tags":[],"class_list":["post-11074","post","type-post","status-publish","format-standard","hentry","category-ajankohtaista","category-historiayhdistys"],"jetpack_featured_media_url":"","jetpack_sharing_enabled":true,"jetpack_shortlink":"https:\/\/wp.me\/p72N2f-2SC","_links":{"self":[{"href":"https:\/\/www.rukajarvensuunnanhistoriayhdistys.fi\/rukajarvikeskus\/wp-json\/wp\/v2\/posts\/11074","targetHints":{"allow":["GET"]}}],"collection":[{"href":"https:\/\/www.rukajarvensuunnanhistoriayhdistys.fi\/rukajarvikeskus\/wp-json\/wp\/v2\/posts"}],"about":[{"href":"https:\/\/www.rukajarvensuunnanhistoriayhdistys.fi\/rukajarvikeskus\/wp-json\/wp\/v2\/types\/post"}],"author":[{"embeddable":true,"href":"https:\/\/www.rukajarvensuunnanhistoriayhdistys.fi\/rukajarvikeskus\/wp-json\/wp\/v2\/users\/4"}],"replies":[{"embeddable":true,"href":"https:\/\/www.rukajarvensuunnanhistoriayhdistys.fi\/rukajarvikeskus\/wp-json\/wp\/v2\/comments?post=11074"}],"version-history":[{"count":2,"href":"https:\/\/www.rukajarvensuunnanhistoriayhdistys.fi\/rukajarvikeskus\/wp-json\/wp\/v2\/posts\/11074\/revisions"}],"predecessor-version":[{"id":11078,"href":"https:\/\/www.rukajarvensuunnanhistoriayhdistys.fi\/rukajarvikeskus\/wp-json\/wp\/v2\/posts\/11074\/revisions\/11078"}],"wp:attachment":[{"href":"https:\/\/www.rukajarvensuunnanhistoriayhdistys.fi\/rukajarvikeskus\/wp-json\/wp\/v2\/media?parent=11074"}],"wp:term":[{"taxonomy":"category","embeddable":true,"href":"https:\/\/www.rukajarvensuunnanhistoriayhdistys.fi\/rukajarvikeskus\/wp-json\/wp\/v2\/categories?post=11074"},{"taxonomy":"post_tag","embeddable":true,"href":"https:\/\/www.rukajarvensuunnanhistoriayhdistys.fi\/rukajarvikeskus\/wp-json\/wp\/v2\/tags?post=11074"}],"curies":[{"name":"wp","href":"https:\/\/api.w.org\/{rel}","templated":true}]}}