{"id":11112,"date":"2022-03-13T00:01:00","date_gmt":"2022-03-12T21:01:00","guid":{"rendered":"http:\/\/www.rukajarvensuunnanhistoriayhdistys.fi\/rukajarvikeskus\/?p=11112"},"modified":"2022-03-12T23:57:38","modified_gmt":"2022-03-12T20:57:38","slug":"seppo-ryhanen-arvot-paikallaan","status":"publish","type":"post","link":"https:\/\/www.rukajarvensuunnanhistoriayhdistys.fi\/rukajarvikeskus\/muistokirjoitukset\/seppo-ryhanen-arvot-paikallaan\/","title":{"rendered":"Seppo Ryh\u00e4nen \u2013 arvot paikallaan"},"content":{"rendered":"<div class=\"fcbkbttn_buttons_block\" id=\"fcbkbttn_left\"><div class=\"fcbkbttn_like \"><fb:like href=\"https:\/\/www.rukajarvensuunnanhistoriayhdistys.fi\/rukajarvikeskus\/muistokirjoitukset\/seppo-ryhanen-arvot-paikallaan\/\" action=\"like\" colorscheme=\"light\" layout=\"button_count\"  size=\"small\"><\/fb:like><\/div><\/div>\n<p id=\"block-a3eb002c-f242-4bc4-8d8d-5cbd92c10db2\"><br>Meist\u00e4 harvemmat ihmiset osaavat kantaa huolta el\u00e4m\u00e4n t\u00e4rkeimmist\u00e4 asioista. Seppo Ryh\u00e4sell\u00e4 arvot olivat paikallaan. Seppo nautti l\u00e4heistens\u00e4 seurasta ja oli valmis tekem\u00e4\u00e4n sen eteen hartiavoimin ty\u00f6t\u00e4. Perhe, puoliso, poika ja lastenlapsi sek\u00e4 veljet olivat tietysti l\u00e4hinn\u00e4 h\u00e4nen syd\u00e4nt\u00e4\u00e4n. Ja miten se n\u00e4kyi k\u00e4yt\u00e4nn\u00f6ss\u00e4. Tietysti kaikissa keskusteluissa, juhlissa ja my\u00f6s arkena hyv\u00e4n\u00e4 k\u00e4yt\u00f6ksen\u00e4, maukkaina ruokina, mit\u00e4 Seppo itse valmisti, kotona ja erilaisilla er\u00e4retkill\u00e4. Ikimuistoisimman nautinnon Seppo tarjoili luonnon helmassa, tervasnuotiolla ja rakovalkeilla osallistuneille l\u00e4heisilleen. Milloin Lokinlammen majalla, milloin mets\u00e4miesten piilopirtill\u00e4, tahi Poliisip\u00e4\u00e4llyst\u00f6yhdistyksen Vehmersalmen huvilan puitteissa ja rantatulilla, tai Rukaj\u00e4rven tien Jukolan Motin kodalla. Siell\u00e4 Seppo ja h\u00e4nen vieraansa viihtyiv\u00e4t.<\/p>\n\n\n\n<figure class=\"wp-block-image\" id=\"block-c0f97955-449e-4d39-bd4b-10847d8979a9\"><img decoding=\"async\" src=\"http:\/\/www.rukajarvensuunnanhistoriayhdistys.fi\/historiayhdistys\/wp-content\/uploads\/2022\/03\/Ryhanen-Seppo-teravoitetty-768x1024.jpg\" alt=\"T\u00e4m\u00e4n kuvan alt-attribuutti on tyhj\u00e4; Tiedoston nimi on Ryhanen-Seppo-teravoitetty-768x1024.jpg\"\/><figcaption><strong>Seppo Ryh\u00e4nen (17.5.1952 \u2013 26.2.2022)<\/strong>.<\/figcaption><\/figure>\n\n\n\n<p id=\"block-f4342dbb-9a02-4123-8540-260d77c9f35f\">Poikansa Samin ja Leon seura ja yhteiset harrastukset tulivat my\u00f6s meille Sepon l\u00e4heisille tutuksi. Ukki halusi pelata sairaanakin pojanpojan Leon kanssa jalkapalloa, jokaisesta maalista ukki iloitsi ja kertoi niist\u00e4 onnistumisista ylpe\u00e4n\u00e4 yst\u00e4villeen. Siit\u00e4 n\u00e4ki, miten elementiss\u00e4\u00e4n h\u00e4n oli kertoessaan n\u00e4ist\u00e4 Leon kanssa viett\u00e4mist\u00e4\u00e4n yhteisist\u00e4 hetkist\u00e4, kuten my\u00f6s kuvatessaan kala- ja kauppareissuja. Sit\u00e4 iloa olisi ollut hieno olla yhdess\u00e4 kokemassa, silti vaikka kuvaus oli niin el\u00e4v\u00e4, ett\u00e4 kuvainnollisesti nuotiolla heid\u00e4n seurassaan tunsi olevansa aivan l\u00e4hell\u00e4, niin ett\u00e4 rakovalkean ja nuotion loimu suuta ja k\u00e4si\u00e4 poltti, pelk\u00e4n kuvauksen perusteella.<\/p>\n\n\n\n<p id=\"block-dcf78b89-1bc5-4358-8f7e-6e62e179de54\">Kuulimme Sepon puolison lausuvan: \u201dSuru on suuri. Seppo oli turvallinen ja luotettava perheenis\u00e4, jonka k\u00e4siin voi luottaa mink\u00e4 tahansa asian, kyll\u00e4 h\u00e4n aina onnistuu ratkaisemaan pulmallisen tilanteen\u201d. Samoin ajattelemme me l\u00e4heiset Rukaj\u00e4rven suunnan historiayhdistyksen j\u00e4senet.<\/p>\n\n\n\n<p id=\"block-18c1f5d8-8b6b-43a8-8c0e-9e9fe0699d59\">Seppo oli monessa mukana, mutta koskaan ei ollut niin kiire, etteik\u00f6 h\u00e4n olisi puhelimeen vastannut: \u201dMin\u00e4 soitan sinulle sitten kun olen p\u00e4\u00e4stellyt kalat irti verkoista veljieni kanssa\u201d.<\/p>\n\n\n\n<p id=\"block-47f8a24b-9309-41ed-8b82-032e5ef68ebe\">Sepon seurassa viihtyiv\u00e4t kaikki, erityisesti veteraanit, sotahistoriaty\u00f6h\u00f6n osallistuvat yst\u00e4v\u00e4t. N\u00e4iss\u00e4 yhteisiss\u00e4 tapaamisissa Seppo tarjosi my\u00f6s savolaista sananrieskoo, hersyv\u00e4 huumori on Sepon pysyv\u00e4 tavaramerkki.<\/p>\n\n\n\n<p id=\"block-85d8a4ea-f156-4ee0-bddf-d0118a56e556\">Seppo oli eritoten herrasmies ja harras is\u00e4nmaan yst\u00e4v\u00e4. Siihen h\u00e4n kohdisti suuren osan el\u00e4kevuosiensa el\u00e4m\u00e4nty\u00f6st\u00e4. Erityisesti veteraanij\u00e4rjest\u00f6jen, ty\u00f6 niin omalla paikkakunnalla kuin sit\u00e4 my\u00f6t\u00e4 valtakunnalliset j\u00e4rjest\u00f6t tulivat h\u00e4nelle tutuksi. Sinne Seppo j\u00e4tti ty\u00f6ns\u00e4 kautta pysyv\u00e4n j\u00e4lkens\u00e4.<\/p>\n\n\n\n<p id=\"block-0f5a3811-e0a4-48ab-ac29-3b4df0243601\">Seppo ei ollut veteraanity\u00f6ss\u00e4 mik\u00e4\u00e4n \u201dleip\u00e4pappi\u201d. H\u00e4n huolehti veteraanisukupolven asioista laajalti, s\u00e4\u00e4tyyn katsomatta. Seppoon eiv\u00e4t sopineet Runebergin V\u00e4nrikki Stoolin tarinoista tutuksi tulleen papin tokaisu: \u201dma tein, mink` ihminen ja pappi voi\u201d, pappi huokaisi ja jatkoi herkkup\u00f6yd\u00e4ss\u00e4 paistinsy\u00f6nti\u00e4. Haavoittunut D\u00f6beln ajoi lohduttamaan tulleen papin oikeisiin papin t\u00f6ihin. Seppo teki siis oikeaa papin, eli veteraanity\u00f6t\u00e4 pyyteett\u00f6m\u00e4sti. Seppo ei tyytynyt tekem\u00e4\u00e4n vain vasemmalla k\u00e4dell\u00e4, vaan tarttui itse ty\u00f6h\u00f6n kaksin k\u00e4sin, ruuanlaittoonkin, ja siin\u00e4 h\u00e4n oli tosi hyv\u00e4. Veteraanit saivat hirvi- ja \u201drosvopaistit\u201d, ja milloin mit\u00e4kin valmiista Sepon omin k\u00e4sin valmistamasta p\u00f6yd\u00e4st\u00e4.<\/p>\n\n\n\n<p id=\"block-ad07020c-7e6e-488f-bdaf-ade6bf56c976\">Sotahistoriaty\u00f6ss\u00e4 h\u00e4n oli upseeri, mutta k\u00e4yt\u00e4nn\u00f6ss\u00e4 eturivin mies, jonka l\u00e4hipiiri, Lapinlahden ja my\u00f6s Yl\u00e4-Savon veteraanit olivat etusijalla. Kaikkien elossa olevien veteraanien muistot on videoitu, tallennettu pysyv\u00e4sti, ik\u00e4\u00e4n ja s\u00e4\u00e4tyyn katsomatta. Seppo suunnitteli my\u00f6s jatkoa, kotirintaman ty\u00f6n taltiointia. Sepon mielest\u00e4 on kunnia-asia, ett\u00e4 muistetaan mit\u00e4 koko veteraanisukupolvi teki puolestamme \u2013 ja siihen kuuluu my\u00f6s lotat ja kotirintama.<\/p>\n\n\n\n<p id=\"block-51becbf6-a0c9-4de9-9a17-abcd2fabec48\">Seppo oli arvostettu ammatissaan, h\u00e4n oli poliisi my\u00f6s el\u00e4kkeell\u00e4. H\u00e4n vaati itselt\u00e4\u00e4n enemm\u00e4n kuin muilta. Mik\u00e4 tuli esille mm. autonratissa, ylinopeutta ei ajettu koskaan ja tiet\u00e4 h\u00e4n antoi kanssaihmisilleen. &nbsp;El\u00e4kkeelle j\u00e4\u00e4dess\u00e4\u00e4n h\u00e4n kertoi lehtihaastattelussa, ett\u00e4 \u201dpoliisi tarvitsee vahvan osaamisen lis\u00e4ksi kyky\u00e4 jutella ihmisten kanssa\u201d.<\/p>\n\n\n\n<p id=\"block-c1c3662e-6aab-44b4-a148-2b6f3611c7a9\">Seppo oli rikosylikomisario, h\u00e4nen teht\u00e4v\u00e4n\u00e4\u00e4n oli tutkia vakavia rikoksia, mutta h\u00e4n saattoi poiketa ohimennen puhuttelemaan torilla riehuvia poikaporukoita. \u201dSovitaanko pojat, ett\u00e4 t\u00e4m\u00e4 ralli loppuu t\u00e4h\u00e4n, min\u00e4 lupaan, ett\u00e4 se j\u00e4\u00e4 my\u00f6s poliisin puolelta t\u00e4m\u00e4n huomautuksen varaan.\u201d N\u00e4in suora puhe auttoi ja virkavallan voimavaroja voitiin kohdistaa oikeisiin poliisin t\u00f6ihin. Liikenneturvallisuuskin koheni siin\u00e4 aivan kuin itsest\u00e4\u00e4n. M\u00e4\u00e4r\u00e4tietoinen puhe nosti Sepon kautta my\u00f6s koko ammattikunnan arvovaltaa.<\/p>\n\n\n\n<p id=\"block-8804a1ad-bce2-4eaa-801a-36b640f324ea\">Seppo toimi monien j\u00e4rjest\u00f6jen johtoteht\u00e4viss\u00e4, Rukaj\u00e4rven suunnan historiayhdistyksen varapuheenjohtajana vuodesta 2019, JP 27:n Perinneyhdistyksen, Lapinlahden Sotaveteraanien ja Yl\u00e4-Savon Sotilaspoikien Perinnekillan sek\u00e4 Lapinlahden Er\u00e4miesten puheenjohtajana, viimeisin\u00e4 vuosin hallituksessa, Pohjois-Savon Maanpuolustusyhdistyksen, Vapaussodan Perinneyhdistyksen, Kainuun Tykist\u00f6- ja Heittimist\u00f6killan hallituksessa v. 2016 l\u00e4htien, Pohjois-Savon Reserviupseeripiirin hallituksessa sek\u00e4 Reserviupseeriliiton valtuutettuna, mist\u00e4 h\u00e4nelle my\u00f6nnettiin kultainen ansiomitali. Ammattinsa vuoksi h\u00e4n toimi Suomen Poliisij\u00e4rjest\u00f6jen liiton valtuutettuna ja Suomen Poliisip\u00e4\u00e4llyst\u00f6yhdistyksen hallituksessa 2000 &#8211; 2015 ja siin\u00e4 ty\u00f6ss\u00e4 h\u00e4nen ansionsa katsottiin kunniaj\u00e4senyyden arvoiseksi. Kainuun Tykist\u00f6- ja Heittimist\u00f6kilta my\u00f6nsi Sepolle 6.8.2019 kiltaristin. Lis\u00e4ksi h\u00e4n osallistui MPK:n ja LC Lapinlahden Viert\u00e4jien toimintaan hallituksen j\u00e4senen\u00e4 ja presidenttin\u00e4, Sandels-Jotoksen j\u00e4rjest\u00e4miseen, Hamina-Tattoo matkanj\u00e4rjest\u00e4j\u00e4, h\u00e4n oli my\u00f6s erinomainen matkanjohtajan ty\u00f6ss\u00e4\u00e4n, ohjelmaa ja aikatauluja suunnitellessaan.<\/p>\n\n\n\n<p id=\"block-9ecfd41d-cd13-4aaa-a080-a7ade56ef2e0\">J\u00e4\u00e4mme kaipaamaan rehti\u00e4 yst\u00e4v\u00e4\u00e4 ja veteraanity\u00f6n monipuolista taitajaa.<\/p>\n\n\n\n<p id=\"block-3a769fb5-e450-4d11-8540-156befff9156\">Rukaj\u00e4rven suunnan historiayhdistys ry.<\/p>\n","protected":false},"excerpt":{"rendered":"<p>Meist\u00e4 harvemmat ihmiset osaavat kantaa huolta el\u00e4m\u00e4n t\u00e4rkeimmist\u00e4 asioista. Seppo Ryh\u00e4sell\u00e4 arvot olivat paikallaan. Seppo nautti l\u00e4heistens\u00e4 seurasta ja oli valmis tekem\u00e4\u00e4n sen eteen hartiavoimin ty\u00f6t\u00e4. Perhe, puoliso, poika ja <a class=\"more-link\" href=\"https:\/\/www.rukajarvensuunnanhistoriayhdistys.fi\/rukajarvikeskus\/muistokirjoitukset\/seppo-ryhanen-arvot-paikallaan\/\">Lue lis\u00e4\u00e4&#8230;<span class=\"screen-reader-text\">Seppo Ryh\u00e4nen \u2013 arvot paikallaan<\/span><span class=\"meta-nav\">\u2192<\/span><\/a><\/p>\n","protected":false},"author":4,"featured_media":0,"comment_status":"closed","ping_status":"open","sticky":false,"template":"","format":"standard","meta":{"ngg_post_thumbnail":0,"_jetpack_newsletter_access":"","_jetpack_dont_email_post_to_subs":false,"_jetpack_newsletter_tier_id":0,"_jetpack_memberships_contains_paywalled_content":false,"_jetpack_memberships_contains_paid_content":false,"footnotes":""},"categories":[32,24],"tags":[],"class_list":["post-11112","post","type-post","status-publish","format-standard","hentry","category-historiayhdistys","category-muistokirjoitukset"],"jetpack_featured_media_url":"","jetpack_sharing_enabled":true,"jetpack_shortlink":"https:\/\/wp.me\/p72N2f-2Te","_links":{"self":[{"href":"https:\/\/www.rukajarvensuunnanhistoriayhdistys.fi\/rukajarvikeskus\/wp-json\/wp\/v2\/posts\/11112","targetHints":{"allow":["GET"]}}],"collection":[{"href":"https:\/\/www.rukajarvensuunnanhistoriayhdistys.fi\/rukajarvikeskus\/wp-json\/wp\/v2\/posts"}],"about":[{"href":"https:\/\/www.rukajarvensuunnanhistoriayhdistys.fi\/rukajarvikeskus\/wp-json\/wp\/v2\/types\/post"}],"author":[{"embeddable":true,"href":"https:\/\/www.rukajarvensuunnanhistoriayhdistys.fi\/rukajarvikeskus\/wp-json\/wp\/v2\/users\/4"}],"replies":[{"embeddable":true,"href":"https:\/\/www.rukajarvensuunnanhistoriayhdistys.fi\/rukajarvikeskus\/wp-json\/wp\/v2\/comments?post=11112"}],"version-history":[{"count":1,"href":"https:\/\/www.rukajarvensuunnanhistoriayhdistys.fi\/rukajarvikeskus\/wp-json\/wp\/v2\/posts\/11112\/revisions"}],"predecessor-version":[{"id":11113,"href":"https:\/\/www.rukajarvensuunnanhistoriayhdistys.fi\/rukajarvikeskus\/wp-json\/wp\/v2\/posts\/11112\/revisions\/11113"}],"wp:attachment":[{"href":"https:\/\/www.rukajarvensuunnanhistoriayhdistys.fi\/rukajarvikeskus\/wp-json\/wp\/v2\/media?parent=11112"}],"wp:term":[{"taxonomy":"category","embeddable":true,"href":"https:\/\/www.rukajarvensuunnanhistoriayhdistys.fi\/rukajarvikeskus\/wp-json\/wp\/v2\/categories?post=11112"},{"taxonomy":"post_tag","embeddable":true,"href":"https:\/\/www.rukajarvensuunnanhistoriayhdistys.fi\/rukajarvikeskus\/wp-json\/wp\/v2\/tags?post=11112"}],"curies":[{"name":"wp","href":"https:\/\/api.w.org\/{rel}","templated":true}]}}