{"id":11267,"date":"2022-12-29T14:00:00","date_gmt":"2022-12-29T11:00:00","guid":{"rendered":"http:\/\/www.rukajarvensuunnanhistoriayhdistys.fi\/rukajarvikeskus\/?p=11267"},"modified":"2023-01-04T13:15:17","modified_gmt":"2023-01-04T10:15:17","slug":"yrjo-savolan-muistolle-14-2-1923-8-12-2022","status":"publish","type":"post","link":"https:\/\/www.rukajarvensuunnanhistoriayhdistys.fi\/rukajarvikeskus\/muistokirjoitukset\/yrjo-savolan-muistolle-14-2-1923-8-12-2022\/","title":{"rendered":"Yrj\u00f6 Savolan muistolle (14.2.1923 &#8211; 8.12.2022)"},"content":{"rendered":"<div class=\"fcbkbttn_buttons_block\" id=\"fcbkbttn_left\"><div class=\"fcbkbttn_like \"><fb:like href=\"https:\/\/www.rukajarvensuunnanhistoriayhdistys.fi\/rukajarvikeskus\/muistokirjoitukset\/yrjo-savolan-muistolle-14-2-1923-8-12-2022\/\" action=\"like\" colorscheme=\"light\" layout=\"button_count\"  size=\"small\"><\/fb:like><\/div><\/div>\n<p><strong>Yrj\u00f6 Savola siunaustilaisuus pidettiin t\u00e4n\u00e4\u00e4n 29.12.2022 klo 13.00<\/strong> Vaasan kirkossa. Rukaj\u00e4rven suunnan historiayhdistyksest\u00e4 tilaisuuteen osallituivat Kauhavalla asuva Erkki Ylisippola ja yhdistyksen puheenjohtaja Tenho Tikkanen.<\/p>\n\n\n\n<figure class=\"wp-block-image size-full is-resized\"><a href=\"http:\/\/www.rukajarvensuunnanhistoriayhdistys.fi\/historiayhdistys\/wp-content\/uploads\/2018\/02\/Savola-Yrj\u00f6-2.jpg\"><img loading=\"lazy\" decoding=\"async\" src=\"http:\/\/www.rukajarvensuunnanhistoriayhdistys.fi\/historiayhdistys\/wp-content\/uploads\/2018\/02\/Savola-Yrj\u00f6-2.jpg\" alt=\"\" class=\"wp-image-12139\" width=\"835\" height=\"470\"\/><\/a><figcaption class=\"wp-element-caption\">Yrj\u00f6 Savola. Kuva on otettu h\u00e4nen 95-vuotisp\u00e4iv\u00e4n\u00e4 14.2.2018 .<\/figcaption><\/figure>\n\n\n\n<figure class=\"wp-block-image size-large\"><a href=\"http:\/\/www.rukajarvensuunnanhistoriayhdistys.fi\/historiayhdistys\/wp-content\/uploads\/2023\/01\/A-4-IMG_2789-scaled.jpg\"><img decoding=\"async\" src=\"http:\/\/www.rukajarvensuunnanhistoriayhdistys.fi\/historiayhdistys\/wp-content\/uploads\/2023\/01\/A-4-IMG_2789-1024x768.jpg\" alt=\"\" class=\"wp-image-14882\"\/><\/a><figcaption class=\"wp-element-caption\">Siunaamisen toimitti rovasti Arto Lehtineva. Hautajaisten siunaus- ja muistotilaisuuden puheesiin sek\u00e4 valokuvakoosteeseen voi tutusta <strong><a href=\"http:\/\/www.rukajarvensuunnanhistoriayhdistys.fi\/historiayhdistys\/wp-content\/uploads\/2022\/12\/Yrjo-Savola-hautajaiset-29-12-2022-valokuvia.pdf\">T\u00c4\u00c4LT\u00c4<\/a><\/strong>: <\/figcaption><\/figure>\n\n\n\n<figure class=\"wp-block-image size-large\"><a href=\"http:\/\/www.rukajarvensuunnanhistoriayhdistys.fi\/historiayhdistys\/wp-content\/uploads\/2023\/01\/A-4-IMG_20221229_141552-scaled.jpg\"><img decoding=\"async\" src=\"http:\/\/www.rukajarvensuunnanhistoriayhdistys.fi\/historiayhdistys\/wp-content\/uploads\/2023\/01\/A-4-IMG_20221229_141552-1024x768.jpg\" alt=\"\" class=\"wp-image-14884\"\/><\/a><figcaption class=\"wp-element-caption\">Kunniavartio: Kapt. Juha Ala-aho, kapt. Hannu Isom\u00f6tt\u00f6nen, sot.mest. Mika Korpela ja yliv. Pasi Salonen.<\/figcaption><\/figure>\n\n\n\n<p><\/p>\n\n\n\n<p>T\u00e4ss\u00e4 julkaisemme puheenjohtaja Tenho Tikkasen Yrj\u00f6 Savolan muistotilaisuudessa pit\u00e4m\u00e4n puheen. <\/p>\n\n\n\n<p><strong>Arvoisat Yrj\u00f6 Savolan omaiset, veteraanit, hyv\u00e4 saattov\u00e4ki.<\/strong><\/p>\n\n\n\n<p>Yrj\u00e4 Savola syntyi 14.2.1923 Lappaj\u00e4rvell\u00e4 ja h\u00e4n kuoli 8.12.2022 Vaasassa. Yrj\u00f6n syntym\u00e4p\u00e4iv\u00e4 osuu yst\u00e4v\u00e4np\u00e4iv\u00e4\u00e4n, mill\u00e4 on veteraanin el\u00e4m\u00e4nty\u00f6t\u00e4 ajatellen kansainv\u00e4lisesti ajatellen hyvin merkitt\u00e4v\u00e4t perinteet jo 1500-luvulta alkaen.<\/p>\n\n\n\n<p>Veteraani Yrj\u00f6 Savolan oma toiminta, sodat kokeneena \u201dSuomen Suurimmaksi sukupolveksi\u201d nimettyjen aseveljiens\u00e4 ty\u00f6n vaalijana, on vertaansa vailla. Yrj\u00f6 Savola voidaan n\u00e4hd\u00e4 t\u00e4ss\u00e4kin ty\u00f6ss\u00e4 eturivin mieheksi, esimerkilliseksi tien raivaajaksi, joka osoitti paikkansa omalla ty\u00f6ll\u00e4\u00e4n aloittein ja my\u00f6s k\u00e4yt\u00e4nn\u00f6n j\u00e4rjest\u00f6ty\u00f6ss\u00e4.<\/p>\n\n\n\n<p>Oli suuri kunnia tuntea t\u00e4m\u00e4 esimerkillinen sivistynyt mies, keskustella h\u00e4nen kanssaan monista kansakuntaamme koskettavista asioista.<\/p>\n\n\n\n<p><strong>Yrj\u00f6 Savola taisteli PionP 24 riveiss\u00e4 Rukaj\u00e4rvell\u00e4.&nbsp;<\/strong>Sotaan h\u00e4n l\u00e4hti 18-vuotiaana. Pohjanmaalta koottu t\u00e4ydennysjoukko-osasto on kokoontunut s\u00e4\u00e4nn\u00f6llisesti Lappaj\u00e4rven ja H\u00e4rm\u00e4n kuntokeskuksissa kaikkiaan 50 kertaa vuodesta 1972 l\u00e4htien, t\u00e4t\u00e4kin aikaisemmin satunnaisesti. Yrj\u00f6 Savola oli Pioneerikillan sihteeri-taloudenhoitaja. T\u00e4\u00e4ll\u00e4 Vaasassa h\u00e4net oli valittu veteraanien perinnetoimikunnan puheenjohtajaksi.<\/p>\n\n\n\n<p>Siviiliss\u00e4 Savola toimi Vesipiirin rakennusmestarina. Heti sodan j\u00e4lkeen Savola ohjasi ajalle tyypillisi\u00e4 pika-asustus- ja ty\u00f6tt\u00f6myyst\u00f6it\u00e4. N\u00e4in aseveljeys oli h\u00e4nen syd\u00e4nt\u00e4\u00e4n l\u00e4hell\u00e4 my\u00f6s arkena, perinteist\u00e4 pidettiin kiinni aivan viimeiseen saakka, niin kuin oli valat vannottu ja yhdess\u00e4 sovittu. Mit\u00e4 aseveljeydell\u00e4 tarkoitetaan, kirjallisuuden mukaan: \u201d<strong>Aseveljeys<\/strong>&nbsp;on ihmissuhde ja siihen liittyv\u00e4 yhteenkuuluvuuden tunne, asevelihenki, joka syntyy ja vallitsee osapuolten v\u00e4lill\u00e4 eri tavoin jaetun sotakokemuksen, erityisesti rintamakokemuksen, perusteella. Rukaj\u00e4rven veteraani kultamitalihiiht\u00e4j\u00e4 Paavo&nbsp;Lonkilan mukaan. \u201dMe olemme enemm\u00e4n kuin veljeksi\u00e4, me olemme asevelji\u00e4.\u201d<\/p>\n\n\n\n<p>Sodassa tavat opittiin ja ne olivat kaikille tutut, l\u00f6ylykin jaettiin tasan. Asevelje\u00e4 autettiin ja h\u00e4nen toimeentulostaan huolehdittiin viimeiseen asti.<\/p>\n\n\n\n<p>Aseveljeys ohjasi vahvasti Yrj\u00f6 Savon veteraanity\u00f6t\u00e4. Savola vertasi veteraanitoimintaa \u201dhiipuvaan nuotioon\u201d, joka pienenee, mutta sen saa kovin helposti toimimaan sit\u00e4 hoivaamalla, puhaltamalla ja puita lis\u00e4\u00e4m\u00e4ll\u00e4. Niin kuin tulisijat ovat j\u00e4tt\u00e4neet j\u00e4lkens\u00e4, niin t\u00e4m\u00e4kin meid\u00e4n tulisijamme j\u00e4tt\u00e4\u00e4 j\u00e4lkens\u00e4 Suomen historiaan totesi Savola v. 2019 juhlassa pit\u00e4m\u00e4ss\u00e4\u00e4n puheessa. Yrj\u00f6 halusi my\u00f6s muilla k\u00e4yt\u00e4nn\u00f6n toimillaan osoittaa kunnioitustaan sodissa menehtyneille aseveljilleen 2016. H\u00e4n teki aloitteen valtioneuvostolle \u201dSankarivainajien muistokivien kunnostuksesta\u201d.<\/p>\n\n\n\n<p>J\u00e4\u00e4mme kaipaamaan yhteisen Is\u00e4nmaamme hyv\u00e4ksi niin monin tavoin el\u00e4m\u00e4nty\u00f6ns\u00e4 tehnytt\u00e4 rehti\u00e4 suomalaista miest\u00e4.<\/p>\n\n\n\n<p>Otamme osaa omaisten suruun.<\/p>\n\n\n\n<p>Laskiessamme seppeleen Yrj\u00f6 Savolan arkulle, kirjoitimme seppeleen nauhoihin seuraavan tekstin:<\/p>\n\n\n\n<p>&#8221;Rukaj\u00e4rven veteraani Yrj\u00f6 Savolan muistoa kunnioittaen.<\/p>\n\n\n\n<p>Historia kirkastaa Is\u00e4nmaalle sykkineen syd\u00e4men kilven.<\/p>\n\n\n\n<p>Rukaj\u00e4rven suunnan veteraaniveljet, Rukaj\u00e4rven suunnan historiikkitoimikunta ja Rukaj\u00e4rven suunnan historiayhdistys ry ja Rukaj\u00e4rven Tiell\u00e4 ry.<\/p>\n\n\n\n<p>***<\/p>\n\n\n\n<p>&nbsp;Yrj\u00f6 Savolaa k\u00e4sittelevi\u00e4 artikkeleita l\u00f6yt\u00e4\u00e4 RSHY:n seuraavista nettijulkaisuista:<\/p>\n\n\n\n<p>***<\/p>\n\n\n\n<p><strong><mark style=\"background-color:rgba(0, 0, 0, 0)\" class=\"has-inline-color has-black-color\"><a href=\"http:\/\/www.rukajarvensuunnanhistoriayhdistys.fi\/historiayhdistys\/veteraani-yrjo-savola-lappajarvella-joukko-pienenee-kuin-hiipuva-hiillos\/\">Veteraani Yrj\u00f6 Savola Lappaj\u00e4rvell\u00e4: \u201dJoukko pienenee kuin hiipuva hiillos\u201d \u2013 5.6.2019<\/a><\/mark><\/strong><\/p>\n\n\n\n<p>***<\/p>\n\n\n\n<p><strong><a href=\"http:\/\/www.rukajarvensuunnanhistoriayhdistys.fi\/historiayhdistys\/rukajarven-veteraani-yrjo-savola-95-vuotta-parhaat-onnittelumme\/\">Rukaj\u00e4rven veteraani Yrj\u00f6 Savola 95 vuotta &#8211; 15.12.2918<\/a><\/strong><\/p>\n\n\n\n<p>***<\/p>\n\n\n\n<p><strong><a href=\"http:\/\/www.rukajarvensuunnanhistoriayhdistys.fi\/historiayhdistys\/rukajarven-veteraani-yrjo-savolalta-erinomainen-aloite\/\">Rukaj\u00e4rven veteraani Yrj\u00f6 Savolalta erinomainen aloite 16.12.2016<\/a><\/strong><\/p>\n\n\n\n<p>***<\/p>\n\n\n\n<p><strong><a href=\"http:\/\/www.rukajarvensuunnanhistoriayhdistys.fi\/historiayhdistys\/tenho-tikkanen-pionp-24n-pioneerikillan-toiminnan-40-vuotisjuhla-lappajarvella-3-5-2014\/\">Rukaj\u00e4rven pioneerien 40-vuotisjuhla Lappaj\u00e4rvell\u00e4 3.5.2014<\/a><\/strong><\/p>\n\n\n\n<p>***<\/p>\n\n\n\n<figure class=\"wp-block-image size-full is-resized\"><a href=\"http:\/\/www.rukajarvensuunnanhistoriayhdistys.fi\/historiayhdistys\/wp-content\/uploads\/2022\/12\/Savola-Yrjo-kuolinilmoitus-Ilkka-Pohjalainen-16-12-2022.jpg\"><img loading=\"lazy\" decoding=\"async\" src=\"http:\/\/www.rukajarvensuunnanhistoriayhdistys.fi\/historiayhdistys\/wp-content\/uploads\/2022\/12\/Savola-Yrjo-kuolinilmoitus-Ilkka-Pohjalainen-16-12-2022.jpg\" alt=\"\" class=\"wp-image-14878\" width=\"695\" height=\"1178\"\/><\/a><figcaption class=\"wp-element-caption\">Ilmoitus julkaistu Ilkka-Pohjalaisessa 20.12.2022.<\/figcaption><\/figure>\n","protected":false},"excerpt":{"rendered":"<p>Yrj\u00f6 Savola siunaustilaisuus pidettiin t\u00e4n\u00e4\u00e4n 29.12.2022 klo 13.00 Vaasan kirkossa. Rukaj\u00e4rven suunnan historiayhdistyksest\u00e4 tilaisuuteen osallituivat Kauhavalla asuva Erkki Ylisippola ja yhdistyksen puheenjohtaja Tenho Tikkanen. T\u00e4ss\u00e4 julkaisemme puheenjohtaja Tenho Tikkasen Yrj\u00f6 <a class=\"more-link\" href=\"https:\/\/www.rukajarvensuunnanhistoriayhdistys.fi\/rukajarvikeskus\/muistokirjoitukset\/yrjo-savolan-muistolle-14-2-1923-8-12-2022\/\">Lue lis\u00e4\u00e4&#8230;<span class=\"screen-reader-text\">Yrj\u00f6 Savolan muistolle (14.2.1923 &#8211; 8.12.2022)<\/span><span class=\"meta-nav\">\u2192<\/span><\/a><\/p>\n","protected":false},"author":4,"featured_media":0,"comment_status":"closed","ping_status":"open","sticky":false,"template":"","format":"standard","meta":{"ngg_post_thumbnail":0,"_jetpack_newsletter_access":"","_jetpack_dont_email_post_to_subs":false,"_jetpack_newsletter_tier_id":0,"_jetpack_memberships_contains_paywalled_content":false,"_jetpack_memberships_contains_paid_content":false,"footnotes":""},"categories":[26,32,24],"tags":[],"class_list":["post-11267","post","type-post","status-publish","format-standard","hentry","category-ajankohtaista","category-historiayhdistys","category-muistokirjoitukset"],"jetpack_featured_media_url":"","jetpack_sharing_enabled":true,"jetpack_shortlink":"https:\/\/wp.me\/p72N2f-2VJ","_links":{"self":[{"href":"https:\/\/www.rukajarvensuunnanhistoriayhdistys.fi\/rukajarvikeskus\/wp-json\/wp\/v2\/posts\/11267","targetHints":{"allow":["GET"]}}],"collection":[{"href":"https:\/\/www.rukajarvensuunnanhistoriayhdistys.fi\/rukajarvikeskus\/wp-json\/wp\/v2\/posts"}],"about":[{"href":"https:\/\/www.rukajarvensuunnanhistoriayhdistys.fi\/rukajarvikeskus\/wp-json\/wp\/v2\/types\/post"}],"author":[{"embeddable":true,"href":"https:\/\/www.rukajarvensuunnanhistoriayhdistys.fi\/rukajarvikeskus\/wp-json\/wp\/v2\/users\/4"}],"replies":[{"embeddable":true,"href":"https:\/\/www.rukajarvensuunnanhistoriayhdistys.fi\/rukajarvikeskus\/wp-json\/wp\/v2\/comments?post=11267"}],"version-history":[{"count":2,"href":"https:\/\/www.rukajarvensuunnanhistoriayhdistys.fi\/rukajarvikeskus\/wp-json\/wp\/v2\/posts\/11267\/revisions"}],"predecessor-version":[{"id":11271,"href":"https:\/\/www.rukajarvensuunnanhistoriayhdistys.fi\/rukajarvikeskus\/wp-json\/wp\/v2\/posts\/11267\/revisions\/11271"}],"wp:attachment":[{"href":"https:\/\/www.rukajarvensuunnanhistoriayhdistys.fi\/rukajarvikeskus\/wp-json\/wp\/v2\/media?parent=11267"}],"wp:term":[{"taxonomy":"category","embeddable":true,"href":"https:\/\/www.rukajarvensuunnanhistoriayhdistys.fi\/rukajarvikeskus\/wp-json\/wp\/v2\/categories?post=11267"},{"taxonomy":"post_tag","embeddable":true,"href":"https:\/\/www.rukajarvensuunnanhistoriayhdistys.fi\/rukajarvikeskus\/wp-json\/wp\/v2\/tags?post=11267"}],"curies":[{"name":"wp","href":"https:\/\/api.w.org\/{rel}","templated":true}]}}