{"id":11408,"date":"2023-08-27T20:00:00","date_gmt":"2023-08-27T17:00:00","guid":{"rendered":"http:\/\/www.rukajarvensuunnanhistoriayhdistys.fi\/rukajarvikeskus\/?p=11408"},"modified":"2023-08-27T15:06:41","modified_gmt":"2023-08-27T12:06:41","slug":"tervetuloa-nayttelyn-avajaisiin-1-9-2023-klo-16-00","status":"publish","type":"post","link":"https:\/\/www.rukajarvensuunnanhistoriayhdistys.fi\/rukajarvikeskus\/tapahtumat\/tervetuloa-nayttelyn-avajaisiin-1-9-2023-klo-16-00\/","title":{"rendered":"Tervetuloa n\u00e4yttelyn avajaisiin 1.9.2023 klo 16.00"},"content":{"rendered":"<div class=\"fcbkbttn_buttons_block\" id=\"fcbkbttn_left\"><div class=\"fcbkbttn_like \"><fb:like href=\"https:\/\/www.rukajarvensuunnanhistoriayhdistys.fi\/rukajarvikeskus\/tapahtumat\/tervetuloa-nayttelyn-avajaisiin-1-9-2023-klo-16-00\/\" action=\"like\" colorscheme=\"light\" layout=\"button_count\"  size=\"small\"><\/fb:like><\/div><\/div>\n<p>Kiuruveden kulttuurikeskuksessa esill\u00e4 Rukaj\u00e4rven rintamataidetta<\/p>\n\n\n\n<p>N\u00e4yttelyn avaa perjantaina 1.9. klo 16.00 tilaisuudessa valtuuston pj.\u00a0Markku Siponen.<\/p>\n\n\n\n<figure class=\"wp-block-image size-large is-resized\"><a href=\"http:\/\/www.rukajarvensuunnanhistoriayhdistys.fi\/rukajarvikeskus\/wp-content\/uploads\/2023\/08\/Rukajarven-rintamataidetta-mainosta-Kiuruvesi.jpg\"><img loading=\"lazy\" decoding=\"async\" src=\"http:\/\/www.rukajarvensuunnanhistoriayhdistys.fi\/rukajarvikeskus\/wp-content\/uploads\/2023\/08\/Rukajarven-rintamataidetta-mainosta-Kiuruvesi-724x1024.jpg\" alt=\"\" class=\"wp-image-11409\" width=\"871\" height=\"1232\" srcset=\"https:\/\/www.rukajarvensuunnanhistoriayhdistys.fi\/rukajarvikeskus\/wp-content\/uploads\/2023\/08\/Rukajarven-rintamataidetta-mainosta-Kiuruvesi-724x1024.jpg 724w, https:\/\/www.rukajarvensuunnanhistoriayhdistys.fi\/rukajarvikeskus\/wp-content\/uploads\/2023\/08\/Rukajarven-rintamataidetta-mainosta-Kiuruvesi-212x300.jpg 212w, https:\/\/www.rukajarvensuunnanhistoriayhdistys.fi\/rukajarvikeskus\/wp-content\/uploads\/2023\/08\/Rukajarven-rintamataidetta-mainosta-Kiuruvesi-768x1087.jpg 768w, https:\/\/www.rukajarvensuunnanhistoriayhdistys.fi\/rukajarvikeskus\/wp-content\/uploads\/2023\/08\/Rukajarven-rintamataidetta-mainosta-Kiuruvesi-1085x1536.jpg 1085w, https:\/\/www.rukajarvensuunnanhistoriayhdistys.fi\/rukajarvikeskus\/wp-content\/uploads\/2023\/08\/Rukajarven-rintamataidetta-mainosta-Kiuruvesi-300x425.jpg 300w, https:\/\/www.rukajarvensuunnanhistoriayhdistys.fi\/rukajarvikeskus\/wp-content\/uploads\/2023\/08\/Rukajarven-rintamataidetta-mainosta-Kiuruvesi.jpg 1447w\" sizes=\"auto, (max-width: 871px) 100vw, 871px\" \/><\/a><\/figure>\n\n\n\n<p>Avajaisten j\u00e4lkeen esit\u00e4mme v. 2012 kuvatun\u00a0dokumentin &#8211;<\/p>\n\n\n\n<p>&#8221;Helvi Lonkila \u2013 lottana Rukaj\u00e4rvell\u00e4&#8221;. Se on ensiesitys. Dokumentin esittelee Seppo R\u00e4ih\u00e4.<\/p>\n\n\n\n<p>Aitojen teosten n\u00e4yttely on toistaiseksi laajin maassamme ja se on yksi Kiuruvesi 150-vuotisjuhlavuoden tapahtumista.<\/p>\n\n\n\n<p>N\u00e4yttely on esill\u00e4 Kiuruveden kulttuurikeskuksen n\u00e4yttelytilassa syyskuun 2023. N\u00e4yttely siirret\u00e4\u00e4n kulttuurikeskuksen toisen kerroksen n\u00e4yttelytilaan miss\u00e4 se on esill\u00e4 vuoden 2024. Vuonna 2024 tulee kuluneeksi 80 vuotta Jatkosodan p\u00e4\u00e4ttymisest\u00e4.<\/p>\n\n\n\n<p>Vapaa p\u00e4\u00e4sy &#8211; Tervetuloa<\/p>\n","protected":false},"excerpt":{"rendered":"<p>Kiuruveden kulttuurikeskuksessa esill\u00e4 Rukaj\u00e4rven rintamataidetta N\u00e4yttelyn avaa perjantaina 1.9. klo 16.00 tilaisuudessa valtuuston pj.\u00a0Markku Siponen. Avajaisten j\u00e4lkeen esit\u00e4mme v. 2012 kuvatun\u00a0dokumentin &#8211; &#8221;Helvi Lonkila \u2013 lottana Rukaj\u00e4rvell\u00e4&#8221;. Se on ensiesitys. <a class=\"more-link\" href=\"https:\/\/www.rukajarvensuunnanhistoriayhdistys.fi\/rukajarvikeskus\/tapahtumat\/tervetuloa-nayttelyn-avajaisiin-1-9-2023-klo-16-00\/\">Lue lis\u00e4\u00e4&#8230;<span class=\"screen-reader-text\">Tervetuloa n\u00e4yttelyn avajaisiin 1.9.2023 klo 16.00<\/span><span class=\"meta-nav\">\u2192<\/span><\/a><\/p>\n","protected":false},"author":4,"featured_media":0,"comment_status":"closed","ping_status":"open","sticky":false,"template":"","format":"standard","meta":{"ngg_post_thumbnail":0,"_jetpack_newsletter_access":"","_jetpack_dont_email_post_to_subs":false,"_jetpack_newsletter_tier_id":0,"_jetpack_memberships_contains_paywalled_content":false,"_jetpack_memberships_contains_paid_content":false,"footnotes":""},"categories":[26,32,15],"tags":[],"class_list":["post-11408","post","type-post","status-publish","format-standard","hentry","category-ajankohtaista","category-historiayhdistys","category-tapahtumat"],"jetpack_featured_media_url":"","jetpack_sharing_enabled":true,"jetpack_shortlink":"https:\/\/wp.me\/p72N2f-2Y0","_links":{"self":[{"href":"https:\/\/www.rukajarvensuunnanhistoriayhdistys.fi\/rukajarvikeskus\/wp-json\/wp\/v2\/posts\/11408","targetHints":{"allow":["GET"]}}],"collection":[{"href":"https:\/\/www.rukajarvensuunnanhistoriayhdistys.fi\/rukajarvikeskus\/wp-json\/wp\/v2\/posts"}],"about":[{"href":"https:\/\/www.rukajarvensuunnanhistoriayhdistys.fi\/rukajarvikeskus\/wp-json\/wp\/v2\/types\/post"}],"author":[{"embeddable":true,"href":"https:\/\/www.rukajarvensuunnanhistoriayhdistys.fi\/rukajarvikeskus\/wp-json\/wp\/v2\/users\/4"}],"replies":[{"embeddable":true,"href":"https:\/\/www.rukajarvensuunnanhistoriayhdistys.fi\/rukajarvikeskus\/wp-json\/wp\/v2\/comments?post=11408"}],"version-history":[{"count":2,"href":"https:\/\/www.rukajarvensuunnanhistoriayhdistys.fi\/rukajarvikeskus\/wp-json\/wp\/v2\/posts\/11408\/revisions"}],"predecessor-version":[{"id":11411,"href":"https:\/\/www.rukajarvensuunnanhistoriayhdistys.fi\/rukajarvikeskus\/wp-json\/wp\/v2\/posts\/11408\/revisions\/11411"}],"wp:attachment":[{"href":"https:\/\/www.rukajarvensuunnanhistoriayhdistys.fi\/rukajarvikeskus\/wp-json\/wp\/v2\/media?parent=11408"}],"wp:term":[{"taxonomy":"category","embeddable":true,"href":"https:\/\/www.rukajarvensuunnanhistoriayhdistys.fi\/rukajarvikeskus\/wp-json\/wp\/v2\/categories?post=11408"},{"taxonomy":"post_tag","embeddable":true,"href":"https:\/\/www.rukajarvensuunnanhistoriayhdistys.fi\/rukajarvikeskus\/wp-json\/wp\/v2\/tags?post=11408"}],"curies":[{"name":"wp","href":"https:\/\/api.w.org\/{rel}","templated":true}]}}