{"id":11415,"date":"2023-09-17T01:06:23","date_gmt":"2023-09-16T22:06:23","guid":{"rendered":"http:\/\/www.rukajarvensuunnanhistoriayhdistys.fi\/rukajarvikeskus\/?p=11415"},"modified":"2023-09-19T01:10:37","modified_gmt":"2023-09-18T22:10:37","slug":"rauhan-mies-veteraani-kunnallisneuvos-maunu-kankaanpaa-on-poissa","status":"publish","type":"post","link":"https:\/\/www.rukajarvensuunnanhistoriayhdistys.fi\/rukajarvikeskus\/tapahtumat\/rauhan-mies-veteraani-kunnallisneuvos-maunu-kankaanpaa-on-poissa\/","title":{"rendered":"Rauhan mies &#8211; veteraani kunnallisneuvos Maunu Kankaanp\u00e4\u00e4 on poissa"},"content":{"rendered":"<div class=\"fcbkbttn_buttons_block\" id=\"fcbkbttn_left\"><div class=\"fcbkbttn_like \"><fb:like href=\"https:\/\/www.rukajarvensuunnanhistoriayhdistys.fi\/rukajarvikeskus\/tapahtumat\/rauhan-mies-veteraani-kunnallisneuvos-maunu-kankaanpaa-on-poissa\/\" action=\"like\" colorscheme=\"light\" layout=\"button_count\"  size=\"small\"><\/fb:like><\/div><\/div>\n<p>Yhdistyksemme perustajaj\u00e4sen veteraani Maunu Kankaanp\u00e4\u00e4 kuoli t\u00e4n\u00e4\u00e4n 17.9.2023 pian 100 vuotta t\u00e4ytetty\u00e4\u00e4n. Maunu Kankaanp\u00e4\u00e4 oli syntynyt 11.5.1923. Maunu Kankaanp\u00e4\u00e4 toimi Vantaan opetustoimen apulaiskaupunginjohtajana, mist\u00e4 teht\u00e4v\u00e4st\u00e4 h\u00e4n j\u00e4i el\u00e4kkeelle. Kankaanp\u00e4\u00e4 ja Espoon opetustoimen johtaja Mauri Alasaari onnistuivat luomaan p\u00e4\u00e4kaupunkiseudulle rakentavan yhteisty\u00f6n avulla tuloksia, mik\u00e4 pantiin merkille valtion ylimm\u00e4ss\u00e4 johdossa.<\/p>\n\n\n\n<figure class=\"wp-block-image size-large\"><a href=\"http:\/\/www.rukajarvensuunnanhistoriayhdistys.fi\/historiayhdistys\/wp-content\/uploads\/2018\/05\/4-2-Maunu-Kankaanp\u00e4\u00e4-muistosanet-19-5-2018-H\u00e4nninen-TT.jpg\"><img decoding=\"async\" src=\"http:\/\/www.rukajarvensuunnanhistoriayhdistys.fi\/historiayhdistys\/wp-content\/uploads\/2018\/05\/4-2-Maunu-Kankaanp\u00e4\u00e4-muistosanet-19-5-2018-H\u00e4nninen-TT-1024x576.jpg\" alt=\"\" class=\"wp-image-12462\"\/><\/a><figcaption class=\"wp-element-caption\">Maunu Kankaanp\u00e4\u00e4 18.5.2018 Seppo H\u00e4nnisen muistotiliasuus Iisalmen Rukaj\u00e4rvi-keskus: Rohkea ja urhea sotilas osoittautui my\u00f6s inhimilliseksi  ja l\u00e4mminhenkiseksi ihmiseksi. Kuva TT.<\/figcaption><\/figure>\n\n\n\n<p>Maunu Kankaanp\u00e4\u00e4 osallistui yhdistyksemme toimintaan sen perustamisesta alkaen. H\u00e4n oli mukana Rukaj\u00e4rven tien avajaisissa, h\u00e4n osallistui mm. Rukaj\u00e4rvi-keskusten perustamisiin ja muihin yhdistyksemme j\u00e4rjest\u00e4miin juhliin. N\u00e4iss\u00e4 tilaisuuksissa monet toimittajat halusivat haastatella maltillista veteraania. Vuonna 2014 Lieksan kansalaisjuhlassa 70 vuotta Jatkosodan p\u00e4\u00e4ttymisest\u00e4 TV 2 taltioi Kankaanp\u00e4\u00e4n haastattelun. \u201dRauhan juna\u201d dokumenttiin voi tutustua <strong><a href=\"https:\/\/areena.yle.fi\/1-2380168\">T\u00c4\u00c4LT\u00c4<\/a>.<\/strong><\/p>\n\n\n\n<p>Rukaj\u00e4rven rintamalla Maunu Kankaanp\u00e4\u00e4 toimi 9.\/JR 10 komppanianp\u00e4\u00e4llik\u00f6n l\u00e4hetin teht\u00e4viss\u00e4. Kankaanp\u00e4\u00e4 osallistui Jatkosodan viimeiseen taisteluun, miss\u00e4 h\u00e4nen komppanianp\u00e4\u00e4llikk\u00f6ns\u00e4 Seppo H\u00e4nninen kaatui. Ruumis l\u00f6ytyi vasta vuonna 2018. Kankaanp\u00e4\u00e4 piti Iisalmen Rukaj\u00e4rvi-keskuksessa komppanianp\u00e4\u00e4llikk\u00f6ns\u00e4 muistotilaisuudessa 18.5.2018 esitelm\u00e4n: \u201dRohkea ja urhea sotilas osoittautui my\u00f6s inhimilliseksi&nbsp;ja l\u00e4mminhenkiseksi ihmiseksi.\u201d<\/p>\n\n\n\n<p>J\u00e4\u00e4mme kaipaamaan hyv\u00e4\u00e4 yst\u00e4v\u00e4\u00e4. Otamme osaa omaisten suruun.<\/p>\n\n\n\n<p>TJT<\/p>\n","protected":false},"excerpt":{"rendered":"<p>Yhdistyksemme perustajaj\u00e4sen veteraani Maunu Kankaanp\u00e4\u00e4 kuoli t\u00e4n\u00e4\u00e4n 17.9.2023 pian 100 vuotta t\u00e4ytetty\u00e4\u00e4n. Maunu Kankaanp\u00e4\u00e4 oli syntynyt 11.5.1923. Maunu Kankaanp\u00e4\u00e4 toimi Vantaan opetustoimen apulaiskaupunginjohtajana, mist\u00e4 teht\u00e4v\u00e4st\u00e4 h\u00e4n j\u00e4i el\u00e4kkeelle. Kankaanp\u00e4\u00e4 ja <a class=\"more-link\" href=\"https:\/\/www.rukajarvensuunnanhistoriayhdistys.fi\/rukajarvikeskus\/tapahtumat\/rauhan-mies-veteraani-kunnallisneuvos-maunu-kankaanpaa-on-poissa\/\">Lue lis\u00e4\u00e4&#8230;<span class=\"screen-reader-text\">Rauhan mies &#8211; veteraani kunnallisneuvos Maunu Kankaanp\u00e4\u00e4 on poissa<\/span><span class=\"meta-nav\">\u2192<\/span><\/a><\/p>\n","protected":false},"author":4,"featured_media":0,"comment_status":"closed","ping_status":"open","sticky":false,"template":"","format":"standard","meta":{"ngg_post_thumbnail":0,"_jetpack_newsletter_access":"","_jetpack_dont_email_post_to_subs":false,"_jetpack_newsletter_tier_id":0,"_jetpack_memberships_contains_paywalled_content":false,"_jetpack_memberships_contains_paid_content":false,"footnotes":""},"categories":[26,24,15],"tags":[],"class_list":["post-11415","post","type-post","status-publish","format-standard","hentry","category-ajankohtaista","category-muistokirjoitukset","category-tapahtumat"],"jetpack_featured_media_url":"","jetpack_sharing_enabled":true,"jetpack_shortlink":"https:\/\/wp.me\/p72N2f-2Y7","_links":{"self":[{"href":"https:\/\/www.rukajarvensuunnanhistoriayhdistys.fi\/rukajarvikeskus\/wp-json\/wp\/v2\/posts\/11415","targetHints":{"allow":["GET"]}}],"collection":[{"href":"https:\/\/www.rukajarvensuunnanhistoriayhdistys.fi\/rukajarvikeskus\/wp-json\/wp\/v2\/posts"}],"about":[{"href":"https:\/\/www.rukajarvensuunnanhistoriayhdistys.fi\/rukajarvikeskus\/wp-json\/wp\/v2\/types\/post"}],"author":[{"embeddable":true,"href":"https:\/\/www.rukajarvensuunnanhistoriayhdistys.fi\/rukajarvikeskus\/wp-json\/wp\/v2\/users\/4"}],"replies":[{"embeddable":true,"href":"https:\/\/www.rukajarvensuunnanhistoriayhdistys.fi\/rukajarvikeskus\/wp-json\/wp\/v2\/comments?post=11415"}],"version-history":[{"count":1,"href":"https:\/\/www.rukajarvensuunnanhistoriayhdistys.fi\/rukajarvikeskus\/wp-json\/wp\/v2\/posts\/11415\/revisions"}],"predecessor-version":[{"id":11416,"href":"https:\/\/www.rukajarvensuunnanhistoriayhdistys.fi\/rukajarvikeskus\/wp-json\/wp\/v2\/posts\/11415\/revisions\/11416"}],"wp:attachment":[{"href":"https:\/\/www.rukajarvensuunnanhistoriayhdistys.fi\/rukajarvikeskus\/wp-json\/wp\/v2\/media?parent=11415"}],"wp:term":[{"taxonomy":"category","embeddable":true,"href":"https:\/\/www.rukajarvensuunnanhistoriayhdistys.fi\/rukajarvikeskus\/wp-json\/wp\/v2\/categories?post=11415"},{"taxonomy":"post_tag","embeddable":true,"href":"https:\/\/www.rukajarvensuunnanhistoriayhdistys.fi\/rukajarvikeskus\/wp-json\/wp\/v2\/tags?post=11415"}],"curies":[{"name":"wp","href":"https:\/\/api.w.org\/{rel}","templated":true}]}}