{"id":11721,"date":"2024-07-24T23:18:12","date_gmt":"2024-07-24T20:18:12","guid":{"rendered":"http:\/\/www.rukajarvensuunnanhistoriayhdistys.fi\/rukajarvikeskus\/?p=11721"},"modified":"2024-09-06T17:45:43","modified_gmt":"2024-09-06T14:45:43","slug":"nyt-se-sitten-alkaa-kaaritaanpa-hihat-tahtaimessa-kansalaisjuhla-80-vuotta-aselevosta-5-9-2024-lieksa","status":"publish","type":"post","link":"https:\/\/www.rukajarvensuunnanhistoriayhdistys.fi\/rukajarvikeskus\/tapahtumat\/nyt-se-sitten-alkaa-kaaritaanpa-hihat-tahtaimessa-kansalaisjuhla-80-vuotta-aselevosta-5-9-2024-lieksa\/","title":{"rendered":"Nyt se sitten alkaa \u2013 k\u00e4\u00e4rit\u00e4\u00e4np\u00e4 hihat! &#8211; T\u00e4ht\u00e4imess\u00e4 kansalaisjuhla 80 vuotta aselevosta 5.9.2024 Lieksa"},"content":{"rendered":"<div class=\"fcbkbttn_buttons_block\" id=\"fcbkbttn_left\"><div class=\"fcbkbttn_like \"><fb:like href=\"https:\/\/www.rukajarvensuunnanhistoriayhdistys.fi\/rukajarvikeskus\/tapahtumat\/nyt-se-sitten-alkaa-kaaritaanpa-hihat-tahtaimessa-kansalaisjuhla-80-vuotta-aselevosta-5-9-2024-lieksa\/\" action=\"like\" colorscheme=\"light\" layout=\"button_count\"  size=\"small\"><\/fb:like><\/div><\/div>\n<p>Ensin j\u00e4rjest\u00e4mme mottitalkoot ja hankimme puita juhlajunalle \u2013 entiseen vanhaan malliin. Jokainen voi toimittaa puita Lieksan rautatieaseman k\u00e4\u00e4nt\u00f6p\u00f6yd\u00e4n viereen tai sitten suoraan Nurmekseen H\u00f6yryraide Oy:n veturitalleille.<\/p>\n\n\n\n<figure class=\"wp-block-image size-full is-resized\"><a href=\"http:\/\/www.rukajarvensuunnanhistoriayhdistys.fi\/historiayhdistys\/wp-content\/uploads\/2024\/07\/Nurmes-Veturitalli.jpg\"><img decoding=\"async\" src=\"http:\/\/www.rukajarvensuunnanhistoriayhdistys.fi\/historiayhdistys\/wp-content\/uploads\/2024\/07\/Nurmes-Veturitalli.jpg\" alt=\"\" class=\"wp-image-15713\" style=\"width:834px;height:auto\"\/><\/a><\/figure>\n\n\n\n<p><em>Nurmeksen veturitallit l\u00f6ytyv\u00e4t Kirkkokadun ja Salmenkadun risteyksess\u00e4 on viitta \u201dVeturitallit. Paikalle on asetettu viitta \u201dMottitalkoot\u201d.<\/em><\/p>\n\n\n\n<figure class=\"wp-block-image size-full\"><a href=\"http:\/\/www.rukajarvensuunnanhistoriayhdistys.fi\/historiayhdistys\/wp-content\/uploads\/2024\/07\/Lieksa-veturin-kaantopoyta-1.jpg\"><img decoding=\"async\" src=\"http:\/\/www.rukajarvensuunnanhistoriayhdistys.fi\/historiayhdistys\/wp-content\/uploads\/2024\/07\/Lieksa-veturin-kaantopoyta-1.jpg\" alt=\"\" class=\"wp-image-15714\"\/><\/a><\/figure>\n\n\n\n<p><em>Lieksassa vastaava viitta l\u00f6ytyy, kun ajaa rautatieasemalta radan vartta pohjoisen suuntaan veturien k\u00e4\u00e4nt\u00f6p\u00f6yd\u00e4n tienoille.<\/em><\/p>\n\n\n\n<figure class=\"wp-block-image size-full is-resized\"><a href=\"http:\/\/www.rukajarvensuunnanhistoriayhdistys.fi\/historiayhdistys\/wp-content\/uploads\/2024\/07\/Mottitalkoot-kyltti-5-9-2024-1.jpg\"><img decoding=\"async\" src=\"http:\/\/www.rukajarvensuunnanhistoriayhdistys.fi\/historiayhdistys\/wp-content\/uploads\/2024\/07\/Mottitalkoot-kyltti-5-9-2024-1.jpg\" alt=\"\" class=\"wp-image-15716\" style=\"width:840px;height:auto\"\/><\/a><\/figure>\n\n\n\n<p><strong>Vuoden 2014 \u201dMottitalkoo\u201d -juttuihin p\u00e4\u00e4set tutustumaan<\/strong>:<\/p>\n\n\n\n<ul class=\"wp-block-list\">\n<li>Maakunnat puhaltavat yhteiseen hiileen &#8211; <a href=\"https:\/\/www.rukajarvensuunnanhistoriayhdistys.fi\/historiayhdistys\/maakunnat-puhaltavat-yhteiseen-hiileen-laaksomiehen-hoyryveturien-turvin-kansalaisjuhla-lahestyy\/\"><strong>T\u00c4\u00c4LT\u00c4<\/strong><\/a>: Ja lis\u00e4ksi:<\/li>\n<\/ul>\n\n\n\n<ul class=\"wp-block-list\">\n<li>Ponsse vauhdittaa &#8211; <strong><a href=\"https:\/\/www.rukajarvensuunnanhistoriayhdistys.fi\/historiayhdistys\/ponsse-oyj-vauhdittamaan-kansalaisjuhlan-jarjestamista\/\">T\u00c4\u00c4LT\u00c4<\/a><\/strong>:<\/li>\n\n\n\n<li>Lieksan MTK-tuli apuun &#8211; <strong><a href=\"https:\/\/www.rukajarvensuunnanhistoriayhdistys.fi\/historiayhdistys\/lieksan-mtkn-yhdistys-kaynnisti-lieksan-mottitalkoot\/\">T\u00c4\u00c4LT\u00c4<\/a><\/strong>:<\/li>\n\n\n\n<li>Juuka johtaa mottitalkoissa &#8211; <strong><a href=\"https:\/\/www.rukajarvensuunnanhistoriayhdistys.fi\/rukajarvikeskus\/ajankohtaista\/juuka-johtaa-mottitalkoita-iisalmi-kiri-kakkoseksi-rinnanmitalla\/\">T\u00c4\u00c4LT\u00c4<\/a><\/strong>:<\/li>\n<\/ul>\n\n\n\n<figure class=\"wp-block-image size-large\"><a href=\"http:\/\/www.rukajarvensuunnanhistoriayhdistys.fi\/historiayhdistys\/wp-content\/uploads\/2014\/09\/Kiuruvesi-4-9-2014-vesitys-2.jpg\"><img decoding=\"async\" src=\"http:\/\/www.rukajarvensuunnanhistoriayhdistys.fi\/historiayhdistys\/wp-content\/uploads\/2014\/09\/Kiuruvesi-4-9-2014-vesitys-2-1024x723.jpg\" alt=\"\" class=\"wp-image-944\"\/><\/a><figcaption class=\"wp-element-caption\"><em>Tapani Laaksomies vesitt\u00e4\u00e4 Juhlajunan perinteisin menoin Kiuruvedell\u00e4. Vesit\u00e4ytt\u00f6 &#8221;viskurilla&#8221;. Kuva Antero Huttunen 4.9.2014.<\/em><\/figcaption><\/figure>\n\n\n\n<p>J\u00e4rjestet\u00e4\u00e4n veteraaneille kunnon h\u00f6yryjunamatka. H\u00f6yryjunayritt\u00e4j\u00e4 Tapani Laaksomies on mukana talkooperiaatteella.<\/p>\n\n\n\n<p>Kiitos avustanne<\/p>\n\n\n\n<p><strong>Jatkamme v\u00e4litt\u00f6m\u00e4sti Lieksan aseman korjauksella<\/strong><\/p>\n\n\n\n<p>Lieksan rautatieasema on p\u00e4\u00e4ssyt hiukan rapistumaan. Aseman ja sen piha-alueen talkoot k\u00e4ynnistyv\u00e4t 3.8.2024 klo 9.00.<\/p>\n\n\n\n<p>Tarkoituksemme on ennen 5.9.2024 <strong>Kansalaisjuhlaa \u201d80 vuotta aselevosta\u201d<\/strong> maalata aseman radan puoleinen sein\u00e4 ja etel\u00e4inen p\u00e4\u00e4ty. Lahot ikkunat uusitaan samalla.<\/p>\n\n\n\n<p>Mik\u00e4li porukkaa on, jaamme t\u00f6it\u00e4. Ensin poistetaan Irtonaiset maalit, mink\u00e4 j\u00e4lkeen suoritamme pohjamaalauksen ja lopuksi suoritamme pintamaalauksen.<\/p>\n\n\n\n<p>Rukaj\u00e4rvi-keskuksen eli Asemamakasiinin jalkalistojen osalta suoritetaan tarvittavaa paikkamaalausta.<\/p>\n\n\n\n<p><strong>Aseman pihan ja puiston alueen kunnostus<\/strong><\/p>\n\n\n\n<p>Mik\u00e4li v\u00e4ke\u00e4 on riitt\u00e4v\u00e4sti, my\u00f6s piha-alue siivotaan. Kaikki irtopuut vied\u00e4\u00e4n puunker\u00e4ykseen ja nurmikko leikataan my\u00f6s aseman viereisilt\u00e4 tonteilta. T\u00e4t\u00e4 varten tarvitaan ty\u00f6kaluja, lapio, lehtiharavia ja my\u00f6s per\u00e4k\u00e4rry, mik\u00e4li jollakin olisi sellainen k\u00e4ytett\u00e4viss\u00e4.<\/p>\n\n\n\n<p><strong>N\u00e4yttelyitten pystytt\u00e4minen<\/strong><\/p>\n\n\n\n<p>Mik\u00e4li sattuu sateinen s\u00e4\u00e4, ryhdymme v\u00e4litt\u00f6m\u00e4sti aseman uuden n\u00e4yttelyn pystytyst\u00f6ihin. Siin\u00e4kin riitt\u00e4\u00e4 monelle tekemist\u00e4.<\/p>\n\n\n\n<p><strong>Tarjoilusta<\/strong><\/p>\n\n\n\n<p>Huolehdimme normaalik\u00e4yt\u00e4nn\u00f6n mukaan talkoomiesten ruokailusta ja my\u00f6s kahvituksesta. Ja emme unohda my\u00f6sk\u00e4\u00e4n talkooty\u00f6h\u00f6n itsest\u00e4\u00e4n kuuluvasta sosiaalisesta vapaasta keskustelusta.<\/p>\n\n\n\n<p><strong>Kutsumme talkoisiin my\u00f6s p\u00e4\u00e4tt\u00e4j\u00e4t<\/strong><\/p>\n\n\n\n<p>Niin ja mik\u00e4 t\u00e4rkeint\u00e4. T\u00e4m\u00e4 kutsu on toimitettu kaikille Pielisen-Karjalan valtuutetuille sek\u00e4 Savo-Karjalan kansanedustajille. Ty\u00f6t\u00e4 riitt\u00e4\u00e4 kaikille. Yhdistys omistaa Lieksan asemalla 788 neli\u00f6t\u00e4 n\u00e4yttelytiloja ja hehtaarin tontin.<\/p>\n\n\n\n<p>T\u00e4t\u00e4 viesti\u00e4 voi jakaa.<\/p>\n\n\n\n<p>Tervetuloa<\/p>\n\n\n\n<p>Lis\u00e4tietoa talkoista ja ilmoittautuminen: Tenho Tikkanen \u2013 puh. 040-540 8045, ilmoittautuminen mieluiten s\u00e4hk\u00f6postilla: tenho.tikkanen@gmail.com<\/p>\n","protected":false},"excerpt":{"rendered":"<p>Ensin j\u00e4rjest\u00e4mme mottitalkoot ja hankimme puita juhlajunalle \u2013 entiseen vanhaan malliin. Jokainen voi toimittaa puita Lieksan rautatieaseman k\u00e4\u00e4nt\u00f6p\u00f6yd\u00e4n viereen tai sitten suoraan Nurmekseen H\u00f6yryraide Oy:n veturitalleille. Nurmeksen veturitallit l\u00f6ytyv\u00e4t Kirkkokadun <a class=\"more-link\" href=\"https:\/\/www.rukajarvensuunnanhistoriayhdistys.fi\/rukajarvikeskus\/tapahtumat\/nyt-se-sitten-alkaa-kaaritaanpa-hihat-tahtaimessa-kansalaisjuhla-80-vuotta-aselevosta-5-9-2024-lieksa\/\">Lue lis\u00e4\u00e4&#8230;<span class=\"screen-reader-text\">Nyt se sitten alkaa \u2013 k\u00e4\u00e4rit\u00e4\u00e4np\u00e4 hihat! &#8211; T\u00e4ht\u00e4imess\u00e4 kansalaisjuhla 80 vuotta aselevosta 5.9.2024 Lieksa<\/span><span class=\"meta-nav\">\u2192<\/span><\/a><\/p>\n","protected":false},"author":4,"featured_media":2537,"comment_status":"closed","ping_status":"open","sticky":false,"template":"","format":"standard","meta":{"ngg_post_thumbnail":0,"_jetpack_newsletter_access":"","_jetpack_dont_email_post_to_subs":false,"_jetpack_newsletter_tier_id":0,"_jetpack_memberships_contains_paywalled_content":false,"_jetpack_memberships_contains_paid_content":false,"footnotes":""},"categories":[26,32,15],"tags":[],"class_list":["post-11721","post","type-post","status-publish","format-standard","has-post-thumbnail","hentry","category-ajankohtaista","category-historiayhdistys","category-tapahtumat"],"jetpack_featured_media_url":"https:\/\/www.rukajarvensuunnanhistoriayhdistys.fi\/rukajarvikeskus\/wp-content\/uploads\/2016\/11\/S6200040-Lieksan-asema-scaled.jpg","jetpack_sharing_enabled":true,"jetpack_shortlink":"https:\/\/wp.me\/p72N2f-333","_links":{"self":[{"href":"https:\/\/www.rukajarvensuunnanhistoriayhdistys.fi\/rukajarvikeskus\/wp-json\/wp\/v2\/posts\/11721","targetHints":{"allow":["GET"]}}],"collection":[{"href":"https:\/\/www.rukajarvensuunnanhistoriayhdistys.fi\/rukajarvikeskus\/wp-json\/wp\/v2\/posts"}],"about":[{"href":"https:\/\/www.rukajarvensuunnanhistoriayhdistys.fi\/rukajarvikeskus\/wp-json\/wp\/v2\/types\/post"}],"author":[{"embeddable":true,"href":"https:\/\/www.rukajarvensuunnanhistoriayhdistys.fi\/rukajarvikeskus\/wp-json\/wp\/v2\/users\/4"}],"replies":[{"embeddable":true,"href":"https:\/\/www.rukajarvensuunnanhistoriayhdistys.fi\/rukajarvikeskus\/wp-json\/wp\/v2\/comments?post=11721"}],"version-history":[{"count":2,"href":"https:\/\/www.rukajarvensuunnanhistoriayhdistys.fi\/rukajarvikeskus\/wp-json\/wp\/v2\/posts\/11721\/revisions"}],"predecessor-version":[{"id":11723,"href":"https:\/\/www.rukajarvensuunnanhistoriayhdistys.fi\/rukajarvikeskus\/wp-json\/wp\/v2\/posts\/11721\/revisions\/11723"}],"wp:featuredmedia":[{"embeddable":true,"href":"https:\/\/www.rukajarvensuunnanhistoriayhdistys.fi\/rukajarvikeskus\/wp-json\/wp\/v2\/media\/2537"}],"wp:attachment":[{"href":"https:\/\/www.rukajarvensuunnanhistoriayhdistys.fi\/rukajarvikeskus\/wp-json\/wp\/v2\/media?parent=11721"}],"wp:term":[{"taxonomy":"category","embeddable":true,"href":"https:\/\/www.rukajarvensuunnanhistoriayhdistys.fi\/rukajarvikeskus\/wp-json\/wp\/v2\/categories?post=11721"},{"taxonomy":"post_tag","embeddable":true,"href":"https:\/\/www.rukajarvensuunnanhistoriayhdistys.fi\/rukajarvikeskus\/wp-json\/wp\/v2\/tags?post=11721"}],"curies":[{"name":"wp","href":"https:\/\/api.w.org\/{rel}","templated":true}]}}