{"id":11770,"date":"2024-08-27T20:09:17","date_gmt":"2024-08-27T17:09:17","guid":{"rendered":"http:\/\/www.rukajarvensuunnanhistoriayhdistys.fi\/rukajarvikeskus\/?p=11770"},"modified":"2024-09-25T23:21:16","modified_gmt":"2024-09-25T20:21:16","slug":"taman-paivan-talkoissa-arvovaltaisia-vieraita","status":"publish","type":"post","link":"https:\/\/www.rukajarvensuunnanhistoriayhdistys.fi\/rukajarvikeskus\/tapahtumat\/taman-paivan-talkoissa-arvovaltaisia-vieraita\/","title":{"rendered":"T\u00c4M\u00c4N P\u00c4IV\u00c4N TALKOISSA ARVOVALTAISIA VIERAITA"},"content":{"rendered":"<div class=\"fcbkbttn_buttons_block\" id=\"fcbkbttn_left\"><div class=\"fcbkbttn_like \"><fb:like href=\"https:\/\/www.rukajarvensuunnanhistoriayhdistys.fi\/rukajarvikeskus\/tapahtumat\/taman-paivan-talkoissa-arvovaltaisia-vieraita\/\" action=\"like\" colorscheme=\"light\" layout=\"button_count\"  size=\"small\"><\/fb:like><\/div><\/div>\n<p>Lieksan asemarakennuksen kunnostustalkoot saivat t\u00e4n\u00e4\u00e4n arvovaltaisen vierailijan, kun paikalle saapui kenraalimajuri&nbsp;<strong><em>Erkki Johannes Raappanan<\/em><\/strong>&nbsp;(2.6.1893 -14.9.1962) pojantyt\u00e4r&nbsp;<strong>Tuulikki Bjurstr\u00f6m&nbsp;<\/strong>pystytt\u00e4m\u00e4\u00e4n juna-asemalle pysyv\u00e4ksi j\u00e4\u00e4v\u00e4\u00e4 rintamataidekokoelman\u00e4yttely\u00e4 yhdess\u00e4 lieksalaisten&nbsp;<strong><em>Jatta Kettusen<\/em><\/strong>&nbsp;ja&nbsp;<strong><em>Ritva Kilpel\u00e4isen<\/em><\/strong>&nbsp;kanssa.&nbsp;N\u00e4yttely on maamme laajin rintamataiden\u00e4yttely ja on siksi merkitt\u00e4v\u00e4 osa Suomen sotahistoriaa. Lieksaan n\u00e4yttely siirtyi Kiuruveden Kulttuurikeskuksesta.<\/p>\n\n\n\n<p>&#8211; Rintamamiestaide on minulle tuttu alue. Rintamalla tehtiin paljon taidetta, vaikkei ehk\u00e4 aivan \u00e4kkiselt\u00e4\u00e4n uskoisi, Tuulikki Bjurstr\u00f6m tiet\u00e4\u00e4.<\/p>\n\n\n\n<p>Tuulikki Bjurstr\u00f6m yll\u00e4pit\u00e4\u00e4 ja vastaa ukkinsa komentaja E.J Raappanan Liperin kunnan Vaivion kyl\u00e4ss\u00e4 sijaitsevan kodin huollosta, miss\u00e4 henkii h\u00e4nen ukkinsa E.J. Raappanan luoma <a href=\"http:\/\/www.rukajarvensuunnanhistoriayhdistys.fi\/historiayhdistys\/wp-content\/uploads\/2024\/08\/Honkaisten-pirttien-henki-8-12-2020-2-lahdetta.pdf\"><strong>\u201dHonkaisten pirttien henki\u201d<\/strong><\/a>. Lieksan asemaan tutustui my\u00f6s Tuulikin Suomen pystykorva-koira.<\/p>\n\n\n\n<p>Kuvat j\u00e4\u00e4k\u00e4rikenraalimajuri E.J Raappanasta ovat osa asemarakennuksen n\u00e4yttely\u00e4.<\/p>\n\n\n\n<figure class=\"wp-block-image size-full is-resized\"><a href=\"http:\/\/www.rukajarvensuunnanhistoriayhdistys.fi\/historiayhdistys\/wp-content\/uploads\/2024\/08\/Tuulikki-Bjurstrom-Ritva-Kilpelainen-Juha-Lavonen-27-8-2024.jpeg\"><img decoding=\"async\" src=\"http:\/\/www.rukajarvensuunnanhistoriayhdistys.fi\/historiayhdistys\/wp-content\/uploads\/2024\/08\/Tuulikki-Bjurstrom-Ritva-Kilpelainen-Juha-Lavonen-27-8-2024.jpeg\" alt=\"\" class=\"wp-image-15818\" style=\"width:838px;height:auto\"\/><\/a><\/figure>\n\n\n\n<p><em>Kenraalimajuri E.J Raappanan lapsenlapsi Tuulikki Bjurstr\u00f6m k\u00e4y yhdess\u00e4 lieksalaisen Ritva Kilpel\u00e4isen l\u00e4pi asemarakennukseen pysyv\u00e4ksi n\u00e4yttelyksi pystytett\u00e4v\u00e4n n\u00e4yttelyn tarjontaa.<\/em><\/p>\n\n\n\n<figure class=\"wp-block-image size-full is-resized\"><a href=\"http:\/\/www.rukajarvensuunnanhistoriayhdistys.fi\/historiayhdistys\/wp-content\/uploads\/2024\/08\/Talkoot-27-8-2024-Tuulikki-Bjurstrom.jpeg\"><img decoding=\"async\" src=\"http:\/\/www.rukajarvensuunnanhistoriayhdistys.fi\/historiayhdistys\/wp-content\/uploads\/2024\/08\/Talkoot-27-8-2024-Tuulikki-Bjurstrom.jpeg\" alt=\"\" class=\"wp-image-15819\" style=\"width:837px;height:auto\"\/><\/a><\/figure>\n\n\n\n<p><em>(Vas.) Kyllikki V\u00e4nsk\u00e4, Tuulikki Bjurstr\u00f6m, Ritva Kilpel\u00e4inen, Ilma Vihonen, Jatta Kettunen ja Ritva Malinen. <\/em><\/p>\n\n\n\n<p>Muun n\u00e4yttelyesineist\u00f6n ohessa suurin osa Lieksan asemalle pystytett\u00e4v\u00e4n n\u00e4yttelyn tauluista on yl\u00e4savolaisten taiteilijoitten t\u00f6it\u00e4. Taiteilijoista voisi mainita ainakin&nbsp;<strong>Kalle Halosen<\/strong>,&nbsp;<strong>Erkki Matilaisen<\/strong>&nbsp;ja tietysti tuotteliaimman sein\u00e4jokisen&nbsp;<strong>Toivo Jutilan<\/strong>. Mukana on my\u00f6s yksi&nbsp;<strong>Helga Sonckin<\/strong>&nbsp;ty\u00f6, sek\u00e4 teosharvinaisuus&nbsp;<strong>Iljan Repinin<\/strong>&nbsp;kodin ty\u00f6, jonka alkuper\u00e4st\u00e4 ei ole t\u00e4ytt\u00e4 varmuutta, mutta joka teoksena on joka tapauksessa poikkeuksellinen.&nbsp;<\/p>\n\n\n\n<p>Korpikenraalinakin tunnettu Erkki Johannes Raappana oli suomalainen j\u00e4\u00e4k\u00e4rikenraalimajuri, joka johti Rukaj\u00e4rven suunnan taisteluita jatkosodassa. Voitettuaan vihollisen joukot Ilomantsissa Raappana palasi jo 12.8.1944 johtamaan Rukaj\u00e4rven suunnalla riehuvia taisteluita.<\/p>\n\n\n\n<p>Harvempi tuntee sit\u00e4, ett\u00e4 jatkosodan viimeisin taistelu k\u00e4ytiin Rukaj\u00e4rven suunnalla 16.8.1944. Taistelu, jonka tavoitteena oli rintamalinjojen murtaminen. Raappanan ansioista puhuttaessa t\u00e4m\u00e4 taistelu l\u00e4hes poikkeuksetta unohdetaan.<\/p>\n\n\n\n<p>Teksti ja kuvat: Juha Heinonen-Lavonen.<\/p>\n","protected":false},"excerpt":{"rendered":"<p>Lieksan asemarakennuksen kunnostustalkoot saivat t\u00e4n\u00e4\u00e4n arvovaltaisen vierailijan, kun paikalle saapui kenraalimajuri&nbsp;Erkki Johannes Raappanan&nbsp;(2.6.1893 -14.9.1962) pojantyt\u00e4r&nbsp;Tuulikki Bjurstr\u00f6m&nbsp;pystytt\u00e4m\u00e4\u00e4n juna-asemalle pysyv\u00e4ksi j\u00e4\u00e4v\u00e4\u00e4 rintamataidekokoelman\u00e4yttely\u00e4 yhdess\u00e4 lieksalaisten&nbsp;Jatta Kettusen&nbsp;ja&nbsp;Ritva Kilpel\u00e4isen&nbsp;kanssa.&nbsp;N\u00e4yttely on maamme laajin rintamataiden\u00e4yttely ja on <a class=\"more-link\" href=\"https:\/\/www.rukajarvensuunnanhistoriayhdistys.fi\/rukajarvikeskus\/tapahtumat\/taman-paivan-talkoissa-arvovaltaisia-vieraita\/\">Lue lis\u00e4\u00e4&#8230;<span class=\"screen-reader-text\">T\u00c4M\u00c4N P\u00c4IV\u00c4N TALKOISSA ARVOVALTAISIA VIERAITA<\/span><span class=\"meta-nav\">\u2192<\/span><\/a><\/p>\n","protected":false},"author":4,"featured_media":0,"comment_status":"closed","ping_status":"open","sticky":false,"template":"","format":"standard","meta":{"ngg_post_thumbnail":0,"_jetpack_newsletter_access":"","_jetpack_dont_email_post_to_subs":false,"_jetpack_newsletter_tier_id":0,"_jetpack_memberships_contains_paywalled_content":false,"_jetpack_memberships_contains_paid_content":false,"footnotes":""},"categories":[26,32,15],"tags":[],"class_list":["post-11770","post","type-post","status-publish","format-standard","hentry","category-ajankohtaista","category-historiayhdistys","category-tapahtumat"],"jetpack_featured_media_url":"","jetpack_sharing_enabled":true,"jetpack_shortlink":"https:\/\/wp.me\/p72N2f-33Q","_links":{"self":[{"href":"https:\/\/www.rukajarvensuunnanhistoriayhdistys.fi\/rukajarvikeskus\/wp-json\/wp\/v2\/posts\/11770","targetHints":{"allow":["GET"]}}],"collection":[{"href":"https:\/\/www.rukajarvensuunnanhistoriayhdistys.fi\/rukajarvikeskus\/wp-json\/wp\/v2\/posts"}],"about":[{"href":"https:\/\/www.rukajarvensuunnanhistoriayhdistys.fi\/rukajarvikeskus\/wp-json\/wp\/v2\/types\/post"}],"author":[{"embeddable":true,"href":"https:\/\/www.rukajarvensuunnanhistoriayhdistys.fi\/rukajarvikeskus\/wp-json\/wp\/v2\/users\/4"}],"replies":[{"embeddable":true,"href":"https:\/\/www.rukajarvensuunnanhistoriayhdistys.fi\/rukajarvikeskus\/wp-json\/wp\/v2\/comments?post=11770"}],"version-history":[{"count":4,"href":"https:\/\/www.rukajarvensuunnanhistoriayhdistys.fi\/rukajarvikeskus\/wp-json\/wp\/v2\/posts\/11770\/revisions"}],"predecessor-version":[{"id":11814,"href":"https:\/\/www.rukajarvensuunnanhistoriayhdistys.fi\/rukajarvikeskus\/wp-json\/wp\/v2\/posts\/11770\/revisions\/11814"}],"wp:attachment":[{"href":"https:\/\/www.rukajarvensuunnanhistoriayhdistys.fi\/rukajarvikeskus\/wp-json\/wp\/v2\/media?parent=11770"}],"wp:term":[{"taxonomy":"category","embeddable":true,"href":"https:\/\/www.rukajarvensuunnanhistoriayhdistys.fi\/rukajarvikeskus\/wp-json\/wp\/v2\/categories?post=11770"},{"taxonomy":"post_tag","embeddable":true,"href":"https:\/\/www.rukajarvensuunnanhistoriayhdistys.fi\/rukajarvikeskus\/wp-json\/wp\/v2\/tags?post=11770"}],"curies":[{"name":"wp","href":"https:\/\/api.w.org\/{rel}","templated":true}]}}