{"id":11838,"date":"2024-11-09T18:19:11","date_gmt":"2024-11-09T15:19:11","guid":{"rendered":"http:\/\/www.rukajarvensuunnanhistoriayhdistys.fi\/rukajarvikeskus\/?p=11838"},"modified":"2024-11-11T00:00:02","modified_gmt":"2024-11-10T21:00:02","slug":"isan-paivan-mietteita-kiitos-talkoolaisille","status":"publish","type":"post","link":"https:\/\/www.rukajarvensuunnanhistoriayhdistys.fi\/rukajarvikeskus\/tapahtumat\/isan-paivan-mietteita-kiitos-talkoolaisille\/","title":{"rendered":"Is\u00e4n p\u00e4iv\u00e4n mietteit\u00e4 \u2013 Kiitos talkoolaisille"},"content":{"rendered":"<div class=\"fcbkbttn_buttons_block\" id=\"fcbkbttn_left\"><div class=\"fcbkbttn_like \"><fb:like href=\"https:\/\/www.rukajarvensuunnanhistoriayhdistys.fi\/rukajarvikeskus\/tapahtumat\/isan-paivan-mietteita-kiitos-talkoolaisille\/\" action=\"like\" colorscheme=\"light\" layout=\"button_count\"  size=\"small\"><\/fb:like><\/div><\/div>\n<p>T\u00e4n\u00e4 is\u00e4np\u00e4iv\u00e4n\u00e4 on erityinen syy kiitollisuuteen. Lieksan rautatieaseman s\u00e4ilyminen j\u00e4lkipolville on todiste siit\u00e4, mit\u00e4 yhteisty\u00f6, sitoutuminen ja rakkaus kotiseutuun saavat aikaan. Talkoovoimin pelastimme aseman ja sen ymp\u00e4rist\u00f6n, osoittaen, ett\u00e4 historia voi kukoistaa ja kertoa tarinaansa my\u00f6s t\u00e4n\u00e4 p\u00e4iv\u00e4n\u00e4. Nyt on pelastettu asemanseutuun kuuluvat kaikki Museoviraston suojelun piiriss\u00e4 olevat rakennukset kellaria my\u00f6ten.<\/p>\n\n\n\n<p>Asemarakennuksen kunnostus vaati voimia ja uskoa \u2013 uskoa, joka kantaa kulttuuriperint\u00f6\u00e4mme tuleville sukupolville. Kunnioitamme menneit\u00e4 polvia, erityisesti heit\u00e4, jotka ovat el\u00e4neet maamme vaikeimmat ajat. T\u00e4m\u00e4 perint\u00f6 el\u00e4\u00e4 my\u00f6s oman perheeni tarinoissa: is\u00e4ni haavoittui jo Talvisodassa karkausp\u00e4iv\u00e4n\u00e4 1940 jo ennen kuin h\u00e4n kulki Lieksan kautta Jatkosodan rintamalle. Nyt my\u00f6s min\u00e4 haluan omalla tavallani selvitt\u00e4\u00e4 historiatietoa ja vaalia sek\u00e4 siirt\u00e4\u00e4 n\u00e4it\u00e4 muistoja eteenp\u00e4in.<\/p>\n\n\n\n<p>Kiit\u00e4n kaikkia, jotka ovat antaneet aikaansa ja syd\u00e4mens\u00e4 t\u00e4m\u00e4n ty\u00f6n toteuttamiseen. Ilman teid\u00e4n tukeanne ja yhteisty\u00f6t\u00e4 Lieksan rautatieasema ei olisi el\u00e4v\u00e4 osa t\u00e4m\u00e4n p\u00e4iv\u00e4n Lieksaa.<\/p>\n\n\n\n<p>T\u00e4m\u00e4 projekti on osoitus siit\u00e4, mit\u00e4 talkoohenki parhaimmillaan merkitsee \u2013 yhteis\u00f6llisyytt\u00e4 ja vastuuta perinteest\u00e4. Lieksan asemasta sen kulttuurity\u00f6st\u00e4 tullaan viel\u00e4 kuulemaan.<\/p>\n\n\n\n<p>Kiit\u00e4n my\u00f6s perhett\u00e4ni, joka on seisonut rinnallamme. Kiit\u00e4n kaikkia, hyv\u00e4 ihminen rakentaa vahvan perustan ymp\u00e4rilleen \u2013 muistakaamme t\u00e4m\u00e4 is\u00e4np\u00e4iv\u00e4n\u00e4.<\/p>\n\n\n\n<p>Toivotan kaikille isille ja perheille hyv\u00e4\u00e4 ja l\u00e4mminhenkist\u00e4 is\u00e4np\u00e4iv\u00e4\u00e4!<\/p>\n\n\n\n<p><strong>Lieksan Rautatieaseman talkooporukan puolesta<\/strong><\/p>\n\n\n\n<p><strong>Tenho Tikkanen, RSHYry. puheenjohtaja<\/strong><\/p>\n\n\n\n<figure class=\"wp-block-image size-full is-resized\"><a href=\"http:\/\/www.rukajarvensuunnanhistoriayhdistys.fi\/historiayhdistys\/wp-content\/uploads\/2024\/11\/Hanne-Tuovinen-maalaa-5-9-2024.jpg\"><img decoding=\"async\" src=\"http:\/\/www.rukajarvensuunnanhistoriayhdistys.fi\/historiayhdistys\/wp-content\/uploads\/2024\/11\/Hanne-Tuovinen-maalaa-5-9-2024.jpg\" alt=\"\" class=\"wp-image-15990\" style=\"width:840px;height:auto\"\/><\/a><\/figure>\n\n\n\n<p><em>Yksi talkoolaisista veteraani Hannes Tuovinen. Kiitos.<\/em><\/p>\n\n\n\n<p><a href=\"https:\/\/www.rukajarvensuunnanhistoriayhdistys.fi\/historiayhdistys\/valtiovalta-ilmaisi-tukea-lieksalle-80-vuotta-aselevosta-juhlassa-5-9-2024\/\"><strong>Ja nyt Juhla 80 vuotta aselevosta &#8211; Valtiovalta ilmaisi tukea Lieksalle \u2013 80 vuotta aselevosta juhlassa 5.9.2024<\/strong><\/a><\/p>\n\n\n\n<p><strong><a href=\"https:\/\/www.rukajarvensuunnanhistoriayhdistys.fi\/historiayhdistys\/oma-tupa-oma-lupa\/\">Oma tupa oma lupa 29.11.2016<\/a>:<\/strong><\/p>\n\n\n\n<p><strong><a href=\"https:\/\/www.rukajarvensuunnanhistoriayhdistys.fi\/historiayhdistys\/jukolan-motissa-avajaiset-30-11-2014-klo-11-00\/\">Jukolan Motissa avajaiset 30.11.2014 klo 11.00<\/a>:<\/strong><\/p>\n\n\n\n<p><strong><a href=\"https:\/\/www.rukajarvensuunnanhistoriayhdistys.fi\/historiayhdistys\/onnistunut-kansanjuhla-saakin-suosi\/\">Onnistunut kansanjuhla \u2013 s\u00e4\u00e4kin suosi 5.9.2014:<\/a><\/strong><\/p>\n\n\n\n<p><strong><a href=\"https:\/\/www.rukajarvensuunnanhistoriayhdistys.fi\/historiayhdistys\/nyt-se-valmis\/\">Nyt se on valmis 31.7.2014<\/a>:<\/strong><\/p>\n\n\n\n<p><strong><a href=\"https:\/\/www.rukajarvensuunnanhistoriayhdistys.fi\/historiayhdistys\/lieksan-rautatieaseman-nayttely-avattu\/\">Lieksan Rautatieaseman n\u00e4yttely avattu 13.7.2014<\/a>:<\/strong><\/p>\n\n\n\n<p><\/p>\n","protected":false},"excerpt":{"rendered":"<p>T\u00e4n\u00e4 is\u00e4np\u00e4iv\u00e4n\u00e4 on erityinen syy kiitollisuuteen. Lieksan rautatieaseman s\u00e4ilyminen j\u00e4lkipolville on todiste siit\u00e4, mit\u00e4 yhteisty\u00f6, sitoutuminen ja rakkaus kotiseutuun saavat aikaan. Talkoovoimin pelastimme aseman ja sen ymp\u00e4rist\u00f6n, osoittaen, ett\u00e4 historia <a class=\"more-link\" href=\"https:\/\/www.rukajarvensuunnanhistoriayhdistys.fi\/rukajarvikeskus\/tapahtumat\/isan-paivan-mietteita-kiitos-talkoolaisille\/\">Lue lis\u00e4\u00e4&#8230;<span class=\"screen-reader-text\">Is\u00e4n p\u00e4iv\u00e4n mietteit\u00e4 \u2013 Kiitos talkoolaisille<\/span><span class=\"meta-nav\">\u2192<\/span><\/a><\/p>\n","protected":false},"author":4,"featured_media":0,"comment_status":"closed","ping_status":"open","sticky":false,"template":"","format":"standard","meta":{"ngg_post_thumbnail":0,"_jetpack_newsletter_access":"","_jetpack_dont_email_post_to_subs":false,"_jetpack_newsletter_tier_id":0,"_jetpack_memberships_contains_paywalled_content":false,"_jetpack_memberships_contains_paid_content":false,"footnotes":""},"categories":[26,32,15],"tags":[],"class_list":["post-11838","post","type-post","status-publish","format-standard","hentry","category-ajankohtaista","category-historiayhdistys","category-tapahtumat"],"jetpack_featured_media_url":"","jetpack_sharing_enabled":true,"jetpack_shortlink":"https:\/\/wp.me\/p72N2f-34W","_links":{"self":[{"href":"https:\/\/www.rukajarvensuunnanhistoriayhdistys.fi\/rukajarvikeskus\/wp-json\/wp\/v2\/posts\/11838","targetHints":{"allow":["GET"]}}],"collection":[{"href":"https:\/\/www.rukajarvensuunnanhistoriayhdistys.fi\/rukajarvikeskus\/wp-json\/wp\/v2\/posts"}],"about":[{"href":"https:\/\/www.rukajarvensuunnanhistoriayhdistys.fi\/rukajarvikeskus\/wp-json\/wp\/v2\/types\/post"}],"author":[{"embeddable":true,"href":"https:\/\/www.rukajarvensuunnanhistoriayhdistys.fi\/rukajarvikeskus\/wp-json\/wp\/v2\/users\/4"}],"replies":[{"embeddable":true,"href":"https:\/\/www.rukajarvensuunnanhistoriayhdistys.fi\/rukajarvikeskus\/wp-json\/wp\/v2\/comments?post=11838"}],"version-history":[{"count":3,"href":"https:\/\/www.rukajarvensuunnanhistoriayhdistys.fi\/rukajarvikeskus\/wp-json\/wp\/v2\/posts\/11838\/revisions"}],"predecessor-version":[{"id":11841,"href":"https:\/\/www.rukajarvensuunnanhistoriayhdistys.fi\/rukajarvikeskus\/wp-json\/wp\/v2\/posts\/11838\/revisions\/11841"}],"wp:attachment":[{"href":"https:\/\/www.rukajarvensuunnanhistoriayhdistys.fi\/rukajarvikeskus\/wp-json\/wp\/v2\/media?parent=11838"}],"wp:term":[{"taxonomy":"category","embeddable":true,"href":"https:\/\/www.rukajarvensuunnanhistoriayhdistys.fi\/rukajarvikeskus\/wp-json\/wp\/v2\/categories?post=11838"},{"taxonomy":"post_tag","embeddable":true,"href":"https:\/\/www.rukajarvensuunnanhistoriayhdistys.fi\/rukajarvikeskus\/wp-json\/wp\/v2\/tags?post=11838"}],"curies":[{"name":"wp","href":"https:\/\/api.w.org\/{rel}","templated":true}]}}