{"id":11842,"date":"2024-11-14T13:30:59","date_gmt":"2024-11-14T10:30:59","guid":{"rendered":"http:\/\/www.rukajarvensuunnanhistoriayhdistys.fi\/rukajarvikeskus\/?p=11842"},"modified":"2025-07-05T10:14:57","modified_gmt":"2025-07-05T07:14:57","slug":"lieksan-rautatieasema-kulttuuriperinnon-voitto-talkootyon-voimalla","status":"publish","type":"post","link":"https:\/\/www.rukajarvensuunnanhistoriayhdistys.fi\/rukajarvikeskus\/tapahtumat\/lieksan-rautatieasema-kulttuuriperinnon-voitto-talkootyon-voimalla\/","title":{"rendered":"\u201dLieksan Rautatieasema &#8211; Kulttuuriperinn\u00f6n Voitto Talkooty\u00f6n Voimalla\u201d"},"content":{"rendered":"<div class=\"fcbkbttn_buttons_block\" id=\"fcbkbttn_left\"><div class=\"fcbkbttn_like \"><fb:like href=\"https:\/\/www.rukajarvensuunnanhistoriayhdistys.fi\/rukajarvikeskus\/tapahtumat\/lieksan-rautatieasema-kulttuuriperinnon-voitto-talkootyon-voimalla\/\" action=\"like\" colorscheme=\"light\" layout=\"button_count\"  size=\"small\"><\/fb:like><\/div><\/div>\n<p>Torstai toivoa t\u00e4ynn\u00e4 \u2013Tasan 80 vuotta sitten ensimm\u00e4iset Rukaj\u00e4rven suunnan veteraanit saivat passin k\u00e4teens\u00e4. Alkoi viimeinen k\u00e4velymatka \u2013 kotiin. Monet heist\u00e4 olivat matkanneet juuri Lieksan aseman kautta.  <\/p>\n\n\n\n<figure class=\"wp-block-image size-large\"><a href=\"http:\/\/www.rukajarvensuunnanhistoriayhdistys.fi\/historiayhdistys\/wp-content\/uploads\/2024\/11\/Lieksa-12-11-2024-roskat.jpg\"><img decoding=\"async\" src=\"http:\/\/www.rukajarvensuunnanhistoriayhdistys.fi\/historiayhdistys\/wp-content\/uploads\/2024\/11\/Lieksa-12-11-2024-roskat-1024x768.jpg\" alt=\"\" class=\"wp-image-16000\"\/><\/a><\/figure>\n\n\n\n<p>Ty\u00f6t <em>t\u00e4lt\u00e4 syksylt\u00e4 valmistuvat. Viimeinen ikkuna on paikallaan. Kellaria vaurioittaneet puut saatiin kaadettua. Sis\u00e4ll\u00e4 riitt\u00e4\u00e4 viel\u00e4 t\u00f6it\u00e4. Marskin ritari Ilmari Juutilaisen huone on vuorossa. Kuva Juha Heinonen-Lavonen.<\/em><\/p>\n\n\n\n<p><strong>Kolmen Rukaj\u00e4rvi-keskuksen ja Rukaj\u00e4rven tien avulla<\/strong> <strong>&#8211; tulosta syntyy<\/strong><\/p>\n\n\n\n<p>Yhdistys on onnistunut sotahistoriaty\u00f6ss\u00e4\u00e4n erinomaisen hyvin. Taival on ollut kivikkoinen. Miss\u00e4\u00e4n vaiheessa ei ole voinut luottaa tyhjiin lupauksiin. Onnistuminen on ollut veteraaneissa, heid\u00e4n tavassaan toimia, kaveria ei j\u00e4tet\u00e4. Se ty\u00f6 on kantanut yli maakuntien rajan.<\/p>\n\n\n\n<p>Taistelu nimen k\u00e4yt\u00f6st\u00e4, siit\u00e4 se syyttely alkoi. Veteraanit eiv\u00e4t siit\u00e4 v\u00e4litt\u00e4neet, vaan tukivat ajatusta itsen\u00e4isest\u00e4 ajattelusta ja omiin voimiin turvaamisesta. Sen toimintalinjan mukaisesti on edetty.<\/p>\n\n\n\n<p>Tulokset kertovat, ett\u00e4 olemme koonneet maan laajimman sotahistoria-aineiston ja olemme perustaneet vihdoin Rukaj\u00e4rvi-keskukset kaikkiin niihin maakuntiin mist\u00e4 Rukaj\u00e4rven suunnan miehet olivat kotoisin.<\/p>\n\n\n\n<p>Oikea sotahistoriaty\u00f6 omiin k\u00e4siin ja talkooty\u00f6h\u00f6n nojaava toimintamalli on ollut se tapa mill\u00e4 toteutettiin ensin maan ainoa auktorisoitu Jatkosodan taistelutie Rukaj\u00e4rven tie kohteineen (2011), Jukolan Motti -pirtti (2014), taisteluhaudan rakentaminen Salpaetuasemaan (2017), Lieksan asemamakasiinin kunnostus, sen n\u00e4yttelyitten pystytt\u00e4minen jo v. 2014 ja nyt viimeksi 2.6.2024 Lieksan aseman hankinta ja kunnostaminen.<\/p>\n\n\n\n<p><strong>Viimeinen ikkuna paikallaan t\u00e4lt\u00e4 syksylt\u00e4<\/strong><\/p>\n\n\n\n<p>Lieksassa syksyn t\u00f6iden uurastus on saatu p\u00e4\u00e4t\u00f6kseen, ja se on todellinen yhteis\u00f6n voitto. Lieksan asemanseutu on saatu kunnostettua ennen talven tuloa, ja maksutkin on saatu hoidettua \u2013 kiitos kaikille niin suoranaista rahallista tukea ja kuin my\u00f6s lainanantajille! Toivomme, ett\u00e4 pystymme maksamaan velat takaisin sovitussa ajassa.<\/p>\n\n\n\n<figure class=\"wp-block-image size-large is-resized\"><a href=\"http:\/\/www.rukajarvensuunnanhistoriayhdistys.fi\/historiayhdistys\/wp-content\/uploads\/2024\/11\/Lieksan-asema-1-scaled.jpg\"><img decoding=\"async\" src=\"http:\/\/www.rukajarvensuunnanhistoriayhdistys.fi\/historiayhdistys\/wp-content\/uploads\/2024\/11\/Lieksan-asema-1-1024x768.jpg\" alt=\"\" class=\"wp-image-15999\" style=\"width:840px;height:auto\"\/><\/a><\/figure>\n\n\n\n<p><em>T\u00e4st\u00e4 se urakka alkoi 3.8.2024 ja nyt se on saatu t\u00e4lt\u00e4 syksylt\u00e4 valmiiksi. Viimeinen ikkuna on paikallaan. Kuva Juha Heinonen-Lavonen.<\/em><\/p>\n\n\n\n<p>Lieksan rautatieasema on nyt avattu yleis\u00f6lle odotustilaksi, juuri siihen k\u00e4ytt\u00f6\u00f6n, johon se alun perin rakennettiin vuonna 1909. T\u00e4m\u00e4 historiallinen paikka tarjoaa nykyisin palvelut, jotka ovat Suomen huippuluokkaa \u2013 ja kaikki t\u00e4m\u00e4 on toteutettu talkooty\u00f6ll\u00e4! Yli 150 vapaaehtoista on antanut yhteens\u00e4 yli 6000 tuntia aikaansa ja osaamistaan t\u00e4m\u00e4n hankkeen eteen. Kiit\u00e4mme erityisesti Juha Heinonen-Lavosta, Tatu Poimalaa, Sari Myllyst\u00e4 sek\u00e4 Riverian opiskelijoita ja Lieksan Tukipisteen henkil\u00f6kuntaa. N\u00e4yttelyt ovat p\u00e4\u00e4osin kahden henkil\u00f6n, sisarusten Jatta Kettusen ja Ritva Kilpel\u00e4isen k\u00e4sialaa.<\/p>\n\n\n\n<p>T\u00e4m\u00e4n talkooty\u00f6n sivutuotteena syntyi &#8221;Kulttuurikeskiviikko&#8221;-tapahtumasarja, joka tuo esille Lieksan aseman kulttuuria ja historiaa uudella tavalla. Ensimm\u00e4inen konsertti myytiin hetkess\u00e4 loppuun, ja tapahtuma on otettu vastaan innolla! Sivuty\u00f6n\u00e4 syntyneest\u00e4 ajatuksesta muodostunee keskeisin toimintatapa.<\/p>\n\n\n\n<p><strong>Ja se mit\u00e4 kohden olemme menossa<\/strong> &#8211; <strong>muistamme mit\u00e4 veteraanisukupolvi todella teki<\/strong><\/p>\n\n\n\n<p>Tavoitteet toiminnallemme ovat olleet t\u00e4ysin selv\u00e4t. Ne paalutettiin jo ennen yhdistyksemme perustamista. Veteraanit Kanninen ja Perttuli puhuivat julkisesti ensin; \u201dKaikki alkoi Kajaanista\u201d (6.9.2008), sitten me muut. Sotahistoriaty\u00f6ss\u00e4 ehk\u00e4 tuottavin investointi on ollut Rukaj\u00e4rvi-keskusten perustaminen. Aineistoa on tulossa viel\u00e4 veteraanien j\u00e4lkeenkin. Lieksan Rukaj\u00e4rvi-keskukseen on luvassa merkitt\u00e4v\u00e4\u00e4 aineistoa, siit\u00e4 uutisoimme pian.<\/p>\n\n\n\n<figure class=\"wp-block-image size-large is-resized\"><a href=\"http:\/\/www.rukajarvensuunnanhistoriayhdistys.fi\/historiayhdistys\/wp-content\/uploads\/2024\/11\/Perttuli-Pentti-14-11-2024-Hannele-Lehtinen.jpg\"><img decoding=\"async\" src=\"http:\/\/www.rukajarvensuunnanhistoriayhdistys.fi\/historiayhdistys\/wp-content\/uploads\/2024\/11\/Perttuli-Pentti-14-11-2024-Hannele-Lehtinen-768x1024.jpg\" alt=\"\" class=\"wp-image-16001\" style=\"width:840px;height:auto\"\/><\/a><\/figure>\n\n\n\n<p><em>Hannele Lehtinen toimi Laitilassa sairaalapastorin teht\u00e4v\u00e4ss\u00e4 ja vieraili usein Pentti Perttulin luonna Onnelan hoitolaitoksessa. Siit\u00e4 l\u00e4htien Hannele on sytytt\u00e4nyt kynttil\u00e4n arvostamansa veteraanin haudalle S\u00e4kyl\u00e4ss\u00e4. Pentti Perttulin sotilaspassin mukaan h\u00e4net vapautettiin palveluksesta 14.11.44. Kuva t\u00e4n\u00e4\u00e4n 14.11.2024, Timo Ristim\u00e4ki.<\/em><\/p>\n\n\n\n<p><strong>Tulevaisuutemme n\u00e4ytt\u00e4\u00e4 valoisalta.<\/strong> Siksi katseen pit\u00e4\u00e4 olla ter\u00e4v\u00e4sti suunnattu eteenp\u00e4in. Julkaisemme viel\u00e4 kertaalleen Lieksaa koskevat juuri nyt k\u00e4ynniss\u00e4 olevat hankesuunnitelmat:<\/p>\n\n\n\n<p>Rukapirtin hankesuunnitelmaan p\u00e4\u00e4sette tutustumaan <strong><a href=\"http:\/\/www.rukajarvensuunnanhistoriayhdistys.fi\/historiayhdistys\/wp-content\/uploads\/2024\/11\/Rukapirtti-hankesuunnitelma-7-8-2020.pdf\">T\u00c4\u00c4LT\u00c4<\/a><\/strong>:<\/p>\n\n\n\n<p>Lieksan rautatieaseman hankesuunnitelma l\u00f6ytyy <strong><a href=\"http:\/\/www.rukajarvensuunnanhistoriayhdistys.fi\/historiayhdistys\/wp-content\/uploads\/2024\/11\/Lieksan-rautatieasema-hankesuunnitelma-18-5-2024.pdf\">T\u00c4\u00c4LT\u00c4<\/a><\/strong>: Lieksan aseman piirustukset <strong><a href=\"http:\/\/www.rukajarvensuunnanhistoriayhdistys.fi\/historiayhdistys\/wp-content\/uploads\/2024\/11\/Lieksan-rautatieaseman-piirustukset-yhteenveto-14-5-2024-1.pdf\">T\u00c4\u00c4LT\u00c4<\/a><\/strong>:<\/p>\n\n\n\n<p>Ja Lieksan aseman puistosuunnitelman n\u00e4kee <strong><a href=\"http:\/\/www.rukajarvensuunnanhistoriayhdistys.fi\/historiayhdistys\/wp-content\/uploads\/2024\/11\/Lieksan-aseman-puistosuunnitelma-10-10-2024-LIITEET.pdf\">T\u00c4\u00c4LT\u00c4<\/a><\/strong>:<\/p>\n\n\n\n<figure class=\"wp-block-image size-large is-resized\"><a href=\"http:\/\/www.rukajarvensuunnanhistoriayhdistys.fi\/historiayhdistys\/wp-content\/uploads\/2024\/11\/Juha-Lavonen-1-scaled.jpg\"><img decoding=\"async\" src=\"http:\/\/www.rukajarvensuunnanhistoriayhdistys.fi\/historiayhdistys\/wp-content\/uploads\/2024\/11\/Juha-Lavonen-1-768x1024.jpg\" alt=\"\" class=\"wp-image-16006\" style=\"width:836px;height:auto\"\/><\/a><\/figure>\n\n\n\n<p><em>V\u00e4lill\u00e4 k\u00e4ytettiin nosturia ja v\u00e4lill\u00e4 on oltu polvien varassa. Yl\u00e4kuvassa Juha Heinonen-Lavonen ja alla Tatu Poimala kaikkein eniten talkooteht\u00e4viss\u00e4 olleet ty\u00f6nsankarit. Kuva TT.<\/em><\/p>\n\n\n\n<figure class=\"wp-block-image size-large is-resized\"><a href=\"http:\/\/www.rukajarvensuunnanhistoriayhdistys.fi\/historiayhdistys\/wp-content\/uploads\/2024\/11\/Poimala-Tatu-tyonjohtajana-scaled.jpg\"><img decoding=\"async\" src=\"http:\/\/www.rukajarvensuunnanhistoriayhdistys.fi\/historiayhdistys\/wp-content\/uploads\/2024\/11\/Poimala-Tatu-tyonjohtajana-1024x768.jpg\" alt=\"\" class=\"wp-image-16007\" style=\"width:840px;height:auto\"\/><\/a><\/figure>\n\n\n\n<p><em>Lipputankokin on pesty ja vahattu, Tero Kiiskinen ja Rauni Kivinen. Kuva alla TT.<\/em><\/p>\n\n\n\n<figure class=\"wp-block-image size-large is-resized\"><a href=\"http:\/\/www.rukajarvensuunnanhistoriayhdistys.fi\/historiayhdistys\/wp-content\/uploads\/2024\/08\/Lipputanko-scaled.jpg\"><img decoding=\"async\" src=\"http:\/\/www.rukajarvensuunnanhistoriayhdistys.fi\/historiayhdistys\/wp-content\/uploads\/2024\/08\/Lipputanko-1024x768.jpg\" alt=\"\" class=\"wp-image-15782\" style=\"width:840px;height:auto\"\/><\/a><\/figure>\n\n\n\n<p><em>Niin ja n\u00e4yttelyt pystytetty siin\u00e4 sivussa. (Vas.) Kyllikki V\u00e4nsk\u00e4, Tuulikki Bjurstr\u00f6m, Ritva Kilpel\u00e4inen, Ilma Vihonen, Jatta Kettunen ja Ritva Malinen. Kuva alla TT.<\/em><\/p>\n\n\n\n<figure class=\"wp-block-image size-full is-resized\"><a href=\"http:\/\/www.rukajarvensuunnanhistoriayhdistys.fi\/historiayhdistys\/wp-content\/uploads\/2024\/08\/Talkoot-27-8-2024-Tuulikki-Bjurstrom.jpeg\"><img decoding=\"async\" src=\"http:\/\/www.rukajarvensuunnanhistoriayhdistys.fi\/historiayhdistys\/wp-content\/uploads\/2024\/08\/Talkoot-27-8-2024-Tuulikki-Bjurstrom.jpeg\" alt=\"\" class=\"wp-image-15819\" style=\"width:838px;height:auto\"\/><\/a><\/figure>\n\n\n\n<p><em>Ja juhlat ja avajaiset vietetty 5.9.2024 &#8211; 80 vuotta Jatkosodan aselevosta.<\/em><\/p>\n\n\n\n<figure class=\"wp-block-image size-large is-resized\"><a href=\"http:\/\/www.rukajarvensuunnanhistoriayhdistys.fi\/historiayhdistys\/wp-content\/uploads\/2024\/09\/F4A6434-yleisoa-Asema-Kimmo-Vitri.jpg\"><img decoding=\"async\" src=\"http:\/\/www.rukajarvensuunnanhistoriayhdistys.fi\/historiayhdistys\/wp-content\/uploads\/2024\/09\/F4A6434-yleisoa-Asema-Kimmo-Vitri-768x1024.jpg\" alt=\"\" class=\"wp-image-15863\" style=\"width:841px;height:auto\"\/><\/a><\/figure>\n\n\n\n<p>Kuva alla: <em>Kansanedustaja Markku Eestil\u00e4 vihki ensin Lieksan rautatieaseman k\u00e4ytt\u00f6\u00f6n ja Lieksan kirkossa h\u00e4n piti juhlapuheen valtakunnallisessa kansalaisjuhlassa 80 vuotta aselevosta. Eestil\u00e4 otti voimakkaasti kantaa laajemmin niin It\u00e4-Suomen puolesta ja kertoi vaikuttuneensa sotahistoriahankkeestamme: \u201dT\u00e4ss\u00e4 asiassa valtiovallan ja my\u00f6s kansanedustajien on syyt\u00e4 her\u00e4t\u00e4.\u201d Kuva Ari Komulainen. Kuva Ari Komulainen<\/em><\/p>\n\n\n\n<figure class=\"wp-block-image size-large\"><a href=\"http:\/\/www.rukajarvensuunnanhistoriayhdistys.fi\/historiayhdistys\/wp-content\/uploads\/2024\/09\/F4A6781-Markku-Eestila-scaled.jpg\"><img decoding=\"async\" src=\"http:\/\/www.rukajarvensuunnanhistoriayhdistys.fi\/historiayhdistys\/wp-content\/uploads\/2024\/09\/F4A6781-Markku-Eestila-1024x683.jpg\" alt=\"\" class=\"wp-image-15864\"\/><\/a><\/figure>\n\n\n\n<figure class=\"wp-block-image size-large is-resized\"><a href=\"http:\/\/www.rukajarvensuunnanhistoriayhdistys.fi\/historiayhdistys\/wp-content\/uploads\/2024\/09\/F4A6548-Kimmo-Kivela-scaled.jpg\"><img decoding=\"async\" src=\"http:\/\/www.rukajarvensuunnanhistoriayhdistys.fi\/historiayhdistys\/wp-content\/uploads\/2024\/09\/F4A6548-Kimmo-Kivela-683x1024.jpg\" alt=\"\" class=\"wp-image-15867\" style=\"width:838px;height:auto\"\/><\/a><\/figure>\n\n\n\n<p>Aseman ekumeeninen vihiminen <em>Kiuruveden kirkkoherra Kimmo Kivel\u00e4 (yll\u00e4) ja Lieksan ortodosisen seurakunnan pastori Marko M\u00e4kinen suorittivat aseman hengellisen siunaamisen <\/em> ja tietenkin lopuksi ty\u00f6n tarkastaminen itsens\u00e4 veteraanin Hannes Tuovisen toimesta. <em>Kuva Ari Komulainen.<\/em><\/p>\n\n\n\n<figure class=\"wp-block-image size-large is-resized\"><a href=\"http:\/\/www.rukajarvensuunnanhistoriayhdistys.fi\/historiayhdistys\/wp-content\/uploads\/2024\/09\/60A1678-Tuovinen-Eestila.Tikkanen-scaled.jpg\"><img decoding=\"async\" src=\"http:\/\/www.rukajarvensuunnanhistoriayhdistys.fi\/historiayhdistys\/wp-content\/uploads\/2024\/09\/60A1678-Tuovinen-Eestila.Tikkanen-1024x683.jpg\" alt=\"\" class=\"wp-image-15866\" style=\"width:840px;height:auto\"\/><\/a><\/figure>\n\n\n\n<figure class=\"wp-block-image size-large\"><a href=\"http:\/\/www.rukajarvensuunnanhistoriayhdistys.fi\/historiayhdistys\/wp-content\/uploads\/2024\/09\/IMG_20240907_072853-scaled.jpg\"><img decoding=\"async\" src=\"http:\/\/www.rukajarvensuunnanhistoriayhdistys.fi\/historiayhdistys\/wp-content\/uploads\/2024\/09\/IMG_20240907_072853-1024x768.jpg\" alt=\"\" class=\"wp-image-15904\"\/><\/a><\/figure>\n\n\n\n<p>On turha kuvitella, ett\u00e4 t\u00e4m\u00e4 ty\u00f6 on pelkk\u00e4\u00e4 leikkimist\u00e4 ihmisten tunteilla. Minua hiukan kiusaa ajatus, ett\u00e4 olemme kerj\u00e4\u00e4m\u00e4ss\u00e4 varoja ja pyyt\u00e4m\u00e4ss\u00e4 talkooapua jatkuvasti. Mutta kun yhteiskunta ei ole meid\u00e4n hakemuksiimme n\u00e4ytt\u00e4nyt vihre\u00e4\u00e4 valoa, on talkoolaisten apuun turvaaminen ainut keino saavuttaa koko yhteiskuntaa hy\u00f6dytt\u00e4v\u00e4\u00e4 tulosta. Siin\u00e4 ty\u00f6ss\u00e4 olemme yhdess\u00e4 onnistuneet.<\/p>\n\n\n\n<p><strong>Totta kai me tarvitsemme kaiken saatavissa olevan rahallisenkin tuen<\/strong><\/p>\n\n\n\n<p>Jokainen tiet\u00e4\u00e4, ett\u00e4 rahalahjoitukset k\u00e4ytet\u00e4\u00e4n taiten ja s\u00e4\u00e4st\u00e4v\u00e4isesti. Siksikin toivomme, ett\u00e4 nyt kun Lieksassa on osoitettu talkooty\u00f6n voima, onnistuisimmeko edes sill\u00e4 her\u00e4tt\u00e4m\u00e4\u00e4n yhteiskunnan p\u00e4\u00e4t\u00f6ksentekij\u00e4t.<\/p>\n\n\n\n<p>Toimintaamme tarvittavia varoja haetaan koko ajan, emme masennu, vaikka emme t\u00e4h\u00e4n menness\u00e4 ole t\u00e4lt\u00e4 osin onnistuneet. Siksi olemme k\u00e4\u00e4ntyneet kansalaisten puoleen ja vetoamme ja kysymmekin: l\u00f6ytyisik\u00f6 esimerkiksi veteraanien j\u00e4lkel\u00e4isist\u00e4 halua osallistua hankkeen tukemiseen pienell\u00e4 lahjoituksella? Jos jokainen Rukaj\u00e4rven suunnan sotilaan j\u00e4lkel\u00e4inen lahjoittaisi 10 \u20ac, voisimme kattaa sek\u00e4 Rukapirtin ett\u00e4 Lieksan aseman kunnostukset. Kaikki muutkin voivat tukea ty\u00f6t\u00e4mme. Meid\u00e4n hallinnolliset toimet ovat j\u00e4rjestyksess\u00e4. Julkinen rahanker\u00e4ystili l\u00f6ytyy nettijulkaisuistamme: <strong>FI02 5723 0220 2696 12,<\/strong>&nbsp; OKOYFIHH.&nbsp;<strong>Luvan numero on RA\/2021\/707.<\/strong> <strong><a href=\"https:\/\/www.rukajarvensuunnanhistoriayhdistys.fi\/historiayhdistys\/tue-toimintaa\/\">T\u00c4\u00c4LT\u00c4<\/a><\/strong>:<\/p>\n\n\n\n<p>Samoin RSHYry j\u00e4senyydet auttaisivat meit\u00e4 merkitt\u00e4v\u00e4sti. Yhdistyksen j\u00e4seneksi p\u00e4\u00e4see linkin kautta ja j\u00e4senmaksu tulee varmasti takaisin ja sen kautta hy\u00f6tyv\u00e4t kaikki muut. Panostus ohjautuu suoraan It\u00e4-Suomen kulttuurin ja kansantalouden hyv\u00e4ksi. J\u00e4senyydest\u00e4 on my\u00f6s etua meille kaikille. J\u00e4senhakemus l\u00f6ytyy linkin takaa <strong><a href=\"https:\/\/www.rukajarvensuunnanhistoriayhdistys.fi\/historiayhdistys\/liity-jaseneksi\/\">T\u00c4\u00c4LT\u00c4<\/a><\/strong>:<\/p>\n\n\n\n<p>Kiit\u00e4mme syd\u00e4mellisesti tuestanne ja ajatuksistanne, joiden avulla voimme yhdess\u00e4 rakentaa veteraanien perint\u00f6\u00e4 ja pit\u00e4\u00e4 yll\u00e4 heid\u00e4n per\u00e4\u00e4nantamatonta henke\u00e4\u00e4n: <em>velje\u00e4 ei j\u00e4tet\u00e4<\/em>. Laitetaan sana kiert\u00e4m\u00e4\u00e4n. Tavataan Rukaj\u00e4rvi-keskuksissa. Sielt\u00e4 voi hankkia my\u00f6s tuotteita. Yksi arvokkaimmista Jotos muistomerkin pienoismalli. Sen historiaan voi perehty\u00e4 <strong><a href=\"http:\/\/www.rukajarvensuunnanhistoriayhdistys.fi\/historiayhdistys\/wp-content\/uploads\/2024\/11\/Jotos_Historiikki_kansilla-2021.pdf\">T\u00c4\u00c4LT\u00c4<\/a><\/strong>:.<\/p>\n\n\n\n<figure class=\"wp-block-image size-large is-resized\"><a href=\"http:\/\/www.rukajarvensuunnanhistoriayhdistys.fi\/historiayhdistys\/wp-content\/uploads\/2024\/09\/Koivurinteen-Era-5-9-2024-1.jpg\"><img decoding=\"async\" src=\"http:\/\/www.rukajarvensuunnanhistoriayhdistys.fi\/historiayhdistys\/wp-content\/uploads\/2024\/09\/Koivurinteen-Era-5-9-2024-1-886x1024.jpg\" alt=\"\" class=\"wp-image-15900\" style=\"width:840px;height:auto\"\/><\/a><\/figure>\n\n\n\n<p>Vanhan sanonan mukaan: Armeija marssii vatsallaan. Niin my\u00f6s 5.9.2024 juhlayleis\u00f6, sen ruokki  <em>Koivurinteen Er\u00e4n talkooporukka, Meeri Kauppinen, Merja Katajsalo, Tuula R\u00f6ts\u00e4 ja Liisa Kiisinen. Talkoomitali ripustettiin kaulaan viel\u00e4 siin\u00e4 vaiheessa kun he olivat kauhan varressa.<\/em>&nbsp;Kuva Reino Heikkinen.<\/p>\n\n\n\n<p>Ja Tapani Laaksomiehen h\u00f6yryjuna on ainut puuta k\u00e4ytt\u00e4v\u00e4 h\u00f6yryjuna Euroopassa. Sill\u00e4 ajettiin vuoden 2014 juhlaan ja sill\u00e4 ajettiin nyt. Lieksassa on vietetty maamme ainoat valtakunnalliset juhlat sen kunniaksi mink\u00e4 p\u00e4iv\u00e4n veteraanit itse halusivat muistaa. Nyt jo kahteen kertaan. Lieksa on oikeasti &#8221;Matkailijan paratiisi&#8221;, jos me haluamme sen k\u00e4ytt\u00e4\u00e4 oikein keinoin kansakuntamme hyv\u00e4ksi.<\/p>\n\n\n\n<p>Yst\u00e4v\u00e4llisin terveisin,<br>Tenho Tikkanen<br>Rukaj\u00e4rven suunnan historiayhdistys ry, perustajaj\u00e4sen ja puheenjohtaja<\/p>\n","protected":false},"excerpt":{"rendered":"<p>Torstai toivoa t\u00e4ynn\u00e4 \u2013Tasan 80 vuotta sitten ensimm\u00e4iset Rukaj\u00e4rven suunnan veteraanit saivat passin k\u00e4teens\u00e4. Alkoi viimeinen k\u00e4velymatka \u2013 kotiin. Monet heist\u00e4 olivat matkanneet juuri Lieksan aseman kautta. Ty\u00f6t t\u00e4lt\u00e4 syksylt\u00e4 <a class=\"more-link\" href=\"https:\/\/www.rukajarvensuunnanhistoriayhdistys.fi\/rukajarvikeskus\/tapahtumat\/lieksan-rautatieasema-kulttuuriperinnon-voitto-talkootyon-voimalla\/\">Lue lis\u00e4\u00e4&#8230;<span class=\"screen-reader-text\">\u201dLieksan Rautatieasema &#8211; Kulttuuriperinn\u00f6n Voitto Talkooty\u00f6n Voimalla\u201d<\/span><span class=\"meta-nav\">\u2192<\/span><\/a><\/p>\n","protected":false},"author":4,"featured_media":0,"comment_status":"closed","ping_status":"open","sticky":false,"template":"","format":"standard","meta":{"ngg_post_thumbnail":0,"_jetpack_newsletter_access":"","_jetpack_dont_email_post_to_subs":false,"_jetpack_newsletter_tier_id":0,"_jetpack_memberships_contains_paywalled_content":false,"_jetpack_memberships_contains_paid_content":false,"footnotes":""},"categories":[26,32,15],"tags":[],"class_list":["post-11842","post","type-post","status-publish","format-standard","hentry","category-ajankohtaista","category-historiayhdistys","category-tapahtumat"],"jetpack_featured_media_url":"","jetpack_sharing_enabled":true,"jetpack_shortlink":"https:\/\/wp.me\/p72N2f-350","_links":{"self":[{"href":"https:\/\/www.rukajarvensuunnanhistoriayhdistys.fi\/rukajarvikeskus\/wp-json\/wp\/v2\/posts\/11842","targetHints":{"allow":["GET"]}}],"collection":[{"href":"https:\/\/www.rukajarvensuunnanhistoriayhdistys.fi\/rukajarvikeskus\/wp-json\/wp\/v2\/posts"}],"about":[{"href":"https:\/\/www.rukajarvensuunnanhistoriayhdistys.fi\/rukajarvikeskus\/wp-json\/wp\/v2\/types\/post"}],"author":[{"embeddable":true,"href":"https:\/\/www.rukajarvensuunnanhistoriayhdistys.fi\/rukajarvikeskus\/wp-json\/wp\/v2\/users\/4"}],"replies":[{"embeddable":true,"href":"https:\/\/www.rukajarvensuunnanhistoriayhdistys.fi\/rukajarvikeskus\/wp-json\/wp\/v2\/comments?post=11842"}],"version-history":[{"count":4,"href":"https:\/\/www.rukajarvensuunnanhistoriayhdistys.fi\/rukajarvikeskus\/wp-json\/wp\/v2\/posts\/11842\/revisions"}],"predecessor-version":[{"id":12082,"href":"https:\/\/www.rukajarvensuunnanhistoriayhdistys.fi\/rukajarvikeskus\/wp-json\/wp\/v2\/posts\/11842\/revisions\/12082"}],"wp:attachment":[{"href":"https:\/\/www.rukajarvensuunnanhistoriayhdistys.fi\/rukajarvikeskus\/wp-json\/wp\/v2\/media?parent=11842"}],"wp:term":[{"taxonomy":"category","embeddable":true,"href":"https:\/\/www.rukajarvensuunnanhistoriayhdistys.fi\/rukajarvikeskus\/wp-json\/wp\/v2\/categories?post=11842"},{"taxonomy":"post_tag","embeddable":true,"href":"https:\/\/www.rukajarvensuunnanhistoriayhdistys.fi\/rukajarvikeskus\/wp-json\/wp\/v2\/tags?post=11842"}],"curies":[{"name":"wp","href":"https:\/\/api.w.org\/{rel}","templated":true}]}}