{"id":11900,"date":"2025-01-23T02:34:31","date_gmt":"2025-01-22T23:34:31","guid":{"rendered":"http:\/\/www.rukajarvensuunnanhistoriayhdistys.fi\/rukajarvikeskus\/?p=11900"},"modified":"2025-01-23T10:52:13","modified_gmt":"2025-01-23T07:52:13","slug":"keskiviikkona-22-1-2015-lieksan-rukajarvi-keskuksessa-juhlapaiva","status":"publish","type":"post","link":"https:\/\/www.rukajarvensuunnanhistoriayhdistys.fi\/rukajarvikeskus\/tapahtumat\/keskiviikkona-22-1-2015-lieksan-rukajarvi-keskuksessa-juhlapaiva\/","title":{"rendered":"Keskiviikkona 22.1.2015 &#8211; Lieksan Rukaj\u00e4rvi-keskuksessa juhlap\u00e4iv\u00e4"},"content":{"rendered":"<div class=\"fcbkbttn_buttons_block\" id=\"fcbkbttn_left\"><div class=\"fcbkbttn_like \"><fb:like href=\"https:\/\/www.rukajarvensuunnanhistoriayhdistys.fi\/rukajarvikeskus\/tapahtumat\/keskiviikkona-22-1-2015-lieksan-rukajarvi-keskuksessa-juhlapaiva\/\" action=\"like\" colorscheme=\"light\" layout=\"button_count\"  size=\"small\"><\/fb:like><\/div><\/div>\n<p>Lokakuussa Lieksan juna-asemalle avautunut Rukaj\u00e4rvi-keskuksen Raappana Sali sai merkitt\u00e4v\u00e4n lahjoituksen Pohjois-Karjalan rajavartioston komentajan, eversti Matti Pitk\u00e4niityn, luovutettua Lieksaan vuonna 1942 marsalkka Mannerheimille rakennetun mets\u00e4stysmajan saunapolun askelkiven.<\/p>\n\n\n\n<figure class=\"wp-block-image size-large\"><a href=\"http:\/\/www.rukajarvensuunnanhistoriayhdistys.fi\/historiayhdistys\/wp-content\/uploads\/2025\/01\/Komentaja-Pitkaniitty-Keimo-Lehtiniemi-scaled.jpg\"><img decoding=\"async\" src=\"http:\/\/www.rukajarvensuunnanhistoriayhdistys.fi\/historiayhdistys\/wp-content\/uploads\/2025\/01\/Komentaja-Pitkaniitty-Keimo-Lehtiniemi-1024x768.jpg\" alt=\"\" class=\"wp-image-16102\"\/><\/a><\/figure>\n\n\n\n<p><em>Eversti Matti Pitk\u00e4niitty MTV3:n toimittaja Keimo Lehtiniemen haastattelussa.<\/em><\/p>\n\n\n\n<figure class=\"wp-block-image size-large\"><a href=\"http:\/\/www.rukajarvensuunnanhistoriayhdistys.fi\/historiayhdistys\/wp-content\/uploads\/2025\/01\/Kiven-paljasmaninen-22-1-2025.jpg\"><img decoding=\"async\" src=\"http:\/\/www.rukajarvensuunnanhistoriayhdistys.fi\/historiayhdistys\/wp-content\/uploads\/2025\/01\/Kiven-paljasmaninen-22-1-2025-1024x467.jpg\" alt=\"\" class=\"wp-image-16111\"\/><\/a><\/figure>\n\n\n\n<p><em>Arovokas muistoesine Lieksan Lehden mukaan &#8221;Graavin maljaksi&#8221; nimetty on kutsuvieraiden ja komentaja Raappanan katseiden alla paljastettu.<\/em> <\/p>\n\n\n\n<p><\/p>\n\n\n\n<p><strong>Julkaisemme komentaja Matti Pitk\u00e4niityn puheen kokonaisuudessaan.<\/strong><\/p>\n\n\n\n<p>Arvoisa puheenjohtaja, kutsuvieraat, hyv\u00e4t naiset ja herrat,<\/p>\n\n\n\n<p>Rukaj\u00e4rven suunnan taistelut ovat osa Rajavartiolaitoksen ja my\u00f6s Pohjois-Karjalan rajavartioston historiaa. Rajamiehi\u00e4mme osallistui taisteluihin koko jatkosodan ajan ja 14. divisioonan komentajana toiminut kenraalimajuri Raappana oli Pohjois-Karjalan rajavartioston pitk\u00e4aikainen komentaja. Toki tuolloin Pohjois-Karjalan rajavartiosto tunnettiin Joensuun rajavartiostona. Raappanan 18 vuoden ura rajavartioston komentajana on varmasti enn\u00e4tys, jota ei Pohjois-Karjalassa tulla en\u00e4\u00e4 koskaan rikkomaan.<\/p>\n\n\n\n<p>Ei siis ihme, ett\u00e4 vuonna 2009 rajavartiostomme komentajana ja samalla Pohjois-Karjalan alueen rajavaltuutettuna toiminut eversti Tero Kaakinen tarttui mahdollisuuteen vierailla Mannerheimin mets\u00e4stysmajan raunioilla Lieksaj\u00e4rvell\u00e4. Matka tehtiin elokuussa yhdess\u00e4 Suoj\u00e4rven rajavaltuutetun eversti Dmitrievskin kanssa. Tarina kertoo, ett\u00e4 kiven kuljettaminen vaati Suomen delegaatiolta, erityisesti majuri Timo Keinoselta hikoilua. Ven\u00e4l\u00e4iset puolestaan py\u00f6ritteliv\u00e4t p\u00e4\u00e4t\u00e4\u00e4n ja ihmetteliv\u00e4t suomalaisten innostusta maastosta l\u00f6ytyneisiin kiviin. Mutta kuten aina, lopussa kiitos seisoo ja t\u00e4n\u00e4\u00e4n kivi on hyv\u00e4ss\u00e4 kunnossa t\u00e4\u00e4ll\u00e4 meill\u00e4 Suomessa.<\/p>\n\n\n\n<p>Kuten alussa totesin, kivi liittyy rajavartiostomme historiaan, mutta se on my\u00f6s pala Suomen historiaa. Viime aikoina kivi on ollut vartioston komentajan toimistossa, mutta toiveena on ollut, ett\u00e4 sille l\u00f6ytyisi arvoisensa paikka, jossa se olisi suuremman katsojajoukon n\u00e4ht\u00e4vill\u00e4. T\u00e4st\u00e4 syyst\u00e4 olen eritt\u00e4in iloinen, ett\u00e4 kivelle l\u00f6ytyi paikka t\u00e4\u00e4lt\u00e4 Rukaj\u00e4rvi-keskuksesta, jossa se on yleis\u00f6n n\u00e4ht\u00e4vill\u00e4 ja yhten\u00e4 esineen\u00e4 kertoo konkreettisesti Rukaj\u00e4rven suunnan korpisotureiden tarinaa. Meille rajavartiostossa t\u00e4m\u00e4 kivi on edelleen yksi pala historiaamme ja t\u00e4st\u00e4 syyst\u00e4 halusimme yh\u00e4 s\u00e4ilytt\u00e4\u00e4 omistusoikeuden t\u00e4h\u00e4n kiveen, mutta samalla tunnen, ett\u00e4 nyt kivi on oikeammassa paikassa kuin minun toimistossa.<\/p>\n\n\n\n<p>Hyv\u00e4t naiset ja herrat, minulla on t\u00e4n\u00e4\u00e4n suuri ilo ja kunnia paljastaa Marsalkka Mannerheimin mets\u00e4stysmajalta tuotu kivi.<\/p>\n\n\n\n<figure class=\"wp-block-image size-large\"><a href=\"http:\/\/www.rukajarvensuunnanhistoriayhdistys.fi\/historiayhdistys\/wp-content\/uploads\/2025\/01\/A-Eskelinen-Eestila-Pitkaniitty-Hoskonen-Taponen-22-11-2025-scaled.jpg\"><img decoding=\"async\" src=\"http:\/\/www.rukajarvensuunnanhistoriayhdistys.fi\/historiayhdistys\/wp-content\/uploads\/2025\/01\/A-Eskelinen-Eestila-Pitkaniitty-Hoskonen-Taponen-22-11-2025-1024x768.jpg\" alt=\"\" class=\"wp-image-16103\"\/><\/a><\/figure>\n\n\n\n<p><em>Kuvassa vasemmalta. Lieksan kaupunginvaltuuston puheenjohtaja Matti Taponen, kansanedustaja Hannu Hoskonen, eversti Matti Pitk\u00e4niitty, kansanedustajat Markku Eestil\u00e4 ja Seppo Eskelinen.<\/em><\/p>\n\n\n\n<figure class=\"wp-block-image size-large\"><a href=\"http:\/\/www.rukajarvensuunnanhistoriayhdistys.fi\/historiayhdistys\/wp-content\/uploads\/2025\/01\/Mannerheimin_Marskin_maja_1942-scaled.jpg\"><img decoding=\"async\" src=\"http:\/\/www.rukajarvensuunnanhistoriayhdistys.fi\/historiayhdistys\/wp-content\/uploads\/2025\/01\/Mannerheimin_Marskin_maja_1942-1007x1024.jpg\" alt=\"\" class=\"wp-image-16104\"\/><\/a><\/figure>\n\n\n\n<figure class=\"wp-block-image size-large\"><a href=\"http:\/\/www.rukajarvensuunnanhistoriayhdistys.fi\/historiayhdistys\/wp-content\/uploads\/2025\/01\/A-Vitriini-22-1-2025-1-scaled.jpg\"><img decoding=\"async\" src=\"http:\/\/www.rukajarvensuunnanhistoriayhdistys.fi\/historiayhdistys\/wp-content\/uploads\/2025\/01\/A-Vitriini-22-1-2025-1-1024x768.jpg\" alt=\"\" class=\"wp-image-16105\"\/><\/a><\/figure>\n\n\n\n<p><em>Vitriinin on tehnyt yhdistyksemme hallituksen j\u00e4sen Ossi Laine kotoisin Paltamosta. Talkooty\u00f6n\u00e4 tietenkin.<\/em><\/p>\n\n\n\n<figure class=\"wp-block-image size-large\"><a href=\"http:\/\/www.rukajarvensuunnanhistoriayhdistys.fi\/historiayhdistys\/wp-content\/uploads\/2025\/01\/A-Ossi-Laine-Matti-Kemppainen-Seppo-Raiha.jpg\"><img decoding=\"async\" src=\"http:\/\/www.rukajarvensuunnanhistoriayhdistys.fi\/historiayhdistys\/wp-content\/uploads\/2025\/01\/A-Ossi-Laine-Matti-Kemppainen-Seppo-Raiha-1024x478.jpg\" alt=\"\" class=\"wp-image-16106\"\/><\/a><\/figure>\n\n\n\n<p><em>Kuvassa vasemmalta yhdistyksemme hallituksen j\u00e4senet Seppo R\u00e4ih\u00e4, Mattki Kemppainen ja Ossi Laine.<\/em><\/p>\n\n\n\n<p>Lieksan kaupunginvaltuuston puheenjohtaja onnitteli Rukaj\u00e4rven suunnan historiayhdistyst\u00e4 huomionosoituksesta, mit\u00e4 Pohjois-Karjalan Rajavartioston komentajan p\u00e4\u00e4t\u00f6s sijoittaa arvokas muistoesine juuri Lieksaan edustaa. Taponen esitti kiitoksensa komentajan lis\u00e4ksi my\u00f6s paikalle saapuneille kolmelle kansanedustajalle, Markku Eestil\u00e4lle, Seppo Eskeliselle ja Hannu Hoskoselle Suomen Eduskunnan Lieksan Rukaj\u00e4rvi-keskuksen kunnostamiseen antamasta huomattavasta 50.000 euron lahjoituksesta.<\/p>\n\n\n\n<p><strong>Tikkanen ylisti avauspuheessaan Rajamiesten sivistystasoa.<\/strong><\/p>\n\n\n\n<p>Pohjois-Karjalan rajavartioston komentajan p\u00e4\u00e4t\u00f6s vahvistaa k\u00e4sityst\u00e4mme maamme Rajavartiolaitoksen johdon korkeasta sivistystasosta, mit\u00e4 olemme sitoutuneet sotahistoriaty\u00f6ss\u00e4 vaalimaan monin eri tavoin.<\/p>\n\n\n\n<p>Me emme unohda sit\u00e4 mit\u00e4 Rukaj\u00e4rven suunnan kunnioitetut veteraanit komentaja E.J. Raappana sotien aikana ja sotien j\u00e4lkeinen esikuvamme ja ehdoton ykk\u00f6nen maassamme veteraanity\u00f6ss\u00e4 Pentti Perttuli ovat tehneet hyv\u00e4ksemme. Rukaj\u00e4rven suunta tunnetaan tietysti saavutuksistaan. Talvisodassa E.J. Raappanan johtama Lieksan rintama oli ainut, mink\u00e4 alueella sodan lopussa ei ollut vihollisen joukkoja ja Jatkosodassa Rukaj\u00e4rven suunta oli ainut rintama, joka s\u00e4ilytti hy\u00f6kk\u00e4ysvaiheen asemansa Mustalta merelt\u00e4 J\u00e4\u00e4merelle ulottuvalla rintamalla sodan loppuun asti.<\/p>\n\n\n\n<p>Rukaj\u00e4rven suunta tunnetaan my\u00f6s sotien aikaisesta kulttuurity\u00f6st\u00e4\u00e4n. Suunnan huoltorahasto, mink\u00e4 kautta avustettiin kotirintamaa ja kaatuneitten omaisten el\u00e4m\u00e4\u00e4 oli Jatkosodan tuottoisin. Tietenk\u00e4\u00e4n mik\u00e4\u00e4n asia ei ole yhdest\u00e4 miehest\u00e4 kiinni, mutta sivistynyt rajamies \u2013 Pielisen-Karjalan oma poika, komentaja E.J. Raappana n\u00e4ki, miten kansa pelastuu asevelihengen avulla. Piispa Jari Jolkkosen sanoin \u201dYhdess\u00e4 olemme vahvempia\u201d.<\/p>\n\n\n\n<p>Pohjois-Karjalan Rajavartioston komentaja eversti Matti Rajaniityn p\u00e4\u00e4t\u00f6ksess\u00e4 n\u00e4emme samaa mink\u00e4 mukaisesti em. arvostamamme rajamiehet E.J. Raappana ja Pentti Perttuli toimivat kansansa hyv\u00e4ksi. P\u00e4\u00e4t\u00f6ksenne sijoitta pitk\u00e4\u00e4n etsim\u00e4mme Rukaj\u00e4rven suunnan veteraanien ylip\u00e4\u00e4llik\u00f6lleen 75-vuotislahja Marskin Maja ja siihen kuuluvan arvorakennuksen osa on meille ja Lieksalle sek\u00e4 koko It\u00e4-Suomelle huomionosoitus mit\u00e4 arvostamme. Lieksan Lehti nimesi porraskiven \u201dGraalin maljaksi\u201d. Sit\u00e4 se on, mik\u00e4 luo yhdess\u00e4 Lieksassa esiintyv\u00e4n talkoohengen my\u00f6t\u00e4 uskoa kansalaisille ja alueen elinkeinotoiminnalle. Uskomme, ett\u00e4 monet vieraat tulevat tutustumaan t\u00e4h\u00e4n arvokkaaseen museoesineeseen niin kotimaasta kuin ulkomailta.<\/p>\n\n\n\n<p>Kerron my\u00f6hemmin tarkemmin siit\u00e4, miten paljon teimmek\u00e4\u00e4n ty\u00f6t\u00e4, l\u00f6yt\u00e4\u00e4ksemme juuri tuon porraskiven <strong>Graalin maljan, jota kuvataan<\/strong>&nbsp;kristinuskon&nbsp;mytologiassa&nbsp;astiaksi, johon&nbsp;Joosef Arimatialainen&nbsp;otti talteen&nbsp;verta&nbsp;ristiinnaulitun&nbsp;Jeesuksen&nbsp;haavoista. Juuri Rukaj\u00e4rvi-keskukseen sijoitettu porraskivi on sille meid\u00e4nkin mielest\u00e4mme ainut oikea paikka.<\/p>\n\n\n\n<p><strong>Kansanedustajat esittiv\u00e4t tyytyv\u00e4isyytens\u00e4<\/strong><\/p>\n\n\n\n<p>Paikalla saapuneet kansanedustajat olivat sopineet, ett\u00e4 heid\u00e4n yhteisen puheenvuoronsa tilaisuudessa k\u00e4ytt\u00e4\u00e4 kansanedustaja Markku Eestil\u00e4. H\u00e4n halusi koko eduskunnan puolesta onnitella Lieksan Rukaj\u00e4rvi-keskusta saamastaan arvokkaasta huomionosoituksesta, jota Marskin Majan porraskivi parhaimmillaan edustaa.<\/p>\n\n\n\n<p>Eestil\u00e4 totesi, ett\u00e4 maanpuolustusty\u00f6h\u00f6n osallistuminen ei ole kansanedustajien puolelta \u201dvaivautumista\u201d, vaan velvollisuus tukea sit\u00e4. H\u00e4n korosti, ett\u00e4 kaikki kansanedustajat katsovat t\u00e4h\u00e4n hankkeeseen osoittamansa rahallisen lahjoituksen ja tuen olevan osoitus my\u00f6s sille kansalaistoiminnalle, johon kaikki talkooty\u00f6t\u00e4 tehneet ovat osallistuneet.<\/p>\n\n\n\n<p>Lieksan rautatieaseman kunnostaminen oli my\u00f6s kulttuurihistoriallisesti merkitt\u00e4v\u00e4\u00e4 ty\u00f6t\u00e4, jota kansanedustajat arvostavat. Eestil\u00e4 ja muut kansanedustajat halusivat tuellaan osoittaa, ett\u00e4 erityisesti t\u00e4m\u00e4 talkooty\u00f6 on pantu merkille my\u00f6s \u201dp\u00e4\u00e4kallon paikalla\u201d. H\u00e4n painotti, ett\u00e4 talkooty\u00f6ntekij\u00f6iden panos on ollut korvaamaton ja ansaitsee kiitoksen my\u00f6s eduskunnalta.<\/p>\n\n\n\n<p>Lopuksi Eestil\u00e4 muistutti, ett\u00e4 Lieksan rautatieasema oli sodan aikana yksi merkitt\u00e4vimmist\u00e4 paikoista. Nyt t\u00e4m\u00e4 kulttuurihistoriallisesti merkitt\u00e4v\u00e4 rakennus on pelastettu ja saatu kansalaisten yhteiseen k\u00e4ytt\u00f6\u00f6n talkooty\u00f6n avulla. \u201dJuuri t\u00e4m\u00e4nkaltaista ty\u00f6t\u00e4 pid\u00e4mme kansanedustajina kulttuurihistoriallisesti erityisen arvokkaana\u201d, Eestil\u00e4 totesi p\u00e4\u00e4tt\u00e4ess\u00e4\u00e4n puheenvuoronsa.<\/p>\n\n\n\n<p><strong>Yhdistyksen kiitos kansanedustajille<\/strong><\/p>\n\n\n\n<p>Tikkanen kiitti lopuksi kansanedustajia yhdistykselle osoitetusta Lieksan rautatieaseman kunnostamiseen tarkoitetusta lahjoituksesta todeten, ettei varoja k\u00e4ytet\u00e4 tuhlaten, vaan harkiten ja siten ett\u00e4 niiden avulla voidaan l\u00e4mmitysj\u00e4rjest\u00e4m\u00e4\u00e4 muuttamalla \u00f6ljyl\u00e4mmityksest\u00e4 maal\u00e4mp\u00f6\u00f6n alentaa rakennuksen k\u00e4ytt\u00f6kuluja vuositasolla siten, ett\u00e4 asema pysyy avoimena yleis\u00f6lle joukkoliikenteen odotustilana jatkossakin.<\/p>\n\n\n\n<figure class=\"wp-block-image size-large\"><a href=\"http:\/\/www.rukajarvensuunnanhistoriayhdistys.fi\/historiayhdistys\/wp-content\/uploads\/2024\/09\/Asema-1-7-9-2024-scaled.jpg\"><img decoding=\"async\" src=\"http:\/\/www.rukajarvensuunnanhistoriayhdistys.fi\/historiayhdistys\/wp-content\/uploads\/2024\/09\/Asema-1-7-9-2024-1024x768.jpg\" alt=\"\" class=\"wp-image-15905\"\/><\/a><\/figure>\n\n\n\n<p><em>Lieksan rautatieasema on yleis\u00f6lle avoin odotustila palveluineen.<\/em><\/p>\n\n\n\n<p><strong>Marskin Majan tarina<\/strong><\/p>\n\n\n\n<p>Tikkaselta kuultiin tilaisuudessa v\u00e4rik\u00e4s kertomus siit\u00e4, miten he olivat paria viikkoa my\u00f6hemmin kuin rajamiehet olleet samalla paikalla etsim\u00e4ss\u00e4 kive\u00e4, mutta eih\u00e4n sit\u00e4 l\u00f6ytynyt, koska sen jo olivat korjanneet talteen Pohjois-Karjalan rajamiehet. Kiven etsinn\u00e4t olivat jatkuneet Suomen puolella ensin Mikkelin p\u00e4\u00e4majaan Sairilan kartanon saunalle, mik\u00e4 kerrottiin Mikkelist\u00e4 siirretyn Marskin Kirkniemen kartanoon. Kartanon nykyisen omistajan edustaja vuorineuvos Kari Jordan oli ilmoittanut tarvitsevansa kiven, mik\u00e4li sellainen l\u00f6ytyisi v. 1968 palaneen saunan rauniosta, uuden saunan rappukiven\u00e4.<\/p>\n\n\n\n<p>Tikkanen kertoi, ett\u00e4 vuoden 2021 syyskuussa saatiin oikea tieto Sairilan saunan olevankin Marskin henkil\u00e4\u00e4k\u00e4rill\u00e4 Kalajan kes\u00e4asunnolla Espoon Looj\u00e4rven rannalla. Sinne matkattiin veteraani Aulis Lintusen kanssa toiveikkaina, jospa saunan porraskivi vihdoin l\u00f6ytyisi. No ei l\u00f6ytynyt, joten nyt kun yll\u00e4tt\u00e4in saatiin tieto, ett\u00e4 saunan porraskivi on oikeasti olemassa ja ett\u00e4 se tultaisiin viel\u00e4p\u00e4 luovuttamaan Lieksan Rukaj\u00e4rvi-keskukseen olimme siit\u00e4 todella yll\u00e4ttyneit\u00e4. Luonnollisesti otamme t\u00e4m\u00e4n kiven kiitollisina vastaan ja olemme siksi halunneet sijoittaa kiven veteraaniperinteit\u00e4 kunnioittaen yhdistyksemme hallituksen j\u00e4senen valmistamaan vitriiniin. Vitriinin on tehnyt omin k\u00e4sin paltamolainen Ossi Laine.<\/p>\n\n\n\n<figure class=\"wp-block-image size-large\"><a href=\"http:\/\/www.rukajarvensuunnanhistoriayhdistys.fi\/historiayhdistys\/wp-content\/uploads\/2025\/01\/114682_23922-scaled.jpg\"><img decoding=\"async\" src=\"http:\/\/www.rukajarvensuunnanhistoriayhdistys.fi\/historiayhdistys\/wp-content\/uploads\/2025\/01\/114682_23922-1010x1024.jpg\" alt=\"\" class=\"wp-image-16107\"\/><\/a><\/figure>\n\n\n\n<p><em>Marski otti vastaan syntym\u00e4p\u00e4iv\u00e4lahjansa 9. &#8211; 12.9.1942 Rukaj\u00e4rvell\u00e4.<\/em><\/p>\n\n\n\n<p><strong>Kysymyksess\u00e4 ei ole mik\u00e4 tahansa maja<\/strong><\/p>\n\n\n\n<p>Rukaj\u00e4rven suunnan sotilaan E.J. Raappanan johdolla rakensivat Marskin Majan saunarakennuksineen Marsalkka Mannerheimille 75-vuotislahjaksi 4. kes\u00e4kuuta vuonna 1942. Alun perin maja rakennettiin Repolan Lieksaj\u00e4rven rantaan. Sodan loppuvaiheessa maja purettiin ja siirrettiin takaisin Suomen puolelle. Rakennusmateriaalit varastoitiin Kyl\u00e4nlahden juna-asemalle ja irtain s\u00e4il\u00f6ttiin Lieksan Rajakomppanian varastoihin. Maja uudelleenrakennettiin Lopelle vuonna 1945, jolloin sen hallinnoinnin aloitti Marsalkka Mannerheimin Mets\u00e4stysmaja ry.<\/p>\n\n\n\n<p>Tilaisuudessa kuultiin my\u00f6s musiikkia, aluksi lahtelaisen opettaja Emmi Mustosen s\u00e4velt\u00e4m\u00e4 ja sanoittama kappale \u201dPapan perint\u00f6\u201d. Sen esittiv\u00e4t Mustosen lapset. Kappale voitti vuonna 2018 Sotaveteraaniliiton s\u00e4vellyskilpailun ja sen kantaesitys oli Finnlandia-talossa. Mustosen ukki on Rukaj\u00e4rven veteraani. Lopuksi kuultiin yhdistyksen j\u00e4senten Taito Kainolaisen esitys Rukaj\u00e4rven laulu, s\u00e4est\u00e4j\u00e4n\u00e4 Raimo Jokisalmi. Sanat ovat veteraani Paavo Lehikoisen.<\/p>\n\n\n\n<p>Tilaisuuden lopuksi oli Lieksan Tukipisteen toimesta j\u00e4rjestetty kahvitarjoilu. Kansanedustajat saattoivat nauttia juhlakahvinsa \u201dKolin\u201d maisemakoristeisista kupeista.<\/p>\n","protected":false},"excerpt":{"rendered":"<p>Lokakuussa Lieksan juna-asemalle avautunut Rukaj\u00e4rvi-keskuksen Raappana Sali sai merkitt\u00e4v\u00e4n lahjoituksen Pohjois-Karjalan rajavartioston komentajan, eversti Matti Pitk\u00e4niityn, luovutettua Lieksaan vuonna 1942 marsalkka Mannerheimille rakennetun mets\u00e4stysmajan saunapolun askelkiven. Eversti Matti Pitk\u00e4niitty MTV3:n <a class=\"more-link\" href=\"https:\/\/www.rukajarvensuunnanhistoriayhdistys.fi\/rukajarvikeskus\/tapahtumat\/keskiviikkona-22-1-2015-lieksan-rukajarvi-keskuksessa-juhlapaiva\/\">Lue lis\u00e4\u00e4&#8230;<span class=\"screen-reader-text\">Keskiviikkona 22.1.2015 &#8211; Lieksan Rukaj\u00e4rvi-keskuksessa juhlap\u00e4iv\u00e4<\/span><span class=\"meta-nav\">\u2192<\/span><\/a><\/p>\n","protected":false},"author":4,"featured_media":0,"comment_status":"closed","ping_status":"open","sticky":false,"template":"","format":"standard","meta":{"ngg_post_thumbnail":0,"_jetpack_newsletter_access":"","_jetpack_dont_email_post_to_subs":false,"_jetpack_newsletter_tier_id":0,"_jetpack_memberships_contains_paywalled_content":false,"_jetpack_memberships_contains_paid_content":false,"footnotes":""},"categories":[26,32,15],"tags":[],"class_list":["post-11900","post","type-post","status-publish","format-standard","hentry","category-ajankohtaista","category-historiayhdistys","category-tapahtumat"],"jetpack_featured_media_url":"","jetpack_sharing_enabled":true,"jetpack_shortlink":"https:\/\/wp.me\/p72N2f-35W","_links":{"self":[{"href":"https:\/\/www.rukajarvensuunnanhistoriayhdistys.fi\/rukajarvikeskus\/wp-json\/wp\/v2\/posts\/11900","targetHints":{"allow":["GET"]}}],"collection":[{"href":"https:\/\/www.rukajarvensuunnanhistoriayhdistys.fi\/rukajarvikeskus\/wp-json\/wp\/v2\/posts"}],"about":[{"href":"https:\/\/www.rukajarvensuunnanhistoriayhdistys.fi\/rukajarvikeskus\/wp-json\/wp\/v2\/types\/post"}],"author":[{"embeddable":true,"href":"https:\/\/www.rukajarvensuunnanhistoriayhdistys.fi\/rukajarvikeskus\/wp-json\/wp\/v2\/users\/4"}],"replies":[{"embeddable":true,"href":"https:\/\/www.rukajarvensuunnanhistoriayhdistys.fi\/rukajarvikeskus\/wp-json\/wp\/v2\/comments?post=11900"}],"version-history":[{"count":3,"href":"https:\/\/www.rukajarvensuunnanhistoriayhdistys.fi\/rukajarvikeskus\/wp-json\/wp\/v2\/posts\/11900\/revisions"}],"predecessor-version":[{"id":11904,"href":"https:\/\/www.rukajarvensuunnanhistoriayhdistys.fi\/rukajarvikeskus\/wp-json\/wp\/v2\/posts\/11900\/revisions\/11904"}],"wp:attachment":[{"href":"https:\/\/www.rukajarvensuunnanhistoriayhdistys.fi\/rukajarvikeskus\/wp-json\/wp\/v2\/media?parent=11900"}],"wp:term":[{"taxonomy":"category","embeddable":true,"href":"https:\/\/www.rukajarvensuunnanhistoriayhdistys.fi\/rukajarvikeskus\/wp-json\/wp\/v2\/categories?post=11900"},{"taxonomy":"post_tag","embeddable":true,"href":"https:\/\/www.rukajarvensuunnanhistoriayhdistys.fi\/rukajarvikeskus\/wp-json\/wp\/v2\/tags?post=11900"}],"curies":[{"name":"wp","href":"https:\/\/api.w.org\/{rel}","templated":true}]}}