{"id":11913,"date":"2025-02-09T17:18:56","date_gmt":"2025-02-09T14:18:56","guid":{"rendered":"http:\/\/www.rukajarvensuunnanhistoriayhdistys.fi\/rukajarvikeskus\/?p=11913"},"modified":"2025-02-10T23:05:10","modified_gmt":"2025-02-10T20:05:10","slug":"rauhanturvaajat-kokoontuivat-runnilla-8-2-2025-nelja-tuntia-sotahistoriatyosta","status":"publish","type":"post","link":"https:\/\/www.rukajarvensuunnanhistoriayhdistys.fi\/rukajarvikeskus\/tapahtumat\/rauhanturvaajat-kokoontuivat-runnilla-8-2-2025-nelja-tuntia-sotahistoriatyosta\/","title":{"rendered":"Rauhanturvaajat kokoontuivat Runnilla 8.2.2025 \u2013 nelj\u00e4 tuntia sotahistoriaty\u00f6st\u00e4"},"content":{"rendered":"<div class=\"fcbkbttn_buttons_block\" id=\"fcbkbttn_left\"><div class=\"fcbkbttn_like \"><fb:like href=\"https:\/\/www.rukajarvensuunnanhistoriayhdistys.fi\/rukajarvikeskus\/tapahtumat\/rauhanturvaajat-kokoontuivat-runnilla-8-2-2025-nelja-tuntia-sotahistoriatyosta\/\" action=\"like\" colorscheme=\"light\" layout=\"button_count\"  size=\"small\"><\/fb:like><\/div><\/div>\n<p>Pohjois-Savon Rauhanturvaajat halusivat esitell\u00e4 maakuntansa kulttuuri- ja sotahistoriaty\u00f6t\u00e4 j\u00e4senkunnalleen. Syksyn alussa heid\u00e4n j\u00e4rjest\u00e4m\u00e4ll\u00e4 matkalla tutustuttiin It\u00e4-Suomen sotahistoriakohteisiin ja siin\u00e4 keskeisess\u00e4 osassa olivat Rukaj\u00e4rven suunnan taistelupaikat Lieksassa.<\/p>\n\n\n\n<p>T\u00e4ll\u00e4 kertaa vuorossa oli perehtyminen varsinaiseen Rukaj\u00e4rven suunnan sotahistoriaty\u00f6h\u00f6n. Tilaisuus pidettiin Runnin kulttuurihistoriallisessa ymp\u00e4rist\u00f6ss\u00e4. Tilasuuteen oli kutsuttu henkil\u00f6it\u00e4 my\u00f6s Pohjanmaalta ja Pohjois-Karjalasta.<\/p>\n\n\n\n<figure class=\"wp-block-image size-large\"><a href=\"http:\/\/www.rukajarvensuunnanhistoriayhdistys.fi\/historiayhdistys\/wp-content\/uploads\/2025\/02\/Hannu-Ruotsalainen-pj-rauhanturvaajat-IMG_20250208_155046-scaled.jpg\"><img decoding=\"async\" src=\"http:\/\/www.rukajarvensuunnanhistoriayhdistys.fi\/historiayhdistys\/wp-content\/uploads\/2025\/02\/Hannu-Ruotsalainen-pj-rauhanturvaajat-IMG_20250208_155046-1024x768.jpg\" alt=\"\" class=\"wp-image-16149\"\/><\/a><\/figure>\n\n\n\n<p><em>Tapahtuman avasi puheenjohtaja Hannu Ruotsalainen.<\/em><\/p>\n\n\n\n<p>Tilaisuudessa kuultiin puheenjohtaja Tenho Tikkasen esitelm\u00e4 <strong>\u201dPentti Perttulin sotahistoriaty\u00f6\u201d<\/strong>.<\/p>\n\n\n\n<p>Julkaisemme seuraavassa puheenjohtaja Tenho Tikkasen tilaisuuden avauspuheen ja tilaisuuden p\u00e4\u00e4tteeksi h\u00e4nen pit\u00e4m\u00e4ns\u00e4 kiitospuheen.<\/p>\n\n\n\n<p>Tilaisuuden ohjelman arvostusta lis\u00e4si se, ett\u00e4 siin\u00e4 keskityttiin maamme ylivoimaisen mestarin&nbsp;<strong>Pentti Perttulin<\/strong>&nbsp;sotahistoriaty\u00f6n esittelyyn ja tilaisuudessa n\u00e4htiin my\u00f6s Perttulin keskeisimm\u00e4n sotahistoriaty\u00f6n puhe, mink\u00e4 h\u00e4n piti 6.9.2008 Kajaanin veteraanitapaamisen yhteydess\u00e4. Dokumentin nimi on \u201dKaikki alkoi Kajaanista\u201d.<\/p>\n\n\n\n<p>Tikkasen esitelm\u00e4 tiivistyi dokumentissa esille tuleviin asiakokonaisuuksiin. Tuon j\u00e4lkeen perustettiin Rukaj\u00e4rven suunnan historiayhdistys ry., mik\u00e4 on noussut loppujen lopuksi lyhyess\u00e4 ajassa maamme arvostetuimmalle paikalle. Yhdistys on koonnut maan laajimman veteraanihaastatteluaineiston, sill\u00e4 on laajin kirjallinen tuotanto mik\u00e4 k\u00e4sitt\u00e4\u00e4 yli 100 teosta ja yhdistys on perustanut kaikkiaan kolme&nbsp;<strong>Rukaj\u00e4rvi-keskusta<\/strong>, mitk\u00e4 toimivat nykyisin&nbsp;<strong>Kiuruvedell\u00e4, Raatteentiell\u00e4 ja Lieksassa. <\/strong>Lis\u00e4ksi yhdistyksell\u00e4 on omistuksessa koko Rautatieaseman rakennukset eli 825 neli\u00f6n n\u00e4yttelytilat, joita ymp\u00e4r\u00f6i hehtaarin tontti. Lis\u00e4ksi yhdistys hallinnoi maamme ainutta auktorisoitua Jatkosodan taistelutiet\u00e4 eli&nbsp;<strong>Rukaj\u00e4rven tiet\u00e4 <\/strong>n\u00e4yttelyineen.<\/p>\n\n\n\n<p>Tikkanen kertoi, ett\u00e4 yhdistyksen n\u00e4yttelytiloja on yhteens\u00e4 yli 1200 neli\u00f6t\u00e4 kuudessa eri kohteessa, Kiuruvedell\u00e4 n\u00e4yttelyt siirtyv\u00e4t vesivahingon vuoksi kuluvan vuoden aikana entist\u00e4 parempiin tiloihin.<\/p>\n\n\n\n<p><strong>Tilaisuudessa kuultiin kaksi musiikkiesityst\u00e4, jotka Tikkanen esitteli.<\/strong> Ensin kuultiin musiikkikappale Emmi Mustosen sanoittaman ja s\u00e4velt\u00e4m\u00e4 <strong>\u201dPapan perint\u00f6\u201d. <\/strong>Emmi Mustonen asuu Lahdessa, h\u00e4nen ukkinsa on Rukaj\u00e4rven suunnan veteraani <strong><a href=\"https:\/\/www.youtube.com\/watch?v=2d_ZeKB6yQQ\">T\u00c4\u00c4LT\u00c4<\/a><\/strong>: <strong>Kiitos Teille veteraanit<\/strong> (132.002 katselukertaa\/8.2.2025) Veteraanikuorossa esiintyi tuolloin Rukaj\u00e4rven veteraani <strong>Aulis Lintunen<\/strong>, h\u00e4net erottaa pienest\u00e4 koostaan): <strong><a href=\"https:\/\/www.youtube.com\/watch?v=UdmQnmWKwRA\">T\u00c4\u00c4LT\u00c4<\/a><\/strong>:<\/p>\n\n\n\n<figure class=\"wp-block-image size-large\"><a href=\"http:\/\/www.rukajarvensuunnanhistoriayhdistys.fi\/historiayhdistys\/wp-content\/uploads\/2025\/02\/Arto-Pyykonen-Mauri-Pekurinen-Juhani-Bocdanov-IMG_20250208_154229-scaled.jpg\"><img decoding=\"async\" src=\"http:\/\/www.rukajarvensuunnanhistoriayhdistys.fi\/historiayhdistys\/wp-content\/uploads\/2025\/02\/Arto-Pyykonen-Mauri-Pekurinen-Juhani-Bocdanov-IMG_20250208_154229-1024x768.jpg\" alt=\"\" class=\"wp-image-16150\"\/><\/a><\/figure>\n\n\n\n<p><em>Tilaisuudessa muistettiin kriisinhallintaveteraanivelji\u00e4&nbsp;syntym\u00e4p\u00e4ivien johdosta. <strong>Arto Pyykk\u00f6nen<\/strong>&nbsp;t\u00e4ytti 60 vuotta ja&nbsp;<strong>Juhani Bogdanovin<\/strong>&nbsp;t\u00e4ytti 70 vuotta. Kuvassa keskell\u00e4 kriisinhallintaveteraaniveljille onnittelupuheen pit\u00e4nyt rauhanturvaajaveteraanivastaava Mauri Pekurinen. Pekurinen johti my\u00f6s syksyll\u00e4 rauhanturvaajien tutustumismatkaa mm. Lieksan kohteisiin.<\/em><\/p>\n\n\n\n<figure class=\"wp-block-image size-large\"><a href=\"http:\/\/www.rukajarvensuunnanhistoriayhdistys.fi\/historiayhdistys\/wp-content\/uploads\/2025\/02\/Anne-Salo-TT-Tuula-MakliI-MG_20250208_1447502.jpg\"><img decoding=\"async\" src=\"http:\/\/www.rukajarvensuunnanhistoriayhdistys.fi\/historiayhdistys\/wp-content\/uploads\/2025\/02\/Anne-Salo-TT-Tuula-MakliI-MG_20250208_1447502-1024x696.jpg\" alt=\"\" class=\"wp-image-16151\"\/><\/a><\/figure>\n\n\n\n<p><em>Tikkanen tapasi ensimm\u00e4isen kerran naispuolisia rauhanturvaajia. Kuvassa&nbsp;<strong>Anne Salo<\/strong>, joka toimi vuoden ajan 1991-1992 toimistoaliupseerina ja&nbsp;<strong>Tuula H\u00e4kli<\/strong>&nbsp;vastaavasti vuonna 1992-1993&nbsp;Golanilla kentt\u00e4postimiehen\u00e4.<\/em><\/p>\n\n\n\n<p><em>Tikkaselle tilaisuudessa luovutettiin Rauhanturvaajien Kriisinhallintaveteraanimerkki. Tikkasella on kaulassaan Jotos-riipus. Jotos patsas paljastettiin Lieksan Vapaudenpuistossa 5.6.1966. T\u00e4t\u00e4 tilaisuutta pidet\u00e4\u00e4n Rukaj\u00e4rven suunnan sotahistoriaty\u00f6n ensimm\u00e4isen\u00e4 j\u00e4rjest\u00e4ytyneen toiminnan tilaisuutena. Rukaj\u00e4rven suunnan merkist\u00e4 kuultiin Tikkasen esitelm\u00e4tilaisuudessa sek\u00e4 Tikkasen itsens\u00e4, ett\u00e4 Perttulin puheen kautta tyhjent\u00e4v\u00e4n\u00e4 selvityksen\u00e4.<\/em><\/p>\n\n\n\n<p><em>Suomen Rauhanturvaajaliitto ry on rekister\u00f6inyt Kriisinhallintaveteraanimerkin tunnusmerkiksi, ja sen symboliikka \u2013 miekka, josta versoo oliivipuun oksa \u2013 kuvastaa rauhanturvaajien ty\u00f6t\u00e4.<\/em><\/p>\n\n\n\n<p>***<\/p>\n\n\n\n<p>Julkaisemme pj. Tenho Tikkanen avauspuheen seuraavaksi kokonaisuudessaan<\/p>\n\n\n\n<p><strong>Arvoisat rauhanturvaajat, hyv\u00e4t kuulijat.<\/strong><\/p>\n\n\n\n<p>Ensinn\u00e4kin haluan kiitt\u00e4\u00e4 teit\u00e4 kutsusta tulla puhumaan t\u00e4h\u00e4n arvokkaaseen tilaisuuteen Rukaj\u00e4rven suunnan historiayhdistyksen edustajana. Erityisesti t\u00e4ss\u00e4 tilaisuudessa haluan nostaa esille Rukaj\u00e4rven suunnan veteraani Pentti Perttulin, jota pid\u00e4n merkitt\u00e4vimp\u00e4n\u00e4 sotahistoriaty\u00f6n vaikuttajana maassamme.<\/p>\n\n\n\n<p>Samalla pyyd\u00e4n anteeksi sit\u00e4, ett\u00e4 tunnen ty\u00f6t\u00e4nne rauhanturvaajina vain pintapuolisesti. Kuitenkin tied\u00e4n, ett\u00e4 ty\u00f6nne on keskeist\u00e4 kriisialueiden olojen parantamisessa ja pysyv\u00e4n rauhan edist\u00e4misess\u00e4. Rauhanturvaaminen on yksi tapa auttaa valtioita ja kiistanalaisia osapuolia luomaan k\u00e4yt\u00e4nn\u00f6n ratkaisuja. Teht\u00e4v\u00e4nne perustuu YK:n peruskirjaan ja sen s\u00e4\u00e4nt\u00f6ihin, joilla turvataan rauhanomainen ratkaisu konflikteihin ja tarvittaessa my\u00f6s aktiiviset toimenpiteet kansainv\u00e4lisen turvallisuuden takaamiseksi kullakin alueella.<\/p>\n\n\n\n<p>Minulla on ollut kunnia tuntea rauhanturvaajina palvelleita henkil\u00f6it\u00e4, jotka ovat kohdanneet vaativia tilanteita, joissa konfliktien sovittelu on ollut erityisen haastavaa. Haluan t\u00e4ss\u00e4 yhteydess\u00e4 mainita edesmenneen kirkkoherra, dosentti <strong>Ahti Hakamiehen<\/strong>. H\u00e4n toimi sotilaspappina YK:n rauhanturvateht\u00e4viss\u00e4 Kyproksella vuonna 1964 ja kantoi raskaan vastuun kaatuneen suomalaisen YK-sotilaan kotiin saattamisesta. Hakamies oli merkitt\u00e4v\u00e4 teologi ja yhteiskunnallinen vaikuttaja, joka n\u00e4ki uskonnon merkityksen muuttuvassa maailmassa ja korosti kristinuskon vaikutusta laajemminkin yhteiskunnallisessa keskustelussa.<\/p>\n\n\n\n<p>Vuonna 1994 matkustin&nbsp;<strong>Hakamiehen<\/strong>&nbsp;kyydiss\u00e4 Jyv\u00e4skyl\u00e4st\u00e4 Pielavedelle h\u00e4nen Ford Anglia-merkkisess\u00e4 autossaan. H\u00e4n harrasti my\u00f6s ralliautoilua. Huoleton veikko \u2013 koko tie oli k\u00e4yt\u00f6ss\u00e4. V\u00e4lill\u00e4 oli pakko kaksin k\u00e4sin tarttua penkist\u00e4 kiinni. Kuulin h\u00e4nen lausuvan \u2013 ei mit\u00e4\u00e4n huolta. Koko matkan ajan h\u00e4n kertoi huumorilla h\u00f6ystettyj\u00e4 tarinoita. Yksi tarinoista koski muuttoa yliopistomaailmasta Tuupovaaran kirkkoherraksi. H\u00e4n kertoi rakentaneensa omin k\u00e4sin hirsist\u00e4 kodin itselleen. Keskell\u00e4 mets\u00e4\u00e4 puolen y\u00f6n maissa kuutamolla h\u00e4n oli saanut nostetuksi pitk\u00e4n rungonmittaisen viimeisen hirren sein\u00e4n p\u00e4\u00e4lle. Laskeuduttuaan tellingeilt\u00e4 alas, h\u00e4n kertoi hyp\u00e4nneens\u00e4 ilmaan, ly\u00f6neens\u00e4 siin\u00e4 kantap\u00e4\u00e4t yhteen Chaplinin tapaan ja kertoi hihkaisseensa \u201dhip hei\u201d. H\u00e4n kertoi, ett\u00e4 t\u00e4t\u00e4 esityst\u00e4 oli todistamassa vain yksi luojan luoma olento eli p\u00f6ll\u00f6, joka oli kiinni pihakuusen latvaoksassa niin lujasti, ett\u00e4 se j\u00e4i siihen viel\u00e4 istumaan, kun kirkkoherra poistui tontilta p\u00e4iv\u00e4ty\u00f6n tehty\u00e4\u00e4n.<\/p>\n\n\n\n<p>Rauhanturvaajien ja Rukaj\u00e4rven suunnan historiayhdistyksen yhteinen historia ulottuu yhdistyksemme perustamiseen vuonna 2009&nbsp;<strong>Marskin Majalla. <\/strong>Ja my\u00f6s heti sen j\u00e4lkeen, kun&nbsp;<strong>Rukaj\u00e4rven tie<\/strong>&nbsp;vihittiin k\u00e4ytt\u00f6\u00f6n 2.7.2011, rauhanturvaajat olivat mukana talkooty\u00f6ss\u00e4 mm. Kallioj\u00e4rven opasteen pystytt\u00e4misess\u00e4.<\/p>\n\n\n\n<figure class=\"wp-block-image size-large\"><a href=\"http:\/\/www.rukajarvensuunnanhistoriayhdistys.fi\/historiayhdistys\/wp-content\/uploads\/2025\/02\/Rukajarven-tie-1-18-6-2011-Kalliojarvi.jpg\"><img decoding=\"async\" src=\"http:\/\/www.rukajarvensuunnanhistoriayhdistys.fi\/historiayhdistys\/wp-content\/uploads\/2025\/02\/Rukajarven-tie-1-18-6-2011-Kalliojarvi-1024x828.jpg\" alt=\"\" class=\"wp-image-16152\"\/><\/a><\/figure>\n\n\n\n<p>Talkoolaisina toimivat <strong>Taisto Koponen, Jaakko Ryyn\u00e4nen, Osmo Heiskanen, Esko Heikkinen ja Esko Harjunen.<\/strong><\/p>\n\n\n\n<p>Olen keskustellut usein n\u00e4ist\u00e4 ajoista erityisesti Esko Heikkisen kanssa. Vuonna 1999, kun Rukaj\u00e4rven tie -elokuvan ensiesitys j\u00e4rjestettiin Lieksassa, Esko ajoi elokuvan j\u00e4lkeen Rukaj\u00e4rven tiet\u00e4 ja laski \u00c4n\u00e4k\u00e4isen Salpaetuaseman Talvisodan muistomerkille siniset iirikset. H\u00e4n on my\u00f6s kirjailija ja kirjoittanut mielenkiintoisen teoksen \u201dReportterin aikamatka \u2013 tuokiokuvia Rukaj\u00e4rven tielt\u00e4 Rangooniin\u201d.<\/p>\n\n\n\n<p>Ehk\u00e4 kuitenkin l\u00e4heisin ihminen on suuresti kunnioittamani Verohallituksen Verotarkastusyksik\u00f6n johtajana ja harmaan talouden tutkijana sek\u00e4 Viranomaisyhteisty\u00f6keskuksen johtajana toiminut Markku Hirvonen. H\u00e4n toimi my\u00f6s rauhanturvaajana Kyproksella 1967, ensimm\u00e4iset 3 kuukautta j\u00e4\u00e4k\u00e4rijoukkueen johtajana ja toisen kolme kuukautta operatiivisen toimiston tilannep\u00e4ivyst\u00e4j\u00e4n\u00e4, pataljoonan p\u00e4ivyst\u00e4v\u00e4n\u00e4 upseerina. Pataljoonassa oli tuolloin reissussa 600 miest\u00e4.&nbsp;Sotilasarvoltaan Hirvonen on komentajakapteeni.<\/p>\n\n\n\n<p>Uskon, ett\u00e4 juuri Te kuulutte siihen samaan kansakuntamme arvokkaimpaan joukkoon, jotka ovat olleet rakentamassa t\u00e4m\u00e4n maan arvokkaimman perustan.<\/p>\n\n\n\n<p>Minusta meid\u00e4n kaikkien kannattaisi kuulla n\u00e4in\u00e4 ep\u00e4varmoina aikoina Teid\u00e4n kokemuksienne lis\u00e4ksi maamme elinoloihin keskeisesti vaikuttaneita veteraaneja ja my\u00f6s niit\u00e4 eri vuosituhannella syntyneit\u00e4 kansanjohtajia kuten Snellman ja Alkio, jonka mielest\u00e4: \u201dIhmisyys ja sen kehitystarve on pantava kaiken yhteiskunnallisen ja valtiollisen uudistamisen pohjaksi\u201d. Alkio oli k\u00e4yt\u00e4nn\u00f6llinen tekij\u00e4, Snellman ajattelija. Johan Vilhelm Snellman (1806\u201381) tunnetaan Suomessa ennen muuta kansallisena her\u00e4tt\u00e4j\u00e4n\u00e4, journalistina ja valtiomiehen\u00e4. Snellmanin asettama kansakunnan peruskivi on kulttuuri.<\/p>\n\n\n\n<p>Seuraavaksi haluan esitell\u00e4 yhdistyksemme toimintaa sek\u00e4 Rukaj\u00e4rvi-keskusten roolia sotahistoriaty\u00f6ss\u00e4. Ty\u00f6mme perustuu siihen, ett\u00e4 muistamme veteraaneja ja s\u00e4ilyt\u00e4mme Suomen sotahistoriaa tuleville sukupolville. Rauhanturvaajat ovat t\u00e4rke\u00e4 osa t\u00e4t\u00e4 perint\u00f6\u00e4, sill\u00e4 he jatkavat ty\u00f6t\u00e4 maailmanrauhan turvaamiseksi ja turvallisuuden edist\u00e4miseksi my\u00f6s rajojemme ulkopuolella.<\/p>\n\n\n\n<p>***<\/p>\n\n\n\n<p><strong>Pj. Tenho Tikkasen kiitospuhe tilaisuuden p\u00e4\u00e4tteeksi kokonaisuudessaan.<\/strong><\/p>\n\n\n\n<p>Arvoisat rauhanturvaajat. Rauhanturvaajat \u2013 ovat nimens\u00e4 veroinen organisaatio. Se k\u00e4sitys vahvistui t\u00e4m\u00e4n nelituntisen iltap\u00e4iv\u00e4n aikana.<\/p>\n\n\n\n<p>Oli ilo saada tervehti\u00e4 Teit\u00e4 t\u00e4ss\u00e4 merkitt\u00e4v\u00e4ss\u00e4 tilaisuudessa ja erityisen hienoa olla t\u00e4\u00e4ll\u00e4 Runnilla, kulttuurihistoriallisesti arvokkaassa paikassa, joka on ollut&nbsp;<strong>Marsalkka Mannerheimin<\/strong>&nbsp;suosiossa itsen\u00e4isyytemme alkuajoilta jo vuosilta 1919\u20131920 l\u00e4htien.<\/p>\n\n\n\n<p>T\u00e4\u00e4ll\u00e4 minulla oli ensi kertaa mahdollisuus tavata naispuolisia rauhanturvaajia. Kiitos&nbsp;<strong>\u201dElisabetin enkeleille\u201d,<\/strong>&nbsp;joiksi Teit\u00e4 kutsutaan. Erityiskiitos toimistoaliupseeri&nbsp;<strong>Anne Salolle<\/strong>&nbsp;ja kentt\u00e4postimies&nbsp;<strong>Tuula H\u00e4klille<\/strong>&nbsp;lyhyest\u00e4 ja antoisasta keskustelusta. Kirjallisuuden kautta olen saanut tiet\u00e4\u00e4, ett\u00e4 naisilta vaadittiin kenties viel\u00e4 suurempaa sitoutumista teht\u00e4v\u00e4\u00e4ns\u00e4. Silti ette itse nostaneet t\u00e4t\u00e4 esiin ty\u00f6ss\u00e4nne, vaan keskityitte vain asian hyv\u00e4\u00e4n hoitamiseen. T\u00e4m\u00e4 kertoo vahvasta ammattitaidostanne ja omistautumisestanne teht\u00e4v\u00e4llenne.<\/p>\n\n\n\n<p>Kuulin, ett\u00e4 kun on ollut kerran rauhanturvaaja, on aina rauhanturvaaja. Teht\u00e4viin hakeutuivat henkil\u00f6t, jotka ymm\u00e4rsiv\u00e4t pysyv\u00e4n rauhan merkityksen kansalaisten ja kansakuntien v\u00e4lill\u00e4. K\u00e4yt\u00e4nn\u00f6n teht\u00e4viss\u00e4nne ei k\u00e4yd\u00e4 oikeutta tai kiistell\u00e4 lillukanvarsista, vaan keskityt\u00e4\u00e4n todellisiin ratkaisuihin.<\/p>\n\n\n\n<p>Rauhanturvaaminen ja kriisinhallinta ovat olleet olennainen osa Suomen ulko- ja turvallisuuspolitiikkaa jo yli kuuden vuosikymmenen ajan. Suomalaisten rauhanturvaajien maine on erinomainen, ja Teid\u00e4n osaamistanne arvostetaan korkealle kansainv\u00e4lisesti. Suezilta alkanut suomalainen rauhanturvaaminen on ollut kansallinen menestystarina, ja kylm\u00e4n sodan aikana se tarjosi Suomelle mahdollisuuden osallistua kansainv\u00e4liseen yhteisty\u00f6h\u00f6n, joka muuten olisi ollut poliittisesti haastavaa.<\/p>\n\n\n\n<p>Maailma muuttuu jatkuvasti, ja niin muuttuvat my\u00f6s rauhanhallintateht\u00e4v\u00e4t. Teht\u00e4vien vaativuus kasvaa ja korostuu entisest\u00e4\u00e4n. Oli hienoa keskustella kanssanne ty\u00f6st\u00e4nne ja kuulla, kuinka huolehditte j\u00e4senkuntanne hyvinvoinnista my\u00f6s palveluksen p\u00e4\u00e4ttymisen j\u00e4lkeen, viel\u00e4 el\u00e4kevuosinakin.<\/p>\n\n\n\n<p>Suomalaisia on ollut rauhanturvaaja teht\u00e4viss\u00e4 l\u00e4hes 50 000 henkil\u00f6\u00e4. Te olette olleet mukana etsim\u00e4ss\u00e4 ratkaisuja aseellisiin konflikteihin yli 30 operaatiossa eri puolilla maailmaa. Toivon, ett\u00e4 Teit\u00e4 kuunnellaan ja ett\u00e4 kokemustanne hy\u00f6dynnet\u00e4\u00e4n rauhan rakentamisessa my\u00f6s tulevaisuudessa. T\u00e4m\u00e4 on toisaalta my\u00f6s oikeaa Is\u00e4nmaallisuutta.<\/p>\n\n\n\n<p>Kiit\u00e4n kutsustanne saada esitell\u00e4 Rukaj\u00e4rven suunnan sotahistoriaty\u00f6t\u00e4 taistelujen ohella. Esitykseni keskittyi p\u00e4\u00e4osin maamme arvostetuimman veteraanin&nbsp;<strong>Pentti Perttulin<\/strong>&nbsp;sotahistoriaty\u00f6n esittelyyn. Saatoin kanssanne keskitty\u00e4 kuulemaanensiesityst\u00e4, mik\u00e4 kuvasi&nbsp;Pentti Perttuli<strong> Rukaj\u00e4rven tie<\/strong>&nbsp;-elokuvan esikuvan sotahistoriaty\u00f6t\u00e4 ja h\u00e4nen perusteellisuuttaan; Perttulin 6.9.2008 pit\u00e4m\u00e4ss\u00e4\u00e4n puheessaan: <strong>\u201dKaikki alkoi Kajaanista\u201d<\/strong>. Sellaista perusteellisuutta min\u00e4 en ole ennen sit\u00e4 enk\u00e4 j\u00e4lkeen sotahistoriaty\u00f6ss\u00e4ni tavannut. Ensiesitys oli Teid\u00e4n oma valinta, mist\u00e4 olen my\u00f6s kovin kiitollinen. Teill\u00e4 oli mahdollisuus tehd\u00e4 valinta kolmen ennen esitt\u00e4m\u00e4tt\u00f6m\u00e4n videonauhoittaan joukosta.<\/p>\n\n\n\n<p>Perttulin hieno, hyvin kohtelias puhe Kajaanissa 6.9.2008 k\u00e4ynnisti repiv\u00e4n, per\u00e4ti loukkaavan nimikeskustelun. Silti olemme onnistuneet luomaan menestyneen yhdistyksen. Olisin toki toivonut, ett\u00e4 korkea-arvoiset upseerit eiv\u00e4t olisi loukanneet arvostettua veteraania, mink\u00e4 seurauksena Perttuli oli menett\u00e4\u00e4 lopulta henkens\u00e4. Perttulia hoidettiin Ilomantsin 26.4.2009 pidetyn nimikiistaa k\u00e4sitelleen kokouksen j\u00e4lkeen Porin yleisen sairaalan teho-osastolla kuoleman vaaran vuoksi kahden viikon ajan.<\/p>\n\n\n\n<p>Kajaanissa 5.-7.9.2008 olin yksi veteraanien valitsemista Rukaj\u00e4rven suunnan historiikkitoimikunnan j\u00e4senist\u00e4. Veteraanit olivat minut ja professori Martti Soikkelin valinneet tuohon teht\u00e4v\u00e4\u00e4n 26.4.2007. Samana p\u00e4iv\u00e4n\u00e4 luovutimme digitoidun veteraanihaastattelujen aineiston Sota-arkistolle. Kajaanin tilaisuudessa Veteraanit pyysiv\u00e4t my\u00f6s nuorempien yhdistyksen tilaisuuteen osallistuvien j\u00e4senten ilmaisevan tulevasta veteraanity\u00f6st\u00e4 mielipiteens\u00e4. Min\u00e4 pyysin, enk\u00e4 sit\u00e4 saanut. Miksi, sille ei ole l\u00f6ytynyt muuta vastausta, kuin ett\u00e4 sen kielt\u00e4j\u00e4ll\u00e4 on kauluksesta ilmenev\u00e4 asema. Oikeuttiko se loukkaamaan arvostettua sodassa ja sodan j\u00e4lkeisess\u00e4 sotahistoriaty\u00f6ss\u00e4 arvostettua veteraania sotahistoriaty\u00f6n alalla.<\/p>\n\n\n\n<p>Perttuli olisi ollut oikeutettu sodassa tulemaan nimitetyksi kaksinkertaiseksi Mannerheim-ristin ritariksi. Itse h\u00e4n arveli asiaa h\u00e4nelt\u00e4 kysytt\u00e4ess\u00e4, ettei ollut esityksen tekij\u00e4\u00e4 ja lis\u00e4kysymykseen miksi, h\u00e4n vastasi, ett\u00e4 ehk\u00e4p\u00e4 esityksen tekij\u00e4 odotti juuri n\u00e4iden t\u00e4ss\u00e4 mainittujen onnistumisten vuoksi esityst\u00e4 itselleen.<\/p>\n\n\n\n<p>Perttuli ansioitui my\u00f6s siviiliss\u00e4. H\u00e4n oli kahden p\u00f6rssiyhti\u00f6n perustaja ja n\u00e4iden pitk\u00e4aikainen toimitusjohtaja el\u00e4kkeelle siirtymiseens\u00e4 asti. H\u00e4nen ansiokseen luettiin my\u00f6s Porin Prikaatin perustaminen S\u00e4kyl\u00e4\u00e4n. Viel\u00e4 el\u00e4kep\u00e4ivin\u00e4\u00e4n h\u00e4n ansioitui sotahistoriaty\u00f6n lis\u00e4ksi kotiseututy\u00f6n alalla. Suomen Kyl\u00e4t ry palkitsi ja valitsi h\u00e4net viel\u00e4 vuonna 2005 <strong>Tienn\u00e4ytt\u00e4j\u00e4ksi.<\/strong><\/p>\n\n\n\n<p>Toivon tapaavani Teid\u00e4t viel\u00e4 Rukaj\u00e4rvi-keskuksissa tulevina vuosina \u2013&nbsp;<strong>Kiuruvedell\u00e4, Raatteentiell\u00e4 tai Lieksassa.<\/strong>&nbsp;Lieksaa pid\u00e4n todellisena&nbsp;\u201dMatkailijan paratiisina\u201d, ja vierailuun kannattaa varata aikaa. Lieksan rautatieaseman n\u00e4yttelyihin Teist\u00e4 monet ovat jo tutustuneetkin. Suosittelen l\u00e4mpim\u00e4sti Lieksan Matkailuoppaita, jotka ovat asiantuntevia ja intohimoisia ty\u00f6ss\u00e4\u00e4n.<\/p>\n\n\n\n<p>Lopuksi haluan kiitt\u00e4\u00e4 Teit\u00e4 tilaisuudessa muistoksi saamastani Kriisinhallintaveteraanimerkist\u00e4, jonka minulle luovuttivat veteraanivastaava&nbsp;<strong>Mauri Pekurinen <\/strong>japuheenjohtaja<strong> Hannu Ruotsalainen<\/strong>.<\/p>\n\n\n\n<p>Kiit\u00e4n viel\u00e4 kerran syd\u00e4mellisesti t\u00e4st\u00e4 arvokkaasta tilaisuudesta ja toivotan Teille kaikille hyv\u00e4\u00e4 terveytt\u00e4, menestyst\u00e4 ja rauhaa el\u00e4m\u00e4\u00e4nne.<\/p>\n\n\n\n<p>Kiitos<\/p>\n\n\n\n<p>***<\/p>\n\n\n\n<p>Suomen Rauhanturvaajaliitto ry on rekister\u00f6inyt Kriisinhallintaveteraanimerkin tunnusmerkiksi, ja sen symboliikka \u2013 miekka, josta versoo oliivipuun oksa \u2013 kuvastaa rauhanturvaajien ty\u00f6t\u00e4.<\/p>\n\n\n\n<figure class=\"wp-block-image size-large\"><a href=\"http:\/\/www.rukajarvensuunnanhistoriayhdistys.fi\/historiayhdistys\/wp-content\/uploads\/2025\/02\/Rahanturvaajat-hiirimatto-8-2-2025.jpg\"><img decoding=\"async\" src=\"http:\/\/www.rukajarvensuunnanhistoriayhdistys.fi\/historiayhdistys\/wp-content\/uploads\/2025\/02\/Rahanturvaajat-hiirimatto-8-2-2025-1024x901.jpg\" alt=\"\" class=\"wp-image-16153\"\/><\/a><\/figure>\n\n\n\n<p><em>Tikkanen sai huomionosoituksena Kriisinhallintaveteraanimerkin lis\u00e4ksi my\u00f6s hiirimaton, mik\u00e4 h\u00e4nen mukaansa on osoitus siit\u00e4, ett\u00e4 \u201dvelje\u00e4 ei j\u00e4tet\u00e4\u201d.<\/em><\/p>\n\n\n\n<p><em>Suomen Rauhanturvaajaliitto ry on rekister\u00f6inyt Kriisinhallintaveteraanimerkin tunnusmerkiksi, ja sen symboliikka \u2013 miekka, josta versoo oliivipuun oksa \u2013 kuvastaa rauhanturvaajien ty\u00f6t\u00e4.<\/em><\/p>\n\n\n\n<p><\/p>\n\n\n\n<p><strong>Syksyinen tutustumismatka It\u00e4-Suomen \u2013 Via Karelian varren kohteisiin<\/strong><\/p>\n\n\n\n<p>T\u00e4m\u00e4 Runnin tapaaminen ei ollut ensimm\u00e4inen kerta, kun Pohjois-Savon Rauhanturvaajat olivat yhteydess\u00e4 Rukaj\u00e4rven suunnan historiayhdistykseen. Syksyll\u00e4 heid\u00e4n matkansa suuntautui my\u00f6s Lieksaan ja t\u00e4ll\u00e4 matkalla he tutustuivat Rukaj\u00e4rven tien lis\u00e4ksi my\u00f6s Lieksan rautatieaseman Rukaj\u00e4rvi-keskuksen tiloihin. T\u00e4ll\u00e4 matkalla heid\u00e4n oppaanaan olivat Tauno Oksanen ja Ritva Malinen.<\/p>\n\n\n\n<figure class=\"wp-block-image size-large\"><a href=\"http:\/\/www.rukajarvensuunnanhistoriayhdistys.fi\/historiayhdistys\/wp-content\/uploads\/2025\/02\/1-4-scaled.jpg\"><img decoding=\"async\" src=\"http:\/\/www.rukajarvensuunnanhistoriayhdistys.fi\/historiayhdistys\/wp-content\/uploads\/2025\/02\/1-4-1024x576.jpg\" alt=\"\" class=\"wp-image-16154\"\/><\/a><\/figure>\n\n\n\n<p><em>Tutustuminen \u00c4n\u00e4k\u00e4isen Salpaetuasemaan. Erikoinen sattuma oli se, ett\u00e4 juuri t\u00e4t\u00e4 kohdetta rakennettaessa 23.5.2017 kuoli Pentti Perttuli. &nbsp;<\/em>Saatuaan tiedon t\u00e4st\u00e4 talkoov\u00e4ki vietti hiljaisen hetken. Asia on dokumentoitu my\u00f6s t\u00e4\u00e4ll\u00e4 yhdistyksemme nettisivulla ja siihen juttuun voi tutustua&nbsp; <strong><a href=\"https:\/\/www.rukajarvensuunnanhistoriayhdistys.fi\/historiayhdistys\/yhdistyksemme-perustajajasen-rukajarven-veteraani-pentti-perttuli-poissa\/\">T\u00c4\u00c4LT\u00c4<\/a><\/strong>:<\/p>\n\n\n\n<figure class=\"wp-block-image size-large\"><a href=\"http:\/\/www.rukajarvensuunnanhistoriayhdistys.fi\/historiayhdistys\/wp-content\/uploads\/2025\/02\/9-4-scaled.jpg\"><img decoding=\"async\" src=\"http:\/\/www.rukajarvensuunnanhistoriayhdistys.fi\/historiayhdistys\/wp-content\/uploads\/2025\/02\/9-4-1024x576.jpg\" alt=\"\" class=\"wp-image-16155\"\/><\/a><\/figure>\n\n\n\n<p><em>Lieksan Matkailuoppaitten Ritva Malinen oli pukeutunut Rukaj\u00e4rvi-keskuksessa oppaana lottapukuun. Kuva Juha Maukonen 15.9.2024. Lieksan rautatieaseman makasiinin tilat.<\/em><\/p>\n\n\n\n<figure class=\"wp-block-image size-large\"><a href=\"http:\/\/www.rukajarvensuunnanhistoriayhdistys.fi\/historiayhdistys\/wp-content\/uploads\/2025\/02\/10-2-scaled.jpg\"><img decoding=\"async\" src=\"http:\/\/www.rukajarvensuunnanhistoriayhdistys.fi\/historiayhdistys\/wp-content\/uploads\/2025\/02\/10-2-1024x576.jpg\" alt=\"\" class=\"wp-image-16156\"\/><\/a><\/figure>\n\n\n\n<p><em>Lieksan Matkailuoppaitten Ritva Malinen esitteli my\u00f6s Rukaj\u00e4rvi-keskuksen aseman p\u00e4\u00e4rakennuksen uudet tilat ja n\u00e4yttelyt. Kuva Juha Maukonen 15.9.2024. Lieksan rautatieaseman makasiinin tilat.<\/em><\/p>\n","protected":false},"excerpt":{"rendered":"<p>Pohjois-Savon Rauhanturvaajat halusivat esitell\u00e4 maakuntansa kulttuuri- ja sotahistoriaty\u00f6t\u00e4 j\u00e4senkunnalleen. Syksyn alussa heid\u00e4n j\u00e4rjest\u00e4m\u00e4ll\u00e4 matkalla tutustuttiin It\u00e4-Suomen sotahistoriakohteisiin ja siin\u00e4 keskeisess\u00e4 osassa olivat Rukaj\u00e4rven suunnan taistelupaikat Lieksassa. T\u00e4ll\u00e4 kertaa vuorossa oli <a class=\"more-link\" href=\"https:\/\/www.rukajarvensuunnanhistoriayhdistys.fi\/rukajarvikeskus\/tapahtumat\/rauhanturvaajat-kokoontuivat-runnilla-8-2-2025-nelja-tuntia-sotahistoriatyosta\/\">Lue lis\u00e4\u00e4&#8230;<span class=\"screen-reader-text\">Rauhanturvaajat kokoontuivat Runnilla 8.2.2025 \u2013 nelj\u00e4 tuntia sotahistoriaty\u00f6st\u00e4<\/span><span class=\"meta-nav\">\u2192<\/span><\/a><\/p>\n","protected":false},"author":4,"featured_media":0,"comment_status":"closed","ping_status":"open","sticky":false,"template":"","format":"standard","meta":{"ngg_post_thumbnail":0,"_jetpack_newsletter_access":"","_jetpack_dont_email_post_to_subs":false,"_jetpack_newsletter_tier_id":0,"_jetpack_memberships_contains_paywalled_content":false,"_jetpack_memberships_contains_paid_content":false,"footnotes":""},"categories":[26,32,15],"tags":[],"class_list":["post-11913","post","type-post","status-publish","format-standard","hentry","category-ajankohtaista","category-historiayhdistys","category-tapahtumat"],"jetpack_featured_media_url":"","jetpack_sharing_enabled":true,"jetpack_shortlink":"https:\/\/wp.me\/p72N2f-369","_links":{"self":[{"href":"https:\/\/www.rukajarvensuunnanhistoriayhdistys.fi\/rukajarvikeskus\/wp-json\/wp\/v2\/posts\/11913","targetHints":{"allow":["GET"]}}],"collection":[{"href":"https:\/\/www.rukajarvensuunnanhistoriayhdistys.fi\/rukajarvikeskus\/wp-json\/wp\/v2\/posts"}],"about":[{"href":"https:\/\/www.rukajarvensuunnanhistoriayhdistys.fi\/rukajarvikeskus\/wp-json\/wp\/v2\/types\/post"}],"author":[{"embeddable":true,"href":"https:\/\/www.rukajarvensuunnanhistoriayhdistys.fi\/rukajarvikeskus\/wp-json\/wp\/v2\/users\/4"}],"replies":[{"embeddable":true,"href":"https:\/\/www.rukajarvensuunnanhistoriayhdistys.fi\/rukajarvikeskus\/wp-json\/wp\/v2\/comments?post=11913"}],"version-history":[{"count":10,"href":"https:\/\/www.rukajarvensuunnanhistoriayhdistys.fi\/rukajarvikeskus\/wp-json\/wp\/v2\/posts\/11913\/revisions"}],"predecessor-version":[{"id":11927,"href":"https:\/\/www.rukajarvensuunnanhistoriayhdistys.fi\/rukajarvikeskus\/wp-json\/wp\/v2\/posts\/11913\/revisions\/11927"}],"wp:attachment":[{"href":"https:\/\/www.rukajarvensuunnanhistoriayhdistys.fi\/rukajarvikeskus\/wp-json\/wp\/v2\/media?parent=11913"}],"wp:term":[{"taxonomy":"category","embeddable":true,"href":"https:\/\/www.rukajarvensuunnanhistoriayhdistys.fi\/rukajarvikeskus\/wp-json\/wp\/v2\/categories?post=11913"},{"taxonomy":"post_tag","embeddable":true,"href":"https:\/\/www.rukajarvensuunnanhistoriayhdistys.fi\/rukajarvikeskus\/wp-json\/wp\/v2\/tags?post=11913"}],"curies":[{"name":"wp","href":"https:\/\/api.w.org\/{rel}","templated":true}]}}