{"id":11935,"date":"2025-02-23T19:00:00","date_gmt":"2025-02-23T16:00:00","guid":{"rendered":"http:\/\/www.rukajarvensuunnanhistoriayhdistys.fi\/rukajarvikeskus\/?p=11935"},"modified":"2025-02-24T01:08:24","modified_gmt":"2025-02-23T22:08:24","slug":"rukajarvi-keskuksen-raappana-salin-onnittelut-hannekselle","status":"publish","type":"post","link":"https:\/\/www.rukajarvensuunnanhistoriayhdistys.fi\/rukajarvikeskus\/tapahtumat\/rukajarvi-keskuksen-raappana-salin-onnittelut-hannekselle\/","title":{"rendered":"Rukaj\u00e4rvi-keskuksen Raappana Salin Onnittelut Hannekselle"},"content":{"rendered":"<div class=\"fcbkbttn_buttons_block\" id=\"fcbkbttn_left\"><div class=\"fcbkbttn_like \"><fb:like href=\"https:\/\/www.rukajarvensuunnanhistoriayhdistys.fi\/rukajarvikeskus\/tapahtumat\/rukajarvi-keskuksen-raappana-salin-onnittelut-hannekselle\/\" action=\"like\" colorscheme=\"light\" layout=\"button_count\"  size=\"small\"><\/fb:like><\/div><\/div>\n<p>Rukaj\u00e4rven veteraani Hannes Tuovisen 101-vuotissyntym\u00e4p\u00e4iv\u00e4n\u00e4 Team historian vuosikymmenet onnitteli veteraania j\u00e4rjest\u00e4m\u00e4ll\u00e4 konsertin \u201dKirjeit\u00e4 sielt\u00e4 jostakin\u201d &#8211; kaksi loppuunmyyty\u00e4 konserttia.<\/p>\n\n\n\n<figure class=\"wp-block-image size-large\"><a href=\"http:\/\/www.rukajarvensuunnanhistoriayhdistys.fi\/historiayhdistys\/wp-content\/uploads\/2025\/02\/Ritva-Ritva-Jatta-ym-2.jpg\"><img decoding=\"async\" src=\"http:\/\/www.rukajarvensuunnanhistoriayhdistys.fi\/historiayhdistys\/wp-content\/uploads\/2025\/02\/Ritva-Ritva-Jatta-ym-2-1024x768.jpg\" alt=\"\" class=\"wp-image-16185\"\/><\/a><\/figure>\n\n\n\n<p><em>Oik. Pertti Ohtonen, Teuvo Kettunen, Jatta Kettunen, Ritva Kilpel\u00e4inen ja Ritva Malinen.<\/em><\/p>\n\n\n\n<p><strong>Veteraanit kiitt\u00e4v\u00e4t Team historian vuosikymmenet j\u00e4seni\u00e4 veteraanien hyv\u00e4ksi tekem\u00e4st\u00e4nne arvokkaasta ty\u00f6st\u00e4.<\/strong><\/p>\n\n\n\n<figure class=\"wp-block-image size-large\"><a href=\"http:\/\/www.rukajarvensuunnanhistoriayhdistys.fi\/historiayhdistys\/wp-content\/uploads\/2025\/02\/A-Veteraanit-yhteiskuva.jpg\"><img decoding=\"async\" src=\"http:\/\/www.rukajarvensuunnanhistoriayhdistys.fi\/historiayhdistys\/wp-content\/uploads\/2025\/02\/A-Veteraanit-yhteiskuva-1024x606.jpg\" alt=\"\" class=\"wp-image-16177\"\/><\/a><\/figure>\n\n\n\n<p>Rukaj\u00e4rven suunnan historiayhdistys ry <\/p>\n","protected":false},"excerpt":{"rendered":"<p>Rukaj\u00e4rven veteraani Hannes Tuovisen 101-vuotissyntym\u00e4p\u00e4iv\u00e4n\u00e4 Team historian vuosikymmenet onnitteli veteraania j\u00e4rjest\u00e4m\u00e4ll\u00e4 konsertin \u201dKirjeit\u00e4 sielt\u00e4 jostakin\u201d &#8211; kaksi loppuunmyyty\u00e4 konserttia. Oik. Pertti Ohtonen, Teuvo Kettunen, Jatta Kettunen, Ritva Kilpel\u00e4inen ja Ritva <a class=\"more-link\" href=\"https:\/\/www.rukajarvensuunnanhistoriayhdistys.fi\/rukajarvikeskus\/tapahtumat\/rukajarvi-keskuksen-raappana-salin-onnittelut-hannekselle\/\">Lue lis\u00e4\u00e4&#8230;<span class=\"screen-reader-text\">Rukaj\u00e4rvi-keskuksen Raappana Salin Onnittelut Hannekselle<\/span><span class=\"meta-nav\">\u2192<\/span><\/a><\/p>\n","protected":false},"author":4,"featured_media":0,"comment_status":"closed","ping_status":"open","sticky":false,"template":"","format":"standard","meta":{"ngg_post_thumbnail":0,"_jetpack_newsletter_access":"","_jetpack_dont_email_post_to_subs":false,"_jetpack_newsletter_tier_id":0,"_jetpack_memberships_contains_paywalled_content":false,"_jetpack_memberships_contains_paid_content":false,"footnotes":""},"categories":[26,32,15],"tags":[],"class_list":["post-11935","post","type-post","status-publish","format-standard","hentry","category-ajankohtaista","category-historiayhdistys","category-tapahtumat"],"jetpack_featured_media_url":"","jetpack_sharing_enabled":true,"jetpack_shortlink":"https:\/\/wp.me\/p72N2f-36v","_links":{"self":[{"href":"https:\/\/www.rukajarvensuunnanhistoriayhdistys.fi\/rukajarvikeskus\/wp-json\/wp\/v2\/posts\/11935","targetHints":{"allow":["GET"]}}],"collection":[{"href":"https:\/\/www.rukajarvensuunnanhistoriayhdistys.fi\/rukajarvikeskus\/wp-json\/wp\/v2\/posts"}],"about":[{"href":"https:\/\/www.rukajarvensuunnanhistoriayhdistys.fi\/rukajarvikeskus\/wp-json\/wp\/v2\/types\/post"}],"author":[{"embeddable":true,"href":"https:\/\/www.rukajarvensuunnanhistoriayhdistys.fi\/rukajarvikeskus\/wp-json\/wp\/v2\/users\/4"}],"replies":[{"embeddable":true,"href":"https:\/\/www.rukajarvensuunnanhistoriayhdistys.fi\/rukajarvikeskus\/wp-json\/wp\/v2\/comments?post=11935"}],"version-history":[{"count":1,"href":"https:\/\/www.rukajarvensuunnanhistoriayhdistys.fi\/rukajarvikeskus\/wp-json\/wp\/v2\/posts\/11935\/revisions"}],"predecessor-version":[{"id":11936,"href":"https:\/\/www.rukajarvensuunnanhistoriayhdistys.fi\/rukajarvikeskus\/wp-json\/wp\/v2\/posts\/11935\/revisions\/11936"}],"wp:attachment":[{"href":"https:\/\/www.rukajarvensuunnanhistoriayhdistys.fi\/rukajarvikeskus\/wp-json\/wp\/v2\/media?parent=11935"}],"wp:term":[{"taxonomy":"category","embeddable":true,"href":"https:\/\/www.rukajarvensuunnanhistoriayhdistys.fi\/rukajarvikeskus\/wp-json\/wp\/v2\/categories?post=11935"},{"taxonomy":"post_tag","embeddable":true,"href":"https:\/\/www.rukajarvensuunnanhistoriayhdistys.fi\/rukajarvikeskus\/wp-json\/wp\/v2\/tags?post=11935"}],"curies":[{"name":"wp","href":"https:\/\/api.w.org\/{rel}","templated":true}]}}