{"id":12246,"date":"2026-01-06T19:22:48","date_gmt":"2026-01-06T16:22:48","guid":{"rendered":"http:\/\/www.rukajarvensuunnanhistoriayhdistys.fi\/rukajarvikeskus\/?p=12246"},"modified":"2026-01-06T19:22:51","modified_gmt":"2026-01-06T16:22:51","slug":"kiitoksemme-tehdysta-kulttuurityosta-raappana-salin-joulu-ja-uusi-vuosi","status":"publish","type":"post","link":"https:\/\/www.rukajarvensuunnanhistoriayhdistys.fi\/rukajarvikeskus\/tapahtumat\/kiitoksemme-tehdysta-kulttuurityosta-raappana-salin-joulu-ja-uusi-vuosi\/","title":{"rendered":"Kiitoksemme tehdyst\u00e4 kulttuurity\u00f6st\u00e4 \u2013 Raappana Salin joulu ja Uusi Vuosi."},"content":{"rendered":"<div class=\"fcbkbttn_buttons_block\" id=\"fcbkbttn_left\"><div class=\"fcbkbttn_like \"><fb:like href=\"https:\/\/www.rukajarvensuunnanhistoriayhdistys.fi\/rukajarvikeskus\/tapahtumat\/kiitoksemme-tehdysta-kulttuurityosta-raappana-salin-joulu-ja-uusi-vuosi\/\" action=\"like\" colorscheme=\"light\" layout=\"button_count\"  size=\"small\"><\/fb:like><\/div><\/div>\n<p>eksan Rukaj\u00e4rvi-keskuksen Raappana Sali sai jouluksi uuden pianon \u2013 ja sen mukana paljon muutakin kuin soittimen: yhteisen ponnistuksen, osaamisen ja l\u00e4mpim\u00e4n yhteisty\u00f6n tuloksena odotamme ensimm\u00e4ist\u00e4 Raappana Salin konserttia.<\/p>\n\n\n\n<p>Hankkeemme suojelija, sellisti <strong>Jussi Makkonen<\/strong>, sek\u00e4 <strong>Kimmo Vitri<\/strong> antoivat asiantuntevat neuvonsa pianon valinnassa. Heid\u00e4n avullaan l\u00f6ysimme kohtuuhintaisen, laadukkaan soittimen, ja l\u00e4mmin kiitos kuuluu my\u00f6s <strong>Lieksan Partalanm\u00e4ell\u00e4 asuvalle myyj\u00e4lle<\/strong>, joka ymm\u00e4rsi kulttuurity\u00f6mme merkityksen ja suhtautui siihen syd\u00e4mellisesti.<\/p>\n\n\n\n<figure class=\"wp-block-image size-large\"><a href=\"http:\/\/www.rukajarvensuunnanhistoriayhdistys.fi\/historiayhdistys\/wp-content\/uploads\/2026\/01\/Lieksan-asema-piano-20-12-2025.jpg\"><img decoding=\"async\" src=\"http:\/\/www.rukajarvensuunnanhistoriayhdistys.fi\/historiayhdistys\/wp-content\/uploads\/2026\/01\/Lieksan-asema-piano-20-12-2025-1024x868.jpg\" alt=\"\" class=\"wp-image-16895\"\/><\/a><\/figure>\n\n\n\n<p>Pianon kuljetus uuteen kotiinsa Raappana Saliin toteutui 18. joulukuuta talkoohengess\u00e4. Ty\u00f6h\u00f6n tarttuivat <strong>Harri Hopeakivi, Eino Behm, Mauri Kokko, Jari Heiskanen, Raimo Kuokkanen, Pertti Mulari ja Kimmo Vitri<\/strong> \u2013 ja piano saatiin turvallisesti perille.<\/p>\n\n\n\n<figure class=\"wp-block-image size-large\"><a href=\"http:\/\/www.rukajarvensuunnanhistoriayhdistys.fi\/historiayhdistys\/wp-content\/uploads\/2026\/01\/Piano-2026-01-06-2.jpg\"><img decoding=\"async\" src=\"http:\/\/www.rukajarvensuunnanhistoriayhdistys.fi\/historiayhdistys\/wp-content\/uploads\/2026\/01\/Piano-2026-01-06-2-1024x909.jpg\" alt=\"\" class=\"wp-image-16896\"\/><\/a><\/figure>\n\n\n\n<p>My\u00f6hemmin Kimmo Vitri hankki pianoon py\u00f6r\u00e4t, jotka asennettiin j\u00e4lleen talkoovoimin. T\u00e4ss\u00e4 ty\u00f6ss\u00e4 olivat mukana <strong>Pertti Mulari, Tapio Nyk\u00e4nen, Mauri Kokko, Eino Behm, Kimmo Vitri ja Rauni Hietanen<\/strong>. Kun ty\u00f6 oli valmis, <strong>Mauri Kokko<\/strong> koeajoi soittimen \u201dasemiin\u201d ja totesi hymyillen: <em>\u201cNyt ei muuta kuin menoksi.\u201d<\/em><\/p>\n\n\n\n<p>Raappana Sali on viel\u00e4 hetken suljettuna remontin vuoksi turvallisuussyist\u00e4, mutta tammikuun puoliv\u00e4lin j\u00e4lkeen Lieksan asemaa l\u00e4mmitt\u00e4\u00e4 maa\u00e4idin l\u00e4mp\u00f6 \u2013 ja siit\u00e4 iloitsemme suuresti.<\/p>\n\n\n\n<p>Erityinen ja l\u00e4mmin kiitos kuuluu my\u00f6s <strong>Sotkamon Porakaivo Oy:n<\/strong> v\u00e4elle:<br><strong>Tuomas Laakoselle ja Oliver Oikariselle<\/strong>, uutterille ja esimerkillisesti ty\u00f6h\u00f6ns\u00e4 suhtautuville nuorille miehille, sek\u00e4 yhti\u00f6n ty\u00f6p\u00e4\u00e4llik\u00f6lle <strong>Kari Mustoselle<\/strong> ja porareille <strong>Mika Takilalle<\/strong> ja <strong>Tuomo Laatikaiselle<\/strong>, jotka saivat ty\u00f6ns\u00e4 valmiiksi jo ennen joulua.<\/p>\n\n\n\n<p>T\u00e4llaisista ihmisist\u00e4 rakentuu se hiljainen voima, jonka varassa kulttuuri, perinne ja yhteinen hyv\u00e4 el\u00e4v\u00e4t.<\/p>\n\n\n\n<p><strong>L\u00e4mmin kiitos kaikille.<\/strong><\/p>\n\n\n\n<p>\u2014<br>Rukaj\u00e4rven suunnan historiayhdistys ry\/TJT.<\/p>\n","protected":false},"excerpt":{"rendered":"<p>eksan Rukaj\u00e4rvi-keskuksen Raappana Sali sai jouluksi uuden pianon \u2013 ja sen mukana paljon muutakin kuin soittimen: yhteisen ponnistuksen, osaamisen ja l\u00e4mpim\u00e4n yhteisty\u00f6n tuloksena odotamme ensimm\u00e4ist\u00e4 Raappana Salin konserttia. Hankkeemme suojelija, <a class=\"more-link\" href=\"https:\/\/www.rukajarvensuunnanhistoriayhdistys.fi\/rukajarvikeskus\/tapahtumat\/kiitoksemme-tehdysta-kulttuurityosta-raappana-salin-joulu-ja-uusi-vuosi\/\">Lue lis\u00e4\u00e4&#8230;<span class=\"screen-reader-text\">Kiitoksemme tehdyst\u00e4 kulttuurity\u00f6st\u00e4 \u2013 Raappana Salin joulu ja Uusi Vuosi.<\/span><span class=\"meta-nav\">\u2192<\/span><\/a><\/p>\n","protected":false},"author":4,"featured_media":0,"comment_status":"closed","ping_status":"open","sticky":false,"template":"","format":"standard","meta":{"ngg_post_thumbnail":0,"_jetpack_newsletter_access":"","_jetpack_dont_email_post_to_subs":false,"_jetpack_newsletter_tier_id":0,"_jetpack_memberships_contains_paywalled_content":false,"_jetpack_memberships_contains_paid_content":false,"footnotes":""},"categories":[26,32,15],"tags":[],"class_list":["post-12246","post","type-post","status-publish","format-standard","hentry","category-ajankohtaista","category-historiayhdistys","category-tapahtumat"],"jetpack_featured_media_url":"","jetpack_sharing_enabled":true,"jetpack_shortlink":"https:\/\/wp.me\/p72N2f-3bw","_links":{"self":[{"href":"https:\/\/www.rukajarvensuunnanhistoriayhdistys.fi\/rukajarvikeskus\/wp-json\/wp\/v2\/posts\/12246","targetHints":{"allow":["GET"]}}],"collection":[{"href":"https:\/\/www.rukajarvensuunnanhistoriayhdistys.fi\/rukajarvikeskus\/wp-json\/wp\/v2\/posts"}],"about":[{"href":"https:\/\/www.rukajarvensuunnanhistoriayhdistys.fi\/rukajarvikeskus\/wp-json\/wp\/v2\/types\/post"}],"author":[{"embeddable":true,"href":"https:\/\/www.rukajarvensuunnanhistoriayhdistys.fi\/rukajarvikeskus\/wp-json\/wp\/v2\/users\/4"}],"replies":[{"embeddable":true,"href":"https:\/\/www.rukajarvensuunnanhistoriayhdistys.fi\/rukajarvikeskus\/wp-json\/wp\/v2\/comments?post=12246"}],"version-history":[{"count":1,"href":"https:\/\/www.rukajarvensuunnanhistoriayhdistys.fi\/rukajarvikeskus\/wp-json\/wp\/v2\/posts\/12246\/revisions"}],"predecessor-version":[{"id":12247,"href":"https:\/\/www.rukajarvensuunnanhistoriayhdistys.fi\/rukajarvikeskus\/wp-json\/wp\/v2\/posts\/12246\/revisions\/12247"}],"wp:attachment":[{"href":"https:\/\/www.rukajarvensuunnanhistoriayhdistys.fi\/rukajarvikeskus\/wp-json\/wp\/v2\/media?parent=12246"}],"wp:term":[{"taxonomy":"category","embeddable":true,"href":"https:\/\/www.rukajarvensuunnanhistoriayhdistys.fi\/rukajarvikeskus\/wp-json\/wp\/v2\/categories?post=12246"},{"taxonomy":"post_tag","embeddable":true,"href":"https:\/\/www.rukajarvensuunnanhistoriayhdistys.fi\/rukajarvikeskus\/wp-json\/wp\/v2\/tags?post=12246"}],"curies":[{"name":"wp","href":"https:\/\/api.w.org\/{rel}","templated":true}]}}