{"id":1902,"date":"2015-06-24T22:33:26","date_gmt":"2015-06-24T19:33:26","guid":{"rendered":"http:\/\/www.rukajarvensuunnanhistoriayhdistys.fi\/rukajarvikeskus\/?p=1902"},"modified":"2015-06-24T22:33:26","modified_gmt":"2015-06-24T19:33:26","slug":"jukolan-motti-pirtti-valmiina-ottamaan-vastaan-vieraita","status":"publish","type":"post","link":"https:\/\/www.rukajarvensuunnanhistoriayhdistys.fi\/rukajarvikeskus\/ajankohtaista\/jukolan-motti-pirtti-valmiina-ottamaan-vastaan-vieraita\/","title":{"rendered":"Jukolan motti -pirtti \u2013 valmiina \u2013 ottamaan vastaan vieraita"},"content":{"rendered":"<div class=\"fcbkbttn_buttons_block\" id=\"fcbkbttn_left\"><div class=\"fcbkbttn_like \"><fb:like href=\"https:\/\/www.rukajarvensuunnanhistoriayhdistys.fi\/rukajarvikeskus\/ajankohtaista\/jukolan-motti-pirtti-valmiina-ottamaan-vastaan-vieraita\/\" action=\"like\" colorscheme=\"light\" layout=\"button_count\"  size=\"small\"><\/fb:like><\/div><\/div><p>Jukolan motissa pidettiin 17.6.2015 juhannustalkoot. Motti -pirtin rakennukset maalattiin tuhka-asita asetettiin paikalleen ja paikat siivottiin. Nyt paikka on valmis vastaanottamaan juhannusvieraita. Tilojen ohjeistusta t\u00e4ydennettiin, niihin kannattaa tutustua paikanp\u00e4\u00e4ll\u00e4.<\/p>\n<figure id=\"attachment_1904\" aria-describedby=\"caption-attachment-1904\" style=\"width: 525px\" class=\"wp-caption alignnone\"><a href=\"http:\/\/www.rukajarvensuunnanhistoriayhdistys.fi\/rukajarvikeskus\/wp-content\/uploads\/2015\/06\/DSC00956-Jukolan-motti.jpg\"><img loading=\"lazy\" decoding=\"async\" class=\"size-large wp-image-1904\" src=\"http:\/\/www.rukajarvensuunnanhistoriayhdistys.fi\/rukajarvikeskus\/wp-content\/uploads\/2015\/06\/DSC00956-Jukolan-motti-1024x676.jpg\" alt=\"\u2014 Talkoomiehet, Mauri M\u00f6nkk\u00f6nen, Heikki Turunen ja Raimo Saviranta. Erkki Turunen k\u00e4vi tasoittamassa piha-alueet. Apurakennuksetkin valmistuivat, puuvaja ja wc. Kuva Tenho Tikkanen. \" width=\"525\" height=\"347\" srcset=\"https:\/\/www.rukajarvensuunnanhistoriayhdistys.fi\/rukajarvikeskus\/wp-content\/uploads\/2015\/06\/DSC00956-Jukolan-motti-1024x676.jpg 1024w, https:\/\/www.rukajarvensuunnanhistoriayhdistys.fi\/rukajarvikeskus\/wp-content\/uploads\/2015\/06\/DSC00956-Jukolan-motti-300x198.jpg 300w\" sizes=\"auto, (max-width: 525px) 100vw, 525px\" \/><\/a><figcaption id=\"caption-attachment-1904\" class=\"wp-caption-text\">\u2014 Talkoomiehet, Mauri M\u00f6nkk\u00f6nen, Heikki Turunen ja Raimo Saviranta. Erkki Turunen k\u00e4vi tasoittamassa piha-alueet. Apurakennuksetkin valmistuivat, puuvaja ja wc. Kuva Tenho Tikkanen.<\/figcaption><\/figure>\n<figure id=\"attachment_1905\" aria-describedby=\"caption-attachment-1905\" style=\"width: 525px\" class=\"wp-caption alignnone\"><a href=\"http:\/\/www.rukajarvensuunnanhistoriayhdistys.fi\/rukajarvikeskus\/wp-content\/uploads\/2015\/06\/DSC00959-Jukolan-motti.jpg\"><img loading=\"lazy\" decoding=\"async\" class=\"size-large wp-image-1905\" src=\"http:\/\/www.rukajarvensuunnanhistoriayhdistys.fi\/rukajarvikeskus\/wp-content\/uploads\/2015\/06\/DSC00959-Jukolan-motti-1024x666.jpg\" alt=\"\u2014 Jukolan motti \u2013 pirtti valmis\" width=\"525\" height=\"341\" srcset=\"https:\/\/www.rukajarvensuunnanhistoriayhdistys.fi\/rukajarvikeskus\/wp-content\/uploads\/2015\/06\/DSC00959-Jukolan-motti-1024x666.jpg 1024w, https:\/\/www.rukajarvensuunnanhistoriayhdistys.fi\/rukajarvikeskus\/wp-content\/uploads\/2015\/06\/DSC00959-Jukolan-motti-300x195.jpg 300w\" sizes=\"auto, (max-width: 525px) 100vw, 525px\" \/><\/a><figcaption id=\"caption-attachment-1905\" class=\"wp-caption-text\">\u2014 Jukolan motti \u2013 pirtti valmis<\/figcaption><\/figure>\n<figure id=\"attachment_1903\" aria-describedby=\"caption-attachment-1903\" style=\"width: 525px\" class=\"wp-caption alignnone\"><a href=\"http:\/\/www.rukajarvensuunnanhistoriayhdistys.fi\/rukajarvikeskus\/wp-content\/uploads\/2015\/06\/DSC00961-Jukolan-motti.jpg\"><img loading=\"lazy\" decoding=\"async\" class=\"size-large wp-image-1903\" src=\"http:\/\/www.rukajarvensuunnanhistoriayhdistys.fi\/rukajarvikeskus\/wp-content\/uploads\/2015\/06\/DSC00961-Jukolan-motti-1024x683.jpg\" alt=\"\u2014 Siin\u00e4 se on \u2013 Jukolan motti -pirtti. \" width=\"525\" height=\"350\" srcset=\"https:\/\/www.rukajarvensuunnanhistoriayhdistys.fi\/rukajarvikeskus\/wp-content\/uploads\/2015\/06\/DSC00961-Jukolan-motti-1024x683.jpg 1024w, https:\/\/www.rukajarvensuunnanhistoriayhdistys.fi\/rukajarvikeskus\/wp-content\/uploads\/2015\/06\/DSC00961-Jukolan-motti-300x200.jpg 300w\" sizes=\"auto, (max-width: 525px) 100vw, 525px\" \/><\/a><figcaption id=\"caption-attachment-1903\" class=\"wp-caption-text\">\u2014 Siin\u00e4 se on \u2013 Jukolan motti -pirtti.<\/figcaption><\/figure>\n<p>Jukolan motti -pirtist\u00e4 on muodostunut suosittu k\u00e4yntikohde. K\u00e4vij\u00f6it\u00e4 on t\u00e4h\u00e4n saakka ollut pirtill\u00e4 liki 1.400 henkil\u00f6\u00e4. Ulkomaisia vieraita on k\u00e4vij\u00f6itten joukossa runsaasti. Samalla se on lis\u00e4nnyt my\u00f6s Rukaj\u00e4rven tien k\u00e4vij\u00e4m\u00e4\u00e4ri\u00e4. Talkoop\u00e4iv\u00e4n\u00e4kin kaukaisimmat Iijoelta.<\/p>\n<p>Rukaj\u00e4rven suunnan historiayhdistys muisti Nurmij\u00e4rven kyl\u00e4seuran uutteroijia Annukan kahvilassa pidetyss\u00e4 koruttomassa tilaisuudessa. Kyl\u00e4seuran puheenjohtaja Heikki Turuselle ja varapuheenjohtaja Raimo Savirannalle RSHY:n\u00a0 edustajat Mauri M\u00f6nkk\u00f6nen ja Tenho Tikkanen luovuttivat yhdistyksen standaarin.<\/p>\n<p>RSHY \u2013 kiitt\u00e4\u00e4 talkoov\u00e4ke\u00e4 ja toivottaa kaikille HYV\u00c4\u00c4 KES\u00c4\u00c4 ja ANTOISIA SOTAHISTORIANMATKOJA.<\/p>\n<p>Talkoomiehet, Mauri M\u00f6nkk\u00f6nen, Heikki Turunen ja Raimo Saviranta. Erkki Turunen k\u00e4vi tasoittamassa piha-alueet. Apurakennuksetkin\u00a0valmistuivat,\u00a0puuvaja ja\u00a0wc.\u00a0Kuva Tenho Tikkanen.<\/p>\n<p>Jukolan motti \u2013 pirtti valmis.<\/p>\n","protected":false},"excerpt":{"rendered":"<p>Jukolan motissa pidettiin 17.6.2015 juhannustalkoot. Motti -pirtin rakennukset maalattiin tuhka-asita asetettiin paikalleen ja paikat siivottiin. Nyt paikka on valmis vastaanottamaan juhannusvieraita. Tilojen ohjeistusta t\u00e4ydennettiin, niihin kannattaa tutustua paikanp\u00e4\u00e4ll\u00e4. Jukolan motti <a class=\"more-link\" href=\"https:\/\/www.rukajarvensuunnanhistoriayhdistys.fi\/rukajarvikeskus\/ajankohtaista\/jukolan-motti-pirtti-valmiina-ottamaan-vastaan-vieraita\/\">Lue lis\u00e4\u00e4&#8230;<span class=\"screen-reader-text\">Jukolan motti -pirtti \u2013 valmiina \u2013 ottamaan vastaan vieraita<\/span><span class=\"meta-nav\">\u2192<\/span><\/a><\/p>\n","protected":false},"author":4,"featured_media":1904,"comment_status":"closed","ping_status":"open","sticky":false,"template":"","format":"standard","meta":{"ngg_post_thumbnail":0,"_jetpack_newsletter_access":"","_jetpack_dont_email_post_to_subs":false,"_jetpack_newsletter_tier_id":0,"_jetpack_memberships_contains_paywalled_content":false,"_jetpack_memberships_contains_paid_content":false,"footnotes":""},"categories":[26],"tags":[],"class_list":["post-1902","post","type-post","status-publish","format-standard","has-post-thumbnail","hentry","category-ajankohtaista"],"jetpack_featured_media_url":"https:\/\/www.rukajarvensuunnanhistoriayhdistys.fi\/rukajarvikeskus\/wp-content\/uploads\/2015\/06\/DSC00956-Jukolan-motti.jpg","jetpack_sharing_enabled":true,"jetpack_shortlink":"https:\/\/wp.me\/p72N2f-uG","_links":{"self":[{"href":"https:\/\/www.rukajarvensuunnanhistoriayhdistys.fi\/rukajarvikeskus\/wp-json\/wp\/v2\/posts\/1902","targetHints":{"allow":["GET"]}}],"collection":[{"href":"https:\/\/www.rukajarvensuunnanhistoriayhdistys.fi\/rukajarvikeskus\/wp-json\/wp\/v2\/posts"}],"about":[{"href":"https:\/\/www.rukajarvensuunnanhistoriayhdistys.fi\/rukajarvikeskus\/wp-json\/wp\/v2\/types\/post"}],"author":[{"embeddable":true,"href":"https:\/\/www.rukajarvensuunnanhistoriayhdistys.fi\/rukajarvikeskus\/wp-json\/wp\/v2\/users\/4"}],"replies":[{"embeddable":true,"href":"https:\/\/www.rukajarvensuunnanhistoriayhdistys.fi\/rukajarvikeskus\/wp-json\/wp\/v2\/comments?post=1902"}],"version-history":[{"count":1,"href":"https:\/\/www.rukajarvensuunnanhistoriayhdistys.fi\/rukajarvikeskus\/wp-json\/wp\/v2\/posts\/1902\/revisions"}],"predecessor-version":[{"id":1906,"href":"https:\/\/www.rukajarvensuunnanhistoriayhdistys.fi\/rukajarvikeskus\/wp-json\/wp\/v2\/posts\/1902\/revisions\/1906"}],"wp:featuredmedia":[{"embeddable":true,"href":"https:\/\/www.rukajarvensuunnanhistoriayhdistys.fi\/rukajarvikeskus\/wp-json\/wp\/v2\/media\/1904"}],"wp:attachment":[{"href":"https:\/\/www.rukajarvensuunnanhistoriayhdistys.fi\/rukajarvikeskus\/wp-json\/wp\/v2\/media?parent=1902"}],"wp:term":[{"taxonomy":"category","embeddable":true,"href":"https:\/\/www.rukajarvensuunnanhistoriayhdistys.fi\/rukajarvikeskus\/wp-json\/wp\/v2\/categories?post=1902"},{"taxonomy":"post_tag","embeddable":true,"href":"https:\/\/www.rukajarvensuunnanhistoriayhdistys.fi\/rukajarvikeskus\/wp-json\/wp\/v2\/tags?post=1902"}],"curies":[{"name":"wp","href":"https:\/\/api.w.org\/{rel}","templated":true}]}}