{"id":2031,"date":"2015-12-21T21:45:42","date_gmt":"2015-12-21T18:45:42","guid":{"rendered":"http:\/\/www.rukajarvensuunnanhistoriayhdistys.fi\/rukajarvikeskus\/?p=2031"},"modified":"2015-12-22T12:36:13","modified_gmt":"2015-12-22T09:36:13","slug":"perustajajasenemme-kenraaliluutnantti-ermei-kannisen-siunaustilaisuus-8-12-2015","status":"publish","type":"post","link":"https:\/\/www.rukajarvensuunnanhistoriayhdistys.fi\/rukajarvikeskus\/ajankohtaista\/perustajajasenemme-kenraaliluutnantti-ermei-kannisen-siunaustilaisuus-8-12-2015\/","title":{"rendered":"Perustajaj\u00e4senemme kenraaliluutnantti Ermei Kannisen siunaustilaisuus 8.12.2015"},"content":{"rendered":"<div class=\"fcbkbttn_buttons_block\" id=\"fcbkbttn_left\"><div class=\"fcbkbttn_like \"><fb:like href=\"https:\/\/www.rukajarvensuunnanhistoriayhdistys.fi\/rukajarvikeskus\/ajankohtaista\/perustajajasenemme-kenraaliluutnantti-ermei-kannisen-siunaustilaisuus-8-12-2015\/\" action=\"like\" colorscheme=\"light\" layout=\"button_count\"  size=\"small\"><\/fb:like><\/div><\/div><p><strong>Perustajaj\u00e4senemme kenraaliluutnantti Ermei Kannisen siunaustilaisuus 8.12.2015 Temppeliaukion kirkossa.<\/strong><\/p>\n<figure id=\"attachment_2045\" aria-describedby=\"caption-attachment-2045\" style=\"width: 525px\" class=\"wp-caption alignnone\"><a href=\"http:\/\/www.rukajarvensuunnanhistoriayhdistys.fi\/rukajarvikeskus\/wp-content\/uploads\/2015\/12\/Perustajaj\u00e4senemme-kenraaliluutnantti-Ermei-Kannisen-siunaustilaisuus-8-12-2015_Page_1.jpg\" rel=\"attachment wp-att-2045\"><img loading=\"lazy\" decoding=\"async\" class=\"size-large wp-image-2045\" src=\"http:\/\/www.rukajarvensuunnanhistoriayhdistys.fi\/rukajarvikeskus\/wp-content\/uploads\/2015\/12\/Perustajaj\u00e4senemme-kenraaliluutnantti-Ermei-Kannisen-siunaustilaisuus-8-12-2015_Page_1-725x1024.jpg\" alt=\"\u2014Rukaj\u00e4rven suunnan historiayhdistys ry:n standaari, jonka suunnitteluun kenraali Ermei Kanninen ratkaisevasti vaikutti.\" width=\"525\" height=\"742\" srcset=\"https:\/\/www.rukajarvensuunnanhistoriayhdistys.fi\/rukajarvikeskus\/wp-content\/uploads\/2015\/12\/Perustajaj\u00e4senemme-kenraaliluutnantti-Ermei-Kannisen-siunaustilaisuus-8-12-2015_Page_1-725x1024.jpg 725w, https:\/\/www.rukajarvensuunnanhistoriayhdistys.fi\/rukajarvikeskus\/wp-content\/uploads\/2015\/12\/Perustajaj\u00e4senemme-kenraaliluutnantti-Ermei-Kannisen-siunaustilaisuus-8-12-2015_Page_1-212x300.jpg 212w, https:\/\/www.rukajarvensuunnanhistoriayhdistys.fi\/rukajarvikeskus\/wp-content\/uploads\/2015\/12\/Perustajaj\u00e4senemme-kenraaliluutnantti-Ermei-Kannisen-siunaustilaisuus-8-12-2015_Page_1-768x1085.jpg 768w, https:\/\/www.rukajarvensuunnanhistoriayhdistys.fi\/rukajarvikeskus\/wp-content\/uploads\/2015\/12\/Perustajaj\u00e4senemme-kenraaliluutnantti-Ermei-Kannisen-siunaustilaisuus-8-12-2015_Page_1.jpg 1241w\" sizes=\"auto, (max-width: 525px) 100vw, 525px\" \/><\/a><figcaption id=\"caption-attachment-2045\" class=\"wp-caption-text\">\u2014Rukaj\u00e4rven suunnan historiayhdistys ry:n standaari, jonka suunnitteluun kenraali Ermei Kanninen ratkaisevasti vaikutti.<\/figcaption><\/figure>\n<p>Siunaus- ja muistotilaisuuden ohjelman voi n\u00e4hd\u00e4 <a href=\"http:\/\/www.rukajarvensuunnanhistoriayhdistys.fi\/rukajarvikeskus\/wp-content\/uploads\/2015\/12\/Perustajaj\u00e4senemme-kenraaliluutnantti-Ermei-Kannisen-siunaustilaisuus-8-12-2015.pdf\">T\u00c4\u00c4LT\u00c4<\/a>:<\/p>\n<p><a href=\"http:\/\/www.rukajarvensuunnanhistoriayhdistys.fi\/rukajarvikeskus\/wp-content\/uploads\/2015\/12\/Kukkatervehdykset-luettelo-viralliset-edustajat.jpg\" rel=\"attachment wp-att-2043\"><img loading=\"lazy\" decoding=\"async\" class=\"alignnone wp-image-2043 size-full\" src=\"http:\/\/www.rukajarvensuunnanhistoriayhdistys.fi\/rukajarvikeskus\/wp-content\/uploads\/2015\/12\/Kukkatervehdykset-luettelo-viralliset-edustajat.jpg\" alt=\"Kukkatervehdykset - luettelo - viralliset edustajat\" width=\"903\" height=\"489\" srcset=\"https:\/\/www.rukajarvensuunnanhistoriayhdistys.fi\/rukajarvikeskus\/wp-content\/uploads\/2015\/12\/Kukkatervehdykset-luettelo-viralliset-edustajat.jpg 903w, https:\/\/www.rukajarvensuunnanhistoriayhdistys.fi\/rukajarvikeskus\/wp-content\/uploads\/2015\/12\/Kukkatervehdykset-luettelo-viralliset-edustajat-300x162.jpg 300w, https:\/\/www.rukajarvensuunnanhistoriayhdistys.fi\/rukajarvikeskus\/wp-content\/uploads\/2015\/12\/Kukkatervehdykset-luettelo-viralliset-edustajat-768x416.jpg 768w\" sizes=\"auto, (max-width: 903px) 100vw, 903px\" \/><\/a><\/p>\n<figure id=\"attachment_2042\" aria-describedby=\"caption-attachment-2042\" style=\"width: 5474px\" class=\"wp-caption alignnone\"><a href=\"http:\/\/www.rukajarvensuunnanhistoriayhdistys.fi\/rukajarvikeskus\/wp-content\/uploads\/2015\/12\/ErmeiKanninen_05.jpg\" rel=\"attachment wp-att-2042\"><img loading=\"lazy\" decoding=\"async\" class=\"wp-image-2042 size-full\" src=\"http:\/\/www.rukajarvensuunnanhistoriayhdistys.fi\/rukajarvikeskus\/wp-content\/uploads\/2015\/12\/ErmeiKanninen_05.jpg\" alt=\"Olavi Tiittanen, Finn-G\u00f6ran Wennstr\u00f6m ja Erkki Merikallio\" width=\"5474\" height=\"3650\" srcset=\"https:\/\/www.rukajarvensuunnanhistoriayhdistys.fi\/rukajarvikeskus\/wp-content\/uploads\/2015\/12\/ErmeiKanninen_05.jpg 5474w, https:\/\/www.rukajarvensuunnanhistoriayhdistys.fi\/rukajarvikeskus\/wp-content\/uploads\/2015\/12\/ErmeiKanninen_05-300x200.jpg 300w, https:\/\/www.rukajarvensuunnanhistoriayhdistys.fi\/rukajarvikeskus\/wp-content\/uploads\/2015\/12\/ErmeiKanninen_05-768x512.jpg 768w, https:\/\/www.rukajarvensuunnanhistoriayhdistys.fi\/rukajarvikeskus\/wp-content\/uploads\/2015\/12\/ErmeiKanninen_05-1024x683.jpg 1024w\" sizes=\"auto, (max-width: 5474px) 100vw, 5474px\" \/><\/a><figcaption id=\"caption-attachment-2042\" class=\"wp-caption-text\">Olavi Tiittanen, Finn-G\u00f6ran Wennstr\u00f6m ja Erkki Merikallio<\/figcaption><\/figure>\n<p>Olavi Tiittanen, veteraani, Rukaj\u00e4rven suunnan historiayhdistys, varapuheenjohtaja Finn-G\u00f6ran Wennstr\u00f6m, Sotaveteraaniliitto, puheenjohtaja Erkki Merikallio, veteraani, Helsingin Seudun Sotaveteraanipiiri, puheenjohtaja.<\/p>\n<figure id=\"attachment_2041\" aria-describedby=\"caption-attachment-2041\" style=\"width: 5288px\" class=\"wp-caption alignnone\"><a href=\"http:\/\/www.rukajarvensuunnanhistoriayhdistys.fi\/rukajarvikeskus\/wp-content\/uploads\/2015\/12\/ErmeiKanninen_10.jpg\" rel=\"attachment wp-att-2041\"><img loading=\"lazy\" decoding=\"async\" class=\"wp-image-2041 size-full\" src=\"http:\/\/www.rukajarvensuunnanhistoriayhdistys.fi\/rukajarvikeskus\/wp-content\/uploads\/2015\/12\/ErmeiKanninen_10.jpg\" alt=\"Aila Elo, Tenho Tikkanen ja Rami Rasku.\" width=\"5288\" height=\"3525\" srcset=\"https:\/\/www.rukajarvensuunnanhistoriayhdistys.fi\/rukajarvikeskus\/wp-content\/uploads\/2015\/12\/ErmeiKanninen_10.jpg 5288w, https:\/\/www.rukajarvensuunnanhistoriayhdistys.fi\/rukajarvikeskus\/wp-content\/uploads\/2015\/12\/ErmeiKanninen_10-300x200.jpg 300w, https:\/\/www.rukajarvensuunnanhistoriayhdistys.fi\/rukajarvikeskus\/wp-content\/uploads\/2015\/12\/ErmeiKanninen_10-768x512.jpg 768w, https:\/\/www.rukajarvensuunnanhistoriayhdistys.fi\/rukajarvikeskus\/wp-content\/uploads\/2015\/12\/ErmeiKanninen_10-1024x683.jpg 1024w\" sizes=\"auto, (max-width: 5288px) 100vw, 5288px\" \/><\/a><figcaption id=\"caption-attachment-2041\" class=\"wp-caption-text\">Aila Elo, Tenho Tikkanen ja Rami Rasku.<\/figcaption><\/figure>\n<p>Aila Elo, sihteeri, Tenho Tikkanen, puheenjohtaja ja yhdistyksemme j\u00e4sen Rami Rasku. Rasku tapasi Ermei Kannisen, ukkinsa veteraaniveljen, haastattelun yhteydess\u00e4 vain pari viikkoa ennen kenraalin menehtymist\u00e4.<\/p>\n<figure id=\"attachment_2008\" aria-describedby=\"caption-attachment-2008\" style=\"width: 1754px\" class=\"wp-caption alignnone\"><a href=\"http:\/\/www.rukajarvensuunnanhistoriayhdistys.fi\/rukajarvikeskus\/wp-content\/uploads\/2015\/11\/Kanninen-Ermei-5-9-2014.jpg\" rel=\"attachment wp-att-2008\"><img loading=\"lazy\" decoding=\"async\" class=\"wp-image-2008 size-full\" src=\"http:\/\/www.rukajarvensuunnanhistoriayhdistys.fi\/rukajarvikeskus\/wp-content\/uploads\/2015\/11\/Kanninen-Ermei-5-9-2014.jpg\" alt=\"Ermei Kanninen Lieksan kirkossa 5.9.2014 Kansalaisjuhla 70 vuotta Jatkosodan p\u00e4\u00e4ttymisest\u00e4. Veteraanit saapuivat juhlaan h\u00f6yryjunalla.\" width=\"1754\" height=\"1240\" srcset=\"https:\/\/www.rukajarvensuunnanhistoriayhdistys.fi\/rukajarvikeskus\/wp-content\/uploads\/2015\/11\/Kanninen-Ermei-5-9-2014.jpg 1754w, https:\/\/www.rukajarvensuunnanhistoriayhdistys.fi\/rukajarvikeskus\/wp-content\/uploads\/2015\/11\/Kanninen-Ermei-5-9-2014-300x212.jpg 300w, https:\/\/www.rukajarvensuunnanhistoriayhdistys.fi\/rukajarvikeskus\/wp-content\/uploads\/2015\/11\/Kanninen-Ermei-5-9-2014-1024x724.jpg 1024w\" sizes=\"auto, (max-width: 1754px) 100vw, 1754px\" \/><\/a><figcaption id=\"caption-attachment-2008\" class=\"wp-caption-text\">Ermei Kanninen Lieksan kirkossa 5.9.2014 Kansalaisjuhla 70 vuotta Jatkosodan p\u00e4\u00e4ttymisest\u00e4. Veteraanit saapuivat juhlaan h\u00f6yryjunalla.<\/figcaption><\/figure>\n<figure id=\"attachment_2038\" aria-describedby=\"caption-attachment-2038\" style=\"width: 525px\" class=\"wp-caption alignnone\"><a href=\"http:\/\/www.rukajarvensuunnanhistoriayhdistys.fi\/rukajarvikeskus\/wp-content\/uploads\/2015\/12\/5-EK-Kanninen-puhuu_IV.jpg\" rel=\"attachment wp-att-2038\"><img loading=\"lazy\" decoding=\"async\" class=\"size-large wp-image-2038\" src=\"http:\/\/www.rukajarvensuunnanhistoriayhdistys.fi\/rukajarvikeskus\/wp-content\/uploads\/2015\/12\/5-EK-Kanninen-puhuu_IV-1024x708.jpg\" alt=\"Lieksan Rukaj\u00e4rvi-keskuksen vihkiminen k\u00e4ytt\u00f6\u00f6n 1.7.2013 , Timitran Linna. Kuva Antero Huttunen.\" width=\"525\" height=\"363\" srcset=\"https:\/\/www.rukajarvensuunnanhistoriayhdistys.fi\/rukajarvikeskus\/wp-content\/uploads\/2015\/12\/5-EK-Kanninen-puhuu_IV-1024x708.jpg 1024w, https:\/\/www.rukajarvensuunnanhistoriayhdistys.fi\/rukajarvikeskus\/wp-content\/uploads\/2015\/12\/5-EK-Kanninen-puhuu_IV-300x207.jpg 300w, https:\/\/www.rukajarvensuunnanhistoriayhdistys.fi\/rukajarvikeskus\/wp-content\/uploads\/2015\/12\/5-EK-Kanninen-puhuu_IV-768x531.jpg 768w, https:\/\/www.rukajarvensuunnanhistoriayhdistys.fi\/rukajarvikeskus\/wp-content\/uploads\/2015\/12\/5-EK-Kanninen-puhuu_IV.jpg 1980w\" sizes=\"auto, (max-width: 525px) 100vw, 525px\" \/><\/a><figcaption id=\"caption-attachment-2038\" class=\"wp-caption-text\">Lieksan Rukaj\u00e4rvi-keskuksen vihkiminen k\u00e4ytt\u00f6\u00f6n 1.7.2013 , Timitran Linna. Kuva Antero Huttunen.<\/figcaption><\/figure>\n<figure id=\"attachment_2040\" aria-describedby=\"caption-attachment-2040\" style=\"width: 525px\" class=\"wp-caption alignnone\"><a href=\"http:\/\/www.rukajarvensuunnanhistoriayhdistys.fi\/rukajarvikeskus\/wp-content\/uploads\/2015\/12\/Kanninen-singeraa-kirjan_I.jpg\" rel=\"attachment wp-att-2040\"><img loading=\"lazy\" decoding=\"async\" class=\"size-large wp-image-2040\" src=\"http:\/\/www.rukajarvensuunnanhistoriayhdistys.fi\/rukajarvikeskus\/wp-content\/uploads\/2015\/12\/Kanninen-singeraa-kirjan_I-1024x683.jpg\" alt=\"Lieksan Rukaj\u00e4rvi-keskuksen vihkiminen k\u00e4ytt\u00f6\u00f6n 1.7.2013 , Timitran Linna. Kuva Antero Huttunen.\" width=\"525\" height=\"350\" srcset=\"https:\/\/www.rukajarvensuunnanhistoriayhdistys.fi\/rukajarvikeskus\/wp-content\/uploads\/2015\/12\/Kanninen-singeraa-kirjan_I-1024x683.jpg 1024w, https:\/\/www.rukajarvensuunnanhistoriayhdistys.fi\/rukajarvikeskus\/wp-content\/uploads\/2015\/12\/Kanninen-singeraa-kirjan_I-300x200.jpg 300w, https:\/\/www.rukajarvensuunnanhistoriayhdistys.fi\/rukajarvikeskus\/wp-content\/uploads\/2015\/12\/Kanninen-singeraa-kirjan_I-768x512.jpg 768w, https:\/\/www.rukajarvensuunnanhistoriayhdistys.fi\/rukajarvikeskus\/wp-content\/uploads\/2015\/12\/Kanninen-singeraa-kirjan_I.jpg 1980w\" sizes=\"auto, (max-width: 525px) 100vw, 525px\" \/><\/a><figcaption id=\"caption-attachment-2040\" class=\"wp-caption-text\">Lieksan Rukaj\u00e4rvi-keskuksen vihkiminen k\u00e4ytt\u00f6\u00f6n 1.7.2013 , Timitran Linna. Kuva Antero Huttunen.<\/figcaption><\/figure>\n<figure id=\"attachment_2009\" aria-describedby=\"caption-attachment-2009\" style=\"width: 525px\" class=\"wp-caption alignnone\"><a href=\"http:\/\/www.rukajarvensuunnanhistoriayhdistys.fi\/rukajarvikeskus\/wp-content\/uploads\/2015\/11\/1-EK-S1090053-2.jpg\" rel=\"attachment wp-att-2009\"><img loading=\"lazy\" decoding=\"async\" class=\"size-large wp-image-2009\" src=\"http:\/\/www.rukajarvensuunnanhistoriayhdistys.fi\/rukajarvikeskus\/wp-content\/uploads\/2015\/11\/1-EK-S1090053-2-1024x576.jpg\" alt=\"Kenraali Ermei Kanninen (19.10.1922-.12.11.2015) Marskin Majalla julkistettiin kirja &quot;Rukaj\u00e4rven luutnantti&quot;.\" width=\"525\" height=\"295\" srcset=\"https:\/\/www.rukajarvensuunnanhistoriayhdistys.fi\/rukajarvikeskus\/wp-content\/uploads\/2015\/11\/1-EK-S1090053-2-1024x576.jpg 1024w, https:\/\/www.rukajarvensuunnanhistoriayhdistys.fi\/rukajarvikeskus\/wp-content\/uploads\/2015\/11\/1-EK-S1090053-2-300x169.jpg 300w\" sizes=\"auto, (max-width: 525px) 100vw, 525px\" \/><\/a><figcaption id=\"caption-attachment-2009\" class=\"wp-caption-text\">Kenraali Ermei Kanninen (19.10.1922-.12.11.2015) Marskin Majalla julkistettiin kirja &#8221;Rukaj\u00e4rven luutnantti&#8221;.<\/figcaption><\/figure>\n<figure id=\"attachment_2037\" aria-describedby=\"caption-attachment-2037\" style=\"width: 525px\" class=\"wp-caption alignnone\"><a href=\"http:\/\/www.rukajarvensuunnanhistoriayhdistys.fi\/rukajarvikeskus\/wp-content\/uploads\/2015\/12\/4-EK-S1090152-2.jpg\" rel=\"attachment wp-att-2037\"><img loading=\"lazy\" decoding=\"async\" class=\"size-large wp-image-2037\" src=\"http:\/\/www.rukajarvensuunnanhistoriayhdistys.fi\/rukajarvikeskus\/wp-content\/uploads\/2015\/12\/4-EK-S1090152-2-1024x576.jpg\" alt=\"Marskin Majalla Rukaj\u00e4rven luutnantti, Kentt\u00e4postia sotasensuurin takaa kirjan julkistamistilaisuus 18.10.2012. Ermei Kanninen t\u00e4ytti 90 vuotta seuraavana p\u00e4iv\u00e4n\u00e4 19.10.2012.\" width=\"525\" height=\"295\" srcset=\"https:\/\/www.rukajarvensuunnanhistoriayhdistys.fi\/rukajarvikeskus\/wp-content\/uploads\/2015\/12\/4-EK-S1090152-2-1024x576.jpg 1024w, https:\/\/www.rukajarvensuunnanhistoriayhdistys.fi\/rukajarvikeskus\/wp-content\/uploads\/2015\/12\/4-EK-S1090152-2-300x169.jpg 300w, https:\/\/www.rukajarvensuunnanhistoriayhdistys.fi\/rukajarvikeskus\/wp-content\/uploads\/2015\/12\/4-EK-S1090152-2-768x432.jpg 768w\" sizes=\"auto, (max-width: 525px) 100vw, 525px\" \/><\/a><figcaption id=\"caption-attachment-2037\" class=\"wp-caption-text\">Marskin Majalla Rukaj\u00e4rven luutnantti, Kentt\u00e4postia sotasensuurin takaa kirjan julkistamistilaisuus 18.10.2012. Ermei Kanninen t\u00e4ytti 90 vuotta seuraavana p\u00e4iv\u00e4n\u00e4 19.10.2012. Veteraanit Heikki A. Reenp\u00e4\u00e4, Ermei Kanninen ja Olavi Tiittanen. Kuva Antero Huttunen.<\/figcaption><\/figure>\n<p><a href=\"http:\/\/www.rukajarvensuunnanhistoriayhdistys.fi\/rukajarvikeskus\/wp-content\/uploads\/2015\/12\/Perustajaj\u00e4senemme-kenraaliluutnantti-EK-iunaustilaisuus-8-12-15-5-2.jpg\" rel=\"attachment wp-att-2044\"><img loading=\"lazy\" decoding=\"async\" class=\"alignnone size-large wp-image-2044\" src=\"http:\/\/www.rukajarvensuunnanhistoriayhdistys.fi\/rukajarvikeskus\/wp-content\/uploads\/2015\/12\/Perustajaj\u00e4senemme-kenraaliluutnantti-EK-iunaustilaisuus-8-12-15-5-2-1024x678.jpg\" alt=\"Perustajaj\u00e4senemme kenraaliluutnantti EK-iunaustilaisuus 8-12-15-5-2\" width=\"525\" height=\"348\" srcset=\"https:\/\/www.rukajarvensuunnanhistoriayhdistys.fi\/rukajarvikeskus\/wp-content\/uploads\/2015\/12\/Perustajaj\u00e4senemme-kenraaliluutnantti-EK-iunaustilaisuus-8-12-15-5-2-1024x678.jpg 1024w, https:\/\/www.rukajarvensuunnanhistoriayhdistys.fi\/rukajarvikeskus\/wp-content\/uploads\/2015\/12\/Perustajaj\u00e4senemme-kenraaliluutnantti-EK-iunaustilaisuus-8-12-15-5-2-300x199.jpg 300w, https:\/\/www.rukajarvensuunnanhistoriayhdistys.fi\/rukajarvikeskus\/wp-content\/uploads\/2015\/12\/Perustajaj\u00e4senemme-kenraaliluutnantti-EK-iunaustilaisuus-8-12-15-5-2-768x509.jpg 768w, https:\/\/www.rukajarvensuunnanhistoriayhdistys.fi\/rukajarvikeskus\/wp-content\/uploads\/2015\/12\/Perustajaj\u00e4senemme-kenraaliluutnantti-EK-iunaustilaisuus-8-12-15-5-2.jpg 1072w\" sizes=\"auto, (max-width: 525px) 100vw, 525px\" \/><\/a><\/p>\n<p style=\"text-align: center;\"><strong>Muistotilaisuus: Katajanokan kasinolla:<\/strong><\/p>\n<p style=\"text-align: center;\"><strong><strong>Ohjelma edell\u00e4. Lis\u00e4ksi vapaan sanan kohdalla puhuivat<\/strong><\/strong><\/p>\n<p style=\"text-align: center;\">\u2013 ulkoasiainneuvos, suurl\u00e4hettil\u00e4s Eva-Cristina M\u00e4kel\u00e4inen<\/p>\n<p style=\"text-align: center;\">\u2013 Rukaj\u00e4rven suunnan historiayhdistys ry:n puheenjohtaja\u00a0 Tenho Tikkanen<\/p>\n<p style=\"text-align: center;\">\u2013 Monaco-Suomi yhdistyksen puheenjohtaja Ulla Ladau-Harjulin<\/p>\n<p><strong><strong>****<\/strong><\/strong><\/p>\n<p><strong>Tenho Tikkanen. Rukaj\u00e4rven suunnan historiayhdistys ry:n puheenjohtajan puhe:<\/strong><\/p>\n<p>Hyv\u00e4t Ermei Kannisen omaiset, arvoisat veteraanit, hyv\u00e4 saattov\u00e4ki.<\/p>\n<p>Rukaj\u00e4rven veteraani, yhdistyksemme perustajaj\u00e4sen Ermei Kanninen on poissa. Muistot el\u00e4v\u00e4t ikuisesti. Hyv\u00e4n ihmisen el\u00e4m\u00e4 j\u00e4tt\u00e4\u00e4 kallisarvoisen muiston ja h\u00e4nen poismenonsa suuren surun.<\/p>\n<p>En\u00e4\u00e4 emme voi turvautua h\u00e4nen asiantunteviin ohjeisiinsa. Meid\u00e4n nuoremman sukupolven on tultava toimeen sen perinn\u00f6n turvin, mit\u00e4 Ermei Kanninen edusti puhtaimmillaan Suomen puolustusvoimain sotilaana niin sodassa kuin rauhan aikana. Rehellisyys, tasapuolisuus, avoimuus, hyv\u00e4 ja asiallinen asioihin paneutuminen olivat h\u00e4nen ohjeitaan. Sen ohjeen h\u00e4n antoi meille kaikille pari vuotta sitten kirjassaan Rukaj\u00e4rven luutnantti, Kentt\u00e4postia sotasensuurin takaa. Tuon kirjan sivuilta on l\u00f6ydett\u00e4viss\u00e4 ohjeita suomalaisille ty\u00f6paikoille, ohjeita, joilla motivoidaan ty\u00f6paikan ty\u00f6ntekij\u00f6it\u00e4 tekem\u00e4\u00e4n tulosta, mik\u00e4 hy\u00f6dynt\u00e4\u00e4 koko yhteiskuntaa.<\/p>\n<p>Ermei Kannisen esitelm\u00e4t sotahistorian ja perinnety\u00f6n merkityksest\u00e4 loivat perustan yhdistyksemme toiminnalle. Olemme ikuisesti kiitollisia h\u00e4nen yhdistyksellemme antamistaan ohjeista ja yhdistyksemme hyv\u00e4ksi tekem\u00e4st\u00e4\u00e4n ty\u00f6st\u00e4, mm. Rukaj\u00e4rven tien ja Lieksan Rukaj\u00e4rvi-keskuksen vihkimisest\u00e4. Nyt on koossa ainutlaatuinen ja laaja veteraanien perinneaineisto.<\/p>\n<p>Kiit\u00e4mme kaikkia niit\u00e4 henkil\u00f6it\u00e4, jotka ovat Ermei Kannisen omaisten toivomuksen mukaan kunnioittaneet kenraaliluutnantti Ermei Kannisen muistoa lahjoituksin.<\/p>\n<p>Ermei Kannisen syntym\u00e4p\u00e4iv\u00e4n, lokakuun 19. p\u00e4iv\u00e4n tienoilla tulemme j\u00e4rjest\u00e4m\u00e4\u00e4n jokainen vuosi Rukaj\u00e4rvi-keskuksissa seminaaritilaisuuden. Siell\u00e4 voimme muistella Ermei Kannisen el\u00e4m\u00e4nty\u00f6t\u00e4, t\u00e4h\u00e4n tilaisuuteen toivotamme Teid\u00e4t kaikki tervetulleiksi.<\/p>\n<p>Rukaj\u00e4rven suunnan historiayhdistys kunnioittaa perustajaj\u00e4senens\u00e4 muistoa ja ottaa osaa omaisten suruun.<\/p>\n<p><a href=\"http:\/\/www.rukajarvensuunnanhistoriayhdistys.fi\/rukajarvikeskus\/wp-content\/uploads\/2015\/12\/1-I-Rukaj\u00e4rven-suunnan-hopeinen-merkki-1942-V\u00e4in\u00f6-Partisen-merkki.jpg\" rel=\"attachment wp-att-2034\"><img loading=\"lazy\" decoding=\"async\" class=\"alignnone size-full wp-image-2034 aligncenter\" src=\"http:\/\/www.rukajarvensuunnanhistoriayhdistys.fi\/rukajarvikeskus\/wp-content\/uploads\/2015\/12\/1-I-Rukaj\u00e4rven-suunnan-hopeinen-merkki-1942-V\u00e4in\u00f6-Partisen-merkki.jpg\" alt=\"1 I Rukaj\u00e4rven suunnan hopeinen merkki 1942, V\u00e4in\u00f6 Partisen merkki\" width=\"283\" height=\"299\" \/><\/a><\/p>\n<p style=\"text-align: center;\">Ermei Kanninen on haudattu Helsingin ortodoksiselle hautausmaalle.<\/p>\n<p><a href=\"http:\/\/www.rukajarvensuunnanhistoriayhdistys.fi\/rukajarvikeskus\/wp-content\/uploads\/2015\/12\/1-E-Rukaj\u00e4rven-suunnan-merkki-1942-v\u00e4rillisen\u00e4.jpg\" rel=\"attachment wp-att-2033\"><img loading=\"lazy\" decoding=\"async\" class=\"alignnone size-full wp-image-2033 aligncenter\" src=\"http:\/\/www.rukajarvensuunnanhistoriayhdistys.fi\/rukajarvikeskus\/wp-content\/uploads\/2015\/12\/1-E-Rukaj\u00e4rven-suunnan-merkki-1942-v\u00e4rillisen\u00e4.jpg\" alt=\"1 E Rukaj\u00e4rven suunnan merkki 1942 v\u00e4rillisen\u00e4\" width=\"360\" height=\"354\" srcset=\"https:\/\/www.rukajarvensuunnanhistoriayhdistys.fi\/rukajarvikeskus\/wp-content\/uploads\/2015\/12\/1-E-Rukaj\u00e4rven-suunnan-merkki-1942-v\u00e4rillisen\u00e4.jpg 360w, https:\/\/www.rukajarvensuunnanhistoriayhdistys.fi\/rukajarvikeskus\/wp-content\/uploads\/2015\/12\/1-E-Rukaj\u00e4rven-suunnan-merkki-1942-v\u00e4rillisen\u00e4-300x295.jpg 300w, https:\/\/www.rukajarvensuunnanhistoriayhdistys.fi\/rukajarvikeskus\/wp-content\/uploads\/2015\/12\/1-E-Rukaj\u00e4rven-suunnan-merkki-1942-v\u00e4rillisen\u00e4-90x90.jpg 90w\" sizes=\"auto, (max-width: 360px) 100vw, 360px\" \/><\/a><\/p>\n<p style=\"text-align: center;\"><strong>Rukaj\u00e4rven suunnan historiayhdistys ry.<\/strong><\/p>\n<p style=\"text-align: center;\">www.rukajarvensuunnanhistoriayhdistys.fi<\/p>\n<p style=\"text-align: center;\">www.rukajarvikeskus.fi<\/p>\n<p>&nbsp;<\/p>\n","protected":false},"excerpt":{"rendered":"<p>Perustajaj\u00e4senemme kenraaliluutnantti Ermei Kannisen siunaustilaisuus 8.12.2015 Temppeliaukion kirkossa. Siunaus- ja muistotilaisuuden ohjelman voi n\u00e4hd\u00e4 T\u00c4\u00c4LT\u00c4: Olavi Tiittanen, veteraani, Rukaj\u00e4rven suunnan historiayhdistys, varapuheenjohtaja Finn-G\u00f6ran Wennstr\u00f6m, Sotaveteraaniliitto, puheenjohtaja Erkki Merikallio, veteraani, Helsingin <a class=\"more-link\" href=\"https:\/\/www.rukajarvensuunnanhistoriayhdistys.fi\/rukajarvikeskus\/ajankohtaista\/perustajajasenemme-kenraaliluutnantti-ermei-kannisen-siunaustilaisuus-8-12-2015\/\">Lue lis\u00e4\u00e4&#8230;<span class=\"screen-reader-text\">Perustajaj\u00e4senemme kenraaliluutnantti Ermei Kannisen siunaustilaisuus 8.12.2015<\/span><span class=\"meta-nav\">\u2192<\/span><\/a><\/p>\n","protected":false},"author":4,"featured_media":2042,"comment_status":"closed","ping_status":"open","sticky":false,"template":"","format":"standard","meta":{"ngg_post_thumbnail":0,"_jetpack_newsletter_access":"","_jetpack_dont_email_post_to_subs":false,"_jetpack_newsletter_tier_id":0,"_jetpack_memberships_contains_paywalled_content":false,"_jetpack_memberships_contains_paid_content":false,"footnotes":""},"categories":[26],"tags":[],"class_list":["post-2031","post","type-post","status-publish","format-standard","has-post-thumbnail","hentry","category-ajankohtaista"],"jetpack_featured_media_url":"https:\/\/www.rukajarvensuunnanhistoriayhdistys.fi\/rukajarvikeskus\/wp-content\/uploads\/2015\/12\/ErmeiKanninen_05.jpg","jetpack_sharing_enabled":true,"jetpack_shortlink":"https:\/\/wp.me\/p72N2f-wL","_links":{"self":[{"href":"https:\/\/www.rukajarvensuunnanhistoriayhdistys.fi\/rukajarvikeskus\/wp-json\/wp\/v2\/posts\/2031","targetHints":{"allow":["GET"]}}],"collection":[{"href":"https:\/\/www.rukajarvensuunnanhistoriayhdistys.fi\/rukajarvikeskus\/wp-json\/wp\/v2\/posts"}],"about":[{"href":"https:\/\/www.rukajarvensuunnanhistoriayhdistys.fi\/rukajarvikeskus\/wp-json\/wp\/v2\/types\/post"}],"author":[{"embeddable":true,"href":"https:\/\/www.rukajarvensuunnanhistoriayhdistys.fi\/rukajarvikeskus\/wp-json\/wp\/v2\/users\/4"}],"replies":[{"embeddable":true,"href":"https:\/\/www.rukajarvensuunnanhistoriayhdistys.fi\/rukajarvikeskus\/wp-json\/wp\/v2\/comments?post=2031"}],"version-history":[{"count":5,"href":"https:\/\/www.rukajarvensuunnanhistoriayhdistys.fi\/rukajarvikeskus\/wp-json\/wp\/v2\/posts\/2031\/revisions"}],"predecessor-version":[{"id":2052,"href":"https:\/\/www.rukajarvensuunnanhistoriayhdistys.fi\/rukajarvikeskus\/wp-json\/wp\/v2\/posts\/2031\/revisions\/2052"}],"wp:featuredmedia":[{"embeddable":true,"href":"https:\/\/www.rukajarvensuunnanhistoriayhdistys.fi\/rukajarvikeskus\/wp-json\/wp\/v2\/media\/2042"}],"wp:attachment":[{"href":"https:\/\/www.rukajarvensuunnanhistoriayhdistys.fi\/rukajarvikeskus\/wp-json\/wp\/v2\/media?parent=2031"}],"wp:term":[{"taxonomy":"category","embeddable":true,"href":"https:\/\/www.rukajarvensuunnanhistoriayhdistys.fi\/rukajarvikeskus\/wp-json\/wp\/v2\/categories?post=2031"},{"taxonomy":"post_tag","embeddable":true,"href":"https:\/\/www.rukajarvensuunnanhistoriayhdistys.fi\/rukajarvikeskus\/wp-json\/wp\/v2\/tags?post=2031"}],"curies":[{"name":"wp","href":"https:\/\/api.w.org\/{rel}","templated":true}]}}